{"id":3501,"date":"2025-01-09T15:18:24","date_gmt":"2025-01-09T13:18:24","guid":{"rendered":"https:\/\/karitaszkozpont.hu\/?p=3501"},"modified":"2025-01-09T15:18:26","modified_gmt":"2025-01-09T13:18:26","slug":"a-remeny-fenyt-eletet-ad-a-katolikus-karitasz-budapesten-is-megajandekozta-a-gyermekeket-magyar-kurir","status":"publish","type":"post","link":"https:\/\/karitaszkozpont.hu\/?p=3501","title":{"rendered":"A rem\u00e9ny f\u00e9nyt, \u00e9letet ad \u2013 A Katolikus Karit\u00e1sz Budapesten is megaj\u00e1nd\u00e9kozta a gyermekeket (Magyar Kur\u00edr)"},"content":{"rendered":"\n<p>December 21-\u00e9n rendezte meg az Esztergom-Budapesti F\u0151egyh\u00e1zmegye Szent Erzs\u00e9bet Karit\u00e1sz K\u00f6zpontja a \u201eGyermekek a gyermekek\u00e9rt\u201d elnevez\u00e9s\u0171 hagyom\u00e1nyos rendezv\u00e9ny\u00e9t a Budapest-V\u00e1rosmajori J\u00e9zus Sz\u00edve pl\u00e9b\u00e1niatemplomban. K\u00f6zel 200 gyermek vehetett \u00e1t j\u00f3l megt\u00f6m\u00f6tt aj\u00e1nd\u00e9kcsomagot Erd\u0151 P\u00e9ter b\u00edboros, pr\u00edm\u00e1st\u00f3l \u00e9s Herczegh Anit\u00e1t\u00f3l, a Katolikus Karit\u00e1sz j\u00f3szolg\u00e1lati nagyk\u00f6vet\u00e9t\u0151l.<\/p>\n\n\n\n<p><a href=\"https:\/\/www.magyarkurir.hu\/hirek\/a-remeny-fenyt-eletet-ad-katolikus-karitasz-budapesten-is-megajandekozta-gyermekeket\">https:\/\/www.magyarkurir.hu\/hirek\/a-remeny-fenyt-eletet-ad-katolikus-karitasz-budapesten-is-megajandekozta-gyermekeket<\/a><\/p>\n","protected":false},"excerpt":{"rendered":"<p>December 21-\u00e9n rendezte meg az Esztergom-Budapesti F\u0151egyh\u00e1zmegye Szent Erzs\u00e9bet Karit\u00e1sz K\u00f6zpontja a \u201eGyermekek a gyermekek\u00e9rt\u201d elnevez\u00e9s\u0171 hagyom\u00e1nyos rendezv\u00e9ny\u00e9t a Budapest-V\u00e1rosmajori J\u00e9zus Sz\u00edve pl\u00e9b\u00e1niatemplomban. K\u00f6zel 200 gyermek vehetett \u00e1t j\u00f3l megt\u00f6m\u00f6tt aj\u00e1nd\u00e9kcsomagot Erd\u0151 P\u00e9ter b\u00edboros, pr\u00edm\u00e1st\u00f3l \u00e9s Herczegh Anit\u00e1t\u00f3l, a Katolikus Karit\u00e1sz j\u00f3szolg\u00e1lati nagyk\u00f6vet\u00e9t\u0151l. https:\/\/www.magyarkurir.hu\/hirek\/a-remeny-fenyt-eletet-ad-katolikus-karitasz-budapesten-is-megajandekozta-gyermekeket<\/p>\n","protected":false},"author":1,"featured_media":3502,"comment_status":"closed","ping_status":"closed","sticky":false,"template":"","format":"standard","meta":[],"categories":[4],"tags":[],"yoast_head":"<!-- This site is optimized with the Yoast SEO plugin v20.1 - https:\/\/yoast.com\/wordpress\/plugins\/seo\/ -->\n<title>A rem\u00e9ny f\u00e9nyt, \u00e9letet ad \u2013 A Katolikus Karit\u00e1sz Budapesten is megaj\u00e1nd\u00e9kozta a gyermekeket (Magyar Kur\u00edr) - Szent Erzs\u00e9bet Karit\u00e1sz K\u00f6zpont<\/title>\n<meta name=\"robots\" content=\"index, follow, max-snippet:-1, max-image-preview:large, max-video-preview:-1\" \/>\n<link rel=\"canonical\" href=\"https:\/\/karitaszkozpont.hu\/?p=3501\" \/>\n<meta property=\"og:locale\" content=\"hu_HU\" \/>\n<meta property=\"og:type\" content=\"article\" \/>\n<meta property=\"og:title\" content=\"A rem\u00e9ny f\u00e9nyt, \u00e9letet ad \u2013 A Katolikus Karit\u00e1sz Budapesten is megaj\u00e1nd\u00e9kozta a gyermekeket (Magyar Kur\u00edr) - Szent Erzs\u00e9bet Karit\u00e1sz K\u00f6zpont\" \/>\n<meta property=\"og:description\" content=\"December 21-\u00e9n rendezte meg az Esztergom-Budapesti F\u0151egyh\u00e1zmegye Szent Erzs\u00e9bet Karit\u00e1sz K\u00f6zpontja a \u201eGyermekek a gyermekek\u00e9rt\u201d elnevez\u00e9s\u0171 hagyom\u00e1nyos rendezv\u00e9ny\u00e9t a Budapest-V\u00e1rosmajori J\u00e9zus Sz\u00edve pl\u00e9b\u00e1niatemplomban. K\u00f6zel 200 gyermek vehetett \u00e1t j\u00f3l megt\u00f6m\u00f6tt aj\u00e1nd\u00e9kcsomagot Erd\u0151 P\u00e9ter b\u00edboros, pr\u00edm\u00e1st\u00f3l \u00e9s Herczegh Anit\u00e1t\u00f3l, a Katolikus Karit\u00e1sz j\u00f3szolg\u00e1lati nagyk\u00f6vet\u00e9t\u0151l. https:\/\/www.magyarkurir.hu\/hirek\/a-remeny-fenyt-eletet-ad-katolikus-karitasz-budapesten-is-megajandekozta-gyermekeket\" \/>\n<meta property=\"og:url\" content=\"https:\/\/karitaszkozpont.hu\/?p=3501\" \/>\n<meta property=\"og:site_name\" content=\"Szent Erzs\u00e9bet Karit\u00e1sz K\u00f6zpont\" \/>\n<meta property=\"article:published_time\" content=\"2025-01-09T13:18:24+00:00\" \/>\n<meta property=\"article:modified_time\" content=\"2025-01-09T13:18:26+00:00\" \/>\n<meta property=\"og:image\" content=\"https:\/\/karitaszkozpont.hu\/wp-content\/uploads\/2025\/01\/Nevtelen-1024x684.png\" \/>\n\t<meta property=\"og:image:width\" content=\"1024\" \/>\n\t<meta property=\"og:image:height\" content=\"684\" \/>\n\t<meta property=\"og:image:type\" content=\"image\/png\" \/>\n<meta name=\"author\" content=\"Karit\u00e1sz K\u00f6zpont\" \/>\n<meta name=\"twitter:card\" content=\"summary_large_image\" \/>\n<meta name=\"twitter:label1\" content=\"Szerz\u0151:\" \/>\n\t<meta name=\"twitter:data1\" content=\"Karit\u00e1sz K\u00f6zpont\" \/>\n\t<meta name=\"twitter:label2\" content=\"Becs\u00fclt olvas\u00e1si id\u0151\" \/>\n\t<meta name=\"twitter:data2\" content=\"1 perc\" \/>\n<script type=\"application\/ld+json\" class=\"yoast-schema-graph\">{\"@context\":\"https:\/\/schema.org\",\"@graph\":[{\"@type\":\"Article\",\"@id\":\"https:\/\/karitaszkozpont.hu\/?p=3501#article\",\"isPartOf\":{\"@id\":\"https:\/\/karitaszkozpont.hu\/?p=3501\"},\"author\":{\"name\":\"Karit\u00e1sz K\u00f6zpont\",\"@id\":\"https:\/\/karitaszkozpont.hu\/#\/schema\/person\/0d9c28244c111914ea13bb1248775e57\"},\"headline\":\"A rem\u00e9ny f\u00e9nyt, \u00e9letet ad \u2013 A Katolikus Karit\u00e1sz Budapesten is megaj\u00e1nd\u00e9kozta a gyermekeket (Magyar Kur\u00edr)\",\"datePublished\":\"2025-01-09T13:18:24+00:00\",\"dateModified\":\"2025-01-09T13:18:26+00:00\",\"mainEntityOfPage\":{\"@id\":\"https:\/\/karitaszkozpont.hu\/?p=3501\"},\"wordCount\":104,\"publisher\":{\"@id\":\"https:\/\/karitaszkozpont.hu\/#organization\"},\"articleSection\":[\"H\u00edrek\"],\"inLanguage\":\"hu\"},{\"@type\":\"WebPage\",\"@id\":\"https:\/\/karitaszkozpont.hu\/?p=3501\",\"url\":\"https:\/\/karitaszkozpont.hu\/?p=3501\",\"name\":\"A rem\u00e9ny f\u00e9nyt, \u00e9letet ad \u2013 A Katolikus Karit\u00e1sz Budapesten is megaj\u00e1nd\u00e9kozta a gyermekeket (Magyar Kur\u00edr) - Szent Erzs\u00e9bet Karit\u00e1sz K\u00f6zpont\",\"isPartOf\":{\"@id\":\"https:\/\/karitaszkozpont.hu\/#website\"},\"datePublished\":\"2025-01-09T13:18:24+00:00\",\"dateModified\":\"2025-01-09T13:18:26+00:00\",\"breadcrumb\":{\"@id\":\"https:\/\/karitaszkozpont.hu\/?p=3501#breadcrumb\"},\"inLanguage\":\"hu\",\"potentialAction\":[{\"@type\":\"ReadAction\",\"target\":[\"https:\/\/karitaszkozpont.hu\/?p=3501\"]}]},{\"@type\":\"BreadcrumbList\",\"@id\":\"https:\/\/karitaszkozpont.hu\/?p=3501#breadcrumb\",\"itemListElement\":[{\"@type\":\"ListItem\",\"position\":1,\"name\":\"Kezd\u0151lap\",\"item\":\"https:\/\/karitaszkozpont.hu\/\"},{\"@type\":\"ListItem\",\"position\":2,\"name\":\"A rem\u00e9ny f\u00e9nyt, \u00e9letet ad \u2013 A Katolikus Karit\u00e1sz Budapesten is megaj\u00e1nd\u00e9kozta a gyermekeket (Magyar Kur\u00edr)\"}]},{\"@type\":\"WebSite\",\"@id\":\"https:\/\/karitaszkozpont.hu\/#website\",\"url\":\"https:\/\/karitaszkozpont.hu\/\",\"name\":\"Szent Erzs\u00e9bet Karit\u00e1sz K\u00f6zpont\",\"description\":\"Esztergom-Budapesti F\u0151egyh\u00e1zmegye\",\"publisher\":{\"@id\":\"https:\/\/karitaszkozpont.hu\/#organization\"},\"potentialAction\":[{\"@type\":\"SearchAction\",\"target\":{\"@type\":\"EntryPoint\",\"urlTemplate\":\"https:\/\/karitaszkozpont.hu\/?s={search_term_string}\"},\"query-input\":\"required name=search_term_string\"}],\"inLanguage\":\"hu\"},{\"@type\":\"Organization\",\"@id\":\"https:\/\/karitaszkozpont.hu\/#organization\",\"name\":\"Szent Erzs\u00e9bet Karit\u00e1sz K\u00f6zpont\",\"url\":\"https:\/\/karitaszkozpont.hu\/\",\"logo\":{\"@type\":\"ImageObject\",\"inLanguage\":\"hu\",\"@id\":\"https:\/\/karitaszkozpont.hu\/#\/schema\/logo\/image\/\",\"url\":\"https:\/\/karitaszkp.hu\/wp-content\/uploads\/2019\/06\/cropped-logo-arnyekos-1.png\",\"contentUrl\":\"https:\/\/karitaszkp.hu\/wp-content\/uploads\/2019\/06\/cropped-logo-arnyekos-1.png\",\"width\":240,\"height\":247,\"caption\":\"Szent Erzs\u00e9bet Karit\u00e1sz K\u00f6zpont\"},\"image\":{\"@id\":\"https:\/\/karitaszkozpont.hu\/#\/schema\/logo\/image\/\"}},{\"@type\":\"Person\",\"@id\":\"https:\/\/karitaszkozpont.hu\/#\/schema\/person\/0d9c28244c111914ea13bb1248775e57\",\"name\":\"Karit\u00e1sz K\u00f6zpont\",\"image\":{\"@type\":\"ImageObject\",\"inLanguage\":\"hu\",\"@id\":\"https:\/\/karitaszkozpont.hu\/#\/schema\/person\/image\/\",\"url\":\"https:\/\/secure.gravatar.com\/avatar\/1274acd7c62f3cac92d2b38aad20c71b?s=96&d=mm&r=g\",\"contentUrl\":\"https:\/\/secure.gravatar.com\/avatar\/1274acd7c62f3cac92d2b38aad20c71b?s=96&d=mm&r=g\",\"caption\":\"Karit\u00e1sz K\u00f6zpont\"},\"url\":\"https:\/\/karitaszkozpont.hu\/?author=1\"}]}<\/script>\n<!-- \/ Yoast SEO plugin. -->","yoast_head_json":{"title":"A rem\u00e9ny f\u00e9nyt, \u00e9letet ad \u2013 A Katolikus Karit\u00e1sz Budapesten is megaj\u00e1nd\u00e9kozta a gyermekeket (Magyar Kur\u00edr) - Szent Erzs\u00e9bet Karit\u00e1sz K\u00f6zpont","robots":{"index":"index","follow":"follow","max-snippet":"max-snippet:-1","max-image-preview":"max-image-preview:large","max-video-preview":"max-video-preview:-1"},"canonical":"https:\/\/karitaszkozpont.hu\/?p=3501","og_locale":"hu_HU","og_type":"article","og_title":"A rem\u00e9ny f\u00e9nyt, \u00e9letet ad \u2013 A Katolikus Karit\u00e1sz Budapesten is megaj\u00e1nd\u00e9kozta a gyermekeket (Magyar Kur\u00edr) - Szent Erzs\u00e9bet Karit\u00e1sz K\u00f6zpont","og_description":"December 21-\u00e9n rendezte meg az Esztergom-Budapesti F\u0151egyh\u00e1zmegye Szent Erzs\u00e9bet Karit\u00e1sz K\u00f6zpontja a \u201eGyermekek a gyermekek\u00e9rt\u201d elnevez\u00e9s\u0171 hagyom\u00e1nyos rendezv\u00e9ny\u00e9t a Budapest-V\u00e1rosmajori J\u00e9zus Sz\u00edve pl\u00e9b\u00e1niatemplomban. K\u00f6zel 200 gyermek vehetett \u00e1t j\u00f3l megt\u00f6m\u00f6tt aj\u00e1nd\u00e9kcsomagot Erd\u0151 P\u00e9ter b\u00edboros, pr\u00edm\u00e1st\u00f3l \u00e9s Herczegh Anit\u00e1t\u00f3l, a Katolikus Karit\u00e1sz j\u00f3szolg\u00e1lati nagyk\u00f6vet\u00e9t\u0151l. https:\/\/www.magyarkurir.hu\/hirek\/a-remeny-fenyt-eletet-ad-katolikus-karitasz-budapesten-is-megajandekozta-gyermekeket","og_url":"https:\/\/karitaszkozpont.hu\/?p=3501","og_site_name":"Szent Erzs\u00e9bet Karit\u00e1sz K\u00f6zpont","article_published_time":"2025-01-09T13:18:24+00:00","article_modified_time":"2025-01-09T13:18:26+00:00","og_image":[{"width":1024,"height":684,"url":"https:\/\/karitaszkozpont.hu\/wp-content\/uploads\/2025\/01\/Nevtelen-1024x684.png","type":"image\/png"}],"author":"Karit\u00e1sz K\u00f6zpont","twitter_card":"summary_large_image","twitter_misc":{"Szerz\u0151:":"Karit\u00e1sz K\u00f6zpont","Becs\u00fclt olvas\u00e1si id\u0151":"1 perc"},"schema":{"@context":"https:\/\/schema.org","@graph":[{"@type":"Article","@id":"https:\/\/karitaszkozpont.hu\/?p=3501#article","isPartOf":{"@id":"https:\/\/karitaszkozpont.hu\/?p=3501"},"author":{"name":"Karit\u00e1sz K\u00f6zpont","@id":"https:\/\/karitaszkozpont.hu\/#\/schema\/person\/0d9c28244c111914ea13bb1248775e57"},"headline":"A rem\u00e9ny f\u00e9nyt, \u00e9letet ad \u2013 A Katolikus Karit\u00e1sz Budapesten is megaj\u00e1nd\u00e9kozta a gyermekeket (Magyar Kur\u00edr)","datePublished":"2025-01-09T13:18:24+00:00","dateModified":"2025-01-09T13:18:26+00:00","mainEntityOfPage":{"@id":"https:\/\/karitaszkozpont.hu\/?p=3501"},"wordCount":104,"publisher":{"@id":"https:\/\/karitaszkozpont.hu\/#organization"},"articleSection":["H\u00edrek"],"inLanguage":"hu"},{"@type":"WebPage","@id":"https:\/\/karitaszkozpont.hu\/?p=3501","url":"https:\/\/karitaszkozpont.hu\/?p=3501","name":"A rem\u00e9ny f\u00e9nyt, \u00e9letet ad \u2013 A Katolikus Karit\u00e1sz Budapesten is megaj\u00e1nd\u00e9kozta a gyermekeket (Magyar Kur\u00edr) - Szent Erzs\u00e9bet Karit\u00e1sz K\u00f6zpont","isPartOf":{"@id":"https:\/\/karitaszkozpont.hu\/#website"},"datePublished":"2025-01-09T13:18:24+00:00","dateModified":"2025-01-09T13:18:26+00:00","breadcrumb":{"@id":"https:\/\/karitaszkozpont.hu\/?p=3501#breadcrumb"},"inLanguage":"hu","potentialAction":[{"@type":"ReadAction","target":["https:\/\/karitaszkozpont.hu\/?p=3501"]}]},{"@type":"BreadcrumbList","@id":"https:\/\/karitaszkozpont.hu\/?p=3501#breadcrumb","itemListElement":[{"@type":"ListItem","position":1,"name":"Kezd\u0151lap","item":"https:\/\/karitaszkozpont.hu\/"},{"@type":"ListItem","position":2,"name":"A rem\u00e9ny f\u00e9nyt, \u00e9letet ad \u2013 A Katolikus Karit\u00e1sz Budapesten is megaj\u00e1nd\u00e9kozta a gyermekeket (Magyar Kur\u00edr)"}]},{"@type":"WebSite","@id":"https:\/\/karitaszkozpont.hu\/#website","url":"https:\/\/karitaszkozpont.hu\/","name":"Szent Erzs\u00e9bet Karit\u00e1sz K\u00f6zpont","description":"Esztergom-Budapesti F\u0151egyh\u00e1zmegye","publisher":{"@id":"https:\/\/karitaszkozpont.hu\/#organization"},"potentialAction":[{"@type":"SearchAction","target":{"@type":"EntryPoint","urlTemplate":"https:\/\/karitaszkozpont.hu\/?s={search_term_string}"},"query-input":"required name=search_term_string"}],"inLanguage":"hu"},{"@type":"Organization","@id":"https:\/\/karitaszkozpont.hu\/#organization","name":"Szent Erzs\u00e9bet Karit\u00e1sz K\u00f6zpont","url":"https:\/\/karitaszkozpont.hu\/","logo":{"@type":"ImageObject","inLanguage":"hu","@id":"https:\/\/karitaszkozpont.hu\/#\/schema\/logo\/image\/","url":"https:\/\/karitaszkp.hu\/wp-content\/uploads\/2019\/06\/cropped-logo-arnyekos-1.png","contentUrl":"https:\/\/karitaszkp.hu\/wp-content\/uploads\/2019\/06\/cropped-logo-arnyekos-1.png","width":240,"height":247,"caption":"Szent Erzs\u00e9bet Karit\u00e1sz K\u00f6zpont"},"image":{"@id":"https:\/\/karitaszkozpont.hu\/#\/schema\/logo\/image\/"}},{"@type":"Person","@id":"https:\/\/karitaszkozpont.hu\/#\/schema\/person\/0d9c28244c111914ea13bb1248775e57","name":"Karit\u00e1sz K\u00f6zpont","image":{"@type":"ImageObject","inLanguage":"hu","@id":"https:\/\/karitaszkozpont.hu\/#\/schema\/person\/image\/","url":"https:\/\/secure.gravatar.com\/avatar\/1274acd7c62f3cac92d2b38aad20c71b?s=96&d=mm&r=g","contentUrl":"https:\/\/secure.gravatar.com\/avatar\/1274acd7c62f3cac92d2b38aad20c71b?s=96&d=mm&r=g","caption":"Karit\u00e1sz K\u00f6zpont"},"url":"https:\/\/karitaszkozpont.hu\/?author=1"}]}},"_links":{"self":[{"href":"https:\/\/karitaszkozpont.hu\/index.php?rest_route=\/wp\/v2\/posts\/3501"}],"collection":[{"href":"https:\/\/karitaszkozpont.hu\/index.php?rest_route=\/wp\/v2\/posts"}],"about":[{"href":"https:\/\/karitaszkozpont.hu\/index.php?rest_route=\/wp\/v2\/types\/post"}],"author":[{"embeddable":true,"href":"https:\/\/karitaszkozpont.hu\/index.php?rest_route=\/wp\/v2\/users\/1"}],"replies":[{"embeddable":true,"href":"https:\/\/karitaszkozpont.hu\/index.php?rest_route=%2Fwp%2Fv2%2Fcomments&post=3501"}],"version-history":[{"count":1,"href":"https:\/\/karitaszkozpont.hu\/index.php?rest_route=\/wp\/v2\/posts\/3501\/revisions"}],"predecessor-version":[{"id":3503,"href":"https:\/\/karitaszkozpont.hu\/index.php?rest_route=\/wp\/v2\/posts\/3501\/revisions\/3503"}],"wp:featuredmedia":[{"embeddable":true,"href":"https:\/\/karitaszkozpont.hu\/index.php?rest_route=\/wp\/v2\/media\/3502"}],"wp:attachment":[{"href":"https:\/\/karitaszkozpont.hu\/index.php?rest_route=%2Fwp%2Fv2%2Fmedia&parent=3501"}],"wp:term":[{"taxonomy":"category","embeddable":true,"href":"https:\/\/karitaszkozpont.hu\/index.php?rest_route=%2Fwp%2Fv2%2Fcategories&post=3501"},{"taxonomy":"post_tag","embeddable":true,"href":"https:\/\/karitaszkozpont.hu\/index.php?rest_route=%2Fwp%2Fv2%2Ftags&post=3501"}],"curies":[{"name":"wp","href":"https:\/\/api.w.org\/{rel}","templated":true}]}}