{"id":3106,"date":"2023-09-05T07:21:25","date_gmt":"2023-09-05T05:21:25","guid":{"rendered":"https:\/\/karitaszkp.hu\/?p=3106"},"modified":"2023-09-05T07:21:27","modified_gmt":"2023-09-05T05:21:27","slug":"220-hala-az-urnak-koszonet-szeretett-testvereimnek-krisztusban-zaro-egyperces","status":"publish","type":"post","link":"https:\/\/karitaszkozpont.hu\/?p=3106","title":{"rendered":"220. H\u00e1la az \u00darnak, k\u00f6sz\u00f6net szeretett testv\u00e9reimnek Krisztusban! (Z\u00e1r\u00f3 egyperces)"},"content":{"rendered":"\n<p class=\"has-white-color has-vivid-red-background-color has-text-color has-background has-large-font-size\"><strong>220. H\u00e1la az \u00darnak, k\u00f6sz\u00f6net szeretett testv\u00e9reimnek Krisztusban!<\/strong><\/p>\n\n\n\n<p class=\"has-background\" style=\"background-color:#cacaca\"><em>\u201eL\u00e1bunk egy\u00fctt j\u00e1rjon, kez\u00fcnk egy\u00fctt gy\u0171jts\u00f6n, sz\u00edv\u00fcnk egy\u00fctt dobbanjon, bens\u0151nk egy\u00fctt \u00e9rezzen, elm\u00e9nk gondolata egy legyen, f\u00fcl\u00fcnk egy\u00fctt figyeljen a cs\u00f6ndess\u00e9gre, szem\u00fcnk egym\u00e1sba n\u00e9zzen \u00e9s tekintet\u00fcnk \u00f6sszeforrjon, ajkunk egy\u00fctt k\u00f6ny\u00f6r\u00f6gj\u00f6n az \u00d6r\u00f6k Aty\u00e1hoz irgalom\u00e9rt! \u00c1men\u201d (Kindelmann K\u00e1rolyn\u00e9 Sz\u00e1nt\u00f3 Erzs\u00e9bet asszonynak dikt\u00e1lta le az \u00dar J\u00e9zus mag\u00e1nkinyilatkoztat\u00e1sban ezt, az Urral val\u00f3 egys\u00e9g im\u00e1j\u00e1t, 1962. m\u00e1jus 4-\u00e9n \u2013 Szeretetl\u00e1ng napl\u00f3)<\/em><\/p>\n\n\n\n<p>Kedves Karit\u00e1sz \u00d6nk\u00e9ntesek, Munkat\u00e1rsak, Testv\u00e9rek az \u00darban!<\/p>\n\n\n\n<p>Ez\u00faton \u00e9rtes\u00edtek minden karit\u00e1sz \u00f6nk\u00e9ntest, az egyperces olvas\u00f3it, hogy az \u00f6t\u00e9ves karit\u00e1sz igazgat\u00f3i mand\u00e1tumon lej\u00e1rt \u00e9s Dr. Erd\u0151 P\u00e9ter b\u00edboros, pr\u00edm\u00e1s, \u00e9rsek atya m\u00e1st b\u00edzott meg az Esztergom-Budapesti F\u0151egyh\u00e1zmegye Szent Erzs\u00e9bet Karit\u00e1sz K\u00f6zpont igazgat\u00e1s\u00e1val.<\/p>\n\n\n\n<p>K\u00f6sz\u00f6n\u00f6m a k\u00f6z\u00f6s munk\u00e1t, azt a sok kegyelmet, amit egy\u00fctt kaptunk, hogy megteremhess\u00fck a szeretet maradand\u00f3 gy\u00fcm\u00f6lcseit az Egyh\u00e1z egys\u00e9g\u00e9ben, J\u00e9zussal, J\u00e9zus\u00e9rt.<\/p>\n\n\n\n<p>Nagyon h\u00e1l\u00e1s vagyok a J\u00f3 Istennek ez\u00e9rt az id\u0151szak\u00e9rt \u00e9s h\u00e1l\u00e1san k\u00f6sz\u00f6n\u00f6m mindenkinek, akikkel l\u00e1bunk egy\u00fctt j\u00e1rt, kez\u00fcnk egy\u00fctt gy\u0171jt\u00f6tt, sz\u00edv\u00fcnk egy\u00fctt dobbant, bens\u0151nk egy\u00fctt \u00e9rzett, elm\u00e9nk gondolata egy volt, akikkel f\u00fcl\u00fcnk egy\u00fctt figyelt a cs\u00f6ndess\u00e9gre, akikkel szem\u00fcnk egym\u00e1sba n\u00e9zett \u00e9s tekintet\u00fcnk \u00f6sszeforrt, akikkel ajkunk egy\u00fctt k\u00f6ny\u00f6rg\u00f6tt az Aty\u00e1hoz irgalom\u00e9rt, a szeg\u00e9nyek\u00e9rt, r\u00e1szorul\u00f3k\u00e9rt, az Egyh\u00e1z\u00e9rt. Az \u00darral egys\u00e9gben tett\u00fck mindezt.<\/p>\n\n\n\n<p>F\u00e1bry Korn\u00e9l, \u00fajonnan szentelt p\u00fcsp\u00f6k atya is ezen egys\u00e9gim\u00e1val \u00e9l egy\u00fctt, meg is zen\u00e9s\u00edtette, a szept. 2-i szentel\u00e9si szentmis\u00e9n is felhangzott ez az ima:&nbsp;<a href=\"https:\/\/www.youtube.com\/watch?v=KaSVm_Gt7nE\" target=\"_blank\" rel=\"noreferrer noopener\">https:\/\/www.youtube.com\/watch?v=KaSVm_Gt7nE<\/a><\/p>\n\n\n\n<p>Ezzel az im\u00e1ds\u00e1ggal z\u00e1rom a karit\u00e1sz egyperces sorozatot \u00e9s k\u00edv\u00e1nok minden olvas\u00f3nak, karit\u00e1szosnak tov\u00e1bbi \u00e1ldott \u00e9letet, szolg\u00e1latot ebben a szent k\u00fcldet\u00e9sben, a karit\u00e1sz munk\u00e1ban, az \u00dar \u00e1ld\u00e1s\u00e1val, a Szentl\u00e9lek aj\u00e1nd\u00e9kaival \u00e9s a Boldogs\u00e1gos Sz\u0171zanya oltalma alatt!<\/p>\n\n\n\n<p><strong>Csorba G\u00e1bor<\/strong><\/p>\n\n\n\n<p><strong>\u00e1lland\u00f3 diak\u00f3nus<\/strong><\/p>\n\n\n\n<p><strong>Esztergom-Budapesti F\u0151egyh\u00e1zmegye<\/strong><\/p>\n\n\n\n<p><strong>Szent Erzs\u00e9bet Karit\u00e1sz K\u00f6zpont<\/strong><\/p>\n\n\n\n<p class=\"has-background\" style=\"background-color:#cacaca\">Iroda:&nbsp;1033 Budapest III. ker. Szentendrei \u00fat 69-71. (K\u00f6vi Sz\u0171z M\u00e1ria Pl\u00e9b\u00e1nia)<\/p>\n\n\n\n<p class=\"has-background\" style=\"background-color:#cacaca\">Telefon: +36-1-351-1977<\/p>\n\n\n\n<p class=\"has-background\" style=\"background-color:#cacaca\">Mobil: +36-30-592-1483<\/p>\n\n\n\n<p class=\"has-background\" style=\"background-color:#cacaca\">E-mail:&nbsp;<a href=\"mailto:szenterzsebet@karitaszkozpont.hu\" target=\"_blank\" rel=\"noreferrer noopener\">szenterzsebet@karitaszkozpont.hu<\/a><\/p>\n\n\n\n<p class=\"has-background\" style=\"background-color:#cacaca\">Honlap, ahol a kor\u00e1bbi egypercesek is el\u00e9rhat\u0151k:&nbsp;<a href=\"http:\/\/www.karitaszkp.hu\/\" target=\"_blank\" rel=\"noreferrer noopener\">www.karitaszkp.hu<\/a><\/p>\n","protected":false},"excerpt":{"rendered":"<p>220. H\u00e1la az \u00darnak, k\u00f6sz\u00f6net szeretett testv\u00e9reimnek Krisztusban! \u201eL\u00e1bunk egy\u00fctt j\u00e1rjon, kez\u00fcnk egy\u00fctt gy\u0171jts\u00f6n, sz\u00edv\u00fcnk egy\u00fctt dobbanjon, bens\u0151nk egy\u00fctt \u00e9rezzen, elm\u00e9nk gondolata egy legyen, f\u00fcl\u00fcnk egy\u00fctt figyeljen a cs\u00f6ndess\u00e9gre, szem\u00fcnk egym\u00e1sba n\u00e9zzen \u00e9s tekintet\u00fcnk \u00f6sszeforrjon, ajkunk egy\u00fctt k\u00f6ny\u00f6r\u00f6gj\u00f6n az \u00d6r\u00f6k Aty\u00e1hoz irgalom\u00e9rt! \u00c1men\u201d (Kindelmann K\u00e1rolyn\u00e9 Sz\u00e1nt\u00f3 Erzs\u00e9bet asszonynak dikt\u00e1lta le az \u00dar J\u00e9zus mag\u00e1nkinyilatkoztat\u00e1sban ezt, &hellip; <\/p>\n<p class=\"link-more\"><a href=\"https:\/\/karitaszkozpont.hu\/?p=3106\" class=\"more-link\">Continue reading<span class=\"screen-reader-text\"> &#8222;220. H\u00e1la az \u00darnak, k\u00f6sz\u00f6net szeretett testv\u00e9reimnek Krisztusban! (Z\u00e1r\u00f3 egyperces)&#8221;<\/span><\/a><\/p>\n","protected":false},"author":1,"featured_media":563,"comment_status":"closed","ping_status":"open","sticky":false,"template":"","format":"standard","meta":[],"categories":[8],"tags":[],"yoast_head":"<!-- This site is optimized with the Yoast SEO plugin v20.1 - https:\/\/yoast.com\/wordpress\/plugins\/seo\/ -->\n<title>220. H\u00e1la az \u00darnak, k\u00f6sz\u00f6net szeretett testv\u00e9reimnek Krisztusban! (Z\u00e1r\u00f3 egyperces) - Szent Erzs\u00e9bet Karit\u00e1sz K\u00f6zpont<\/title>\n<meta name=\"robots\" content=\"index, follow, max-snippet:-1, max-image-preview:large, max-video-preview:-1\" \/>\n<link rel=\"canonical\" href=\"https:\/\/karitaszkozpont.hu\/?p=3106\" \/>\n<meta property=\"og:locale\" content=\"hu_HU\" \/>\n<meta property=\"og:type\" content=\"article\" \/>\n<meta property=\"og:title\" content=\"220. H\u00e1la az \u00darnak, k\u00f6sz\u00f6net szeretett testv\u00e9reimnek Krisztusban! (Z\u00e1r\u00f3 egyperces) - Szent Erzs\u00e9bet Karit\u00e1sz K\u00f6zpont\" \/>\n<meta property=\"og:description\" content=\"220. H\u00e1la az \u00darnak, k\u00f6sz\u00f6net szeretett testv\u00e9reimnek Krisztusban! \u201eL\u00e1bunk egy\u00fctt j\u00e1rjon, kez\u00fcnk egy\u00fctt gy\u0171jts\u00f6n, sz\u00edv\u00fcnk egy\u00fctt dobbanjon, bens\u0151nk egy\u00fctt \u00e9rezzen, elm\u00e9nk gondolata egy legyen, f\u00fcl\u00fcnk egy\u00fctt figyeljen a cs\u00f6ndess\u00e9gre, szem\u00fcnk egym\u00e1sba n\u00e9zzen \u00e9s tekintet\u00fcnk \u00f6sszeforrjon, ajkunk egy\u00fctt k\u00f6ny\u00f6r\u00f6gj\u00f6n az \u00d6r\u00f6k Aty\u00e1hoz irgalom\u00e9rt! \u00c1men\u201d (Kindelmann K\u00e1rolyn\u00e9 Sz\u00e1nt\u00f3 Erzs\u00e9bet asszonynak dikt\u00e1lta le az \u00dar J\u00e9zus mag\u00e1nkinyilatkoztat\u00e1sban ezt, &hellip; Continue reading &quot;220. H\u00e1la az \u00darnak, k\u00f6sz\u00f6net szeretett testv\u00e9reimnek Krisztusban! (Z\u00e1r\u00f3 egyperces)&quot;\" \/>\n<meta property=\"og:url\" content=\"https:\/\/karitaszkozpont.hu\/?p=3106\" \/>\n<meta property=\"og:site_name\" content=\"Szent Erzs\u00e9bet Karit\u00e1sz K\u00f6zpont\" \/>\n<meta property=\"article:published_time\" content=\"2023-09-05T05:21:25+00:00\" \/>\n<meta property=\"article:modified_time\" content=\"2023-09-05T05:21:27+00:00\" \/>\n<meta property=\"og:image\" content=\"https:\/\/karitaszkozpont.hu\/wp-content\/uploads\/2019\/07\/egyperceslogo.jpg\" \/>\n\t<meta property=\"og:image:width\" content=\"2300\" \/>\n\t<meta property=\"og:image:height\" content=\"1528\" \/>\n\t<meta property=\"og:image:type\" content=\"image\/jpeg\" \/>\n<meta name=\"author\" content=\"Karit\u00e1sz K\u00f6zpont\" \/>\n<meta name=\"twitter:card\" content=\"summary_large_image\" \/>\n<meta name=\"twitter:label1\" content=\"Szerz\u0151:\" \/>\n\t<meta name=\"twitter:data1\" content=\"Karit\u00e1sz K\u00f6zpont\" \/>\n\t<meta name=\"twitter:label2\" content=\"Becs\u00fclt olvas\u00e1si id\u0151\" \/>\n\t<meta name=\"twitter:data2\" content=\"2 perc\" \/>\n<script type=\"application\/ld+json\" class=\"yoast-schema-graph\">{\"@context\":\"https:\/\/schema.org\",\"@graph\":[{\"@type\":\"Article\",\"@id\":\"https:\/\/karitaszkozpont.hu\/?p=3106#article\",\"isPartOf\":{\"@id\":\"https:\/\/karitaszkozpont.hu\/?p=3106\"},\"author\":{\"name\":\"Karit\u00e1sz K\u00f6zpont\",\"@id\":\"https:\/\/karitaszkozpont.hu\/#\/schema\/person\/0d9c28244c111914ea13bb1248775e57\"},\"headline\":\"220. H\u00e1la az \u00darnak, k\u00f6sz\u00f6net szeretett testv\u00e9reimnek Krisztusban! (Z\u00e1r\u00f3 egyperces)\",\"datePublished\":\"2023-09-05T05:21:25+00:00\",\"dateModified\":\"2023-09-05T05:21:27+00:00\",\"mainEntityOfPage\":{\"@id\":\"https:\/\/karitaszkozpont.hu\/?p=3106\"},\"wordCount\":500,\"publisher\":{\"@id\":\"https:\/\/karitaszkozpont.hu\/#organization\"},\"articleSection\":[\"Egypercesek\"],\"inLanguage\":\"hu\"},{\"@type\":\"WebPage\",\"@id\":\"https:\/\/karitaszkozpont.hu\/?p=3106\",\"url\":\"https:\/\/karitaszkozpont.hu\/?p=3106\",\"name\":\"220. H\u00e1la az \u00darnak, k\u00f6sz\u00f6net szeretett testv\u00e9reimnek Krisztusban! (Z\u00e1r\u00f3 egyperces) - Szent Erzs\u00e9bet Karit\u00e1sz K\u00f6zpont\",\"isPartOf\":{\"@id\":\"https:\/\/karitaszkozpont.hu\/#website\"},\"datePublished\":\"2023-09-05T05:21:25+00:00\",\"dateModified\":\"2023-09-05T05:21:27+00:00\",\"breadcrumb\":{\"@id\":\"https:\/\/karitaszkozpont.hu\/?p=3106#breadcrumb\"},\"inLanguage\":\"hu\",\"potentialAction\":[{\"@type\":\"ReadAction\",\"target\":[\"https:\/\/karitaszkozpont.hu\/?p=3106\"]}]},{\"@type\":\"BreadcrumbList\",\"@id\":\"https:\/\/karitaszkozpont.hu\/?p=3106#breadcrumb\",\"itemListElement\":[{\"@type\":\"ListItem\",\"position\":1,\"name\":\"Kezd\u0151lap\",\"item\":\"https:\/\/karitaszkozpont.hu\/\"},{\"@type\":\"ListItem\",\"position\":2,\"name\":\"220. H\u00e1la az \u00darnak, k\u00f6sz\u00f6net szeretett testv\u00e9reimnek Krisztusban! (Z\u00e1r\u00f3 egyperces)\"}]},{\"@type\":\"WebSite\",\"@id\":\"https:\/\/karitaszkozpont.hu\/#website\",\"url\":\"https:\/\/karitaszkozpont.hu\/\",\"name\":\"Szent Erzs\u00e9bet Karit\u00e1sz K\u00f6zpont\",\"description\":\"Esztergom-Budapesti F\u0151egyh\u00e1zmegye\",\"publisher\":{\"@id\":\"https:\/\/karitaszkozpont.hu\/#organization\"},\"potentialAction\":[{\"@type\":\"SearchAction\",\"target\":{\"@type\":\"EntryPoint\",\"urlTemplate\":\"https:\/\/karitaszkozpont.hu\/?s={search_term_string}\"},\"query-input\":\"required name=search_term_string\"}],\"inLanguage\":\"hu\"},{\"@type\":\"Organization\",\"@id\":\"https:\/\/karitaszkozpont.hu\/#organization\",\"name\":\"Szent Erzs\u00e9bet Karit\u00e1sz K\u00f6zpont\",\"url\":\"https:\/\/karitaszkozpont.hu\/\",\"logo\":{\"@type\":\"ImageObject\",\"inLanguage\":\"hu\",\"@id\":\"https:\/\/karitaszkozpont.hu\/#\/schema\/logo\/image\/\",\"url\":\"https:\/\/karitaszkp.hu\/wp-content\/uploads\/2019\/06\/cropped-logo-arnyekos-1.png\",\"contentUrl\":\"https:\/\/karitaszkp.hu\/wp-content\/uploads\/2019\/06\/cropped-logo-arnyekos-1.png\",\"width\":240,\"height\":247,\"caption\":\"Szent Erzs\u00e9bet Karit\u00e1sz K\u00f6zpont\"},\"image\":{\"@id\":\"https:\/\/karitaszkozpont.hu\/#\/schema\/logo\/image\/\"}},{\"@type\":\"Person\",\"@id\":\"https:\/\/karitaszkozpont.hu\/#\/schema\/person\/0d9c28244c111914ea13bb1248775e57\",\"name\":\"Karit\u00e1sz K\u00f6zpont\",\"image\":{\"@type\":\"ImageObject\",\"inLanguage\":\"hu\",\"@id\":\"https:\/\/karitaszkozpont.hu\/#\/schema\/person\/image\/\",\"url\":\"https:\/\/secure.gravatar.com\/avatar\/1274acd7c62f3cac92d2b38aad20c71b?s=96&d=mm&r=g\",\"contentUrl\":\"https:\/\/secure.gravatar.com\/avatar\/1274acd7c62f3cac92d2b38aad20c71b?s=96&d=mm&r=g\",\"caption\":\"Karit\u00e1sz K\u00f6zpont\"},\"url\":\"https:\/\/karitaszkozpont.hu\/?author=1\"}]}<\/script>\n<!-- \/ Yoast SEO plugin. -->","yoast_head_json":{"title":"220. H\u00e1la az \u00darnak, k\u00f6sz\u00f6net szeretett testv\u00e9reimnek Krisztusban! (Z\u00e1r\u00f3 egyperces) - Szent Erzs\u00e9bet Karit\u00e1sz K\u00f6zpont","robots":{"index":"index","follow":"follow","max-snippet":"max-snippet:-1","max-image-preview":"max-image-preview:large","max-video-preview":"max-video-preview:-1"},"canonical":"https:\/\/karitaszkozpont.hu\/?p=3106","og_locale":"hu_HU","og_type":"article","og_title":"220. H\u00e1la az \u00darnak, k\u00f6sz\u00f6net szeretett testv\u00e9reimnek Krisztusban! (Z\u00e1r\u00f3 egyperces) - Szent Erzs\u00e9bet Karit\u00e1sz K\u00f6zpont","og_description":"220. H\u00e1la az \u00darnak, k\u00f6sz\u00f6net szeretett testv\u00e9reimnek Krisztusban! \u201eL\u00e1bunk egy\u00fctt j\u00e1rjon, kez\u00fcnk egy\u00fctt gy\u0171jts\u00f6n, sz\u00edv\u00fcnk egy\u00fctt dobbanjon, bens\u0151nk egy\u00fctt \u00e9rezzen, elm\u00e9nk gondolata egy legyen, f\u00fcl\u00fcnk egy\u00fctt figyeljen a cs\u00f6ndess\u00e9gre, szem\u00fcnk egym\u00e1sba n\u00e9zzen \u00e9s tekintet\u00fcnk \u00f6sszeforrjon, ajkunk egy\u00fctt k\u00f6ny\u00f6r\u00f6gj\u00f6n az \u00d6r\u00f6k Aty\u00e1hoz irgalom\u00e9rt! \u00c1men\u201d (Kindelmann K\u00e1rolyn\u00e9 Sz\u00e1nt\u00f3 Erzs\u00e9bet asszonynak dikt\u00e1lta le az \u00dar J\u00e9zus mag\u00e1nkinyilatkoztat\u00e1sban ezt, &hellip; Continue reading \"220. H\u00e1la az \u00darnak, k\u00f6sz\u00f6net szeretett testv\u00e9reimnek Krisztusban! (Z\u00e1r\u00f3 egyperces)\"","og_url":"https:\/\/karitaszkozpont.hu\/?p=3106","og_site_name":"Szent Erzs\u00e9bet Karit\u00e1sz K\u00f6zpont","article_published_time":"2023-09-05T05:21:25+00:00","article_modified_time":"2023-09-05T05:21:27+00:00","og_image":[{"width":2300,"height":1528,"url":"https:\/\/karitaszkozpont.hu\/wp-content\/uploads\/2019\/07\/egyperceslogo.jpg","type":"image\/jpeg"}],"author":"Karit\u00e1sz K\u00f6zpont","twitter_card":"summary_large_image","twitter_misc":{"Szerz\u0151:":"Karit\u00e1sz K\u00f6zpont","Becs\u00fclt olvas\u00e1si id\u0151":"2 perc"},"schema":{"@context":"https:\/\/schema.org","@graph":[{"@type":"Article","@id":"https:\/\/karitaszkozpont.hu\/?p=3106#article","isPartOf":{"@id":"https:\/\/karitaszkozpont.hu\/?p=3106"},"author":{"name":"Karit\u00e1sz K\u00f6zpont","@id":"https:\/\/karitaszkozpont.hu\/#\/schema\/person\/0d9c28244c111914ea13bb1248775e57"},"headline":"220. H\u00e1la az \u00darnak, k\u00f6sz\u00f6net szeretett testv\u00e9reimnek Krisztusban! (Z\u00e1r\u00f3 egyperces)","datePublished":"2023-09-05T05:21:25+00:00","dateModified":"2023-09-05T05:21:27+00:00","mainEntityOfPage":{"@id":"https:\/\/karitaszkozpont.hu\/?p=3106"},"wordCount":500,"publisher":{"@id":"https:\/\/karitaszkozpont.hu\/#organization"},"articleSection":["Egypercesek"],"inLanguage":"hu"},{"@type":"WebPage","@id":"https:\/\/karitaszkozpont.hu\/?p=3106","url":"https:\/\/karitaszkozpont.hu\/?p=3106","name":"220. H\u00e1la az \u00darnak, k\u00f6sz\u00f6net szeretett testv\u00e9reimnek Krisztusban! (Z\u00e1r\u00f3 egyperces) - Szent Erzs\u00e9bet Karit\u00e1sz K\u00f6zpont","isPartOf":{"@id":"https:\/\/karitaszkozpont.hu\/#website"},"datePublished":"2023-09-05T05:21:25+00:00","dateModified":"2023-09-05T05:21:27+00:00","breadcrumb":{"@id":"https:\/\/karitaszkozpont.hu\/?p=3106#breadcrumb"},"inLanguage":"hu","potentialAction":[{"@type":"ReadAction","target":["https:\/\/karitaszkozpont.hu\/?p=3106"]}]},{"@type":"BreadcrumbList","@id":"https:\/\/karitaszkozpont.hu\/?p=3106#breadcrumb","itemListElement":[{"@type":"ListItem","position":1,"name":"Kezd\u0151lap","item":"https:\/\/karitaszkozpont.hu\/"},{"@type":"ListItem","position":2,"name":"220. H\u00e1la az \u00darnak, k\u00f6sz\u00f6net szeretett testv\u00e9reimnek Krisztusban! (Z\u00e1r\u00f3 egyperces)"}]},{"@type":"WebSite","@id":"https:\/\/karitaszkozpont.hu\/#website","url":"https:\/\/karitaszkozpont.hu\/","name":"Szent Erzs\u00e9bet Karit\u00e1sz K\u00f6zpont","description":"Esztergom-Budapesti F\u0151egyh\u00e1zmegye","publisher":{"@id":"https:\/\/karitaszkozpont.hu\/#organization"},"potentialAction":[{"@type":"SearchAction","target":{"@type":"EntryPoint","urlTemplate":"https:\/\/karitaszkozpont.hu\/?s={search_term_string}"},"query-input":"required name=search_term_string"}],"inLanguage":"hu"},{"@type":"Organization","@id":"https:\/\/karitaszkozpont.hu\/#organization","name":"Szent Erzs\u00e9bet Karit\u00e1sz K\u00f6zpont","url":"https:\/\/karitaszkozpont.hu\/","logo":{"@type":"ImageObject","inLanguage":"hu","@id":"https:\/\/karitaszkozpont.hu\/#\/schema\/logo\/image\/","url":"https:\/\/karitaszkp.hu\/wp-content\/uploads\/2019\/06\/cropped-logo-arnyekos-1.png","contentUrl":"https:\/\/karitaszkp.hu\/wp-content\/uploads\/2019\/06\/cropped-logo-arnyekos-1.png","width":240,"height":247,"caption":"Szent Erzs\u00e9bet Karit\u00e1sz K\u00f6zpont"},"image":{"@id":"https:\/\/karitaszkozpont.hu\/#\/schema\/logo\/image\/"}},{"@type":"Person","@id":"https:\/\/karitaszkozpont.hu\/#\/schema\/person\/0d9c28244c111914ea13bb1248775e57","name":"Karit\u00e1sz K\u00f6zpont","image":{"@type":"ImageObject","inLanguage":"hu","@id":"https:\/\/karitaszkozpont.hu\/#\/schema\/person\/image\/","url":"https:\/\/secure.gravatar.com\/avatar\/1274acd7c62f3cac92d2b38aad20c71b?s=96&d=mm&r=g","contentUrl":"https:\/\/secure.gravatar.com\/avatar\/1274acd7c62f3cac92d2b38aad20c71b?s=96&d=mm&r=g","caption":"Karit\u00e1sz K\u00f6zpont"},"url":"https:\/\/karitaszkozpont.hu\/?author=1"}]}},"_links":{"self":[{"href":"https:\/\/karitaszkozpont.hu\/index.php?rest_route=\/wp\/v2\/posts\/3106"}],"collection":[{"href":"https:\/\/karitaszkozpont.hu\/index.php?rest_route=\/wp\/v2\/posts"}],"about":[{"href":"https:\/\/karitaszkozpont.hu\/index.php?rest_route=\/wp\/v2\/types\/post"}],"author":[{"embeddable":true,"href":"https:\/\/karitaszkozpont.hu\/index.php?rest_route=\/wp\/v2\/users\/1"}],"replies":[{"embeddable":true,"href":"https:\/\/karitaszkozpont.hu\/index.php?rest_route=%2Fwp%2Fv2%2Fcomments&post=3106"}],"version-history":[{"count":1,"href":"https:\/\/karitaszkozpont.hu\/index.php?rest_route=\/wp\/v2\/posts\/3106\/revisions"}],"predecessor-version":[{"id":3107,"href":"https:\/\/karitaszkozpont.hu\/index.php?rest_route=\/wp\/v2\/posts\/3106\/revisions\/3107"}],"wp:featuredmedia":[{"embeddable":true,"href":"https:\/\/karitaszkozpont.hu\/index.php?rest_route=\/wp\/v2\/media\/563"}],"wp:attachment":[{"href":"https:\/\/karitaszkozpont.hu\/index.php?rest_route=%2Fwp%2Fv2%2Fmedia&parent=3106"}],"wp:term":[{"taxonomy":"category","embeddable":true,"href":"https:\/\/karitaszkozpont.hu\/index.php?rest_route=%2Fwp%2Fv2%2Fcategories&post=3106"},{"taxonomy":"post_tag","embeddable":true,"href":"https:\/\/karitaszkozpont.hu\/index.php?rest_route=%2Fwp%2Fv2%2Ftags&post=3106"}],"curies":[{"name":"wp","href":"https:\/\/api.w.org\/{rel}","templated":true}]}}