{"id":3102,"date":"2023-09-05T07:17:59","date_gmt":"2023-09-05T05:17:59","guid":{"rendered":"https:\/\/karitaszkp.hu\/?p=3102"},"modified":"2023-09-05T07:18:00","modified_gmt":"2023-09-05T05:18:00","slug":"219-ugy-szeressuk-istent-ahogy-o-kivanja","status":"publish","type":"post","link":"https:\/\/karitaszkozpont.hu\/?p=3102","title":{"rendered":"<strong>219. \u00dagy szeress\u00fck Istent, ahogy \u0150 k\u00edv\u00e1nja!<\/strong>"},"content":{"rendered":"\n<p class=\"has-white-color has-vivid-red-background-color has-text-color has-background has-large-font-size\"><strong>219. \u00dagy szeress\u00fck Istent, ahogy \u0150 k\u00edv\u00e1nja!<\/strong><\/p>\n\n\n\n<p class=\"has-background\" style=\"background-color:#cacaca\"><em>\u201eTanuljunk meg teh\u00e1t b\u00f6lcsen gondolkodni, \u00e9s tanuljuk meg Krisztust \u00fagy tisztelni, ahogyan k\u00edv\u00e1nja. Mert ha m\u00e1r tisztelj\u00fck \u0151t, akkor az a tiszteletad\u00e1s a legkedvesebb neki, amelyet \u0151 k\u00edv\u00e1n, nem pedig az, amelyet mi gondolunk ki. Hiszen P\u00e9ter is \u00fagy gondolta, hogy azzal tiszteli meg J\u00e9zust, ha nem engedi, hogy megmossa a l\u00e1b\u00e1t; \u00e1m amit P\u00e9ter akart, az nem megtisztel\u00e9s volt, hanem teljesen az ellenkez\u0151je. \u00cdgy te is azzal a tisztelettel tiszteld meg, amelyet \u0151 \u00edrt el\u0151 parancs\u00e1val; teh\u00e1t a vagyonodat oszd sz\u00e9t a szeg\u00e9nyek k\u00f6z\u00f6tt. Mert nem arany t\u00e1rgyak kellenek az Istennek, hanem sz\u00ednarany lelkek..&nbsp;(Aranysz\u00e1j\u00fa Szent J\u00e1nos +407 \u2013 M\u00e1t\u00e9 evang\u00e9lium\u00e1r\u00f3l sz\u00f3l\u00f3 szentbesz\u00e9d\u00e9b\u0151l)<\/em><\/p>\n\n\n\n<p>Kedves Karit\u00e1sz \u00d6nk\u00e9ntesek, Munkat\u00e1rsak, Testv\u00e9rek az \u00darban!<\/p>\n\n\n\n<p>Hajlamosak vagyunk a magunk gondolatait el\u00e9be helyezni a m\u00e1sik ember gondolat\u00e1nak. Ez egyfel\u0151l term\u00e9szetes, mert pl. szeretteinknek is olyan aj\u00e1nd\u00e9kot visz\u00fcnk, ami nek\u00fcnk is tetszik, de bizony megesik az is, hogy a szeretett szem\u00e9ly akarata h\u00e1tt\u00e9rbe szorul a mi\u00e9nkhez k\u00e9pest.<\/p>\n\n\n\n<p>Karit\u00e1sz munk\u00e1nkban is k\u00eds\u00e9rt\u00e9s, hogy a magunk m\u00f3dj\u00e1n akarunk seg\u00edteni, azt gondoljuk, hogy a r\u00e1szorul\u00f3 is \u00fagy gondolkodik, ahogy mi \u00e9s nem \u00e9rtj\u00fck, hogy esetleg mi\u00e9rt nem akarja elfogadni a segts\u00e9get \u00fagy \u00e9s akkor, ahogy \u00e9s amikor mi gondoljuk. Neh\u00e9z egyens\u00falyi k\u00e9rd\u00e9s ez, mert a karit\u00e1sz k\u00fcldet\u00e9s\u00fcnknek az is a c\u00e9lja, hogy form\u00e1ljuk azok \u00e9letm\u00f3dj\u00e1t, akik seg\u00edts\u00e9get k\u00e9rnek, m\u00e9gpedig \u00fagy, hogy a lelk\u00fclet\u00fcket Isten fel\u00e9 igaz\u00edtsuk, seg\u00edts\u00fck. Igen \u00e1m, de ezt nem tehetj\u00fck meg er\u0151szakkal, r\u00e1er\u0151ltet\u00e9ssel, hanem az a c\u00e9lunk, hogy a szeretet\u00fcnkre, t\u00f6r\u0151d\u00e9s\u00fcnkre, seg\u00edts\u00e9gny\u00fajt\u00e1sunkra v\u00e1laszul, \u0151k maguk is v\u00e1ltoztatni akarjanak saj\u00e1t szabad d\u00f6nt\u00e9s\u00fckkel.<\/p>\n\n\n\n<p>B\u00f6jte Csaba OFM atya fogalmazta ezt \u00edgy:&nbsp;<em>\u201eszeress\u00fck ki a m\u00e1sik szem\u00e9lyb\u0151l a j\u00f3t\u201d<\/em>. Aranysz\u00e1j\u00fa Szent J\u00e1nos arra tan\u00edt minket, hogy vegy\u00fck figyelembe a szeretett szem\u00e9ly akarat\u00e1t, k\u00fcl\u00f6n\u00f6sen, ha ez a szeretett szem\u00e9ly maga az \u00dar. Az \u00dar akarata, Isten akarata, Isten akarata pedig nem m\u00e1s, mint a mi \u00e9s minden ember legf\u0151bb java, boldogs\u00e1ga, \u00fcdv\u00f6ss\u00e9ge. Teh\u00e1t Isten fel\u00e9 sz\u00e1z sz\u00e1zal\u00e9kosan \u00fagy viszonyuljunk, hogy az \u0150 akarat\u00e1t, igazs\u00e1g\u00e1t tegy\u00fck meg \u00e9s cselekedj\u00fcnk az \u0150 irgalmass\u00e1ga szerint. Igazs\u00e1g + Irgalom = Szeretet = Isten.<\/p>\n\n\n\n<p>A r\u00e1szorul\u00f3kkal val\u00f3 kapcsolatunkban is a lehet\u0151 legnagyobb m\u00e9rt\u00e9kben vegy\u00fck figyelembe az \u0151 k\u00e9r\u00e9s\u00fcket \u00e9s nagy t\u00fcrelemmel j\u00e1rjunk el abban az esetben, ha azt pont \u00fagy nem tudjuk teljes\u00edteni. Hiszen az anyagi vil\u00e1g v\u00e9ges, az er\u0151forr\u00e1sok, az anyagi t\u00e1mogat\u00e1sok is korl\u00e1tozottak. Nem tudunk minden k\u00edv\u00e1ns\u00e1got teljes\u00edteni. A lelki javak azonban nem korl\u00e1tosak, nem v\u00e9gesek, hanem \u00e9ppen ellenkez\u0151leg, v\u00e9gtelenek. S\u0151t, a lelki adom\u00e1nyok akkor n\u00f6vekednek, akkor lesz t\u00f6bb bel\u0151l\u00fck, ha adjuk, mozgatjuk, forgatjuk \u00e9s mindenki kap \u00e9s ad bel\u0151le. Ez a szeretet t\u00f6rv\u00e9nye, ami ellent\u00e9tes az anyagi vil\u00e1g t\u00f6rv\u00e9ny\u00e9vel. Menn\u00e9l t\u00f6bb szeretetet adunk, ann\u00e1l t\u00f6bb lesz bel\u0151le.<\/p>\n\n\n\n<p>Neh\u00e9z j\u00f3l szeretn\u00fcnk r\u00e1szorul\u00f3 embert\u00e1rsainkat, mert mik\u00f6zben \u00e9rt\u00fck f\u00e1radozunk, vezetn\u00fcnk is kell \u0151ket. K\u00e9nyes egyens\u00faly, amit csak az im\u00e1d\u00e1sg, a t\u00fcrelem, a b\u00f6lcsess\u00e9g, igazs\u00e1goss\u00e1g er\u00e9nyei kibontakoztat\u00e1s\u00e1val tudunk j\u00f3l fenntartani. Nem v\u00e9letlen, hogy az egyh\u00e1z sarkalatos er\u00e9nyeknek nevez n\u00e9gy olyan k\u00e9pess\u00e9get, ami k\u00f6r\u00e9 a t\u00f6bbi er\u00e9nyt, erk\u00f6lcsi kiv\u00e1l\u00f3s\u00e1got fel lehet f\u0171zni. Az&nbsp;<em>okoss\u00e1g, igazs\u00e1goss\u00e1g, er\u0151ss\u00e9g \u00e9s m\u00e9rt\u00e9kletess\u00e9g<\/em>&nbsp;\u2013 ezen n\u00e9gy er\u00e9nyt\u00edpus az alapja minden m\u00e1s olyan k\u00e9pess\u00e9gnek, mely j\u00f3 gy\u00fcm\u00f6lcs\u00f6t terem, a szeretet gy\u00fcm\u00f6lcseit.<\/p>\n\n\n\n<p>Hivat\u00e1sunk mag\u00e1t\u00f3l az \u00dart\u00f3l, hogy&nbsp;<em>j\u00f3 gy\u00fcm\u00f6lcs\u00f6t teremj\u00fcnk, hiszen a j\u00f3 fa, nem terem rossz gy\u00fcm\u00f6lcs\u00f6t \u00e9s gy\u00fcm\u00f6lcs\u00e9r\u0151l ismerszik mag a fa (v\u00f6. Mt 13,33).<\/em>&nbsp;Ha Krisztus tan\u00edtv\u00e1nyai vagyunk, \u00fagy dics\u0151\u00edtj\u00fck meg, hogy \u0150t k\u00f6vetj\u00fck, v\u00e1llaljuk az \u00e1ldozatot a szeretet gy\u0151zelm\u00e9\u00e9rt. Elfogadjuk a m\u00e1sik szem\u00e9lyt mindenest\u00fcl \u00e9s el\u0151z\u00e9keny, tev\u00e9keny szeretettel viszonyulunk hozz\u00e1. \u00cdgy v\u00e1ltjuk tettekre a k\u00fcldet\u00e9s\u00fcnket, \u00edgy mutatkozik meg benn\u00fcnk, hogy a r\u00e1szorul\u00f3ban mag\u00e1t Krisztust l\u00e1tjuk \u00e9s szolg\u00e1ljuk. Sz\u00e9p, nemes, de neh\u00e9z hivat\u00e1s ez. Egyed\u00fcl nem megy, kell a L\u00e9lek ereje, ami az im\u00e1ds\u00e1g \u00e9s az er\u00e9nyek kibontakoz\u00e1sa \u00fatj\u00e1n ker\u00fcl birtokunkba, kell a k\u00f6z\u00f6ss\u00e9g Krisztus egyh\u00e1z\u00e1ban \u00e9s a hit, bizalom a gondvisel\u0151 Istenben.<\/p>\n\n\n\n<p><\/p>\n\n\n\n<p>Csorba G\u00e1bor<\/p>\n\n\n\n<p>\u00e1lland\u00f3 diak\u00f3nus, karit\u00e1sz igazgat\u00f3<\/p>\n\n\n\n<p>Esztergom-Budapesti F\u0151egyh\u00e1zmegye<\/p>\n\n\n\n<p>Szent Erzs\u00e9bet Karit\u00e1sz K\u00f6zpont<\/p>\n\n\n\n<p class=\"has-background\" style=\"background-color:#cacaca\">Iroda:&nbsp;1033 Budapest III. ker. Szentendrei \u00fat 69-71. (K\u00f6vi Sz\u0171z M\u00e1ria Pl\u00e9b\u00e1nia)<\/p>\n\n\n\n<p class=\"has-background\" style=\"background-color:#cacaca\">Telefon: +36-1-351-1977<\/p>\n\n\n\n<p class=\"has-background\" style=\"background-color:#cacaca\">Mobil: +36-30-592-1483<\/p>\n\n\n\n<p class=\"has-background\" style=\"background-color:#cacaca\">E-mail:&nbsp;<a href=\"mailto:szenterzsebet@karitaszkozpont.hu\" target=\"_blank\" rel=\"noreferrer noopener\">szenterzsebet@karitaszkozpont.hu<\/a><\/p>\n\n\n\n<p class=\"has-background\" style=\"background-color:#cacaca\">Honlap, ahol a kor\u00e1bbi egypercesek is el\u00e9rhat\u0151k:&nbsp;<a href=\"http:\/\/www.karitaszkp.hu\/\" target=\"_blank\" rel=\"noreferrer noopener\">www.karitaszkp.hu<\/a><\/p>\n","protected":false},"excerpt":{"rendered":"<p>219. \u00dagy szeress\u00fck Istent, ahogy \u0150 k\u00edv\u00e1nja! \u201eTanuljunk meg teh\u00e1t b\u00f6lcsen gondolkodni, \u00e9s tanuljuk meg Krisztust \u00fagy tisztelni, ahogyan k\u00edv\u00e1nja. Mert ha m\u00e1r tisztelj\u00fck \u0151t, akkor az a tiszteletad\u00e1s a legkedvesebb neki, amelyet \u0151 k\u00edv\u00e1n, nem pedig az, amelyet mi gondolunk ki. Hiszen P\u00e9ter is \u00fagy gondolta, hogy azzal tiszteli meg J\u00e9zust, ha nem engedi, &hellip; <\/p>\n<p class=\"link-more\"><a href=\"https:\/\/karitaszkozpont.hu\/?p=3102\" class=\"more-link\">Continue reading<span class=\"screen-reader-text\"> &#8222;<strong>219. \u00dagy szeress\u00fck Istent, ahogy \u0150 k\u00edv\u00e1nja!<\/strong>&#8222;<\/span><\/a><\/p>\n","protected":false},"author":1,"featured_media":563,"comment_status":"closed","ping_status":"open","sticky":false,"template":"","format":"standard","meta":[],"categories":[8],"tags":[],"yoast_head":"<!-- This site is optimized with the Yoast SEO plugin v20.1 - https:\/\/yoast.com\/wordpress\/plugins\/seo\/ -->\n<title>219. \u00dagy szeress\u00fck Istent, ahogy \u0150 k\u00edv\u00e1nja! - Szent Erzs\u00e9bet Karit\u00e1sz K\u00f6zpont<\/title>\n<meta name=\"robots\" content=\"index, follow, max-snippet:-1, max-image-preview:large, max-video-preview:-1\" \/>\n<link rel=\"canonical\" href=\"https:\/\/karitaszkozpont.hu\/?p=3102\" \/>\n<meta property=\"og:locale\" content=\"hu_HU\" \/>\n<meta property=\"og:type\" content=\"article\" \/>\n<meta property=\"og:title\" content=\"219. \u00dagy szeress\u00fck Istent, ahogy \u0150 k\u00edv\u00e1nja! - Szent Erzs\u00e9bet Karit\u00e1sz K\u00f6zpont\" \/>\n<meta property=\"og:description\" content=\"219. \u00dagy szeress\u00fck Istent, ahogy \u0150 k\u00edv\u00e1nja! \u201eTanuljunk meg teh\u00e1t b\u00f6lcsen gondolkodni, \u00e9s tanuljuk meg Krisztust \u00fagy tisztelni, ahogyan k\u00edv\u00e1nja. Mert ha m\u00e1r tisztelj\u00fck \u0151t, akkor az a tiszteletad\u00e1s a legkedvesebb neki, amelyet \u0151 k\u00edv\u00e1n, nem pedig az, amelyet mi gondolunk ki. Hiszen P\u00e9ter is \u00fagy gondolta, hogy azzal tiszteli meg J\u00e9zust, ha nem engedi, &hellip; Continue reading &quot;219. \u00dagy szeress\u00fck Istent, ahogy \u0150 k\u00edv\u00e1nja!&quot;\" \/>\n<meta property=\"og:url\" content=\"https:\/\/karitaszkozpont.hu\/?p=3102\" \/>\n<meta property=\"og:site_name\" content=\"Szent Erzs\u00e9bet Karit\u00e1sz K\u00f6zpont\" \/>\n<meta property=\"article:published_time\" content=\"2023-09-05T05:17:59+00:00\" \/>\n<meta property=\"article:modified_time\" content=\"2023-09-05T05:18:00+00:00\" \/>\n<meta property=\"og:image\" content=\"https:\/\/karitaszkozpont.hu\/wp-content\/uploads\/2019\/07\/egyperceslogo.jpg\" \/>\n\t<meta property=\"og:image:width\" content=\"2300\" \/>\n\t<meta property=\"og:image:height\" content=\"1528\" \/>\n\t<meta property=\"og:image:type\" content=\"image\/jpeg\" \/>\n<meta name=\"author\" content=\"Karit\u00e1sz K\u00f6zpont\" \/>\n<meta name=\"twitter:card\" content=\"summary_large_image\" \/>\n<meta name=\"twitter:label1\" content=\"Szerz\u0151:\" \/>\n\t<meta name=\"twitter:data1\" content=\"Karit\u00e1sz K\u00f6zpont\" \/>\n\t<meta name=\"twitter:label2\" content=\"Becs\u00fclt olvas\u00e1si id\u0151\" \/>\n\t<meta name=\"twitter:data2\" content=\"4 perc\" \/>\n<script type=\"application\/ld+json\" class=\"yoast-schema-graph\">{\"@context\":\"https:\/\/schema.org\",\"@graph\":[{\"@type\":\"Article\",\"@id\":\"https:\/\/karitaszkozpont.hu\/?p=3102#article\",\"isPartOf\":{\"@id\":\"https:\/\/karitaszkozpont.hu\/?p=3102\"},\"author\":{\"name\":\"Karit\u00e1sz K\u00f6zpont\",\"@id\":\"https:\/\/karitaszkozpont.hu\/#\/schema\/person\/0d9c28244c111914ea13bb1248775e57\"},\"headline\":\"219. \u00dagy szeress\u00fck Istent, ahogy \u0150 k\u00edv\u00e1nja!\",\"datePublished\":\"2023-09-05T05:17:59+00:00\",\"dateModified\":\"2023-09-05T05:18:00+00:00\",\"mainEntityOfPage\":{\"@id\":\"https:\/\/karitaszkozpont.hu\/?p=3102\"},\"wordCount\":969,\"publisher\":{\"@id\":\"https:\/\/karitaszkozpont.hu\/#organization\"},\"articleSection\":[\"Egypercesek\"],\"inLanguage\":\"hu\"},{\"@type\":\"WebPage\",\"@id\":\"https:\/\/karitaszkozpont.hu\/?p=3102\",\"url\":\"https:\/\/karitaszkozpont.hu\/?p=3102\",\"name\":\"219. \u00dagy szeress\u00fck Istent, ahogy \u0150 k\u00edv\u00e1nja! - Szent Erzs\u00e9bet Karit\u00e1sz K\u00f6zpont\",\"isPartOf\":{\"@id\":\"https:\/\/karitaszkozpont.hu\/#website\"},\"datePublished\":\"2023-09-05T05:17:59+00:00\",\"dateModified\":\"2023-09-05T05:18:00+00:00\",\"breadcrumb\":{\"@id\":\"https:\/\/karitaszkozpont.hu\/?p=3102#breadcrumb\"},\"inLanguage\":\"hu\",\"potentialAction\":[{\"@type\":\"ReadAction\",\"target\":[\"https:\/\/karitaszkozpont.hu\/?p=3102\"]}]},{\"@type\":\"BreadcrumbList\",\"@id\":\"https:\/\/karitaszkozpont.hu\/?p=3102#breadcrumb\",\"itemListElement\":[{\"@type\":\"ListItem\",\"position\":1,\"name\":\"Kezd\u0151lap\",\"item\":\"https:\/\/karitaszkozpont.hu\/\"},{\"@type\":\"ListItem\",\"position\":2,\"name\":\"219. \u00dagy szeress\u00fck Istent, ahogy \u0150 k\u00edv\u00e1nja!\"}]},{\"@type\":\"WebSite\",\"@id\":\"https:\/\/karitaszkozpont.hu\/#website\",\"url\":\"https:\/\/karitaszkozpont.hu\/\",\"name\":\"Szent Erzs\u00e9bet Karit\u00e1sz K\u00f6zpont\",\"description\":\"Esztergom-Budapesti F\u0151egyh\u00e1zmegye\",\"publisher\":{\"@id\":\"https:\/\/karitaszkozpont.hu\/#organization\"},\"potentialAction\":[{\"@type\":\"SearchAction\",\"target\":{\"@type\":\"EntryPoint\",\"urlTemplate\":\"https:\/\/karitaszkozpont.hu\/?s={search_term_string}\"},\"query-input\":\"required name=search_term_string\"}],\"inLanguage\":\"hu\"},{\"@type\":\"Organization\",\"@id\":\"https:\/\/karitaszkozpont.hu\/#organization\",\"name\":\"Szent Erzs\u00e9bet Karit\u00e1sz K\u00f6zpont\",\"url\":\"https:\/\/karitaszkozpont.hu\/\",\"logo\":{\"@type\":\"ImageObject\",\"inLanguage\":\"hu\",\"@id\":\"https:\/\/karitaszkozpont.hu\/#\/schema\/logo\/image\/\",\"url\":\"https:\/\/karitaszkp.hu\/wp-content\/uploads\/2019\/06\/cropped-logo-arnyekos-1.png\",\"contentUrl\":\"https:\/\/karitaszkp.hu\/wp-content\/uploads\/2019\/06\/cropped-logo-arnyekos-1.png\",\"width\":240,\"height\":247,\"caption\":\"Szent Erzs\u00e9bet Karit\u00e1sz K\u00f6zpont\"},\"image\":{\"@id\":\"https:\/\/karitaszkozpont.hu\/#\/schema\/logo\/image\/\"}},{\"@type\":\"Person\",\"@id\":\"https:\/\/karitaszkozpont.hu\/#\/schema\/person\/0d9c28244c111914ea13bb1248775e57\",\"name\":\"Karit\u00e1sz K\u00f6zpont\",\"image\":{\"@type\":\"ImageObject\",\"inLanguage\":\"hu\",\"@id\":\"https:\/\/karitaszkozpont.hu\/#\/schema\/person\/image\/\",\"url\":\"https:\/\/secure.gravatar.com\/avatar\/1274acd7c62f3cac92d2b38aad20c71b?s=96&d=mm&r=g\",\"contentUrl\":\"https:\/\/secure.gravatar.com\/avatar\/1274acd7c62f3cac92d2b38aad20c71b?s=96&d=mm&r=g\",\"caption\":\"Karit\u00e1sz K\u00f6zpont\"},\"url\":\"https:\/\/karitaszkozpont.hu\/?author=1\"}]}<\/script>\n<!-- \/ Yoast SEO plugin. -->","yoast_head_json":{"title":"219. \u00dagy szeress\u00fck Istent, ahogy \u0150 k\u00edv\u00e1nja! - Szent Erzs\u00e9bet Karit\u00e1sz K\u00f6zpont","robots":{"index":"index","follow":"follow","max-snippet":"max-snippet:-1","max-image-preview":"max-image-preview:large","max-video-preview":"max-video-preview:-1"},"canonical":"https:\/\/karitaszkozpont.hu\/?p=3102","og_locale":"hu_HU","og_type":"article","og_title":"219. \u00dagy szeress\u00fck Istent, ahogy \u0150 k\u00edv\u00e1nja! - Szent Erzs\u00e9bet Karit\u00e1sz K\u00f6zpont","og_description":"219. \u00dagy szeress\u00fck Istent, ahogy \u0150 k\u00edv\u00e1nja! \u201eTanuljunk meg teh\u00e1t b\u00f6lcsen gondolkodni, \u00e9s tanuljuk meg Krisztust \u00fagy tisztelni, ahogyan k\u00edv\u00e1nja. Mert ha m\u00e1r tisztelj\u00fck \u0151t, akkor az a tiszteletad\u00e1s a legkedvesebb neki, amelyet \u0151 k\u00edv\u00e1n, nem pedig az, amelyet mi gondolunk ki. Hiszen P\u00e9ter is \u00fagy gondolta, hogy azzal tiszteli meg J\u00e9zust, ha nem engedi, &hellip; Continue reading \"219. \u00dagy szeress\u00fck Istent, ahogy \u0150 k\u00edv\u00e1nja!\"","og_url":"https:\/\/karitaszkozpont.hu\/?p=3102","og_site_name":"Szent Erzs\u00e9bet Karit\u00e1sz K\u00f6zpont","article_published_time":"2023-09-05T05:17:59+00:00","article_modified_time":"2023-09-05T05:18:00+00:00","og_image":[{"width":2300,"height":1528,"url":"https:\/\/karitaszkozpont.hu\/wp-content\/uploads\/2019\/07\/egyperceslogo.jpg","type":"image\/jpeg"}],"author":"Karit\u00e1sz K\u00f6zpont","twitter_card":"summary_large_image","twitter_misc":{"Szerz\u0151:":"Karit\u00e1sz K\u00f6zpont","Becs\u00fclt olvas\u00e1si id\u0151":"4 perc"},"schema":{"@context":"https:\/\/schema.org","@graph":[{"@type":"Article","@id":"https:\/\/karitaszkozpont.hu\/?p=3102#article","isPartOf":{"@id":"https:\/\/karitaszkozpont.hu\/?p=3102"},"author":{"name":"Karit\u00e1sz K\u00f6zpont","@id":"https:\/\/karitaszkozpont.hu\/#\/schema\/person\/0d9c28244c111914ea13bb1248775e57"},"headline":"219. \u00dagy szeress\u00fck Istent, ahogy \u0150 k\u00edv\u00e1nja!","datePublished":"2023-09-05T05:17:59+00:00","dateModified":"2023-09-05T05:18:00+00:00","mainEntityOfPage":{"@id":"https:\/\/karitaszkozpont.hu\/?p=3102"},"wordCount":969,"publisher":{"@id":"https:\/\/karitaszkozpont.hu\/#organization"},"articleSection":["Egypercesek"],"inLanguage":"hu"},{"@type":"WebPage","@id":"https:\/\/karitaszkozpont.hu\/?p=3102","url":"https:\/\/karitaszkozpont.hu\/?p=3102","name":"219. \u00dagy szeress\u00fck Istent, ahogy \u0150 k\u00edv\u00e1nja! - Szent Erzs\u00e9bet Karit\u00e1sz K\u00f6zpont","isPartOf":{"@id":"https:\/\/karitaszkozpont.hu\/#website"},"datePublished":"2023-09-05T05:17:59+00:00","dateModified":"2023-09-05T05:18:00+00:00","breadcrumb":{"@id":"https:\/\/karitaszkozpont.hu\/?p=3102#breadcrumb"},"inLanguage":"hu","potentialAction":[{"@type":"ReadAction","target":["https:\/\/karitaszkozpont.hu\/?p=3102"]}]},{"@type":"BreadcrumbList","@id":"https:\/\/karitaszkozpont.hu\/?p=3102#breadcrumb","itemListElement":[{"@type":"ListItem","position":1,"name":"Kezd\u0151lap","item":"https:\/\/karitaszkozpont.hu\/"},{"@type":"ListItem","position":2,"name":"219. \u00dagy szeress\u00fck Istent, ahogy \u0150 k\u00edv\u00e1nja!"}]},{"@type":"WebSite","@id":"https:\/\/karitaszkozpont.hu\/#website","url":"https:\/\/karitaszkozpont.hu\/","name":"Szent Erzs\u00e9bet Karit\u00e1sz K\u00f6zpont","description":"Esztergom-Budapesti F\u0151egyh\u00e1zmegye","publisher":{"@id":"https:\/\/karitaszkozpont.hu\/#organization"},"potentialAction":[{"@type":"SearchAction","target":{"@type":"EntryPoint","urlTemplate":"https:\/\/karitaszkozpont.hu\/?s={search_term_string}"},"query-input":"required name=search_term_string"}],"inLanguage":"hu"},{"@type":"Organization","@id":"https:\/\/karitaszkozpont.hu\/#organization","name":"Szent Erzs\u00e9bet Karit\u00e1sz K\u00f6zpont","url":"https:\/\/karitaszkozpont.hu\/","logo":{"@type":"ImageObject","inLanguage":"hu","@id":"https:\/\/karitaszkozpont.hu\/#\/schema\/logo\/image\/","url":"https:\/\/karitaszkp.hu\/wp-content\/uploads\/2019\/06\/cropped-logo-arnyekos-1.png","contentUrl":"https:\/\/karitaszkp.hu\/wp-content\/uploads\/2019\/06\/cropped-logo-arnyekos-1.png","width":240,"height":247,"caption":"Szent Erzs\u00e9bet Karit\u00e1sz K\u00f6zpont"},"image":{"@id":"https:\/\/karitaszkozpont.hu\/#\/schema\/logo\/image\/"}},{"@type":"Person","@id":"https:\/\/karitaszkozpont.hu\/#\/schema\/person\/0d9c28244c111914ea13bb1248775e57","name":"Karit\u00e1sz K\u00f6zpont","image":{"@type":"ImageObject","inLanguage":"hu","@id":"https:\/\/karitaszkozpont.hu\/#\/schema\/person\/image\/","url":"https:\/\/secure.gravatar.com\/avatar\/1274acd7c62f3cac92d2b38aad20c71b?s=96&d=mm&r=g","contentUrl":"https:\/\/secure.gravatar.com\/avatar\/1274acd7c62f3cac92d2b38aad20c71b?s=96&d=mm&r=g","caption":"Karit\u00e1sz K\u00f6zpont"},"url":"https:\/\/karitaszkozpont.hu\/?author=1"}]}},"_links":{"self":[{"href":"https:\/\/karitaszkozpont.hu\/index.php?rest_route=\/wp\/v2\/posts\/3102"}],"collection":[{"href":"https:\/\/karitaszkozpont.hu\/index.php?rest_route=\/wp\/v2\/posts"}],"about":[{"href":"https:\/\/karitaszkozpont.hu\/index.php?rest_route=\/wp\/v2\/types\/post"}],"author":[{"embeddable":true,"href":"https:\/\/karitaszkozpont.hu\/index.php?rest_route=\/wp\/v2\/users\/1"}],"replies":[{"embeddable":true,"href":"https:\/\/karitaszkozpont.hu\/index.php?rest_route=%2Fwp%2Fv2%2Fcomments&post=3102"}],"version-history":[{"count":1,"href":"https:\/\/karitaszkozpont.hu\/index.php?rest_route=\/wp\/v2\/posts\/3102\/revisions"}],"predecessor-version":[{"id":3103,"href":"https:\/\/karitaszkozpont.hu\/index.php?rest_route=\/wp\/v2\/posts\/3102\/revisions\/3103"}],"wp:featuredmedia":[{"embeddable":true,"href":"https:\/\/karitaszkozpont.hu\/index.php?rest_route=\/wp\/v2\/media\/563"}],"wp:attachment":[{"href":"https:\/\/karitaszkozpont.hu\/index.php?rest_route=%2Fwp%2Fv2%2Fmedia&parent=3102"}],"wp:term":[{"taxonomy":"category","embeddable":true,"href":"https:\/\/karitaszkozpont.hu\/index.php?rest_route=%2Fwp%2Fv2%2Fcategories&post=3102"},{"taxonomy":"post_tag","embeddable":true,"href":"https:\/\/karitaszkozpont.hu\/index.php?rest_route=%2Fwp%2Fv2%2Ftags&post=3102"}],"curies":[{"name":"wp","href":"https:\/\/api.w.org\/{rel}","templated":true}]}}