{"id":3080,"date":"2023-08-29T17:55:40","date_gmt":"2023-08-29T15:55:40","guid":{"rendered":"https:\/\/karitaszkp.hu\/?p=3080"},"modified":"2023-08-29T17:55:41","modified_gmt":"2023-08-29T15:55:41","slug":"a-katolikus-karitasz-tanevkezdeskor-is-segit","status":"publish","type":"post","link":"https:\/\/karitaszkozpont.hu\/?p=3080","title":{"rendered":"<strong>A Katolikus Karit\u00e1sz tan\u00e9vkezd\u00e9skor is seg\u00edt<\/strong>"},"content":{"rendered":"\n<p class=\"has-white-color has-vivid-red-background-color has-text-color has-background has-medium-font-size\"><strong>A Katolikus Karit\u00e1sz tan\u00e9vkezd\u00e9skor is seg\u00edt<\/strong><\/p>\n\n\n\n<p><strong>A Katolikus Karit\u00e1sz k\u00f6zrem\u0171k\u00f6d\u00e9s\u00e9vel \u00f6sszesen 120, anyagilag neh\u00e9z helyzetben l\u00e9v\u0151 csal\u00e1d kapott utalv\u00e1nyokat \u00e9s tanszereket Duna\u00fajv\u00e1rosban \u00e9s Gy\u0151rben. A Sz\u00e9kesfeh\u00e9rv\u00e1ri \u00e9s a Gy\u0151ri Egyh\u00e1zmegy\u00e9ben mindk\u00e9t esem\u00e9ny a Karit\u00e1sz \u201eLegyen az \u00f6r\u00f6m az iskolakezd\u00e9s\u201d elnevez\u00e9s\u0171 orsz\u00e1gos kamp\u00e1nya r\u00e9szek\u00e9nt val\u00f3sult meg 2023. augusztus 28-\u00e1n, mely szeptember 15-ig tart \u00e9s \u00e1tlagosan 10.000 gyermeknek jelent mank\u00f3t minden tan\u00e9vkezd\u00e9skor.<\/strong><\/p>\n\n\n\n<p>A Duna\u00fajv\u00e1rosi Karit\u00e1sz Csoport \u00f6r\u00f6mmel csatlakozott a seg\u00edts\u00e9gny\u00fajt\u00e1si akci\u00f3hoz, Duna\u00fajv\u00e1rosban \u00e9s k\u00f6rny\u00e9k\u00e9n 30 csal\u00e1d kapott v\u00e1s\u00e1rl\u00e1si utalv\u00e1nyt, n\u00e9h\u00e1ny k\u00e1rp\u00e1taljai csal\u00e1ddal egyetemben. Ez alkalomb\u00f3l tisztelet\u00e9t tette <strong>Sp\u00e1nyi<\/strong><strong> Antal <\/strong>megy\u00e9sp\u00fcsp\u00f6k, a Katolikus Karit\u00e1sz eln\u00f6ke, <strong>Zagyva Rich\u00e1rd<\/strong>, a Katolikus Karit\u00e1sz igazgat\u00f3helyettese, valamint <strong>Sinkovicsn\u00e9 M\u00e1t\u00e9 Hortenzia<\/strong> a Sz\u00e9kesfeh\u00e9rv\u00e1ri Egyh\u00e1zmegyei Karit\u00e1sz igazgat\u00f3ja is. Sp\u00e1nyi p\u00fcsp\u00f6k \u00far az \u00f6r\u00f6m fontoss\u00e1g\u00e1t hangs\u00falyozta: \u201e<em>Sz\u00edvb\u0151l k\u00edv\u00e1nom, hogy ez az iskola\u00e9v hozzon sok \u00f6r\u00f6met a gyerekeknek, \u00edgy azt\u00e1n a csal\u00e1doknak, sz\u00fcl\u0151knek is k\u00f6nnyebbek legyenek azok a terhek, amikkel szembe kell n\u00e9zni. Mert az a teher, amit \u00f6r\u00f6mmel visel\u00fcnk, az mindig k\u00f6nnyebb lesz<\/em>.\u201d<\/p>\n\n\n\n<p>A Gy\u0151ri Egyh\u00e1zmegyei Karit\u00e1sz k\u00f6zpontj\u00e1ban is augusztus 28-\u00e1n ker\u00fclt sor az \u00fcnnep\u00e9lyes tanszer\u00e1tad\u00e1sra, melyen L\u0151rincz Attila gy\u0151ri karit\u00e1sz igazgat\u00f3 \u00e9s prominens egyh\u00e1zi szem\u00e9lyek is r\u00e9szt vettek. <strong>Dr. Veres Andr\u00e1s<\/strong> gy\u0151ri megy\u00e9sp\u00fcsp\u00f6k, a Magyar Katolikus P\u00fcsp\u00f6ki Konferencia eln\u00f6ke els\u0151k\u00e9nt a jelenl\u00e9v\u0151 r\u00e1szorul\u00f3 gyerekeket k\u00f6sz\u00f6nt\u00f6tte, majd elmondta, hogy \u201e<em>a Katolikus Karit\u00e1sz nemcsak Gy\u0151rben vagy Magyarorsz\u00e1gon, hanem a h\u00e1bor\u00fa \u00e9s szeg\u00e9nys\u00e9g s\u00fajtotta nagyvil\u00e1gban is nagyon sokat seg\u00edt a r\u00e1szorul\u00f3 csal\u00e1doknak.\u201d<\/em><strong> \u00c9csy G\u00e1bor <\/strong>orsz\u00e1gos karit\u00e1sz igazgat\u00f3 pedig kiemelte a szem\u00e9lyes jelenl\u00e9t \u00e9s seg\u00edts\u00e9gny\u00fajt\u00e1s fontoss\u00e1g\u00e1t k\u00f6zvetlen k\u00f6rnyezet\u00fcnkben: <em>\u201ea Karit\u00e1sz munkat\u00e1rsainak \u00e9s \u00f6nk\u00e9nteseinek munk\u00e1ja nem \u00e9r v\u00e9get a kamp\u00e1nnyal, szeptember 15. ut\u00e1n is k\u00f6vetj\u00fck a l\u00e1t\u00f3ter\u00fcnkben l\u00e9v\u0151 emberek sors\u00e1t, legyen sz\u00f3 h\u00e1bor\u00far\u00f3l, munkan\u00e9lk\u00fclis\u00e9gr\u0151l, vagy egy betelt matek f\u00fczetr\u0151l.\u201d <\/em><\/p>\n\n\n\n<div style=\"height:100px\" aria-hidden=\"true\" class=\"wp-block-spacer\"><\/div>\n\n\n\n<div class=\"is-layout-constrained wp-block-group\"><div class=\"wp-block-group__inner-container\">\n<hr class=\"wp-block-separator has-alpha-channel-opacity\"\/>\n<\/div><\/div>\n\n\n\n<p>A szervezet iskolakezd\u00e9si akci\u00f3ja szeptember 15-ig tart. Az ebben az id\u0151szakban \u00e9rkez\u0151 h\u00edv\u00e1sokat, adom\u00e1nyokat az iskol\u00e1s gyermekek t\u00e1mogat\u00e1s\u00e1ra ford\u00edtj\u00e1k. A 1356-os adom\u00e1nyvonal h\u00edv\u00e1sa mellett online adom\u00e1nyoz\u00e1sra is van lehet\u0151s\u00e9g, a Katolikus Karit\u00e1sz a honlapj\u00e1n \u00e9s k\u00f6zponti banksz\u00e1ml\u00e1j\u00e1n is v\u00e1rja az adom\u00e1nyokat \u201eIskolakezd\u00e9s\u201d megnevez\u00e9ssel: Raiffeisen Bank 12011148\u201300124534\u201300100008. Tov\u00e1bb\u00e1 a seg\u00e9lyszervezet egyh\u00e1zmegyei k\u00f6zpontjai is \u00f6r\u00f6mmel fogadj\u00e1k a t\u00e1rgyi \u00e9s anyagi t\u00e1mogat\u00e1sokat az iskol\u00e1s gyermekek t\u00e1mogat\u00e1sa c\u00e9lj\u00e1b\u00f3l.<\/p>\n\n\n\n<hr class=\"wp-block-separator has-alpha-channel-opacity\"\/>\n\n\n\n<div class=\"wp-block-envira-envira-gallery\"><div id=\"envira-gallery-wrap-3086\" class=\"envira-gallery-wrap envira-gallery-theme-base envira-lightbox-theme-base\" itemscope itemtype=\"https:\/\/schema.org\/ImageGallery\"><div data-row-height=\"150\" data-gallery-theme=\"normal\" id=\"envira-gallery-3086\" class=\"envira-gallery-public envira-gallery-justified-public envira-gallery-0-columns envira-clear enviratope envira-gallery-css-animations\" data-envira-columns=\"0\"><div id=\"envira-gallery-item-3081\" class=\"envira-gallery-item enviratope-item envira-gallery-item-1 envira-lazy-load\" style=\"padding-left: 1px; padding-bottom: 1px; padding-right: 1px;\"  itemscope itemtype=\"https:\/\/schema.org\/ImageObject\"><div class=\"envira-gallery-item-inner\"><div class=\"envira-gallery-position-overlay  envira-gallery-top-left\"><\/div><div class=\"envira-gallery-position-overlay  envira-gallery-top-right\"><\/div><div class=\"envira-gallery-position-overlay  envira-gallery-bottom-left\"><\/div><div class=\"envira-gallery-position-overlay  envira-gallery-bottom-right\"><\/div><a href=\"https:\/\/karitaszkp.hu\/wp-content\/uploads\/2023\/08\/legyen-orom-karitasz-7.jpg\" class=\"envira-gallery-3086 envira-gallery-link\" rel=\"enviragallery3086\" title=\"legyen-orom-karitasz-7\" data-envira-caption=\"legyen-orom-karitasz-7\" data-envira-retina=\"\" data-thumbnail=\"\"  itemprop=\"contentUrl\"><img id=\"envira-gallery-image-3081\" class=\"envira-gallery-image envira-gallery-image-1 envira-normal envira-lazy\" data-envira-index=\"1\" src=\"https:\/\/karitaszkozpont.hu\/wp-content\/uploads\/2023\/08\/legyen-orom-karitasz-7.jpg\" data-envira-src=\"https:\/\/karitaszkozpont.hu\/wp-content\/uploads\/2023\/08\/legyen-orom-karitasz-7.jpg\" data-envira-gallery-id=\"3086\" data-envira-item-id=\"3081\" data-envira-caption=\"legyen-orom-karitasz-7\" alt=\"\" title=\"legyen-orom-karitasz-7\"  itemprop=\"thumbnailUrl\" data-envira-srcset=\"https:\/\/karitaszkozpont.hu\/wp-content\/uploads\/2023\/08\/legyen-orom-karitasz-7.jpg 400w,https:\/\/karitaszkozpont.hu\/wp-content\/uploads\/2023\/08\/legyen-orom-karitasz-7.jpg 2x\" data-envira-width=\"300\" data-envira-height=\"225\" srcset=\"data:image\/gif;base64,R0lGODlhAQABAIAAAP\/\/\/\/\/\/\/yH5BAEKAAEALAAAAAABAAEAAAICTAEAOw==\" data-safe-src=\"data:image\/gif;base64,R0lGODlhAQABAIAAAP\/\/\/\/\/\/\/yH5BAEKAAEALAAAAAABAAEAAAICTAEAOw==\" \/><\/a><\/div><\/div><div id=\"envira-gallery-item-3082\" class=\"envira-gallery-item enviratope-item envira-gallery-item-2 envira-lazy-load\" style=\"padding-left: 1px; padding-bottom: 1px; padding-right: 1px;\"  itemscope itemtype=\"https:\/\/schema.org\/ImageObject\"><div class=\"envira-gallery-item-inner\"><div class=\"envira-gallery-position-overlay  envira-gallery-top-left\"><\/div><div class=\"envira-gallery-position-overlay  envira-gallery-top-right\"><\/div><div class=\"envira-gallery-position-overlay  envira-gallery-bottom-left\"><\/div><div class=\"envira-gallery-position-overlay  envira-gallery-bottom-right\"><\/div><a href=\"https:\/\/karitaszkp.hu\/wp-content\/uploads\/2023\/08\/legyen-orom-karitasz-6.jpg\" class=\"envira-gallery-3086 envira-gallery-link\" rel=\"enviragallery3086\" title=\"legyen-orom-karitasz-6\" data-envira-caption=\"legyen-orom-karitasz-6\" data-envira-retina=\"\" data-thumbnail=\"\"  itemprop=\"contentUrl\"><img id=\"envira-gallery-image-3082\" class=\"envira-gallery-image envira-gallery-image-2 envira-normal envira-lazy\" data-envira-index=\"2\" src=\"https:\/\/karitaszkozpont.hu\/wp-content\/uploads\/2023\/08\/legyen-orom-karitasz-6.jpg\" data-envira-src=\"https:\/\/karitaszkozpont.hu\/wp-content\/uploads\/2023\/08\/legyen-orom-karitasz-6.jpg\" data-envira-gallery-id=\"3086\" data-envira-item-id=\"3082\" data-envira-caption=\"legyen-orom-karitasz-6\" alt=\"\" title=\"legyen-orom-karitasz-6\"  itemprop=\"thumbnailUrl\" data-envira-srcset=\"https:\/\/karitaszkozpont.hu\/wp-content\/uploads\/2023\/08\/legyen-orom-karitasz-6.jpg 400w,https:\/\/karitaszkozpont.hu\/wp-content\/uploads\/2023\/08\/legyen-orom-karitasz-6.jpg 2x\" data-envira-width=\"300\" data-envira-height=\"225\" srcset=\"data:image\/gif;base64,R0lGODlhAQABAIAAAP\/\/\/\/\/\/\/yH5BAEKAAEALAAAAAABAAEAAAICTAEAOw==\" data-safe-src=\"data:image\/gif;base64,R0lGODlhAQABAIAAAP\/\/\/\/\/\/\/yH5BAEKAAEALAAAAAABAAEAAAICTAEAOw==\" \/><\/a><\/div><\/div><div id=\"envira-gallery-item-3083\" class=\"envira-gallery-item enviratope-item envira-gallery-item-3 envira-lazy-load\" style=\"padding-left: 1px; padding-bottom: 1px; padding-right: 1px;\"  itemscope itemtype=\"https:\/\/schema.org\/ImageObject\"><div class=\"envira-gallery-item-inner\"><div class=\"envira-gallery-position-overlay  envira-gallery-top-left\"><\/div><div class=\"envira-gallery-position-overlay  envira-gallery-top-right\"><\/div><div class=\"envira-gallery-position-overlay  envira-gallery-bottom-left\"><\/div><div class=\"envira-gallery-position-overlay  envira-gallery-bottom-right\"><\/div><a href=\"https:\/\/karitaszkp.hu\/wp-content\/uploads\/2023\/08\/legyen-orom-karitasz-4.jpg\" class=\"envira-gallery-3086 envira-gallery-link\" rel=\"enviragallery3086\" title=\"legyen-orom-karitasz-4\" data-envira-caption=\"legyen-orom-karitasz-4\" data-envira-retina=\"\" data-thumbnail=\"\"  itemprop=\"contentUrl\"><img id=\"envira-gallery-image-3083\" class=\"envira-gallery-image envira-gallery-image-3 envira-normal envira-lazy\" data-envira-index=\"3\" src=\"https:\/\/karitaszkozpont.hu\/wp-content\/uploads\/2023\/08\/legyen-orom-karitasz-4.jpg\" data-envira-src=\"https:\/\/karitaszkozpont.hu\/wp-content\/uploads\/2023\/08\/legyen-orom-karitasz-4.jpg\" data-envira-gallery-id=\"3086\" data-envira-item-id=\"3083\" data-envira-caption=\"legyen-orom-karitasz-4\" alt=\"\" title=\"legyen-orom-karitasz-4\"  itemprop=\"thumbnailUrl\" data-envira-srcset=\"https:\/\/karitaszkozpont.hu\/wp-content\/uploads\/2023\/08\/legyen-orom-karitasz-4.jpg 400w,https:\/\/karitaszkozpont.hu\/wp-content\/uploads\/2023\/08\/legyen-orom-karitasz-4.jpg 2x\" data-envira-width=\"300\" data-envira-height=\"225\" srcset=\"data:image\/gif;base64,R0lGODlhAQABAIAAAP\/\/\/\/\/\/\/yH5BAEKAAEALAAAAAABAAEAAAICTAEAOw==\" data-safe-src=\"data:image\/gif;base64,R0lGODlhAQABAIAAAP\/\/\/\/\/\/\/yH5BAEKAAEALAAAAAABAAEAAAICTAEAOw==\" \/><\/a><\/div><\/div><div id=\"envira-gallery-item-3084\" class=\"envira-gallery-item enviratope-item envira-gallery-item-4 envira-lazy-load\" style=\"padding-left: 1px; padding-bottom: 1px; padding-right: 1px;\"  itemscope itemtype=\"https:\/\/schema.org\/ImageObject\"><div class=\"envira-gallery-item-inner\"><div class=\"envira-gallery-position-overlay  envira-gallery-top-left\"><\/div><div class=\"envira-gallery-position-overlay  envira-gallery-top-right\"><\/div><div class=\"envira-gallery-position-overlay  envira-gallery-bottom-left\"><\/div><div class=\"envira-gallery-position-overlay  envira-gallery-bottom-right\"><\/div><a href=\"https:\/\/karitaszkp.hu\/wp-content\/uploads\/2023\/08\/legyen-orom-karitasz-3.jpg\" class=\"envira-gallery-3086 envira-gallery-link\" rel=\"enviragallery3086\" title=\"legyen-orom-karitasz-3\" data-envira-caption=\"legyen-orom-karitasz-3\" data-envira-retina=\"\" data-thumbnail=\"\"  itemprop=\"contentUrl\"><img id=\"envira-gallery-image-3084\" class=\"envira-gallery-image envira-gallery-image-4 envira-normal envira-lazy\" data-envira-index=\"4\" src=\"https:\/\/karitaszkozpont.hu\/wp-content\/uploads\/2023\/08\/legyen-orom-karitasz-3.jpg\" data-envira-src=\"https:\/\/karitaszkozpont.hu\/wp-content\/uploads\/2023\/08\/legyen-orom-karitasz-3.jpg\" data-envira-gallery-id=\"3086\" data-envira-item-id=\"3084\" data-envira-caption=\"legyen-orom-karitasz-3\" alt=\"\" title=\"legyen-orom-karitasz-3\"  itemprop=\"thumbnailUrl\" data-envira-srcset=\"https:\/\/karitaszkozpont.hu\/wp-content\/uploads\/2023\/08\/legyen-orom-karitasz-3.jpg 400w,https:\/\/karitaszkozpont.hu\/wp-content\/uploads\/2023\/08\/legyen-orom-karitasz-3.jpg 2x\" data-envira-width=\"300\" data-envira-height=\"225\" srcset=\"data:image\/gif;base64,R0lGODlhAQABAIAAAP\/\/\/\/\/\/\/yH5BAEKAAEALAAAAAABAAEAAAICTAEAOw==\" data-safe-src=\"data:image\/gif;base64,R0lGODlhAQABAIAAAP\/\/\/\/\/\/\/yH5BAEKAAEALAAAAAABAAEAAAICTAEAOw==\" \/><\/a><\/div><\/div><div id=\"envira-gallery-item-3085\" class=\"envira-gallery-item enviratope-item envira-gallery-item-5 envira-lazy-load\" style=\"padding-left: 1px; padding-bottom: 1px; padding-right: 1px;\"  itemscope itemtype=\"https:\/\/schema.org\/ImageObject\"><div class=\"envira-gallery-item-inner\"><div class=\"envira-gallery-position-overlay  envira-gallery-top-left\"><\/div><div class=\"envira-gallery-position-overlay  envira-gallery-top-right\"><\/div><div class=\"envira-gallery-position-overlay  envira-gallery-bottom-left\"><\/div><div class=\"envira-gallery-position-overlay  envira-gallery-bottom-right\"><\/div><a href=\"https:\/\/karitaszkp.hu\/wp-content\/uploads\/2023\/08\/legyen-orom-karitasz-1.jpg\" class=\"envira-gallery-3086 envira-gallery-link\" rel=\"enviragallery3086\" title=\"legyen-orom-karitasz-1\" data-envira-caption=\"legyen-orom-karitasz-1\" data-envira-retina=\"\" data-thumbnail=\"\"  itemprop=\"contentUrl\"><img id=\"envira-gallery-image-3085\" class=\"envira-gallery-image envira-gallery-image-5 envira-normal envira-lazy\" data-envira-index=\"5\" src=\"https:\/\/karitaszkozpont.hu\/wp-content\/uploads\/2023\/08\/legyen-orom-karitasz-1.jpg\" data-envira-src=\"https:\/\/karitaszkozpont.hu\/wp-content\/uploads\/2023\/08\/legyen-orom-karitasz-1.jpg\" data-envira-gallery-id=\"3086\" data-envira-item-id=\"3085\" data-envira-caption=\"legyen-orom-karitasz-1\" alt=\"\" title=\"legyen-orom-karitasz-1\"  itemprop=\"thumbnailUrl\" data-envira-srcset=\"https:\/\/karitaszkozpont.hu\/wp-content\/uploads\/2023\/08\/legyen-orom-karitasz-1.jpg 400w,https:\/\/karitaszkozpont.hu\/wp-content\/uploads\/2023\/08\/legyen-orom-karitasz-1.jpg 2x\" data-envira-width=\"300\" data-envira-height=\"225\" srcset=\"data:image\/gif;base64,R0lGODlhAQABAIAAAP\/\/\/\/\/\/\/yH5BAEKAAEALAAAAAABAAEAAAICTAEAOw==\" data-safe-src=\"data:image\/gif;base64,R0lGODlhAQABAIAAAP\/\/\/\/\/\/\/yH5BAEKAAEALAAAAAABAAEAAAICTAEAOw==\" \/><\/a><\/div><\/div><\/div><\/div><noscript><img src=\"https:\/\/karitaszkozpont.hu\/wp-content\/uploads\/2023\/08\/legyen-orom-karitasz-7.jpg\" alt=\"\" \/><img src=\"https:\/\/karitaszkozpont.hu\/wp-content\/uploads\/2023\/08\/legyen-orom-karitasz-6.jpg\" alt=\"\" \/><img src=\"https:\/\/karitaszkozpont.hu\/wp-content\/uploads\/2023\/08\/legyen-orom-karitasz-4.jpg\" alt=\"\" \/><img src=\"https:\/\/karitaszkozpont.hu\/wp-content\/uploads\/2023\/08\/legyen-orom-karitasz-3.jpg\" alt=\"\" \/><img src=\"https:\/\/karitaszkozpont.hu\/wp-content\/uploads\/2023\/08\/legyen-orom-karitasz-1.jpg\" alt=\"\" \/><\/noscript><\/div>\n\n\n\n<p><strong>Tov\u00e1bbi inform\u00e1ci\u00f3:<\/strong><\/p>\n\n\n\n<p><a href=\"mailto:sajto@caritas.org.hu\">sajto@caritas.org.hu<\/a><\/p>\n\n\n\n<p>Szabados Edina 06306881989<\/p>\n","protected":false},"excerpt":{"rendered":"<p>A Katolikus Karit\u00e1sz tan\u00e9vkezd\u00e9skor is seg\u00edt A Katolikus Karit\u00e1sz k\u00f6zrem\u0171k\u00f6d\u00e9s\u00e9vel \u00f6sszesen 120, anyagilag neh\u00e9z helyzetben l\u00e9v\u0151 csal\u00e1d kapott utalv\u00e1nyokat \u00e9s tanszereket Duna\u00fajv\u00e1rosban \u00e9s Gy\u0151rben. A Sz\u00e9kesfeh\u00e9rv\u00e1ri \u00e9s a Gy\u0151ri Egyh\u00e1zmegy\u00e9ben mindk\u00e9t esem\u00e9ny a Karit\u00e1sz \u201eLegyen az \u00f6r\u00f6m az iskolakezd\u00e9s\u201d elnevez\u00e9s\u0171 orsz\u00e1gos kamp\u00e1nya r\u00e9szek\u00e9nt val\u00f3sult meg 2023. augusztus 28-\u00e1n, mely szeptember 15-ig tart \u00e9s \u00e1tlagosan 10.000 &hellip; <\/p>\n<p class=\"link-more\"><a href=\"https:\/\/karitaszkozpont.hu\/?p=3080\" class=\"more-link\">Continue reading<span class=\"screen-reader-text\"> &#8222;<strong>A Katolikus Karit\u00e1sz tan\u00e9vkezd\u00e9skor is seg\u00edt<\/strong>&#8222;<\/span><\/a><\/p>\n","protected":false},"author":1,"featured_media":3082,"comment_status":"closed","ping_status":"open","sticky":false,"template":"","format":"standard","meta":[],"categories":[4],"tags":[],"yoast_head":"<!-- This site is optimized with the Yoast SEO plugin v20.1 - https:\/\/yoast.com\/wordpress\/plugins\/seo\/ -->\n<title>A Katolikus Karit\u00e1sz tan\u00e9vkezd\u00e9skor is seg\u00edt - Szent Erzs\u00e9bet Karit\u00e1sz K\u00f6zpont<\/title>\n<meta name=\"robots\" content=\"index, follow, max-snippet:-1, max-image-preview:large, max-video-preview:-1\" \/>\n<link rel=\"canonical\" href=\"https:\/\/karitaszkozpont.hu\/?p=3080\" \/>\n<meta property=\"og:locale\" content=\"hu_HU\" \/>\n<meta property=\"og:type\" content=\"article\" \/>\n<meta property=\"og:title\" content=\"A Katolikus Karit\u00e1sz tan\u00e9vkezd\u00e9skor is seg\u00edt - Szent Erzs\u00e9bet Karit\u00e1sz K\u00f6zpont\" \/>\n<meta property=\"og:description\" content=\"A Katolikus Karit\u00e1sz tan\u00e9vkezd\u00e9skor is seg\u00edt A Katolikus Karit\u00e1sz k\u00f6zrem\u0171k\u00f6d\u00e9s\u00e9vel \u00f6sszesen 120, anyagilag neh\u00e9z helyzetben l\u00e9v\u0151 csal\u00e1d kapott utalv\u00e1nyokat \u00e9s tanszereket Duna\u00fajv\u00e1rosban \u00e9s Gy\u0151rben. A Sz\u00e9kesfeh\u00e9rv\u00e1ri \u00e9s a Gy\u0151ri Egyh\u00e1zmegy\u00e9ben mindk\u00e9t esem\u00e9ny a Karit\u00e1sz \u201eLegyen az \u00f6r\u00f6m az iskolakezd\u00e9s\u201d elnevez\u00e9s\u0171 orsz\u00e1gos kamp\u00e1nya r\u00e9szek\u00e9nt val\u00f3sult meg 2023. augusztus 28-\u00e1n, mely szeptember 15-ig tart \u00e9s \u00e1tlagosan 10.000 &hellip; Continue reading &quot;A Katolikus Karit\u00e1sz tan\u00e9vkezd\u00e9skor is seg\u00edt&quot;\" \/>\n<meta property=\"og:url\" content=\"https:\/\/karitaszkozpont.hu\/?p=3080\" \/>\n<meta property=\"og:site_name\" content=\"Szent Erzs\u00e9bet Karit\u00e1sz K\u00f6zpont\" \/>\n<meta property=\"article:published_time\" content=\"2023-08-29T15:55:40+00:00\" \/>\n<meta property=\"article:modified_time\" content=\"2023-08-29T15:55:41+00:00\" \/>\n<meta property=\"og:image\" content=\"https:\/\/karitaszkozpont.hu\/wp-content\/uploads\/2023\/08\/legyen-orom-karitasz-6.jpg\" \/>\n\t<meta property=\"og:image:width\" content=\"640\" \/>\n\t<meta property=\"og:image:height\" content=\"480\" \/>\n\t<meta property=\"og:image:type\" content=\"image\/jpeg\" \/>\n<meta name=\"author\" content=\"Karit\u00e1sz K\u00f6zpont\" \/>\n<meta name=\"twitter:card\" content=\"summary_large_image\" \/>\n<meta name=\"twitter:label1\" content=\"Szerz\u0151:\" \/>\n\t<meta name=\"twitter:data1\" content=\"Karit\u00e1sz K\u00f6zpont\" \/>\n\t<meta name=\"twitter:label2\" content=\"Becs\u00fclt olvas\u00e1si id\u0151\" \/>\n\t<meta name=\"twitter:data2\" content=\"2 perc\" \/>\n<script type=\"application\/ld+json\" class=\"yoast-schema-graph\">{\"@context\":\"https:\/\/schema.org\",\"@graph\":[{\"@type\":\"Article\",\"@id\":\"https:\/\/karitaszkozpont.hu\/?p=3080#article\",\"isPartOf\":{\"@id\":\"https:\/\/karitaszkozpont.hu\/?p=3080\"},\"author\":{\"name\":\"Karit\u00e1sz K\u00f6zpont\",\"@id\":\"https:\/\/karitaszkozpont.hu\/#\/schema\/person\/0d9c28244c111914ea13bb1248775e57\"},\"headline\":\"A Katolikus Karit\u00e1sz tan\u00e9vkezd\u00e9skor is seg\u00edt\",\"datePublished\":\"2023-08-29T15:55:40+00:00\",\"dateModified\":\"2023-08-29T15:55:41+00:00\",\"mainEntityOfPage\":{\"@id\":\"https:\/\/karitaszkozpont.hu\/?p=3080\"},\"wordCount\":571,\"publisher\":{\"@id\":\"https:\/\/karitaszkozpont.hu\/#organization\"},\"articleSection\":[\"H\u00edrek\"],\"inLanguage\":\"hu\"},{\"@type\":\"WebPage\",\"@id\":\"https:\/\/karitaszkozpont.hu\/?p=3080\",\"url\":\"https:\/\/karitaszkozpont.hu\/?p=3080\",\"name\":\"A Katolikus Karit\u00e1sz tan\u00e9vkezd\u00e9skor is seg\u00edt - Szent Erzs\u00e9bet Karit\u00e1sz K\u00f6zpont\",\"isPartOf\":{\"@id\":\"https:\/\/karitaszkozpont.hu\/#website\"},\"datePublished\":\"2023-08-29T15:55:40+00:00\",\"dateModified\":\"2023-08-29T15:55:41+00:00\",\"breadcrumb\":{\"@id\":\"https:\/\/karitaszkozpont.hu\/?p=3080#breadcrumb\"},\"inLanguage\":\"hu\",\"potentialAction\":[{\"@type\":\"ReadAction\",\"target\":[\"https:\/\/karitaszkozpont.hu\/?p=3080\"]}]},{\"@type\":\"BreadcrumbList\",\"@id\":\"https:\/\/karitaszkozpont.hu\/?p=3080#breadcrumb\",\"itemListElement\":[{\"@type\":\"ListItem\",\"position\":1,\"name\":\"Kezd\u0151lap\",\"item\":\"https:\/\/karitaszkozpont.hu\/\"},{\"@type\":\"ListItem\",\"position\":2,\"name\":\"A Katolikus Karit\u00e1sz tan\u00e9vkezd\u00e9skor is seg\u00edt\"}]},{\"@type\":\"WebSite\",\"@id\":\"https:\/\/karitaszkozpont.hu\/#website\",\"url\":\"https:\/\/karitaszkozpont.hu\/\",\"name\":\"Szent Erzs\u00e9bet Karit\u00e1sz K\u00f6zpont\",\"description\":\"Esztergom-Budapesti F\u0151egyh\u00e1zmegye\",\"publisher\":{\"@id\":\"https:\/\/karitaszkozpont.hu\/#organization\"},\"potentialAction\":[{\"@type\":\"SearchAction\",\"target\":{\"@type\":\"EntryPoint\",\"urlTemplate\":\"https:\/\/karitaszkozpont.hu\/?s={search_term_string}\"},\"query-input\":\"required name=search_term_string\"}],\"inLanguage\":\"hu\"},{\"@type\":\"Organization\",\"@id\":\"https:\/\/karitaszkozpont.hu\/#organization\",\"name\":\"Szent Erzs\u00e9bet Karit\u00e1sz K\u00f6zpont\",\"url\":\"https:\/\/karitaszkozpont.hu\/\",\"logo\":{\"@type\":\"ImageObject\",\"inLanguage\":\"hu\",\"@id\":\"https:\/\/karitaszkozpont.hu\/#\/schema\/logo\/image\/\",\"url\":\"https:\/\/karitaszkp.hu\/wp-content\/uploads\/2019\/06\/cropped-logo-arnyekos-1.png\",\"contentUrl\":\"https:\/\/karitaszkp.hu\/wp-content\/uploads\/2019\/06\/cropped-logo-arnyekos-1.png\",\"width\":240,\"height\":247,\"caption\":\"Szent Erzs\u00e9bet Karit\u00e1sz K\u00f6zpont\"},\"image\":{\"@id\":\"https:\/\/karitaszkozpont.hu\/#\/schema\/logo\/image\/\"}},{\"@type\":\"Person\",\"@id\":\"https:\/\/karitaszkozpont.hu\/#\/schema\/person\/0d9c28244c111914ea13bb1248775e57\",\"name\":\"Karit\u00e1sz K\u00f6zpont\",\"image\":{\"@type\":\"ImageObject\",\"inLanguage\":\"hu\",\"@id\":\"https:\/\/karitaszkozpont.hu\/#\/schema\/person\/image\/\",\"url\":\"https:\/\/secure.gravatar.com\/avatar\/1274acd7c62f3cac92d2b38aad20c71b?s=96&d=mm&r=g\",\"contentUrl\":\"https:\/\/secure.gravatar.com\/avatar\/1274acd7c62f3cac92d2b38aad20c71b?s=96&d=mm&r=g\",\"caption\":\"Karit\u00e1sz K\u00f6zpont\"},\"url\":\"https:\/\/karitaszkozpont.hu\/?author=1\"}]}<\/script>\n<!-- \/ Yoast SEO plugin. -->","yoast_head_json":{"title":"A Katolikus Karit\u00e1sz tan\u00e9vkezd\u00e9skor is seg\u00edt - Szent Erzs\u00e9bet Karit\u00e1sz K\u00f6zpont","robots":{"index":"index","follow":"follow","max-snippet":"max-snippet:-1","max-image-preview":"max-image-preview:large","max-video-preview":"max-video-preview:-1"},"canonical":"https:\/\/karitaszkozpont.hu\/?p=3080","og_locale":"hu_HU","og_type":"article","og_title":"A Katolikus Karit\u00e1sz tan\u00e9vkezd\u00e9skor is seg\u00edt - Szent Erzs\u00e9bet Karit\u00e1sz K\u00f6zpont","og_description":"A Katolikus Karit\u00e1sz tan\u00e9vkezd\u00e9skor is seg\u00edt A Katolikus Karit\u00e1sz k\u00f6zrem\u0171k\u00f6d\u00e9s\u00e9vel \u00f6sszesen 120, anyagilag neh\u00e9z helyzetben l\u00e9v\u0151 csal\u00e1d kapott utalv\u00e1nyokat \u00e9s tanszereket Duna\u00fajv\u00e1rosban \u00e9s Gy\u0151rben. A Sz\u00e9kesfeh\u00e9rv\u00e1ri \u00e9s a Gy\u0151ri Egyh\u00e1zmegy\u00e9ben mindk\u00e9t esem\u00e9ny a Karit\u00e1sz \u201eLegyen az \u00f6r\u00f6m az iskolakezd\u00e9s\u201d elnevez\u00e9s\u0171 orsz\u00e1gos kamp\u00e1nya r\u00e9szek\u00e9nt val\u00f3sult meg 2023. augusztus 28-\u00e1n, mely szeptember 15-ig tart \u00e9s \u00e1tlagosan 10.000 &hellip; Continue reading \"A Katolikus Karit\u00e1sz tan\u00e9vkezd\u00e9skor is seg\u00edt\"","og_url":"https:\/\/karitaszkozpont.hu\/?p=3080","og_site_name":"Szent Erzs\u00e9bet Karit\u00e1sz K\u00f6zpont","article_published_time":"2023-08-29T15:55:40+00:00","article_modified_time":"2023-08-29T15:55:41+00:00","og_image":[{"width":640,"height":480,"url":"https:\/\/karitaszkozpont.hu\/wp-content\/uploads\/2023\/08\/legyen-orom-karitasz-6.jpg","type":"image\/jpeg"}],"author":"Karit\u00e1sz K\u00f6zpont","twitter_card":"summary_large_image","twitter_misc":{"Szerz\u0151:":"Karit\u00e1sz K\u00f6zpont","Becs\u00fclt olvas\u00e1si id\u0151":"2 perc"},"schema":{"@context":"https:\/\/schema.org","@graph":[{"@type":"Article","@id":"https:\/\/karitaszkozpont.hu\/?p=3080#article","isPartOf":{"@id":"https:\/\/karitaszkozpont.hu\/?p=3080"},"author":{"name":"Karit\u00e1sz K\u00f6zpont","@id":"https:\/\/karitaszkozpont.hu\/#\/schema\/person\/0d9c28244c111914ea13bb1248775e57"},"headline":"A Katolikus Karit\u00e1sz tan\u00e9vkezd\u00e9skor is seg\u00edt","datePublished":"2023-08-29T15:55:40+00:00","dateModified":"2023-08-29T15:55:41+00:00","mainEntityOfPage":{"@id":"https:\/\/karitaszkozpont.hu\/?p=3080"},"wordCount":571,"publisher":{"@id":"https:\/\/karitaszkozpont.hu\/#organization"},"articleSection":["H\u00edrek"],"inLanguage":"hu"},{"@type":"WebPage","@id":"https:\/\/karitaszkozpont.hu\/?p=3080","url":"https:\/\/karitaszkozpont.hu\/?p=3080","name":"A Katolikus Karit\u00e1sz tan\u00e9vkezd\u00e9skor is seg\u00edt - Szent Erzs\u00e9bet Karit\u00e1sz K\u00f6zpont","isPartOf":{"@id":"https:\/\/karitaszkozpont.hu\/#website"},"datePublished":"2023-08-29T15:55:40+00:00","dateModified":"2023-08-29T15:55:41+00:00","breadcrumb":{"@id":"https:\/\/karitaszkozpont.hu\/?p=3080#breadcrumb"},"inLanguage":"hu","potentialAction":[{"@type":"ReadAction","target":["https:\/\/karitaszkozpont.hu\/?p=3080"]}]},{"@type":"BreadcrumbList","@id":"https:\/\/karitaszkozpont.hu\/?p=3080#breadcrumb","itemListElement":[{"@type":"ListItem","position":1,"name":"Kezd\u0151lap","item":"https:\/\/karitaszkozpont.hu\/"},{"@type":"ListItem","position":2,"name":"A Katolikus Karit\u00e1sz tan\u00e9vkezd\u00e9skor is seg\u00edt"}]},{"@type":"WebSite","@id":"https:\/\/karitaszkozpont.hu\/#website","url":"https:\/\/karitaszkozpont.hu\/","name":"Szent Erzs\u00e9bet Karit\u00e1sz K\u00f6zpont","description":"Esztergom-Budapesti F\u0151egyh\u00e1zmegye","publisher":{"@id":"https:\/\/karitaszkozpont.hu\/#organization"},"potentialAction":[{"@type":"SearchAction","target":{"@type":"EntryPoint","urlTemplate":"https:\/\/karitaszkozpont.hu\/?s={search_term_string}"},"query-input":"required name=search_term_string"}],"inLanguage":"hu"},{"@type":"Organization","@id":"https:\/\/karitaszkozpont.hu\/#organization","name":"Szent Erzs\u00e9bet Karit\u00e1sz K\u00f6zpont","url":"https:\/\/karitaszkozpont.hu\/","logo":{"@type":"ImageObject","inLanguage":"hu","@id":"https:\/\/karitaszkozpont.hu\/#\/schema\/logo\/image\/","url":"https:\/\/karitaszkp.hu\/wp-content\/uploads\/2019\/06\/cropped-logo-arnyekos-1.png","contentUrl":"https:\/\/karitaszkp.hu\/wp-content\/uploads\/2019\/06\/cropped-logo-arnyekos-1.png","width":240,"height":247,"caption":"Szent Erzs\u00e9bet Karit\u00e1sz K\u00f6zpont"},"image":{"@id":"https:\/\/karitaszkozpont.hu\/#\/schema\/logo\/image\/"}},{"@type":"Person","@id":"https:\/\/karitaszkozpont.hu\/#\/schema\/person\/0d9c28244c111914ea13bb1248775e57","name":"Karit\u00e1sz K\u00f6zpont","image":{"@type":"ImageObject","inLanguage":"hu","@id":"https:\/\/karitaszkozpont.hu\/#\/schema\/person\/image\/","url":"https:\/\/secure.gravatar.com\/avatar\/1274acd7c62f3cac92d2b38aad20c71b?s=96&d=mm&r=g","contentUrl":"https:\/\/secure.gravatar.com\/avatar\/1274acd7c62f3cac92d2b38aad20c71b?s=96&d=mm&r=g","caption":"Karit\u00e1sz K\u00f6zpont"},"url":"https:\/\/karitaszkozpont.hu\/?author=1"}]}},"_links":{"self":[{"href":"https:\/\/karitaszkozpont.hu\/index.php?rest_route=\/wp\/v2\/posts\/3080"}],"collection":[{"href":"https:\/\/karitaszkozpont.hu\/index.php?rest_route=\/wp\/v2\/posts"}],"about":[{"href":"https:\/\/karitaszkozpont.hu\/index.php?rest_route=\/wp\/v2\/types\/post"}],"author":[{"embeddable":true,"href":"https:\/\/karitaszkozpont.hu\/index.php?rest_route=\/wp\/v2\/users\/1"}],"replies":[{"embeddable":true,"href":"https:\/\/karitaszkozpont.hu\/index.php?rest_route=%2Fwp%2Fv2%2Fcomments&post=3080"}],"version-history":[{"count":1,"href":"https:\/\/karitaszkozpont.hu\/index.php?rest_route=\/wp\/v2\/posts\/3080\/revisions"}],"predecessor-version":[{"id":3087,"href":"https:\/\/karitaszkozpont.hu\/index.php?rest_route=\/wp\/v2\/posts\/3080\/revisions\/3087"}],"wp:featuredmedia":[{"embeddable":true,"href":"https:\/\/karitaszkozpont.hu\/index.php?rest_route=\/wp\/v2\/media\/3082"}],"wp:attachment":[{"href":"https:\/\/karitaszkozpont.hu\/index.php?rest_route=%2Fwp%2Fv2%2Fmedia&parent=3080"}],"wp:term":[{"taxonomy":"category","embeddable":true,"href":"https:\/\/karitaszkozpont.hu\/index.php?rest_route=%2Fwp%2Fv2%2Fcategories&post=3080"},{"taxonomy":"post_tag","embeddable":true,"href":"https:\/\/karitaszkozpont.hu\/index.php?rest_route=%2Fwp%2Fv2%2Ftags&post=3080"}],"curies":[{"name":"wp","href":"https:\/\/api.w.org\/{rel}","templated":true}]}}