{"id":3078,"date":"2023-08-29T12:40:32","date_gmt":"2023-08-29T10:40:32","guid":{"rendered":"https:\/\/karitaszkp.hu\/?p=3078"},"modified":"2023-08-29T12:40:34","modified_gmt":"2023-08-29T10:40:34","slug":"orszagos-taborzaras-a-karitasz-taboraiban","status":"publish","type":"post","link":"https:\/\/karitaszkozpont.hu\/?p=3078","title":{"rendered":"<strong>Orsz\u00e1gos t\u00e1borz\u00e1r\u00e1s a Karit\u00e1sz t\u00e1boraiban<\/strong>"},"content":{"rendered":"\n<p class=\"has-white-color has-vivid-red-background-color has-text-color has-background\"><strong>Orsz\u00e1gos t\u00e1borz\u00e1r\u00e1s a Karit\u00e1sz t\u00e1boraiban<\/strong><\/p>\n\n\n\n<p><a><strong>A Katolikus Karit\u00e1sz j\u00fanius k\u00f6zep\u00e9n elind\u00edtott t\u00e1boroztat\u00e1si programja hamarosan v\u00e9get \u00e9r. <\/strong><\/a><strong>&nbsp;A \u201eV\u00e1r a ny\u00e1r!\u201d keret\u00e9n bel\u00fcl sz\u00e1mos hazai helysz\u00ednen t\u00f6bb mint 4000 h\u00e1tr\u00e1nyos helyzetben \u00e9l\u0151 gyermek nyaralhatott kort\u00e1rsaival a sz\u00fcnet folyam\u00e1n, de \u00e9rkeztek D\u00e9lvid\u00e9kr\u0151l \u00e9s K\u00e1rp\u00e1talj\u00e1r\u00f3l is.<\/strong><\/p>\n\n\n\n<p><strong>2023. augusztus 30-\u00e1n Balatonakaliban a Karit\u00e1sz t\u00e1borhely\u00e9n <\/strong>ker\u00fcl sor az\u00fcnnep\u00e9lyes z\u00e1r\u00f3programra. <strong>\u00c9csy G\u00e1bor<\/strong>, a Katolikus Karit\u00e1sz orsz\u00e1gos igazgat\u00f3ja k\u00f6sz\u00f6nt\u0151 besz\u00e9de ut\u00e1n tan\u00e9vkezd\u00e9si aj\u00e1nd\u00e9kcsomagok ker\u00fclnek kioszt\u00e1sra az aktu\u00e1lis turnusban r\u00e9sztvev\u0151, Ukrajn\u00e1b\u00f3l \u00e9rkezett 50 f\u0151s csoport r\u00e9sz\u00e9re <strong>Herczegh Anita<\/strong><em>,<\/em> a Katolikus Karit\u00e1sz j\u00f3szolg\u00e1lati nagyk\u00f6vete \u00e9s <strong>Solt\u00e9sz Mikl\u00f3s<\/strong>, a Minisztereln\u00f6ks\u00e9g egyh\u00e1zi \u00e9s nemzetis\u00e9gi kapcsolatok\u00e9rt felel\u0151s \u00e1llamtitk\u00e1ra,\u00e9s <strong>Grexa Lili\u00e1na<\/strong>, Ukr\u00e1n Nemzetis\u00e9gi Parlamenti Sz\u00f3sz\u00f3l\u00f3 k\u00f6zrem\u0171k\u00f6d\u00e9s\u00e9vel. A helysz\u00ednen interj\u00fakra lesz lehet\u0151s\u00e9g, a tov\u00e1bbi sajt\u00f3megkeres\u00e9sek kapcs\u00e1n \u00f6r\u00f6mmel \u00e1llunk rendelkez\u00e9s\u00fckre.<\/p>\n\n\n\n<p><strong><u>Id\u0151pont:<\/u><\/strong>&nbsp;2023. 08. 30. (szerda) 11.00<\/p>\n\n\n\n<p><strong><u>A t\u00e1bor helysz\u00edne:<\/u><\/strong> Balatonakali, \u00dcd\u00fcl\u0151 utca (<a href=\"https:\/\/goo.gl\/maps\/f5khdF9YuDyg5VUB8\">https:\/\/goo.gl\/maps\/f5khdF9YuDyg5VUB8<\/a>)<\/p>\n\n\n\n<p><strong>Az esem\u00e9nyre szeretettel h\u00edvjuk \u00e9s v\u00e1rjuk a sajt\u00f3 k\u00e9pvisel\u0151it!<br><br><\/strong><\/p>\n\n\n\n<p>K\u00e9rj\u00fck, jelezz\u00e9k a r\u00e9szv\u00e9teli sz\u00e1nd\u00e9kukat augusztus 29-\u00e9n 16 \u00f3r\u00e1ig:<\/p>\n\n\n\n<p>Szabados Edina, <a href=\"mailto:sajto@caritas.org.hu\">sajto@caritas.org.hu<\/a> c\u00edmen, vagy a +36306881989-es telefonsz\u00e1mon<\/p>\n\n\n\n<p>Katolikus Karit\u00e1sz<\/p>\n","protected":false},"excerpt":{"rendered":"<p>Orsz\u00e1gos t\u00e1borz\u00e1r\u00e1s a Karit\u00e1sz t\u00e1boraiban A Katolikus Karit\u00e1sz j\u00fanius k\u00f6zep\u00e9n elind\u00edtott t\u00e1boroztat\u00e1si programja hamarosan v\u00e9get \u00e9r. &nbsp;A \u201eV\u00e1r a ny\u00e1r!\u201d keret\u00e9n bel\u00fcl sz\u00e1mos hazai helysz\u00ednen t\u00f6bb mint 4000 h\u00e1tr\u00e1nyos helyzetben \u00e9l\u0151 gyermek nyaralhatott kort\u00e1rsaival a sz\u00fcnet folyam\u00e1n, de \u00e9rkeztek D\u00e9lvid\u00e9kr\u0151l \u00e9s K\u00e1rp\u00e1talj\u00e1r\u00f3l is. 2023. augusztus 30-\u00e1n Balatonakaliban a Karit\u00e1sz t\u00e1borhely\u00e9n ker\u00fcl sor az\u00fcnnep\u00e9lyes z\u00e1r\u00f3programra. \u00c9csy &hellip; <\/p>\n<p class=\"link-more\"><a href=\"https:\/\/karitaszkozpont.hu\/?p=3078\" class=\"more-link\">Continue reading<span class=\"screen-reader-text\"> &#8222;<strong>Orsz\u00e1gos t\u00e1borz\u00e1r\u00e1s a Karit\u00e1sz t\u00e1boraiban<\/strong>&#8222;<\/span><\/a><\/p>\n","protected":false},"author":1,"featured_media":674,"comment_status":"closed","ping_status":"open","sticky":false,"template":"","format":"standard","meta":[],"categories":[4],"tags":[],"yoast_head":"<!-- This site is optimized with the Yoast SEO plugin v20.1 - https:\/\/yoast.com\/wordpress\/plugins\/seo\/ -->\n<title>Orsz\u00e1gos t\u00e1borz\u00e1r\u00e1s a Karit\u00e1sz t\u00e1boraiban - Szent Erzs\u00e9bet Karit\u00e1sz K\u00f6zpont<\/title>\n<meta name=\"robots\" content=\"index, follow, max-snippet:-1, max-image-preview:large, max-video-preview:-1\" \/>\n<link rel=\"canonical\" href=\"https:\/\/karitaszkozpont.hu\/?p=3078\" \/>\n<meta property=\"og:locale\" content=\"hu_HU\" \/>\n<meta property=\"og:type\" content=\"article\" \/>\n<meta property=\"og:title\" content=\"Orsz\u00e1gos t\u00e1borz\u00e1r\u00e1s a Karit\u00e1sz t\u00e1boraiban - Szent Erzs\u00e9bet Karit\u00e1sz K\u00f6zpont\" \/>\n<meta property=\"og:description\" content=\"Orsz\u00e1gos t\u00e1borz\u00e1r\u00e1s a Karit\u00e1sz t\u00e1boraiban A Katolikus Karit\u00e1sz j\u00fanius k\u00f6zep\u00e9n elind\u00edtott t\u00e1boroztat\u00e1si programja hamarosan v\u00e9get \u00e9r. &nbsp;A \u201eV\u00e1r a ny\u00e1r!\u201d keret\u00e9n bel\u00fcl sz\u00e1mos hazai helysz\u00ednen t\u00f6bb mint 4000 h\u00e1tr\u00e1nyos helyzetben \u00e9l\u0151 gyermek nyaralhatott kort\u00e1rsaival a sz\u00fcnet folyam\u00e1n, de \u00e9rkeztek D\u00e9lvid\u00e9kr\u0151l \u00e9s K\u00e1rp\u00e1talj\u00e1r\u00f3l is. 2023. augusztus 30-\u00e1n Balatonakaliban a Karit\u00e1sz t\u00e1borhely\u00e9n ker\u00fcl sor az\u00fcnnep\u00e9lyes z\u00e1r\u00f3programra. \u00c9csy &hellip; Continue reading &quot;Orsz\u00e1gos t\u00e1borz\u00e1r\u00e1s a Karit\u00e1sz t\u00e1boraiban&quot;\" \/>\n<meta property=\"og:url\" content=\"https:\/\/karitaszkozpont.hu\/?p=3078\" \/>\n<meta property=\"og:site_name\" content=\"Szent Erzs\u00e9bet Karit\u00e1sz K\u00f6zpont\" \/>\n<meta property=\"article:published_time\" content=\"2023-08-29T10:40:32+00:00\" \/>\n<meta property=\"article:modified_time\" content=\"2023-08-29T10:40:34+00:00\" \/>\n<meta property=\"og:image\" content=\"https:\/\/karitaszkozpont.hu\/wp-content\/uploads\/2020\/07\/unnamed.jpg\" \/>\n\t<meta property=\"og:image:width\" content=\"512\" \/>\n\t<meta property=\"og:image:height\" content=\"308\" \/>\n\t<meta property=\"og:image:type\" content=\"image\/jpeg\" \/>\n<meta name=\"author\" content=\"Karit\u00e1sz K\u00f6zpont\" \/>\n<meta name=\"twitter:card\" content=\"summary_large_image\" \/>\n<meta name=\"twitter:label1\" content=\"Szerz\u0151:\" \/>\n\t<meta name=\"twitter:data1\" content=\"Karit\u00e1sz K\u00f6zpont\" \/>\n\t<meta name=\"twitter:label2\" content=\"Becs\u00fclt olvas\u00e1si id\u0151\" \/>\n\t<meta name=\"twitter:data2\" content=\"1 perc\" \/>\n<script type=\"application\/ld+json\" class=\"yoast-schema-graph\">{\"@context\":\"https:\/\/schema.org\",\"@graph\":[{\"@type\":\"Article\",\"@id\":\"https:\/\/karitaszkozpont.hu\/?p=3078#article\",\"isPartOf\":{\"@id\":\"https:\/\/karitaszkozpont.hu\/?p=3078\"},\"author\":{\"name\":\"Karit\u00e1sz K\u00f6zpont\",\"@id\":\"https:\/\/karitaszkozpont.hu\/#\/schema\/person\/0d9c28244c111914ea13bb1248775e57\"},\"headline\":\"Orsz\u00e1gos t\u00e1borz\u00e1r\u00e1s a Karit\u00e1sz t\u00e1boraiban\",\"datePublished\":\"2023-08-29T10:40:32+00:00\",\"dateModified\":\"2023-08-29T10:40:34+00:00\",\"mainEntityOfPage\":{\"@id\":\"https:\/\/karitaszkozpont.hu\/?p=3078\"},\"wordCount\":290,\"publisher\":{\"@id\":\"https:\/\/karitaszkozpont.hu\/#organization\"},\"articleSection\":[\"H\u00edrek\"],\"inLanguage\":\"hu\"},{\"@type\":\"WebPage\",\"@id\":\"https:\/\/karitaszkozpont.hu\/?p=3078\",\"url\":\"https:\/\/karitaszkozpont.hu\/?p=3078\",\"name\":\"Orsz\u00e1gos t\u00e1borz\u00e1r\u00e1s a Karit\u00e1sz t\u00e1boraiban - Szent Erzs\u00e9bet Karit\u00e1sz K\u00f6zpont\",\"isPartOf\":{\"@id\":\"https:\/\/karitaszkozpont.hu\/#website\"},\"datePublished\":\"2023-08-29T10:40:32+00:00\",\"dateModified\":\"2023-08-29T10:40:34+00:00\",\"breadcrumb\":{\"@id\":\"https:\/\/karitaszkozpont.hu\/?p=3078#breadcrumb\"},\"inLanguage\":\"hu\",\"potentialAction\":[{\"@type\":\"ReadAction\",\"target\":[\"https:\/\/karitaszkozpont.hu\/?p=3078\"]}]},{\"@type\":\"BreadcrumbList\",\"@id\":\"https:\/\/karitaszkozpont.hu\/?p=3078#breadcrumb\",\"itemListElement\":[{\"@type\":\"ListItem\",\"position\":1,\"name\":\"Kezd\u0151lap\",\"item\":\"https:\/\/karitaszkozpont.hu\/\"},{\"@type\":\"ListItem\",\"position\":2,\"name\":\"Orsz\u00e1gos t\u00e1borz\u00e1r\u00e1s a Karit\u00e1sz t\u00e1boraiban\"}]},{\"@type\":\"WebSite\",\"@id\":\"https:\/\/karitaszkozpont.hu\/#website\",\"url\":\"https:\/\/karitaszkozpont.hu\/\",\"name\":\"Szent Erzs\u00e9bet Karit\u00e1sz K\u00f6zpont\",\"description\":\"Esztergom-Budapesti F\u0151egyh\u00e1zmegye\",\"publisher\":{\"@id\":\"https:\/\/karitaszkozpont.hu\/#organization\"},\"potentialAction\":[{\"@type\":\"SearchAction\",\"target\":{\"@type\":\"EntryPoint\",\"urlTemplate\":\"https:\/\/karitaszkozpont.hu\/?s={search_term_string}\"},\"query-input\":\"required name=search_term_string\"}],\"inLanguage\":\"hu\"},{\"@type\":\"Organization\",\"@id\":\"https:\/\/karitaszkozpont.hu\/#organization\",\"name\":\"Szent Erzs\u00e9bet Karit\u00e1sz K\u00f6zpont\",\"url\":\"https:\/\/karitaszkozpont.hu\/\",\"logo\":{\"@type\":\"ImageObject\",\"inLanguage\":\"hu\",\"@id\":\"https:\/\/karitaszkozpont.hu\/#\/schema\/logo\/image\/\",\"url\":\"https:\/\/karitaszkp.hu\/wp-content\/uploads\/2019\/06\/cropped-logo-arnyekos-1.png\",\"contentUrl\":\"https:\/\/karitaszkp.hu\/wp-content\/uploads\/2019\/06\/cropped-logo-arnyekos-1.png\",\"width\":240,\"height\":247,\"caption\":\"Szent Erzs\u00e9bet Karit\u00e1sz K\u00f6zpont\"},\"image\":{\"@id\":\"https:\/\/karitaszkozpont.hu\/#\/schema\/logo\/image\/\"}},{\"@type\":\"Person\",\"@id\":\"https:\/\/karitaszkozpont.hu\/#\/schema\/person\/0d9c28244c111914ea13bb1248775e57\",\"name\":\"Karit\u00e1sz K\u00f6zpont\",\"image\":{\"@type\":\"ImageObject\",\"inLanguage\":\"hu\",\"@id\":\"https:\/\/karitaszkozpont.hu\/#\/schema\/person\/image\/\",\"url\":\"https:\/\/secure.gravatar.com\/avatar\/1274acd7c62f3cac92d2b38aad20c71b?s=96&d=mm&r=g\",\"contentUrl\":\"https:\/\/secure.gravatar.com\/avatar\/1274acd7c62f3cac92d2b38aad20c71b?s=96&d=mm&r=g\",\"caption\":\"Karit\u00e1sz K\u00f6zpont\"},\"url\":\"https:\/\/karitaszkozpont.hu\/?author=1\"}]}<\/script>\n<!-- \/ Yoast SEO plugin. -->","yoast_head_json":{"title":"Orsz\u00e1gos t\u00e1borz\u00e1r\u00e1s a Karit\u00e1sz t\u00e1boraiban - Szent Erzs\u00e9bet Karit\u00e1sz K\u00f6zpont","robots":{"index":"index","follow":"follow","max-snippet":"max-snippet:-1","max-image-preview":"max-image-preview:large","max-video-preview":"max-video-preview:-1"},"canonical":"https:\/\/karitaszkozpont.hu\/?p=3078","og_locale":"hu_HU","og_type":"article","og_title":"Orsz\u00e1gos t\u00e1borz\u00e1r\u00e1s a Karit\u00e1sz t\u00e1boraiban - Szent Erzs\u00e9bet Karit\u00e1sz K\u00f6zpont","og_description":"Orsz\u00e1gos t\u00e1borz\u00e1r\u00e1s a Karit\u00e1sz t\u00e1boraiban A Katolikus Karit\u00e1sz j\u00fanius k\u00f6zep\u00e9n elind\u00edtott t\u00e1boroztat\u00e1si programja hamarosan v\u00e9get \u00e9r. &nbsp;A \u201eV\u00e1r a ny\u00e1r!\u201d keret\u00e9n bel\u00fcl sz\u00e1mos hazai helysz\u00ednen t\u00f6bb mint 4000 h\u00e1tr\u00e1nyos helyzetben \u00e9l\u0151 gyermek nyaralhatott kort\u00e1rsaival a sz\u00fcnet folyam\u00e1n, de \u00e9rkeztek D\u00e9lvid\u00e9kr\u0151l \u00e9s K\u00e1rp\u00e1talj\u00e1r\u00f3l is. 2023. augusztus 30-\u00e1n Balatonakaliban a Karit\u00e1sz t\u00e1borhely\u00e9n ker\u00fcl sor az\u00fcnnep\u00e9lyes z\u00e1r\u00f3programra. \u00c9csy &hellip; Continue reading \"Orsz\u00e1gos t\u00e1borz\u00e1r\u00e1s a Karit\u00e1sz t\u00e1boraiban\"","og_url":"https:\/\/karitaszkozpont.hu\/?p=3078","og_site_name":"Szent Erzs\u00e9bet Karit\u00e1sz K\u00f6zpont","article_published_time":"2023-08-29T10:40:32+00:00","article_modified_time":"2023-08-29T10:40:34+00:00","og_image":[{"width":512,"height":308,"url":"https:\/\/karitaszkozpont.hu\/wp-content\/uploads\/2020\/07\/unnamed.jpg","type":"image\/jpeg"}],"author":"Karit\u00e1sz K\u00f6zpont","twitter_card":"summary_large_image","twitter_misc":{"Szerz\u0151:":"Karit\u00e1sz K\u00f6zpont","Becs\u00fclt olvas\u00e1si id\u0151":"1 perc"},"schema":{"@context":"https:\/\/schema.org","@graph":[{"@type":"Article","@id":"https:\/\/karitaszkozpont.hu\/?p=3078#article","isPartOf":{"@id":"https:\/\/karitaszkozpont.hu\/?p=3078"},"author":{"name":"Karit\u00e1sz K\u00f6zpont","@id":"https:\/\/karitaszkozpont.hu\/#\/schema\/person\/0d9c28244c111914ea13bb1248775e57"},"headline":"Orsz\u00e1gos t\u00e1borz\u00e1r\u00e1s a Karit\u00e1sz t\u00e1boraiban","datePublished":"2023-08-29T10:40:32+00:00","dateModified":"2023-08-29T10:40:34+00:00","mainEntityOfPage":{"@id":"https:\/\/karitaszkozpont.hu\/?p=3078"},"wordCount":290,"publisher":{"@id":"https:\/\/karitaszkozpont.hu\/#organization"},"articleSection":["H\u00edrek"],"inLanguage":"hu"},{"@type":"WebPage","@id":"https:\/\/karitaszkozpont.hu\/?p=3078","url":"https:\/\/karitaszkozpont.hu\/?p=3078","name":"Orsz\u00e1gos t\u00e1borz\u00e1r\u00e1s a Karit\u00e1sz t\u00e1boraiban - Szent Erzs\u00e9bet Karit\u00e1sz K\u00f6zpont","isPartOf":{"@id":"https:\/\/karitaszkozpont.hu\/#website"},"datePublished":"2023-08-29T10:40:32+00:00","dateModified":"2023-08-29T10:40:34+00:00","breadcrumb":{"@id":"https:\/\/karitaszkozpont.hu\/?p=3078#breadcrumb"},"inLanguage":"hu","potentialAction":[{"@type":"ReadAction","target":["https:\/\/karitaszkozpont.hu\/?p=3078"]}]},{"@type":"BreadcrumbList","@id":"https:\/\/karitaszkozpont.hu\/?p=3078#breadcrumb","itemListElement":[{"@type":"ListItem","position":1,"name":"Kezd\u0151lap","item":"https:\/\/karitaszkozpont.hu\/"},{"@type":"ListItem","position":2,"name":"Orsz\u00e1gos t\u00e1borz\u00e1r\u00e1s a Karit\u00e1sz t\u00e1boraiban"}]},{"@type":"WebSite","@id":"https:\/\/karitaszkozpont.hu\/#website","url":"https:\/\/karitaszkozpont.hu\/","name":"Szent Erzs\u00e9bet Karit\u00e1sz K\u00f6zpont","description":"Esztergom-Budapesti F\u0151egyh\u00e1zmegye","publisher":{"@id":"https:\/\/karitaszkozpont.hu\/#organization"},"potentialAction":[{"@type":"SearchAction","target":{"@type":"EntryPoint","urlTemplate":"https:\/\/karitaszkozpont.hu\/?s={search_term_string}"},"query-input":"required name=search_term_string"}],"inLanguage":"hu"},{"@type":"Organization","@id":"https:\/\/karitaszkozpont.hu\/#organization","name":"Szent Erzs\u00e9bet Karit\u00e1sz K\u00f6zpont","url":"https:\/\/karitaszkozpont.hu\/","logo":{"@type":"ImageObject","inLanguage":"hu","@id":"https:\/\/karitaszkozpont.hu\/#\/schema\/logo\/image\/","url":"https:\/\/karitaszkp.hu\/wp-content\/uploads\/2019\/06\/cropped-logo-arnyekos-1.png","contentUrl":"https:\/\/karitaszkp.hu\/wp-content\/uploads\/2019\/06\/cropped-logo-arnyekos-1.png","width":240,"height":247,"caption":"Szent Erzs\u00e9bet Karit\u00e1sz K\u00f6zpont"},"image":{"@id":"https:\/\/karitaszkozpont.hu\/#\/schema\/logo\/image\/"}},{"@type":"Person","@id":"https:\/\/karitaszkozpont.hu\/#\/schema\/person\/0d9c28244c111914ea13bb1248775e57","name":"Karit\u00e1sz K\u00f6zpont","image":{"@type":"ImageObject","inLanguage":"hu","@id":"https:\/\/karitaszkozpont.hu\/#\/schema\/person\/image\/","url":"https:\/\/secure.gravatar.com\/avatar\/1274acd7c62f3cac92d2b38aad20c71b?s=96&d=mm&r=g","contentUrl":"https:\/\/secure.gravatar.com\/avatar\/1274acd7c62f3cac92d2b38aad20c71b?s=96&d=mm&r=g","caption":"Karit\u00e1sz K\u00f6zpont"},"url":"https:\/\/karitaszkozpont.hu\/?author=1"}]}},"_links":{"self":[{"href":"https:\/\/karitaszkozpont.hu\/index.php?rest_route=\/wp\/v2\/posts\/3078"}],"collection":[{"href":"https:\/\/karitaszkozpont.hu\/index.php?rest_route=\/wp\/v2\/posts"}],"about":[{"href":"https:\/\/karitaszkozpont.hu\/index.php?rest_route=\/wp\/v2\/types\/post"}],"author":[{"embeddable":true,"href":"https:\/\/karitaszkozpont.hu\/index.php?rest_route=\/wp\/v2\/users\/1"}],"replies":[{"embeddable":true,"href":"https:\/\/karitaszkozpont.hu\/index.php?rest_route=%2Fwp%2Fv2%2Fcomments&post=3078"}],"version-history":[{"count":1,"href":"https:\/\/karitaszkozpont.hu\/index.php?rest_route=\/wp\/v2\/posts\/3078\/revisions"}],"predecessor-version":[{"id":3079,"href":"https:\/\/karitaszkozpont.hu\/index.php?rest_route=\/wp\/v2\/posts\/3078\/revisions\/3079"}],"wp:featuredmedia":[{"embeddable":true,"href":"https:\/\/karitaszkozpont.hu\/index.php?rest_route=\/wp\/v2\/media\/674"}],"wp:attachment":[{"href":"https:\/\/karitaszkozpont.hu\/index.php?rest_route=%2Fwp%2Fv2%2Fmedia&parent=3078"}],"wp:term":[{"taxonomy":"category","embeddable":true,"href":"https:\/\/karitaszkozpont.hu\/index.php?rest_route=%2Fwp%2Fv2%2Fcategories&post=3078"},{"taxonomy":"post_tag","embeddable":true,"href":"https:\/\/karitaszkozpont.hu\/index.php?rest_route=%2Fwp%2Fv2%2Ftags&post=3078"}],"curies":[{"name":"wp","href":"https:\/\/api.w.org\/{rel}","templated":true}]}}