{"id":3074,"date":"2023-08-27T13:29:17","date_gmt":"2023-08-27T11:29:17","guid":{"rendered":"https:\/\/karitaszkp.hu\/?p=3074"},"modified":"2023-08-27T13:29:18","modified_gmt":"2023-08-27T11:29:18","slug":"218-szeressuk-az-isten-parancsait","status":"publish","type":"post","link":"https:\/\/karitaszkozpont.hu\/?p=3074","title":{"rendered":"218. Szeress\u00fck az Isten parancsait!"},"content":{"rendered":"\n<p><strong>218. Szeress\u00fck az Isten parancsait!<\/strong><\/p>\n\n\n\n<p class=\"has-background\" style=\"background-color:#cacaca\"><em>\u201eIsten\u00fcnk, a te kegyelmed aj\u00e1nd\u00e9ka, hogy h\u00edveid egy akarattal k\u00f6vetnek t\u00e9ged. Add n\u00e9pednek, hogy szeress\u00fck, amit parancsolsz, v\u00e1gyakozzunk arra, amit \u00edg\u00e9rsz, \u00e9s e vil\u00e1g v\u00e1ltozand\u00f3s\u00e1gai k\u00f6zepette sz\u00edvb\u0151l ragaszkodjunk hozz\u00e1d, akiben megtal\u00e1ljuk igazi \u00f6r\u00f6m\u00fcnket.&nbsp;(\u00c9vk. 21. vas. A \u00e9v szentmise kollekta k\u00f6ny\u00f6rg\u00e9se)<\/em><\/p>\n\n\n\n<p>Kedves Karit\u00e1sz \u00d6nk\u00e9ntesek, Munkat\u00e1rsak, Testv\u00e9rek az \u00darban!<\/p>\n\n\n\n<p>Istenbe vetett hit\u00fcnknek, bizalmunknak pr\u00f3bak\u00f6ve, ellen\u0151rz\u00e9si pontja, hogy a mott\u00f3ban megfogalmazott k\u00f6ny\u00f6rg\u00e9ssel mennyire azonosulunk. Gondoljuk meg! T\u00e9nyleg szeretj\u00fck Isten parancsait, az Egyh\u00e1z hitbeli \u00e9s erk\u00f6lcsi \u00fatmutat\u00f3it? Igazod\u00e1si ir\u00e1nyjelz\u0151nek tekintj\u00fck ezeket vagy ink\u00e1bb tilt\u00f3 t\u00e1bl\u00e1knak, korl\u00e1toknak, melyek szabads\u00e1gunkat ny\u00edrb\u00e1lj\u00e1k? Tudjuk-e teljes sz\u00edv\u00fcnkb\u0151l, minden er\u0151nkb\u0151l szeretni, r\u00e1hagyatkozni, keresni az \u0150 akarat\u00e1t a mi \u00e9let\u00fcnkben, vagy ink\u00e1bb azt szeretn\u00e9nk, ha \u0150 teljes\u00edten\u00e9 a mi v\u00e1gyainkat, elk\u00e9pzel\u00e9seinket, k\u00e9r\u00e9seinket?<\/p>\n\n\n\n<p>Mivel id\u0151ben \u00e9l\u00fcnk, v\u00e1ltozunk, fejl\u0151d\u00fcnk, a k\u00e9rd\u00e9sre adott v\u00e1laszunk sem lehet egyszeri \u00e9s v\u00e9gleges d\u00f6nt\u00e9s. Nap, mint nap meg kell k\u00fczden\u00fcnk az&nbsp;<em>igen\u00e9rt<\/em>&nbsp;Isten fel\u00e9. Meg kell k\u00fczden\u00fcnk magunkkal, a magunk esend\u0151s\u00e9g\u00e9vel, gyarl\u00f3s\u00e1gainkkal, megosztotts\u00e1gunkkal. Igeneink szeretteinkhez, testv\u00e9reinkhez, bar\u00e1tainkhoz, felebar\u00e1tainkhoz nem mag\u00e1t\u00f3l j\u00f6nnek ki bel\u0151l\u00fcnk, hanem a szeretet f\u00e1rads\u00e1gos \u00e1ldozathozatalaink kereszt\u00fcl. A h\u0171s\u00e9gben val\u00f3 kitart\u00e1s, m\u00e9gha visszacs\u00fasz\u00e1sok, visszaes\u00e9sek \u00e1r\u00e1n is t\u00f6rt\u00e9nik, az egyetlen \u00e9s v\u00e9gs\u0151 j\u00f3 megold\u00e1s, j\u00f3 eredm\u00e9ny.<\/p>\n\n\n\n<p>A h\u00fasv\u00e9tvas\u00e1rnapot is nagyp\u00e9ntek el\u0151zte meg. Nagyp\u00e9nteket pedig nagycs\u00fct\u00f6rt\u00f6k, amikor az Isten, Fi\u00e1n kereszt\u00fcl ell\u00e1tott minket minden kegyelemmel, eszk\u00f6zzel ahhoz, hogy meg tudjunk maradni szeretet\u00e9ben \u00e9s az \u0150 b\u00e9k\u00e9j\u00e9ben, amit nem \u00fagy ad, ahogy a vil\u00e1g, hanem \u00fagy, ahogy csak \u0150 tudja adni \u2013 elveszi f\u00e9lelmeinket, meger\u0151s\u00edt szents\u00e9geivel, megalap\u00edtja Egyh\u00e1z\u00e1t, hogy aki benne marad, az \u0150benne maradjon, az Egyh\u00e1zat, mely utat mutat, Krisztus nev\u00e9ben meg tudja bocs\u00e1tani b\u0171neinket, megadja az \u00fajrakezd\u00e9s lehet\u0151s\u00e9g\u00e9t, az \u00f6r\u00f6k \u00e9letet, \u00f6r\u00f6k boldogs\u00e1got k\u00edn\u00e1lja.<\/p>\n\n\n\n<p>Mindezen \u00edg\u00e9retek \u00e9s a bizony\u00edt\u00e9kok, a kinyilatkoztat\u00e1sban, annak teljess\u00e9g\u00e9ben, J\u00e9zus Krisztusban elegend\u0151ek arra, hogy val\u00f3ban b\u00edzzunk Istenben, v\u00e1gyjuk amit \u00edg\u00e9r \u00e9s szeress\u00fck \u0150t mag\u00e1t parancsaival egy\u00fctt. Az iskolai \u00e9v kezdet\u00e9n k\u00fcl\u00f6n karit\u00e1sz feladatunk, hogy mindenki fel\u00e9 m\u00e9g er\u0151sebben, m\u00e9g mark\u00e1nsabban mutassuk fel a kereszt gy\u0151zelm\u00e9t, Krisztust mag\u00e1t a szolg\u00e1latunk sor\u00e1n.<\/p>\n\n\n\n<p>Ezen a h\u00e9ten volt Limai Szent R\u00f3za, Peru misztikus szentj\u00e9nek eml\u00e9knapja.&nbsp;<a href=\"https:\/\/archiv.katolikus.hu\/szentek\/0823.html\" target=\"_blank\" rel=\"noreferrer noopener\">LIMAI SZENT R\u00d3ZA (katolikus.hu)<\/a>&nbsp;\u0150 is meger\u0151s\u00edti az \u00dart\u00f3l kapott szavakon kereszt\u00fcl:&nbsp;<em>\u201eTudja meg mindenki, hogy csak a gy\u00f6trelem ut\u00e1n k\u00f6vetkezik a kegyelem; \u00e9rtse meg mindenki, hogy a csap\u00e1sok terhe n\u00e9lk\u00fcl nem lehet eljutni a kegyelem cs\u00facs\u00e1ra; tudja meg mindenki, hogy a karizm\u00e1k m\u00e9rt\u00e9ke csak az elviselt szenved\u00e9sek ar\u00e1ny\u00e1ban gyarapszik. Vigy\u00e1zzanak az emberek, nehogy t\u00e9ved\u00e9sbe essenek, \u00e9s nehogy elbukjanak! Ez az egyed\u00fcl igazi paradicsomi l\u00e9pcs\u0151, \u00e9s kereszt n\u00e9lk\u00fcl nincs \u00fat, amelyen a mennybe feljuthatn\u00e1nak.\u201d<\/em><\/p>\n\n\n\n<p>Ez nem rossz h\u00edr, hanem serkent\u0151 buzd\u00edt\u00f3 \u00fczenet arra, hogy h\u0171s\u00e9gesen tartsunk ki a szeretetben, mert Isten mindenb\u0151l a legjobbat sz\u00e1nja \u00e9s hozza ki nek\u00fcnk. A neh\u00e9zs\u00e9gek, bajok megtan\u00edtanak, meger\u0151s\u00edtenek minket, Krisztus \u00fatj\u00e1ra seg\u00edtenek, v\u00e9g\u00fcl pedig ezek sor\u00e1n alak\u00edtanak minket alkalmass\u00e1 az Isten orsz\u00e1g\u00e1ba val\u00f3 bel\u00e9p\u00e9sre, a Mennybe, ahol az Atya minden mindenben, az \u00dar pedig az \u0150 jobbj\u00e1n \u00fcl \u00e9s egy\u00fctt lesz\u00fcnk vele \u00e9s mindenkivel, akik a j\u00f3 harcot megharcolt\u00e1k, a p\u00e1ly\u00e1t v\u00e9gigfutott\u00e1k, a hitet megtartott\u00e1k (v\u00f6. 2 Tim 4,7)<\/p>\n\n\n\n<p><em>\u201eB\u00e1rcsak megismern\u00e9k a haland\u00f3 emberek, milyen nagy valami az isteni kegyelem; milyen sz\u00e9p, milyen nemes, milyen \u00e9rt\u00e9kes; mennyi gazdags\u00e1got rejteget mag\u00e1ban, mennyi kincset, mennyi ujjong\u00f3 \u00f6r\u00f6met! Akkor azt\u00e1n eg\u00e9sz biztosan minden igyekezet\u00fckkel \u00e9s gondjukkal arra t\u00f6rekedn\u00e9nek, hogy szenved\u00e9seket \u00e9s gy\u00f6trelmeket v\u00e1llaljanak magukra. A f\u00f6ld minden lak\u00f3ja arra t\u00f6rekedn\u00e9k, hogy j\u00f3 sors helyett kellemetlens\u00e9geket, betegs\u00e9geket \u00e9s gy\u00f6trelmeket keressen, csak az\u00e9rt, hogy a kegyelem felbecs\u00fclhetetlen kincs\u00e9t megszerezze mag\u00e1nak. Ilyen a szenved\u00e9s \u00e1ra \u00e9s legf\u0151bb haszna. Senki sem panaszkodn\u00e9k keresztje miatt, sem az esetleges szenved\u00e9sek miatt, ha megismern\u00e9 azt a m\u00e9rleget, amelyen lem\u00e9rik, hogy ki mit kapjon.\u201d (Limai Szent R\u00f3za l\u00e1tom\u00e1s\u00e1ban hallott szavak.)<\/em><\/p>\n\n\n\n<p><\/p>\n\n\n\n<p>Csorba G\u00e1bor<\/p>\n\n\n\n<p>\u00e1lland\u00f3 diak\u00f3nus, karit\u00e1sz igazgat\u00f3<\/p>\n\n\n\n<p>Esztergom-Budapesti F\u0151egyh\u00e1zmegye<\/p>\n\n\n\n<p>Szent Erzs\u00e9bet Karit\u00e1sz K\u00f6zpont<\/p>\n\n\n\n<p class=\"has-background\" style=\"background-color:#cacaca\">Iroda:&nbsp;<a href=\"https:\/\/www.google.com\/maps\/search\/1033+Budapest+III.+ker.+Szentendrei+%C3%BAt+69-71?entry=gmail&amp;source=g\">1033 Budapest III. ker. Szentendrei \u00fat 69-71<\/a>. (K\u00f6vi Sz\u0171z M\u00e1ria Pl\u00e9b\u00e1nia)<\/p>\n\n\n\n<p class=\"has-background\" style=\"background-color:#cacaca\">Telefon: +36-1-351-1977<\/p>\n\n\n\n<p class=\"has-background\" style=\"background-color:#cacaca\">Mobil: +36-30-592-1483<\/p>\n\n\n\n<p class=\"has-background\" style=\"background-color:#cacaca\">E-mail:&nbsp;<a href=\"mailto:szenterzsebet@karitaszkozpont.hu\" target=\"_blank\" rel=\"noreferrer noopener\">szenterzsebet@karitaszkozpont.hu<\/a><\/p>\n\n\n\n<p class=\"has-background\" style=\"background-color:#cacaca\">Honlap, ahol a kor\u00e1bbi egypercesek is el\u00e9rhat\u0151k:&nbsp;<a href=\"http:\/\/www.karitaszkp.hu\/\" target=\"_blank\" rel=\"noreferrer noopener\">www.karitaszkp.hu<\/a><\/p>\n","protected":false},"excerpt":{"rendered":"<p>218. Szeress\u00fck az Isten parancsait! \u201eIsten\u00fcnk, a te kegyelmed aj\u00e1nd\u00e9ka, hogy h\u00edveid egy akarattal k\u00f6vetnek t\u00e9ged. Add n\u00e9pednek, hogy szeress\u00fck, amit parancsolsz, v\u00e1gyakozzunk arra, amit \u00edg\u00e9rsz, \u00e9s e vil\u00e1g v\u00e1ltozand\u00f3s\u00e1gai k\u00f6zepette sz\u00edvb\u0151l ragaszkodjunk hozz\u00e1d, akiben megtal\u00e1ljuk igazi \u00f6r\u00f6m\u00fcnket.&nbsp;(\u00c9vk. 21. vas. A \u00e9v szentmise kollekta k\u00f6ny\u00f6rg\u00e9se) Kedves Karit\u00e1sz \u00d6nk\u00e9ntesek, Munkat\u00e1rsak, Testv\u00e9rek az \u00darban! Istenbe vetett hit\u00fcnknek, &hellip; <\/p>\n<p class=\"link-more\"><a href=\"https:\/\/karitaszkozpont.hu\/?p=3074\" class=\"more-link\">Continue reading<span class=\"screen-reader-text\"> &#8222;218. Szeress\u00fck az Isten parancsait!&#8221;<\/span><\/a><\/p>\n","protected":false},"author":1,"featured_media":563,"comment_status":"closed","ping_status":"open","sticky":false,"template":"","format":"standard","meta":[],"categories":[8],"tags":[],"yoast_head":"<!-- This site is optimized with the Yoast SEO plugin v20.1 - https:\/\/yoast.com\/wordpress\/plugins\/seo\/ -->\n<title>218. Szeress\u00fck az Isten parancsait! - Szent Erzs\u00e9bet Karit\u00e1sz K\u00f6zpont<\/title>\n<meta name=\"robots\" content=\"index, follow, max-snippet:-1, max-image-preview:large, max-video-preview:-1\" \/>\n<link rel=\"canonical\" href=\"https:\/\/karitaszkozpont.hu\/?p=3074\" \/>\n<meta property=\"og:locale\" content=\"hu_HU\" \/>\n<meta property=\"og:type\" content=\"article\" \/>\n<meta property=\"og:title\" content=\"218. Szeress\u00fck az Isten parancsait! - Szent Erzs\u00e9bet Karit\u00e1sz K\u00f6zpont\" \/>\n<meta property=\"og:description\" content=\"218. Szeress\u00fck az Isten parancsait! \u201eIsten\u00fcnk, a te kegyelmed aj\u00e1nd\u00e9ka, hogy h\u00edveid egy akarattal k\u00f6vetnek t\u00e9ged. Add n\u00e9pednek, hogy szeress\u00fck, amit parancsolsz, v\u00e1gyakozzunk arra, amit \u00edg\u00e9rsz, \u00e9s e vil\u00e1g v\u00e1ltozand\u00f3s\u00e1gai k\u00f6zepette sz\u00edvb\u0151l ragaszkodjunk hozz\u00e1d, akiben megtal\u00e1ljuk igazi \u00f6r\u00f6m\u00fcnket.&nbsp;(\u00c9vk. 21. vas. A \u00e9v szentmise kollekta k\u00f6ny\u00f6rg\u00e9se) Kedves Karit\u00e1sz \u00d6nk\u00e9ntesek, Munkat\u00e1rsak, Testv\u00e9rek az \u00darban! Istenbe vetett hit\u00fcnknek, &hellip; Continue reading &quot;218. Szeress\u00fck az Isten parancsait!&quot;\" \/>\n<meta property=\"og:url\" content=\"https:\/\/karitaszkozpont.hu\/?p=3074\" \/>\n<meta property=\"og:site_name\" content=\"Szent Erzs\u00e9bet Karit\u00e1sz K\u00f6zpont\" \/>\n<meta property=\"article:published_time\" content=\"2023-08-27T11:29:17+00:00\" \/>\n<meta property=\"article:modified_time\" content=\"2023-08-27T11:29:18+00:00\" \/>\n<meta property=\"og:image\" content=\"https:\/\/karitaszkozpont.hu\/wp-content\/uploads\/2019\/07\/egyperceslogo.jpg\" \/>\n\t<meta property=\"og:image:width\" content=\"2300\" \/>\n\t<meta property=\"og:image:height\" content=\"1528\" \/>\n\t<meta property=\"og:image:type\" content=\"image\/jpeg\" \/>\n<meta name=\"author\" content=\"Karit\u00e1sz K\u00f6zpont\" \/>\n<meta name=\"twitter:card\" content=\"summary_large_image\" \/>\n<meta name=\"twitter:label1\" content=\"Szerz\u0151:\" \/>\n\t<meta name=\"twitter:data1\" content=\"Karit\u00e1sz K\u00f6zpont\" \/>\n\t<meta name=\"twitter:label2\" content=\"Becs\u00fclt olvas\u00e1si id\u0151\" \/>\n\t<meta name=\"twitter:data2\" content=\"4 perc\" \/>\n<script type=\"application\/ld+json\" class=\"yoast-schema-graph\">{\"@context\":\"https:\/\/schema.org\",\"@graph\":[{\"@type\":\"Article\",\"@id\":\"https:\/\/karitaszkozpont.hu\/?p=3074#article\",\"isPartOf\":{\"@id\":\"https:\/\/karitaszkozpont.hu\/?p=3074\"},\"author\":{\"name\":\"Karit\u00e1sz K\u00f6zpont\",\"@id\":\"https:\/\/karitaszkozpont.hu\/#\/schema\/person\/0d9c28244c111914ea13bb1248775e57\"},\"headline\":\"218. Szeress\u00fck az Isten parancsait!\",\"datePublished\":\"2023-08-27T11:29:17+00:00\",\"dateModified\":\"2023-08-27T11:29:18+00:00\",\"mainEntityOfPage\":{\"@id\":\"https:\/\/karitaszkozpont.hu\/?p=3074\"},\"wordCount\":925,\"publisher\":{\"@id\":\"https:\/\/karitaszkozpont.hu\/#organization\"},\"articleSection\":[\"Egypercesek\"],\"inLanguage\":\"hu\"},{\"@type\":\"WebPage\",\"@id\":\"https:\/\/karitaszkozpont.hu\/?p=3074\",\"url\":\"https:\/\/karitaszkozpont.hu\/?p=3074\",\"name\":\"218. Szeress\u00fck az Isten parancsait! - Szent Erzs\u00e9bet Karit\u00e1sz K\u00f6zpont\",\"isPartOf\":{\"@id\":\"https:\/\/karitaszkozpont.hu\/#website\"},\"datePublished\":\"2023-08-27T11:29:17+00:00\",\"dateModified\":\"2023-08-27T11:29:18+00:00\",\"breadcrumb\":{\"@id\":\"https:\/\/karitaszkozpont.hu\/?p=3074#breadcrumb\"},\"inLanguage\":\"hu\",\"potentialAction\":[{\"@type\":\"ReadAction\",\"target\":[\"https:\/\/karitaszkozpont.hu\/?p=3074\"]}]},{\"@type\":\"BreadcrumbList\",\"@id\":\"https:\/\/karitaszkozpont.hu\/?p=3074#breadcrumb\",\"itemListElement\":[{\"@type\":\"ListItem\",\"position\":1,\"name\":\"Kezd\u0151lap\",\"item\":\"https:\/\/karitaszkozpont.hu\/\"},{\"@type\":\"ListItem\",\"position\":2,\"name\":\"218. Szeress\u00fck az Isten parancsait!\"}]},{\"@type\":\"WebSite\",\"@id\":\"https:\/\/karitaszkozpont.hu\/#website\",\"url\":\"https:\/\/karitaszkozpont.hu\/\",\"name\":\"Szent Erzs\u00e9bet Karit\u00e1sz K\u00f6zpont\",\"description\":\"Esztergom-Budapesti F\u0151egyh\u00e1zmegye\",\"publisher\":{\"@id\":\"https:\/\/karitaszkozpont.hu\/#organization\"},\"potentialAction\":[{\"@type\":\"SearchAction\",\"target\":{\"@type\":\"EntryPoint\",\"urlTemplate\":\"https:\/\/karitaszkozpont.hu\/?s={search_term_string}\"},\"query-input\":\"required name=search_term_string\"}],\"inLanguage\":\"hu\"},{\"@type\":\"Organization\",\"@id\":\"https:\/\/karitaszkozpont.hu\/#organization\",\"name\":\"Szent Erzs\u00e9bet Karit\u00e1sz K\u00f6zpont\",\"url\":\"https:\/\/karitaszkozpont.hu\/\",\"logo\":{\"@type\":\"ImageObject\",\"inLanguage\":\"hu\",\"@id\":\"https:\/\/karitaszkozpont.hu\/#\/schema\/logo\/image\/\",\"url\":\"https:\/\/karitaszkp.hu\/wp-content\/uploads\/2019\/06\/cropped-logo-arnyekos-1.png\",\"contentUrl\":\"https:\/\/karitaszkp.hu\/wp-content\/uploads\/2019\/06\/cropped-logo-arnyekos-1.png\",\"width\":240,\"height\":247,\"caption\":\"Szent Erzs\u00e9bet Karit\u00e1sz K\u00f6zpont\"},\"image\":{\"@id\":\"https:\/\/karitaszkozpont.hu\/#\/schema\/logo\/image\/\"}},{\"@type\":\"Person\",\"@id\":\"https:\/\/karitaszkozpont.hu\/#\/schema\/person\/0d9c28244c111914ea13bb1248775e57\",\"name\":\"Karit\u00e1sz K\u00f6zpont\",\"image\":{\"@type\":\"ImageObject\",\"inLanguage\":\"hu\",\"@id\":\"https:\/\/karitaszkozpont.hu\/#\/schema\/person\/image\/\",\"url\":\"https:\/\/secure.gravatar.com\/avatar\/1274acd7c62f3cac92d2b38aad20c71b?s=96&d=mm&r=g\",\"contentUrl\":\"https:\/\/secure.gravatar.com\/avatar\/1274acd7c62f3cac92d2b38aad20c71b?s=96&d=mm&r=g\",\"caption\":\"Karit\u00e1sz K\u00f6zpont\"},\"url\":\"https:\/\/karitaszkozpont.hu\/?author=1\"}]}<\/script>\n<!-- \/ Yoast SEO plugin. -->","yoast_head_json":{"title":"218. Szeress\u00fck az Isten parancsait! - Szent Erzs\u00e9bet Karit\u00e1sz K\u00f6zpont","robots":{"index":"index","follow":"follow","max-snippet":"max-snippet:-1","max-image-preview":"max-image-preview:large","max-video-preview":"max-video-preview:-1"},"canonical":"https:\/\/karitaszkozpont.hu\/?p=3074","og_locale":"hu_HU","og_type":"article","og_title":"218. Szeress\u00fck az Isten parancsait! - Szent Erzs\u00e9bet Karit\u00e1sz K\u00f6zpont","og_description":"218. Szeress\u00fck az Isten parancsait! \u201eIsten\u00fcnk, a te kegyelmed aj\u00e1nd\u00e9ka, hogy h\u00edveid egy akarattal k\u00f6vetnek t\u00e9ged. Add n\u00e9pednek, hogy szeress\u00fck, amit parancsolsz, v\u00e1gyakozzunk arra, amit \u00edg\u00e9rsz, \u00e9s e vil\u00e1g v\u00e1ltozand\u00f3s\u00e1gai k\u00f6zepette sz\u00edvb\u0151l ragaszkodjunk hozz\u00e1d, akiben megtal\u00e1ljuk igazi \u00f6r\u00f6m\u00fcnket.&nbsp;(\u00c9vk. 21. vas. A \u00e9v szentmise kollekta k\u00f6ny\u00f6rg\u00e9se) Kedves Karit\u00e1sz \u00d6nk\u00e9ntesek, Munkat\u00e1rsak, Testv\u00e9rek az \u00darban! Istenbe vetett hit\u00fcnknek, &hellip; Continue reading \"218. Szeress\u00fck az Isten parancsait!\"","og_url":"https:\/\/karitaszkozpont.hu\/?p=3074","og_site_name":"Szent Erzs\u00e9bet Karit\u00e1sz K\u00f6zpont","article_published_time":"2023-08-27T11:29:17+00:00","article_modified_time":"2023-08-27T11:29:18+00:00","og_image":[{"width":2300,"height":1528,"url":"https:\/\/karitaszkozpont.hu\/wp-content\/uploads\/2019\/07\/egyperceslogo.jpg","type":"image\/jpeg"}],"author":"Karit\u00e1sz K\u00f6zpont","twitter_card":"summary_large_image","twitter_misc":{"Szerz\u0151:":"Karit\u00e1sz K\u00f6zpont","Becs\u00fclt olvas\u00e1si id\u0151":"4 perc"},"schema":{"@context":"https:\/\/schema.org","@graph":[{"@type":"Article","@id":"https:\/\/karitaszkozpont.hu\/?p=3074#article","isPartOf":{"@id":"https:\/\/karitaszkozpont.hu\/?p=3074"},"author":{"name":"Karit\u00e1sz K\u00f6zpont","@id":"https:\/\/karitaszkozpont.hu\/#\/schema\/person\/0d9c28244c111914ea13bb1248775e57"},"headline":"218. Szeress\u00fck az Isten parancsait!","datePublished":"2023-08-27T11:29:17+00:00","dateModified":"2023-08-27T11:29:18+00:00","mainEntityOfPage":{"@id":"https:\/\/karitaszkozpont.hu\/?p=3074"},"wordCount":925,"publisher":{"@id":"https:\/\/karitaszkozpont.hu\/#organization"},"articleSection":["Egypercesek"],"inLanguage":"hu"},{"@type":"WebPage","@id":"https:\/\/karitaszkozpont.hu\/?p=3074","url":"https:\/\/karitaszkozpont.hu\/?p=3074","name":"218. Szeress\u00fck az Isten parancsait! - Szent Erzs\u00e9bet Karit\u00e1sz K\u00f6zpont","isPartOf":{"@id":"https:\/\/karitaszkozpont.hu\/#website"},"datePublished":"2023-08-27T11:29:17+00:00","dateModified":"2023-08-27T11:29:18+00:00","breadcrumb":{"@id":"https:\/\/karitaszkozpont.hu\/?p=3074#breadcrumb"},"inLanguage":"hu","potentialAction":[{"@type":"ReadAction","target":["https:\/\/karitaszkozpont.hu\/?p=3074"]}]},{"@type":"BreadcrumbList","@id":"https:\/\/karitaszkozpont.hu\/?p=3074#breadcrumb","itemListElement":[{"@type":"ListItem","position":1,"name":"Kezd\u0151lap","item":"https:\/\/karitaszkozpont.hu\/"},{"@type":"ListItem","position":2,"name":"218. Szeress\u00fck az Isten parancsait!"}]},{"@type":"WebSite","@id":"https:\/\/karitaszkozpont.hu\/#website","url":"https:\/\/karitaszkozpont.hu\/","name":"Szent Erzs\u00e9bet Karit\u00e1sz K\u00f6zpont","description":"Esztergom-Budapesti F\u0151egyh\u00e1zmegye","publisher":{"@id":"https:\/\/karitaszkozpont.hu\/#organization"},"potentialAction":[{"@type":"SearchAction","target":{"@type":"EntryPoint","urlTemplate":"https:\/\/karitaszkozpont.hu\/?s={search_term_string}"},"query-input":"required name=search_term_string"}],"inLanguage":"hu"},{"@type":"Organization","@id":"https:\/\/karitaszkozpont.hu\/#organization","name":"Szent Erzs\u00e9bet Karit\u00e1sz K\u00f6zpont","url":"https:\/\/karitaszkozpont.hu\/","logo":{"@type":"ImageObject","inLanguage":"hu","@id":"https:\/\/karitaszkozpont.hu\/#\/schema\/logo\/image\/","url":"https:\/\/karitaszkp.hu\/wp-content\/uploads\/2019\/06\/cropped-logo-arnyekos-1.png","contentUrl":"https:\/\/karitaszkp.hu\/wp-content\/uploads\/2019\/06\/cropped-logo-arnyekos-1.png","width":240,"height":247,"caption":"Szent Erzs\u00e9bet Karit\u00e1sz K\u00f6zpont"},"image":{"@id":"https:\/\/karitaszkozpont.hu\/#\/schema\/logo\/image\/"}},{"@type":"Person","@id":"https:\/\/karitaszkozpont.hu\/#\/schema\/person\/0d9c28244c111914ea13bb1248775e57","name":"Karit\u00e1sz K\u00f6zpont","image":{"@type":"ImageObject","inLanguage":"hu","@id":"https:\/\/karitaszkozpont.hu\/#\/schema\/person\/image\/","url":"https:\/\/secure.gravatar.com\/avatar\/1274acd7c62f3cac92d2b38aad20c71b?s=96&d=mm&r=g","contentUrl":"https:\/\/secure.gravatar.com\/avatar\/1274acd7c62f3cac92d2b38aad20c71b?s=96&d=mm&r=g","caption":"Karit\u00e1sz K\u00f6zpont"},"url":"https:\/\/karitaszkozpont.hu\/?author=1"}]}},"_links":{"self":[{"href":"https:\/\/karitaszkozpont.hu\/index.php?rest_route=\/wp\/v2\/posts\/3074"}],"collection":[{"href":"https:\/\/karitaszkozpont.hu\/index.php?rest_route=\/wp\/v2\/posts"}],"about":[{"href":"https:\/\/karitaszkozpont.hu\/index.php?rest_route=\/wp\/v2\/types\/post"}],"author":[{"embeddable":true,"href":"https:\/\/karitaszkozpont.hu\/index.php?rest_route=\/wp\/v2\/users\/1"}],"replies":[{"embeddable":true,"href":"https:\/\/karitaszkozpont.hu\/index.php?rest_route=%2Fwp%2Fv2%2Fcomments&post=3074"}],"version-history":[{"count":1,"href":"https:\/\/karitaszkozpont.hu\/index.php?rest_route=\/wp\/v2\/posts\/3074\/revisions"}],"predecessor-version":[{"id":3075,"href":"https:\/\/karitaszkozpont.hu\/index.php?rest_route=\/wp\/v2\/posts\/3074\/revisions\/3075"}],"wp:featuredmedia":[{"embeddable":true,"href":"https:\/\/karitaszkozpont.hu\/index.php?rest_route=\/wp\/v2\/media\/563"}],"wp:attachment":[{"href":"https:\/\/karitaszkozpont.hu\/index.php?rest_route=%2Fwp%2Fv2%2Fmedia&parent=3074"}],"wp:term":[{"taxonomy":"category","embeddable":true,"href":"https:\/\/karitaszkozpont.hu\/index.php?rest_route=%2Fwp%2Fv2%2Fcategories&post=3074"},{"taxonomy":"post_tag","embeddable":true,"href":"https:\/\/karitaszkozpont.hu\/index.php?rest_route=%2Fwp%2Fv2%2Ftags&post=3074"}],"curies":[{"name":"wp","href":"https:\/\/api.w.org\/{rel}","templated":true}]}}