{"id":3051,"date":"2023-08-13T20:04:01","date_gmt":"2023-08-13T18:04:01","guid":{"rendered":"https:\/\/karitaszkp.hu\/?p=3051"},"modified":"2023-08-13T20:04:03","modified_gmt":"2023-08-13T18:04:03","slug":"216-tudunk-vizen-jarni-jarjunk-vizen-jezussal","status":"publish","type":"post","link":"https:\/\/karitaszkozpont.hu\/?p=3051","title":{"rendered":"<strong>216. Tudunk vizen j\u00e1rni? J\u00e1rjunk vizen J\u00e9zussal!<\/strong>"},"content":{"rendered":"\n<p class=\"has-white-color has-vivid-red-background-color has-text-color has-background has-large-font-size\"><strong>216. Tudunk vizen j\u00e1rni? J\u00e1rjunk vizen J\u00e9zussal!<\/strong><\/p>\n\n\n\n<p class=\"has-background\" style=\"background-color:#cacaca\"><em>\u201eA cs\u00f3nak pedig m\u00e1r j\u00f3 p\u00e1r st\u00e1diumnyira elt\u00e1volodott a partt\u00f3l. H\u00e1nyt\u00e1k-vetett\u00e9k a hull\u00e1mok, mert ellensz\u00e9l f\u00fajt. De J\u00e9zus azonnal megsz\u00f3l\u00edtotta \u0151ket: \u201eB\u00e1tors\u00e1g! \u00c9n vagyok! Ne f\u00e9ljetek!\u201d Erre P\u00e9ter odasz\u00f3lt neki: \u201eUram, ha te vagy az, parancsold meg, hogy hozz\u00e1d menjek a v\u00edzen!\u201d \u0150 azt mondta: \u201eJ\u00f6jj!\u201d P\u00e9ter ki is sz\u00e1llt a cs\u00f3nakb\u00f3l, elindult a v\u00edzen, \u00e9s ment J\u00e9zus fel\u00e9. De az er\u0151s sz\u00e9l l\u00e1tt\u00e1n megijedt, \u00e9s mer\u00fclni kezdett. Felki\u00e1ltott: \u201eMents meg, Uram!\u201d J\u00e9zus nyomban kiny\u00fajtotta kez\u00e9t, megfogta \u0151t, \u00e9s \u00edgy sz\u00f3lt hozz\u00e1: \u201eTe kicsinyhit\u0171, mi\u00e9rt k\u00e9telkedt\u00e9l?\u201d Mikor besz\u00e1lltak a b\u00e1rk\u00e1ba, a sz\u00e9l el\u00e1llt. A cs\u00f3nakban lev\u0151k pedig leborultak el\u0151tte, \u00e9s \u00edgy sz\u00f3ltak: \u201eTe val\u00f3ban az Isten Fia vagy!\u201d&nbsp;(\u00c9vk\u00f6zi 19. vas\u00e1rnapi szentmise \u2019A\u2019 \u00e9vi evang\u00e9liuma \u2013 Mt 14,22)<\/em><\/p>\n\n\n\n<p>Kedves Karit\u00e1sz \u00d6nk\u00e9ntesek, Munkat\u00e1rsak, Testv\u00e9rek az \u00darban!<\/p>\n\n\n\n<p>A mai evang\u00e9lium arr\u00f3l sz\u00f3l, hogy J\u00e9zus a h\u00e1borg\u00f3 vizen j\u00e1rva k\u00f6zel\u00edti meg \u00e9jjel, nagy sz\u00e9lben a cs\u00f3nakot, amiben apostolai eveztek \u00e1t a t\u00falpartra az \u00dar parancsa szerint (l\u00e1sd a fenti id\u00e9zetet). Ebben a r\u00f6vid t\u00f6rt\u00e9netben bele van s\u0171r\u00edtve emberi v\u00e1gyunk, k\u00e9pess\u00e9g\u00fcnk, akaratunk, gyarl\u00f3s\u00e1gunk, megosztotts\u00e1gunk, f\u00e9lelm\u00fcnk, gyenges\u00e9g\u00fcnk, r\u00e1szorults\u00e1gunk \u00e9s \u00e1h\u00edtatunk, Isten-dics\u0151\u00edt\u00e9s\u00fcnk is.<\/p>\n\n\n\n<p>P\u00e9ter k\u00e9pviseli az apostolokat, az egyh\u00e1zat, minket. V\u00e1gyik arra, hogy az \u00darhoz menjen, v\u00e1gyik arra, hogy olyan legyen, mint \u0150, hogy szuperk\u00e9pess\u00e9ge legyen. \u00c9s J\u00e9zus nem leinti, hanem \u00e9ppen b\u00e1tor\u00edtja, hogy j\u00f6jj\u00f6n, induljon el fel\u00e9, j\u00e1rjon a vizen, m\u00e9g a h\u00e1borg\u00f3, f\u00e9lelmetes k\u00f6rnyezetben is. P\u00e9ter pedig elindul, s am\u00edg J\u00e9zusra n\u00e9z, addig nem f\u00e9l, sz\u00e9pen halad a v\u00edz tetej\u00e9n. \u00c1m len\u00e9z, m\u00e1ris megf\u00e9lemledik \u00e9s s\u00fcllyedni kezd. J\u00e9zushoz ki\u00e1lt, az \u00dar pedig megmenti.<\/p>\n\n\n\n<p>R\u00f6vid t\u00f6rt\u00e9net rengeteg mondanival\u00f3val \u00e9s tanuls\u00e1ggal. Ha az \u00dar parancs\u00e1t, a szeretet parancs\u00e1t teljes\u00edtj\u00fck, akkor ott vagyunk \u00e9s oda tartunk, ahov\u00e1 \u0150 akarja, teh\u00e1t j\u00f3 \u00faton j\u00e1runk. Parancsa teljes\u00edt\u00e9se k\u00f6zben minden term\u00e9szetes \u00e9s term\u00e9szetfeletti eszk\u00f6z a rendelkez\u00e9s\u00fcnkre \u00e1ll a k\u00fcldet\u00e9s\u00fcnk teljes\u00edt\u00e9s\u00e9hez. Az \u00dar nem k\u00e9r olyat t\u0151l\u00fcnk, amit nem lenn\u00e9nk k\u00e9pesek megtenni, nem pr\u00f3b\u00e1l meg minket er\u0151nk\u00f6n fel\u00fcl. S\u0151t, megadja mindazon eszk\u00f6z\u00f6ket, k\u00e9pess\u00e9geket ahhoz, hogy sikerrel j\u00e1rjunk, hogy a k\u00fcldet\u00e9s\u00fcnket j\u00f3v\u00e9gre vigy\u00fck. M\u00e9g a h\u00e1borg\u00f3, b\u00e9k\u00e9tlen k\u00f6zeg sem akad\u00e1ly, m\u00e9g saj\u00e1t alapterm\u00e9szet\u00fcnkb\u0151l fakad\u00f3 gyarl\u00f3s\u00e1gok sem akad\u00e1lyok.<\/p>\n\n\n\n<p>De csak akkor tudjuk megtenni az \u00dar akarat\u00e1t j\u00f3l, ha mindv\u00e9gig r\u00e1 tekint\u00fcnk, fej\u00fcnket az \u00e9gre emelj\u00fck, nem pedig a f\u00f6ldre n\u00e9z\u00fcnk. Ha J\u00e9zussal egy\u00fctt j\u00e1runk, vele egy\u00fctt gy\u0171jt\u00fcnk, ha sz\u00edv\u00fcnk egy\u00fctt dobban, a szem\u00fcnk egym\u00e1sra n\u00e9z, tekintet\u00fcnk \u00f6sszeforr vele, ajkaink egy\u00fctt k\u00f6ny\u00f6r\u00f6gnek az Aty\u00e1hoz (v\u00f6. Szeretetl\u00e1ng ima) \u2013 akkor \u00e9s csak akkor gy\u0151z\u00fcnk, mert akkor nem ijed\u00fcnk meg a h\u00e1borg\u00f3 tengert\u0151l, az er\u0151s sz\u00e9t\u0151l, a vihart\u00f3l, semmit\u0151l. J\u00e9zus n\u00e9lk\u00fcl elb\u00e1tortalanodunk, elbizonytalanodunk, rossz ir\u00e1nyba haladunk, visszaes\u00fcnk, les\u00fcllyed\u00fcnk, v\u00e9g\u00fcl elpusztulunk.<\/p>\n\n\n\n<p>De J\u00e9zussal, az \u00darban mindenre k\u00e9pesek vagyunk, lesz\u00fcnk, ami szeretet gy\u0151zelm\u00e9t els\u0151seg\u00edti. Az \u00dar, miut\u00e1n megmenti P\u00e9tert, bizony megszidja, hogy kishit\u0171 volt \u00e9s k\u00e9telkedett. Ez sz\u00e1munkra is nagyon tanuls\u00e1gos int\u00e9s. Gondoljunk bele, h\u00e1nyszor \u00e9rezt\u00fcnk bels\u0151, lek\u00fcnkb\u0151l fakad\u00f3 ind\u00edt\u00e1st a j\u00f3 megcseleked\u00e9s\u00e9re, de nem mert\u00fck megtenni, f\u00e9lt\u00fcnk az esetleges kellemetlen k\u00f6vetkezm\u00e9nyekt\u0151l! A k\u00f6zeg, a vil\u00e1g nem seg\u00edti, hogy kibontakoztassuk a benn\u00fcnk rejl\u0151, a Szentl\u00e9lekt\u0151l sz\u00e1rmaz\u00f3 er\u0151t, k\u00e9pess\u00e9geket, de mindaz, ami Istennel \u00f6sszek\u00f6t, egyes\u00edt, az nemcsak hogy seg\u00edt, de lehet\u0151v\u00e9 is teszi, hogy b\u00e1tran k\u00e9pviselj\u00fck \u0150t, a Szeretetet a vil\u00e1gban.<\/p>\n\n\n\n<p>A szeretet gy\u0151zelme egy\u00e9rtelm\u0171, biztos, a k\u00e9rd\u00e9s csak az, hogy mi ezt seg\u00edtj\u00fck-e vagy \u00e9ppen lass\u00edtjuk, h\u00e1tr\u00e1ltatjuk b\u00e1tortalans\u00e1gunkkal, f\u00e9lelmeink rajtunk val\u00f3 eluralkod\u00e1s\u00e1sval, vagy \u00e9p\u00edtj\u00fck Isten orsz\u00e1g\u00e1t, benne a magunk \u00fcdv\u00f6ss\u00e9g\u00e9t.<\/p>\n\n\n\n<p>Az egyh\u00e1z k\u00f6z\u00f6ss\u00e9ge, a szents\u00e9gek, a szentmise \u00e9s a szent\u00e1ldoz\u00e1s kegyelmei, a krisztusi k\u00f6z\u00f6ss\u00e9gben, a pl\u00e9b\u00e1niai, azon bel\u00fcl karit\u00e1sz k\u00f6z\u00f6ss\u00e9gben, a csal\u00e1djainkban val\u00f3 jelenl\u00e9t, im\u00e1ds\u00e1g mind seg\u00edti, biztos\u00edtja, hogy egyek lehss\u00fcnk az \u00darral \u00e9s j\u00f3v\u00e9gre vihess\u00fck k\u00fcldet\u00e9s\u00fcnket. Telj\u00fcnk el Isten Szentlelk\u00e9vel \u00e9s \u00edgy v\u00e1gjunk bele b\u00e1tran, lelkesen, \u00f6r\u00f6mmel az \u00e9v tov\u00e1bbi id\u0151szak\u00e1ba!<\/p>\n\n\n\n<p><\/p>\n\n\n\n<p>Csorba G\u00e1bor<\/p>\n\n\n\n<p>\u00e1lland\u00f3 diak\u00f3nus<\/p>\n\n\n\n<p>Esztergom-Budapesti F\u0151egyh\u00e1zmegye<\/p>\n\n\n\n<p>Szent Erzs\u00e9bet Karit\u00e1sz K\u00f6zpont<\/p>\n\n\n\n<p class=\"has-background\" style=\"background-color:#cacaca\">Iroda:&nbsp;1033 Budapest III. ker. Szentendrei \u00fat 69-71. (K\u00f6vi Sz\u0171z M\u00e1ria Pl\u00e9b\u00e1nia)<\/p>\n\n\n\n<p class=\"has-background\" style=\"background-color:#cacaca\">Telefon: +36-1-351-1977<\/p>\n\n\n\n<p class=\"has-background\" style=\"background-color:#cacaca\">Mobil: +36-30-592-1483<\/p>\n\n\n\n<p class=\"has-background\" style=\"background-color:#cacaca\">E-mail:&nbsp;<a href=\"mailto:szenterzsebet@karitaszkozpont.hu\" target=\"_blank\" rel=\"noreferrer noopener\">szenterzsebet@karitaszkozpont.hu<\/a><\/p>\n\n\n\n<p class=\"has-background\" style=\"background-color:#cacaca\">Honlap, ahol a kor\u00e1bbi egypercesek is el\u00e9rhat\u0151k:&nbsp;<a href=\"http:\/\/www.karitaszkp.hu\/\" target=\"_blank\" rel=\"noreferrer noopener\">www.karitaszkp.hu<\/a><\/p>\n","protected":false},"excerpt":{"rendered":"<p>216. Tudunk vizen j\u00e1rni? J\u00e1rjunk vizen J\u00e9zussal! \u201eA cs\u00f3nak pedig m\u00e1r j\u00f3 p\u00e1r st\u00e1diumnyira elt\u00e1volodott a partt\u00f3l. H\u00e1nyt\u00e1k-vetett\u00e9k a hull\u00e1mok, mert ellensz\u00e9l f\u00fajt. De J\u00e9zus azonnal megsz\u00f3l\u00edtotta \u0151ket: \u201eB\u00e1tors\u00e1g! \u00c9n vagyok! Ne f\u00e9ljetek!\u201d Erre P\u00e9ter odasz\u00f3lt neki: \u201eUram, ha te vagy az, parancsold meg, hogy hozz\u00e1d menjek a v\u00edzen!\u201d \u0150 azt mondta: \u201eJ\u00f6jj!\u201d P\u00e9ter ki &hellip; <\/p>\n<p class=\"link-more\"><a href=\"https:\/\/karitaszkozpont.hu\/?p=3051\" class=\"more-link\">Continue reading<span class=\"screen-reader-text\"> &#8222;<strong>216. Tudunk vizen j\u00e1rni? J\u00e1rjunk vizen J\u00e9zussal!<\/strong>&#8222;<\/span><\/a><\/p>\n","protected":false},"author":1,"featured_media":563,"comment_status":"closed","ping_status":"open","sticky":false,"template":"","format":"standard","meta":[],"categories":[8],"tags":[],"yoast_head":"<!-- This site is optimized with the Yoast SEO plugin v20.1 - https:\/\/yoast.com\/wordpress\/plugins\/seo\/ -->\n<title>216. Tudunk vizen j\u00e1rni? J\u00e1rjunk vizen J\u00e9zussal! - Szent Erzs\u00e9bet Karit\u00e1sz K\u00f6zpont<\/title>\n<meta name=\"robots\" content=\"index, follow, max-snippet:-1, max-image-preview:large, max-video-preview:-1\" \/>\n<link rel=\"canonical\" href=\"https:\/\/karitaszkozpont.hu\/?p=3051\" \/>\n<meta property=\"og:locale\" content=\"hu_HU\" \/>\n<meta property=\"og:type\" content=\"article\" \/>\n<meta property=\"og:title\" content=\"216. Tudunk vizen j\u00e1rni? J\u00e1rjunk vizen J\u00e9zussal! - Szent Erzs\u00e9bet Karit\u00e1sz K\u00f6zpont\" \/>\n<meta property=\"og:description\" content=\"216. Tudunk vizen j\u00e1rni? J\u00e1rjunk vizen J\u00e9zussal! \u201eA cs\u00f3nak pedig m\u00e1r j\u00f3 p\u00e1r st\u00e1diumnyira elt\u00e1volodott a partt\u00f3l. H\u00e1nyt\u00e1k-vetett\u00e9k a hull\u00e1mok, mert ellensz\u00e9l f\u00fajt. De J\u00e9zus azonnal megsz\u00f3l\u00edtotta \u0151ket: \u201eB\u00e1tors\u00e1g! \u00c9n vagyok! Ne f\u00e9ljetek!\u201d Erre P\u00e9ter odasz\u00f3lt neki: \u201eUram, ha te vagy az, parancsold meg, hogy hozz\u00e1d menjek a v\u00edzen!\u201d \u0150 azt mondta: \u201eJ\u00f6jj!\u201d P\u00e9ter ki &hellip; Continue reading &quot;216. Tudunk vizen j\u00e1rni? J\u00e1rjunk vizen J\u00e9zussal!&quot;\" \/>\n<meta property=\"og:url\" content=\"https:\/\/karitaszkozpont.hu\/?p=3051\" \/>\n<meta property=\"og:site_name\" content=\"Szent Erzs\u00e9bet Karit\u00e1sz K\u00f6zpont\" \/>\n<meta property=\"article:published_time\" content=\"2023-08-13T18:04:01+00:00\" \/>\n<meta property=\"article:modified_time\" content=\"2023-08-13T18:04:03+00:00\" \/>\n<meta property=\"og:image\" content=\"https:\/\/karitaszkozpont.hu\/wp-content\/uploads\/2019\/07\/egyperceslogo.jpg\" \/>\n\t<meta property=\"og:image:width\" content=\"2300\" \/>\n\t<meta property=\"og:image:height\" content=\"1528\" \/>\n\t<meta property=\"og:image:type\" content=\"image\/jpeg\" \/>\n<meta name=\"author\" content=\"Karit\u00e1sz K\u00f6zpont\" \/>\n<meta name=\"twitter:card\" content=\"summary_large_image\" \/>\n<meta name=\"twitter:label1\" content=\"Szerz\u0151:\" \/>\n\t<meta name=\"twitter:data1\" content=\"Karit\u00e1sz K\u00f6zpont\" \/>\n\t<meta name=\"twitter:label2\" content=\"Becs\u00fclt olvas\u00e1si id\u0151\" \/>\n\t<meta name=\"twitter:data2\" content=\"4 perc\" \/>\n<script type=\"application\/ld+json\" class=\"yoast-schema-graph\">{\"@context\":\"https:\/\/schema.org\",\"@graph\":[{\"@type\":\"Article\",\"@id\":\"https:\/\/karitaszkozpont.hu\/?p=3051#article\",\"isPartOf\":{\"@id\":\"https:\/\/karitaszkozpont.hu\/?p=3051\"},\"author\":{\"name\":\"Karit\u00e1sz K\u00f6zpont\",\"@id\":\"https:\/\/karitaszkozpont.hu\/#\/schema\/person\/0d9c28244c111914ea13bb1248775e57\"},\"headline\":\"216. Tudunk vizen j\u00e1rni? J\u00e1rjunk vizen J\u00e9zussal!\",\"datePublished\":\"2023-08-13T18:04:01+00:00\",\"dateModified\":\"2023-08-13T18:04:03+00:00\",\"mainEntityOfPage\":{\"@id\":\"https:\/\/karitaszkozpont.hu\/?p=3051\"},\"wordCount\":995,\"publisher\":{\"@id\":\"https:\/\/karitaszkozpont.hu\/#organization\"},\"articleSection\":[\"Egypercesek\"],\"inLanguage\":\"hu\"},{\"@type\":\"WebPage\",\"@id\":\"https:\/\/karitaszkozpont.hu\/?p=3051\",\"url\":\"https:\/\/karitaszkozpont.hu\/?p=3051\",\"name\":\"216. Tudunk vizen j\u00e1rni? J\u00e1rjunk vizen J\u00e9zussal! - Szent Erzs\u00e9bet Karit\u00e1sz K\u00f6zpont\",\"isPartOf\":{\"@id\":\"https:\/\/karitaszkozpont.hu\/#website\"},\"datePublished\":\"2023-08-13T18:04:01+00:00\",\"dateModified\":\"2023-08-13T18:04:03+00:00\",\"breadcrumb\":{\"@id\":\"https:\/\/karitaszkozpont.hu\/?p=3051#breadcrumb\"},\"inLanguage\":\"hu\",\"potentialAction\":[{\"@type\":\"ReadAction\",\"target\":[\"https:\/\/karitaszkozpont.hu\/?p=3051\"]}]},{\"@type\":\"BreadcrumbList\",\"@id\":\"https:\/\/karitaszkozpont.hu\/?p=3051#breadcrumb\",\"itemListElement\":[{\"@type\":\"ListItem\",\"position\":1,\"name\":\"Kezd\u0151lap\",\"item\":\"https:\/\/karitaszkozpont.hu\/\"},{\"@type\":\"ListItem\",\"position\":2,\"name\":\"216. Tudunk vizen j\u00e1rni? J\u00e1rjunk vizen J\u00e9zussal!\"}]},{\"@type\":\"WebSite\",\"@id\":\"https:\/\/karitaszkozpont.hu\/#website\",\"url\":\"https:\/\/karitaszkozpont.hu\/\",\"name\":\"Szent Erzs\u00e9bet Karit\u00e1sz K\u00f6zpont\",\"description\":\"Esztergom-Budapesti F\u0151egyh\u00e1zmegye\",\"publisher\":{\"@id\":\"https:\/\/karitaszkozpont.hu\/#organization\"},\"potentialAction\":[{\"@type\":\"SearchAction\",\"target\":{\"@type\":\"EntryPoint\",\"urlTemplate\":\"https:\/\/karitaszkozpont.hu\/?s={search_term_string}\"},\"query-input\":\"required name=search_term_string\"}],\"inLanguage\":\"hu\"},{\"@type\":\"Organization\",\"@id\":\"https:\/\/karitaszkozpont.hu\/#organization\",\"name\":\"Szent Erzs\u00e9bet Karit\u00e1sz K\u00f6zpont\",\"url\":\"https:\/\/karitaszkozpont.hu\/\",\"logo\":{\"@type\":\"ImageObject\",\"inLanguage\":\"hu\",\"@id\":\"https:\/\/karitaszkozpont.hu\/#\/schema\/logo\/image\/\",\"url\":\"https:\/\/karitaszkp.hu\/wp-content\/uploads\/2019\/06\/cropped-logo-arnyekos-1.png\",\"contentUrl\":\"https:\/\/karitaszkp.hu\/wp-content\/uploads\/2019\/06\/cropped-logo-arnyekos-1.png\",\"width\":240,\"height\":247,\"caption\":\"Szent Erzs\u00e9bet Karit\u00e1sz K\u00f6zpont\"},\"image\":{\"@id\":\"https:\/\/karitaszkozpont.hu\/#\/schema\/logo\/image\/\"}},{\"@type\":\"Person\",\"@id\":\"https:\/\/karitaszkozpont.hu\/#\/schema\/person\/0d9c28244c111914ea13bb1248775e57\",\"name\":\"Karit\u00e1sz K\u00f6zpont\",\"image\":{\"@type\":\"ImageObject\",\"inLanguage\":\"hu\",\"@id\":\"https:\/\/karitaszkozpont.hu\/#\/schema\/person\/image\/\",\"url\":\"https:\/\/secure.gravatar.com\/avatar\/1274acd7c62f3cac92d2b38aad20c71b?s=96&d=mm&r=g\",\"contentUrl\":\"https:\/\/secure.gravatar.com\/avatar\/1274acd7c62f3cac92d2b38aad20c71b?s=96&d=mm&r=g\",\"caption\":\"Karit\u00e1sz K\u00f6zpont\"},\"url\":\"https:\/\/karitaszkozpont.hu\/?author=1\"}]}<\/script>\n<!-- \/ Yoast SEO plugin. -->","yoast_head_json":{"title":"216. Tudunk vizen j\u00e1rni? J\u00e1rjunk vizen J\u00e9zussal! - Szent Erzs\u00e9bet Karit\u00e1sz K\u00f6zpont","robots":{"index":"index","follow":"follow","max-snippet":"max-snippet:-1","max-image-preview":"max-image-preview:large","max-video-preview":"max-video-preview:-1"},"canonical":"https:\/\/karitaszkozpont.hu\/?p=3051","og_locale":"hu_HU","og_type":"article","og_title":"216. Tudunk vizen j\u00e1rni? J\u00e1rjunk vizen J\u00e9zussal! - Szent Erzs\u00e9bet Karit\u00e1sz K\u00f6zpont","og_description":"216. Tudunk vizen j\u00e1rni? J\u00e1rjunk vizen J\u00e9zussal! \u201eA cs\u00f3nak pedig m\u00e1r j\u00f3 p\u00e1r st\u00e1diumnyira elt\u00e1volodott a partt\u00f3l. H\u00e1nyt\u00e1k-vetett\u00e9k a hull\u00e1mok, mert ellensz\u00e9l f\u00fajt. De J\u00e9zus azonnal megsz\u00f3l\u00edtotta \u0151ket: \u201eB\u00e1tors\u00e1g! \u00c9n vagyok! Ne f\u00e9ljetek!\u201d Erre P\u00e9ter odasz\u00f3lt neki: \u201eUram, ha te vagy az, parancsold meg, hogy hozz\u00e1d menjek a v\u00edzen!\u201d \u0150 azt mondta: \u201eJ\u00f6jj!\u201d P\u00e9ter ki &hellip; Continue reading \"216. Tudunk vizen j\u00e1rni? J\u00e1rjunk vizen J\u00e9zussal!\"","og_url":"https:\/\/karitaszkozpont.hu\/?p=3051","og_site_name":"Szent Erzs\u00e9bet Karit\u00e1sz K\u00f6zpont","article_published_time":"2023-08-13T18:04:01+00:00","article_modified_time":"2023-08-13T18:04:03+00:00","og_image":[{"width":2300,"height":1528,"url":"https:\/\/karitaszkozpont.hu\/wp-content\/uploads\/2019\/07\/egyperceslogo.jpg","type":"image\/jpeg"}],"author":"Karit\u00e1sz K\u00f6zpont","twitter_card":"summary_large_image","twitter_misc":{"Szerz\u0151:":"Karit\u00e1sz K\u00f6zpont","Becs\u00fclt olvas\u00e1si id\u0151":"4 perc"},"schema":{"@context":"https:\/\/schema.org","@graph":[{"@type":"Article","@id":"https:\/\/karitaszkozpont.hu\/?p=3051#article","isPartOf":{"@id":"https:\/\/karitaszkozpont.hu\/?p=3051"},"author":{"name":"Karit\u00e1sz K\u00f6zpont","@id":"https:\/\/karitaszkozpont.hu\/#\/schema\/person\/0d9c28244c111914ea13bb1248775e57"},"headline":"216. Tudunk vizen j\u00e1rni? J\u00e1rjunk vizen J\u00e9zussal!","datePublished":"2023-08-13T18:04:01+00:00","dateModified":"2023-08-13T18:04:03+00:00","mainEntityOfPage":{"@id":"https:\/\/karitaszkozpont.hu\/?p=3051"},"wordCount":995,"publisher":{"@id":"https:\/\/karitaszkozpont.hu\/#organization"},"articleSection":["Egypercesek"],"inLanguage":"hu"},{"@type":"WebPage","@id":"https:\/\/karitaszkozpont.hu\/?p=3051","url":"https:\/\/karitaszkozpont.hu\/?p=3051","name":"216. Tudunk vizen j\u00e1rni? J\u00e1rjunk vizen J\u00e9zussal! - Szent Erzs\u00e9bet Karit\u00e1sz K\u00f6zpont","isPartOf":{"@id":"https:\/\/karitaszkozpont.hu\/#website"},"datePublished":"2023-08-13T18:04:01+00:00","dateModified":"2023-08-13T18:04:03+00:00","breadcrumb":{"@id":"https:\/\/karitaszkozpont.hu\/?p=3051#breadcrumb"},"inLanguage":"hu","potentialAction":[{"@type":"ReadAction","target":["https:\/\/karitaszkozpont.hu\/?p=3051"]}]},{"@type":"BreadcrumbList","@id":"https:\/\/karitaszkozpont.hu\/?p=3051#breadcrumb","itemListElement":[{"@type":"ListItem","position":1,"name":"Kezd\u0151lap","item":"https:\/\/karitaszkozpont.hu\/"},{"@type":"ListItem","position":2,"name":"216. Tudunk vizen j\u00e1rni? J\u00e1rjunk vizen J\u00e9zussal!"}]},{"@type":"WebSite","@id":"https:\/\/karitaszkozpont.hu\/#website","url":"https:\/\/karitaszkozpont.hu\/","name":"Szent Erzs\u00e9bet Karit\u00e1sz K\u00f6zpont","description":"Esztergom-Budapesti F\u0151egyh\u00e1zmegye","publisher":{"@id":"https:\/\/karitaszkozpont.hu\/#organization"},"potentialAction":[{"@type":"SearchAction","target":{"@type":"EntryPoint","urlTemplate":"https:\/\/karitaszkozpont.hu\/?s={search_term_string}"},"query-input":"required name=search_term_string"}],"inLanguage":"hu"},{"@type":"Organization","@id":"https:\/\/karitaszkozpont.hu\/#organization","name":"Szent Erzs\u00e9bet Karit\u00e1sz K\u00f6zpont","url":"https:\/\/karitaszkozpont.hu\/","logo":{"@type":"ImageObject","inLanguage":"hu","@id":"https:\/\/karitaszkozpont.hu\/#\/schema\/logo\/image\/","url":"https:\/\/karitaszkp.hu\/wp-content\/uploads\/2019\/06\/cropped-logo-arnyekos-1.png","contentUrl":"https:\/\/karitaszkp.hu\/wp-content\/uploads\/2019\/06\/cropped-logo-arnyekos-1.png","width":240,"height":247,"caption":"Szent Erzs\u00e9bet Karit\u00e1sz K\u00f6zpont"},"image":{"@id":"https:\/\/karitaszkozpont.hu\/#\/schema\/logo\/image\/"}},{"@type":"Person","@id":"https:\/\/karitaszkozpont.hu\/#\/schema\/person\/0d9c28244c111914ea13bb1248775e57","name":"Karit\u00e1sz K\u00f6zpont","image":{"@type":"ImageObject","inLanguage":"hu","@id":"https:\/\/karitaszkozpont.hu\/#\/schema\/person\/image\/","url":"https:\/\/secure.gravatar.com\/avatar\/1274acd7c62f3cac92d2b38aad20c71b?s=96&d=mm&r=g","contentUrl":"https:\/\/secure.gravatar.com\/avatar\/1274acd7c62f3cac92d2b38aad20c71b?s=96&d=mm&r=g","caption":"Karit\u00e1sz K\u00f6zpont"},"url":"https:\/\/karitaszkozpont.hu\/?author=1"}]}},"_links":{"self":[{"href":"https:\/\/karitaszkozpont.hu\/index.php?rest_route=\/wp\/v2\/posts\/3051"}],"collection":[{"href":"https:\/\/karitaszkozpont.hu\/index.php?rest_route=\/wp\/v2\/posts"}],"about":[{"href":"https:\/\/karitaszkozpont.hu\/index.php?rest_route=\/wp\/v2\/types\/post"}],"author":[{"embeddable":true,"href":"https:\/\/karitaszkozpont.hu\/index.php?rest_route=\/wp\/v2\/users\/1"}],"replies":[{"embeddable":true,"href":"https:\/\/karitaszkozpont.hu\/index.php?rest_route=%2Fwp%2Fv2%2Fcomments&post=3051"}],"version-history":[{"count":1,"href":"https:\/\/karitaszkozpont.hu\/index.php?rest_route=\/wp\/v2\/posts\/3051\/revisions"}],"predecessor-version":[{"id":3052,"href":"https:\/\/karitaszkozpont.hu\/index.php?rest_route=\/wp\/v2\/posts\/3051\/revisions\/3052"}],"wp:featuredmedia":[{"embeddable":true,"href":"https:\/\/karitaszkozpont.hu\/index.php?rest_route=\/wp\/v2\/media\/563"}],"wp:attachment":[{"href":"https:\/\/karitaszkozpont.hu\/index.php?rest_route=%2Fwp%2Fv2%2Fmedia&parent=3051"}],"wp:term":[{"taxonomy":"category","embeddable":true,"href":"https:\/\/karitaszkozpont.hu\/index.php?rest_route=%2Fwp%2Fv2%2Fcategories&post=3051"},{"taxonomy":"post_tag","embeddable":true,"href":"https:\/\/karitaszkozpont.hu\/index.php?rest_route=%2Fwp%2Fv2%2Ftags&post=3051"}],"curies":[{"name":"wp","href":"https:\/\/api.w.org\/{rel}","templated":true}]}}