{"id":3048,"date":"2023-08-10T12:34:08","date_gmt":"2023-08-10T10:34:08","guid":{"rendered":"https:\/\/karitaszkp.hu\/?p=3048"},"modified":"2023-08-10T12:34:10","modified_gmt":"2023-08-10T10:34:10","slug":"beszamolo-a-szent-erzsebet-karitasz-kozpont-2023-mas-pelenka-tamogatasi-programjarol","status":"publish","type":"post","link":"https:\/\/karitaszkozpont.hu\/?p=3048","title":{"rendered":"<strong>Besz\u00e1mol\u00f3 a Szent Erzs\u00e9bet Karit\u00e1sz K\u00f6zpont 2023-mas pelenka t\u00e1mogat\u00e1si programj\u00e1r\u00f3l<\/strong>"},"content":{"rendered":"\n<p class=\"has-white-color has-vivid-red-background-color has-text-color has-background has-large-font-size\"><strong>Besz\u00e1mol\u00f3 a Szent Erzs\u00e9bet Karit\u00e1sz K\u00f6zpont 2023-mas pelenka t\u00e1mogat\u00e1si programj\u00e1r\u00f3l<\/strong><\/p>\n\n\n\n<p>A Karit\u00e1sz \u00e9s DM k\u00f6z\u00f6s, Egy\u00fctt a bab\u00e1k\u00e9rt elnevez\u00e9s\u0171 programja keret\u00e9ben orsz\u00e1gszerte id\u00e9n is sz\u00e1mos csal\u00e1d r\u00e9szes\u00fclt pelenka t\u00e1mogat\u00e1sban. A kisgyermekes sz\u00fcl\u0151k sz\u00e1m\u00e1ra a pelenka-v\u00e1s\u00e1rl\u00e1s mindig nagy anyagi terhet jelent, k\u00fcl\u00f6n\u00f6sen a mostani id\u0151szakban, amikor \u00e9rz\u00e9kelj\u00fck, hogy az \u00e1rak gyors emelked\u00e9s\u00e9vel sok csal\u00e1d meg\u00e9lhet\u00e9se v\u00e1lt nehezebb\u00e9. \u00c9ppen ez\u00e9rt a kor\u00e1bbi \u00e9vekhez k\u00e9pest az \u00e9rdekl\u0151d\u00e9s a program ir\u00e1nt m\u00e9g nagyobb lett, \u00e9s m\u00e1r most, j\u00falius v\u00e9g\u00e9n, arr\u00f3l sz\u00e1molhatunk be, hogy az idei pelenka programban kioszthat\u00f3 adom\u00e1ny dobozok mind egy sz\u00e1lig c\u00e9lba is jutottak.<\/p>\n\n\n\n<p>A Szent Erzs\u00e9bet Karit\u00e1sz K\u00f6zpont janu\u00e1r \u00f3ta \u00f6sszesen 82 csal\u00e1d 98 gyermek\u00e9t tudta t\u00e1mogatni bab\u00e1nk\u00e9nt ak\u00e1r f\u00e9l \u00e9vre is elegend\u0151 Babylove m\u00e1rk\u00e1j\u00fa pelenk\u00e1val. \u00d6sszesen 650 JUMBOPACK m\u00e9ret\u0171 dobozt oszthattunk ki id\u00e9n, 3-mas, 4-es \u00e9s 5-\u00f6s m\u00e9retb\u0151l.<\/p>\n\n\n\n<p>T\u00e1mogatottaink k\u00f6z\u00f6tt az anyagi gondokkal k\u00fczd\u0151k mellett sokgyermekes ill. orvosi kezel\u00e9sre szorul\u00f3 gyermeket nevel\u0151 csal\u00e1dok is vannak, illetve ikresek, s\u0151t h\u00e1rmasikresek is. Nem elhanyagolhat\u00f3 tov\u00e1bb\u00e1 a menek\u00fclt csal\u00e1dok sz\u00e1ma sem a t\u00e1mogatottak k\u00f6z\u00f6tt: term\u00e9szetesen sz\u00e1mos, az ukrajnai h\u00e1bor\u00fa miatt egyh\u00e1zmegy\u00e9nkben letelep\u00fcl\u0151 csal\u00e1dhoz jutottunk el, de venezuelai \u00e9s pakiszt\u00e1ni menek\u00fclteket is seg\u00edtett\u00fcnk ebben a programban.<\/p>\n\n\n\n<p>A t\u00e1mogatottak nagyobb r\u00e9sze a pl\u00e9b\u00e1niai karit\u00e1sz csoportok \u00e1ltal k\u00eds\u00e9rt csal\u00e1dokb\u00f3l ker\u00fclt ki, de csal\u00e1dok \u00e1tmeneti otthon\u00e1ba is jutott adom\u00e1ny. \u00d6r\u00f6m\u00fcnkre szolg\u00e1l, hogy t\u00f6bb r\u00e9gi\u00f3ban is egyre hat\u00e9konyabb az egy\u00fcttm\u0171k\u00f6d\u00e9s a csal\u00e1dseg\u00edt\u0151i- \u00e9s v\u00e9d\u0151n\u0151i szolg\u00e1latokkal, aminek k\u00f6sz\u00f6nhet\u0151en \u00faj csal\u00e1dok is a l\u00e1t\u00f3k\u00f6r\u00fcnkbe ker\u00fclhettek.<\/p>\n\n\n\n<p>Id\u00e9n \u00f6sszesen n\u00e9gy alkalommal szervezt\u00fcnk \u00fcnnep\u00e9lyes \u00e1tad\u00f3 alkalmat: Pesterzs\u00e9beten, Esztergomban, Baj\u00f3ton \u00e9s Szentendr\u00e9n.<\/p>\n\n\n\n<p>Sz\u00e1munkra nagy \u00f6r\u00f6m volt l\u00e1tni a gyerekek \u00e9s sz\u00fcleik \u00f6r\u00f6m\u00e9t az \u00e1tad\u00e1sok alkalm\u00e1val, h\u00e1l\u00e1san k\u00f6sz\u00f6nj\u00fck azoknak a karit\u00e1sz csoportvezet\u0151knek a munk\u00e1j\u00e1t, akik felv\u00e1llalt\u00e1k az adminisztrat\u00edv terhekkel is j\u00e1r\u00f3 folyamatot, hogy a k\u00e9relem eljusson k\u00f6zponti irod\u00e1nkba, k\u00edv\u00e1njuk, hogy minden megaj\u00e1nd\u00e9kozott eg\u00e9szs\u00e9ggel haszn\u00e1lja az adom\u00e1nyt, \u00e9s rem\u00e9lj\u00fck, j\u00f6v\u0151re is folytat\u00f3dik ez a t\u00e1mogat\u00e1si program. &nbsp;<\/p>\n\n\n\n<p>Szab\u00f3 Csaba<\/p>\n\n\n\n<p>programfelel\u0151s<\/p>\n","protected":false},"excerpt":{"rendered":"<p>Besz\u00e1mol\u00f3 a Szent Erzs\u00e9bet Karit\u00e1sz K\u00f6zpont 2023-mas pelenka t\u00e1mogat\u00e1si programj\u00e1r\u00f3l A Karit\u00e1sz \u00e9s DM k\u00f6z\u00f6s, Egy\u00fctt a bab\u00e1k\u00e9rt elnevez\u00e9s\u0171 programja keret\u00e9ben orsz\u00e1gszerte id\u00e9n is sz\u00e1mos csal\u00e1d r\u00e9szes\u00fclt pelenka t\u00e1mogat\u00e1sban. A kisgyermekes sz\u00fcl\u0151k sz\u00e1m\u00e1ra a pelenka-v\u00e1s\u00e1rl\u00e1s mindig nagy anyagi terhet jelent, k\u00fcl\u00f6n\u00f6sen a mostani id\u0151szakban, amikor \u00e9rz\u00e9kelj\u00fck, hogy az \u00e1rak gyors emelked\u00e9s\u00e9vel sok csal\u00e1d meg\u00e9lhet\u00e9se v\u00e1lt &hellip; <\/p>\n<p class=\"link-more\"><a href=\"https:\/\/karitaszkozpont.hu\/?p=3048\" class=\"more-link\">Continue reading<span class=\"screen-reader-text\"> &#8222;<strong>Besz\u00e1mol\u00f3 a Szent Erzs\u00e9bet Karit\u00e1sz K\u00f6zpont 2023-mas pelenka t\u00e1mogat\u00e1si programj\u00e1r\u00f3l<\/strong>&#8222;<\/span><\/a><\/p>\n","protected":false},"author":1,"featured_media":3049,"comment_status":"closed","ping_status":"open","sticky":false,"template":"","format":"standard","meta":[],"categories":[4],"tags":[],"yoast_head":"<!-- This site is optimized with the Yoast SEO plugin v20.1 - https:\/\/yoast.com\/wordpress\/plugins\/seo\/ -->\n<title>Besz\u00e1mol\u00f3 a Szent Erzs\u00e9bet Karit\u00e1sz K\u00f6zpont 2023-mas pelenka t\u00e1mogat\u00e1si programj\u00e1r\u00f3l - Szent Erzs\u00e9bet Karit\u00e1sz K\u00f6zpont<\/title>\n<meta name=\"robots\" content=\"index, follow, max-snippet:-1, max-image-preview:large, max-video-preview:-1\" \/>\n<link rel=\"canonical\" href=\"https:\/\/karitaszkozpont.hu\/?p=3048\" \/>\n<meta property=\"og:locale\" content=\"hu_HU\" \/>\n<meta property=\"og:type\" content=\"article\" \/>\n<meta property=\"og:title\" content=\"Besz\u00e1mol\u00f3 a Szent Erzs\u00e9bet Karit\u00e1sz K\u00f6zpont 2023-mas pelenka t\u00e1mogat\u00e1si programj\u00e1r\u00f3l - Szent Erzs\u00e9bet Karit\u00e1sz K\u00f6zpont\" \/>\n<meta property=\"og:description\" content=\"Besz\u00e1mol\u00f3 a Szent Erzs\u00e9bet Karit\u00e1sz K\u00f6zpont 2023-mas pelenka t\u00e1mogat\u00e1si programj\u00e1r\u00f3l A Karit\u00e1sz \u00e9s DM k\u00f6z\u00f6s, Egy\u00fctt a bab\u00e1k\u00e9rt elnevez\u00e9s\u0171 programja keret\u00e9ben orsz\u00e1gszerte id\u00e9n is sz\u00e1mos csal\u00e1d r\u00e9szes\u00fclt pelenka t\u00e1mogat\u00e1sban. A kisgyermekes sz\u00fcl\u0151k sz\u00e1m\u00e1ra a pelenka-v\u00e1s\u00e1rl\u00e1s mindig nagy anyagi terhet jelent, k\u00fcl\u00f6n\u00f6sen a mostani id\u0151szakban, amikor \u00e9rz\u00e9kelj\u00fck, hogy az \u00e1rak gyors emelked\u00e9s\u00e9vel sok csal\u00e1d meg\u00e9lhet\u00e9se v\u00e1lt &hellip; Continue reading &quot;Besz\u00e1mol\u00f3 a Szent Erzs\u00e9bet Karit\u00e1sz K\u00f6zpont 2023-mas pelenka t\u00e1mogat\u00e1si programj\u00e1r\u00f3l&quot;\" \/>\n<meta property=\"og:url\" content=\"https:\/\/karitaszkozpont.hu\/?p=3048\" \/>\n<meta property=\"og:site_name\" content=\"Szent Erzs\u00e9bet Karit\u00e1sz K\u00f6zpont\" \/>\n<meta property=\"article:published_time\" content=\"2023-08-10T10:34:08+00:00\" \/>\n<meta property=\"article:modified_time\" content=\"2023-08-10T10:34:10+00:00\" \/>\n<meta property=\"og:image\" content=\"https:\/\/karitaszkozpont.hu\/wp-content\/uploads\/2023\/08\/DSC_3451-scaled.jpg\" \/>\n\t<meta property=\"og:image:width\" content=\"2560\" \/>\n\t<meta property=\"og:image:height\" content=\"1786\" \/>\n\t<meta property=\"og:image:type\" content=\"image\/jpeg\" \/>\n<meta name=\"author\" content=\"Karit\u00e1sz K\u00f6zpont\" \/>\n<meta name=\"twitter:card\" content=\"summary_large_image\" \/>\n<meta name=\"twitter:label1\" content=\"Szerz\u0151:\" \/>\n\t<meta name=\"twitter:data1\" content=\"Karit\u00e1sz K\u00f6zpont\" \/>\n\t<meta name=\"twitter:label2\" content=\"Becs\u00fclt olvas\u00e1si id\u0151\" \/>\n\t<meta name=\"twitter:data2\" content=\"2 perc\" \/>\n<script type=\"application\/ld+json\" class=\"yoast-schema-graph\">{\"@context\":\"https:\/\/schema.org\",\"@graph\":[{\"@type\":\"Article\",\"@id\":\"https:\/\/karitaszkozpont.hu\/?p=3048#article\",\"isPartOf\":{\"@id\":\"https:\/\/karitaszkozpont.hu\/?p=3048\"},\"author\":{\"name\":\"Karit\u00e1sz K\u00f6zpont\",\"@id\":\"https:\/\/karitaszkozpont.hu\/#\/schema\/person\/0d9c28244c111914ea13bb1248775e57\"},\"headline\":\"Besz\u00e1mol\u00f3 a Szent Erzs\u00e9bet Karit\u00e1sz K\u00f6zpont 2023-mas pelenka t\u00e1mogat\u00e1si programj\u00e1r\u00f3l\",\"datePublished\":\"2023-08-10T10:34:08+00:00\",\"dateModified\":\"2023-08-10T10:34:10+00:00\",\"mainEntityOfPage\":{\"@id\":\"https:\/\/karitaszkozpont.hu\/?p=3048\"},\"wordCount\":501,\"publisher\":{\"@id\":\"https:\/\/karitaszkozpont.hu\/#organization\"},\"articleSection\":[\"H\u00edrek\"],\"inLanguage\":\"hu\"},{\"@type\":\"WebPage\",\"@id\":\"https:\/\/karitaszkozpont.hu\/?p=3048\",\"url\":\"https:\/\/karitaszkozpont.hu\/?p=3048\",\"name\":\"Besz\u00e1mol\u00f3 a Szent Erzs\u00e9bet Karit\u00e1sz K\u00f6zpont 2023-mas pelenka t\u00e1mogat\u00e1si programj\u00e1r\u00f3l - Szent Erzs\u00e9bet Karit\u00e1sz K\u00f6zpont\",\"isPartOf\":{\"@id\":\"https:\/\/karitaszkozpont.hu\/#website\"},\"datePublished\":\"2023-08-10T10:34:08+00:00\",\"dateModified\":\"2023-08-10T10:34:10+00:00\",\"breadcrumb\":{\"@id\":\"https:\/\/karitaszkozpont.hu\/?p=3048#breadcrumb\"},\"inLanguage\":\"hu\",\"potentialAction\":[{\"@type\":\"ReadAction\",\"target\":[\"https:\/\/karitaszkozpont.hu\/?p=3048\"]}]},{\"@type\":\"BreadcrumbList\",\"@id\":\"https:\/\/karitaszkozpont.hu\/?p=3048#breadcrumb\",\"itemListElement\":[{\"@type\":\"ListItem\",\"position\":1,\"name\":\"Kezd\u0151lap\",\"item\":\"https:\/\/karitaszkozpont.hu\/\"},{\"@type\":\"ListItem\",\"position\":2,\"name\":\"Besz\u00e1mol\u00f3 a Szent Erzs\u00e9bet Karit\u00e1sz K\u00f6zpont 2023-mas pelenka t\u00e1mogat\u00e1si programj\u00e1r\u00f3l\"}]},{\"@type\":\"WebSite\",\"@id\":\"https:\/\/karitaszkozpont.hu\/#website\",\"url\":\"https:\/\/karitaszkozpont.hu\/\",\"name\":\"Szent Erzs\u00e9bet Karit\u00e1sz K\u00f6zpont\",\"description\":\"Esztergom-Budapesti F\u0151egyh\u00e1zmegye\",\"publisher\":{\"@id\":\"https:\/\/karitaszkozpont.hu\/#organization\"},\"potentialAction\":[{\"@type\":\"SearchAction\",\"target\":{\"@type\":\"EntryPoint\",\"urlTemplate\":\"https:\/\/karitaszkozpont.hu\/?s={search_term_string}\"},\"query-input\":\"required name=search_term_string\"}],\"inLanguage\":\"hu\"},{\"@type\":\"Organization\",\"@id\":\"https:\/\/karitaszkozpont.hu\/#organization\",\"name\":\"Szent Erzs\u00e9bet Karit\u00e1sz K\u00f6zpont\",\"url\":\"https:\/\/karitaszkozpont.hu\/\",\"logo\":{\"@type\":\"ImageObject\",\"inLanguage\":\"hu\",\"@id\":\"https:\/\/karitaszkozpont.hu\/#\/schema\/logo\/image\/\",\"url\":\"https:\/\/karitaszkp.hu\/wp-content\/uploads\/2019\/06\/cropped-logo-arnyekos-1.png\",\"contentUrl\":\"https:\/\/karitaszkp.hu\/wp-content\/uploads\/2019\/06\/cropped-logo-arnyekos-1.png\",\"width\":240,\"height\":247,\"caption\":\"Szent Erzs\u00e9bet Karit\u00e1sz K\u00f6zpont\"},\"image\":{\"@id\":\"https:\/\/karitaszkozpont.hu\/#\/schema\/logo\/image\/\"}},{\"@type\":\"Person\",\"@id\":\"https:\/\/karitaszkozpont.hu\/#\/schema\/person\/0d9c28244c111914ea13bb1248775e57\",\"name\":\"Karit\u00e1sz K\u00f6zpont\",\"image\":{\"@type\":\"ImageObject\",\"inLanguage\":\"hu\",\"@id\":\"https:\/\/karitaszkozpont.hu\/#\/schema\/person\/image\/\",\"url\":\"https:\/\/secure.gravatar.com\/avatar\/1274acd7c62f3cac92d2b38aad20c71b?s=96&d=mm&r=g\",\"contentUrl\":\"https:\/\/secure.gravatar.com\/avatar\/1274acd7c62f3cac92d2b38aad20c71b?s=96&d=mm&r=g\",\"caption\":\"Karit\u00e1sz K\u00f6zpont\"},\"url\":\"https:\/\/karitaszkozpont.hu\/?author=1\"}]}<\/script>\n<!-- \/ Yoast SEO plugin. -->","yoast_head_json":{"title":"Besz\u00e1mol\u00f3 a Szent Erzs\u00e9bet Karit\u00e1sz K\u00f6zpont 2023-mas pelenka t\u00e1mogat\u00e1si programj\u00e1r\u00f3l - Szent Erzs\u00e9bet Karit\u00e1sz K\u00f6zpont","robots":{"index":"index","follow":"follow","max-snippet":"max-snippet:-1","max-image-preview":"max-image-preview:large","max-video-preview":"max-video-preview:-1"},"canonical":"https:\/\/karitaszkozpont.hu\/?p=3048","og_locale":"hu_HU","og_type":"article","og_title":"Besz\u00e1mol\u00f3 a Szent Erzs\u00e9bet Karit\u00e1sz K\u00f6zpont 2023-mas pelenka t\u00e1mogat\u00e1si programj\u00e1r\u00f3l - Szent Erzs\u00e9bet Karit\u00e1sz K\u00f6zpont","og_description":"Besz\u00e1mol\u00f3 a Szent Erzs\u00e9bet Karit\u00e1sz K\u00f6zpont 2023-mas pelenka t\u00e1mogat\u00e1si programj\u00e1r\u00f3l A Karit\u00e1sz \u00e9s DM k\u00f6z\u00f6s, Egy\u00fctt a bab\u00e1k\u00e9rt elnevez\u00e9s\u0171 programja keret\u00e9ben orsz\u00e1gszerte id\u00e9n is sz\u00e1mos csal\u00e1d r\u00e9szes\u00fclt pelenka t\u00e1mogat\u00e1sban. A kisgyermekes sz\u00fcl\u0151k sz\u00e1m\u00e1ra a pelenka-v\u00e1s\u00e1rl\u00e1s mindig nagy anyagi terhet jelent, k\u00fcl\u00f6n\u00f6sen a mostani id\u0151szakban, amikor \u00e9rz\u00e9kelj\u00fck, hogy az \u00e1rak gyors emelked\u00e9s\u00e9vel sok csal\u00e1d meg\u00e9lhet\u00e9se v\u00e1lt &hellip; Continue reading \"Besz\u00e1mol\u00f3 a Szent Erzs\u00e9bet Karit\u00e1sz K\u00f6zpont 2023-mas pelenka t\u00e1mogat\u00e1si programj\u00e1r\u00f3l\"","og_url":"https:\/\/karitaszkozpont.hu\/?p=3048","og_site_name":"Szent Erzs\u00e9bet Karit\u00e1sz K\u00f6zpont","article_published_time":"2023-08-10T10:34:08+00:00","article_modified_time":"2023-08-10T10:34:10+00:00","og_image":[{"width":2560,"height":1786,"url":"https:\/\/karitaszkozpont.hu\/wp-content\/uploads\/2023\/08\/DSC_3451-scaled.jpg","type":"image\/jpeg"}],"author":"Karit\u00e1sz K\u00f6zpont","twitter_card":"summary_large_image","twitter_misc":{"Szerz\u0151:":"Karit\u00e1sz K\u00f6zpont","Becs\u00fclt olvas\u00e1si id\u0151":"2 perc"},"schema":{"@context":"https:\/\/schema.org","@graph":[{"@type":"Article","@id":"https:\/\/karitaszkozpont.hu\/?p=3048#article","isPartOf":{"@id":"https:\/\/karitaszkozpont.hu\/?p=3048"},"author":{"name":"Karit\u00e1sz K\u00f6zpont","@id":"https:\/\/karitaszkozpont.hu\/#\/schema\/person\/0d9c28244c111914ea13bb1248775e57"},"headline":"Besz\u00e1mol\u00f3 a Szent Erzs\u00e9bet Karit\u00e1sz K\u00f6zpont 2023-mas pelenka t\u00e1mogat\u00e1si programj\u00e1r\u00f3l","datePublished":"2023-08-10T10:34:08+00:00","dateModified":"2023-08-10T10:34:10+00:00","mainEntityOfPage":{"@id":"https:\/\/karitaszkozpont.hu\/?p=3048"},"wordCount":501,"publisher":{"@id":"https:\/\/karitaszkozpont.hu\/#organization"},"articleSection":["H\u00edrek"],"inLanguage":"hu"},{"@type":"WebPage","@id":"https:\/\/karitaszkozpont.hu\/?p=3048","url":"https:\/\/karitaszkozpont.hu\/?p=3048","name":"Besz\u00e1mol\u00f3 a Szent Erzs\u00e9bet Karit\u00e1sz K\u00f6zpont 2023-mas pelenka t\u00e1mogat\u00e1si programj\u00e1r\u00f3l - Szent Erzs\u00e9bet Karit\u00e1sz K\u00f6zpont","isPartOf":{"@id":"https:\/\/karitaszkozpont.hu\/#website"},"datePublished":"2023-08-10T10:34:08+00:00","dateModified":"2023-08-10T10:34:10+00:00","breadcrumb":{"@id":"https:\/\/karitaszkozpont.hu\/?p=3048#breadcrumb"},"inLanguage":"hu","potentialAction":[{"@type":"ReadAction","target":["https:\/\/karitaszkozpont.hu\/?p=3048"]}]},{"@type":"BreadcrumbList","@id":"https:\/\/karitaszkozpont.hu\/?p=3048#breadcrumb","itemListElement":[{"@type":"ListItem","position":1,"name":"Kezd\u0151lap","item":"https:\/\/karitaszkozpont.hu\/"},{"@type":"ListItem","position":2,"name":"Besz\u00e1mol\u00f3 a Szent Erzs\u00e9bet Karit\u00e1sz K\u00f6zpont 2023-mas pelenka t\u00e1mogat\u00e1si programj\u00e1r\u00f3l"}]},{"@type":"WebSite","@id":"https:\/\/karitaszkozpont.hu\/#website","url":"https:\/\/karitaszkozpont.hu\/","name":"Szent Erzs\u00e9bet Karit\u00e1sz K\u00f6zpont","description":"Esztergom-Budapesti F\u0151egyh\u00e1zmegye","publisher":{"@id":"https:\/\/karitaszkozpont.hu\/#organization"},"potentialAction":[{"@type":"SearchAction","target":{"@type":"EntryPoint","urlTemplate":"https:\/\/karitaszkozpont.hu\/?s={search_term_string}"},"query-input":"required name=search_term_string"}],"inLanguage":"hu"},{"@type":"Organization","@id":"https:\/\/karitaszkozpont.hu\/#organization","name":"Szent Erzs\u00e9bet Karit\u00e1sz K\u00f6zpont","url":"https:\/\/karitaszkozpont.hu\/","logo":{"@type":"ImageObject","inLanguage":"hu","@id":"https:\/\/karitaszkozpont.hu\/#\/schema\/logo\/image\/","url":"https:\/\/karitaszkp.hu\/wp-content\/uploads\/2019\/06\/cropped-logo-arnyekos-1.png","contentUrl":"https:\/\/karitaszkp.hu\/wp-content\/uploads\/2019\/06\/cropped-logo-arnyekos-1.png","width":240,"height":247,"caption":"Szent Erzs\u00e9bet Karit\u00e1sz K\u00f6zpont"},"image":{"@id":"https:\/\/karitaszkozpont.hu\/#\/schema\/logo\/image\/"}},{"@type":"Person","@id":"https:\/\/karitaszkozpont.hu\/#\/schema\/person\/0d9c28244c111914ea13bb1248775e57","name":"Karit\u00e1sz K\u00f6zpont","image":{"@type":"ImageObject","inLanguage":"hu","@id":"https:\/\/karitaszkozpont.hu\/#\/schema\/person\/image\/","url":"https:\/\/secure.gravatar.com\/avatar\/1274acd7c62f3cac92d2b38aad20c71b?s=96&d=mm&r=g","contentUrl":"https:\/\/secure.gravatar.com\/avatar\/1274acd7c62f3cac92d2b38aad20c71b?s=96&d=mm&r=g","caption":"Karit\u00e1sz K\u00f6zpont"},"url":"https:\/\/karitaszkozpont.hu\/?author=1"}]}},"_links":{"self":[{"href":"https:\/\/karitaszkozpont.hu\/index.php?rest_route=\/wp\/v2\/posts\/3048"}],"collection":[{"href":"https:\/\/karitaszkozpont.hu\/index.php?rest_route=\/wp\/v2\/posts"}],"about":[{"href":"https:\/\/karitaszkozpont.hu\/index.php?rest_route=\/wp\/v2\/types\/post"}],"author":[{"embeddable":true,"href":"https:\/\/karitaszkozpont.hu\/index.php?rest_route=\/wp\/v2\/users\/1"}],"replies":[{"embeddable":true,"href":"https:\/\/karitaszkozpont.hu\/index.php?rest_route=%2Fwp%2Fv2%2Fcomments&post=3048"}],"version-history":[{"count":1,"href":"https:\/\/karitaszkozpont.hu\/index.php?rest_route=\/wp\/v2\/posts\/3048\/revisions"}],"predecessor-version":[{"id":3050,"href":"https:\/\/karitaszkozpont.hu\/index.php?rest_route=\/wp\/v2\/posts\/3048\/revisions\/3050"}],"wp:featuredmedia":[{"embeddable":true,"href":"https:\/\/karitaszkozpont.hu\/index.php?rest_route=\/wp\/v2\/media\/3049"}],"wp:attachment":[{"href":"https:\/\/karitaszkozpont.hu\/index.php?rest_route=%2Fwp%2Fv2%2Fmedia&parent=3048"}],"wp:term":[{"taxonomy":"category","embeddable":true,"href":"https:\/\/karitaszkozpont.hu\/index.php?rest_route=%2Fwp%2Fv2%2Fcategories&post=3048"},{"taxonomy":"post_tag","embeddable":true,"href":"https:\/\/karitaszkozpont.hu\/index.php?rest_route=%2Fwp%2Fv2%2Ftags&post=3048"}],"curies":[{"name":"wp","href":"https:\/\/api.w.org\/{rel}","templated":true}]}}