{"id":3041,"date":"2023-07-02T12:59:00","date_gmt":"2023-07-02T10:59:00","guid":{"rendered":"https:\/\/karitaszkp.hu\/?p=3041"},"modified":"2023-07-30T13:01:55","modified_gmt":"2023-07-30T11:01:55","slug":"215-nyar-elejen","status":"publish","type":"post","link":"https:\/\/karitaszkozpont.hu\/?p=3041","title":{"rendered":"<strong>215. Ny\u00e1r elej\u00e9n<\/strong>"},"content":{"rendered":"\n<p class=\"has-white-color has-vivid-red-background-color has-text-color has-background has-medium-font-size\"><strong>215. Ny\u00e1r elej\u00e9n<\/strong><\/p>\n\n\n\n<p><em>\u201eTested \u00e9s v\u00e9red \u00e1ldott t\u00e1pl\u00e1l\u00e9ka meg\u00faj\u00edt minket, Urunk. K\u00e9rj\u00fck irgalmadat, hogy amit \u00e1h\u00edtatos l\u00e9lekkel \u00fajra meg \u00fajra \u00fcnnepl\u00fcnk, megv\u00e1lt\u00e1sod kegyelm\u00e9b\u0151l biztosan el is \u00e9rj\u00fck.&nbsp;!\u201d (\u00c9vk\u00f6zi 12. vas\u00e1rnapi szentmise \u00e1ldoz\u00e1s ut\u00e1ni k\u00f6ny\u00f6rg\u00e9se)<\/em><\/p>\n\n\n\n<p>Kedves Karit\u00e1sz \u00d6nk\u00e9ntesek, Munkat\u00e1rsak, Testv\u00e9rek az \u00darban!<\/p>\n\n\n\n<p>J\u00f3 l\u00e1tni, hallani a Szent Erzs\u00e9bet Karit\u00e1sz K\u00f6zpontban, hogy milyen sok pl\u00e9b\u00e1ni\u00e1n, karit\u00e1szcsoportban indulnak a gyermek-, ifj\u00fas\u00e1gi \u00e9s csal\u00e1di t\u00e1borok. J\u00f3 tudni, hogy t\u00f6bbsz\u00e1z csal\u00e1dot tud a karit\u00e1sz nevezni az \u00e1llami Szent Erzs\u00e9bet t\u00e1borokba is. Mi az irod\u00e1ban, amikor ezekhez az esem\u00e9nyekhez seg\u00edts\u00e9get ny\u00fajtunk anyagi, eszk\u00f6z- vagy szervez\u00e9si t\u00e1mogat\u00e1ssal, magunk is \u00e1t\u00e9lj\u00fck a k\u00e9sz\u00fclet izgalm\u00e1t, felelevenednek benn\u00fcnk is a kor\u00e1bbi \u00e9vek \u00e9lm\u00e9nyei, amikor mi magunk is r\u00e9sztvev\u0151i, k\u00e9s\u0151bb szervez\u0151i voltunk ezeknek a sz\u00e9p \u00e9s gyakran \u00e9letresz\u00f3l\u00f3 \u00e9lm\u00e9nyeket hordoz\u00f3, hit\u00fcnket \u00e9s szem\u00e9lyi fejl\u0151d\u00e9s\u00fcnket meghat\u00e1roz\u00f3 programoknak.<\/p>\n\n\n\n<p>A t\u00e1bori szentmis\u00e9k, im\u00e1ds\u00e1gok mindig meger\u0151s\u00edtik benn\u00fcnk a Szentl\u00e9lek erej\u00e9t, az \u00dar jelenl\u00e9t\u00e9nek tudat\u00e1t, hiszen az \u00dar mindig vel\u00fcnk van. Nem l\u00e1tjuk ugyan az Istent, de hissz\u00fck \u00e9s tudjuk, hogy mindig mellett\u00fcnk \u00e1ll, el\u0151tt\u00fcnk j\u00e1r, vel\u00fcnk van. Ez t\u00f6bbletb\u00e1tors\u00e1got, er\u0151t \u00e9s \u00f6r\u00f6m\u00f6t ad, k\u00fcl\u00f6n\u00f6sen, ha ezt k\u00f6z\u00f6ss\u00e9gben \u00e9lj\u00fck meg. Milyen j\u00f3 az Isten! Dics\u0151s\u00e9g neki mind\u00f6r\u00f6kk\u00e9!<\/p>\n\n\n\n<p>Mi is az irod\u00e1ban kivessz\u00fck a szabads\u00e1gokat, de \u00fagy osztjuk be a jelenl\u00e9tet, hogy ebben az id\u0151ben is rendelkez\u00e9sre \u00e1lljunk, mert a karit\u00e1sz nem z\u00e1rhat be. Azt v\u00e1llaltuk, amit Szent P\u00e1l mag\u00e1r\u00f3l mondott, hogy&nbsp;<em>\u201emindenkinek mindene lettem, hogy mindenkit \u00fcdv\u00f6z\u00edtsek.\u201d (1 Kor 9,22)<\/em>&nbsp;Persze sem Szent P\u00e1l apostol, sem mi nem gondoljuk, hogy mi magunk \u00fcdv\u00f6z\u00edt\u00fcnk, de l\u00e9nyeges, hogy minden kereszt\u00e9ny embernek megvan a maga k\u00fcldet\u00e9se az \u00dcdv\u00f6z\u00edt\u0151vel&nbsp;egy\u00fcttm\u0171k\u00f6dve szerepet v\u00e1llalni az \u00fcdv\u00f6ss\u00e9g m\u0171v\u00e9ben. Mi magunk is az \u00fcdv\u00f6ss\u00e9gt\u00f6rt\u00e9net r\u00e9szei vagyunk. M\u00e9ghozz\u00e1 nem csak epiz\u00f3dszerepl\u0151k\u00e9nt, hanem meghat\u00e1roz\u00f3k\u00e9nt. A csepp a tengerben is meghat\u00e1roz\u00f3, mert cseppekb\u0151l \u00e1ll \u00f6ssze a t\u00f3, a tenger, az \u00f3ce\u00e1n is.<\/p>\n\n\n\n<p>Ez a szerepv\u00e1llal\u00e1s nem f\u00fcgg sem \u00e9letkorunkt\u00f3l, sem eg\u00e9szs\u00e9gi \u00e1llapotunkt\u00f3l, sem adotts\u00e1gainkt\u00f3l, sem k\u00e9pess\u00e9geinkt\u0151l \u2013 semmit\u0151l sem, CSAK A SZERETET\u00dcNKT\u0150L. Minden azon m\u00falik, hogy hogyan szeret\u00fcnk. Hogyan szeretj\u00fck Istent \u00e9s embert\u00e1rsainkat? K\u00e9pesek vagyunk-e a magunk gyarl\u00f3 keretei k\u00f6zepette a maxim\u00e1lis szeretetet kihoznunk magunkb\u00f3l, megmutatnunk, hogy mekkora szeretet van ben\u00fcnk \u00e9s tan\u00fas\u00e1got tenn\u00fcnk r\u00f3la? Amikor szeret\u00fcnk, Istent ut\u00e1nozzuk, Aki maga a Szeretet.<\/p>\n\n\n\n<p>A szeretet tal\u00e1l\u00e9kony,\u00a0egy\u00fctt\u00e9rz\u0151, el\u0151z\u00e9keny, tev\u00e9keny, im\u00e1ds\u00e1gos, \u00e1dozatos. Milyen csod\u00e1latos, hogy\u00a0egy\u00e1ltal\u00e1n t\u00f6rekedhet\u00fcnk mindezen er\u00e9nyek gyakorl\u00e1s\u00e1ra, megval\u00f3s\u00edt\u00e1s\u00e1ra, hogy ez\u00e1ltal mindny\u00e1jan \u00e9p\u00edts\u00fck Isten orsz\u00e1g\u00e1t mik\u00f6z\u00f6tt\u00fcnk!<\/p>\n\n\n\n<p>Csorba G\u00e1bor<\/p>\n\n\n\n<p>\u00e1lland\u00f3 diak\u00f3nus, karit\u00e1sz igazgat\u00f3<\/p>\n\n\n\n<p>Esztergom-Budapesti F\u0151egyh\u00e1zmegye<\/p>\n\n\n\n<p>Szent Erzs\u00e9bet Karit\u00e1sz K\u00f6zpont<\/p>\n\n\n\n<p class=\"has-background\" style=\"background-color:#cacaca\">Iroda:&nbsp;1033 Budapest III. ker. Szentendrei \u00fat 69-71. (K\u00f6vi Sz\u0171z M\u00e1ria Pl\u00e9b\u00e1nia)<\/p>\n\n\n\n<p class=\"has-background\" style=\"background-color:#cacaca\">Telefon: +36-1-351-1977<\/p>\n\n\n\n<p class=\"has-background\" style=\"background-color:#cacaca\">Mobil: +36-30-592-1483<\/p>\n\n\n\n<p class=\"has-background\" style=\"background-color:#cacaca\">E-mail:&nbsp;<a href=\"mailto:szenterzsebet@karitaszkozpont.hu\" target=\"_blank\" rel=\"noreferrer noopener\">szenterzsebet@karitaszkozpont.hu<\/a><\/p>\n\n\n\n<p class=\"has-background\" style=\"background-color:#cacaca\">Honlap, ahol a kor\u00e1bbi egypercesek is el\u00e9rhat\u0151k:&nbsp;<a href=\"http:\/\/www.karitaszkp.hu\/\" target=\"_blank\" rel=\"noreferrer noopener\">www.karitaszkp.hu<\/a><\/p>\n","protected":false},"excerpt":{"rendered":"<p>215. Ny\u00e1r elej\u00e9n \u201eTested \u00e9s v\u00e9red \u00e1ldott t\u00e1pl\u00e1l\u00e9ka meg\u00faj\u00edt minket, Urunk. K\u00e9rj\u00fck irgalmadat, hogy amit \u00e1h\u00edtatos l\u00e9lekkel \u00fajra meg \u00fajra \u00fcnnepl\u00fcnk, megv\u00e1lt\u00e1sod kegyelm\u00e9b\u0151l biztosan el is \u00e9rj\u00fck.&nbsp;!\u201d (\u00c9vk\u00f6zi 12. vas\u00e1rnapi szentmise \u00e1ldoz\u00e1s ut\u00e1ni k\u00f6ny\u00f6rg\u00e9se) Kedves Karit\u00e1sz \u00d6nk\u00e9ntesek, Munkat\u00e1rsak, Testv\u00e9rek az \u00darban! J\u00f3 l\u00e1tni, hallani a Szent Erzs\u00e9bet Karit\u00e1sz K\u00f6zpontban, hogy milyen sok pl\u00e9b\u00e1ni\u00e1n, karit\u00e1szcsoportban indulnak &hellip; <\/p>\n<p class=\"link-more\"><a href=\"https:\/\/karitaszkozpont.hu\/?p=3041\" class=\"more-link\">Continue reading<span class=\"screen-reader-text\"> &#8222;<strong>215. Ny\u00e1r elej\u00e9n<\/strong>&#8222;<\/span><\/a><\/p>\n","protected":false},"author":1,"featured_media":563,"comment_status":"closed","ping_status":"open","sticky":false,"template":"","format":"standard","meta":[],"categories":[8],"tags":[],"yoast_head":"<!-- This site is optimized with the Yoast SEO plugin v20.1 - https:\/\/yoast.com\/wordpress\/plugins\/seo\/ -->\n<title>215. Ny\u00e1r elej\u00e9n - Szent Erzs\u00e9bet Karit\u00e1sz K\u00f6zpont<\/title>\n<meta name=\"robots\" content=\"index, follow, max-snippet:-1, max-image-preview:large, max-video-preview:-1\" \/>\n<link rel=\"canonical\" href=\"https:\/\/karitaszkozpont.hu\/?p=3041\" \/>\n<meta property=\"og:locale\" content=\"hu_HU\" \/>\n<meta property=\"og:type\" content=\"article\" \/>\n<meta property=\"og:title\" content=\"215. Ny\u00e1r elej\u00e9n - Szent Erzs\u00e9bet Karit\u00e1sz K\u00f6zpont\" \/>\n<meta property=\"og:description\" content=\"215. Ny\u00e1r elej\u00e9n \u201eTested \u00e9s v\u00e9red \u00e1ldott t\u00e1pl\u00e1l\u00e9ka meg\u00faj\u00edt minket, Urunk. K\u00e9rj\u00fck irgalmadat, hogy amit \u00e1h\u00edtatos l\u00e9lekkel \u00fajra meg \u00fajra \u00fcnnepl\u00fcnk, megv\u00e1lt\u00e1sod kegyelm\u00e9b\u0151l biztosan el is \u00e9rj\u00fck.&nbsp;!\u201d (\u00c9vk\u00f6zi 12. vas\u00e1rnapi szentmise \u00e1ldoz\u00e1s ut\u00e1ni k\u00f6ny\u00f6rg\u00e9se) Kedves Karit\u00e1sz \u00d6nk\u00e9ntesek, Munkat\u00e1rsak, Testv\u00e9rek az \u00darban! J\u00f3 l\u00e1tni, hallani a Szent Erzs\u00e9bet Karit\u00e1sz K\u00f6zpontban, hogy milyen sok pl\u00e9b\u00e1ni\u00e1n, karit\u00e1szcsoportban indulnak &hellip; Continue reading &quot;215. Ny\u00e1r elej\u00e9n&quot;\" \/>\n<meta property=\"og:url\" content=\"https:\/\/karitaszkozpont.hu\/?p=3041\" \/>\n<meta property=\"og:site_name\" content=\"Szent Erzs\u00e9bet Karit\u00e1sz K\u00f6zpont\" \/>\n<meta property=\"article:published_time\" content=\"2023-07-02T10:59:00+00:00\" \/>\n<meta property=\"article:modified_time\" content=\"2023-07-30T11:01:55+00:00\" \/>\n<meta property=\"og:image\" content=\"https:\/\/karitaszkozpont.hu\/wp-content\/uploads\/2019\/07\/egyperceslogo.jpg\" \/>\n\t<meta property=\"og:image:width\" content=\"2300\" \/>\n\t<meta property=\"og:image:height\" content=\"1528\" \/>\n\t<meta property=\"og:image:type\" content=\"image\/jpeg\" \/>\n<meta name=\"author\" content=\"Karit\u00e1sz K\u00f6zpont\" \/>\n<meta name=\"twitter:card\" content=\"summary_large_image\" \/>\n<meta name=\"twitter:label1\" content=\"Szerz\u0151:\" \/>\n\t<meta name=\"twitter:data1\" content=\"Karit\u00e1sz K\u00f6zpont\" \/>\n\t<meta name=\"twitter:label2\" content=\"Becs\u00fclt olvas\u00e1si id\u0151\" \/>\n\t<meta name=\"twitter:data2\" content=\"3 perc\" \/>\n<script type=\"application\/ld+json\" class=\"yoast-schema-graph\">{\"@context\":\"https:\/\/schema.org\",\"@graph\":[{\"@type\":\"Article\",\"@id\":\"https:\/\/karitaszkozpont.hu\/?p=3041#article\",\"isPartOf\":{\"@id\":\"https:\/\/karitaszkozpont.hu\/?p=3041\"},\"author\":{\"name\":\"Karit\u00e1sz K\u00f6zpont\",\"@id\":\"https:\/\/karitaszkozpont.hu\/#\/schema\/person\/0d9c28244c111914ea13bb1248775e57\"},\"headline\":\"215. Ny\u00e1r elej\u00e9n\",\"datePublished\":\"2023-07-02T10:59:00+00:00\",\"dateModified\":\"2023-07-30T11:01:55+00:00\",\"mainEntityOfPage\":{\"@id\":\"https:\/\/karitaszkozpont.hu\/?p=3041\"},\"wordCount\":660,\"publisher\":{\"@id\":\"https:\/\/karitaszkozpont.hu\/#organization\"},\"articleSection\":[\"Egypercesek\"],\"inLanguage\":\"hu\"},{\"@type\":\"WebPage\",\"@id\":\"https:\/\/karitaszkozpont.hu\/?p=3041\",\"url\":\"https:\/\/karitaszkozpont.hu\/?p=3041\",\"name\":\"215. Ny\u00e1r elej\u00e9n - Szent Erzs\u00e9bet Karit\u00e1sz K\u00f6zpont\",\"isPartOf\":{\"@id\":\"https:\/\/karitaszkozpont.hu\/#website\"},\"datePublished\":\"2023-07-02T10:59:00+00:00\",\"dateModified\":\"2023-07-30T11:01:55+00:00\",\"breadcrumb\":{\"@id\":\"https:\/\/karitaszkozpont.hu\/?p=3041#breadcrumb\"},\"inLanguage\":\"hu\",\"potentialAction\":[{\"@type\":\"ReadAction\",\"target\":[\"https:\/\/karitaszkozpont.hu\/?p=3041\"]}]},{\"@type\":\"BreadcrumbList\",\"@id\":\"https:\/\/karitaszkozpont.hu\/?p=3041#breadcrumb\",\"itemListElement\":[{\"@type\":\"ListItem\",\"position\":1,\"name\":\"Kezd\u0151lap\",\"item\":\"https:\/\/karitaszkozpont.hu\/\"},{\"@type\":\"ListItem\",\"position\":2,\"name\":\"215. Ny\u00e1r elej\u00e9n\"}]},{\"@type\":\"WebSite\",\"@id\":\"https:\/\/karitaszkozpont.hu\/#website\",\"url\":\"https:\/\/karitaszkozpont.hu\/\",\"name\":\"Szent Erzs\u00e9bet Karit\u00e1sz K\u00f6zpont\",\"description\":\"Esztergom-Budapesti F\u0151egyh\u00e1zmegye\",\"publisher\":{\"@id\":\"https:\/\/karitaszkozpont.hu\/#organization\"},\"potentialAction\":[{\"@type\":\"SearchAction\",\"target\":{\"@type\":\"EntryPoint\",\"urlTemplate\":\"https:\/\/karitaszkozpont.hu\/?s={search_term_string}\"},\"query-input\":\"required name=search_term_string\"}],\"inLanguage\":\"hu\"},{\"@type\":\"Organization\",\"@id\":\"https:\/\/karitaszkozpont.hu\/#organization\",\"name\":\"Szent Erzs\u00e9bet Karit\u00e1sz K\u00f6zpont\",\"url\":\"https:\/\/karitaszkozpont.hu\/\",\"logo\":{\"@type\":\"ImageObject\",\"inLanguage\":\"hu\",\"@id\":\"https:\/\/karitaszkozpont.hu\/#\/schema\/logo\/image\/\",\"url\":\"https:\/\/karitaszkp.hu\/wp-content\/uploads\/2019\/06\/cropped-logo-arnyekos-1.png\",\"contentUrl\":\"https:\/\/karitaszkp.hu\/wp-content\/uploads\/2019\/06\/cropped-logo-arnyekos-1.png\",\"width\":240,\"height\":247,\"caption\":\"Szent Erzs\u00e9bet Karit\u00e1sz K\u00f6zpont\"},\"image\":{\"@id\":\"https:\/\/karitaszkozpont.hu\/#\/schema\/logo\/image\/\"}},{\"@type\":\"Person\",\"@id\":\"https:\/\/karitaszkozpont.hu\/#\/schema\/person\/0d9c28244c111914ea13bb1248775e57\",\"name\":\"Karit\u00e1sz K\u00f6zpont\",\"image\":{\"@type\":\"ImageObject\",\"inLanguage\":\"hu\",\"@id\":\"https:\/\/karitaszkozpont.hu\/#\/schema\/person\/image\/\",\"url\":\"https:\/\/secure.gravatar.com\/avatar\/1274acd7c62f3cac92d2b38aad20c71b?s=96&d=mm&r=g\",\"contentUrl\":\"https:\/\/secure.gravatar.com\/avatar\/1274acd7c62f3cac92d2b38aad20c71b?s=96&d=mm&r=g\",\"caption\":\"Karit\u00e1sz K\u00f6zpont\"},\"url\":\"https:\/\/karitaszkozpont.hu\/?author=1\"}]}<\/script>\n<!-- \/ Yoast SEO plugin. -->","yoast_head_json":{"title":"215. Ny\u00e1r elej\u00e9n - Szent Erzs\u00e9bet Karit\u00e1sz K\u00f6zpont","robots":{"index":"index","follow":"follow","max-snippet":"max-snippet:-1","max-image-preview":"max-image-preview:large","max-video-preview":"max-video-preview:-1"},"canonical":"https:\/\/karitaszkozpont.hu\/?p=3041","og_locale":"hu_HU","og_type":"article","og_title":"215. Ny\u00e1r elej\u00e9n - Szent Erzs\u00e9bet Karit\u00e1sz K\u00f6zpont","og_description":"215. Ny\u00e1r elej\u00e9n \u201eTested \u00e9s v\u00e9red \u00e1ldott t\u00e1pl\u00e1l\u00e9ka meg\u00faj\u00edt minket, Urunk. K\u00e9rj\u00fck irgalmadat, hogy amit \u00e1h\u00edtatos l\u00e9lekkel \u00fajra meg \u00fajra \u00fcnnepl\u00fcnk, megv\u00e1lt\u00e1sod kegyelm\u00e9b\u0151l biztosan el is \u00e9rj\u00fck.&nbsp;!\u201d (\u00c9vk\u00f6zi 12. vas\u00e1rnapi szentmise \u00e1ldoz\u00e1s ut\u00e1ni k\u00f6ny\u00f6rg\u00e9se) Kedves Karit\u00e1sz \u00d6nk\u00e9ntesek, Munkat\u00e1rsak, Testv\u00e9rek az \u00darban! J\u00f3 l\u00e1tni, hallani a Szent Erzs\u00e9bet Karit\u00e1sz K\u00f6zpontban, hogy milyen sok pl\u00e9b\u00e1ni\u00e1n, karit\u00e1szcsoportban indulnak &hellip; Continue reading \"215. Ny\u00e1r elej\u00e9n\"","og_url":"https:\/\/karitaszkozpont.hu\/?p=3041","og_site_name":"Szent Erzs\u00e9bet Karit\u00e1sz K\u00f6zpont","article_published_time":"2023-07-02T10:59:00+00:00","article_modified_time":"2023-07-30T11:01:55+00:00","og_image":[{"width":2300,"height":1528,"url":"https:\/\/karitaszkozpont.hu\/wp-content\/uploads\/2019\/07\/egyperceslogo.jpg","type":"image\/jpeg"}],"author":"Karit\u00e1sz K\u00f6zpont","twitter_card":"summary_large_image","twitter_misc":{"Szerz\u0151:":"Karit\u00e1sz K\u00f6zpont","Becs\u00fclt olvas\u00e1si id\u0151":"3 perc"},"schema":{"@context":"https:\/\/schema.org","@graph":[{"@type":"Article","@id":"https:\/\/karitaszkozpont.hu\/?p=3041#article","isPartOf":{"@id":"https:\/\/karitaszkozpont.hu\/?p=3041"},"author":{"name":"Karit\u00e1sz K\u00f6zpont","@id":"https:\/\/karitaszkozpont.hu\/#\/schema\/person\/0d9c28244c111914ea13bb1248775e57"},"headline":"215. Ny\u00e1r elej\u00e9n","datePublished":"2023-07-02T10:59:00+00:00","dateModified":"2023-07-30T11:01:55+00:00","mainEntityOfPage":{"@id":"https:\/\/karitaszkozpont.hu\/?p=3041"},"wordCount":660,"publisher":{"@id":"https:\/\/karitaszkozpont.hu\/#organization"},"articleSection":["Egypercesek"],"inLanguage":"hu"},{"@type":"WebPage","@id":"https:\/\/karitaszkozpont.hu\/?p=3041","url":"https:\/\/karitaszkozpont.hu\/?p=3041","name":"215. Ny\u00e1r elej\u00e9n - Szent Erzs\u00e9bet Karit\u00e1sz K\u00f6zpont","isPartOf":{"@id":"https:\/\/karitaszkozpont.hu\/#website"},"datePublished":"2023-07-02T10:59:00+00:00","dateModified":"2023-07-30T11:01:55+00:00","breadcrumb":{"@id":"https:\/\/karitaszkozpont.hu\/?p=3041#breadcrumb"},"inLanguage":"hu","potentialAction":[{"@type":"ReadAction","target":["https:\/\/karitaszkozpont.hu\/?p=3041"]}]},{"@type":"BreadcrumbList","@id":"https:\/\/karitaszkozpont.hu\/?p=3041#breadcrumb","itemListElement":[{"@type":"ListItem","position":1,"name":"Kezd\u0151lap","item":"https:\/\/karitaszkozpont.hu\/"},{"@type":"ListItem","position":2,"name":"215. Ny\u00e1r elej\u00e9n"}]},{"@type":"WebSite","@id":"https:\/\/karitaszkozpont.hu\/#website","url":"https:\/\/karitaszkozpont.hu\/","name":"Szent Erzs\u00e9bet Karit\u00e1sz K\u00f6zpont","description":"Esztergom-Budapesti F\u0151egyh\u00e1zmegye","publisher":{"@id":"https:\/\/karitaszkozpont.hu\/#organization"},"potentialAction":[{"@type":"SearchAction","target":{"@type":"EntryPoint","urlTemplate":"https:\/\/karitaszkozpont.hu\/?s={search_term_string}"},"query-input":"required name=search_term_string"}],"inLanguage":"hu"},{"@type":"Organization","@id":"https:\/\/karitaszkozpont.hu\/#organization","name":"Szent Erzs\u00e9bet Karit\u00e1sz K\u00f6zpont","url":"https:\/\/karitaszkozpont.hu\/","logo":{"@type":"ImageObject","inLanguage":"hu","@id":"https:\/\/karitaszkozpont.hu\/#\/schema\/logo\/image\/","url":"https:\/\/karitaszkp.hu\/wp-content\/uploads\/2019\/06\/cropped-logo-arnyekos-1.png","contentUrl":"https:\/\/karitaszkp.hu\/wp-content\/uploads\/2019\/06\/cropped-logo-arnyekos-1.png","width":240,"height":247,"caption":"Szent Erzs\u00e9bet Karit\u00e1sz K\u00f6zpont"},"image":{"@id":"https:\/\/karitaszkozpont.hu\/#\/schema\/logo\/image\/"}},{"@type":"Person","@id":"https:\/\/karitaszkozpont.hu\/#\/schema\/person\/0d9c28244c111914ea13bb1248775e57","name":"Karit\u00e1sz K\u00f6zpont","image":{"@type":"ImageObject","inLanguage":"hu","@id":"https:\/\/karitaszkozpont.hu\/#\/schema\/person\/image\/","url":"https:\/\/secure.gravatar.com\/avatar\/1274acd7c62f3cac92d2b38aad20c71b?s=96&d=mm&r=g","contentUrl":"https:\/\/secure.gravatar.com\/avatar\/1274acd7c62f3cac92d2b38aad20c71b?s=96&d=mm&r=g","caption":"Karit\u00e1sz K\u00f6zpont"},"url":"https:\/\/karitaszkozpont.hu\/?author=1"}]}},"_links":{"self":[{"href":"https:\/\/karitaszkozpont.hu\/index.php?rest_route=\/wp\/v2\/posts\/3041"}],"collection":[{"href":"https:\/\/karitaszkozpont.hu\/index.php?rest_route=\/wp\/v2\/posts"}],"about":[{"href":"https:\/\/karitaszkozpont.hu\/index.php?rest_route=\/wp\/v2\/types\/post"}],"author":[{"embeddable":true,"href":"https:\/\/karitaszkozpont.hu\/index.php?rest_route=\/wp\/v2\/users\/1"}],"replies":[{"embeddable":true,"href":"https:\/\/karitaszkozpont.hu\/index.php?rest_route=%2Fwp%2Fv2%2Fcomments&post=3041"}],"version-history":[{"count":1,"href":"https:\/\/karitaszkozpont.hu\/index.php?rest_route=\/wp\/v2\/posts\/3041\/revisions"}],"predecessor-version":[{"id":3042,"href":"https:\/\/karitaszkozpont.hu\/index.php?rest_route=\/wp\/v2\/posts\/3041\/revisions\/3042"}],"wp:featuredmedia":[{"embeddable":true,"href":"https:\/\/karitaszkozpont.hu\/index.php?rest_route=\/wp\/v2\/media\/563"}],"wp:attachment":[{"href":"https:\/\/karitaszkozpont.hu\/index.php?rest_route=%2Fwp%2Fv2%2Fmedia&parent=3041"}],"wp:term":[{"taxonomy":"category","embeddable":true,"href":"https:\/\/karitaszkozpont.hu\/index.php?rest_route=%2Fwp%2Fv2%2Fcategories&post=3041"},{"taxonomy":"post_tag","embeddable":true,"href":"https:\/\/karitaszkozpont.hu\/index.php?rest_route=%2Fwp%2Fv2%2Ftags&post=3041"}],"curies":[{"name":"wp","href":"https:\/\/api.w.org\/{rel}","templated":true}]}}