{"id":3020,"date":"2023-07-23T15:53:00","date_gmt":"2023-07-23T13:53:00","guid":{"rendered":"https:\/\/karitaszkp.hu\/?p=3020"},"modified":"2023-07-23T15:18:03","modified_gmt":"2023-07-23T13:18:03","slug":"nagyszulok-es-idosek-vilagnapja-2023-ban","status":"publish","type":"post","link":"https:\/\/karitaszkozpont.hu\/?p=3020","title":{"rendered":"<strong>NAGYSZ\u00dcL\u0150K \u00c9S ID\u0150SEK VIL\u00c1GNAPJA 2023-BAN<\/strong>"},"content":{"rendered":"\n<p class=\"has-white-color has-vivid-red-background-color has-text-color has-background\"><strong>NAGYSZ\u00dcL\u0150K \u00c9S ID\u0150SEK VIL\u00c1GNAPJA 2023-BAN<\/strong><\/p>\n\n\n\n<figure class=\"wp-block-image\"><img decoding=\"async\" src=\"https:\/\/mail.google.com\/mail\/u\/0?ui=2&amp;ik=1e941b553b&amp;attid=0.2&amp;permmsgid=msg-f:1772206547484167428&amp;th=18982477236a4d04&amp;view=fimg&amp;fur=ip&amp;sz=s0-l75-ft&amp;attbid=ANGjdJ8jYSubQmI8WtMhe9OnV1AO2BEZAdlxXmG7S3FgOEVWx07kOdmZiE0Mhm4PYznq6bsdC7SQ3QUrirXvWhbU7shTG2BXEh53lb46b_lHr6Cetgx4CRhF8ThAyi8&amp;disp=emb\" alt=\"\"\/><\/figure>\n\n\n\n<p>Id\u00e9n j\u00faliusban imm\u00e1r harmadik alkalommal tartjuk meg a nagysz\u00fcl\u0151k \u00e9s id\u0151sek vil\u00e1gnapj\u00e1t.<\/p>\n\n\n\n<p>A Szentatya arra h\u00edv benn\u00fcnket, hogy ismerj\u00fck el id\u0151s embert\u00e1rsaink \u00e9rt\u00e9k\u00e9t, szolg\u00e1lat\u00e1t a hit \u00e9s a rem\u00e9ny \u00faj nemzed\u00e9keknek t\u00f6rt\u00e9n\u0151 \u00e1tad\u00e1s\u00e1ban, \u00e9s ne csak alkalmank\u00e9nt, hanem \u00e1lland\u00f3an. Teh\u00e1t nemcsak az a c\u00e9l, hogy \u00e9vente egyszer meg\u00fcnnepelj\u00fck id\u0151s szeretteinket, hanem hogy folyamatosan \u00e9rezz\u00e9k, hogy kereszt\u00e9ny csal\u00e1dunk \u00e9s k\u00f6z\u00f6s t\u00f6rt\u00e9nelm\u00fcnk szerves r\u00e9sz\u00e9t k\u00e9pezik.<\/p>\n\n\n\n<p>A nagysz\u00fcl\u0151k \u00e9s id\u0151sek harmadik vil\u00e1gnapj\u00e1t id\u00e9n 2023. j\u00falius 23-\u00e1n tartjuk. T\u00e9m\u00e1ja:&nbsp;<em>\u201eIrgalma nemzed\u00e9kr\u0151l nemzed\u00e9kre megmarad\u201d<\/em>&nbsp;(Lk 1,50).<\/p>\n\n\n\n<p>Az idei vil\u00e1gnapot az jellemzi, hogy szorosan kapcsol\u00f3dik az&nbsp;<a href=\"https:\/\/fiatal.katolikus.hu\/program\/ifjusagi-vilagtalalkozo-2023-liszabon\/\" target=\"_blank\" rel=\"noreferrer noopener\">ifj\u00fas\u00e1gi vil\u00e1gtal\u00e1lkoz\u00f3hoz<\/a>, amelyet augusztus 1. \u00e9s 6. k\u00f6z\u00f6tt tartanak Lisszabonban. Vil\u00e1gosan olvashatunk err\u0151l a kapcsolatr\u00f3l abban az \u00fczenetben, amelyet Ferenc p\u00e1pa az id\u0151sekhez int\u00e9zett:<\/p>\n\n\n\n<p><em>\u201eIsm\u00e9telten arra k\u00e9rek mindenkit \u2013 az egyh\u00e1zmegy\u00e9ket, az egyh\u00e1zk\u00f6zs\u00e9geket, az egyes\u00fcleteket, a k\u00f6z\u00f6ss\u00e9geket \u2013, hogy \u00fcnnepelj\u00e9k meg ezt a vil\u00e1gnapot, a fiatalok \u00e9s id\u0151sek \u00fajb\u00f3li tal\u00e1lkoz\u00e1s\u00e1nak t\u00fal\u00e1rad\u00f3 \u00f6r\u00f6m\u00e9t helyezve a k\u00f6z\u00e9ppontba. Nektek, fiatalok, akik Lisszabonba k\u00e9sz\u00fclt\u00f6k, vagy akik lak\u00f3helyeteken fogj\u00e1tok \u00fcnnepelni az ifj\u00fas\u00e1gi vil\u00e1gnapot, azt szeretn\u00e9m mondani: miel\u0151tt elindultok, l\u00e1togass\u00e1tok meg nagysz\u00fcleiteket, l\u00e1togassatok meg egy mag\u00e1nyos id\u0151s embert! Az \u0151 im\u00e1ja v\u00e9delmez majd benneteket, \u00e9s sz\u00edvetekben magatokkal viszitek majd annak a tal\u00e1lkoz\u00e1snak az \u00e1ld\u00e1s\u00e1t. Titeket, id\u0151sek, pedig arra k\u00e9rlek, hogy k\u00eds\u00e9rj\u00e9tek im\u00e1itokkal a fiatalokat, akik az ifj\u00fas\u00e1gi vil\u00e1gnapra k\u00e9sz\u00fclnek. Ezek a fiatalok Isten v\u00e1lasz\u00e1t jelentik k\u00e9r\u00e9seitekre, annak gy\u00fcm\u00f6lcs\u00e9t k\u00e9pviselik, amit ti vetettetek, annak jelei \u0151k, hogy Isten nem hagyja mag\u00e1ra n\u00e9p\u00e9t, hanem mindig megfiatal\u00edtja a Szentl\u00e9lek k\u00e9pzel\u0151erej\u00e9vel.\u201d<\/em><\/p>\n\n\n\n<p>A Szent Erzs\u00e9bet Karit\u00e1sz K\u00f6zpont a Nagysz\u00fcl\u0151k \u00e9s az Id\u0151sek vil\u00e1gnapj\u00e1hoz kapcsol\u00f3d\u00f3an rendezv\u00e9nyszorzatot szervez az Esztergom &#8211; Budapesti F\u0151egyh\u00e1zmegye t\u00f6bb ( D\u00e9l \u2013 Pesti , Bels\u0151 Pesti \u00e9s Esztergom \u2013 Baj\u00f3ti) R\u00e9gi\u00f3j\u00e1ban. A tal\u00e1lkoz\u00f3k programj\u00e1nak r\u00e9sze a k\u00f6z\u00f6s im\u00e1ds\u00e1g, a besz\u00e9lget\u00e9s \u00e9s az agap\u00e9, azaz a szeretetvend\u00e9gs\u00e9g is. Minden jelenlev\u0151 vitamin csomagot kap, valamint a Vil\u00e1gnaphoz kapacsol\u00f3d\u00f3 im\u00e1ds\u00e1got nyomtatott form\u00e1ban.<\/p>\n\n\n\n<p>\u201eIMA A NAGYSZ\u00dcL\u0150K \u00c9S ID\u0150SEK 3. VIL\u00c1GNAPJ\u00c1RA:<\/p>\n\n\n\n<p>Sz\u0171z M\u00e1ria, a hit \u00e9s rem\u00e9ny anyja, te p\u00e9ldak\u00e9p vagy a k\u00f6z\u00f6mb\u00f6ss\u00e9gbe s\u00fcllyedt emberis\u00e9g el\u0151tt, t\u00e9gy engem hozz\u00e1d hasonl\u00f3an k\u00e9szs\u00e9gess\u00e9 arra, hogy elfogadjam Isten akarat\u00e1t, magasztaljam \u00e9s dics\u00e9rjem az \u0151 irgalm\u00e1t! M\u00e1ria, a lelki er\u0151ss\u00e9g anyja, te ismered sz\u00edvemet, k\u00e9rlek, ne engedd, hogy elcs\u00fcggedjek! Bizalommal kezedbe helyezem \u00e9letemet. Gy\u00f3gy\u00edtsd meg sebeimet, gyeng\u00e9ds\u00e9ged k\u00eds\u00e9rjen utamon! Szeretet anyja, jelenl\u00e9ted vezessen benn\u00fcnket, hogy \u00f6r\u00f6mmel l\u00e1thassuk csal\u00e1dunk \u00f6sszetart\u00e1s\u00e1t! Seg\u00edts, hogy Isten gyeng\u00e9ds\u00e9g\u00e9t \u00e9s szeretet\u00e9t \u00e1raszthassam unok\u00e1im \u00e9s a fiatalok fel\u00e9, hogy ne csak \u00e9rt\u00fck, hanem vel\u00fck egy\u00fctt im\u00e1dkozhassunk. J\u00e1rj k\u00f6zben \u00e9rtem, M\u00e1ria, a Szentl\u00e9lek aj\u00e1nd\u00e9k\u00e1\u00e9rt: hogy t\u00e1mogasson gyenges\u00e9gemben; \u00f6ntse sz\u00edvembe azt a vigasztal\u00e1st, hogy a hit nyomait hagyhatom a fiatalok k\u00f6z\u00f6tt, tan\u00fas\u00e1got tudok tenni az \u00e9let sz\u00e9ps\u00e9g\u00e9r\u0151l, \u00e9s seg\u00edthetem \u0151ket tudatos\u00edtani, hogy a f\u00f6ldi \u00e9letnek v\u00e9ge van, azon t\u00fal pedig az Atya \u00f6lel\u00e9se v\u00e1r r\u00e1nk! \u00c1men<\/p>\n\n\n\n<figure class=\"wp-block-image\"><img decoding=\"async\" src=\"https:\/\/mail.google.com\/mail\/u\/0?ui=2&amp;ik=1e941b553b&amp;attid=0.3&amp;permmsgid=msg-f:1772206547484167428&amp;th=18982477236a4d04&amp;view=fimg&amp;fur=ip&amp;sz=s0-l75-ft&amp;attbid=ANGjdJ8hjfgpaBQH9RI9Doz5L0aSt2eBnzrXXNGeJwtGCV9THHQ-i88JRu1YlnTGVTacWc5nM0zt56gcXsPtMpXBXNfbuOHCAsWwNyHZ1zNHHcLa2hxtbLt9SbTfclE&amp;disp=emb\" alt=\"\"\/><\/figure>\n","protected":false},"excerpt":{"rendered":"<p>NAGYSZ\u00dcL\u0150K \u00c9S ID\u0150SEK VIL\u00c1GNAPJA 2023-BAN Id\u00e9n j\u00faliusban imm\u00e1r harmadik alkalommal tartjuk meg a nagysz\u00fcl\u0151k \u00e9s id\u0151sek vil\u00e1gnapj\u00e1t. A Szentatya arra h\u00edv benn\u00fcnket, hogy ismerj\u00fck el id\u0151s embert\u00e1rsaink \u00e9rt\u00e9k\u00e9t, szolg\u00e1lat\u00e1t a hit \u00e9s a rem\u00e9ny \u00faj nemzed\u00e9keknek t\u00f6rt\u00e9n\u0151 \u00e1tad\u00e1s\u00e1ban, \u00e9s ne csak alkalmank\u00e9nt, hanem \u00e1lland\u00f3an. Teh\u00e1t nemcsak az a c\u00e9l, hogy \u00e9vente egyszer meg\u00fcnnepelj\u00fck id\u0151s szeretteinket, &hellip; <\/p>\n<p class=\"link-more\"><a href=\"https:\/\/karitaszkozpont.hu\/?p=3020\" class=\"more-link\">Continue reading<span class=\"screen-reader-text\"> &#8222;<strong>NAGYSZ\u00dcL\u0150K \u00c9S ID\u0150SEK VIL\u00c1GNAPJA 2023-BAN<\/strong>&#8222;<\/span><\/a><\/p>\n","protected":false},"author":1,"featured_media":3021,"comment_status":"closed","ping_status":"open","sticky":false,"template":"","format":"standard","meta":[],"categories":[4],"tags":[],"yoast_head":"<!-- This site is optimized with the Yoast SEO plugin v20.1 - https:\/\/yoast.com\/wordpress\/plugins\/seo\/ -->\n<title>NAGYSZ\u00dcL\u0150K \u00c9S ID\u0150SEK VIL\u00c1GNAPJA 2023-BAN - Szent Erzs\u00e9bet Karit\u00e1sz K\u00f6zpont<\/title>\n<meta name=\"robots\" content=\"index, follow, max-snippet:-1, max-image-preview:large, max-video-preview:-1\" \/>\n<link rel=\"canonical\" href=\"https:\/\/karitaszkozpont.hu\/?p=3020\" \/>\n<meta property=\"og:locale\" content=\"hu_HU\" \/>\n<meta property=\"og:type\" content=\"article\" \/>\n<meta property=\"og:title\" content=\"NAGYSZ\u00dcL\u0150K \u00c9S ID\u0150SEK VIL\u00c1GNAPJA 2023-BAN - Szent Erzs\u00e9bet Karit\u00e1sz K\u00f6zpont\" \/>\n<meta property=\"og:description\" content=\"NAGYSZ\u00dcL\u0150K \u00c9S ID\u0150SEK VIL\u00c1GNAPJA 2023-BAN Id\u00e9n j\u00faliusban imm\u00e1r harmadik alkalommal tartjuk meg a nagysz\u00fcl\u0151k \u00e9s id\u0151sek vil\u00e1gnapj\u00e1t. A Szentatya arra h\u00edv benn\u00fcnket, hogy ismerj\u00fck el id\u0151s embert\u00e1rsaink \u00e9rt\u00e9k\u00e9t, szolg\u00e1lat\u00e1t a hit \u00e9s a rem\u00e9ny \u00faj nemzed\u00e9keknek t\u00f6rt\u00e9n\u0151 \u00e1tad\u00e1s\u00e1ban, \u00e9s ne csak alkalmank\u00e9nt, hanem \u00e1lland\u00f3an. Teh\u00e1t nemcsak az a c\u00e9l, hogy \u00e9vente egyszer meg\u00fcnnepelj\u00fck id\u0151s szeretteinket, &hellip; Continue reading &quot;NAGYSZ\u00dcL\u0150K \u00c9S ID\u0150SEK VIL\u00c1GNAPJA 2023-BAN&quot;\" \/>\n<meta property=\"og:url\" content=\"https:\/\/karitaszkozpont.hu\/?p=3020\" \/>\n<meta property=\"og:site_name\" content=\"Szent Erzs\u00e9bet Karit\u00e1sz K\u00f6zpont\" \/>\n<meta property=\"article:published_time\" content=\"2023-07-23T13:53:00+00:00\" \/>\n<meta property=\"article:modified_time\" content=\"2023-07-23T13:18:03+00:00\" \/>\n<meta property=\"og:image\" content=\"https:\/\/karitaszkozpont.hu\/wp-content\/uploads\/2023\/07\/image002.jpg\" \/>\n\t<meta property=\"og:image:width\" content=\"402\" \/>\n\t<meta property=\"og:image:height\" content=\"282\" \/>\n\t<meta property=\"og:image:type\" content=\"image\/jpeg\" \/>\n<meta name=\"author\" content=\"Karit\u00e1sz K\u00f6zpont\" \/>\n<meta name=\"twitter:card\" content=\"summary_large_image\" \/>\n<meta name=\"twitter:label1\" content=\"Szerz\u0151:\" \/>\n\t<meta name=\"twitter:data1\" content=\"Karit\u00e1sz K\u00f6zpont\" \/>\n\t<meta name=\"twitter:label2\" content=\"Becs\u00fclt olvas\u00e1si id\u0151\" \/>\n\t<meta name=\"twitter:data2\" content=\"3 perc\" \/>\n<script type=\"application\/ld+json\" class=\"yoast-schema-graph\">{\"@context\":\"https:\/\/schema.org\",\"@graph\":[{\"@type\":\"Article\",\"@id\":\"https:\/\/karitaszkozpont.hu\/?p=3020#article\",\"isPartOf\":{\"@id\":\"https:\/\/karitaszkozpont.hu\/?p=3020\"},\"author\":{\"name\":\"Karit\u00e1sz K\u00f6zpont\",\"@id\":\"https:\/\/karitaszkozpont.hu\/#\/schema\/person\/0d9c28244c111914ea13bb1248775e57\"},\"headline\":\"NAGYSZ\u00dcL\u0150K \u00c9S ID\u0150SEK VIL\u00c1GNAPJA 2023-BAN\",\"datePublished\":\"2023-07-23T13:53:00+00:00\",\"dateModified\":\"2023-07-23T13:18:03+00:00\",\"mainEntityOfPage\":{\"@id\":\"https:\/\/karitaszkozpont.hu\/?p=3020\"},\"wordCount\":698,\"publisher\":{\"@id\":\"https:\/\/karitaszkozpont.hu\/#organization\"},\"articleSection\":[\"H\u00edrek\"],\"inLanguage\":\"hu\"},{\"@type\":\"WebPage\",\"@id\":\"https:\/\/karitaszkozpont.hu\/?p=3020\",\"url\":\"https:\/\/karitaszkozpont.hu\/?p=3020\",\"name\":\"NAGYSZ\u00dcL\u0150K \u00c9S ID\u0150SEK VIL\u00c1GNAPJA 2023-BAN - Szent Erzs\u00e9bet Karit\u00e1sz K\u00f6zpont\",\"isPartOf\":{\"@id\":\"https:\/\/karitaszkozpont.hu\/#website\"},\"datePublished\":\"2023-07-23T13:53:00+00:00\",\"dateModified\":\"2023-07-23T13:18:03+00:00\",\"breadcrumb\":{\"@id\":\"https:\/\/karitaszkozpont.hu\/?p=3020#breadcrumb\"},\"inLanguage\":\"hu\",\"potentialAction\":[{\"@type\":\"ReadAction\",\"target\":[\"https:\/\/karitaszkozpont.hu\/?p=3020\"]}]},{\"@type\":\"BreadcrumbList\",\"@id\":\"https:\/\/karitaszkozpont.hu\/?p=3020#breadcrumb\",\"itemListElement\":[{\"@type\":\"ListItem\",\"position\":1,\"name\":\"Kezd\u0151lap\",\"item\":\"https:\/\/karitaszkozpont.hu\/\"},{\"@type\":\"ListItem\",\"position\":2,\"name\":\"NAGYSZ\u00dcL\u0150K \u00c9S ID\u0150SEK VIL\u00c1GNAPJA 2023-BAN\"}]},{\"@type\":\"WebSite\",\"@id\":\"https:\/\/karitaszkozpont.hu\/#website\",\"url\":\"https:\/\/karitaszkozpont.hu\/\",\"name\":\"Szent Erzs\u00e9bet Karit\u00e1sz K\u00f6zpont\",\"description\":\"Esztergom-Budapesti F\u0151egyh\u00e1zmegye\",\"publisher\":{\"@id\":\"https:\/\/karitaszkozpont.hu\/#organization\"},\"potentialAction\":[{\"@type\":\"SearchAction\",\"target\":{\"@type\":\"EntryPoint\",\"urlTemplate\":\"https:\/\/karitaszkozpont.hu\/?s={search_term_string}\"},\"query-input\":\"required name=search_term_string\"}],\"inLanguage\":\"hu\"},{\"@type\":\"Organization\",\"@id\":\"https:\/\/karitaszkozpont.hu\/#organization\",\"name\":\"Szent Erzs\u00e9bet Karit\u00e1sz K\u00f6zpont\",\"url\":\"https:\/\/karitaszkozpont.hu\/\",\"logo\":{\"@type\":\"ImageObject\",\"inLanguage\":\"hu\",\"@id\":\"https:\/\/karitaszkozpont.hu\/#\/schema\/logo\/image\/\",\"url\":\"https:\/\/karitaszkp.hu\/wp-content\/uploads\/2019\/06\/cropped-logo-arnyekos-1.png\",\"contentUrl\":\"https:\/\/karitaszkp.hu\/wp-content\/uploads\/2019\/06\/cropped-logo-arnyekos-1.png\",\"width\":240,\"height\":247,\"caption\":\"Szent Erzs\u00e9bet Karit\u00e1sz K\u00f6zpont\"},\"image\":{\"@id\":\"https:\/\/karitaszkozpont.hu\/#\/schema\/logo\/image\/\"}},{\"@type\":\"Person\",\"@id\":\"https:\/\/karitaszkozpont.hu\/#\/schema\/person\/0d9c28244c111914ea13bb1248775e57\",\"name\":\"Karit\u00e1sz K\u00f6zpont\",\"image\":{\"@type\":\"ImageObject\",\"inLanguage\":\"hu\",\"@id\":\"https:\/\/karitaszkozpont.hu\/#\/schema\/person\/image\/\",\"url\":\"https:\/\/secure.gravatar.com\/avatar\/1274acd7c62f3cac92d2b38aad20c71b?s=96&d=mm&r=g\",\"contentUrl\":\"https:\/\/secure.gravatar.com\/avatar\/1274acd7c62f3cac92d2b38aad20c71b?s=96&d=mm&r=g\",\"caption\":\"Karit\u00e1sz K\u00f6zpont\"},\"url\":\"https:\/\/karitaszkozpont.hu\/?author=1\"}]}<\/script>\n<!-- \/ Yoast SEO plugin. -->","yoast_head_json":{"title":"NAGYSZ\u00dcL\u0150K \u00c9S ID\u0150SEK VIL\u00c1GNAPJA 2023-BAN - Szent Erzs\u00e9bet Karit\u00e1sz K\u00f6zpont","robots":{"index":"index","follow":"follow","max-snippet":"max-snippet:-1","max-image-preview":"max-image-preview:large","max-video-preview":"max-video-preview:-1"},"canonical":"https:\/\/karitaszkozpont.hu\/?p=3020","og_locale":"hu_HU","og_type":"article","og_title":"NAGYSZ\u00dcL\u0150K \u00c9S ID\u0150SEK VIL\u00c1GNAPJA 2023-BAN - Szent Erzs\u00e9bet Karit\u00e1sz K\u00f6zpont","og_description":"NAGYSZ\u00dcL\u0150K \u00c9S ID\u0150SEK VIL\u00c1GNAPJA 2023-BAN Id\u00e9n j\u00faliusban imm\u00e1r harmadik alkalommal tartjuk meg a nagysz\u00fcl\u0151k \u00e9s id\u0151sek vil\u00e1gnapj\u00e1t. A Szentatya arra h\u00edv benn\u00fcnket, hogy ismerj\u00fck el id\u0151s embert\u00e1rsaink \u00e9rt\u00e9k\u00e9t, szolg\u00e1lat\u00e1t a hit \u00e9s a rem\u00e9ny \u00faj nemzed\u00e9keknek t\u00f6rt\u00e9n\u0151 \u00e1tad\u00e1s\u00e1ban, \u00e9s ne csak alkalmank\u00e9nt, hanem \u00e1lland\u00f3an. Teh\u00e1t nemcsak az a c\u00e9l, hogy \u00e9vente egyszer meg\u00fcnnepelj\u00fck id\u0151s szeretteinket, &hellip; Continue reading \"NAGYSZ\u00dcL\u0150K \u00c9S ID\u0150SEK VIL\u00c1GNAPJA 2023-BAN\"","og_url":"https:\/\/karitaszkozpont.hu\/?p=3020","og_site_name":"Szent Erzs\u00e9bet Karit\u00e1sz K\u00f6zpont","article_published_time":"2023-07-23T13:53:00+00:00","article_modified_time":"2023-07-23T13:18:03+00:00","og_image":[{"width":402,"height":282,"url":"https:\/\/karitaszkozpont.hu\/wp-content\/uploads\/2023\/07\/image002.jpg","type":"image\/jpeg"}],"author":"Karit\u00e1sz K\u00f6zpont","twitter_card":"summary_large_image","twitter_misc":{"Szerz\u0151:":"Karit\u00e1sz K\u00f6zpont","Becs\u00fclt olvas\u00e1si id\u0151":"3 perc"},"schema":{"@context":"https:\/\/schema.org","@graph":[{"@type":"Article","@id":"https:\/\/karitaszkozpont.hu\/?p=3020#article","isPartOf":{"@id":"https:\/\/karitaszkozpont.hu\/?p=3020"},"author":{"name":"Karit\u00e1sz K\u00f6zpont","@id":"https:\/\/karitaszkozpont.hu\/#\/schema\/person\/0d9c28244c111914ea13bb1248775e57"},"headline":"NAGYSZ\u00dcL\u0150K \u00c9S ID\u0150SEK VIL\u00c1GNAPJA 2023-BAN","datePublished":"2023-07-23T13:53:00+00:00","dateModified":"2023-07-23T13:18:03+00:00","mainEntityOfPage":{"@id":"https:\/\/karitaszkozpont.hu\/?p=3020"},"wordCount":698,"publisher":{"@id":"https:\/\/karitaszkozpont.hu\/#organization"},"articleSection":["H\u00edrek"],"inLanguage":"hu"},{"@type":"WebPage","@id":"https:\/\/karitaszkozpont.hu\/?p=3020","url":"https:\/\/karitaszkozpont.hu\/?p=3020","name":"NAGYSZ\u00dcL\u0150K \u00c9S ID\u0150SEK VIL\u00c1GNAPJA 2023-BAN - Szent Erzs\u00e9bet Karit\u00e1sz K\u00f6zpont","isPartOf":{"@id":"https:\/\/karitaszkozpont.hu\/#website"},"datePublished":"2023-07-23T13:53:00+00:00","dateModified":"2023-07-23T13:18:03+00:00","breadcrumb":{"@id":"https:\/\/karitaszkozpont.hu\/?p=3020#breadcrumb"},"inLanguage":"hu","potentialAction":[{"@type":"ReadAction","target":["https:\/\/karitaszkozpont.hu\/?p=3020"]}]},{"@type":"BreadcrumbList","@id":"https:\/\/karitaszkozpont.hu\/?p=3020#breadcrumb","itemListElement":[{"@type":"ListItem","position":1,"name":"Kezd\u0151lap","item":"https:\/\/karitaszkozpont.hu\/"},{"@type":"ListItem","position":2,"name":"NAGYSZ\u00dcL\u0150K \u00c9S ID\u0150SEK VIL\u00c1GNAPJA 2023-BAN"}]},{"@type":"WebSite","@id":"https:\/\/karitaszkozpont.hu\/#website","url":"https:\/\/karitaszkozpont.hu\/","name":"Szent Erzs\u00e9bet Karit\u00e1sz K\u00f6zpont","description":"Esztergom-Budapesti F\u0151egyh\u00e1zmegye","publisher":{"@id":"https:\/\/karitaszkozpont.hu\/#organization"},"potentialAction":[{"@type":"SearchAction","target":{"@type":"EntryPoint","urlTemplate":"https:\/\/karitaszkozpont.hu\/?s={search_term_string}"},"query-input":"required name=search_term_string"}],"inLanguage":"hu"},{"@type":"Organization","@id":"https:\/\/karitaszkozpont.hu\/#organization","name":"Szent Erzs\u00e9bet Karit\u00e1sz K\u00f6zpont","url":"https:\/\/karitaszkozpont.hu\/","logo":{"@type":"ImageObject","inLanguage":"hu","@id":"https:\/\/karitaszkozpont.hu\/#\/schema\/logo\/image\/","url":"https:\/\/karitaszkp.hu\/wp-content\/uploads\/2019\/06\/cropped-logo-arnyekos-1.png","contentUrl":"https:\/\/karitaszkp.hu\/wp-content\/uploads\/2019\/06\/cropped-logo-arnyekos-1.png","width":240,"height":247,"caption":"Szent Erzs\u00e9bet Karit\u00e1sz K\u00f6zpont"},"image":{"@id":"https:\/\/karitaszkozpont.hu\/#\/schema\/logo\/image\/"}},{"@type":"Person","@id":"https:\/\/karitaszkozpont.hu\/#\/schema\/person\/0d9c28244c111914ea13bb1248775e57","name":"Karit\u00e1sz K\u00f6zpont","image":{"@type":"ImageObject","inLanguage":"hu","@id":"https:\/\/karitaszkozpont.hu\/#\/schema\/person\/image\/","url":"https:\/\/secure.gravatar.com\/avatar\/1274acd7c62f3cac92d2b38aad20c71b?s=96&d=mm&r=g","contentUrl":"https:\/\/secure.gravatar.com\/avatar\/1274acd7c62f3cac92d2b38aad20c71b?s=96&d=mm&r=g","caption":"Karit\u00e1sz K\u00f6zpont"},"url":"https:\/\/karitaszkozpont.hu\/?author=1"}]}},"_links":{"self":[{"href":"https:\/\/karitaszkozpont.hu\/index.php?rest_route=\/wp\/v2\/posts\/3020"}],"collection":[{"href":"https:\/\/karitaszkozpont.hu\/index.php?rest_route=\/wp\/v2\/posts"}],"about":[{"href":"https:\/\/karitaszkozpont.hu\/index.php?rest_route=\/wp\/v2\/types\/post"}],"author":[{"embeddable":true,"href":"https:\/\/karitaszkozpont.hu\/index.php?rest_route=\/wp\/v2\/users\/1"}],"replies":[{"embeddable":true,"href":"https:\/\/karitaszkozpont.hu\/index.php?rest_route=%2Fwp%2Fv2%2Fcomments&post=3020"}],"version-history":[{"count":1,"href":"https:\/\/karitaszkozpont.hu\/index.php?rest_route=\/wp\/v2\/posts\/3020\/revisions"}],"predecessor-version":[{"id":3022,"href":"https:\/\/karitaszkozpont.hu\/index.php?rest_route=\/wp\/v2\/posts\/3020\/revisions\/3022"}],"wp:featuredmedia":[{"embeddable":true,"href":"https:\/\/karitaszkozpont.hu\/index.php?rest_route=\/wp\/v2\/media\/3021"}],"wp:attachment":[{"href":"https:\/\/karitaszkozpont.hu\/index.php?rest_route=%2Fwp%2Fv2%2Fmedia&parent=3020"}],"wp:term":[{"taxonomy":"category","embeddable":true,"href":"https:\/\/karitaszkozpont.hu\/index.php?rest_route=%2Fwp%2Fv2%2Fcategories&post=3020"},{"taxonomy":"post_tag","embeddable":true,"href":"https:\/\/karitaszkozpont.hu\/index.php?rest_route=%2Fwp%2Fv2%2Ftags&post=3020"}],"curies":[{"name":"wp","href":"https:\/\/api.w.org\/{rel}","templated":true}]}}