{"id":3012,"date":"2023-07-23T15:40:00","date_gmt":"2023-07-23T13:40:00","guid":{"rendered":"https:\/\/karitaszkp.hu\/?p=3012"},"modified":"2023-07-23T15:13:34","modified_gmt":"2023-07-23T13:13:34","slug":"ismet-karitasz-napot-szerveztunk-venezuelai-gyerekek-szamara","status":"publish","type":"post","link":"https:\/\/karitaszkozpont.hu\/?p=3012","title":{"rendered":"<strong>Ism\u00e9t karit\u00e1sz napot szervezt\u00fcnk venezuelai gyerekek sz\u00e1m\u00e1ra<\/strong>"},"content":{"rendered":"\n<p class=\"has-white-color has-vivid-red-background-color has-text-color has-background has-medium-font-size\"><strong>Ism\u00e9t karit\u00e1sz napot szervezt\u00fcnk venezuelai gyerekek sz\u00e1m\u00e1ra<\/strong><\/p>\n\n\n\n<p>A Szent Erzs\u00e9bet Karit\u00e1sz K\u00f6zpont a ny\u00e1r sor\u00e1n m\u00e1sodik alkalommal szervezett \u00e9lm\u00e9nynapot azon venezuelai csal\u00e1dok gyermekeinek, akiket karit\u00e1sz k\u00f6zpontunk rendszeresen t\u00e1mogat a mindennapokban. Ez alkalommal 7 csal\u00e1d \u00f6sszesen 15 gyermeke j\u00f6tt el az alkalomra. A K\u00f6zpont munkat\u00e1rsai mellett ism\u00e9t fiatal spanyolul tud\u00f3 \u00f6nk\u00e9ntesek seg\u00e9dkeztek a programok sor\u00e1n. Al\u00e1bb k\u00f6z\u00f6lj\u00fck egyik\u00fck, a 16 \u00e9ves Szab\u00f3 Anna besz\u00e1mol\u00f3j\u00e1t:&nbsp;<\/p>\n\n\n\n<p>J\u00falius 18-\u00e1n csal\u00e1dunkkal egy\u00fctt vett\u00fcnk r\u00e9szt a venezuelai menek\u00fclt gyerekeknek szervezett t\u00e1borban, ahol ez\u00fattal a kir\u00e1ndul\u00e1son volt a hangs\u00faly.<\/p>\n\n\n\n<p>A gy\u00fclekez\u00e9st k\u00f6vet\u0151en, finom reggelit kaptunk, \u00edgy indultunk a H\u00e1rmashat\u00e1r hegyre, a Guckler K\u00e1roly kil\u00e1t\u00f3hoz. A gyerekek v\u00e9gig vid\u00e1mak voltak, j\u00f3l \u00e9rezt\u00e9k magukat. Az erd\u0151ben, a f\u00e1k \u00e1rny\u00e9k\u00e1ban kellemes volt az id\u0151, de a hegycs\u00facs megh\u00f3d\u00edt\u00e1sa az\u00e9rt \u00edgy is pr\u00f3b\u00e1ra tett benn\u00fcnket.<\/p>\n\n\n\n<p>A k\u00f6z\u00f6sen elk\u00f6lt\u00f6tt eb\u00e9d ut\u00e1n a Haj\u00f3gy\u00e1ri-sziget focip\u00e1ly\u00e1j\u00e1t vett\u00fck c\u00e9lba, hiszen az el\u0151z\u0151 kir\u00e1ndul\u00e1son is kider\u00fclt m\u00e1r, hogy a fi\u00fak nagyon \u00fcgyesen \u00e9s nagy kedvvel j\u00e1tszanak. Akiknek nem volt kedv\u00fck a f\u00e1raszt\u00f3 kir\u00e1ndul\u00e1s ut\u00e1n futkosni, azok az \u00e1rny\u00e9kban j\u00e1tszottak \u201emost mutasd meg!\u201d-et. J\u00f3kat nevett\u00fcnk, a legkisebbek is lelkesen j\u00e1tszottak.<\/p>\n\n\n\n<div class=\"wp-block-envira-envira-gallery\"><div id=\"envira-gallery-wrap-3018\" class=\"envira-gallery-wrap envira-gallery-theme-base envira-lightbox-theme-base\" itemscope itemtype=\"https:\/\/schema.org\/ImageGallery\"><div data-row-height=\"150\" data-gallery-theme=\"normal\" id=\"envira-gallery-3018\" class=\"envira-gallery-public envira-gallery-justified-public envira-gallery-0-columns envira-clear enviratope envira-gallery-css-animations\" data-envira-columns=\"0\"><div id=\"envira-gallery-item-3013\" class=\"envira-gallery-item enviratope-item envira-gallery-item-1 envira-lazy-load\" style=\"padding-left: 1px; padding-bottom: 1px; padding-right: 1px;\"  itemscope itemtype=\"https:\/\/schema.org\/ImageObject\"><div class=\"envira-gallery-item-inner\"><div class=\"envira-gallery-position-overlay  envira-gallery-top-left\"><\/div><div class=\"envira-gallery-position-overlay  envira-gallery-top-right\"><\/div><div class=\"envira-gallery-position-overlay  envira-gallery-bottom-left\"><\/div><div class=\"envira-gallery-position-overlay  envira-gallery-bottom-right\"><\/div><a href=\"https:\/\/karitaszkp.hu\/wp-content\/uploads\/2023\/07\/IMG_9637-1-scaled.jpg\" class=\"envira-gallery-3018 envira-gallery-link\" rel=\"enviragallery3018\" title=\"IMG_9637-1\" data-envira-caption=\"IMG_9637-1\" data-envira-retina=\"\" data-thumbnail=\"\"  itemprop=\"contentUrl\"><img id=\"envira-gallery-image-3013\" class=\"envira-gallery-image envira-gallery-image-1 envira-normal envira-lazy\" data-envira-index=\"1\" src=\"https:\/\/karitaszkozpont.hu\/wp-content\/uploads\/2023\/07\/IMG_9637-1-804x1024-640x480.jpg\" data-envira-src=\"https:\/\/karitaszkozpont.hu\/wp-content\/uploads\/2023\/07\/IMG_9637-1-804x1024-640x480.jpg\" data-envira-gallery-id=\"3018\" data-envira-item-id=\"3013\" data-envira-caption=\"IMG_9637-1\" alt=\"\" title=\"IMG_9637-1\"  itemprop=\"thumbnailUrl\" data-envira-srcset=\"https:\/\/karitaszkozpont.hu\/wp-content\/uploads\/2023\/07\/IMG_9637-1-804x1024-640x480.jpg 400w,https:\/\/karitaszkozpont.hu\/wp-content\/uploads\/2023\/07\/IMG_9637-1-804x1024-640x480.jpg 2x\" data-envira-width=\"236\" data-envira-height=\"300\" srcset=\"data:image\/gif;base64,R0lGODlhAQABAIAAAP\/\/\/\/\/\/\/yH5BAEKAAEALAAAAAABAAEAAAICTAEAOw==\" data-safe-src=\"data:image\/gif;base64,R0lGODlhAQABAIAAAP\/\/\/\/\/\/\/yH5BAEKAAEALAAAAAABAAEAAAICTAEAOw==\" \/><\/a><\/div><\/div><div id=\"envira-gallery-item-3014\" class=\"envira-gallery-item enviratope-item envira-gallery-item-2 envira-lazy-load\" style=\"padding-left: 1px; padding-bottom: 1px; padding-right: 1px;\"  itemscope itemtype=\"https:\/\/schema.org\/ImageObject\"><div class=\"envira-gallery-item-inner\"><div class=\"envira-gallery-position-overlay  envira-gallery-top-left\"><\/div><div class=\"envira-gallery-position-overlay  envira-gallery-top-right\"><\/div><div class=\"envira-gallery-position-overlay  envira-gallery-bottom-left\"><\/div><div class=\"envira-gallery-position-overlay  envira-gallery-bottom-right\"><\/div><a href=\"https:\/\/karitaszkp.hu\/wp-content\/uploads\/2023\/07\/IMG_9678-1-scaled.jpg\" class=\"envira-gallery-3018 envira-gallery-link\" rel=\"enviragallery3018\" title=\"IMG_9678-1\" data-envira-caption=\"IMG_9678-1\" data-envira-retina=\"\" data-thumbnail=\"\"  itemprop=\"contentUrl\"><img id=\"envira-gallery-image-3014\" class=\"envira-gallery-image envira-gallery-image-2 envira-normal envira-lazy\" data-envira-index=\"2\" src=\"https:\/\/karitaszkozpont.hu\/wp-content\/uploads\/2023\/07\/IMG_9678-1-1024x948-640x480.jpg\" data-envira-src=\"https:\/\/karitaszkozpont.hu\/wp-content\/uploads\/2023\/07\/IMG_9678-1-1024x948-640x480.jpg\" data-envira-gallery-id=\"3018\" data-envira-item-id=\"3014\" data-envira-caption=\"IMG_9678-1\" alt=\"\" title=\"IMG_9678-1\"  itemprop=\"thumbnailUrl\" data-envira-srcset=\"https:\/\/karitaszkozpont.hu\/wp-content\/uploads\/2023\/07\/IMG_9678-1-1024x948-640x480.jpg 400w,https:\/\/karitaszkozpont.hu\/wp-content\/uploads\/2023\/07\/IMG_9678-1-1024x948-640x480.jpg 2x\" data-envira-width=\"300\" data-envira-height=\"278\" srcset=\"data:image\/gif;base64,R0lGODlhAQABAIAAAP\/\/\/\/\/\/\/yH5BAEKAAEALAAAAAABAAEAAAICTAEAOw==\" data-safe-src=\"data:image\/gif;base64,R0lGODlhAQABAIAAAP\/\/\/\/\/\/\/yH5BAEKAAEALAAAAAABAAEAAAICTAEAOw==\" \/><\/a><\/div><\/div><div id=\"envira-gallery-item-3015\" class=\"envira-gallery-item enviratope-item envira-gallery-item-3 envira-lazy-load\" style=\"padding-left: 1px; padding-bottom: 1px; padding-right: 1px;\"  itemscope itemtype=\"https:\/\/schema.org\/ImageObject\"><div class=\"envira-gallery-item-inner\"><div class=\"envira-gallery-position-overlay  envira-gallery-top-left\"><\/div><div class=\"envira-gallery-position-overlay  envira-gallery-top-right\"><\/div><div class=\"envira-gallery-position-overlay  envira-gallery-bottom-left\"><\/div><div class=\"envira-gallery-position-overlay  envira-gallery-bottom-right\"><\/div><a href=\"https:\/\/karitaszkp.hu\/wp-content\/uploads\/2023\/07\/IMG_9706-1-scaled.jpg\" class=\"envira-gallery-3018 envira-gallery-link\" rel=\"enviragallery3018\" title=\"IMG_9706-1\" data-envira-caption=\"IMG_9706-1\" data-envira-retina=\"\" data-thumbnail=\"\"  itemprop=\"contentUrl\"><img id=\"envira-gallery-image-3015\" class=\"envira-gallery-image envira-gallery-image-3 envira-normal envira-lazy\" data-envira-index=\"3\" src=\"https:\/\/karitaszkozpont.hu\/wp-content\/uploads\/2023\/07\/IMG_9706-1-1024x730-640x480.jpg\" data-envira-src=\"https:\/\/karitaszkozpont.hu\/wp-content\/uploads\/2023\/07\/IMG_9706-1-1024x730-640x480.jpg\" data-envira-gallery-id=\"3018\" data-envira-item-id=\"3015\" data-envira-caption=\"IMG_9706-1\" alt=\"\" title=\"IMG_9706-1\"  itemprop=\"thumbnailUrl\" data-envira-srcset=\"https:\/\/karitaszkozpont.hu\/wp-content\/uploads\/2023\/07\/IMG_9706-1-1024x730-640x480.jpg 400w,https:\/\/karitaszkozpont.hu\/wp-content\/uploads\/2023\/07\/IMG_9706-1-1024x730-640x480.jpg 2x\" data-envira-width=\"300\" data-envira-height=\"214\" srcset=\"data:image\/gif;base64,R0lGODlhAQABAIAAAP\/\/\/\/\/\/\/yH5BAEKAAEALAAAAAABAAEAAAICTAEAOw==\" data-safe-src=\"data:image\/gif;base64,R0lGODlhAQABAIAAAP\/\/\/\/\/\/\/yH5BAEKAAEALAAAAAABAAEAAAICTAEAOw==\" \/><\/a><\/div><\/div><div id=\"envira-gallery-item-3016\" class=\"envira-gallery-item enviratope-item envira-gallery-item-4 envira-lazy-load\" style=\"padding-left: 1px; padding-bottom: 1px; padding-right: 1px;\"  itemscope itemtype=\"https:\/\/schema.org\/ImageObject\"><div class=\"envira-gallery-item-inner\"><div class=\"envira-gallery-position-overlay  envira-gallery-top-left\"><\/div><div class=\"envira-gallery-position-overlay  envira-gallery-top-right\"><\/div><div class=\"envira-gallery-position-overlay  envira-gallery-bottom-left\"><\/div><div class=\"envira-gallery-position-overlay  envira-gallery-bottom-right\"><\/div><a href=\"https:\/\/karitaszkp.hu\/wp-content\/uploads\/2023\/07\/IMG_9756-1-scaled.jpg\" class=\"envira-gallery-3018 envira-gallery-link\" rel=\"enviragallery3018\" title=\"IMG_9756-1\" data-envira-caption=\"IMG_9756-1\" data-envira-retina=\"\" data-thumbnail=\"\"  itemprop=\"contentUrl\"><img id=\"envira-gallery-image-3016\" class=\"envira-gallery-image envira-gallery-image-4 envira-normal envira-lazy\" data-envira-index=\"4\" src=\"https:\/\/karitaszkozpont.hu\/wp-content\/uploads\/2023\/07\/IMG_9756-1-1024x939-640x480.jpg\" data-envira-src=\"https:\/\/karitaszkozpont.hu\/wp-content\/uploads\/2023\/07\/IMG_9756-1-1024x939-640x480.jpg\" data-envira-gallery-id=\"3018\" data-envira-item-id=\"3016\" data-envira-caption=\"IMG_9756-1\" alt=\"\" title=\"IMG_9756-1\"  itemprop=\"thumbnailUrl\" data-envira-srcset=\"https:\/\/karitaszkozpont.hu\/wp-content\/uploads\/2023\/07\/IMG_9756-1-1024x939-640x480.jpg 400w,https:\/\/karitaszkozpont.hu\/wp-content\/uploads\/2023\/07\/IMG_9756-1-1024x939-640x480.jpg 2x\" data-envira-width=\"300\" data-envira-height=\"275\" srcset=\"data:image\/gif;base64,R0lGODlhAQABAIAAAP\/\/\/\/\/\/\/yH5BAEKAAEALAAAAAABAAEAAAICTAEAOw==\" data-safe-src=\"data:image\/gif;base64,R0lGODlhAQABAIAAAP\/\/\/\/\/\/\/yH5BAEKAAEALAAAAAABAAEAAAICTAEAOw==\" \/><\/a><\/div><\/div><div id=\"envira-gallery-item-3017\" class=\"envira-gallery-item enviratope-item envira-gallery-item-5 envira-lazy-load\" style=\"padding-left: 1px; padding-bottom: 1px; padding-right: 1px;\"  itemscope itemtype=\"https:\/\/schema.org\/ImageObject\"><div class=\"envira-gallery-item-inner\"><div class=\"envira-gallery-position-overlay  envira-gallery-top-left\"><\/div><div class=\"envira-gallery-position-overlay  envira-gallery-top-right\"><\/div><div class=\"envira-gallery-position-overlay  envira-gallery-bottom-left\"><\/div><div class=\"envira-gallery-position-overlay  envira-gallery-bottom-right\"><\/div><a href=\"https:\/\/karitaszkp.hu\/wp-content\/uploads\/2023\/07\/IMG_9781-1-scaled.jpg\" class=\"envira-gallery-3018 envira-gallery-link\" rel=\"enviragallery3018\" title=\"IMG_9781-1\" data-envira-caption=\"IMG_9781-1\" data-envira-retina=\"\" data-thumbnail=\"\"  itemprop=\"contentUrl\"><img id=\"envira-gallery-image-3017\" class=\"envira-gallery-image envira-gallery-image-5 envira-normal envira-lazy\" data-envira-index=\"5\" src=\"https:\/\/karitaszkozpont.hu\/wp-content\/uploads\/2023\/07\/IMG_9781-1-1024x912-640x480.jpg\" data-envira-src=\"https:\/\/karitaszkozpont.hu\/wp-content\/uploads\/2023\/07\/IMG_9781-1-1024x912-640x480.jpg\" data-envira-gallery-id=\"3018\" data-envira-item-id=\"3017\" data-envira-caption=\"IMG_9781-1\" alt=\"\" title=\"IMG_9781-1\"  itemprop=\"thumbnailUrl\" data-envira-srcset=\"https:\/\/karitaszkozpont.hu\/wp-content\/uploads\/2023\/07\/IMG_9781-1-1024x912-640x480.jpg 400w,https:\/\/karitaszkozpont.hu\/wp-content\/uploads\/2023\/07\/IMG_9781-1-1024x912-640x480.jpg 2x\" data-envira-width=\"300\" data-envira-height=\"267\" srcset=\"data:image\/gif;base64,R0lGODlhAQABAIAAAP\/\/\/\/\/\/\/yH5BAEKAAEALAAAAAABAAEAAAICTAEAOw==\" data-safe-src=\"data:image\/gif;base64,R0lGODlhAQABAIAAAP\/\/\/\/\/\/\/yH5BAEKAAEALAAAAAABAAEAAAICTAEAOw==\" \/><\/a><\/div><\/div><\/div><\/div><noscript><img src=\"https:\/\/karitaszkozpont.hu\/wp-content\/uploads\/2023\/07\/IMG_9637-1-scaled.jpg\" alt=\"\" \/><img src=\"https:\/\/karitaszkozpont.hu\/wp-content\/uploads\/2023\/07\/IMG_9678-1-scaled.jpg\" alt=\"\" \/><img src=\"https:\/\/karitaszkozpont.hu\/wp-content\/uploads\/2023\/07\/IMG_9706-1-scaled.jpg\" alt=\"\" \/><img src=\"https:\/\/karitaszkozpont.hu\/wp-content\/uploads\/2023\/07\/IMG_9756-1-scaled.jpg\" alt=\"\" \/><img src=\"https:\/\/karitaszkozpont.hu\/wp-content\/uploads\/2023\/07\/IMG_9781-1-scaled.jpg\" alt=\"\" \/><\/noscript><\/div>\n\n\n\n<p>A napot fagyiz\u00e1ssal z\u00e1rtuk, rem\u00e9lj\u00fck, hogy a gyerekek \u00e9lm\u00e9nyekkel gazdagodva \u00e9s boldogan mentek haza. Tudjuk, hogy milyen neh\u00e9z nekik beilleszkedni Magyarorsz\u00e1gon, neh\u00e9z nekik az iskola magyar nyelven, kevesen bar\u00e1tkoznak vel\u00fck. \u00c9ppen ez\u00e9rt rem\u00e9lj\u00fck, hogy legk\u00f6zelebb is \u00f6r\u00f6mmel t\u00f6ltik majd el vel\u00fcnk a k\u00f6vetkez\u0151 nekik szervezett napot a ny\u00e1ri sz\u00fcnetben.<\/p>\n\n\n\n<p>Szab\u00f3 Anna<\/p>\n\n\n\n<p>karit\u00e1sz ifi seg\u00edt\u0151<\/p>\n","protected":false},"excerpt":{"rendered":"<p>Ism\u00e9t karit\u00e1sz napot szervezt\u00fcnk venezuelai gyerekek sz\u00e1m\u00e1ra A Szent Erzs\u00e9bet Karit\u00e1sz K\u00f6zpont a ny\u00e1r sor\u00e1n m\u00e1sodik alkalommal szervezett \u00e9lm\u00e9nynapot azon venezuelai csal\u00e1dok gyermekeinek, akiket karit\u00e1sz k\u00f6zpontunk rendszeresen t\u00e1mogat a mindennapokban. Ez alkalommal 7 csal\u00e1d \u00f6sszesen 15 gyermeke j\u00f6tt el az alkalomra. A K\u00f6zpont munkat\u00e1rsai mellett ism\u00e9t fiatal spanyolul tud\u00f3 \u00f6nk\u00e9ntesek seg\u00e9dkeztek a programok sor\u00e1n. Al\u00e1bb &hellip; <\/p>\n<p class=\"link-more\"><a href=\"https:\/\/karitaszkozpont.hu\/?p=3012\" class=\"more-link\">Continue reading<span class=\"screen-reader-text\"> &#8222;<strong>Ism\u00e9t karit\u00e1sz napot szervezt\u00fcnk venezuelai gyerekek sz\u00e1m\u00e1ra<\/strong>&#8222;<\/span><\/a><\/p>\n","protected":false},"author":1,"featured_media":3015,"comment_status":"closed","ping_status":"open","sticky":false,"template":"","format":"standard","meta":[],"categories":[4],"tags":[],"yoast_head":"<!-- This site is optimized with the Yoast SEO plugin v20.1 - https:\/\/yoast.com\/wordpress\/plugins\/seo\/ -->\n<title>Ism\u00e9t karit\u00e1sz napot szervezt\u00fcnk venezuelai gyerekek sz\u00e1m\u00e1ra - Szent Erzs\u00e9bet Karit\u00e1sz K\u00f6zpont<\/title>\n<meta name=\"robots\" content=\"index, follow, max-snippet:-1, max-image-preview:large, max-video-preview:-1\" \/>\n<link rel=\"canonical\" href=\"https:\/\/karitaszkozpont.hu\/?p=3012\" \/>\n<meta property=\"og:locale\" content=\"hu_HU\" \/>\n<meta property=\"og:type\" content=\"article\" \/>\n<meta property=\"og:title\" content=\"Ism\u00e9t karit\u00e1sz napot szervezt\u00fcnk venezuelai gyerekek sz\u00e1m\u00e1ra - Szent Erzs\u00e9bet Karit\u00e1sz K\u00f6zpont\" \/>\n<meta property=\"og:description\" content=\"Ism\u00e9t karit\u00e1sz napot szervezt\u00fcnk venezuelai gyerekek sz\u00e1m\u00e1ra A Szent Erzs\u00e9bet Karit\u00e1sz K\u00f6zpont a ny\u00e1r sor\u00e1n m\u00e1sodik alkalommal szervezett \u00e9lm\u00e9nynapot azon venezuelai csal\u00e1dok gyermekeinek, akiket karit\u00e1sz k\u00f6zpontunk rendszeresen t\u00e1mogat a mindennapokban. Ez alkalommal 7 csal\u00e1d \u00f6sszesen 15 gyermeke j\u00f6tt el az alkalomra. A K\u00f6zpont munkat\u00e1rsai mellett ism\u00e9t fiatal spanyolul tud\u00f3 \u00f6nk\u00e9ntesek seg\u00e9dkeztek a programok sor\u00e1n. Al\u00e1bb &hellip; Continue reading &quot;Ism\u00e9t karit\u00e1sz napot szervezt\u00fcnk venezuelai gyerekek sz\u00e1m\u00e1ra&quot;\" \/>\n<meta property=\"og:url\" content=\"https:\/\/karitaszkozpont.hu\/?p=3012\" \/>\n<meta property=\"og:site_name\" content=\"Szent Erzs\u00e9bet Karit\u00e1sz K\u00f6zpont\" \/>\n<meta property=\"article:published_time\" content=\"2023-07-23T13:40:00+00:00\" \/>\n<meta property=\"article:modified_time\" content=\"2023-07-23T13:13:34+00:00\" \/>\n<meta property=\"og:image\" content=\"https:\/\/karitaszkozpont.hu\/wp-content\/uploads\/2023\/07\/IMG_9706-1-scaled.jpg\" \/>\n\t<meta property=\"og:image:width\" content=\"2560\" \/>\n\t<meta property=\"og:image:height\" content=\"1825\" \/>\n\t<meta property=\"og:image:type\" content=\"image\/jpeg\" \/>\n<meta name=\"author\" content=\"Karit\u00e1sz K\u00f6zpont\" \/>\n<meta name=\"twitter:card\" content=\"summary_large_image\" \/>\n<meta name=\"twitter:label1\" content=\"Szerz\u0151:\" \/>\n\t<meta name=\"twitter:data1\" content=\"Karit\u00e1sz K\u00f6zpont\" \/>\n\t<meta name=\"twitter:label2\" content=\"Becs\u00fclt olvas\u00e1si id\u0151\" \/>\n\t<meta name=\"twitter:data2\" content=\"2 perc\" \/>\n<script type=\"application\/ld+json\" class=\"yoast-schema-graph\">{\"@context\":\"https:\/\/schema.org\",\"@graph\":[{\"@type\":\"Article\",\"@id\":\"https:\/\/karitaszkozpont.hu\/?p=3012#article\",\"isPartOf\":{\"@id\":\"https:\/\/karitaszkozpont.hu\/?p=3012\"},\"author\":{\"name\":\"Karit\u00e1sz K\u00f6zpont\",\"@id\":\"https:\/\/karitaszkozpont.hu\/#\/schema\/person\/0d9c28244c111914ea13bb1248775e57\"},\"headline\":\"Ism\u00e9t karit\u00e1sz napot szervezt\u00fcnk venezuelai gyerekek sz\u00e1m\u00e1ra\",\"datePublished\":\"2023-07-23T13:40:00+00:00\",\"dateModified\":\"2023-07-23T13:13:34+00:00\",\"mainEntityOfPage\":{\"@id\":\"https:\/\/karitaszkozpont.hu\/?p=3012\"},\"wordCount\":363,\"publisher\":{\"@id\":\"https:\/\/karitaszkozpont.hu\/#organization\"},\"articleSection\":[\"H\u00edrek\"],\"inLanguage\":\"hu\"},{\"@type\":\"WebPage\",\"@id\":\"https:\/\/karitaszkozpont.hu\/?p=3012\",\"url\":\"https:\/\/karitaszkozpont.hu\/?p=3012\",\"name\":\"Ism\u00e9t karit\u00e1sz napot szervezt\u00fcnk venezuelai gyerekek sz\u00e1m\u00e1ra - Szent Erzs\u00e9bet Karit\u00e1sz K\u00f6zpont\",\"isPartOf\":{\"@id\":\"https:\/\/karitaszkozpont.hu\/#website\"},\"datePublished\":\"2023-07-23T13:40:00+00:00\",\"dateModified\":\"2023-07-23T13:13:34+00:00\",\"breadcrumb\":{\"@id\":\"https:\/\/karitaszkozpont.hu\/?p=3012#breadcrumb\"},\"inLanguage\":\"hu\",\"potentialAction\":[{\"@type\":\"ReadAction\",\"target\":[\"https:\/\/karitaszkozpont.hu\/?p=3012\"]}]},{\"@type\":\"BreadcrumbList\",\"@id\":\"https:\/\/karitaszkozpont.hu\/?p=3012#breadcrumb\",\"itemListElement\":[{\"@type\":\"ListItem\",\"position\":1,\"name\":\"Kezd\u0151lap\",\"item\":\"https:\/\/karitaszkozpont.hu\/\"},{\"@type\":\"ListItem\",\"position\":2,\"name\":\"Ism\u00e9t karit\u00e1sz napot szervezt\u00fcnk venezuelai gyerekek sz\u00e1m\u00e1ra\"}]},{\"@type\":\"WebSite\",\"@id\":\"https:\/\/karitaszkozpont.hu\/#website\",\"url\":\"https:\/\/karitaszkozpont.hu\/\",\"name\":\"Szent Erzs\u00e9bet Karit\u00e1sz K\u00f6zpont\",\"description\":\"Esztergom-Budapesti F\u0151egyh\u00e1zmegye\",\"publisher\":{\"@id\":\"https:\/\/karitaszkozpont.hu\/#organization\"},\"potentialAction\":[{\"@type\":\"SearchAction\",\"target\":{\"@type\":\"EntryPoint\",\"urlTemplate\":\"https:\/\/karitaszkozpont.hu\/?s={search_term_string}\"},\"query-input\":\"required name=search_term_string\"}],\"inLanguage\":\"hu\"},{\"@type\":\"Organization\",\"@id\":\"https:\/\/karitaszkozpont.hu\/#organization\",\"name\":\"Szent Erzs\u00e9bet Karit\u00e1sz K\u00f6zpont\",\"url\":\"https:\/\/karitaszkozpont.hu\/\",\"logo\":{\"@type\":\"ImageObject\",\"inLanguage\":\"hu\",\"@id\":\"https:\/\/karitaszkozpont.hu\/#\/schema\/logo\/image\/\",\"url\":\"https:\/\/karitaszkp.hu\/wp-content\/uploads\/2019\/06\/cropped-logo-arnyekos-1.png\",\"contentUrl\":\"https:\/\/karitaszkp.hu\/wp-content\/uploads\/2019\/06\/cropped-logo-arnyekos-1.png\",\"width\":240,\"height\":247,\"caption\":\"Szent Erzs\u00e9bet Karit\u00e1sz K\u00f6zpont\"},\"image\":{\"@id\":\"https:\/\/karitaszkozpont.hu\/#\/schema\/logo\/image\/\"}},{\"@type\":\"Person\",\"@id\":\"https:\/\/karitaszkozpont.hu\/#\/schema\/person\/0d9c28244c111914ea13bb1248775e57\",\"name\":\"Karit\u00e1sz K\u00f6zpont\",\"image\":{\"@type\":\"ImageObject\",\"inLanguage\":\"hu\",\"@id\":\"https:\/\/karitaszkozpont.hu\/#\/schema\/person\/image\/\",\"url\":\"https:\/\/secure.gravatar.com\/avatar\/1274acd7c62f3cac92d2b38aad20c71b?s=96&d=mm&r=g\",\"contentUrl\":\"https:\/\/secure.gravatar.com\/avatar\/1274acd7c62f3cac92d2b38aad20c71b?s=96&d=mm&r=g\",\"caption\":\"Karit\u00e1sz K\u00f6zpont\"},\"url\":\"https:\/\/karitaszkozpont.hu\/?author=1\"}]}<\/script>\n<!-- \/ Yoast SEO plugin. -->","yoast_head_json":{"title":"Ism\u00e9t karit\u00e1sz napot szervezt\u00fcnk venezuelai gyerekek sz\u00e1m\u00e1ra - Szent Erzs\u00e9bet Karit\u00e1sz K\u00f6zpont","robots":{"index":"index","follow":"follow","max-snippet":"max-snippet:-1","max-image-preview":"max-image-preview:large","max-video-preview":"max-video-preview:-1"},"canonical":"https:\/\/karitaszkozpont.hu\/?p=3012","og_locale":"hu_HU","og_type":"article","og_title":"Ism\u00e9t karit\u00e1sz napot szervezt\u00fcnk venezuelai gyerekek sz\u00e1m\u00e1ra - Szent Erzs\u00e9bet Karit\u00e1sz K\u00f6zpont","og_description":"Ism\u00e9t karit\u00e1sz napot szervezt\u00fcnk venezuelai gyerekek sz\u00e1m\u00e1ra A Szent Erzs\u00e9bet Karit\u00e1sz K\u00f6zpont a ny\u00e1r sor\u00e1n m\u00e1sodik alkalommal szervezett \u00e9lm\u00e9nynapot azon venezuelai csal\u00e1dok gyermekeinek, akiket karit\u00e1sz k\u00f6zpontunk rendszeresen t\u00e1mogat a mindennapokban. Ez alkalommal 7 csal\u00e1d \u00f6sszesen 15 gyermeke j\u00f6tt el az alkalomra. A K\u00f6zpont munkat\u00e1rsai mellett ism\u00e9t fiatal spanyolul tud\u00f3 \u00f6nk\u00e9ntesek seg\u00e9dkeztek a programok sor\u00e1n. Al\u00e1bb &hellip; Continue reading \"Ism\u00e9t karit\u00e1sz napot szervezt\u00fcnk venezuelai gyerekek sz\u00e1m\u00e1ra\"","og_url":"https:\/\/karitaszkozpont.hu\/?p=3012","og_site_name":"Szent Erzs\u00e9bet Karit\u00e1sz K\u00f6zpont","article_published_time":"2023-07-23T13:40:00+00:00","article_modified_time":"2023-07-23T13:13:34+00:00","og_image":[{"width":2560,"height":1825,"url":"https:\/\/karitaszkozpont.hu\/wp-content\/uploads\/2023\/07\/IMG_9706-1-scaled.jpg","type":"image\/jpeg"}],"author":"Karit\u00e1sz K\u00f6zpont","twitter_card":"summary_large_image","twitter_misc":{"Szerz\u0151:":"Karit\u00e1sz K\u00f6zpont","Becs\u00fclt olvas\u00e1si id\u0151":"2 perc"},"schema":{"@context":"https:\/\/schema.org","@graph":[{"@type":"Article","@id":"https:\/\/karitaszkozpont.hu\/?p=3012#article","isPartOf":{"@id":"https:\/\/karitaszkozpont.hu\/?p=3012"},"author":{"name":"Karit\u00e1sz K\u00f6zpont","@id":"https:\/\/karitaszkozpont.hu\/#\/schema\/person\/0d9c28244c111914ea13bb1248775e57"},"headline":"Ism\u00e9t karit\u00e1sz napot szervezt\u00fcnk venezuelai gyerekek sz\u00e1m\u00e1ra","datePublished":"2023-07-23T13:40:00+00:00","dateModified":"2023-07-23T13:13:34+00:00","mainEntityOfPage":{"@id":"https:\/\/karitaszkozpont.hu\/?p=3012"},"wordCount":363,"publisher":{"@id":"https:\/\/karitaszkozpont.hu\/#organization"},"articleSection":["H\u00edrek"],"inLanguage":"hu"},{"@type":"WebPage","@id":"https:\/\/karitaszkozpont.hu\/?p=3012","url":"https:\/\/karitaszkozpont.hu\/?p=3012","name":"Ism\u00e9t karit\u00e1sz napot szervezt\u00fcnk venezuelai gyerekek sz\u00e1m\u00e1ra - Szent Erzs\u00e9bet Karit\u00e1sz K\u00f6zpont","isPartOf":{"@id":"https:\/\/karitaszkozpont.hu\/#website"},"datePublished":"2023-07-23T13:40:00+00:00","dateModified":"2023-07-23T13:13:34+00:00","breadcrumb":{"@id":"https:\/\/karitaszkozpont.hu\/?p=3012#breadcrumb"},"inLanguage":"hu","potentialAction":[{"@type":"ReadAction","target":["https:\/\/karitaszkozpont.hu\/?p=3012"]}]},{"@type":"BreadcrumbList","@id":"https:\/\/karitaszkozpont.hu\/?p=3012#breadcrumb","itemListElement":[{"@type":"ListItem","position":1,"name":"Kezd\u0151lap","item":"https:\/\/karitaszkozpont.hu\/"},{"@type":"ListItem","position":2,"name":"Ism\u00e9t karit\u00e1sz napot szervezt\u00fcnk venezuelai gyerekek sz\u00e1m\u00e1ra"}]},{"@type":"WebSite","@id":"https:\/\/karitaszkozpont.hu\/#website","url":"https:\/\/karitaszkozpont.hu\/","name":"Szent Erzs\u00e9bet Karit\u00e1sz K\u00f6zpont","description":"Esztergom-Budapesti F\u0151egyh\u00e1zmegye","publisher":{"@id":"https:\/\/karitaszkozpont.hu\/#organization"},"potentialAction":[{"@type":"SearchAction","target":{"@type":"EntryPoint","urlTemplate":"https:\/\/karitaszkozpont.hu\/?s={search_term_string}"},"query-input":"required name=search_term_string"}],"inLanguage":"hu"},{"@type":"Organization","@id":"https:\/\/karitaszkozpont.hu\/#organization","name":"Szent Erzs\u00e9bet Karit\u00e1sz K\u00f6zpont","url":"https:\/\/karitaszkozpont.hu\/","logo":{"@type":"ImageObject","inLanguage":"hu","@id":"https:\/\/karitaszkozpont.hu\/#\/schema\/logo\/image\/","url":"https:\/\/karitaszkp.hu\/wp-content\/uploads\/2019\/06\/cropped-logo-arnyekos-1.png","contentUrl":"https:\/\/karitaszkp.hu\/wp-content\/uploads\/2019\/06\/cropped-logo-arnyekos-1.png","width":240,"height":247,"caption":"Szent Erzs\u00e9bet Karit\u00e1sz K\u00f6zpont"},"image":{"@id":"https:\/\/karitaszkozpont.hu\/#\/schema\/logo\/image\/"}},{"@type":"Person","@id":"https:\/\/karitaszkozpont.hu\/#\/schema\/person\/0d9c28244c111914ea13bb1248775e57","name":"Karit\u00e1sz K\u00f6zpont","image":{"@type":"ImageObject","inLanguage":"hu","@id":"https:\/\/karitaszkozpont.hu\/#\/schema\/person\/image\/","url":"https:\/\/secure.gravatar.com\/avatar\/1274acd7c62f3cac92d2b38aad20c71b?s=96&d=mm&r=g","contentUrl":"https:\/\/secure.gravatar.com\/avatar\/1274acd7c62f3cac92d2b38aad20c71b?s=96&d=mm&r=g","caption":"Karit\u00e1sz K\u00f6zpont"},"url":"https:\/\/karitaszkozpont.hu\/?author=1"}]}},"_links":{"self":[{"href":"https:\/\/karitaszkozpont.hu\/index.php?rest_route=\/wp\/v2\/posts\/3012"}],"collection":[{"href":"https:\/\/karitaszkozpont.hu\/index.php?rest_route=\/wp\/v2\/posts"}],"about":[{"href":"https:\/\/karitaszkozpont.hu\/index.php?rest_route=\/wp\/v2\/types\/post"}],"author":[{"embeddable":true,"href":"https:\/\/karitaszkozpont.hu\/index.php?rest_route=\/wp\/v2\/users\/1"}],"replies":[{"embeddable":true,"href":"https:\/\/karitaszkozpont.hu\/index.php?rest_route=%2Fwp%2Fv2%2Fcomments&post=3012"}],"version-history":[{"count":1,"href":"https:\/\/karitaszkozpont.hu\/index.php?rest_route=\/wp\/v2\/posts\/3012\/revisions"}],"predecessor-version":[{"id":3019,"href":"https:\/\/karitaszkozpont.hu\/index.php?rest_route=\/wp\/v2\/posts\/3012\/revisions\/3019"}],"wp:featuredmedia":[{"embeddable":true,"href":"https:\/\/karitaszkozpont.hu\/index.php?rest_route=\/wp\/v2\/media\/3015"}],"wp:attachment":[{"href":"https:\/\/karitaszkozpont.hu\/index.php?rest_route=%2Fwp%2Fv2%2Fmedia&parent=3012"}],"wp:term":[{"taxonomy":"category","embeddable":true,"href":"https:\/\/karitaszkozpont.hu\/index.php?rest_route=%2Fwp%2Fv2%2Fcategories&post=3012"},{"taxonomy":"post_tag","embeddable":true,"href":"https:\/\/karitaszkozpont.hu\/index.php?rest_route=%2Fwp%2Fv2%2Ftags&post=3012"}],"curies":[{"name":"wp","href":"https:\/\/api.w.org\/{rel}","templated":true}]}}