{"id":3002,"date":"2023-07-23T15:09:16","date_gmt":"2023-07-23T13:09:16","guid":{"rendered":"https:\/\/karitaszkp.hu\/?p=3002"},"modified":"2023-07-23T15:09:19","modified_gmt":"2023-07-23T13:09:19","slug":"var-a-nyar-karitasztabor-a-nyergesujfalui-karitasz-csoport-szervezeseben","status":"publish","type":"post","link":"https:\/\/karitaszkozpont.hu\/?p=3002","title":{"rendered":"<strong>\u201eV\u00e1r a ny\u00e1r\u201d karit\u00e1szt\u00e1bor a nyerges\u00fajfalui karit\u00e1sz csoport szervez\u00e9s\u00e9ben<\/strong>"},"content":{"rendered":"\n<p class=\"has-white-color has-vivid-red-background-color has-text-color has-background has-medium-font-size\"><strong>\u201eV\u00e1r a ny\u00e1r\u201d karit\u00e1szt\u00e1bor a nyerges\u00fajfalui karit\u00e1sz csoport szervez\u00e9s\u00e9ben<\/strong><\/p>\n\n\n\n<p>Karit\u00e1sz t\u00e1bort szervezett a nyerges\u00fajfalui csoport a Szent Erzs\u00e9bet Karit\u00e1sz K\u00f6zpont \u201eV\u00e1r a ny\u00e1r\u201d programj\u00e1nak t\u00e1mogat\u00e1s\u00e1val gyermekek sz\u00e1m\u00e1ra. A gazdag programok k\u00f6z\u00f6tt volt k\u00e9zm\u0171ves foglalkoz\u00e1s, agyagoz\u00e1s L\u0151csi Krisztina keramikus, iparm\u0171v\u00e9sz vezet\u00e9s\u00e9vel, buszos zar\u00e1ndoklat P\u00e9lif\u00f6ldszentkeresztre \u00e9s gyermekprogramok a L\u00e1togat\u00f3 K\u00f6zpontban, strandol\u00e1s, \u00e9lm\u00e9nyf\u00fcrd\u0151z\u00e9s a sz\u0151nyi szabadid\u0151 parkban, kir\u00e1ndul\u00e1s az esztergomi \u0150sl\u00e9ny \u00e9s \u00c1llattani m\u00fazeumba, \u00e9s a Bazilik\u00e1ba, l\u00e1togat\u00e1s a Dunamente \u00d6koturisztikai L\u00e1togat\u00f3k\u00f6zpontba.<\/p>\n\n\n\n<p>A programokat sok j\u00e1t\u00e9k sz\u00ednes\u00edtette, az \u00e9tkez\u00e9seket finom uzsonn\u00e1k, gy\u00fcm\u00f6lcs, fagyi eg\u00e9sz\u00edtett\u00e9k ki, naponta t\u00f6bb alkalommal volt k\u00f6z\u00f6s im\u00e1ds\u00e1g is.<\/p>\n\n\n\n<p>A t\u00e1bor kis z\u00e1r\u00f3\u00fcnneps\u00e9ggel, k\u00f6z\u00f6s s\u00fctiz\u00e9ssel \u00e9rt v\u00e9get a sz\u00fcl\u0151k jelenl\u00e9t\u00e9ben, \u00e9s minden csal\u00e1d hazavihetett egy-egy tart\u00f3s \u00e9lelmiszer csomagot is, valamint finoms\u00e1gokat a Magyar \u00c9lelmiszerbank \u00e1ltal \u00e9s a Szent Erzs\u00e9bet Karit\u00e1sz K\u00f6zpont k\u00f6zrem\u0171k\u00f6d\u00e9s\u00e9vel az &nbsp;\u00c9dessz\u00e1j program keret\u00e9ben kioszthat\u00f3 adom\u00e1nyokb\u00f3l. &nbsp;<\/p>\n\n\n\n<div class=\"wp-block-envira-envira-gallery\"><div id=\"envira-gallery-wrap-3010\" class=\"envira-gallery-wrap envira-gallery-theme-base envira-lightbox-theme-base\" itemscope itemtype=\"https:\/\/schema.org\/ImageGallery\"><div data-row-height=\"150\" data-gallery-theme=\"normal\" id=\"envira-gallery-3010\" class=\"envira-gallery-public envira-gallery-justified-public envira-gallery-0-columns envira-clear enviratope envira-gallery-css-animations\" data-envira-columns=\"0\"><div id=\"envira-gallery-item-3003\" class=\"envira-gallery-item enviratope-item envira-gallery-item-1 envira-lazy-load\" style=\"padding-left: 1px; padding-bottom: 1px; padding-right: 1px;\"  itemscope itemtype=\"https:\/\/schema.org\/ImageObject\"><div class=\"envira-gallery-item-inner\"><div class=\"envira-gallery-position-overlay  envira-gallery-top-left\"><\/div><div class=\"envira-gallery-position-overlay  envira-gallery-top-right\"><\/div><div class=\"envira-gallery-position-overlay  envira-gallery-bottom-left\"><\/div><div class=\"envira-gallery-position-overlay  envira-gallery-bottom-right\"><\/div><a href=\"https:\/\/karitaszkp.hu\/wp-content\/uploads\/2023\/07\/20230711_123420-scaled.jpg\" class=\"envira-gallery-3010 envira-gallery-link\" rel=\"enviragallery3010\" title=\"20230711_123420\" data-envira-caption=\"20230711_123420\" data-envira-retina=\"\" data-thumbnail=\"\"  itemprop=\"contentUrl\"><img id=\"envira-gallery-image-3003\" class=\"envira-gallery-image envira-gallery-image-1 envira-normal envira-lazy\" data-envira-index=\"1\" src=\"https:\/\/karitaszkozpont.hu\/wp-content\/uploads\/2023\/07\/20230711_123420-741x1024-640x480.jpg\" data-envira-src=\"https:\/\/karitaszkozpont.hu\/wp-content\/uploads\/2023\/07\/20230711_123420-741x1024-640x480.jpg\" data-envira-gallery-id=\"3010\" data-envira-item-id=\"3003\" data-envira-caption=\"20230711_123420\" alt=\"\" title=\"20230711_123420\"  itemprop=\"thumbnailUrl\" data-envira-srcset=\"https:\/\/karitaszkozpont.hu\/wp-content\/uploads\/2023\/07\/20230711_123420-741x1024-640x480.jpg 400w,https:\/\/karitaszkozpont.hu\/wp-content\/uploads\/2023\/07\/20230711_123420-741x1024-640x480.jpg 2x\" data-envira-width=\"217\" data-envira-height=\"300\" srcset=\"data:image\/gif;base64,R0lGODlhAQABAIAAAP\/\/\/\/\/\/\/yH5BAEKAAEALAAAAAABAAEAAAICTAEAOw==\" data-safe-src=\"data:image\/gif;base64,R0lGODlhAQABAIAAAP\/\/\/\/\/\/\/yH5BAEKAAEALAAAAAABAAEAAAICTAEAOw==\" \/><\/a><\/div><\/div><div id=\"envira-gallery-item-3004\" class=\"envira-gallery-item enviratope-item envira-gallery-item-2 envira-lazy-load\" style=\"padding-left: 1px; padding-bottom: 1px; padding-right: 1px;\"  itemscope itemtype=\"https:\/\/schema.org\/ImageObject\"><div class=\"envira-gallery-item-inner\"><div class=\"envira-gallery-position-overlay  envira-gallery-top-left\"><\/div><div class=\"envira-gallery-position-overlay  envira-gallery-top-right\"><\/div><div class=\"envira-gallery-position-overlay  envira-gallery-bottom-left\"><\/div><div class=\"envira-gallery-position-overlay  envira-gallery-bottom-right\"><\/div><a href=\"https:\/\/karitaszkp.hu\/wp-content\/uploads\/2023\/07\/20230714_112513-scaled.jpg\" class=\"envira-gallery-3010 envira-gallery-link\" rel=\"enviragallery3010\" title=\"20230714_112513\" data-envira-caption=\"20230714_112513\" data-envira-retina=\"\" data-thumbnail=\"\"  itemprop=\"contentUrl\"><img id=\"envira-gallery-image-3004\" class=\"envira-gallery-image envira-gallery-image-2 envira-normal envira-lazy\" data-envira-index=\"2\" src=\"https:\/\/karitaszkozpont.hu\/wp-content\/uploads\/2023\/07\/20230714_112513-1024x473-640x480.jpg\" data-envira-src=\"https:\/\/karitaszkozpont.hu\/wp-content\/uploads\/2023\/07\/20230714_112513-1024x473-640x480.jpg\" data-envira-gallery-id=\"3010\" data-envira-item-id=\"3004\" data-envira-caption=\"20230714_112513\" alt=\"\" title=\"20230714_112513\"  itemprop=\"thumbnailUrl\" data-envira-srcset=\"https:\/\/karitaszkozpont.hu\/wp-content\/uploads\/2023\/07\/20230714_112513-1024x473-640x480.jpg 400w,https:\/\/karitaszkozpont.hu\/wp-content\/uploads\/2023\/07\/20230714_112513-1024x473-640x480.jpg 2x\" data-envira-width=\"300\" data-envira-height=\"139\" srcset=\"data:image\/gif;base64,R0lGODlhAQABAIAAAP\/\/\/\/\/\/\/yH5BAEKAAEALAAAAAABAAEAAAICTAEAOw==\" data-safe-src=\"data:image\/gif;base64,R0lGODlhAQABAIAAAP\/\/\/\/\/\/\/yH5BAEKAAEALAAAAAABAAEAAAICTAEAOw==\" \/><\/a><\/div><\/div><div id=\"envira-gallery-item-3005\" class=\"envira-gallery-item enviratope-item envira-gallery-item-3 envira-lazy-load\" style=\"padding-left: 1px; padding-bottom: 1px; padding-right: 1px;\"  itemscope itemtype=\"https:\/\/schema.org\/ImageObject\"><div class=\"envira-gallery-item-inner\"><div class=\"envira-gallery-position-overlay  envira-gallery-top-left\"><\/div><div class=\"envira-gallery-position-overlay  envira-gallery-top-right\"><\/div><div class=\"envira-gallery-position-overlay  envira-gallery-bottom-left\"><\/div><div class=\"envira-gallery-position-overlay  envira-gallery-bottom-right\"><\/div><a href=\"https:\/\/karitaszkp.hu\/wp-content\/uploads\/2023\/07\/20230711_100528-scaled.jpg\" class=\"envira-gallery-3010 envira-gallery-link\" rel=\"enviragallery3010\" title=\"20230711_100528\" data-envira-caption=\"20230711_100528\" data-envira-retina=\"\" data-thumbnail=\"\"  itemprop=\"contentUrl\"><img id=\"envira-gallery-image-3005\" class=\"envira-gallery-image envira-gallery-image-3 envira-normal envira-lazy\" data-envira-index=\"3\" src=\"https:\/\/karitaszkozpont.hu\/wp-content\/uploads\/2023\/07\/20230711_100528-473x1024-640x480.jpg\" data-envira-src=\"https:\/\/karitaszkozpont.hu\/wp-content\/uploads\/2023\/07\/20230711_100528-473x1024-640x480.jpg\" data-envira-gallery-id=\"3010\" data-envira-item-id=\"3005\" data-envira-caption=\"20230711_100528\" alt=\"\" title=\"20230711_100528\"  itemprop=\"thumbnailUrl\" data-envira-srcset=\"https:\/\/karitaszkozpont.hu\/wp-content\/uploads\/2023\/07\/20230711_100528-473x1024-640x480.jpg 400w,https:\/\/karitaszkozpont.hu\/wp-content\/uploads\/2023\/07\/20230711_100528-473x1024-640x480.jpg 2x\" data-envira-width=\"139\" data-envira-height=\"300\" srcset=\"data:image\/gif;base64,R0lGODlhAQABAIAAAP\/\/\/\/\/\/\/yH5BAEKAAEALAAAAAABAAEAAAICTAEAOw==\" data-safe-src=\"data:image\/gif;base64,R0lGODlhAQABAIAAAP\/\/\/\/\/\/\/yH5BAEKAAEALAAAAAABAAEAAAICTAEAOw==\" \/><\/a><\/div><\/div><div id=\"envira-gallery-item-3006\" class=\"envira-gallery-item enviratope-item envira-gallery-item-4 envira-lazy-load\" style=\"padding-left: 1px; padding-bottom: 1px; padding-right: 1px;\"  itemscope itemtype=\"https:\/\/schema.org\/ImageObject\"><div class=\"envira-gallery-item-inner\"><div class=\"envira-gallery-position-overlay  envira-gallery-top-left\"><\/div><div class=\"envira-gallery-position-overlay  envira-gallery-top-right\"><\/div><div class=\"envira-gallery-position-overlay  envira-gallery-bottom-left\"><\/div><div class=\"envira-gallery-position-overlay  envira-gallery-bottom-right\"><\/div><a href=\"https:\/\/karitaszkp.hu\/wp-content\/uploads\/2023\/07\/received_1354350765423798.jpeg\" class=\"envira-gallery-3010 envira-gallery-link\" rel=\"enviragallery3010\" title=\"received_1354350765423798\" data-envira-caption=\"received_1354350765423798\" data-envira-retina=\"\" data-thumbnail=\"\"  itemprop=\"contentUrl\"><img id=\"envira-gallery-image-3006\" class=\"envira-gallery-image envira-gallery-image-4 envira-normal envira-lazy\" data-envira-index=\"4\" src=\"https:\/\/karitaszkozpont.hu\/wp-content\/uploads\/2023\/07\/received_1354350765423798-768x1024-640x480.jpeg\" data-envira-src=\"https:\/\/karitaszkozpont.hu\/wp-content\/uploads\/2023\/07\/received_1354350765423798-768x1024-640x480.jpeg\" data-envira-gallery-id=\"3010\" data-envira-item-id=\"3006\" data-envira-caption=\"received_1354350765423798\" alt=\"\" title=\"received_1354350765423798\"  itemprop=\"thumbnailUrl\" data-envira-srcset=\"https:\/\/karitaszkozpont.hu\/wp-content\/uploads\/2023\/07\/received_1354350765423798-768x1024-640x480.jpeg 400w,https:\/\/karitaszkozpont.hu\/wp-content\/uploads\/2023\/07\/received_1354350765423798-768x1024-640x480.jpeg 2x\" data-envira-width=\"225\" data-envira-height=\"300\" srcset=\"data:image\/gif;base64,R0lGODlhAQABAIAAAP\/\/\/\/\/\/\/yH5BAEKAAEALAAAAAABAAEAAAICTAEAOw==\" data-safe-src=\"data:image\/gif;base64,R0lGODlhAQABAIAAAP\/\/\/\/\/\/\/yH5BAEKAAEALAAAAAABAAEAAAICTAEAOw==\" \/><\/a><\/div><\/div><div id=\"envira-gallery-item-3007\" class=\"envira-gallery-item enviratope-item envira-gallery-item-5 envira-lazy-load\" style=\"padding-left: 1px; padding-bottom: 1px; padding-right: 1px;\"  itemscope itemtype=\"https:\/\/schema.org\/ImageObject\"><div class=\"envira-gallery-item-inner\"><div class=\"envira-gallery-position-overlay  envira-gallery-top-left\"><\/div><div class=\"envira-gallery-position-overlay  envira-gallery-top-right\"><\/div><div class=\"envira-gallery-position-overlay  envira-gallery-bottom-left\"><\/div><div class=\"envira-gallery-position-overlay  envira-gallery-bottom-right\"><\/div><a href=\"https:\/\/karitaszkp.hu\/wp-content\/uploads\/2023\/07\/received_1250261718951430.jpeg\" class=\"envira-gallery-3010 envira-gallery-link\" rel=\"enviragallery3010\" title=\"received_1250261718951430\" data-envira-caption=\"received_1250261718951430\" data-envira-retina=\"\" data-thumbnail=\"\"  itemprop=\"contentUrl\"><img id=\"envira-gallery-image-3007\" class=\"envira-gallery-image envira-gallery-image-5 envira-normal envira-lazy\" data-envira-index=\"5\" src=\"https:\/\/karitaszkozpont.hu\/wp-content\/uploads\/2023\/07\/received_1250261718951430-768x1024-640x480.jpeg\" data-envira-src=\"https:\/\/karitaszkozpont.hu\/wp-content\/uploads\/2023\/07\/received_1250261718951430-768x1024-640x480.jpeg\" data-envira-gallery-id=\"3010\" data-envira-item-id=\"3007\" data-envira-caption=\"received_1250261718951430\" alt=\"\" title=\"received_1250261718951430\"  itemprop=\"thumbnailUrl\" data-envira-srcset=\"https:\/\/karitaszkozpont.hu\/wp-content\/uploads\/2023\/07\/received_1250261718951430-768x1024-640x480.jpeg 400w,https:\/\/karitaszkozpont.hu\/wp-content\/uploads\/2023\/07\/received_1250261718951430-768x1024-640x480.jpeg 2x\" data-envira-width=\"225\" data-envira-height=\"300\" srcset=\"data:image\/gif;base64,R0lGODlhAQABAIAAAP\/\/\/\/\/\/\/yH5BAEKAAEALAAAAAABAAEAAAICTAEAOw==\" data-safe-src=\"data:image\/gif;base64,R0lGODlhAQABAIAAAP\/\/\/\/\/\/\/yH5BAEKAAEALAAAAAABAAEAAAICTAEAOw==\" \/><\/a><\/div><\/div><div id=\"envira-gallery-item-3008\" class=\"envira-gallery-item enviratope-item envira-gallery-item-6 envira-lazy-load\" style=\"padding-left: 1px; padding-bottom: 1px; padding-right: 1px;\"  itemscope itemtype=\"https:\/\/schema.org\/ImageObject\"><div class=\"envira-gallery-item-inner\"><div class=\"envira-gallery-position-overlay  envira-gallery-top-left\"><\/div><div class=\"envira-gallery-position-overlay  envira-gallery-top-right\"><\/div><div class=\"envira-gallery-position-overlay  envira-gallery-bottom-left\"><\/div><div class=\"envira-gallery-position-overlay  envira-gallery-bottom-right\"><\/div><a href=\"https:\/\/karitaszkp.hu\/wp-content\/uploads\/2023\/07\/received_202289412476468.jpeg\" class=\"envira-gallery-3010 envira-gallery-link\" rel=\"enviragallery3010\" title=\"received_202289412476468\" data-envira-caption=\"received_202289412476468\" data-envira-retina=\"\" data-thumbnail=\"\"  itemprop=\"contentUrl\"><img id=\"envira-gallery-image-3008\" class=\"envira-gallery-image envira-gallery-image-6 envira-normal envira-lazy\" data-envira-index=\"6\" src=\"https:\/\/karitaszkozpont.hu\/wp-content\/uploads\/2023\/07\/received_202289412476468-768x1024-640x480.jpeg\" data-envira-src=\"https:\/\/karitaszkozpont.hu\/wp-content\/uploads\/2023\/07\/received_202289412476468-768x1024-640x480.jpeg\" data-envira-gallery-id=\"3010\" data-envira-item-id=\"3008\" data-envira-caption=\"received_202289412476468\" alt=\"\" title=\"received_202289412476468\"  itemprop=\"thumbnailUrl\" data-envira-srcset=\"https:\/\/karitaszkozpont.hu\/wp-content\/uploads\/2023\/07\/received_202289412476468-768x1024-640x480.jpeg 400w,https:\/\/karitaszkozpont.hu\/wp-content\/uploads\/2023\/07\/received_202289412476468-768x1024-640x480.jpeg 2x\" data-envira-width=\"225\" data-envira-height=\"300\" srcset=\"data:image\/gif;base64,R0lGODlhAQABAIAAAP\/\/\/\/\/\/\/yH5BAEKAAEALAAAAAABAAEAAAICTAEAOw==\" data-safe-src=\"data:image\/gif;base64,R0lGODlhAQABAIAAAP\/\/\/\/\/\/\/yH5BAEKAAEALAAAAAABAAEAAAICTAEAOw==\" \/><\/a><\/div><\/div><div id=\"envira-gallery-item-3009\" class=\"envira-gallery-item enviratope-item envira-gallery-item-7 envira-lazy-load\" style=\"padding-left: 1px; padding-bottom: 1px; padding-right: 1px;\"  itemscope itemtype=\"https:\/\/schema.org\/ImageObject\"><div class=\"envira-gallery-item-inner\"><div class=\"envira-gallery-position-overlay  envira-gallery-top-left\"><\/div><div class=\"envira-gallery-position-overlay  envira-gallery-top-right\"><\/div><div class=\"envira-gallery-position-overlay  envira-gallery-bottom-left\"><\/div><div class=\"envira-gallery-position-overlay  envira-gallery-bottom-right\"><\/div><a href=\"https:\/\/karitaszkp.hu\/wp-content\/uploads\/2023\/07\/received_977568750056301.jpeg\" class=\"envira-gallery-3010 envira-gallery-link\" rel=\"enviragallery3010\" title=\"received_977568750056301\" data-envira-caption=\"received_977568750056301\" data-envira-retina=\"\" data-thumbnail=\"\"  itemprop=\"contentUrl\"><img id=\"envira-gallery-image-3009\" class=\"envira-gallery-image envira-gallery-image-7 envira-normal envira-lazy\" data-envira-index=\"7\" src=\"https:\/\/karitaszkozpont.hu\/wp-content\/uploads\/2023\/07\/received_977568750056301-768x1024-640x480.jpeg\" data-envira-src=\"https:\/\/karitaszkozpont.hu\/wp-content\/uploads\/2023\/07\/received_977568750056301-768x1024-640x480.jpeg\" data-envira-gallery-id=\"3010\" data-envira-item-id=\"3009\" data-envira-caption=\"received_977568750056301\" alt=\"\" title=\"received_977568750056301\"  itemprop=\"thumbnailUrl\" data-envira-srcset=\"https:\/\/karitaszkozpont.hu\/wp-content\/uploads\/2023\/07\/received_977568750056301-768x1024-640x480.jpeg 400w,https:\/\/karitaszkozpont.hu\/wp-content\/uploads\/2023\/07\/received_977568750056301-768x1024-640x480.jpeg 2x\" data-envira-width=\"225\" data-envira-height=\"300\" srcset=\"data:image\/gif;base64,R0lGODlhAQABAIAAAP\/\/\/\/\/\/\/yH5BAEKAAEALAAAAAABAAEAAAICTAEAOw==\" data-safe-src=\"data:image\/gif;base64,R0lGODlhAQABAIAAAP\/\/\/\/\/\/\/yH5BAEKAAEALAAAAAABAAEAAAICTAEAOw==\" \/><\/a><\/div><\/div><\/div><\/div><noscript><img src=\"https:\/\/karitaszkozpont.hu\/wp-content\/uploads\/2023\/07\/20230711_123420-scaled.jpg\" alt=\"\" \/><img src=\"https:\/\/karitaszkozpont.hu\/wp-content\/uploads\/2023\/07\/20230714_112513-scaled.jpg\" alt=\"\" \/><img src=\"https:\/\/karitaszkozpont.hu\/wp-content\/uploads\/2023\/07\/20230711_100528-scaled.jpg\" alt=\"\" \/><img src=\"https:\/\/karitaszkozpont.hu\/wp-content\/uploads\/2023\/07\/received_1354350765423798.jpeg\" alt=\"\" \/><img src=\"https:\/\/karitaszkozpont.hu\/wp-content\/uploads\/2023\/07\/received_1250261718951430.jpeg\" alt=\"\" \/><img src=\"https:\/\/karitaszkozpont.hu\/wp-content\/uploads\/2023\/07\/received_202289412476468.jpeg\" alt=\"\" \/><img src=\"https:\/\/karitaszkozpont.hu\/wp-content\/uploads\/2023\/07\/received_977568750056301.jpeg\" alt=\"\" \/><\/noscript><\/div>\n\n\n\n<p>A gyermekek elmond\u00e1sa \u00e9s saj\u00e1t v\u00e9lem\u00e9ny\u00fcnk alapj\u00e1n is a r\u00e9sztvev\u0151k nagyon j\u00f3l \u00e9rezt\u00e9k magukat. Az \u00f6t nap szeretetben, kereszt\u00e9nyi szellemben, vid\u00e1ms\u00e1gban telt, sok-sok \u00e9lm\u00e9nnyel.\u201d<\/p>\n\n\n\n<p><strong>Kark\u00f3 J\u00f3zsefn\u00e9 Ica<br>karit\u00e1sz \u00f6nk\u00e9ntes munkat\u00e1rs\u00a0<\/strong><\/p>\n","protected":false},"excerpt":{"rendered":"<p>\u201eV\u00e1r a ny\u00e1r\u201d karit\u00e1szt\u00e1bor a nyerges\u00fajfalui karit\u00e1sz csoport szervez\u00e9s\u00e9ben Karit\u00e1sz t\u00e1bort szervezett a nyerges\u00fajfalui csoport a Szent Erzs\u00e9bet Karit\u00e1sz K\u00f6zpont \u201eV\u00e1r a ny\u00e1r\u201d programj\u00e1nak t\u00e1mogat\u00e1s\u00e1val gyermekek sz\u00e1m\u00e1ra. A gazdag programok k\u00f6z\u00f6tt volt k\u00e9zm\u0171ves foglalkoz\u00e1s, agyagoz\u00e1s L\u0151csi Krisztina keramikus, iparm\u0171v\u00e9sz vezet\u00e9s\u00e9vel, buszos zar\u00e1ndoklat P\u00e9lif\u00f6ldszentkeresztre \u00e9s gyermekprogramok a L\u00e1togat\u00f3 K\u00f6zpontban, strandol\u00e1s, \u00e9lm\u00e9nyf\u00fcrd\u0151z\u00e9s a sz\u0151nyi szabadid\u0151 parkban, kir\u00e1ndul\u00e1s &hellip; <\/p>\n<p class=\"link-more\"><a href=\"https:\/\/karitaszkozpont.hu\/?p=3002\" class=\"more-link\">Continue reading<span class=\"screen-reader-text\"> &#8222;<strong>\u201eV\u00e1r a ny\u00e1r\u201d karit\u00e1szt\u00e1bor a nyerges\u00fajfalui karit\u00e1sz csoport szervez\u00e9s\u00e9ben<\/strong>&#8222;<\/span><\/a><\/p>\n","protected":false},"author":1,"featured_media":3008,"comment_status":"closed","ping_status":"open","sticky":false,"template":"","format":"standard","meta":[],"categories":[4],"tags":[],"yoast_head":"<!-- This site is optimized with the Yoast SEO plugin v20.1 - https:\/\/yoast.com\/wordpress\/plugins\/seo\/ -->\n<title>\u201eV\u00e1r a ny\u00e1r\u201d karit\u00e1szt\u00e1bor a nyerges\u00fajfalui karit\u00e1sz csoport szervez\u00e9s\u00e9ben - Szent Erzs\u00e9bet Karit\u00e1sz K\u00f6zpont<\/title>\n<meta name=\"robots\" content=\"index, follow, max-snippet:-1, max-image-preview:large, max-video-preview:-1\" \/>\n<link rel=\"canonical\" href=\"https:\/\/karitaszkozpont.hu\/?p=3002\" \/>\n<meta property=\"og:locale\" content=\"hu_HU\" \/>\n<meta property=\"og:type\" content=\"article\" \/>\n<meta property=\"og:title\" content=\"\u201eV\u00e1r a ny\u00e1r\u201d karit\u00e1szt\u00e1bor a nyerges\u00fajfalui karit\u00e1sz csoport szervez\u00e9s\u00e9ben - Szent Erzs\u00e9bet Karit\u00e1sz K\u00f6zpont\" \/>\n<meta property=\"og:description\" content=\"\u201eV\u00e1r a ny\u00e1r\u201d karit\u00e1szt\u00e1bor a nyerges\u00fajfalui karit\u00e1sz csoport szervez\u00e9s\u00e9ben Karit\u00e1sz t\u00e1bort szervezett a nyerges\u00fajfalui csoport a Szent Erzs\u00e9bet Karit\u00e1sz K\u00f6zpont \u201eV\u00e1r a ny\u00e1r\u201d programj\u00e1nak t\u00e1mogat\u00e1s\u00e1val gyermekek sz\u00e1m\u00e1ra. A gazdag programok k\u00f6z\u00f6tt volt k\u00e9zm\u0171ves foglalkoz\u00e1s, agyagoz\u00e1s L\u0151csi Krisztina keramikus, iparm\u0171v\u00e9sz vezet\u00e9s\u00e9vel, buszos zar\u00e1ndoklat P\u00e9lif\u00f6ldszentkeresztre \u00e9s gyermekprogramok a L\u00e1togat\u00f3 K\u00f6zpontban, strandol\u00e1s, \u00e9lm\u00e9nyf\u00fcrd\u0151z\u00e9s a sz\u0151nyi szabadid\u0151 parkban, kir\u00e1ndul\u00e1s &hellip; Continue reading &quot;\u201eV\u00e1r a ny\u00e1r\u201d karit\u00e1szt\u00e1bor a nyerges\u00fajfalui karit\u00e1sz csoport szervez\u00e9s\u00e9ben&quot;\" \/>\n<meta property=\"og:url\" content=\"https:\/\/karitaszkozpont.hu\/?p=3002\" \/>\n<meta property=\"og:site_name\" content=\"Szent Erzs\u00e9bet Karit\u00e1sz K\u00f6zpont\" \/>\n<meta property=\"article:published_time\" content=\"2023-07-23T13:09:16+00:00\" \/>\n<meta property=\"article:modified_time\" content=\"2023-07-23T13:09:19+00:00\" \/>\n<meta property=\"og:image\" content=\"https:\/\/karitaszkozpont.hu\/wp-content\/uploads\/2023\/07\/received_202289412476468.jpeg\" \/>\n\t<meta property=\"og:image:width\" content=\"1152\" \/>\n\t<meta property=\"og:image:height\" content=\"1536\" \/>\n\t<meta property=\"og:image:type\" content=\"image\/jpeg\" \/>\n<meta name=\"author\" content=\"Karit\u00e1sz K\u00f6zpont\" \/>\n<meta name=\"twitter:card\" content=\"summary_large_image\" \/>\n<meta name=\"twitter:label1\" content=\"Szerz\u0151:\" \/>\n\t<meta name=\"twitter:data1\" content=\"Karit\u00e1sz K\u00f6zpont\" \/>\n\t<meta name=\"twitter:label2\" content=\"Becs\u00fclt olvas\u00e1si id\u0151\" \/>\n\t<meta name=\"twitter:data2\" content=\"1 perc\" \/>\n<script type=\"application\/ld+json\" class=\"yoast-schema-graph\">{\"@context\":\"https:\/\/schema.org\",\"@graph\":[{\"@type\":\"Article\",\"@id\":\"https:\/\/karitaszkozpont.hu\/?p=3002#article\",\"isPartOf\":{\"@id\":\"https:\/\/karitaszkozpont.hu\/?p=3002\"},\"author\":{\"name\":\"Karit\u00e1sz K\u00f6zpont\",\"@id\":\"https:\/\/karitaszkozpont.hu\/#\/schema\/person\/0d9c28244c111914ea13bb1248775e57\"},\"headline\":\"\u201eV\u00e1r a ny\u00e1r\u201d karit\u00e1szt\u00e1bor a nyerges\u00fajfalui karit\u00e1sz csoport szervez\u00e9s\u00e9ben\",\"datePublished\":\"2023-07-23T13:09:16+00:00\",\"dateModified\":\"2023-07-23T13:09:19+00:00\",\"mainEntityOfPage\":{\"@id\":\"https:\/\/karitaszkozpont.hu\/?p=3002\"},\"wordCount\":296,\"publisher\":{\"@id\":\"https:\/\/karitaszkozpont.hu\/#organization\"},\"articleSection\":[\"H\u00edrek\"],\"inLanguage\":\"hu\"},{\"@type\":\"WebPage\",\"@id\":\"https:\/\/karitaszkozpont.hu\/?p=3002\",\"url\":\"https:\/\/karitaszkozpont.hu\/?p=3002\",\"name\":\"\u201eV\u00e1r a ny\u00e1r\u201d karit\u00e1szt\u00e1bor a nyerges\u00fajfalui karit\u00e1sz csoport szervez\u00e9s\u00e9ben - Szent Erzs\u00e9bet Karit\u00e1sz K\u00f6zpont\",\"isPartOf\":{\"@id\":\"https:\/\/karitaszkozpont.hu\/#website\"},\"datePublished\":\"2023-07-23T13:09:16+00:00\",\"dateModified\":\"2023-07-23T13:09:19+00:00\",\"breadcrumb\":{\"@id\":\"https:\/\/karitaszkozpont.hu\/?p=3002#breadcrumb\"},\"inLanguage\":\"hu\",\"potentialAction\":[{\"@type\":\"ReadAction\",\"target\":[\"https:\/\/karitaszkozpont.hu\/?p=3002\"]}]},{\"@type\":\"BreadcrumbList\",\"@id\":\"https:\/\/karitaszkozpont.hu\/?p=3002#breadcrumb\",\"itemListElement\":[{\"@type\":\"ListItem\",\"position\":1,\"name\":\"Kezd\u0151lap\",\"item\":\"https:\/\/karitaszkozpont.hu\/\"},{\"@type\":\"ListItem\",\"position\":2,\"name\":\"\u201eV\u00e1r a ny\u00e1r\u201d karit\u00e1szt\u00e1bor a nyerges\u00fajfalui karit\u00e1sz csoport szervez\u00e9s\u00e9ben\"}]},{\"@type\":\"WebSite\",\"@id\":\"https:\/\/karitaszkozpont.hu\/#website\",\"url\":\"https:\/\/karitaszkozpont.hu\/\",\"name\":\"Szent Erzs\u00e9bet Karit\u00e1sz K\u00f6zpont\",\"description\":\"Esztergom-Budapesti F\u0151egyh\u00e1zmegye\",\"publisher\":{\"@id\":\"https:\/\/karitaszkozpont.hu\/#organization\"},\"potentialAction\":[{\"@type\":\"SearchAction\",\"target\":{\"@type\":\"EntryPoint\",\"urlTemplate\":\"https:\/\/karitaszkozpont.hu\/?s={search_term_string}\"},\"query-input\":\"required name=search_term_string\"}],\"inLanguage\":\"hu\"},{\"@type\":\"Organization\",\"@id\":\"https:\/\/karitaszkozpont.hu\/#organization\",\"name\":\"Szent Erzs\u00e9bet Karit\u00e1sz K\u00f6zpont\",\"url\":\"https:\/\/karitaszkozpont.hu\/\",\"logo\":{\"@type\":\"ImageObject\",\"inLanguage\":\"hu\",\"@id\":\"https:\/\/karitaszkozpont.hu\/#\/schema\/logo\/image\/\",\"url\":\"https:\/\/karitaszkp.hu\/wp-content\/uploads\/2019\/06\/cropped-logo-arnyekos-1.png\",\"contentUrl\":\"https:\/\/karitaszkp.hu\/wp-content\/uploads\/2019\/06\/cropped-logo-arnyekos-1.png\",\"width\":240,\"height\":247,\"caption\":\"Szent Erzs\u00e9bet Karit\u00e1sz K\u00f6zpont\"},\"image\":{\"@id\":\"https:\/\/karitaszkozpont.hu\/#\/schema\/logo\/image\/\"}},{\"@type\":\"Person\",\"@id\":\"https:\/\/karitaszkozpont.hu\/#\/schema\/person\/0d9c28244c111914ea13bb1248775e57\",\"name\":\"Karit\u00e1sz K\u00f6zpont\",\"image\":{\"@type\":\"ImageObject\",\"inLanguage\":\"hu\",\"@id\":\"https:\/\/karitaszkozpont.hu\/#\/schema\/person\/image\/\",\"url\":\"https:\/\/secure.gravatar.com\/avatar\/1274acd7c62f3cac92d2b38aad20c71b?s=96&d=mm&r=g\",\"contentUrl\":\"https:\/\/secure.gravatar.com\/avatar\/1274acd7c62f3cac92d2b38aad20c71b?s=96&d=mm&r=g\",\"caption\":\"Karit\u00e1sz K\u00f6zpont\"},\"url\":\"https:\/\/karitaszkozpont.hu\/?author=1\"}]}<\/script>\n<!-- \/ Yoast SEO plugin. -->","yoast_head_json":{"title":"\u201eV\u00e1r a ny\u00e1r\u201d karit\u00e1szt\u00e1bor a nyerges\u00fajfalui karit\u00e1sz csoport szervez\u00e9s\u00e9ben - Szent Erzs\u00e9bet Karit\u00e1sz K\u00f6zpont","robots":{"index":"index","follow":"follow","max-snippet":"max-snippet:-1","max-image-preview":"max-image-preview:large","max-video-preview":"max-video-preview:-1"},"canonical":"https:\/\/karitaszkozpont.hu\/?p=3002","og_locale":"hu_HU","og_type":"article","og_title":"\u201eV\u00e1r a ny\u00e1r\u201d karit\u00e1szt\u00e1bor a nyerges\u00fajfalui karit\u00e1sz csoport szervez\u00e9s\u00e9ben - Szent Erzs\u00e9bet Karit\u00e1sz K\u00f6zpont","og_description":"\u201eV\u00e1r a ny\u00e1r\u201d karit\u00e1szt\u00e1bor a nyerges\u00fajfalui karit\u00e1sz csoport szervez\u00e9s\u00e9ben Karit\u00e1sz t\u00e1bort szervezett a nyerges\u00fajfalui csoport a Szent Erzs\u00e9bet Karit\u00e1sz K\u00f6zpont \u201eV\u00e1r a ny\u00e1r\u201d programj\u00e1nak t\u00e1mogat\u00e1s\u00e1val gyermekek sz\u00e1m\u00e1ra. A gazdag programok k\u00f6z\u00f6tt volt k\u00e9zm\u0171ves foglalkoz\u00e1s, agyagoz\u00e1s L\u0151csi Krisztina keramikus, iparm\u0171v\u00e9sz vezet\u00e9s\u00e9vel, buszos zar\u00e1ndoklat P\u00e9lif\u00f6ldszentkeresztre \u00e9s gyermekprogramok a L\u00e1togat\u00f3 K\u00f6zpontban, strandol\u00e1s, \u00e9lm\u00e9nyf\u00fcrd\u0151z\u00e9s a sz\u0151nyi szabadid\u0151 parkban, kir\u00e1ndul\u00e1s &hellip; Continue reading \"\u201eV\u00e1r a ny\u00e1r\u201d karit\u00e1szt\u00e1bor a nyerges\u00fajfalui karit\u00e1sz csoport szervez\u00e9s\u00e9ben\"","og_url":"https:\/\/karitaszkozpont.hu\/?p=3002","og_site_name":"Szent Erzs\u00e9bet Karit\u00e1sz K\u00f6zpont","article_published_time":"2023-07-23T13:09:16+00:00","article_modified_time":"2023-07-23T13:09:19+00:00","og_image":[{"width":1152,"height":1536,"url":"https:\/\/karitaszkozpont.hu\/wp-content\/uploads\/2023\/07\/received_202289412476468.jpeg","type":"image\/jpeg"}],"author":"Karit\u00e1sz K\u00f6zpont","twitter_card":"summary_large_image","twitter_misc":{"Szerz\u0151:":"Karit\u00e1sz K\u00f6zpont","Becs\u00fclt olvas\u00e1si id\u0151":"1 perc"},"schema":{"@context":"https:\/\/schema.org","@graph":[{"@type":"Article","@id":"https:\/\/karitaszkozpont.hu\/?p=3002#article","isPartOf":{"@id":"https:\/\/karitaszkozpont.hu\/?p=3002"},"author":{"name":"Karit\u00e1sz K\u00f6zpont","@id":"https:\/\/karitaszkozpont.hu\/#\/schema\/person\/0d9c28244c111914ea13bb1248775e57"},"headline":"\u201eV\u00e1r a ny\u00e1r\u201d karit\u00e1szt\u00e1bor a nyerges\u00fajfalui karit\u00e1sz csoport szervez\u00e9s\u00e9ben","datePublished":"2023-07-23T13:09:16+00:00","dateModified":"2023-07-23T13:09:19+00:00","mainEntityOfPage":{"@id":"https:\/\/karitaszkozpont.hu\/?p=3002"},"wordCount":296,"publisher":{"@id":"https:\/\/karitaszkozpont.hu\/#organization"},"articleSection":["H\u00edrek"],"inLanguage":"hu"},{"@type":"WebPage","@id":"https:\/\/karitaszkozpont.hu\/?p=3002","url":"https:\/\/karitaszkozpont.hu\/?p=3002","name":"\u201eV\u00e1r a ny\u00e1r\u201d karit\u00e1szt\u00e1bor a nyerges\u00fajfalui karit\u00e1sz csoport szervez\u00e9s\u00e9ben - Szent Erzs\u00e9bet Karit\u00e1sz K\u00f6zpont","isPartOf":{"@id":"https:\/\/karitaszkozpont.hu\/#website"},"datePublished":"2023-07-23T13:09:16+00:00","dateModified":"2023-07-23T13:09:19+00:00","breadcrumb":{"@id":"https:\/\/karitaszkozpont.hu\/?p=3002#breadcrumb"},"inLanguage":"hu","potentialAction":[{"@type":"ReadAction","target":["https:\/\/karitaszkozpont.hu\/?p=3002"]}]},{"@type":"BreadcrumbList","@id":"https:\/\/karitaszkozpont.hu\/?p=3002#breadcrumb","itemListElement":[{"@type":"ListItem","position":1,"name":"Kezd\u0151lap","item":"https:\/\/karitaszkozpont.hu\/"},{"@type":"ListItem","position":2,"name":"\u201eV\u00e1r a ny\u00e1r\u201d karit\u00e1szt\u00e1bor a nyerges\u00fajfalui karit\u00e1sz csoport szervez\u00e9s\u00e9ben"}]},{"@type":"WebSite","@id":"https:\/\/karitaszkozpont.hu\/#website","url":"https:\/\/karitaszkozpont.hu\/","name":"Szent Erzs\u00e9bet Karit\u00e1sz K\u00f6zpont","description":"Esztergom-Budapesti F\u0151egyh\u00e1zmegye","publisher":{"@id":"https:\/\/karitaszkozpont.hu\/#organization"},"potentialAction":[{"@type":"SearchAction","target":{"@type":"EntryPoint","urlTemplate":"https:\/\/karitaszkozpont.hu\/?s={search_term_string}"},"query-input":"required name=search_term_string"}],"inLanguage":"hu"},{"@type":"Organization","@id":"https:\/\/karitaszkozpont.hu\/#organization","name":"Szent Erzs\u00e9bet Karit\u00e1sz K\u00f6zpont","url":"https:\/\/karitaszkozpont.hu\/","logo":{"@type":"ImageObject","inLanguage":"hu","@id":"https:\/\/karitaszkozpont.hu\/#\/schema\/logo\/image\/","url":"https:\/\/karitaszkp.hu\/wp-content\/uploads\/2019\/06\/cropped-logo-arnyekos-1.png","contentUrl":"https:\/\/karitaszkp.hu\/wp-content\/uploads\/2019\/06\/cropped-logo-arnyekos-1.png","width":240,"height":247,"caption":"Szent Erzs\u00e9bet Karit\u00e1sz K\u00f6zpont"},"image":{"@id":"https:\/\/karitaszkozpont.hu\/#\/schema\/logo\/image\/"}},{"@type":"Person","@id":"https:\/\/karitaszkozpont.hu\/#\/schema\/person\/0d9c28244c111914ea13bb1248775e57","name":"Karit\u00e1sz K\u00f6zpont","image":{"@type":"ImageObject","inLanguage":"hu","@id":"https:\/\/karitaszkozpont.hu\/#\/schema\/person\/image\/","url":"https:\/\/secure.gravatar.com\/avatar\/1274acd7c62f3cac92d2b38aad20c71b?s=96&d=mm&r=g","contentUrl":"https:\/\/secure.gravatar.com\/avatar\/1274acd7c62f3cac92d2b38aad20c71b?s=96&d=mm&r=g","caption":"Karit\u00e1sz K\u00f6zpont"},"url":"https:\/\/karitaszkozpont.hu\/?author=1"}]}},"_links":{"self":[{"href":"https:\/\/karitaszkozpont.hu\/index.php?rest_route=\/wp\/v2\/posts\/3002"}],"collection":[{"href":"https:\/\/karitaszkozpont.hu\/index.php?rest_route=\/wp\/v2\/posts"}],"about":[{"href":"https:\/\/karitaszkozpont.hu\/index.php?rest_route=\/wp\/v2\/types\/post"}],"author":[{"embeddable":true,"href":"https:\/\/karitaszkozpont.hu\/index.php?rest_route=\/wp\/v2\/users\/1"}],"replies":[{"embeddable":true,"href":"https:\/\/karitaszkozpont.hu\/index.php?rest_route=%2Fwp%2Fv2%2Fcomments&post=3002"}],"version-history":[{"count":1,"href":"https:\/\/karitaszkozpont.hu\/index.php?rest_route=\/wp\/v2\/posts\/3002\/revisions"}],"predecessor-version":[{"id":3011,"href":"https:\/\/karitaszkozpont.hu\/index.php?rest_route=\/wp\/v2\/posts\/3002\/revisions\/3011"}],"wp:featuredmedia":[{"embeddable":true,"href":"https:\/\/karitaszkozpont.hu\/index.php?rest_route=\/wp\/v2\/media\/3008"}],"wp:attachment":[{"href":"https:\/\/karitaszkozpont.hu\/index.php?rest_route=%2Fwp%2Fv2%2Fmedia&parent=3002"}],"wp:term":[{"taxonomy":"category","embeddable":true,"href":"https:\/\/karitaszkozpont.hu\/index.php?rest_route=%2Fwp%2Fv2%2Fcategories&post=3002"},{"taxonomy":"post_tag","embeddable":true,"href":"https:\/\/karitaszkozpont.hu\/index.php?rest_route=%2Fwp%2Fv2%2Ftags&post=3002"}],"curies":[{"name":"wp","href":"https:\/\/api.w.org\/{rel}","templated":true}]}}