{"id":2993,"date":"2023-07-23T15:06:12","date_gmt":"2023-07-23T13:06:12","guid":{"rendered":"https:\/\/karitaszkp.hu\/?p=2993"},"modified":"2023-07-23T15:06:41","modified_gmt":"2023-07-23T13:06:41","slug":"karitaszos-lelki-nap-szent-marton-kopenyenel","status":"publish","type":"post","link":"https:\/\/karitaszkozpont.hu\/?p=2993","title":{"rendered":"<strong>Karit\u00e1szos lelki nap Szent M\u00e1rton k\u00f6peny\u00e9n\u00e9l<\/strong>"},"content":{"rendered":"\n<p class=\"has-white-color has-vivid-red-background-color has-text-color has-background has-medium-font-size\"><strong>Karit\u00e1szos lelki nap Szent M\u00e1rton k\u00f6peny\u00e9n\u00e9l&nbsp;<\/strong><\/p>\n\n\n\n<p><em>Sz\u00f3da J\u00f3zsefn\u00e9 karit\u00e1sz \u00f6nk\u00e9ntes\u00fcnk besz\u00e1mol\u00f3ja&nbsp;<\/em><\/p>\n\n\n\n<p>A Szent Erzs\u00e9bet Karit\u00e1sz K\u00f6zpont igazgat\u00f3j\u00e1nak, Csorba G\u00e1bornak \u00e9s M\u00e1rton Andrea irodavezet\u0151nek nagyszer\u0171 kezdem\u00e9nyez\u00e9s\u00e9re 2023, j\u00falius 13.-\u00e1n, lelkinapot szervezt\u00fcnk az iroda munkat\u00e1rsainak \u00e9s az egyh\u00e1zmegye Karit\u00e1sz R\u00e9gi\u00f3 vezet\u0151inek az Esztergom-baj\u00f3ti r\u00e9gi\u00f3hoz tartoz\u00f3 Tokodon, a Szent M\u00e1rton pl\u00e9b\u00e1ni\u00e1n. A vend\u00e9geket a helyi karit\u00e1sz csoportvezet\u0151, Robotka Zolt\u00e1nn\u00e9 R\u00f3zsika, Ferenczy \u00c9va r\u00e9gi\u00f3vezet\u0151 \u00e9s j\u00f3magam Sz\u00f3da J\u00f3zsefn\u00e9 fogadtuk.<\/p>\n\n\n\n<p>M\u00e1r az \u00e9rkez\u00e9s pillanat\u00e1ban \u00e9rezni lehetett azt a szeretetteljes l\u00e9gk\u00f6rt mely az eg\u00e9sz napunkat meghat\u00e1rozta. \u0150szinte \u00e9s sz\u00edv\u00e9lyes volt az ismerked\u00e9s. K\u00f6z\u00f6s im\u00e1val kezd\u0151d\u00f6tt a nap programja, melyet Csorba G\u00e1bor igazgat\u00f3 vezetett. Im\u00e1ds\u00e1g ut\u00e1n felh\u00edvta a figyelmet, hogy j\u00f3l haszn\u00e1ljuk fel a mai nap idej\u00e9t, l\u00e9pj\u00fcnk be egym\u00e1s szolg\u00e1lat\u00e1ba, cser\u00e9lj\u00fcnk fontos ismereteket, merj\u00fcnk \u0151szint\u00e9n besz\u00e9lni, gondjainkr\u00f3l, hi\u00e1nyoss\u00e1gainkr\u00f3l. arr\u00f3l, hogyan lehet hat\u00e9konyabb\u00e1 tenni a k\u00f6zpont \u00e9s a hozz\u00e1tartoz\u00f3 karit\u00e1szcsoportok munk\u00e1j\u00e1t. A munk\u00e1nkban csak akkor lesz\u00fcnk hitelesek, ha J\u00e9zust felv\u00e1llalva k\u00f6zvet\u00edtj\u00fck az \u00f6r\u00f6mh\u00edrt embert\u00e1rsaink fel\u00e9. &nbsp;<\/p>\n\n\n\n<p>M\u00e1rton Andrea szakmai irodavezet\u0151 kiemelte, hogy a j\u00f3 egy\u00fcttm\u0171k\u00f6d\u00e9s felt\u00e9tele a felel\u0151s, naprak\u00e9sz adatszolg\u00e1ltat\u00e1s, a bizalom \u00e9s ezt hivatott er\u0151s\u00edteni a mai nap.<\/p>\n\n\n\n<p>A nap hozad\u00e9ka volt m\u00e9g, hogy k\u00f6lcs\u00f6n\u00f6sen megismert\u00fck az egyes programok k\u00f6zponti \u00fcgyint\u00e9z\u0151it, \u00e9s \u00e1tbesz\u00e9lt\u00fck, hogy az egyes programok elv\u00e1r\u00e1saihoz milyenek a vid\u00e9ki karit\u00e1szcsoportok adotts\u00e1gai, lehet\u0151s\u00e9gei.<\/p>\n\n\n\n<p>Kellemes \u00e9lm\u00e9nyk\u00e9nt \u00e9lt\u00fck meg a vend\u00e9gcsoport \u00f6r\u00f6m\u00e9t, amikor megmutattuk a tokodi \u201e\u00c9rt\u00e9kek \u00e9s Gy\u0171jtem\u00e9nyek h\u00e1z\u00e1t\u201d ahol felfedezhett\u00e9k Karit\u00e1sz K\u00f6zpontb\u00f3l kapott adom\u00e1nyok egy r\u00e9sz\u00e9t is, \u00e9s bemutattuk, hogyan lehet \u00fajszer\u0171en hasznos\u00edtani, hogyan lehet a f\u00e9lredobott, megunt j\u00e1t\u00e9kokban, t\u00e1rgyakba felismerni a kincseket \u00e9s ezeket k\u00f6zkincs\u00e9 tenni. Mindezt a lehet\u0151s\u00e9get, adom\u00e1nyt szeretettel k\u00f6sz\u00f6nj\u00fck, hiszen a ki\u00e1ll\u00edt\u00e1s minden szeglet\u00e9ben felvillan a k\u00f6zponti adom\u00e1ny.<\/p>\n\n\n\n<div class=\"wp-block-envira-envira-gallery\"><div id=\"envira-gallery-wrap-3000\" class=\"envira-gallery-wrap envira-gallery-theme-base envira-lightbox-theme-base\" itemscope itemtype=\"https:\/\/schema.org\/ImageGallery\"><div data-row-height=\"150\" data-gallery-theme=\"normal\" id=\"envira-gallery-3000\" class=\"envira-gallery-public envira-gallery-justified-public envira-gallery-0-columns envira-clear enviratope envira-gallery-css-animations\" data-envira-columns=\"0\"><div id=\"envira-gallery-item-2995\" class=\"envira-gallery-item enviratope-item envira-gallery-item-1 envira-lazy-load\" style=\"padding-left: 1px; padding-bottom: 1px; padding-right: 1px;\"  itemscope itemtype=\"https:\/\/schema.org\/ImageObject\"><div class=\"envira-gallery-item-inner\"><div class=\"envira-gallery-position-overlay  envira-gallery-top-left\"><\/div><div class=\"envira-gallery-position-overlay  envira-gallery-top-right\"><\/div><div class=\"envira-gallery-position-overlay  envira-gallery-bottom-left\"><\/div><div class=\"envira-gallery-position-overlay  envira-gallery-bottom-right\"><\/div><a href=\"https:\/\/karitaszkp.hu\/wp-content\/uploads\/2023\/07\/MG_0442-1-scaled.jpg\" class=\"envira-gallery-3000 envira-gallery-link\" rel=\"enviragallery3000\" title=\"MG_0442-1\" data-envira-caption=\"MG_0442-1\" data-envira-retina=\"\" data-thumbnail=\"\"  itemprop=\"contentUrl\"><img id=\"envira-gallery-image-2995\" class=\"envira-gallery-image envira-gallery-image-1 envira-normal envira-lazy\" data-envira-index=\"1\" src=\"https:\/\/karitaszkozpont.hu\/wp-content\/uploads\/2023\/07\/MG_0442-1-1024x683-640x480.jpg\" data-envira-src=\"https:\/\/karitaszkozpont.hu\/wp-content\/uploads\/2023\/07\/MG_0442-1-1024x683-640x480.jpg\" data-envira-gallery-id=\"3000\" data-envira-item-id=\"2995\" data-envira-caption=\"MG_0442-1\" alt=\"\" title=\"MG_0442-1\"  itemprop=\"thumbnailUrl\" data-envira-srcset=\"https:\/\/karitaszkozpont.hu\/wp-content\/uploads\/2023\/07\/MG_0442-1-1024x683-640x480.jpg 400w,https:\/\/karitaszkozpont.hu\/wp-content\/uploads\/2023\/07\/MG_0442-1-1024x683-640x480.jpg 2x\" data-envira-width=\"300\" data-envira-height=\"200\" srcset=\"data:image\/gif;base64,R0lGODlhAQABAIAAAP\/\/\/\/\/\/\/yH5BAEKAAEALAAAAAABAAEAAAICTAEAOw==\" data-safe-src=\"data:image\/gif;base64,R0lGODlhAQABAIAAAP\/\/\/\/\/\/\/yH5BAEKAAEALAAAAAABAAEAAAICTAEAOw==\" \/><\/a><\/div><\/div><div id=\"envira-gallery-item-2996\" class=\"envira-gallery-item enviratope-item envira-gallery-item-2 envira-lazy-load\" style=\"padding-left: 1px; padding-bottom: 1px; padding-right: 1px;\"  itemscope itemtype=\"https:\/\/schema.org\/ImageObject\"><div class=\"envira-gallery-item-inner\"><div class=\"envira-gallery-position-overlay  envira-gallery-top-left\"><\/div><div class=\"envira-gallery-position-overlay  envira-gallery-top-right\"><\/div><div class=\"envira-gallery-position-overlay  envira-gallery-bottom-left\"><\/div><div class=\"envira-gallery-position-overlay  envira-gallery-bottom-right\"><\/div><a href=\"https:\/\/karitaszkp.hu\/wp-content\/uploads\/2023\/07\/IMG_0436-scaled.jpg\" class=\"envira-gallery-3000 envira-gallery-link\" rel=\"enviragallery3000\" title=\"IMG_0436\" data-envira-caption=\"IMG_0436\" data-envira-retina=\"\" data-thumbnail=\"\"  itemprop=\"contentUrl\"><img id=\"envira-gallery-image-2996\" class=\"envira-gallery-image envira-gallery-image-2 envira-normal envira-lazy\" data-envira-index=\"2\" src=\"https:\/\/karitaszkozpont.hu\/wp-content\/uploads\/2023\/07\/IMG_0436-1024x683-640x480.jpg\" data-envira-src=\"https:\/\/karitaszkozpont.hu\/wp-content\/uploads\/2023\/07\/IMG_0436-1024x683-640x480.jpg\" data-envira-gallery-id=\"3000\" data-envira-item-id=\"2996\" data-envira-caption=\"IMG_0436\" alt=\"\" title=\"IMG_0436\"  itemprop=\"thumbnailUrl\" data-envira-srcset=\"https:\/\/karitaszkozpont.hu\/wp-content\/uploads\/2023\/07\/IMG_0436-1024x683-640x480.jpg 400w,https:\/\/karitaszkozpont.hu\/wp-content\/uploads\/2023\/07\/IMG_0436-1024x683-640x480.jpg 2x\" data-envira-width=\"300\" data-envira-height=\"200\" srcset=\"data:image\/gif;base64,R0lGODlhAQABAIAAAP\/\/\/\/\/\/\/yH5BAEKAAEALAAAAAABAAEAAAICTAEAOw==\" data-safe-src=\"data:image\/gif;base64,R0lGODlhAQABAIAAAP\/\/\/\/\/\/\/yH5BAEKAAEALAAAAAABAAEAAAICTAEAOw==\" \/><\/a><\/div><\/div><div id=\"envira-gallery-item-2997\" class=\"envira-gallery-item enviratope-item envira-gallery-item-3 envira-lazy-load\" style=\"padding-left: 1px; padding-bottom: 1px; padding-right: 1px;\"  itemscope itemtype=\"https:\/\/schema.org\/ImageObject\"><div class=\"envira-gallery-item-inner\"><div class=\"envira-gallery-position-overlay  envira-gallery-top-left\"><\/div><div class=\"envira-gallery-position-overlay  envira-gallery-top-right\"><\/div><div class=\"envira-gallery-position-overlay  envira-gallery-bottom-left\"><\/div><div class=\"envira-gallery-position-overlay  envira-gallery-bottom-right\"><\/div><a href=\"https:\/\/karitaszkp.hu\/wp-content\/uploads\/2023\/07\/MG_0259-scaled.jpg\" class=\"envira-gallery-3000 envira-gallery-link\" rel=\"enviragallery3000\" title=\"MG_0259\" data-envira-caption=\"MG_0259\" data-envira-retina=\"\" data-thumbnail=\"\"  itemprop=\"contentUrl\"><img id=\"envira-gallery-image-2997\" class=\"envira-gallery-image envira-gallery-image-3 envira-normal envira-lazy\" data-envira-index=\"3\" src=\"https:\/\/karitaszkozpont.hu\/wp-content\/uploads\/2023\/07\/MG_0259-1024x683-640x480.jpg\" data-envira-src=\"https:\/\/karitaszkozpont.hu\/wp-content\/uploads\/2023\/07\/MG_0259-1024x683-640x480.jpg\" data-envira-gallery-id=\"3000\" data-envira-item-id=\"2997\" data-envira-caption=\"MG_0259\" alt=\"\" title=\"MG_0259\"  itemprop=\"thumbnailUrl\" data-envira-srcset=\"https:\/\/karitaszkozpont.hu\/wp-content\/uploads\/2023\/07\/MG_0259-1024x683-640x480.jpg 400w,https:\/\/karitaszkozpont.hu\/wp-content\/uploads\/2023\/07\/MG_0259-1024x683-640x480.jpg 2x\" data-envira-width=\"300\" data-envira-height=\"200\" srcset=\"data:image\/gif;base64,R0lGODlhAQABAIAAAP\/\/\/\/\/\/\/yH5BAEKAAEALAAAAAABAAEAAAICTAEAOw==\" data-safe-src=\"data:image\/gif;base64,R0lGODlhAQABAIAAAP\/\/\/\/\/\/\/yH5BAEKAAEALAAAAAABAAEAAAICTAEAOw==\" \/><\/a><\/div><\/div><div id=\"envira-gallery-item-2998\" class=\"envira-gallery-item enviratope-item envira-gallery-item-4 envira-lazy-load\" style=\"padding-left: 1px; padding-bottom: 1px; padding-right: 1px;\"  itemscope itemtype=\"https:\/\/schema.org\/ImageObject\"><div class=\"envira-gallery-item-inner\"><div class=\"envira-gallery-position-overlay  envira-gallery-top-left\"><\/div><div class=\"envira-gallery-position-overlay  envira-gallery-top-right\"><\/div><div class=\"envira-gallery-position-overlay  envira-gallery-bottom-left\"><\/div><div class=\"envira-gallery-position-overlay  envira-gallery-bottom-right\"><\/div><a href=\"https:\/\/karitaszkp.hu\/wp-content\/uploads\/2023\/07\/MG_0379-scaled.jpg\" class=\"envira-gallery-3000 envira-gallery-link\" rel=\"enviragallery3000\" title=\"MG_0379\" data-envira-caption=\"MG_0379\" data-envira-retina=\"\" data-thumbnail=\"\"  itemprop=\"contentUrl\"><img id=\"envira-gallery-image-2998\" class=\"envira-gallery-image envira-gallery-image-4 envira-normal envira-lazy\" data-envira-index=\"4\" src=\"https:\/\/karitaszkozpont.hu\/wp-content\/uploads\/2023\/07\/MG_0379-1024x683-640x480.jpg\" data-envira-src=\"https:\/\/karitaszkozpont.hu\/wp-content\/uploads\/2023\/07\/MG_0379-1024x683-640x480.jpg\" data-envira-gallery-id=\"3000\" data-envira-item-id=\"2998\" data-envira-caption=\"MG_0379\" alt=\"\" title=\"MG_0379\"  itemprop=\"thumbnailUrl\" data-envira-srcset=\"https:\/\/karitaszkozpont.hu\/wp-content\/uploads\/2023\/07\/MG_0379-1024x683-640x480.jpg 400w,https:\/\/karitaszkozpont.hu\/wp-content\/uploads\/2023\/07\/MG_0379-1024x683-640x480.jpg 2x\" data-envira-width=\"300\" data-envira-height=\"200\" srcset=\"data:image\/gif;base64,R0lGODlhAQABAIAAAP\/\/\/\/\/\/\/yH5BAEKAAEALAAAAAABAAEAAAICTAEAOw==\" data-safe-src=\"data:image\/gif;base64,R0lGODlhAQABAIAAAP\/\/\/\/\/\/\/yH5BAEKAAEALAAAAAABAAEAAAICTAEAOw==\" \/><\/a><\/div><\/div><div id=\"envira-gallery-item-2999\" class=\"envira-gallery-item enviratope-item envira-gallery-item-5 envira-lazy-load\" style=\"padding-left: 1px; padding-bottom: 1px; padding-right: 1px;\"  itemscope itemtype=\"https:\/\/schema.org\/ImageObject\"><div class=\"envira-gallery-item-inner\"><div class=\"envira-gallery-position-overlay  envira-gallery-top-left\"><\/div><div class=\"envira-gallery-position-overlay  envira-gallery-top-right\"><\/div><div class=\"envira-gallery-position-overlay  envira-gallery-bottom-left\"><\/div><div class=\"envira-gallery-position-overlay  envira-gallery-bottom-right\"><\/div><a href=\"https:\/\/karitaszkp.hu\/wp-content\/uploads\/2023\/07\/MG_0411-scaled.jpg\" class=\"envira-gallery-3000 envira-gallery-link\" rel=\"enviragallery3000\" title=\"MG_0411\" data-envira-caption=\"MG_0411\" data-envira-retina=\"\" data-thumbnail=\"\"  itemprop=\"contentUrl\"><img id=\"envira-gallery-image-2999\" class=\"envira-gallery-image envira-gallery-image-5 envira-normal envira-lazy\" data-envira-index=\"5\" src=\"https:\/\/karitaszkozpont.hu\/wp-content\/uploads\/2023\/07\/MG_0411-1024x683-640x480.jpg\" data-envira-src=\"https:\/\/karitaszkozpont.hu\/wp-content\/uploads\/2023\/07\/MG_0411-1024x683-640x480.jpg\" data-envira-gallery-id=\"3000\" data-envira-item-id=\"2999\" data-envira-caption=\"MG_0411\" alt=\"\" title=\"MG_0411\"  itemprop=\"thumbnailUrl\" data-envira-srcset=\"https:\/\/karitaszkozpont.hu\/wp-content\/uploads\/2023\/07\/MG_0411-1024x683-640x480.jpg 400w,https:\/\/karitaszkozpont.hu\/wp-content\/uploads\/2023\/07\/MG_0411-1024x683-640x480.jpg 2x\" data-envira-width=\"300\" data-envira-height=\"200\" srcset=\"data:image\/gif;base64,R0lGODlhAQABAIAAAP\/\/\/\/\/\/\/yH5BAEKAAEALAAAAAABAAEAAAICTAEAOw==\" data-safe-src=\"data:image\/gif;base64,R0lGODlhAQABAIAAAP\/\/\/\/\/\/\/yH5BAEKAAEALAAAAAABAAEAAAICTAEAOw==\" \/><\/a><\/div><\/div><\/div><\/div><noscript><img src=\"https:\/\/karitaszkozpont.hu\/wp-content\/uploads\/2023\/07\/MG_0442-1-scaled.jpg\" alt=\"\" \/><img src=\"https:\/\/karitaszkozpont.hu\/wp-content\/uploads\/2023\/07\/IMG_0436-scaled.jpg\" alt=\"\" \/><img src=\"https:\/\/karitaszkozpont.hu\/wp-content\/uploads\/2023\/07\/MG_0259-scaled.jpg\" alt=\"\" \/><img src=\"https:\/\/karitaszkozpont.hu\/wp-content\/uploads\/2023\/07\/MG_0379-scaled.jpg\" alt=\"\" \/><img src=\"https:\/\/karitaszkozpont.hu\/wp-content\/uploads\/2023\/07\/MG_0411-scaled.jpg\" alt=\"\" \/><\/noscript><\/div>\n\n\n\n<p>Minden alakom \u00e9s tal\u00e1lkoz\u00e1s egy \u00f6r\u00f6mforr\u00e1s, \u201emert j\u00f3t tenni j\u00f3\u201d. Megtapasztaltuk, hogy milyen nagyszer\u0171 k\u00f6z\u00f6ss\u00e9g\u00e9p\u00edt\u0151 lehet\u0151s\u00e9g egy ilyen program. A tal\u00e1lkoz\u00e1s, a sok-sok \u00e9lm\u00e9ny im\u00e1ds\u00e1ggal z\u00e1rult a tokodi templomban. K\u00f6z\u00f6sen mondtunk Istennek k\u00f6sz\u00f6netet \u00e9s h\u00e1l\u00e1t minden \u00e9lm\u00e9ny\u00e9rt, tal\u00e1lkoz\u00e1s\u00e9rt a sz\u00e9p nap\u00e9rt. Elmondhattuk: \u201eUram j\u00f3 nek\u00fcnk itt lenni\u201d<\/p>\n\n\n\n<p><strong>Sz\u00f3da J\u00f3zsefn\u00e9, Robotka Zolt\u00e1nn\u00e9, Ferenczy \u00c9va<\/strong><\/p>\n","protected":false},"excerpt":{"rendered":"<p>Karit\u00e1szos lelki nap Szent M\u00e1rton k\u00f6peny\u00e9n\u00e9l&nbsp; Sz\u00f3da J\u00f3zsefn\u00e9 karit\u00e1sz \u00f6nk\u00e9ntes\u00fcnk besz\u00e1mol\u00f3ja&nbsp; A Szent Erzs\u00e9bet Karit\u00e1sz K\u00f6zpont igazgat\u00f3j\u00e1nak, Csorba G\u00e1bornak \u00e9s M\u00e1rton Andrea irodavezet\u0151nek nagyszer\u0171 kezdem\u00e9nyez\u00e9s\u00e9re 2023, j\u00falius 13.-\u00e1n, lelkinapot szervezt\u00fcnk az iroda munkat\u00e1rsainak \u00e9s az egyh\u00e1zmegye Karit\u00e1sz R\u00e9gi\u00f3 vezet\u0151inek az Esztergom-baj\u00f3ti r\u00e9gi\u00f3hoz tartoz\u00f3 Tokodon, a Szent M\u00e1rton pl\u00e9b\u00e1ni\u00e1n. A vend\u00e9geket a helyi karit\u00e1sz csoportvezet\u0151, Robotka &hellip; <\/p>\n<p class=\"link-more\"><a href=\"https:\/\/karitaszkozpont.hu\/?p=2993\" class=\"more-link\">Continue reading<span class=\"screen-reader-text\"> &#8222;<strong>Karit\u00e1szos lelki nap Szent M\u00e1rton k\u00f6peny\u00e9n\u00e9l<\/strong>&#8222;<\/span><\/a><\/p>\n","protected":false},"author":1,"featured_media":2994,"comment_status":"closed","ping_status":"open","sticky":false,"template":"","format":"standard","meta":[],"categories":[4],"tags":[],"yoast_head":"<!-- This site is optimized with the Yoast SEO plugin v20.1 - https:\/\/yoast.com\/wordpress\/plugins\/seo\/ -->\n<title>Karit\u00e1szos lelki nap Szent M\u00e1rton k\u00f6peny\u00e9n\u00e9l - Szent Erzs\u00e9bet Karit\u00e1sz K\u00f6zpont<\/title>\n<meta name=\"robots\" content=\"index, follow, max-snippet:-1, max-image-preview:large, max-video-preview:-1\" \/>\n<link rel=\"canonical\" href=\"https:\/\/karitaszkozpont.hu\/?p=2993\" \/>\n<meta property=\"og:locale\" content=\"hu_HU\" \/>\n<meta property=\"og:type\" content=\"article\" \/>\n<meta property=\"og:title\" content=\"Karit\u00e1szos lelki nap Szent M\u00e1rton k\u00f6peny\u00e9n\u00e9l - Szent Erzs\u00e9bet Karit\u00e1sz K\u00f6zpont\" \/>\n<meta property=\"og:description\" content=\"Karit\u00e1szos lelki nap Szent M\u00e1rton k\u00f6peny\u00e9n\u00e9l&nbsp; Sz\u00f3da J\u00f3zsefn\u00e9 karit\u00e1sz \u00f6nk\u00e9ntes\u00fcnk besz\u00e1mol\u00f3ja&nbsp; A Szent Erzs\u00e9bet Karit\u00e1sz K\u00f6zpont igazgat\u00f3j\u00e1nak, Csorba G\u00e1bornak \u00e9s M\u00e1rton Andrea irodavezet\u0151nek nagyszer\u0171 kezdem\u00e9nyez\u00e9s\u00e9re 2023, j\u00falius 13.-\u00e1n, lelkinapot szervezt\u00fcnk az iroda munkat\u00e1rsainak \u00e9s az egyh\u00e1zmegye Karit\u00e1sz R\u00e9gi\u00f3 vezet\u0151inek az Esztergom-baj\u00f3ti r\u00e9gi\u00f3hoz tartoz\u00f3 Tokodon, a Szent M\u00e1rton pl\u00e9b\u00e1ni\u00e1n. A vend\u00e9geket a helyi karit\u00e1sz csoportvezet\u0151, Robotka &hellip; Continue reading &quot;Karit\u00e1szos lelki nap Szent M\u00e1rton k\u00f6peny\u00e9n\u00e9l&quot;\" \/>\n<meta property=\"og:url\" content=\"https:\/\/karitaszkozpont.hu\/?p=2993\" \/>\n<meta property=\"og:site_name\" content=\"Szent Erzs\u00e9bet Karit\u00e1sz K\u00f6zpont\" \/>\n<meta property=\"article:published_time\" content=\"2023-07-23T13:06:12+00:00\" \/>\n<meta property=\"article:modified_time\" content=\"2023-07-23T13:06:41+00:00\" \/>\n<meta property=\"og:image\" content=\"https:\/\/karitaszkozpont.hu\/wp-content\/uploads\/2023\/07\/MG_0442-scaled.jpg\" \/>\n\t<meta property=\"og:image:width\" content=\"2560\" \/>\n\t<meta property=\"og:image:height\" content=\"1707\" \/>\n\t<meta property=\"og:image:type\" content=\"image\/jpeg\" \/>\n<meta name=\"author\" content=\"Karit\u00e1sz K\u00f6zpont\" \/>\n<meta name=\"twitter:card\" content=\"summary_large_image\" \/>\n<meta name=\"twitter:label1\" content=\"Szerz\u0151:\" \/>\n\t<meta name=\"twitter:data1\" content=\"Karit\u00e1sz K\u00f6zpont\" \/>\n\t<meta name=\"twitter:label2\" content=\"Becs\u00fclt olvas\u00e1si id\u0151\" \/>\n\t<meta name=\"twitter:data2\" content=\"2 perc\" \/>\n<script type=\"application\/ld+json\" class=\"yoast-schema-graph\">{\"@context\":\"https:\/\/schema.org\",\"@graph\":[{\"@type\":\"Article\",\"@id\":\"https:\/\/karitaszkozpont.hu\/?p=2993#article\",\"isPartOf\":{\"@id\":\"https:\/\/karitaszkozpont.hu\/?p=2993\"},\"author\":{\"name\":\"Karit\u00e1sz K\u00f6zpont\",\"@id\":\"https:\/\/karitaszkozpont.hu\/#\/schema\/person\/0d9c28244c111914ea13bb1248775e57\"},\"headline\":\"Karit\u00e1szos lelki nap Szent M\u00e1rton k\u00f6peny\u00e9n\u00e9l\",\"datePublished\":\"2023-07-23T13:06:12+00:00\",\"dateModified\":\"2023-07-23T13:06:41+00:00\",\"mainEntityOfPage\":{\"@id\":\"https:\/\/karitaszkozpont.hu\/?p=2993\"},\"wordCount\":529,\"publisher\":{\"@id\":\"https:\/\/karitaszkozpont.hu\/#organization\"},\"articleSection\":[\"H\u00edrek\"],\"inLanguage\":\"hu\"},{\"@type\":\"WebPage\",\"@id\":\"https:\/\/karitaszkozpont.hu\/?p=2993\",\"url\":\"https:\/\/karitaszkozpont.hu\/?p=2993\",\"name\":\"Karit\u00e1szos lelki nap Szent M\u00e1rton k\u00f6peny\u00e9n\u00e9l - Szent Erzs\u00e9bet Karit\u00e1sz K\u00f6zpont\",\"isPartOf\":{\"@id\":\"https:\/\/karitaszkozpont.hu\/#website\"},\"datePublished\":\"2023-07-23T13:06:12+00:00\",\"dateModified\":\"2023-07-23T13:06:41+00:00\",\"breadcrumb\":{\"@id\":\"https:\/\/karitaszkozpont.hu\/?p=2993#breadcrumb\"},\"inLanguage\":\"hu\",\"potentialAction\":[{\"@type\":\"ReadAction\",\"target\":[\"https:\/\/karitaszkozpont.hu\/?p=2993\"]}]},{\"@type\":\"BreadcrumbList\",\"@id\":\"https:\/\/karitaszkozpont.hu\/?p=2993#breadcrumb\",\"itemListElement\":[{\"@type\":\"ListItem\",\"position\":1,\"name\":\"Kezd\u0151lap\",\"item\":\"https:\/\/karitaszkozpont.hu\/\"},{\"@type\":\"ListItem\",\"position\":2,\"name\":\"Karit\u00e1szos lelki nap Szent M\u00e1rton k\u00f6peny\u00e9n\u00e9l\"}]},{\"@type\":\"WebSite\",\"@id\":\"https:\/\/karitaszkozpont.hu\/#website\",\"url\":\"https:\/\/karitaszkozpont.hu\/\",\"name\":\"Szent Erzs\u00e9bet Karit\u00e1sz K\u00f6zpont\",\"description\":\"Esztergom-Budapesti F\u0151egyh\u00e1zmegye\",\"publisher\":{\"@id\":\"https:\/\/karitaszkozpont.hu\/#organization\"},\"potentialAction\":[{\"@type\":\"SearchAction\",\"target\":{\"@type\":\"EntryPoint\",\"urlTemplate\":\"https:\/\/karitaszkozpont.hu\/?s={search_term_string}\"},\"query-input\":\"required name=search_term_string\"}],\"inLanguage\":\"hu\"},{\"@type\":\"Organization\",\"@id\":\"https:\/\/karitaszkozpont.hu\/#organization\",\"name\":\"Szent Erzs\u00e9bet Karit\u00e1sz K\u00f6zpont\",\"url\":\"https:\/\/karitaszkozpont.hu\/\",\"logo\":{\"@type\":\"ImageObject\",\"inLanguage\":\"hu\",\"@id\":\"https:\/\/karitaszkozpont.hu\/#\/schema\/logo\/image\/\",\"url\":\"https:\/\/karitaszkp.hu\/wp-content\/uploads\/2019\/06\/cropped-logo-arnyekos-1.png\",\"contentUrl\":\"https:\/\/karitaszkp.hu\/wp-content\/uploads\/2019\/06\/cropped-logo-arnyekos-1.png\",\"width\":240,\"height\":247,\"caption\":\"Szent Erzs\u00e9bet Karit\u00e1sz K\u00f6zpont\"},\"image\":{\"@id\":\"https:\/\/karitaszkozpont.hu\/#\/schema\/logo\/image\/\"}},{\"@type\":\"Person\",\"@id\":\"https:\/\/karitaszkozpont.hu\/#\/schema\/person\/0d9c28244c111914ea13bb1248775e57\",\"name\":\"Karit\u00e1sz K\u00f6zpont\",\"image\":{\"@type\":\"ImageObject\",\"inLanguage\":\"hu\",\"@id\":\"https:\/\/karitaszkozpont.hu\/#\/schema\/person\/image\/\",\"url\":\"https:\/\/secure.gravatar.com\/avatar\/1274acd7c62f3cac92d2b38aad20c71b?s=96&d=mm&r=g\",\"contentUrl\":\"https:\/\/secure.gravatar.com\/avatar\/1274acd7c62f3cac92d2b38aad20c71b?s=96&d=mm&r=g\",\"caption\":\"Karit\u00e1sz K\u00f6zpont\"},\"url\":\"https:\/\/karitaszkozpont.hu\/?author=1\"}]}<\/script>\n<!-- \/ Yoast SEO plugin. -->","yoast_head_json":{"title":"Karit\u00e1szos lelki nap Szent M\u00e1rton k\u00f6peny\u00e9n\u00e9l - Szent Erzs\u00e9bet Karit\u00e1sz K\u00f6zpont","robots":{"index":"index","follow":"follow","max-snippet":"max-snippet:-1","max-image-preview":"max-image-preview:large","max-video-preview":"max-video-preview:-1"},"canonical":"https:\/\/karitaszkozpont.hu\/?p=2993","og_locale":"hu_HU","og_type":"article","og_title":"Karit\u00e1szos lelki nap Szent M\u00e1rton k\u00f6peny\u00e9n\u00e9l - Szent Erzs\u00e9bet Karit\u00e1sz K\u00f6zpont","og_description":"Karit\u00e1szos lelki nap Szent M\u00e1rton k\u00f6peny\u00e9n\u00e9l&nbsp; Sz\u00f3da J\u00f3zsefn\u00e9 karit\u00e1sz \u00f6nk\u00e9ntes\u00fcnk besz\u00e1mol\u00f3ja&nbsp; A Szent Erzs\u00e9bet Karit\u00e1sz K\u00f6zpont igazgat\u00f3j\u00e1nak, Csorba G\u00e1bornak \u00e9s M\u00e1rton Andrea irodavezet\u0151nek nagyszer\u0171 kezdem\u00e9nyez\u00e9s\u00e9re 2023, j\u00falius 13.-\u00e1n, lelkinapot szervezt\u00fcnk az iroda munkat\u00e1rsainak \u00e9s az egyh\u00e1zmegye Karit\u00e1sz R\u00e9gi\u00f3 vezet\u0151inek az Esztergom-baj\u00f3ti r\u00e9gi\u00f3hoz tartoz\u00f3 Tokodon, a Szent M\u00e1rton pl\u00e9b\u00e1ni\u00e1n. A vend\u00e9geket a helyi karit\u00e1sz csoportvezet\u0151, Robotka &hellip; Continue reading \"Karit\u00e1szos lelki nap Szent M\u00e1rton k\u00f6peny\u00e9n\u00e9l\"","og_url":"https:\/\/karitaszkozpont.hu\/?p=2993","og_site_name":"Szent Erzs\u00e9bet Karit\u00e1sz K\u00f6zpont","article_published_time":"2023-07-23T13:06:12+00:00","article_modified_time":"2023-07-23T13:06:41+00:00","og_image":[{"width":2560,"height":1707,"url":"https:\/\/karitaszkozpont.hu\/wp-content\/uploads\/2023\/07\/MG_0442-scaled.jpg","type":"image\/jpeg"}],"author":"Karit\u00e1sz K\u00f6zpont","twitter_card":"summary_large_image","twitter_misc":{"Szerz\u0151:":"Karit\u00e1sz K\u00f6zpont","Becs\u00fclt olvas\u00e1si id\u0151":"2 perc"},"schema":{"@context":"https:\/\/schema.org","@graph":[{"@type":"Article","@id":"https:\/\/karitaszkozpont.hu\/?p=2993#article","isPartOf":{"@id":"https:\/\/karitaszkozpont.hu\/?p=2993"},"author":{"name":"Karit\u00e1sz K\u00f6zpont","@id":"https:\/\/karitaszkozpont.hu\/#\/schema\/person\/0d9c28244c111914ea13bb1248775e57"},"headline":"Karit\u00e1szos lelki nap Szent M\u00e1rton k\u00f6peny\u00e9n\u00e9l","datePublished":"2023-07-23T13:06:12+00:00","dateModified":"2023-07-23T13:06:41+00:00","mainEntityOfPage":{"@id":"https:\/\/karitaszkozpont.hu\/?p=2993"},"wordCount":529,"publisher":{"@id":"https:\/\/karitaszkozpont.hu\/#organization"},"articleSection":["H\u00edrek"],"inLanguage":"hu"},{"@type":"WebPage","@id":"https:\/\/karitaszkozpont.hu\/?p=2993","url":"https:\/\/karitaszkozpont.hu\/?p=2993","name":"Karit\u00e1szos lelki nap Szent M\u00e1rton k\u00f6peny\u00e9n\u00e9l - Szent Erzs\u00e9bet Karit\u00e1sz K\u00f6zpont","isPartOf":{"@id":"https:\/\/karitaszkozpont.hu\/#website"},"datePublished":"2023-07-23T13:06:12+00:00","dateModified":"2023-07-23T13:06:41+00:00","breadcrumb":{"@id":"https:\/\/karitaszkozpont.hu\/?p=2993#breadcrumb"},"inLanguage":"hu","potentialAction":[{"@type":"ReadAction","target":["https:\/\/karitaszkozpont.hu\/?p=2993"]}]},{"@type":"BreadcrumbList","@id":"https:\/\/karitaszkozpont.hu\/?p=2993#breadcrumb","itemListElement":[{"@type":"ListItem","position":1,"name":"Kezd\u0151lap","item":"https:\/\/karitaszkozpont.hu\/"},{"@type":"ListItem","position":2,"name":"Karit\u00e1szos lelki nap Szent M\u00e1rton k\u00f6peny\u00e9n\u00e9l"}]},{"@type":"WebSite","@id":"https:\/\/karitaszkozpont.hu\/#website","url":"https:\/\/karitaszkozpont.hu\/","name":"Szent Erzs\u00e9bet Karit\u00e1sz K\u00f6zpont","description":"Esztergom-Budapesti F\u0151egyh\u00e1zmegye","publisher":{"@id":"https:\/\/karitaszkozpont.hu\/#organization"},"potentialAction":[{"@type":"SearchAction","target":{"@type":"EntryPoint","urlTemplate":"https:\/\/karitaszkozpont.hu\/?s={search_term_string}"},"query-input":"required name=search_term_string"}],"inLanguage":"hu"},{"@type":"Organization","@id":"https:\/\/karitaszkozpont.hu\/#organization","name":"Szent Erzs\u00e9bet Karit\u00e1sz K\u00f6zpont","url":"https:\/\/karitaszkozpont.hu\/","logo":{"@type":"ImageObject","inLanguage":"hu","@id":"https:\/\/karitaszkozpont.hu\/#\/schema\/logo\/image\/","url":"https:\/\/karitaszkp.hu\/wp-content\/uploads\/2019\/06\/cropped-logo-arnyekos-1.png","contentUrl":"https:\/\/karitaszkp.hu\/wp-content\/uploads\/2019\/06\/cropped-logo-arnyekos-1.png","width":240,"height":247,"caption":"Szent Erzs\u00e9bet Karit\u00e1sz K\u00f6zpont"},"image":{"@id":"https:\/\/karitaszkozpont.hu\/#\/schema\/logo\/image\/"}},{"@type":"Person","@id":"https:\/\/karitaszkozpont.hu\/#\/schema\/person\/0d9c28244c111914ea13bb1248775e57","name":"Karit\u00e1sz K\u00f6zpont","image":{"@type":"ImageObject","inLanguage":"hu","@id":"https:\/\/karitaszkozpont.hu\/#\/schema\/person\/image\/","url":"https:\/\/secure.gravatar.com\/avatar\/1274acd7c62f3cac92d2b38aad20c71b?s=96&d=mm&r=g","contentUrl":"https:\/\/secure.gravatar.com\/avatar\/1274acd7c62f3cac92d2b38aad20c71b?s=96&d=mm&r=g","caption":"Karit\u00e1sz K\u00f6zpont"},"url":"https:\/\/karitaszkozpont.hu\/?author=1"}]}},"_links":{"self":[{"href":"https:\/\/karitaszkozpont.hu\/index.php?rest_route=\/wp\/v2\/posts\/2993"}],"collection":[{"href":"https:\/\/karitaszkozpont.hu\/index.php?rest_route=\/wp\/v2\/posts"}],"about":[{"href":"https:\/\/karitaszkozpont.hu\/index.php?rest_route=\/wp\/v2\/types\/post"}],"author":[{"embeddable":true,"href":"https:\/\/karitaszkozpont.hu\/index.php?rest_route=\/wp\/v2\/users\/1"}],"replies":[{"embeddable":true,"href":"https:\/\/karitaszkozpont.hu\/index.php?rest_route=%2Fwp%2Fv2%2Fcomments&post=2993"}],"version-history":[{"count":1,"href":"https:\/\/karitaszkozpont.hu\/index.php?rest_route=\/wp\/v2\/posts\/2993\/revisions"}],"predecessor-version":[{"id":3001,"href":"https:\/\/karitaszkozpont.hu\/index.php?rest_route=\/wp\/v2\/posts\/2993\/revisions\/3001"}],"wp:featuredmedia":[{"embeddable":true,"href":"https:\/\/karitaszkozpont.hu\/index.php?rest_route=\/wp\/v2\/media\/2994"}],"wp:attachment":[{"href":"https:\/\/karitaszkozpont.hu\/index.php?rest_route=%2Fwp%2Fv2%2Fmedia&parent=2993"}],"wp:term":[{"taxonomy":"category","embeddable":true,"href":"https:\/\/karitaszkozpont.hu\/index.php?rest_route=%2Fwp%2Fv2%2Fcategories&post=2993"},{"taxonomy":"post_tag","embeddable":true,"href":"https:\/\/karitaszkozpont.hu\/index.php?rest_route=%2Fwp%2Fv2%2Ftags&post=2993"}],"curies":[{"name":"wp","href":"https:\/\/api.w.org\/{rel}","templated":true}]}}