{"id":2981,"date":"2023-07-20T09:21:13","date_gmt":"2023-07-20T07:21:13","guid":{"rendered":"https:\/\/karitaszkp.hu\/?p=2981"},"modified":"2023-07-20T09:30:19","modified_gmt":"2023-07-20T07:30:19","slug":"beiskolazas-program-adomanygyujtes","status":"publish","type":"post","link":"https:\/\/karitaszkozpont.hu\/?p=2981","title":{"rendered":"Beiskol\u00e1z\u00e1s program adom\u00e1nygy\u0171jt\u00e9s"},"content":{"rendered":"\n<p class=\"has-white-color has-vivid-red-background-color has-text-color has-background has-medium-font-size\"><strong>Beiskol\u00e1z\u00e1s program adom\u00e1nygy\u0171jt\u00e9s<\/strong><\/p>\n\n\n\n<p><strong>Kedves Karit\u00e1sz R\u00e9gi\u00f3vezet\u0151k!<\/strong><\/p>\n\n\n\n<p>Itt a ny\u00e1r, de a Szent Erzs\u00e9bet Karit\u00e1sz K\u00f6zpont m\u00e1r gondol az \u00faj iskola\u00e9vre, \u00e9s az idei \u00e9vben is tervezi a beiskol\u00e1z\u00e1si program megval\u00f3s\u00edt\u00e1s\u00e1t.<\/p>\n\n\n\n<p><strong>Gy\u0171jt\u00fcnk:<\/strong><\/p>\n\n\n\n<ul>\n<li>tolltart\u00f3kat,<\/li>\n\n\n\n<li>iskolat\u00e1sk\u00e1kat,<\/li>\n\n\n\n<li>ceruz\u00e1kat, sz\u00edneseket, tollakat<\/li>\n\n\n\n<li>f\u00fczeteket,<\/li>\n\n\n\n<li>egy\u00e9b iskolaszereket<\/li>\n\n\n\n<li>\u00edr\u00f3asztal, sz\u00e9kek<\/li>\n\n\n\n<li>laptop, Tablet<\/li>\n<\/ul>\n\n\n\n<p>\u00d6r\u00f6mmel fogadjuk t\u00e1rgyi adom\u00e1nyokat vagy p\u00e9nzbeli t\u00e1mogat\u00e1st az OTP Bank ZRT-n\u00e9l vezetett banksz\u00e1ml\u00e1ra: 11706016-20468198, k\u00f6zlem\u00e9nybe \u00edrj\u00e1k bele, hogy \u201eBeiskol\u00e1z\u00e1si program\u201d.<\/p>\n\n\n\n<p class=\"has-background\" style=\"background-color:#cacaca\">Gy\u0171jt\u0151pontok:<\/p>\n\n\n\n<p>Szent Erzs\u00e9bet Karit\u00e1sz K\u00f6zpont<\/p>\n\n\n\n<p>1033 Budapest, Szentendrei \u00fat 69-71.<\/p>\n\n\n\n<p>Minden munkanapon: 9.00-15.00 -ig<\/p>\n\n\n\n<hr class=\"wp-block-separator has-alpha-channel-opacity\"\/>\n\n\n\n<p>Esztergomi Karit\u00e1sz H\u00e1z<\/p>\n\n\n\n<p>2500 Esztergom, Simor J\u00e1nos utca 126.<\/p>\n\n\n\n<p>Minden munkanapon: 9.00-15.00 -ig<\/p>\n\n\n\n<hr class=\"wp-block-separator has-alpha-channel-opacity\"\/>\n\n\n\n<p><\/p>\n\n\n\n<p>Felaj\u00e1nl\u00e1sokat: 2023. augusztus 31.&nbsp;-ig v\u00e1rjuk.<\/p>\n\n\n\n<p><\/p>\n\n\n\n<p>\u00dcdv\u00f6zlettel:<\/p>\n\n\n\n<p>Andrea<\/p>\n","protected":false},"excerpt":{"rendered":"<p>Beiskol\u00e1z\u00e1s program adom\u00e1nygy\u0171jt\u00e9s Kedves Karit\u00e1sz R\u00e9gi\u00f3vezet\u0151k! Itt a ny\u00e1r, de a Szent Erzs\u00e9bet Karit\u00e1sz K\u00f6zpont m\u00e1r gondol az \u00faj iskola\u00e9vre, \u00e9s az idei \u00e9vben is tervezi a beiskol\u00e1z\u00e1si program megval\u00f3s\u00edt\u00e1s\u00e1t. Gy\u0171jt\u00fcnk: \u00d6r\u00f6mmel fogadjuk t\u00e1rgyi adom\u00e1nyokat vagy p\u00e9nzbeli t\u00e1mogat\u00e1st az OTP Bank ZRT-n\u00e9l vezetett banksz\u00e1ml\u00e1ra: 11706016-20468198, k\u00f6zlem\u00e9nybe \u00edrj\u00e1k bele, hogy \u201eBeiskol\u00e1z\u00e1si program\u201d. Gy\u0171jt\u0151pontok: Szent Erzs\u00e9bet Karit\u00e1sz &hellip; <\/p>\n<p class=\"link-more\"><a href=\"https:\/\/karitaszkozpont.hu\/?p=2981\" class=\"more-link\">Continue reading<span class=\"screen-reader-text\"> &#8222;Beiskol\u00e1z\u00e1s program adom\u00e1nygy\u0171jt\u00e9s&#8221;<\/span><\/a><\/p>\n","protected":false},"author":1,"featured_media":674,"comment_status":"closed","ping_status":"open","sticky":false,"template":"","format":"standard","meta":[],"categories":[4],"tags":[],"yoast_head":"<!-- This site is optimized with the Yoast SEO plugin v20.1 - https:\/\/yoast.com\/wordpress\/plugins\/seo\/ -->\n<title>Beiskol\u00e1z\u00e1s program adom\u00e1nygy\u0171jt\u00e9s - Szent Erzs\u00e9bet Karit\u00e1sz K\u00f6zpont<\/title>\n<meta name=\"robots\" content=\"index, follow, max-snippet:-1, max-image-preview:large, max-video-preview:-1\" \/>\n<link rel=\"canonical\" href=\"https:\/\/karitaszkozpont.hu\/?p=2981\" \/>\n<meta property=\"og:locale\" content=\"hu_HU\" \/>\n<meta property=\"og:type\" content=\"article\" \/>\n<meta property=\"og:title\" content=\"Beiskol\u00e1z\u00e1s program adom\u00e1nygy\u0171jt\u00e9s - Szent Erzs\u00e9bet Karit\u00e1sz K\u00f6zpont\" \/>\n<meta property=\"og:description\" content=\"Beiskol\u00e1z\u00e1s program adom\u00e1nygy\u0171jt\u00e9s Kedves Karit\u00e1sz R\u00e9gi\u00f3vezet\u0151k! Itt a ny\u00e1r, de a Szent Erzs\u00e9bet Karit\u00e1sz K\u00f6zpont m\u00e1r gondol az \u00faj iskola\u00e9vre, \u00e9s az idei \u00e9vben is tervezi a beiskol\u00e1z\u00e1si program megval\u00f3s\u00edt\u00e1s\u00e1t. Gy\u0171jt\u00fcnk: \u00d6r\u00f6mmel fogadjuk t\u00e1rgyi adom\u00e1nyokat vagy p\u00e9nzbeli t\u00e1mogat\u00e1st az OTP Bank ZRT-n\u00e9l vezetett banksz\u00e1ml\u00e1ra: 11706016-20468198, k\u00f6zlem\u00e9nybe \u00edrj\u00e1k bele, hogy \u201eBeiskol\u00e1z\u00e1si program\u201d. Gy\u0171jt\u0151pontok: Szent Erzs\u00e9bet Karit\u00e1sz &hellip; Continue reading &quot;Beiskol\u00e1z\u00e1s program adom\u00e1nygy\u0171jt\u00e9s&quot;\" \/>\n<meta property=\"og:url\" content=\"https:\/\/karitaszkozpont.hu\/?p=2981\" \/>\n<meta property=\"og:site_name\" content=\"Szent Erzs\u00e9bet Karit\u00e1sz K\u00f6zpont\" \/>\n<meta property=\"article:published_time\" content=\"2023-07-20T07:21:13+00:00\" \/>\n<meta property=\"article:modified_time\" content=\"2023-07-20T07:30:19+00:00\" \/>\n<meta property=\"og:image\" content=\"https:\/\/karitaszkozpont.hu\/wp-content\/uploads\/2020\/07\/unnamed.jpg\" \/>\n\t<meta property=\"og:image:width\" content=\"512\" \/>\n\t<meta property=\"og:image:height\" content=\"308\" \/>\n\t<meta property=\"og:image:type\" content=\"image\/jpeg\" \/>\n<meta name=\"author\" content=\"Karit\u00e1sz K\u00f6zpont\" \/>\n<meta name=\"twitter:card\" content=\"summary_large_image\" \/>\n<meta name=\"twitter:label1\" content=\"Szerz\u0151:\" \/>\n\t<meta name=\"twitter:data1\" content=\"Karit\u00e1sz K\u00f6zpont\" \/>\n\t<meta name=\"twitter:label2\" content=\"Becs\u00fclt olvas\u00e1si id\u0151\" \/>\n\t<meta name=\"twitter:data2\" content=\"1 perc\" \/>\n<script type=\"application\/ld+json\" class=\"yoast-schema-graph\">{\"@context\":\"https:\/\/schema.org\",\"@graph\":[{\"@type\":\"Article\",\"@id\":\"https:\/\/karitaszkozpont.hu\/?p=2981#article\",\"isPartOf\":{\"@id\":\"https:\/\/karitaszkozpont.hu\/?p=2981\"},\"author\":{\"name\":\"Karit\u00e1sz K\u00f6zpont\",\"@id\":\"https:\/\/karitaszkozpont.hu\/#\/schema\/person\/0d9c28244c111914ea13bb1248775e57\"},\"headline\":\"Beiskol\u00e1z\u00e1s program adom\u00e1nygy\u0171jt\u00e9s\",\"datePublished\":\"2023-07-20T07:21:13+00:00\",\"dateModified\":\"2023-07-20T07:30:19+00:00\",\"mainEntityOfPage\":{\"@id\":\"https:\/\/karitaszkozpont.hu\/?p=2981\"},\"wordCount\":160,\"publisher\":{\"@id\":\"https:\/\/karitaszkozpont.hu\/#organization\"},\"articleSection\":[\"H\u00edrek\"],\"inLanguage\":\"hu\"},{\"@type\":\"WebPage\",\"@id\":\"https:\/\/karitaszkozpont.hu\/?p=2981\",\"url\":\"https:\/\/karitaszkozpont.hu\/?p=2981\",\"name\":\"Beiskol\u00e1z\u00e1s program adom\u00e1nygy\u0171jt\u00e9s - Szent Erzs\u00e9bet Karit\u00e1sz K\u00f6zpont\",\"isPartOf\":{\"@id\":\"https:\/\/karitaszkozpont.hu\/#website\"},\"datePublished\":\"2023-07-20T07:21:13+00:00\",\"dateModified\":\"2023-07-20T07:30:19+00:00\",\"breadcrumb\":{\"@id\":\"https:\/\/karitaszkozpont.hu\/?p=2981#breadcrumb\"},\"inLanguage\":\"hu\",\"potentialAction\":[{\"@type\":\"ReadAction\",\"target\":[\"https:\/\/karitaszkozpont.hu\/?p=2981\"]}]},{\"@type\":\"BreadcrumbList\",\"@id\":\"https:\/\/karitaszkozpont.hu\/?p=2981#breadcrumb\",\"itemListElement\":[{\"@type\":\"ListItem\",\"position\":1,\"name\":\"Kezd\u0151lap\",\"item\":\"https:\/\/karitaszkozpont.hu\/\"},{\"@type\":\"ListItem\",\"position\":2,\"name\":\"Beiskol\u00e1z\u00e1s program adom\u00e1nygy\u0171jt\u00e9s\"}]},{\"@type\":\"WebSite\",\"@id\":\"https:\/\/karitaszkozpont.hu\/#website\",\"url\":\"https:\/\/karitaszkozpont.hu\/\",\"name\":\"Szent Erzs\u00e9bet Karit\u00e1sz K\u00f6zpont\",\"description\":\"Esztergom-Budapesti F\u0151egyh\u00e1zmegye\",\"publisher\":{\"@id\":\"https:\/\/karitaszkozpont.hu\/#organization\"},\"potentialAction\":[{\"@type\":\"SearchAction\",\"target\":{\"@type\":\"EntryPoint\",\"urlTemplate\":\"https:\/\/karitaszkozpont.hu\/?s={search_term_string}\"},\"query-input\":\"required name=search_term_string\"}],\"inLanguage\":\"hu\"},{\"@type\":\"Organization\",\"@id\":\"https:\/\/karitaszkozpont.hu\/#organization\",\"name\":\"Szent Erzs\u00e9bet Karit\u00e1sz K\u00f6zpont\",\"url\":\"https:\/\/karitaszkozpont.hu\/\",\"logo\":{\"@type\":\"ImageObject\",\"inLanguage\":\"hu\",\"@id\":\"https:\/\/karitaszkozpont.hu\/#\/schema\/logo\/image\/\",\"url\":\"https:\/\/karitaszkp.hu\/wp-content\/uploads\/2019\/06\/cropped-logo-arnyekos-1.png\",\"contentUrl\":\"https:\/\/karitaszkp.hu\/wp-content\/uploads\/2019\/06\/cropped-logo-arnyekos-1.png\",\"width\":240,\"height\":247,\"caption\":\"Szent Erzs\u00e9bet Karit\u00e1sz K\u00f6zpont\"},\"image\":{\"@id\":\"https:\/\/karitaszkozpont.hu\/#\/schema\/logo\/image\/\"}},{\"@type\":\"Person\",\"@id\":\"https:\/\/karitaszkozpont.hu\/#\/schema\/person\/0d9c28244c111914ea13bb1248775e57\",\"name\":\"Karit\u00e1sz K\u00f6zpont\",\"image\":{\"@type\":\"ImageObject\",\"inLanguage\":\"hu\",\"@id\":\"https:\/\/karitaszkozpont.hu\/#\/schema\/person\/image\/\",\"url\":\"https:\/\/secure.gravatar.com\/avatar\/1274acd7c62f3cac92d2b38aad20c71b?s=96&d=mm&r=g\",\"contentUrl\":\"https:\/\/secure.gravatar.com\/avatar\/1274acd7c62f3cac92d2b38aad20c71b?s=96&d=mm&r=g\",\"caption\":\"Karit\u00e1sz K\u00f6zpont\"},\"url\":\"https:\/\/karitaszkozpont.hu\/?author=1\"}]}<\/script>\n<!-- \/ Yoast SEO plugin. -->","yoast_head_json":{"title":"Beiskol\u00e1z\u00e1s program adom\u00e1nygy\u0171jt\u00e9s - Szent Erzs\u00e9bet Karit\u00e1sz K\u00f6zpont","robots":{"index":"index","follow":"follow","max-snippet":"max-snippet:-1","max-image-preview":"max-image-preview:large","max-video-preview":"max-video-preview:-1"},"canonical":"https:\/\/karitaszkozpont.hu\/?p=2981","og_locale":"hu_HU","og_type":"article","og_title":"Beiskol\u00e1z\u00e1s program adom\u00e1nygy\u0171jt\u00e9s - Szent Erzs\u00e9bet Karit\u00e1sz K\u00f6zpont","og_description":"Beiskol\u00e1z\u00e1s program adom\u00e1nygy\u0171jt\u00e9s Kedves Karit\u00e1sz R\u00e9gi\u00f3vezet\u0151k! Itt a ny\u00e1r, de a Szent Erzs\u00e9bet Karit\u00e1sz K\u00f6zpont m\u00e1r gondol az \u00faj iskola\u00e9vre, \u00e9s az idei \u00e9vben is tervezi a beiskol\u00e1z\u00e1si program megval\u00f3s\u00edt\u00e1s\u00e1t. Gy\u0171jt\u00fcnk: \u00d6r\u00f6mmel fogadjuk t\u00e1rgyi adom\u00e1nyokat vagy p\u00e9nzbeli t\u00e1mogat\u00e1st az OTP Bank ZRT-n\u00e9l vezetett banksz\u00e1ml\u00e1ra: 11706016-20468198, k\u00f6zlem\u00e9nybe \u00edrj\u00e1k bele, hogy \u201eBeiskol\u00e1z\u00e1si program\u201d. Gy\u0171jt\u0151pontok: Szent Erzs\u00e9bet Karit\u00e1sz &hellip; Continue reading \"Beiskol\u00e1z\u00e1s program adom\u00e1nygy\u0171jt\u00e9s\"","og_url":"https:\/\/karitaszkozpont.hu\/?p=2981","og_site_name":"Szent Erzs\u00e9bet Karit\u00e1sz K\u00f6zpont","article_published_time":"2023-07-20T07:21:13+00:00","article_modified_time":"2023-07-20T07:30:19+00:00","og_image":[{"width":512,"height":308,"url":"https:\/\/karitaszkozpont.hu\/wp-content\/uploads\/2020\/07\/unnamed.jpg","type":"image\/jpeg"}],"author":"Karit\u00e1sz K\u00f6zpont","twitter_card":"summary_large_image","twitter_misc":{"Szerz\u0151:":"Karit\u00e1sz K\u00f6zpont","Becs\u00fclt olvas\u00e1si id\u0151":"1 perc"},"schema":{"@context":"https:\/\/schema.org","@graph":[{"@type":"Article","@id":"https:\/\/karitaszkozpont.hu\/?p=2981#article","isPartOf":{"@id":"https:\/\/karitaszkozpont.hu\/?p=2981"},"author":{"name":"Karit\u00e1sz K\u00f6zpont","@id":"https:\/\/karitaszkozpont.hu\/#\/schema\/person\/0d9c28244c111914ea13bb1248775e57"},"headline":"Beiskol\u00e1z\u00e1s program adom\u00e1nygy\u0171jt\u00e9s","datePublished":"2023-07-20T07:21:13+00:00","dateModified":"2023-07-20T07:30:19+00:00","mainEntityOfPage":{"@id":"https:\/\/karitaszkozpont.hu\/?p=2981"},"wordCount":160,"publisher":{"@id":"https:\/\/karitaszkozpont.hu\/#organization"},"articleSection":["H\u00edrek"],"inLanguage":"hu"},{"@type":"WebPage","@id":"https:\/\/karitaszkozpont.hu\/?p=2981","url":"https:\/\/karitaszkozpont.hu\/?p=2981","name":"Beiskol\u00e1z\u00e1s program adom\u00e1nygy\u0171jt\u00e9s - Szent Erzs\u00e9bet Karit\u00e1sz K\u00f6zpont","isPartOf":{"@id":"https:\/\/karitaszkozpont.hu\/#website"},"datePublished":"2023-07-20T07:21:13+00:00","dateModified":"2023-07-20T07:30:19+00:00","breadcrumb":{"@id":"https:\/\/karitaszkozpont.hu\/?p=2981#breadcrumb"},"inLanguage":"hu","potentialAction":[{"@type":"ReadAction","target":["https:\/\/karitaszkozpont.hu\/?p=2981"]}]},{"@type":"BreadcrumbList","@id":"https:\/\/karitaszkozpont.hu\/?p=2981#breadcrumb","itemListElement":[{"@type":"ListItem","position":1,"name":"Kezd\u0151lap","item":"https:\/\/karitaszkozpont.hu\/"},{"@type":"ListItem","position":2,"name":"Beiskol\u00e1z\u00e1s program adom\u00e1nygy\u0171jt\u00e9s"}]},{"@type":"WebSite","@id":"https:\/\/karitaszkozpont.hu\/#website","url":"https:\/\/karitaszkozpont.hu\/","name":"Szent Erzs\u00e9bet Karit\u00e1sz K\u00f6zpont","description":"Esztergom-Budapesti F\u0151egyh\u00e1zmegye","publisher":{"@id":"https:\/\/karitaszkozpont.hu\/#organization"},"potentialAction":[{"@type":"SearchAction","target":{"@type":"EntryPoint","urlTemplate":"https:\/\/karitaszkozpont.hu\/?s={search_term_string}"},"query-input":"required name=search_term_string"}],"inLanguage":"hu"},{"@type":"Organization","@id":"https:\/\/karitaszkozpont.hu\/#organization","name":"Szent Erzs\u00e9bet Karit\u00e1sz K\u00f6zpont","url":"https:\/\/karitaszkozpont.hu\/","logo":{"@type":"ImageObject","inLanguage":"hu","@id":"https:\/\/karitaszkozpont.hu\/#\/schema\/logo\/image\/","url":"https:\/\/karitaszkp.hu\/wp-content\/uploads\/2019\/06\/cropped-logo-arnyekos-1.png","contentUrl":"https:\/\/karitaszkp.hu\/wp-content\/uploads\/2019\/06\/cropped-logo-arnyekos-1.png","width":240,"height":247,"caption":"Szent Erzs\u00e9bet Karit\u00e1sz K\u00f6zpont"},"image":{"@id":"https:\/\/karitaszkozpont.hu\/#\/schema\/logo\/image\/"}},{"@type":"Person","@id":"https:\/\/karitaszkozpont.hu\/#\/schema\/person\/0d9c28244c111914ea13bb1248775e57","name":"Karit\u00e1sz K\u00f6zpont","image":{"@type":"ImageObject","inLanguage":"hu","@id":"https:\/\/karitaszkozpont.hu\/#\/schema\/person\/image\/","url":"https:\/\/secure.gravatar.com\/avatar\/1274acd7c62f3cac92d2b38aad20c71b?s=96&d=mm&r=g","contentUrl":"https:\/\/secure.gravatar.com\/avatar\/1274acd7c62f3cac92d2b38aad20c71b?s=96&d=mm&r=g","caption":"Karit\u00e1sz K\u00f6zpont"},"url":"https:\/\/karitaszkozpont.hu\/?author=1"}]}},"_links":{"self":[{"href":"https:\/\/karitaszkozpont.hu\/index.php?rest_route=\/wp\/v2\/posts\/2981"}],"collection":[{"href":"https:\/\/karitaszkozpont.hu\/index.php?rest_route=\/wp\/v2\/posts"}],"about":[{"href":"https:\/\/karitaszkozpont.hu\/index.php?rest_route=\/wp\/v2\/types\/post"}],"author":[{"embeddable":true,"href":"https:\/\/karitaszkozpont.hu\/index.php?rest_route=\/wp\/v2\/users\/1"}],"replies":[{"embeddable":true,"href":"https:\/\/karitaszkozpont.hu\/index.php?rest_route=%2Fwp%2Fv2%2Fcomments&post=2981"}],"version-history":[{"count":3,"href":"https:\/\/karitaszkozpont.hu\/index.php?rest_route=\/wp\/v2\/posts\/2981\/revisions"}],"predecessor-version":[{"id":2992,"href":"https:\/\/karitaszkozpont.hu\/index.php?rest_route=\/wp\/v2\/posts\/2981\/revisions\/2992"}],"wp:featuredmedia":[{"embeddable":true,"href":"https:\/\/karitaszkozpont.hu\/index.php?rest_route=\/wp\/v2\/media\/674"}],"wp:attachment":[{"href":"https:\/\/karitaszkozpont.hu\/index.php?rest_route=%2Fwp%2Fv2%2Fmedia&parent=2981"}],"wp:term":[{"taxonomy":"category","embeddable":true,"href":"https:\/\/karitaszkozpont.hu\/index.php?rest_route=%2Fwp%2Fv2%2Fcategories&post=2981"},{"taxonomy":"post_tag","embeddable":true,"href":"https:\/\/karitaszkozpont.hu\/index.php?rest_route=%2Fwp%2Fv2%2Ftags&post=2981"}],"curies":[{"name":"wp","href":"https:\/\/api.w.org\/{rel}","templated":true}]}}