{"id":2976,"date":"2023-07-15T09:57:53","date_gmt":"2023-07-15T07:57:53","guid":{"rendered":"https:\/\/karitaszkp.hu\/?p=2976"},"modified":"2023-07-15T09:57:54","modified_gmt":"2023-07-15T07:57:54","slug":"karitasztabor-az-ujpalotai-boldog-salkahazi-sara-plebanian","status":"publish","type":"post","link":"https:\/\/karitaszkozpont.hu\/?p=2976","title":{"rendered":"<strong>Karit\u00e1szt\u00e1bor az \u00fajpalotai Boldog Salkah\u00e1zi S\u00e1ra pl\u00e9b\u00e1ni\u00e1n<\/strong>"},"content":{"rendered":"\n<p class=\"has-white-color has-vivid-red-background-color has-text-color has-background has-medium-font-size\"><strong>Karit\u00e1szt\u00e1bor az \u00fajpalotai Boldog Salkah\u00e1zi S\u00e1ra pl\u00e9b\u00e1ni\u00e1n<\/strong><\/p>\n\n\n\n<p>Kapronczai Gabriella,<\/p>\n\n\n\n<p>az \u00fajpalotai Szent Pio karit\u00e1szcsoport vezet\u0151j\u00e9nek \u00edr\u00e1sa:<\/p>\n\n\n\n<p>Az \u00dajpalotai Boldog Salkah\u00e1zi S\u00e1ra pl\u00e9b\u00e1nia a fiatal pl\u00e9b\u00e1ni\u00e1k k\u00f6z\u00e9 tartozik. Szentel\u00e9se 2008 kar\u00e1csony\u00e1n t\u00f6rt\u00e9nt meg, A pl\u00e9b\u00e1nosi feladatokat a kezdetekt\u0151l fogva ell\u00e1t\u00f3 Repcsik Gyula atya mindig k\u00f6zponti k\u00e9rd\u00e9snek tartotta a gyermekekkel val\u00f3 foglalkoz\u00e1st, ez\u00e9rt m\u00e1r a templom felszentel\u00e9s\u00e9t k\u00f6vet\u0151 ny\u00e1ron, 2009-ben hitoktat\u00f3k bevon\u00e1s\u00e1val megszervezte a templomba j\u00e1r\u00f3 gyermekek \u00e9s t\u00e1rsaik sz\u00e1m\u00e1ra az egy hetes hittanos t\u00e1bort. \u00cdgy 2023-ban m\u00e1r a 15. t\u00e1bort tartottuk. M\u00edg az els\u0151 \u00e9vekben csak n\u00e9h\u00e1ny gyermek vett r\u00e9szt, m\u00e1ra ez a sz\u00e1m m\u00e1r 48-ra emelkedett.<\/p>\n\n\n\n<p>Az idei m\u00e1r a m\u00e1sodik olyan t\u00e1boroz\u00e1s volt, amelyet a pl\u00e9b\u00e1nia Szent Pi\u00f3 karit\u00e1szcsoportja \u00e9s pl\u00e9b\u00e1nos atya k\u00f6z\u00f6sen beny\u00fajtott p\u00e1ly\u00e1zata alapj\u00e1n az <a href=\"https:\/\/www.facebook.com\/szenterzsebetkaritaszkozpont?__cft__%5b0%5d=AZUt92VNQS2DY8WUwZdRBOQ_lakdb664SXqpQptzwNUCfrdAeXPJxn8nUNlAUfyoujpOnX-L9qvVphDRtjgw02-1-C_7P0upMjIE3EPAQ5WrOe3y9c3mpvKCiHZKtqFdgKNx22uz-2w5U1IBL1E8yq8GoT1eH8l4sea-R3mwivnUQW61wFiG1f772-VtY7DM9wM&amp;__tn__=-%5dK-R\">Esztergom-Budapesti F\u0151egyh\u00e1zmegye Szent Erzs\u00e9bet Karit\u00e1sz K\u00f6zpont<\/a> t\u00e1mogatott.<\/p>\n\n\n\n<p>A t\u00e1borra 2023. j\u00fanius 26. \u00e9s 30. k\u00f6z\u00f6tt ker\u00fclt sor. Gyula aty\u00e1t a t\u00e1boroz\u00e1s sikeres lebonyol\u00edt\u00e1s\u00e1ban 2 hitoktat\u00f3 \u00e9s 6 nagyobb ministr\u00e1ns, valamint egy papn\u00f6vend\u00e9k is seg\u00edtette. A t\u00e1boroz\u00e1son r\u00e9sztvev\u0151 gyermekek k\u00f6z\u00f6tt jelent\u0151s sz\u00e1mban vettek r\u00e9szt olyanok, akik csal\u00e1dj\u00e1t a pl\u00e9b\u00e1nia karit\u00e1szcsoportja rendszeresen seg\u00edti \u00e9lelmiszercsomagokkal, beiskol\u00e1z\u00e1si t\u00e1mogat\u00e1ssal, illetve egy\u00e9b eseti juttat\u00e1sokkal.<\/p>\n\n\n\n<p>A t\u00e1bor t\u00e9m\u00e1ja a XX.-XXI. sz\u00e1zad Szentaty\u00e1inak megismer\u00e9se volt, amely aktualit\u00e1s\u00e1t Ferenc p\u00e1pa magyarorsz\u00e1gi l\u00e1togat\u00e1sa jelentette. A gyerekek minden nap megismerkedtek az utols\u00f3 5 (VI. P\u00e1l, I. J\u00e1nos P\u00e1l, Szent II. J\u00e1nos P\u00e1l, XVI. Benedek \u00e9s Ferenc) p\u00e1pa k\u00f6z\u00fcl 1-1 \u00e9let\u00fatj\u00e1val, tan\u00edt\u00e1saival. Ferenc p\u00e1pa \u00e9let\u00fatj\u00e1nak ismertet\u00e9se sor\u00e1n karit\u00e1szcsoportunk tagjai \u00e9lm\u00e9nybesz\u00e1mol\u00f3t tartottak a R\u00f3zs\u00e1k terei tal\u00e1lkoz\u00f3r\u00f3l, valamint besz\u00e9ltek a Szentaty\u00e1nak a szeg\u00e9nyek fel\u00e9 t\u00f6rt\u00e9n\u0151 fordul\u00e1sr\u00f3l sz\u00f3l\u00f3 tan\u00edt\u00e1s\u00e1r\u00f3l. A gyerekek k\u00fcl\u00f6n ismereteket szereztek a papi rend fel\u00e9p\u00edt\u00e9s\u00e9r\u0151l, a p\u00e1pav\u00e1laszt\u00e1s menet\u00e9r\u0151l.<\/p>\n\n\n\n<figure class=\"wp-block-image size-large\"><img decoding=\"async\" loading=\"lazy\" width=\"1024\" height=\"473\" src=\"https:\/\/karitaszkp.hu\/wp-content\/uploads\/2023\/07\/347584881_653272806831127_3311204959430121192_n-1024x473.jpg\" alt=\"\" class=\"wp-image-2978\" srcset=\"https:\/\/karitaszkozpont.hu\/wp-content\/uploads\/2023\/07\/347584881_653272806831127_3311204959430121192_n-1024x473.jpg 1024w, https:\/\/karitaszkozpont.hu\/wp-content\/uploads\/2023\/07\/347584881_653272806831127_3311204959430121192_n-300x139.jpg 300w, https:\/\/karitaszkozpont.hu\/wp-content\/uploads\/2023\/07\/347584881_653272806831127_3311204959430121192_n-768x355.jpg 768w, https:\/\/karitaszkozpont.hu\/wp-content\/uploads\/2023\/07\/347584881_653272806831127_3311204959430121192_n-1536x709.jpg 1536w, https:\/\/karitaszkozpont.hu\/wp-content\/uploads\/2023\/07\/347584881_653272806831127_3311204959430121192_n-2048x946.jpg 2048w\" sizes=\"(max-width: 1024px) 100vw, 1024px\" \/><\/figure>\n\n\n\n<p>Term\u00e9szetesen nem maradhattak el a kir\u00e1ndul\u00e1sok, j\u00e1t\u00e9kok sem. A t\u00e1bor folyam\u00e1n kir\u00e1ndul\u00e1st tettek Pilisborosjen\u0151re, ahol megn\u00e9zt\u00e9k az egri v\u00e1r m\u00e1solat\u00e1t (itt forgatt\u00e1k annak idej\u00e9n az Egri Csillagok c. filmet). Ell\u00e1togattak Visegr\u00e1dra, ahol a palot\u00e1t n\u00e9zt\u00e9k meg, majd r\u00e9szt vettek egy M\u00e1ty\u00e1s kir\u00e1ly korabeli v\u00e1s\u00e1ron is, v\u00e9g\u00fcl a bobp\u00e1lya izgalmai v\u00e1rt\u00e1k a gyerekeket. Egyik nap a Magyar Zene H\u00e1z\u00e1ban tettek l\u00e1togat\u00e1st, ahol k\u00fcl\u00f6n\u00f6sen a magyar zene t\u00f6rt\u00e9net\u00e9t bemutat\u00f3 \u00e1lland\u00f3 ki\u00e1ll\u00edt\u00e1s ragadta meg a gyermekek figyelm\u00e9t. A ki\u00e1ll\u00edt\u00e1s megtekint\u00e9sekor minden ki\u00e1ll\u00edtott t\u00e1rgyat megfoghattak, a hangszereket kipr\u00f3b\u00e1lhatt\u00e1k, ezt nagyon \u00e9lvezt\u00e9k. A karit\u00e1sz t\u00e1mogat\u00e1s seg\u00edts\u00e9g\u00e9vel eljuthattak a IV. ker\u00fcletben tal\u00e1lhat\u00f3 Tarzan Parkba, ahol f\u00e1radtra ugr\u00e1lhatt\u00e1k magukat a k\u00fcl\u00f6nf\u00e9le szabadt\u00e9ri j\u00e1t\u00e9kokon.<\/p>\n\n\n\n<p>A t\u00e1boroz\u00e1s \u2013 a szok\u00e1soknak megfelel\u0151en \u2013 palacsint\u00e1z\u00e1ssal z\u00e1rult. Hagyom\u00e1ny, hogy a pl\u00e9b\u00e1nia id\u0151sebb h\u00edvei, illetve a sz\u00fcl\u0151k az utols\u00f3 napra palacsint\u00e1t s\u00fctnek. Mindegyik gyereknek jutott b\u0151ven, s\u0151t m\u00e9g n\u00e9mi hazavitelre is sor ker\u00fclhetett. Ebb\u0151l is l\u00e1that\u00f3, hogy a templom k\u00f6z\u00f6ss\u00e9ge mennyire sz\u00edv\u00e9n viseli a gyermekek \u00f6r\u00f6mteli t\u00e1boroz\u00e1s\u00e1t.&#8221;<\/p>\n","protected":false},"excerpt":{"rendered":"<p>Karit\u00e1szt\u00e1bor az \u00fajpalotai Boldog Salkah\u00e1zi S\u00e1ra pl\u00e9b\u00e1ni\u00e1n Kapronczai Gabriella, az \u00fajpalotai Szent Pio karit\u00e1szcsoport vezet\u0151j\u00e9nek \u00edr\u00e1sa: Az \u00dajpalotai Boldog Salkah\u00e1zi S\u00e1ra pl\u00e9b\u00e1nia a fiatal pl\u00e9b\u00e1ni\u00e1k k\u00f6z\u00e9 tartozik. Szentel\u00e9se 2008 kar\u00e1csony\u00e1n t\u00f6rt\u00e9nt meg, A pl\u00e9b\u00e1nosi feladatokat a kezdetekt\u0151l fogva ell\u00e1t\u00f3 Repcsik Gyula atya mindig k\u00f6zponti k\u00e9rd\u00e9snek tartotta a gyermekekkel val\u00f3 foglalkoz\u00e1st, ez\u00e9rt m\u00e1r a templom felszentel\u00e9s\u00e9t &hellip; <\/p>\n<p class=\"link-more\"><a href=\"https:\/\/karitaszkozpont.hu\/?p=2976\" class=\"more-link\">Continue reading<span class=\"screen-reader-text\"> &#8222;<strong>Karit\u00e1szt\u00e1bor az \u00fajpalotai Boldog Salkah\u00e1zi S\u00e1ra pl\u00e9b\u00e1ni\u00e1n<\/strong>&#8222;<\/span><\/a><\/p>\n","protected":false},"author":1,"featured_media":2977,"comment_status":"closed","ping_status":"open","sticky":false,"template":"","format":"standard","meta":[],"categories":[4],"tags":[],"yoast_head":"<!-- This site is optimized with the Yoast SEO plugin v20.1 - https:\/\/yoast.com\/wordpress\/plugins\/seo\/ -->\n<title>Karit\u00e1szt\u00e1bor az \u00fajpalotai Boldog Salkah\u00e1zi S\u00e1ra pl\u00e9b\u00e1ni\u00e1n - Szent Erzs\u00e9bet Karit\u00e1sz K\u00f6zpont<\/title>\n<meta name=\"robots\" content=\"index, follow, max-snippet:-1, max-image-preview:large, max-video-preview:-1\" \/>\n<link rel=\"canonical\" href=\"https:\/\/karitaszkozpont.hu\/?p=2976\" \/>\n<meta property=\"og:locale\" content=\"hu_HU\" \/>\n<meta property=\"og:type\" content=\"article\" \/>\n<meta property=\"og:title\" content=\"Karit\u00e1szt\u00e1bor az \u00fajpalotai Boldog Salkah\u00e1zi S\u00e1ra pl\u00e9b\u00e1ni\u00e1n - Szent Erzs\u00e9bet Karit\u00e1sz K\u00f6zpont\" \/>\n<meta property=\"og:description\" content=\"Karit\u00e1szt\u00e1bor az \u00fajpalotai Boldog Salkah\u00e1zi S\u00e1ra pl\u00e9b\u00e1ni\u00e1n Kapronczai Gabriella, az \u00fajpalotai Szent Pio karit\u00e1szcsoport vezet\u0151j\u00e9nek \u00edr\u00e1sa: Az \u00dajpalotai Boldog Salkah\u00e1zi S\u00e1ra pl\u00e9b\u00e1nia a fiatal pl\u00e9b\u00e1ni\u00e1k k\u00f6z\u00e9 tartozik. Szentel\u00e9se 2008 kar\u00e1csony\u00e1n t\u00f6rt\u00e9nt meg, A pl\u00e9b\u00e1nosi feladatokat a kezdetekt\u0151l fogva ell\u00e1t\u00f3 Repcsik Gyula atya mindig k\u00f6zponti k\u00e9rd\u00e9snek tartotta a gyermekekkel val\u00f3 foglalkoz\u00e1st, ez\u00e9rt m\u00e1r a templom felszentel\u00e9s\u00e9t &hellip; Continue reading &quot;Karit\u00e1szt\u00e1bor az \u00fajpalotai Boldog Salkah\u00e1zi S\u00e1ra pl\u00e9b\u00e1ni\u00e1n&quot;\" \/>\n<meta property=\"og:url\" content=\"https:\/\/karitaszkozpont.hu\/?p=2976\" \/>\n<meta property=\"og:site_name\" content=\"Szent Erzs\u00e9bet Karit\u00e1sz K\u00f6zpont\" \/>\n<meta property=\"article:published_time\" content=\"2023-07-15T07:57:53+00:00\" \/>\n<meta property=\"article:modified_time\" content=\"2023-07-15T07:57:54+00:00\" \/>\n<meta property=\"og:image\" content=\"https:\/\/karitaszkozpont.hu\/wp-content\/uploads\/2023\/07\/347564722_653272780164463_3943371327667019151_n-scaled.jpg\" \/>\n\t<meta property=\"og:image:width\" content=\"2560\" \/>\n\t<meta property=\"og:image:height\" content=\"1179\" \/>\n\t<meta property=\"og:image:type\" content=\"image\/jpeg\" \/>\n<meta name=\"author\" content=\"Karit\u00e1sz K\u00f6zpont\" \/>\n<meta name=\"twitter:card\" content=\"summary_large_image\" \/>\n<meta name=\"twitter:label1\" content=\"Szerz\u0151:\" \/>\n\t<meta name=\"twitter:data1\" content=\"Karit\u00e1sz K\u00f6zpont\" \/>\n\t<meta name=\"twitter:label2\" content=\"Becs\u00fclt olvas\u00e1si id\u0151\" \/>\n\t<meta name=\"twitter:data2\" content=\"3 perc\" \/>\n<script type=\"application\/ld+json\" class=\"yoast-schema-graph\">{\"@context\":\"https:\/\/schema.org\",\"@graph\":[{\"@type\":\"Article\",\"@id\":\"https:\/\/karitaszkozpont.hu\/?p=2976#article\",\"isPartOf\":{\"@id\":\"https:\/\/karitaszkozpont.hu\/?p=2976\"},\"author\":{\"name\":\"Karit\u00e1sz K\u00f6zpont\",\"@id\":\"https:\/\/karitaszkozpont.hu\/#\/schema\/person\/0d9c28244c111914ea13bb1248775e57\"},\"headline\":\"Karit\u00e1szt\u00e1bor az \u00fajpalotai Boldog Salkah\u00e1zi S\u00e1ra pl\u00e9b\u00e1ni\u00e1n\",\"datePublished\":\"2023-07-15T07:57:53+00:00\",\"dateModified\":\"2023-07-15T07:57:54+00:00\",\"mainEntityOfPage\":{\"@id\":\"https:\/\/karitaszkozpont.hu\/?p=2976\"},\"wordCount\":693,\"publisher\":{\"@id\":\"https:\/\/karitaszkozpont.hu\/#organization\"},\"articleSection\":[\"H\u00edrek\"],\"inLanguage\":\"hu\"},{\"@type\":\"WebPage\",\"@id\":\"https:\/\/karitaszkozpont.hu\/?p=2976\",\"url\":\"https:\/\/karitaszkozpont.hu\/?p=2976\",\"name\":\"Karit\u00e1szt\u00e1bor az \u00fajpalotai Boldog Salkah\u00e1zi S\u00e1ra pl\u00e9b\u00e1ni\u00e1n - Szent Erzs\u00e9bet Karit\u00e1sz K\u00f6zpont\",\"isPartOf\":{\"@id\":\"https:\/\/karitaszkozpont.hu\/#website\"},\"datePublished\":\"2023-07-15T07:57:53+00:00\",\"dateModified\":\"2023-07-15T07:57:54+00:00\",\"breadcrumb\":{\"@id\":\"https:\/\/karitaszkozpont.hu\/?p=2976#breadcrumb\"},\"inLanguage\":\"hu\",\"potentialAction\":[{\"@type\":\"ReadAction\",\"target\":[\"https:\/\/karitaszkozpont.hu\/?p=2976\"]}]},{\"@type\":\"BreadcrumbList\",\"@id\":\"https:\/\/karitaszkozpont.hu\/?p=2976#breadcrumb\",\"itemListElement\":[{\"@type\":\"ListItem\",\"position\":1,\"name\":\"Kezd\u0151lap\",\"item\":\"https:\/\/karitaszkozpont.hu\/\"},{\"@type\":\"ListItem\",\"position\":2,\"name\":\"Karit\u00e1szt\u00e1bor az \u00fajpalotai Boldog Salkah\u00e1zi S\u00e1ra pl\u00e9b\u00e1ni\u00e1n\"}]},{\"@type\":\"WebSite\",\"@id\":\"https:\/\/karitaszkozpont.hu\/#website\",\"url\":\"https:\/\/karitaszkozpont.hu\/\",\"name\":\"Szent Erzs\u00e9bet Karit\u00e1sz K\u00f6zpont\",\"description\":\"Esztergom-Budapesti F\u0151egyh\u00e1zmegye\",\"publisher\":{\"@id\":\"https:\/\/karitaszkozpont.hu\/#organization\"},\"potentialAction\":[{\"@type\":\"SearchAction\",\"target\":{\"@type\":\"EntryPoint\",\"urlTemplate\":\"https:\/\/karitaszkozpont.hu\/?s={search_term_string}\"},\"query-input\":\"required name=search_term_string\"}],\"inLanguage\":\"hu\"},{\"@type\":\"Organization\",\"@id\":\"https:\/\/karitaszkozpont.hu\/#organization\",\"name\":\"Szent Erzs\u00e9bet Karit\u00e1sz K\u00f6zpont\",\"url\":\"https:\/\/karitaszkozpont.hu\/\",\"logo\":{\"@type\":\"ImageObject\",\"inLanguage\":\"hu\",\"@id\":\"https:\/\/karitaszkozpont.hu\/#\/schema\/logo\/image\/\",\"url\":\"https:\/\/karitaszkp.hu\/wp-content\/uploads\/2019\/06\/cropped-logo-arnyekos-1.png\",\"contentUrl\":\"https:\/\/karitaszkp.hu\/wp-content\/uploads\/2019\/06\/cropped-logo-arnyekos-1.png\",\"width\":240,\"height\":247,\"caption\":\"Szent Erzs\u00e9bet Karit\u00e1sz K\u00f6zpont\"},\"image\":{\"@id\":\"https:\/\/karitaszkozpont.hu\/#\/schema\/logo\/image\/\"}},{\"@type\":\"Person\",\"@id\":\"https:\/\/karitaszkozpont.hu\/#\/schema\/person\/0d9c28244c111914ea13bb1248775e57\",\"name\":\"Karit\u00e1sz K\u00f6zpont\",\"image\":{\"@type\":\"ImageObject\",\"inLanguage\":\"hu\",\"@id\":\"https:\/\/karitaszkozpont.hu\/#\/schema\/person\/image\/\",\"url\":\"https:\/\/secure.gravatar.com\/avatar\/1274acd7c62f3cac92d2b38aad20c71b?s=96&d=mm&r=g\",\"contentUrl\":\"https:\/\/secure.gravatar.com\/avatar\/1274acd7c62f3cac92d2b38aad20c71b?s=96&d=mm&r=g\",\"caption\":\"Karit\u00e1sz K\u00f6zpont\"},\"url\":\"https:\/\/karitaszkozpont.hu\/?author=1\"}]}<\/script>\n<!-- \/ Yoast SEO plugin. -->","yoast_head_json":{"title":"Karit\u00e1szt\u00e1bor az \u00fajpalotai Boldog Salkah\u00e1zi S\u00e1ra pl\u00e9b\u00e1ni\u00e1n - Szent Erzs\u00e9bet Karit\u00e1sz K\u00f6zpont","robots":{"index":"index","follow":"follow","max-snippet":"max-snippet:-1","max-image-preview":"max-image-preview:large","max-video-preview":"max-video-preview:-1"},"canonical":"https:\/\/karitaszkozpont.hu\/?p=2976","og_locale":"hu_HU","og_type":"article","og_title":"Karit\u00e1szt\u00e1bor az \u00fajpalotai Boldog Salkah\u00e1zi S\u00e1ra pl\u00e9b\u00e1ni\u00e1n - Szent Erzs\u00e9bet Karit\u00e1sz K\u00f6zpont","og_description":"Karit\u00e1szt\u00e1bor az \u00fajpalotai Boldog Salkah\u00e1zi S\u00e1ra pl\u00e9b\u00e1ni\u00e1n Kapronczai Gabriella, az \u00fajpalotai Szent Pio karit\u00e1szcsoport vezet\u0151j\u00e9nek \u00edr\u00e1sa: Az \u00dajpalotai Boldog Salkah\u00e1zi S\u00e1ra pl\u00e9b\u00e1nia a fiatal pl\u00e9b\u00e1ni\u00e1k k\u00f6z\u00e9 tartozik. Szentel\u00e9se 2008 kar\u00e1csony\u00e1n t\u00f6rt\u00e9nt meg, A pl\u00e9b\u00e1nosi feladatokat a kezdetekt\u0151l fogva ell\u00e1t\u00f3 Repcsik Gyula atya mindig k\u00f6zponti k\u00e9rd\u00e9snek tartotta a gyermekekkel val\u00f3 foglalkoz\u00e1st, ez\u00e9rt m\u00e1r a templom felszentel\u00e9s\u00e9t &hellip; Continue reading \"Karit\u00e1szt\u00e1bor az \u00fajpalotai Boldog Salkah\u00e1zi S\u00e1ra pl\u00e9b\u00e1ni\u00e1n\"","og_url":"https:\/\/karitaszkozpont.hu\/?p=2976","og_site_name":"Szent Erzs\u00e9bet Karit\u00e1sz K\u00f6zpont","article_published_time":"2023-07-15T07:57:53+00:00","article_modified_time":"2023-07-15T07:57:54+00:00","og_image":[{"width":2560,"height":1179,"url":"https:\/\/karitaszkozpont.hu\/wp-content\/uploads\/2023\/07\/347564722_653272780164463_3943371327667019151_n-scaled.jpg","type":"image\/jpeg"}],"author":"Karit\u00e1sz K\u00f6zpont","twitter_card":"summary_large_image","twitter_misc":{"Szerz\u0151:":"Karit\u00e1sz K\u00f6zpont","Becs\u00fclt olvas\u00e1si id\u0151":"3 perc"},"schema":{"@context":"https:\/\/schema.org","@graph":[{"@type":"Article","@id":"https:\/\/karitaszkozpont.hu\/?p=2976#article","isPartOf":{"@id":"https:\/\/karitaszkozpont.hu\/?p=2976"},"author":{"name":"Karit\u00e1sz K\u00f6zpont","@id":"https:\/\/karitaszkozpont.hu\/#\/schema\/person\/0d9c28244c111914ea13bb1248775e57"},"headline":"Karit\u00e1szt\u00e1bor az \u00fajpalotai Boldog Salkah\u00e1zi S\u00e1ra pl\u00e9b\u00e1ni\u00e1n","datePublished":"2023-07-15T07:57:53+00:00","dateModified":"2023-07-15T07:57:54+00:00","mainEntityOfPage":{"@id":"https:\/\/karitaszkozpont.hu\/?p=2976"},"wordCount":693,"publisher":{"@id":"https:\/\/karitaszkozpont.hu\/#organization"},"articleSection":["H\u00edrek"],"inLanguage":"hu"},{"@type":"WebPage","@id":"https:\/\/karitaszkozpont.hu\/?p=2976","url":"https:\/\/karitaszkozpont.hu\/?p=2976","name":"Karit\u00e1szt\u00e1bor az \u00fajpalotai Boldog Salkah\u00e1zi S\u00e1ra pl\u00e9b\u00e1ni\u00e1n - Szent Erzs\u00e9bet Karit\u00e1sz K\u00f6zpont","isPartOf":{"@id":"https:\/\/karitaszkozpont.hu\/#website"},"datePublished":"2023-07-15T07:57:53+00:00","dateModified":"2023-07-15T07:57:54+00:00","breadcrumb":{"@id":"https:\/\/karitaszkozpont.hu\/?p=2976#breadcrumb"},"inLanguage":"hu","potentialAction":[{"@type":"ReadAction","target":["https:\/\/karitaszkozpont.hu\/?p=2976"]}]},{"@type":"BreadcrumbList","@id":"https:\/\/karitaszkozpont.hu\/?p=2976#breadcrumb","itemListElement":[{"@type":"ListItem","position":1,"name":"Kezd\u0151lap","item":"https:\/\/karitaszkozpont.hu\/"},{"@type":"ListItem","position":2,"name":"Karit\u00e1szt\u00e1bor az \u00fajpalotai Boldog Salkah\u00e1zi S\u00e1ra pl\u00e9b\u00e1ni\u00e1n"}]},{"@type":"WebSite","@id":"https:\/\/karitaszkozpont.hu\/#website","url":"https:\/\/karitaszkozpont.hu\/","name":"Szent Erzs\u00e9bet Karit\u00e1sz K\u00f6zpont","description":"Esztergom-Budapesti F\u0151egyh\u00e1zmegye","publisher":{"@id":"https:\/\/karitaszkozpont.hu\/#organization"},"potentialAction":[{"@type":"SearchAction","target":{"@type":"EntryPoint","urlTemplate":"https:\/\/karitaszkozpont.hu\/?s={search_term_string}"},"query-input":"required name=search_term_string"}],"inLanguage":"hu"},{"@type":"Organization","@id":"https:\/\/karitaszkozpont.hu\/#organization","name":"Szent Erzs\u00e9bet Karit\u00e1sz K\u00f6zpont","url":"https:\/\/karitaszkozpont.hu\/","logo":{"@type":"ImageObject","inLanguage":"hu","@id":"https:\/\/karitaszkozpont.hu\/#\/schema\/logo\/image\/","url":"https:\/\/karitaszkp.hu\/wp-content\/uploads\/2019\/06\/cropped-logo-arnyekos-1.png","contentUrl":"https:\/\/karitaszkp.hu\/wp-content\/uploads\/2019\/06\/cropped-logo-arnyekos-1.png","width":240,"height":247,"caption":"Szent Erzs\u00e9bet Karit\u00e1sz K\u00f6zpont"},"image":{"@id":"https:\/\/karitaszkozpont.hu\/#\/schema\/logo\/image\/"}},{"@type":"Person","@id":"https:\/\/karitaszkozpont.hu\/#\/schema\/person\/0d9c28244c111914ea13bb1248775e57","name":"Karit\u00e1sz K\u00f6zpont","image":{"@type":"ImageObject","inLanguage":"hu","@id":"https:\/\/karitaszkozpont.hu\/#\/schema\/person\/image\/","url":"https:\/\/secure.gravatar.com\/avatar\/1274acd7c62f3cac92d2b38aad20c71b?s=96&d=mm&r=g","contentUrl":"https:\/\/secure.gravatar.com\/avatar\/1274acd7c62f3cac92d2b38aad20c71b?s=96&d=mm&r=g","caption":"Karit\u00e1sz K\u00f6zpont"},"url":"https:\/\/karitaszkozpont.hu\/?author=1"}]}},"_links":{"self":[{"href":"https:\/\/karitaszkozpont.hu\/index.php?rest_route=\/wp\/v2\/posts\/2976"}],"collection":[{"href":"https:\/\/karitaszkozpont.hu\/index.php?rest_route=\/wp\/v2\/posts"}],"about":[{"href":"https:\/\/karitaszkozpont.hu\/index.php?rest_route=\/wp\/v2\/types\/post"}],"author":[{"embeddable":true,"href":"https:\/\/karitaszkozpont.hu\/index.php?rest_route=\/wp\/v2\/users\/1"}],"replies":[{"embeddable":true,"href":"https:\/\/karitaszkozpont.hu\/index.php?rest_route=%2Fwp%2Fv2%2Fcomments&post=2976"}],"version-history":[{"count":1,"href":"https:\/\/karitaszkozpont.hu\/index.php?rest_route=\/wp\/v2\/posts\/2976\/revisions"}],"predecessor-version":[{"id":2979,"href":"https:\/\/karitaszkozpont.hu\/index.php?rest_route=\/wp\/v2\/posts\/2976\/revisions\/2979"}],"wp:featuredmedia":[{"embeddable":true,"href":"https:\/\/karitaszkozpont.hu\/index.php?rest_route=\/wp\/v2\/media\/2977"}],"wp:attachment":[{"href":"https:\/\/karitaszkozpont.hu\/index.php?rest_route=%2Fwp%2Fv2%2Fmedia&parent=2976"}],"wp:term":[{"taxonomy":"category","embeddable":true,"href":"https:\/\/karitaszkozpont.hu\/index.php?rest_route=%2Fwp%2Fv2%2Fcategories&post=2976"},{"taxonomy":"post_tag","embeddable":true,"href":"https:\/\/karitaszkozpont.hu\/index.php?rest_route=%2Fwp%2Fv2%2Ftags&post=2976"}],"curies":[{"name":"wp","href":"https:\/\/api.w.org\/{rel}","templated":true}]}}