{"id":2971,"date":"2023-07-15T09:54:25","date_gmt":"2023-07-15T07:54:25","guid":{"rendered":"https:\/\/karitaszkp.hu\/?p=2971"},"modified":"2023-07-15T09:54:26","modified_gmt":"2023-07-15T07:54:26","slug":"var-a-nyar","status":"publish","type":"post","link":"https:\/\/karitaszkozpont.hu\/?p=2971","title":{"rendered":"<strong>\u201eV\u00e1r a ny\u00e1r!&#8221;<\/strong>"},"content":{"rendered":"\n<p class=\"has-white-color has-vivid-red-background-color has-text-color has-background has-large-font-size\"><strong>\u201eV\u00e1r a ny\u00e1r!&#8221;<\/strong><\/p>\n\n\n\n<p class=\"has-white-color has-vivid-red-background-color has-text-color has-background\"><strong>Karit\u00e1szt\u00e1borok az Esztergom-Budapesti F\u0151egyh\u00e1zmegy\u00e9ben<\/strong><\/p>\n\n\n\n<p>Szent Erzs\u00e9bet Karit\u00e1sz K\u00f6zpontunk \u201eV\u00e1r a ny\u00e1r!&#8221; elnevez\u00e9s\u0171 p\u00e1ly\u00e1zat\u00e1nak t\u00e1mogat\u00e1s\u00e1val m\u00e1r zajlanak az <a href=\"https:\/\/www.facebook.com\/egombp?__cft__%5b0%5d=AZWeAQ7ILM9WAe82XT3N6GVpUKZTBdVWz4GTp0QHLF12_bgJzyaO_wxur_z0MN4Nzh0I11bRVVlv5sVgPdigCeZmmM4k4BQfMmegvikuE2Y1Q2xKaxLoN5n26e6zwlqhtWJ6GjIQYWolDF0tNBdk1Qy6&amp;__tn__=-%5dK-R\">Esztergom-Budapesti F\u0151egyh\u00e1zmegye<\/a> ter\u00fclet\u00e9n a karit\u00e1szt\u00e1borok. A Sashalmi Krisztus Kir\u00e1ly Pl\u00e9b\u00e1nia katek\u00e9t\u00e1ja Sz\u0151ke Gy\u00f6rgyi t\u00e1borvezet\u0151 elk\u00fcldte r\u00e9sz\u00fcnkre egyedi tematik\u00e1j\u00fa t\u00e1boruk napirendj\u00e9t. A n\u00e9phagyom\u00e1nyos \u00e9s kultur\u00e1lis hittant\u00e1bor minden napja egy-egy mott\u00f3 k\u00f6r\u00e9 szervez\u0151d\u00f6tt. A n\u00e9pi kult\u00fara, a t\u00e1ncok megismertet\u00e9s\u00e9ben seg\u00edts\u00e9g\u00fckre volt Varga Levente a F\u00f3ti N\u00e9pm\u0171v\u00e9szeti Szakgimn\u00e1zium \u00e9s Gimn\u00e1zium d\u00edjazott di\u00e1kja. Al\u00e1bbiakban a j\u00falius 3. \u00e9s 8. k\u00f6z\u00f6tti tartalmas id\u0151szak menetrendje:<\/p>\n\n\n\n<p>-H\u00e9tf\u0151: Kaland napj\u00e1n Istenben gazdagodni.<\/p>\n\n\n\n<p>Az indul\u00e1s reggel\u00e9n a sashalmi templomban szentmis\u00e9n vett\u00fcnk r\u00e9szt, majd a Keleti P\u00e1lyaudvarr\u00f3l indultunk Miskolcra. Itt a v\u00e1rosn\u00e9z\u00e9s ut\u00e1n (Deszkatemplom, Mancs-szobor, Nagyboldogasszony templom) busszal ment\u00fcnk tov\u00e1bb a Karit\u00e1sz K\u00f6zpont \u00e1ltal rendelkez\u00e9sre bocs\u00e1tott sz\u00e1ll\u00e1shely\u00fcnkre Miskolctapolc\u00e1ra. D\u00e9lut\u00e1nunk, est\u00e9nk is tartalmasan telt: a t\u00e1borszab\u00e1lyok ismertet\u00e9se ut\u00e1n vacsora, n\u00e9pi j\u00e1t\u00e9kok, n\u00e9pi \u00e9nek hallgat\u00e1sa, ping-pong, csocs\u00f3bajnoks\u00e1g, k\u00e1rtya, szabad program, \u00e9s a k\u00e1poln\u00e1ban h\u00e1laad\u00e1s.<\/p>\n\n\n\n<p>-Kedd: Az alkot\u00e1s napj\u00e1n engedelmess\u00e9g helyett alkalmazkodni\u2026<\/p>\n\n\n\n<p>Torna, majd a szentmise, \u00e9s a reggeli ut\u00e1n \u00fajra Miskolcra buszoztunk a Kisvonathoz, onnan Lillaf\u00fcredre kir\u00e1ndultunk. Ut\u00e1na eb\u00e9d a Tusculanum \u00e9tteremben. Barlangf\u00fcrd\u0151z\u00e9s, majd vacsora. N\u00e9pviseletek bemutat\u00e1sa, \u201e\u00f6rd\u00f6g \u00fatja\u201d k\u00f6rt\u00e1nc, \u00fajra szabadprogram, \u00e9s h\u00e1laad\u00e1s a k\u00e1poln\u00e1ban.<\/p>\n\n\n\n<p>-Szerda: Nekiv\u00e1gni a nagyvil\u00e1gnak!<\/p>\n\n\n\n<p>Torna, szentmise, reggeli, k\u00e9zm\u0171vesked\u00e9s. Ezek ut\u00e1n l\u00e1togattunk Miskolcra a Sz\u00ednh\u00e1z M\u00fazeum el\u0151ad\u00e1s\u00e1ra, majd kreat\u00edv foglalkoz\u00e1s, dr\u00e1maj\u00e1t\u00e9kokkal. K\u00e9s\u0151bb \u00e1llatkerti s\u00e9ta, eb\u00e9d, boboz\u00e1s, szabadprogram, t\u00e1rsasj\u00e1t\u00e9k. Lelki besz\u00e9lget\u00e9s \u00e9s h\u00e1laad\u00e1s.<\/p>\n\n\n\n<p>-Cs\u00fct\u00f6rt\u00f6k: A bar\u00e1t szem\u00e9lyes kincs<\/p>\n\n\n\n<p>Torna \u00e9s reggeli. A Miskolctapolcai Arbor\u00e9tum \u00e9s a J\u00e9zus Sz\u00edve Sziklatemplomhoz gyalogt\u00fara, ut\u00e1na a 11 \u00f3rai szentmise. Eb\u00e9d, j\u00e1tsz\u00f3t\u00e9r, \u00e9s sz\u00e1mh\u00e1bor\u00fa, k\u00e9s\u0151bb barlangf\u00fcrd\u0151z\u00e9s. N\u00e9pi \u00e9nek tanul\u00e1s, n\u00e9pt\u00e1nc, ping-pong bajnoks\u00e1g \u00e9s t\u00e1rsasoz\u00e1s. Sz\u00f6v\u00e9s, kark\u00f6t\u0151 k\u00e9sz\u00edt\u00e9s, vacsora, szabadprogram, k\u00e1poln\u00e1ban esti ima ut\u00e1n elcsendesedt\u00fcnk.<\/p>\n\n\n\n<p>-P\u00e9ntek: A hagyom\u00e1ny\u0151rz\u0151k napj\u00e1n megtanulunk adni a m\u00e1siknak<\/p>\n\n\n\n<p>Torna. Szentmise, reggeli. N\u00e9phagyom\u00e1nyos Kultur\u00e1lis \u201ecsomag\u201d n\u00e9pt\u00e1nc tan\u00edt\u00e1ssal, sz\u0151ttesek bemutat\u00e1sa. K\u00e9s\u0151bb boboz\u00e1s, eb\u00e9d, j\u00e1t\u00e9k a parkban, \u00e9s \u00fajra barlangf\u00fcrd\u0151z\u00e9s! Vet\u00e9lked\u0151 ut\u00e1n saj\u00e1t im\u00e1t, k\u00f6sz\u00f6netet mondtunk vagy h\u00e1l\u00e1t \u00edrtunk az eltelt id\u0151szak\u00e9rt.<\/p>\n\n\n\n<p>-Szombat: A k\u00f6z\u00f6ss\u00e9g sz\u00fclet\u00e9se szeretetben \u00f6sszekov\u00e1csolt csapat<\/p>\n\n\n\n<p>Torna, reggeli, vet\u00e9lked\u0151. Elutaz\u00e1sra felk\u00e9sz\u00fcl\u00e9s: hideg \u00faticsomag elk\u00e9sz\u00edt\u00e9se, szobaszemle, pakol\u00e1s, takar\u00edt\u00e1s. \u2026\u00e9s d\u00e9lut\u00e1n 16 \u00f3rakor m\u00e1r \u00fajra a Sashalmi Krisztus kir\u00e1ly templomn\u00e1l voltunk.<\/p>\n\n\n\n<p>K\u00f6sz\u00f6nj\u00fck, hogy eg\u00e9szs\u00e9g\u00fcnkre a vel\u00fcnk t\u00e1boroz\u00f3 v\u00e9d\u0151n\u0151 vigy\u00e1zott!<\/p>\n\n\n\n<p>Miskolctapolca, Szent Erzs\u00e9bet Karit\u00e1sz Villa<\/p>\n","protected":false},"excerpt":{"rendered":"<p>\u201eV\u00e1r a ny\u00e1r!&#8221; Karit\u00e1szt\u00e1borok az Esztergom-Budapesti F\u0151egyh\u00e1zmegy\u00e9ben Szent Erzs\u00e9bet Karit\u00e1sz K\u00f6zpontunk \u201eV\u00e1r a ny\u00e1r!&#8221; elnevez\u00e9s\u0171 p\u00e1ly\u00e1zat\u00e1nak t\u00e1mogat\u00e1s\u00e1val m\u00e1r zajlanak az Esztergom-Budapesti F\u0151egyh\u00e1zmegye ter\u00fclet\u00e9n a karit\u00e1szt\u00e1borok. A Sashalmi Krisztus Kir\u00e1ly Pl\u00e9b\u00e1nia katek\u00e9t\u00e1ja Sz\u0151ke Gy\u00f6rgyi t\u00e1borvezet\u0151 elk\u00fcldte r\u00e9sz\u00fcnkre egyedi tematik\u00e1j\u00fa t\u00e1boruk napirendj\u00e9t. A n\u00e9phagyom\u00e1nyos \u00e9s kultur\u00e1lis hittant\u00e1bor minden napja egy-egy mott\u00f3 k\u00f6r\u00e9 szervez\u0151d\u00f6tt. A n\u00e9pi kult\u00fara, a &hellip; <\/p>\n<p class=\"link-more\"><a href=\"https:\/\/karitaszkozpont.hu\/?p=2971\" class=\"more-link\">Continue reading<span class=\"screen-reader-text\"> &#8222;<strong>\u201eV\u00e1r a ny\u00e1r!&#8221;<\/strong>&#8222;<\/span><\/a><\/p>\n","protected":false},"author":1,"featured_media":2974,"comment_status":"closed","ping_status":"open","sticky":false,"template":"","format":"standard","meta":[],"categories":[4],"tags":[],"yoast_head":"<!-- This site is optimized with the Yoast SEO plugin v20.1 - https:\/\/yoast.com\/wordpress\/plugins\/seo\/ -->\n<title>\u201eV\u00e1r a ny\u00e1r!&quot; - Szent Erzs\u00e9bet Karit\u00e1sz K\u00f6zpont<\/title>\n<meta name=\"robots\" content=\"index, follow, max-snippet:-1, max-image-preview:large, max-video-preview:-1\" \/>\n<link rel=\"canonical\" href=\"https:\/\/karitaszkozpont.hu\/?p=2971\" \/>\n<meta property=\"og:locale\" content=\"hu_HU\" \/>\n<meta property=\"og:type\" content=\"article\" \/>\n<meta property=\"og:title\" content=\"\u201eV\u00e1r a ny\u00e1r!&quot; - Szent Erzs\u00e9bet Karit\u00e1sz K\u00f6zpont\" \/>\n<meta property=\"og:description\" content=\"\u201eV\u00e1r a ny\u00e1r!&#8221; Karit\u00e1szt\u00e1borok az Esztergom-Budapesti F\u0151egyh\u00e1zmegy\u00e9ben Szent Erzs\u00e9bet Karit\u00e1sz K\u00f6zpontunk \u201eV\u00e1r a ny\u00e1r!&#8221; elnevez\u00e9s\u0171 p\u00e1ly\u00e1zat\u00e1nak t\u00e1mogat\u00e1s\u00e1val m\u00e1r zajlanak az Esztergom-Budapesti F\u0151egyh\u00e1zmegye ter\u00fclet\u00e9n a karit\u00e1szt\u00e1borok. A Sashalmi Krisztus Kir\u00e1ly Pl\u00e9b\u00e1nia katek\u00e9t\u00e1ja Sz\u0151ke Gy\u00f6rgyi t\u00e1borvezet\u0151 elk\u00fcldte r\u00e9sz\u00fcnkre egyedi tematik\u00e1j\u00fa t\u00e1boruk napirendj\u00e9t. A n\u00e9phagyom\u00e1nyos \u00e9s kultur\u00e1lis hittant\u00e1bor minden napja egy-egy mott\u00f3 k\u00f6r\u00e9 szervez\u0151d\u00f6tt. A n\u00e9pi kult\u00fara, a &hellip; Continue reading &quot;\u201eV\u00e1r a ny\u00e1r!&#8221;&quot;\" \/>\n<meta property=\"og:url\" content=\"https:\/\/karitaszkozpont.hu\/?p=2971\" \/>\n<meta property=\"og:site_name\" content=\"Szent Erzs\u00e9bet Karit\u00e1sz K\u00f6zpont\" \/>\n<meta property=\"article:published_time\" content=\"2023-07-15T07:54:25+00:00\" \/>\n<meta property=\"article:modified_time\" content=\"2023-07-15T07:54:26+00:00\" \/>\n<meta property=\"og:image\" content=\"https:\/\/karitaszkozpont.hu\/wp-content\/uploads\/2023\/07\/347586293_653268233498251_872092746135261551_n.jpg\" \/>\n\t<meta property=\"og:image:width\" content=\"1984\" \/>\n\t<meta property=\"og:image:height\" content=\"1488\" \/>\n\t<meta property=\"og:image:type\" content=\"image\/jpeg\" \/>\n<meta name=\"author\" content=\"Karit\u00e1sz K\u00f6zpont\" \/>\n<meta name=\"twitter:card\" content=\"summary_large_image\" \/>\n<meta name=\"twitter:label1\" content=\"Szerz\u0151:\" \/>\n\t<meta name=\"twitter:data1\" content=\"Karit\u00e1sz K\u00f6zpont\" \/>\n\t<meta name=\"twitter:label2\" content=\"Becs\u00fclt olvas\u00e1si id\u0151\" \/>\n\t<meta name=\"twitter:data2\" content=\"2 perc\" \/>\n<script type=\"application\/ld+json\" class=\"yoast-schema-graph\">{\"@context\":\"https:\/\/schema.org\",\"@graph\":[{\"@type\":\"Article\",\"@id\":\"https:\/\/karitaszkozpont.hu\/?p=2971#article\",\"isPartOf\":{\"@id\":\"https:\/\/karitaszkozpont.hu\/?p=2971\"},\"author\":{\"name\":\"Karit\u00e1sz K\u00f6zpont\",\"@id\":\"https:\/\/karitaszkozpont.hu\/#\/schema\/person\/0d9c28244c111914ea13bb1248775e57\"},\"headline\":\"\u201eV\u00e1r a ny\u00e1r!&#8221;\",\"datePublished\":\"2023-07-15T07:54:25+00:00\",\"dateModified\":\"2023-07-15T07:54:26+00:00\",\"mainEntityOfPage\":{\"@id\":\"https:\/\/karitaszkozpont.hu\/?p=2971\"},\"wordCount\":611,\"publisher\":{\"@id\":\"https:\/\/karitaszkozpont.hu\/#organization\"},\"articleSection\":[\"H\u00edrek\"],\"inLanguage\":\"hu\"},{\"@type\":\"WebPage\",\"@id\":\"https:\/\/karitaszkozpont.hu\/?p=2971\",\"url\":\"https:\/\/karitaszkozpont.hu\/?p=2971\",\"name\":\"\u201eV\u00e1r a ny\u00e1r!\\\" - Szent Erzs\u00e9bet Karit\u00e1sz K\u00f6zpont\",\"isPartOf\":{\"@id\":\"https:\/\/karitaszkozpont.hu\/#website\"},\"datePublished\":\"2023-07-15T07:54:25+00:00\",\"dateModified\":\"2023-07-15T07:54:26+00:00\",\"breadcrumb\":{\"@id\":\"https:\/\/karitaszkozpont.hu\/?p=2971#breadcrumb\"},\"inLanguage\":\"hu\",\"potentialAction\":[{\"@type\":\"ReadAction\",\"target\":[\"https:\/\/karitaszkozpont.hu\/?p=2971\"]}]},{\"@type\":\"BreadcrumbList\",\"@id\":\"https:\/\/karitaszkozpont.hu\/?p=2971#breadcrumb\",\"itemListElement\":[{\"@type\":\"ListItem\",\"position\":1,\"name\":\"Kezd\u0151lap\",\"item\":\"https:\/\/karitaszkozpont.hu\/\"},{\"@type\":\"ListItem\",\"position\":2,\"name\":\"\u201eV\u00e1r a ny\u00e1r!&#8221;\"}]},{\"@type\":\"WebSite\",\"@id\":\"https:\/\/karitaszkozpont.hu\/#website\",\"url\":\"https:\/\/karitaszkozpont.hu\/\",\"name\":\"Szent Erzs\u00e9bet Karit\u00e1sz K\u00f6zpont\",\"description\":\"Esztergom-Budapesti F\u0151egyh\u00e1zmegye\",\"publisher\":{\"@id\":\"https:\/\/karitaszkozpont.hu\/#organization\"},\"potentialAction\":[{\"@type\":\"SearchAction\",\"target\":{\"@type\":\"EntryPoint\",\"urlTemplate\":\"https:\/\/karitaszkozpont.hu\/?s={search_term_string}\"},\"query-input\":\"required name=search_term_string\"}],\"inLanguage\":\"hu\"},{\"@type\":\"Organization\",\"@id\":\"https:\/\/karitaszkozpont.hu\/#organization\",\"name\":\"Szent Erzs\u00e9bet Karit\u00e1sz K\u00f6zpont\",\"url\":\"https:\/\/karitaszkozpont.hu\/\",\"logo\":{\"@type\":\"ImageObject\",\"inLanguage\":\"hu\",\"@id\":\"https:\/\/karitaszkozpont.hu\/#\/schema\/logo\/image\/\",\"url\":\"https:\/\/karitaszkp.hu\/wp-content\/uploads\/2019\/06\/cropped-logo-arnyekos-1.png\",\"contentUrl\":\"https:\/\/karitaszkp.hu\/wp-content\/uploads\/2019\/06\/cropped-logo-arnyekos-1.png\",\"width\":240,\"height\":247,\"caption\":\"Szent Erzs\u00e9bet Karit\u00e1sz K\u00f6zpont\"},\"image\":{\"@id\":\"https:\/\/karitaszkozpont.hu\/#\/schema\/logo\/image\/\"}},{\"@type\":\"Person\",\"@id\":\"https:\/\/karitaszkozpont.hu\/#\/schema\/person\/0d9c28244c111914ea13bb1248775e57\",\"name\":\"Karit\u00e1sz K\u00f6zpont\",\"image\":{\"@type\":\"ImageObject\",\"inLanguage\":\"hu\",\"@id\":\"https:\/\/karitaszkozpont.hu\/#\/schema\/person\/image\/\",\"url\":\"https:\/\/secure.gravatar.com\/avatar\/1274acd7c62f3cac92d2b38aad20c71b?s=96&d=mm&r=g\",\"contentUrl\":\"https:\/\/secure.gravatar.com\/avatar\/1274acd7c62f3cac92d2b38aad20c71b?s=96&d=mm&r=g\",\"caption\":\"Karit\u00e1sz K\u00f6zpont\"},\"url\":\"https:\/\/karitaszkozpont.hu\/?author=1\"}]}<\/script>\n<!-- \/ Yoast SEO plugin. -->","yoast_head_json":{"title":"\u201eV\u00e1r a ny\u00e1r!\" - Szent Erzs\u00e9bet Karit\u00e1sz K\u00f6zpont","robots":{"index":"index","follow":"follow","max-snippet":"max-snippet:-1","max-image-preview":"max-image-preview:large","max-video-preview":"max-video-preview:-1"},"canonical":"https:\/\/karitaszkozpont.hu\/?p=2971","og_locale":"hu_HU","og_type":"article","og_title":"\u201eV\u00e1r a ny\u00e1r!\" - Szent Erzs\u00e9bet Karit\u00e1sz K\u00f6zpont","og_description":"\u201eV\u00e1r a ny\u00e1r!&#8221; Karit\u00e1szt\u00e1borok az Esztergom-Budapesti F\u0151egyh\u00e1zmegy\u00e9ben Szent Erzs\u00e9bet Karit\u00e1sz K\u00f6zpontunk \u201eV\u00e1r a ny\u00e1r!&#8221; elnevez\u00e9s\u0171 p\u00e1ly\u00e1zat\u00e1nak t\u00e1mogat\u00e1s\u00e1val m\u00e1r zajlanak az Esztergom-Budapesti F\u0151egyh\u00e1zmegye ter\u00fclet\u00e9n a karit\u00e1szt\u00e1borok. A Sashalmi Krisztus Kir\u00e1ly Pl\u00e9b\u00e1nia katek\u00e9t\u00e1ja Sz\u0151ke Gy\u00f6rgyi t\u00e1borvezet\u0151 elk\u00fcldte r\u00e9sz\u00fcnkre egyedi tematik\u00e1j\u00fa t\u00e1boruk napirendj\u00e9t. A n\u00e9phagyom\u00e1nyos \u00e9s kultur\u00e1lis hittant\u00e1bor minden napja egy-egy mott\u00f3 k\u00f6r\u00e9 szervez\u0151d\u00f6tt. A n\u00e9pi kult\u00fara, a &hellip; Continue reading \"\u201eV\u00e1r a ny\u00e1r!&#8221;\"","og_url":"https:\/\/karitaszkozpont.hu\/?p=2971","og_site_name":"Szent Erzs\u00e9bet Karit\u00e1sz K\u00f6zpont","article_published_time":"2023-07-15T07:54:25+00:00","article_modified_time":"2023-07-15T07:54:26+00:00","og_image":[{"width":1984,"height":1488,"url":"https:\/\/karitaszkozpont.hu\/wp-content\/uploads\/2023\/07\/347586293_653268233498251_872092746135261551_n.jpg","type":"image\/jpeg"}],"author":"Karit\u00e1sz K\u00f6zpont","twitter_card":"summary_large_image","twitter_misc":{"Szerz\u0151:":"Karit\u00e1sz K\u00f6zpont","Becs\u00fclt olvas\u00e1si id\u0151":"2 perc"},"schema":{"@context":"https:\/\/schema.org","@graph":[{"@type":"Article","@id":"https:\/\/karitaszkozpont.hu\/?p=2971#article","isPartOf":{"@id":"https:\/\/karitaszkozpont.hu\/?p=2971"},"author":{"name":"Karit\u00e1sz K\u00f6zpont","@id":"https:\/\/karitaszkozpont.hu\/#\/schema\/person\/0d9c28244c111914ea13bb1248775e57"},"headline":"\u201eV\u00e1r a ny\u00e1r!&#8221;","datePublished":"2023-07-15T07:54:25+00:00","dateModified":"2023-07-15T07:54:26+00:00","mainEntityOfPage":{"@id":"https:\/\/karitaszkozpont.hu\/?p=2971"},"wordCount":611,"publisher":{"@id":"https:\/\/karitaszkozpont.hu\/#organization"},"articleSection":["H\u00edrek"],"inLanguage":"hu"},{"@type":"WebPage","@id":"https:\/\/karitaszkozpont.hu\/?p=2971","url":"https:\/\/karitaszkozpont.hu\/?p=2971","name":"\u201eV\u00e1r a ny\u00e1r!\" - Szent Erzs\u00e9bet Karit\u00e1sz K\u00f6zpont","isPartOf":{"@id":"https:\/\/karitaszkozpont.hu\/#website"},"datePublished":"2023-07-15T07:54:25+00:00","dateModified":"2023-07-15T07:54:26+00:00","breadcrumb":{"@id":"https:\/\/karitaszkozpont.hu\/?p=2971#breadcrumb"},"inLanguage":"hu","potentialAction":[{"@type":"ReadAction","target":["https:\/\/karitaszkozpont.hu\/?p=2971"]}]},{"@type":"BreadcrumbList","@id":"https:\/\/karitaszkozpont.hu\/?p=2971#breadcrumb","itemListElement":[{"@type":"ListItem","position":1,"name":"Kezd\u0151lap","item":"https:\/\/karitaszkozpont.hu\/"},{"@type":"ListItem","position":2,"name":"\u201eV\u00e1r a ny\u00e1r!&#8221;"}]},{"@type":"WebSite","@id":"https:\/\/karitaszkozpont.hu\/#website","url":"https:\/\/karitaszkozpont.hu\/","name":"Szent Erzs\u00e9bet Karit\u00e1sz K\u00f6zpont","description":"Esztergom-Budapesti F\u0151egyh\u00e1zmegye","publisher":{"@id":"https:\/\/karitaszkozpont.hu\/#organization"},"potentialAction":[{"@type":"SearchAction","target":{"@type":"EntryPoint","urlTemplate":"https:\/\/karitaszkozpont.hu\/?s={search_term_string}"},"query-input":"required name=search_term_string"}],"inLanguage":"hu"},{"@type":"Organization","@id":"https:\/\/karitaszkozpont.hu\/#organization","name":"Szent Erzs\u00e9bet Karit\u00e1sz K\u00f6zpont","url":"https:\/\/karitaszkozpont.hu\/","logo":{"@type":"ImageObject","inLanguage":"hu","@id":"https:\/\/karitaszkozpont.hu\/#\/schema\/logo\/image\/","url":"https:\/\/karitaszkp.hu\/wp-content\/uploads\/2019\/06\/cropped-logo-arnyekos-1.png","contentUrl":"https:\/\/karitaszkp.hu\/wp-content\/uploads\/2019\/06\/cropped-logo-arnyekos-1.png","width":240,"height":247,"caption":"Szent Erzs\u00e9bet Karit\u00e1sz K\u00f6zpont"},"image":{"@id":"https:\/\/karitaszkozpont.hu\/#\/schema\/logo\/image\/"}},{"@type":"Person","@id":"https:\/\/karitaszkozpont.hu\/#\/schema\/person\/0d9c28244c111914ea13bb1248775e57","name":"Karit\u00e1sz K\u00f6zpont","image":{"@type":"ImageObject","inLanguage":"hu","@id":"https:\/\/karitaszkozpont.hu\/#\/schema\/person\/image\/","url":"https:\/\/secure.gravatar.com\/avatar\/1274acd7c62f3cac92d2b38aad20c71b?s=96&d=mm&r=g","contentUrl":"https:\/\/secure.gravatar.com\/avatar\/1274acd7c62f3cac92d2b38aad20c71b?s=96&d=mm&r=g","caption":"Karit\u00e1sz K\u00f6zpont"},"url":"https:\/\/karitaszkozpont.hu\/?author=1"}]}},"_links":{"self":[{"href":"https:\/\/karitaszkozpont.hu\/index.php?rest_route=\/wp\/v2\/posts\/2971"}],"collection":[{"href":"https:\/\/karitaszkozpont.hu\/index.php?rest_route=\/wp\/v2\/posts"}],"about":[{"href":"https:\/\/karitaszkozpont.hu\/index.php?rest_route=\/wp\/v2\/types\/post"}],"author":[{"embeddable":true,"href":"https:\/\/karitaszkozpont.hu\/index.php?rest_route=\/wp\/v2\/users\/1"}],"replies":[{"embeddable":true,"href":"https:\/\/karitaszkozpont.hu\/index.php?rest_route=%2Fwp%2Fv2%2Fcomments&post=2971"}],"version-history":[{"count":2,"href":"https:\/\/karitaszkozpont.hu\/index.php?rest_route=\/wp\/v2\/posts\/2971\/revisions"}],"predecessor-version":[{"id":2975,"href":"https:\/\/karitaszkozpont.hu\/index.php?rest_route=\/wp\/v2\/posts\/2971\/revisions\/2975"}],"wp:featuredmedia":[{"embeddable":true,"href":"https:\/\/karitaszkozpont.hu\/index.php?rest_route=\/wp\/v2\/media\/2974"}],"wp:attachment":[{"href":"https:\/\/karitaszkozpont.hu\/index.php?rest_route=%2Fwp%2Fv2%2Fmedia&parent=2971"}],"wp:term":[{"taxonomy":"category","embeddable":true,"href":"https:\/\/karitaszkozpont.hu\/index.php?rest_route=%2Fwp%2Fv2%2Fcategories&post=2971"},{"taxonomy":"post_tag","embeddable":true,"href":"https:\/\/karitaszkozpont.hu\/index.php?rest_route=%2Fwp%2Fv2%2Ftags&post=2971"}],"curies":[{"name":"wp","href":"https:\/\/api.w.org\/{rel}","templated":true}]}}