{"id":2910,"date":"2023-06-10T19:55:15","date_gmt":"2023-06-10T17:55:15","guid":{"rendered":"https:\/\/karitaszkp.hu\/?p=2910"},"modified":"2023-06-10T19:55:16","modified_gmt":"2023-06-10T17:55:16","slug":"213-urnapja-2023","status":"publish","type":"post","link":"https:\/\/karitaszkozpont.hu\/?p=2910","title":{"rendered":"<strong>213. \u00darnapja 2023.\u00a0<\/strong>"},"content":{"rendered":"\n<p class=\"has-white-color has-vivid-red-background-color has-text-color has-background has-large-font-size\"><strong>213. \u00darnapja 2023.&nbsp;<\/strong><\/p>\n\n\n\n<p class=\"has-background\" style=\"background-color:#cacaca\"><em>\u201eUrunk, J\u00e9zus Krisztus, te ebben a csod\u00e1latos szents\u00e9gben k\u00ednszenved\u00e9sed eml\u00e9k\u00e9t hagytad r\u00e1nk. Add, k\u00e9r\u00fcnk, tested \u00e9s v\u00e9red szent titk\u00e1t \u00fagy tiszteln\u00fcnk, hogy megv\u00e1lt\u00e1sod gy\u00fcm\u00f6lcs\u00e9t sz\u00fcntelen\u00fcl \u00e9lvezz\u00fck!&nbsp;\u201d (Napi szentmise kollekta k\u00f6ny\u00f6rg\u00e9se)<\/em><\/p>\n\n\n\n<p>Kedves Karit\u00e1sz \u00d6nk\u00e9ntesek, Munkat\u00e1rsak, Testv\u00e9rek az \u00darban!&nbsp;<\/p>\n\n\n\n<p>Krisztus Test\u00e9nek \u00e9s V\u00e9r\u00e9nek f\u0151\u00fcnnepe hit\u00fcnk l\u00e9nyege, sziklaalapja \u2013 olyan \u00fcnnep, melyet csak az apostoli egyh\u00e1zak (katolikusok \u00e9s ortodoxok) \u00fcnnepelnek, ahol a paps\u00e1g folytonosan visszvezethet\u0151 az utols\u00f3 vacsor\u00e1n t\u00f6rt\u00e9nt olt\u00e1riszents\u00e9g alap\u00edt\u00e1sig. Mi hissz\u00fck \u00e9s v\u00e1gyjuk \u0150t, a Megv\u00e1lt\u00f3t, hogy bek\u00f6lt\u00f6zz\u00f6n sz\u00edv\u00fcnkbe, eggy\u00e9 legyen vel\u00fcnk, hogy mi is eggy\u00e9 lehess\u00fcnk \u0150vele.&nbsp;<em>\u201e\u00c9n vagyok a mennyb\u0151l al\u00e1sz\u00e1llott, \u00e9l\u0151 keny\u00e9r. Aki ebb\u0151l a keny\u00e9rb\u0151l eszik, \u00f6r\u00f6kk\u00e9 fog \u00e9lni. Az a keny\u00e9r, amelyet \u00e9n adok, az \u00e9n testem a vil\u00e1g \u00e9let\u00e9\u00e9rt.\u201d (Jn 6,51)<\/em><\/p>\n\n\n\n<p>\u0150 maga akarta \u00e9s akarja, v\u00e1gyja azt, hogy a szeretetben egyes\u00fclj\u00f6n vel\u00fcnk, ahogy egy a Szenth\u00e1roms\u00e1gban az Aty\u00e1val \u00e9s a Szentl\u00e9lekkel (ezt \u00fcnnepelt\u00fck a m\u00falt h\u00e9ten a Szenth\u00e1roms\u00e1g vas\u00e1rnapj\u00e1n). A szeretet egys\u00e9gre, k\u00f6zels\u00e9gre, eggy\u00e9 v\u00e1l\u00e1sra t\u00f6rekszik. Ennek jele \u00e9s egyben megval\u00f3s\u00edt\u00f3ja a szent\u00e1ldoz\u00e1s, ami az olt\u00e1rasztalon Isten szolg\u00e1ja k\u00f6zrem\u0171k\u00f6d\u00e9s\u00e9vel, a felszentelt pap \u00e1ltal \u00e1tv\u00e1ltoztatott keny\u00e9r \u00e9s bor magunkhoz v\u00e9tel\u00e9vel t\u00f6rt\u00e9nik a szentmise\u00e1ldozat r\u00e9szek\u00e9n.<\/p>\n\n\n\n<p>Az agap\u00e9, a lakoma, a k\u00f6z\u00f6s \u00fcnnep, a mennyb\u0151l al\u00e1sz\u00e1llott \u00c9l\u0151 Keny\u00e9r \u00e9ltet \u00e9s megszentel minket, er\u0151t ad \u00e9s k\u00fcldet\u00e9studatot, hogy m\u00e1soknak is elmondjuk az \u00f6r\u00f6mh\u00edrt, hogy van rem\u00e9ny, van el nem m\u00fal\u00f3 boldogs\u00e1g, van \u00f6r\u00f6k \u00e9let, ami nem szomor\u00fa, nincs benne f\u00e1jdalom, szenved\u00e9s, hal\u00e1l, h\u00e1bor\u00fas\u00e1g, amiben Isten minden mindenben vel\u00fcnk, a gonosz\u00e1gnak pedig m\u00e9g az \u00e1rny\u00e9ka sem \u00e9rheti.<\/p>\n\n\n\n<p>Karit\u00e1sz k\u00fcldet\u00e9s\u00fcnk is ennek az \u00f6r\u00f6mh\u00edrnek a tov\u00e1bbad\u00e1s\u00e1ra, hirdet\u00e9s\u00e9re ir\u00e1nyul, tan\u00fas\u00e1got tesz Isten szeretet\u00e9r\u0151l. Az \u00dar kiny\u00fajtott karja mi magunk vagyunk, hogy az elesetteket felemelj\u00fck, a szomor\u00faakat vigasztaljuk, a betegeket, szeg\u00e9nyeket gondozzuk, l\u00e1togassuk \u2013 az irgalmass\u00e1g cselekedeteit vigy\u00fck v\u00e9gbe. Nem csak karit\u00e1szosk\u00e9nt feladatunk ez, minden h\u00edv\u0151, minden j\u00f3akarat\u00fa ember term\u00e9sztes bels\u0151 ig\u00e9nye, \u00f6r\u00f6me is \u2013 mert mindezek a szeretet cselekedetei. Az\u00e9 a szeretet\u00e9, ami egyes\u00edt, az Isten szeretet\u00e9\u00e9, ami benn\u00fcnk, az \u0151 k\u00e9pm\u00e1s\u00e1ban aktiviz\u00e1l\u00f3dik.<\/p>\n\n\n\n<p><em>\u201eAz \u00dar napj\u00e1t szenteld meg!\u201d<\/em>&nbsp;\u2013 sz\u00f3l a T\u00edzparancsolat (T\u00f6rv 5,12), a m\u00f3zesi t\u00f6rv\u00e9ny 3. parancsa. Ez az \u00f3sz\u00f6vets\u00e9g \u0151si parancsa, ami nem csak a kereszt\u00e9nyekre, zsid\u00f3kra, hanem minden emberre vonatkozik. \u00dagy parancs, ahogy a t\u00f6bbi kilenc is, nem tudunk ezek n\u00e9lk\u00fcl boldog, \u00e9ltes \u00e9letet \u00e9lmi. Persze lehet, mert szabad akaratunk van, minden egyes ember azt tesz, amit akar, de nem v\u00e1lik minden a jav\u00e1ra. Sem a saj\u00e1t, sem a m\u00e1sok jav\u00e1ra. Isten v\u00e9gtelen szeretet\u00e9nek c\u00e9lja \u00e9ppen az, hogy szeretetb\u0151l ismerj\u00fck meg \u0150t, aki maga a Szeretet, ez\u00e1ltal jussunk az igazs\u00e1g ismeret\u00e9t\u00e9re \u00e9s az \u00f6r\u00f6k, boldog \u00e9letre.<\/p>\n\n\n\n<p>A T\u00edzparancsolatot meg lehet szegni, de bizony a k\u00f6vetkezm\u00e9nyeit is el kell akkor szenvedni \u2013 ez az igazs\u00e1g t\u00f6rv\u00e9nye. Err\u0151l sz\u00f3l az emberi t\u00f6rt\u00e9nelem, ami az \u00fcdv\u00f6ss\u00e9gt\u00f6rt\u00e9net r\u00e9szek\u00e9nt meghat\u00e1rozza a mi k\u00f6r\u00fclm\u00e9nyeinket a vil\u00e1gban, t\u00e9rben \u00e9s id\u0151ben egyar\u00e1nt. Att\u00f3l szenved a vil\u00e1g, benne mi magunk is, szeretteink is, hogy nem tartjuk be Isten parancsait \u2013 se mi magunk, se m\u00e1s. Pedig milyen sz\u00e9p lenne a vil\u00e1g b\u0171n n\u00e9lk\u00fcl! A j\u00f3 h\u00edr, az evang\u00e9lium \u00e9ppen az, hogy ez a vil\u00e1g l\u00e9tezik. Ez Isten orsz\u00e1ga, ami t\u00f6k\u00e9letesen a Mennyben val\u00f3sul meg sz\u00e1munkra, de m\u00e1r itt a f\u00f6ldi \u00e9let\u00fcnkben is munk\u00e1lhatjuk.<\/p>\n\n\n\n<p>Isten akarata, hogy az \u0150 orsz\u00e1ga legyen itt \u00e9s most mikoz\u00f6tt\u00fcnk<em>: \u201eSzenteltess\u00e9k meg a Te neved, j\u00f6jj\u00f6n el a Te orsz\u00e1god, legyen meg a Te akaratod, amint a mennyben, \u00fagy itt lenn a f\u00f6ld\u00f6n is!\u201d<\/em>&nbsp;\u2013 a Miaty\u00e1nk im\u00e1ds\u00e1ga, amit leggyakrabban vesz\u00fcnk ajkunkra, \u00e9ppen ezt mondatja vel\u00fcnk, teh\u00e1t mi is ezt akarjuk val\u00f3ban. Nem is lenne \u00e9rtelme m\u00e1st akarni. Az im\u00e1d\u00e1s\u00e1g \u00edgy folytat\u00f3dik:&nbsp;<em>\u201eMindennapi kenyer\u00fcnket add meg nek\u00fcnk ma\u201d<\/em>&nbsp;\u2013 ez a mindennapi keny\u00e9r pedig nem m\u00e1s, mint az Olt\u00e1riszents\u00e9g, az Eucharisztia, Krisztus Teste, akit \u00e9ppen \u00darnapj\u00e1n \u00fcnnepl\u00fcnk. Adja meg nek\u00fcnk a Mindenhat\u00f3, hogy \u00f6r\u00f6k \u00e9let\u00fcnk legyen \u0150benne a Szent Teste \u00e9s V\u00e9re v\u00e9tele \u00e1ltal!<\/p>\n\n\n\n<p><\/p>\n\n\n\n<p>Csorba G\u00e1bor<\/p>\n\n\n\n<p>\u00e1lland\u00f3 diak\u00f3nus, karit\u00e1sz igazgat\u00f3<\/p>\n\n\n\n<p>Esztergom-Budapesti F\u0151egyh\u00e1zmegye<\/p>\n\n\n\n<p>Szent Erzs\u00e9bet Karit\u00e1sz K\u00f6zpont<\/p>\n\n\n\n<p class=\"has-background\" style=\"background-color:#cacaca\">Iroda:&nbsp;1033 Budapest III. ker. Szentendrei \u00fat 69-71. (K\u00f6vi Sz\u0171z M\u00e1ria Pl\u00e9b\u00e1nia)<\/p>\n\n\n\n<p class=\"has-background\" style=\"background-color:#cacaca\">Telefon: +36-1-351-1977<\/p>\n\n\n\n<p class=\"has-background\" style=\"background-color:#cacaca\">Mobil: +36-30-592-1483<\/p>\n\n\n\n<p class=\"has-background\" style=\"background-color:#cacaca\">E-mail:&nbsp;<a href=\"mailto:szenterzsebet@karitaszkozpont.hu\" target=\"_blank\" rel=\"noreferrer noopener\">szenterzsebet@karitaszkozpont.hu<\/a><\/p>\n\n\n\n<p class=\"has-background\" style=\"background-color:#cacaca\">Honlap, ahol a kor\u00e1bbi egypercesek is el\u00e9rhat\u0151k:&nbsp;<a href=\"http:\/\/www.karitaszkp.hu\/\" target=\"_blank\" rel=\"noreferrer noopener\">www.karitaszkp.hu<\/a><\/p>\n","protected":false},"excerpt":{"rendered":"<p>213. \u00darnapja 2023.&nbsp; \u201eUrunk, J\u00e9zus Krisztus, te ebben a csod\u00e1latos szents\u00e9gben k\u00ednszenved\u00e9sed eml\u00e9k\u00e9t hagytad r\u00e1nk. Add, k\u00e9r\u00fcnk, tested \u00e9s v\u00e9red szent titk\u00e1t \u00fagy tiszteln\u00fcnk, hogy megv\u00e1lt\u00e1sod gy\u00fcm\u00f6lcs\u00e9t sz\u00fcntelen\u00fcl \u00e9lvezz\u00fck!&nbsp;\u201d (Napi szentmise kollekta k\u00f6ny\u00f6rg\u00e9se) Kedves Karit\u00e1sz \u00d6nk\u00e9ntesek, Munkat\u00e1rsak, Testv\u00e9rek az \u00darban!&nbsp; Krisztus Test\u00e9nek \u00e9s V\u00e9r\u00e9nek f\u0151\u00fcnnepe hit\u00fcnk l\u00e9nyege, sziklaalapja \u2013 olyan \u00fcnnep, melyet csak az apostoli &hellip; <\/p>\n<p class=\"link-more\"><a href=\"https:\/\/karitaszkozpont.hu\/?p=2910\" class=\"more-link\">Continue reading<span class=\"screen-reader-text\"> &#8222;<strong>213. \u00darnapja 2023.\u00a0<\/strong>&#8222;<\/span><\/a><\/p>\n","protected":false},"author":1,"featured_media":563,"comment_status":"closed","ping_status":"open","sticky":false,"template":"","format":"standard","meta":[],"categories":[8],"tags":[],"yoast_head":"<!-- This site is optimized with the Yoast SEO plugin v20.1 - https:\/\/yoast.com\/wordpress\/plugins\/seo\/ -->\n<title>213. \u00darnapja 2023.\u00a0 - Szent Erzs\u00e9bet Karit\u00e1sz K\u00f6zpont<\/title>\n<meta name=\"robots\" content=\"index, follow, max-snippet:-1, max-image-preview:large, max-video-preview:-1\" \/>\n<link rel=\"canonical\" href=\"https:\/\/karitaszkozpont.hu\/?p=2910\" \/>\n<meta property=\"og:locale\" content=\"hu_HU\" \/>\n<meta property=\"og:type\" content=\"article\" \/>\n<meta property=\"og:title\" content=\"213. \u00darnapja 2023.\u00a0 - Szent Erzs\u00e9bet Karit\u00e1sz K\u00f6zpont\" \/>\n<meta property=\"og:description\" content=\"213. \u00darnapja 2023.&nbsp; \u201eUrunk, J\u00e9zus Krisztus, te ebben a csod\u00e1latos szents\u00e9gben k\u00ednszenved\u00e9sed eml\u00e9k\u00e9t hagytad r\u00e1nk. Add, k\u00e9r\u00fcnk, tested \u00e9s v\u00e9red szent titk\u00e1t \u00fagy tiszteln\u00fcnk, hogy megv\u00e1lt\u00e1sod gy\u00fcm\u00f6lcs\u00e9t sz\u00fcntelen\u00fcl \u00e9lvezz\u00fck!&nbsp;\u201d (Napi szentmise kollekta k\u00f6ny\u00f6rg\u00e9se) Kedves Karit\u00e1sz \u00d6nk\u00e9ntesek, Munkat\u00e1rsak, Testv\u00e9rek az \u00darban!&nbsp; Krisztus Test\u00e9nek \u00e9s V\u00e9r\u00e9nek f\u0151\u00fcnnepe hit\u00fcnk l\u00e9nyege, sziklaalapja \u2013 olyan \u00fcnnep, melyet csak az apostoli &hellip; Continue reading &quot;213. \u00darnapja 2023.\u00a0&quot;\" \/>\n<meta property=\"og:url\" content=\"https:\/\/karitaszkozpont.hu\/?p=2910\" \/>\n<meta property=\"og:site_name\" content=\"Szent Erzs\u00e9bet Karit\u00e1sz K\u00f6zpont\" \/>\n<meta property=\"article:published_time\" content=\"2023-06-10T17:55:15+00:00\" \/>\n<meta property=\"article:modified_time\" content=\"2023-06-10T17:55:16+00:00\" \/>\n<meta property=\"og:image\" content=\"https:\/\/karitaszkozpont.hu\/wp-content\/uploads\/2019\/07\/egyperceslogo.jpg\" \/>\n\t<meta property=\"og:image:width\" content=\"2300\" \/>\n\t<meta property=\"og:image:height\" content=\"1528\" \/>\n\t<meta property=\"og:image:type\" content=\"image\/jpeg\" \/>\n<meta name=\"author\" content=\"Karit\u00e1sz K\u00f6zpont\" \/>\n<meta name=\"twitter:card\" content=\"summary_large_image\" \/>\n<meta name=\"twitter:label1\" content=\"Szerz\u0151:\" \/>\n\t<meta name=\"twitter:data1\" content=\"Karit\u00e1sz K\u00f6zpont\" \/>\n\t<meta name=\"twitter:label2\" content=\"Becs\u00fclt olvas\u00e1si id\u0151\" \/>\n\t<meta name=\"twitter:data2\" content=\"4 perc\" \/>\n<script type=\"application\/ld+json\" class=\"yoast-schema-graph\">{\"@context\":\"https:\/\/schema.org\",\"@graph\":[{\"@type\":\"Article\",\"@id\":\"https:\/\/karitaszkozpont.hu\/?p=2910#article\",\"isPartOf\":{\"@id\":\"https:\/\/karitaszkozpont.hu\/?p=2910\"},\"author\":{\"name\":\"Karit\u00e1sz K\u00f6zpont\",\"@id\":\"https:\/\/karitaszkozpont.hu\/#\/schema\/person\/0d9c28244c111914ea13bb1248775e57\"},\"headline\":\"213. \u00darnapja 2023.\u00a0\",\"datePublished\":\"2023-06-10T17:55:15+00:00\",\"dateModified\":\"2023-06-10T17:55:16+00:00\",\"mainEntityOfPage\":{\"@id\":\"https:\/\/karitaszkozpont.hu\/?p=2910\"},\"wordCount\":951,\"publisher\":{\"@id\":\"https:\/\/karitaszkozpont.hu\/#organization\"},\"articleSection\":[\"Egypercesek\"],\"inLanguage\":\"hu\"},{\"@type\":\"WebPage\",\"@id\":\"https:\/\/karitaszkozpont.hu\/?p=2910\",\"url\":\"https:\/\/karitaszkozpont.hu\/?p=2910\",\"name\":\"213. \u00darnapja 2023.\u00a0 - Szent Erzs\u00e9bet Karit\u00e1sz K\u00f6zpont\",\"isPartOf\":{\"@id\":\"https:\/\/karitaszkozpont.hu\/#website\"},\"datePublished\":\"2023-06-10T17:55:15+00:00\",\"dateModified\":\"2023-06-10T17:55:16+00:00\",\"breadcrumb\":{\"@id\":\"https:\/\/karitaszkozpont.hu\/?p=2910#breadcrumb\"},\"inLanguage\":\"hu\",\"potentialAction\":[{\"@type\":\"ReadAction\",\"target\":[\"https:\/\/karitaszkozpont.hu\/?p=2910\"]}]},{\"@type\":\"BreadcrumbList\",\"@id\":\"https:\/\/karitaszkozpont.hu\/?p=2910#breadcrumb\",\"itemListElement\":[{\"@type\":\"ListItem\",\"position\":1,\"name\":\"Kezd\u0151lap\",\"item\":\"https:\/\/karitaszkozpont.hu\/\"},{\"@type\":\"ListItem\",\"position\":2,\"name\":\"213. \u00darnapja 2023.\u00a0\"}]},{\"@type\":\"WebSite\",\"@id\":\"https:\/\/karitaszkozpont.hu\/#website\",\"url\":\"https:\/\/karitaszkozpont.hu\/\",\"name\":\"Szent Erzs\u00e9bet Karit\u00e1sz K\u00f6zpont\",\"description\":\"Esztergom-Budapesti F\u0151egyh\u00e1zmegye\",\"publisher\":{\"@id\":\"https:\/\/karitaszkozpont.hu\/#organization\"},\"potentialAction\":[{\"@type\":\"SearchAction\",\"target\":{\"@type\":\"EntryPoint\",\"urlTemplate\":\"https:\/\/karitaszkozpont.hu\/?s={search_term_string}\"},\"query-input\":\"required name=search_term_string\"}],\"inLanguage\":\"hu\"},{\"@type\":\"Organization\",\"@id\":\"https:\/\/karitaszkozpont.hu\/#organization\",\"name\":\"Szent Erzs\u00e9bet Karit\u00e1sz K\u00f6zpont\",\"url\":\"https:\/\/karitaszkozpont.hu\/\",\"logo\":{\"@type\":\"ImageObject\",\"inLanguage\":\"hu\",\"@id\":\"https:\/\/karitaszkozpont.hu\/#\/schema\/logo\/image\/\",\"url\":\"https:\/\/karitaszkp.hu\/wp-content\/uploads\/2019\/06\/cropped-logo-arnyekos-1.png\",\"contentUrl\":\"https:\/\/karitaszkp.hu\/wp-content\/uploads\/2019\/06\/cropped-logo-arnyekos-1.png\",\"width\":240,\"height\":247,\"caption\":\"Szent Erzs\u00e9bet Karit\u00e1sz K\u00f6zpont\"},\"image\":{\"@id\":\"https:\/\/karitaszkozpont.hu\/#\/schema\/logo\/image\/\"}},{\"@type\":\"Person\",\"@id\":\"https:\/\/karitaszkozpont.hu\/#\/schema\/person\/0d9c28244c111914ea13bb1248775e57\",\"name\":\"Karit\u00e1sz K\u00f6zpont\",\"image\":{\"@type\":\"ImageObject\",\"inLanguage\":\"hu\",\"@id\":\"https:\/\/karitaszkozpont.hu\/#\/schema\/person\/image\/\",\"url\":\"https:\/\/secure.gravatar.com\/avatar\/1274acd7c62f3cac92d2b38aad20c71b?s=96&d=mm&r=g\",\"contentUrl\":\"https:\/\/secure.gravatar.com\/avatar\/1274acd7c62f3cac92d2b38aad20c71b?s=96&d=mm&r=g\",\"caption\":\"Karit\u00e1sz K\u00f6zpont\"},\"url\":\"https:\/\/karitaszkozpont.hu\/?author=1\"}]}<\/script>\n<!-- \/ Yoast SEO plugin. -->","yoast_head_json":{"title":"213. \u00darnapja 2023.\u00a0 - Szent Erzs\u00e9bet Karit\u00e1sz K\u00f6zpont","robots":{"index":"index","follow":"follow","max-snippet":"max-snippet:-1","max-image-preview":"max-image-preview:large","max-video-preview":"max-video-preview:-1"},"canonical":"https:\/\/karitaszkozpont.hu\/?p=2910","og_locale":"hu_HU","og_type":"article","og_title":"213. \u00darnapja 2023.\u00a0 - Szent Erzs\u00e9bet Karit\u00e1sz K\u00f6zpont","og_description":"213. \u00darnapja 2023.&nbsp; \u201eUrunk, J\u00e9zus Krisztus, te ebben a csod\u00e1latos szents\u00e9gben k\u00ednszenved\u00e9sed eml\u00e9k\u00e9t hagytad r\u00e1nk. Add, k\u00e9r\u00fcnk, tested \u00e9s v\u00e9red szent titk\u00e1t \u00fagy tiszteln\u00fcnk, hogy megv\u00e1lt\u00e1sod gy\u00fcm\u00f6lcs\u00e9t sz\u00fcntelen\u00fcl \u00e9lvezz\u00fck!&nbsp;\u201d (Napi szentmise kollekta k\u00f6ny\u00f6rg\u00e9se) Kedves Karit\u00e1sz \u00d6nk\u00e9ntesek, Munkat\u00e1rsak, Testv\u00e9rek az \u00darban!&nbsp; Krisztus Test\u00e9nek \u00e9s V\u00e9r\u00e9nek f\u0151\u00fcnnepe hit\u00fcnk l\u00e9nyege, sziklaalapja \u2013 olyan \u00fcnnep, melyet csak az apostoli &hellip; Continue reading \"213. \u00darnapja 2023.\u00a0\"","og_url":"https:\/\/karitaszkozpont.hu\/?p=2910","og_site_name":"Szent Erzs\u00e9bet Karit\u00e1sz K\u00f6zpont","article_published_time":"2023-06-10T17:55:15+00:00","article_modified_time":"2023-06-10T17:55:16+00:00","og_image":[{"width":2300,"height":1528,"url":"https:\/\/karitaszkozpont.hu\/wp-content\/uploads\/2019\/07\/egyperceslogo.jpg","type":"image\/jpeg"}],"author":"Karit\u00e1sz K\u00f6zpont","twitter_card":"summary_large_image","twitter_misc":{"Szerz\u0151:":"Karit\u00e1sz K\u00f6zpont","Becs\u00fclt olvas\u00e1si id\u0151":"4 perc"},"schema":{"@context":"https:\/\/schema.org","@graph":[{"@type":"Article","@id":"https:\/\/karitaszkozpont.hu\/?p=2910#article","isPartOf":{"@id":"https:\/\/karitaszkozpont.hu\/?p=2910"},"author":{"name":"Karit\u00e1sz K\u00f6zpont","@id":"https:\/\/karitaszkozpont.hu\/#\/schema\/person\/0d9c28244c111914ea13bb1248775e57"},"headline":"213. \u00darnapja 2023.\u00a0","datePublished":"2023-06-10T17:55:15+00:00","dateModified":"2023-06-10T17:55:16+00:00","mainEntityOfPage":{"@id":"https:\/\/karitaszkozpont.hu\/?p=2910"},"wordCount":951,"publisher":{"@id":"https:\/\/karitaszkozpont.hu\/#organization"},"articleSection":["Egypercesek"],"inLanguage":"hu"},{"@type":"WebPage","@id":"https:\/\/karitaszkozpont.hu\/?p=2910","url":"https:\/\/karitaszkozpont.hu\/?p=2910","name":"213. \u00darnapja 2023.\u00a0 - Szent Erzs\u00e9bet Karit\u00e1sz K\u00f6zpont","isPartOf":{"@id":"https:\/\/karitaszkozpont.hu\/#website"},"datePublished":"2023-06-10T17:55:15+00:00","dateModified":"2023-06-10T17:55:16+00:00","breadcrumb":{"@id":"https:\/\/karitaszkozpont.hu\/?p=2910#breadcrumb"},"inLanguage":"hu","potentialAction":[{"@type":"ReadAction","target":["https:\/\/karitaszkozpont.hu\/?p=2910"]}]},{"@type":"BreadcrumbList","@id":"https:\/\/karitaszkozpont.hu\/?p=2910#breadcrumb","itemListElement":[{"@type":"ListItem","position":1,"name":"Kezd\u0151lap","item":"https:\/\/karitaszkozpont.hu\/"},{"@type":"ListItem","position":2,"name":"213. \u00darnapja 2023.\u00a0"}]},{"@type":"WebSite","@id":"https:\/\/karitaszkozpont.hu\/#website","url":"https:\/\/karitaszkozpont.hu\/","name":"Szent Erzs\u00e9bet Karit\u00e1sz K\u00f6zpont","description":"Esztergom-Budapesti F\u0151egyh\u00e1zmegye","publisher":{"@id":"https:\/\/karitaszkozpont.hu\/#organization"},"potentialAction":[{"@type":"SearchAction","target":{"@type":"EntryPoint","urlTemplate":"https:\/\/karitaszkozpont.hu\/?s={search_term_string}"},"query-input":"required name=search_term_string"}],"inLanguage":"hu"},{"@type":"Organization","@id":"https:\/\/karitaszkozpont.hu\/#organization","name":"Szent Erzs\u00e9bet Karit\u00e1sz K\u00f6zpont","url":"https:\/\/karitaszkozpont.hu\/","logo":{"@type":"ImageObject","inLanguage":"hu","@id":"https:\/\/karitaszkozpont.hu\/#\/schema\/logo\/image\/","url":"https:\/\/karitaszkp.hu\/wp-content\/uploads\/2019\/06\/cropped-logo-arnyekos-1.png","contentUrl":"https:\/\/karitaszkp.hu\/wp-content\/uploads\/2019\/06\/cropped-logo-arnyekos-1.png","width":240,"height":247,"caption":"Szent Erzs\u00e9bet Karit\u00e1sz K\u00f6zpont"},"image":{"@id":"https:\/\/karitaszkozpont.hu\/#\/schema\/logo\/image\/"}},{"@type":"Person","@id":"https:\/\/karitaszkozpont.hu\/#\/schema\/person\/0d9c28244c111914ea13bb1248775e57","name":"Karit\u00e1sz K\u00f6zpont","image":{"@type":"ImageObject","inLanguage":"hu","@id":"https:\/\/karitaszkozpont.hu\/#\/schema\/person\/image\/","url":"https:\/\/secure.gravatar.com\/avatar\/1274acd7c62f3cac92d2b38aad20c71b?s=96&d=mm&r=g","contentUrl":"https:\/\/secure.gravatar.com\/avatar\/1274acd7c62f3cac92d2b38aad20c71b?s=96&d=mm&r=g","caption":"Karit\u00e1sz K\u00f6zpont"},"url":"https:\/\/karitaszkozpont.hu\/?author=1"}]}},"_links":{"self":[{"href":"https:\/\/karitaszkozpont.hu\/index.php?rest_route=\/wp\/v2\/posts\/2910"}],"collection":[{"href":"https:\/\/karitaszkozpont.hu\/index.php?rest_route=\/wp\/v2\/posts"}],"about":[{"href":"https:\/\/karitaszkozpont.hu\/index.php?rest_route=\/wp\/v2\/types\/post"}],"author":[{"embeddable":true,"href":"https:\/\/karitaszkozpont.hu\/index.php?rest_route=\/wp\/v2\/users\/1"}],"replies":[{"embeddable":true,"href":"https:\/\/karitaszkozpont.hu\/index.php?rest_route=%2Fwp%2Fv2%2Fcomments&post=2910"}],"version-history":[{"count":1,"href":"https:\/\/karitaszkozpont.hu\/index.php?rest_route=\/wp\/v2\/posts\/2910\/revisions"}],"predecessor-version":[{"id":2911,"href":"https:\/\/karitaszkozpont.hu\/index.php?rest_route=\/wp\/v2\/posts\/2910\/revisions\/2911"}],"wp:featuredmedia":[{"embeddable":true,"href":"https:\/\/karitaszkozpont.hu\/index.php?rest_route=\/wp\/v2\/media\/563"}],"wp:attachment":[{"href":"https:\/\/karitaszkozpont.hu\/index.php?rest_route=%2Fwp%2Fv2%2Fmedia&parent=2910"}],"wp:term":[{"taxonomy":"category","embeddable":true,"href":"https:\/\/karitaszkozpont.hu\/index.php?rest_route=%2Fwp%2Fv2%2Fcategories&post=2910"},{"taxonomy":"post_tag","embeddable":true,"href":"https:\/\/karitaszkozpont.hu\/index.php?rest_route=%2Fwp%2Fv2%2Ftags&post=2910"}],"curies":[{"name":"wp","href":"https:\/\/api.w.org\/{rel}","templated":true}]}}