{"id":2906,"date":"2023-06-08T20:39:04","date_gmt":"2023-06-08T18:39:04","guid":{"rendered":"https:\/\/karitaszkp.hu\/?p=2906"},"modified":"2023-06-08T20:39:06","modified_gmt":"2023-06-08T18:39:06","slug":"szeretet-szolgalat-szeretetszolgalat","status":"publish","type":"post","link":"https:\/\/karitaszkozpont.hu\/?p=2906","title":{"rendered":"Szeretet, szolg\u00e1lat, szeretetszolg\u00e1lat"},"content":{"rendered":"\n<p class=\"has-white-color has-vivid-red-background-color has-text-color has-background has-large-font-size\"><strong>Szeretet, szolg\u00e1lat, szeretetszolg\u00e1lat<\/strong><\/p>\n\n\n\n<p>Bevallom, kezdtem k\u00e9ts\u00e9gbeesni, mikor az \u00fan. int\u00e9zm\u00e9nyi meg\u00e1llapod\u00e1s lead\u00e1s\u00e1nak hat\u00e1rideje el\u0151tti h\u00e9ten sem tudtam, hogy hova megyek szakmai gyakorlatra. A P\u00e1zm\u00e1ny P\u00e9ter Katolikus Egyetem szoci\u00e1lpedag\u00f3gia szakos hallgat\u00f3jak\u00e9nt f\u00e9l\u00e9vente k\u00f6telez\u0151 sz\u00e1zh\u00fasz \u00f3r\u00e1t elt\u00f6lteni egy szoci\u00e1lis tev\u00e9kenys\u00e9get ell\u00e1t\u00f3 int\u00e9zm\u00e9nyben, \u00e9n pedig tartottam att\u00f3l, hogy id\u00e9n ezt nem fogom tudni teljes\u00edteni. &nbsp;Azt\u00e1n szinte a semmib\u0151l -, mint egy \u00e9gi \u00e1ld\u00e1s &#8211; pottyant az \u00f6lembe a lehet\u0151s\u00e9g, amely mindv\u00e9gig a szemem el\u0151tt volt, csak \u00e1tsiklottam felette. Hogy ez puszta szerencse, vagy az isteni gondvisel\u00e9s\u2026 nos, visszatekintve azt gondolom, hogy az ut\u00f3bbi.<\/p>\n\n\n\n<p>Febru\u00e1r tizenharmadika, h\u00e9tf\u0151 volt, \u00e9n pedig feszengve \u00e1lltam a Szentendrei \u00fat 69-71 sz\u00e1m alatt tal\u00e1lhat\u00f3 Szent Erzs\u00e9bet Karit\u00e1sz K\u00f6zpont massz\u00edv t\u00e9gla\u00e9p\u00fclete el\u0151tt. \u00daj hely, idegen emberek, elv\u00e1r\u00e1sok, feladatok, megfelel\u00e9s. Mindezen dolgok gyomorszorongat\u00f3 gondolata persze csup\u00e1n addig tartott, am\u00edg a k\u00f6zponti irodavezet\u0151, s egyben (a gyakorlat alatt) tereptan\u00e1rom, M\u00e1rton Andrea, szociol\u00f3gus, szakmai irodavezet\u0151 k\u00f6rbe vezetett az Iroda helyis\u00e9geiben, \u00e9n pedig tal\u00e1lkozhattam a karit\u00e1sz programok m\u00f6g\u00f6tt \u00e1ll\u00f3, \u00e9s a seg\u00edts\u00e9gny\u00fajt\u00e1s ir\u00e1nt elk\u00f6telez\u0151d\u00f6tt munkat\u00e1rsakkal. Meleg sz\u00edvvel fogadtak, a legt\u00f6bben azonnal megk\u00e9rtek, hogy tegez\u0151dj\u00fcnk, nekem pedig olyan \u00e9rz\u00e9sem t\u00e1madt ett\u0151l, mintha leend\u0151 koll\u00e9gak\u00e9nt tekinten\u00e9nek r\u00e1m.<\/p>\n\n\n\n<p>Akkor m\u00e9g nem sejtettem, milyen mozgalmas sz\u00e1zh\u00fasz \u00f3ra \u00e1ll el\u0151ttem. Hab\u00e1r az egyetemi szemin\u00e1riumok \u00e9s a munka mellett sokszor neh\u00e9z volt elindulni egy-egy programra, minden perc\u00e9t \u00e9lveztem a karit\u00e1szn\u00e1l t\u00f6lt\u00f6tt id\u0151nek. A tal\u00e1lkoz\u00e1sok, besz\u00e9lget\u00e9sek lelkileg felt\u00f6lt\u00f6ttek \u00e9s szinte minden alkalommal t\u00f6bb energi\u00e1val t\u00e9rtem haza, mint amennyivel \u00fatnak indultam.<\/p>\n\n\n\n<figure class=\"wp-block-image size-large\"><img decoding=\"async\" loading=\"lazy\" width=\"1024\" height=\"692\" src=\"https:\/\/karitaszkp.hu\/wp-content\/uploads\/2023\/06\/DSC_1789-1024x692.jpg\" alt=\"\" class=\"wp-image-2908\" srcset=\"https:\/\/karitaszkozpont.hu\/wp-content\/uploads\/2023\/06\/DSC_1789-1024x692.jpg 1024w, https:\/\/karitaszkozpont.hu\/wp-content\/uploads\/2023\/06\/DSC_1789-300x203.jpg 300w, https:\/\/karitaszkozpont.hu\/wp-content\/uploads\/2023\/06\/DSC_1789-768x519.jpg 768w, https:\/\/karitaszkozpont.hu\/wp-content\/uploads\/2023\/06\/DSC_1789-1536x1038.jpg 1536w, https:\/\/karitaszkozpont.hu\/wp-content\/uploads\/2023\/06\/DSC_1789-2048x1384.jpg 2048w\" sizes=\"(max-width: 1024px) 100vw, 1024px\" \/><\/figure>\n\n\n\n<p>Andrea \u2013 szok\u00e1sos teend\u0151i mellett \u2013 tereptan\u00e1ri feladatait is marad\u00e9ktalanul ell\u00e1tta. Hat\u00e1rozott elv\u00e1r\u00e1sai voltak a gyakorlattal kapcsolatban, s vil\u00e1gosan k\u00f6z\u00f6lte is ezeket, tov\u00e1bb\u00e1 programtervet \u00e1ll\u00edtott \u00f6ssze, amit szerencs\u00e9sen siker\u00fclt beillesztenem a mindennapjaimba. \u00cdgy v\u00e1lt majd m\u00e1sf\u00e9l h\u00f3napig a h\u00e9tk\u00f6znapok r\u00e9sz\u00e9v\u00e9 a ruha-, illetve \u00e9teloszt\u00e1s a r\u00e1szorul\u00f3knak, a szenved\u00e9lybetegseg\u00edt\u00e9s, vagy a karit\u00e1sz mis\u00e9ken val\u00f3 r\u00e9szv\u00e9tel.<\/p>\n\n\n\n<p>J\u00e1rtam a Lujza utcai Szoci\u00e1lis K\u00f6zpontban, ahol Gy\u00f6ngyi mindig j\u00f3 sz\u00f3val v\u00e1rja a bet\u00e9ved\u0151ket, \u00e9rdekl\u0151dik azok ir\u00e1nt, akiket szem\u00e9lyesen, r\u00e9gebb \u00f3ta ismer. A Havanna lak\u00f3telepen \u00e1ll\u00f3 \u2013, m\u00e1ra m\u00e1r kev\u00e9sb\u00e9 \u2013 lepusztult panelek egyik\u00e9nek t\u00f6v\u00e9ben megb\u00faj\u00f3 kis helyis\u00e9gben Kati (pontosabban Katik, merthogy t\u00f6bben vannak) tev\u00e9kenykedik a r\u00e1szorul\u00f3k\u00e9rt; a Szenved\u00e9lybeteg-seg\u00edt\u0151 Lelki K\u00f6zpontban pedig B\u00f6be \u00e9s Gizella nyit ajt\u00f3t, ha cs\u00f6ngetnek \u00e9s t\u00e1rt karokkal v\u00e1rj\u00e1k az \u00e9rkez\u0151t. Elutaztam Pesthidegk\u00fatra a \u201eMozg\u00e1ss\u00e9r\u00fclt lak\u00f3telepre\u201d, voltam K\u00e1poszt\u00e1smegyeren, Kispesten, s\u0151t, m\u00e9g Esztergomban, Tokodon \u00e9s Le\u00e1nyv\u00e1ron is.<\/p>\n\n\n\n<p>Az emberek, seg\u00edts\u00e9get k\u00e9r\u0151k j\u00f6ttek-mentek mindenhol, m\u00e9gis, a karit\u00e1sz munkat\u00e1rsak \u00e9s \u00f6nk\u00e9ntesek odaad\u00f3an, a szolg\u00e1l\u00f3 szeretet szellem\u00e9ben fordultak kiv\u00e9tel n\u00e9lk\u00fcl mindenki fel\u00e9, legyen az ismer\u0151s, vagy ismeretlen. Sosem \u00e9reztem, hogy felesleges feladat, vagy teher lenn\u00e9k. Tev\u00e9kenyen r\u00e9szt vehettem az a Szent Erzs\u00e9bet Karit\u00e1sz K\u00f6zpont \u00e9let\u00e9ben, s ek\u00f6zben szem\u00e9lyis\u00e9gben \u00e9s hitben is siker\u00fclt \u00e9p\u00fcln\u00f6m.<\/p>\n\n\n\n<p>Meg\u00e9rtettem, hogy a seg\u00edt\u00e9s, a r\u00e1szorul\u00f3k szolg\u00e1lata szeretet n\u00e9lk\u00fcl mit sem \u00e9r, \u00e9s, hogy a szeretet akkor az igazi, ha tettekben is megnyilv\u00e1nul. E kett\u0151 \u00f6tv\u00f6z\u0151dik \u00e9s megval\u00f3sul a Karit\u00e1szban; \u00edgy t\u00f6lthettem \u00e9n is a szakmai gyakorlatomat a tev\u00e9keny szeretet, a Karit\u00e1sz nev\u00e9ben.<\/p>\n\n\n\n<p>Kata, szoci\u00e1lpedag\u00f3gus hallgat\u00f3<\/p>\n","protected":false},"excerpt":{"rendered":"<p>Szeretet, szolg\u00e1lat, szeretetszolg\u00e1lat Bevallom, kezdtem k\u00e9ts\u00e9gbeesni, mikor az \u00fan. int\u00e9zm\u00e9nyi meg\u00e1llapod\u00e1s lead\u00e1s\u00e1nak hat\u00e1rideje el\u0151tti h\u00e9ten sem tudtam, hogy hova megyek szakmai gyakorlatra. A P\u00e1zm\u00e1ny P\u00e9ter Katolikus Egyetem szoci\u00e1lpedag\u00f3gia szakos hallgat\u00f3jak\u00e9nt f\u00e9l\u00e9vente k\u00f6telez\u0151 sz\u00e1zh\u00fasz \u00f3r\u00e1t elt\u00f6lteni egy szoci\u00e1lis tev\u00e9kenys\u00e9get ell\u00e1t\u00f3 int\u00e9zm\u00e9nyben, \u00e9n pedig tartottam att\u00f3l, hogy id\u00e9n ezt nem fogom tudni teljes\u00edteni. &nbsp;Azt\u00e1n szinte a semmib\u0151l &hellip; <\/p>\n<p class=\"link-more\"><a href=\"https:\/\/karitaszkozpont.hu\/?p=2906\" class=\"more-link\">Continue reading<span class=\"screen-reader-text\"> &#8222;Szeretet, szolg\u00e1lat, szeretetszolg\u00e1lat&#8221;<\/span><\/a><\/p>\n","protected":false},"author":1,"featured_media":2907,"comment_status":"closed","ping_status":"open","sticky":false,"template":"","format":"standard","meta":[],"categories":[4],"tags":[],"yoast_head":"<!-- This site is optimized with the Yoast SEO plugin v20.1 - https:\/\/yoast.com\/wordpress\/plugins\/seo\/ -->\n<title>Szeretet, szolg\u00e1lat, szeretetszolg\u00e1lat - Szent Erzs\u00e9bet Karit\u00e1sz K\u00f6zpont<\/title>\n<meta name=\"robots\" content=\"index, follow, max-snippet:-1, max-image-preview:large, max-video-preview:-1\" \/>\n<link rel=\"canonical\" href=\"https:\/\/karitaszkozpont.hu\/?p=2906\" \/>\n<meta property=\"og:locale\" content=\"hu_HU\" \/>\n<meta property=\"og:type\" content=\"article\" \/>\n<meta property=\"og:title\" content=\"Szeretet, szolg\u00e1lat, szeretetszolg\u00e1lat - Szent Erzs\u00e9bet Karit\u00e1sz K\u00f6zpont\" \/>\n<meta property=\"og:description\" content=\"Szeretet, szolg\u00e1lat, szeretetszolg\u00e1lat Bevallom, kezdtem k\u00e9ts\u00e9gbeesni, mikor az \u00fan. int\u00e9zm\u00e9nyi meg\u00e1llapod\u00e1s lead\u00e1s\u00e1nak hat\u00e1rideje el\u0151tti h\u00e9ten sem tudtam, hogy hova megyek szakmai gyakorlatra. A P\u00e1zm\u00e1ny P\u00e9ter Katolikus Egyetem szoci\u00e1lpedag\u00f3gia szakos hallgat\u00f3jak\u00e9nt f\u00e9l\u00e9vente k\u00f6telez\u0151 sz\u00e1zh\u00fasz \u00f3r\u00e1t elt\u00f6lteni egy szoci\u00e1lis tev\u00e9kenys\u00e9get ell\u00e1t\u00f3 int\u00e9zm\u00e9nyben, \u00e9n pedig tartottam att\u00f3l, hogy id\u00e9n ezt nem fogom tudni teljes\u00edteni. &nbsp;Azt\u00e1n szinte a semmib\u0151l &hellip; Continue reading &quot;Szeretet, szolg\u00e1lat, szeretetszolg\u00e1lat&quot;\" \/>\n<meta property=\"og:url\" content=\"https:\/\/karitaszkozpont.hu\/?p=2906\" \/>\n<meta property=\"og:site_name\" content=\"Szent Erzs\u00e9bet Karit\u00e1sz K\u00f6zpont\" \/>\n<meta property=\"article:published_time\" content=\"2023-06-08T18:39:04+00:00\" \/>\n<meta property=\"article:modified_time\" content=\"2023-06-08T18:39:06+00:00\" \/>\n<meta property=\"og:image\" content=\"https:\/\/karitaszkozpont.hu\/wp-content\/uploads\/2023\/06\/DSC_2018-scaled.jpg\" \/>\n\t<meta property=\"og:image:width\" content=\"2560\" \/>\n\t<meta property=\"og:image:height\" content=\"1721\" \/>\n\t<meta property=\"og:image:type\" content=\"image\/jpeg\" \/>\n<meta name=\"author\" content=\"Karit\u00e1sz K\u00f6zpont\" \/>\n<meta name=\"twitter:card\" content=\"summary_large_image\" \/>\n<meta name=\"twitter:label1\" content=\"Szerz\u0151:\" \/>\n\t<meta name=\"twitter:data1\" content=\"Karit\u00e1sz K\u00f6zpont\" \/>\n\t<meta name=\"twitter:label2\" content=\"Becs\u00fclt olvas\u00e1si id\u0151\" \/>\n\t<meta name=\"twitter:data2\" content=\"3 perc\" \/>\n<script type=\"application\/ld+json\" class=\"yoast-schema-graph\">{\"@context\":\"https:\/\/schema.org\",\"@graph\":[{\"@type\":\"Article\",\"@id\":\"https:\/\/karitaszkozpont.hu\/?p=2906#article\",\"isPartOf\":{\"@id\":\"https:\/\/karitaszkozpont.hu\/?p=2906\"},\"author\":{\"name\":\"Karit\u00e1sz K\u00f6zpont\",\"@id\":\"https:\/\/karitaszkozpont.hu\/#\/schema\/person\/0d9c28244c111914ea13bb1248775e57\"},\"headline\":\"Szeretet, szolg\u00e1lat, szeretetszolg\u00e1lat\",\"datePublished\":\"2023-06-08T18:39:04+00:00\",\"dateModified\":\"2023-06-08T18:39:06+00:00\",\"mainEntityOfPage\":{\"@id\":\"https:\/\/karitaszkozpont.hu\/?p=2906\"},\"wordCount\":707,\"publisher\":{\"@id\":\"https:\/\/karitaszkozpont.hu\/#organization\"},\"articleSection\":[\"H\u00edrek\"],\"inLanguage\":\"hu\"},{\"@type\":\"WebPage\",\"@id\":\"https:\/\/karitaszkozpont.hu\/?p=2906\",\"url\":\"https:\/\/karitaszkozpont.hu\/?p=2906\",\"name\":\"Szeretet, szolg\u00e1lat, szeretetszolg\u00e1lat - Szent Erzs\u00e9bet Karit\u00e1sz K\u00f6zpont\",\"isPartOf\":{\"@id\":\"https:\/\/karitaszkozpont.hu\/#website\"},\"datePublished\":\"2023-06-08T18:39:04+00:00\",\"dateModified\":\"2023-06-08T18:39:06+00:00\",\"breadcrumb\":{\"@id\":\"https:\/\/karitaszkozpont.hu\/?p=2906#breadcrumb\"},\"inLanguage\":\"hu\",\"potentialAction\":[{\"@type\":\"ReadAction\",\"target\":[\"https:\/\/karitaszkozpont.hu\/?p=2906\"]}]},{\"@type\":\"BreadcrumbList\",\"@id\":\"https:\/\/karitaszkozpont.hu\/?p=2906#breadcrumb\",\"itemListElement\":[{\"@type\":\"ListItem\",\"position\":1,\"name\":\"Kezd\u0151lap\",\"item\":\"https:\/\/karitaszkozpont.hu\/\"},{\"@type\":\"ListItem\",\"position\":2,\"name\":\"Szeretet, szolg\u00e1lat, szeretetszolg\u00e1lat\"}]},{\"@type\":\"WebSite\",\"@id\":\"https:\/\/karitaszkozpont.hu\/#website\",\"url\":\"https:\/\/karitaszkozpont.hu\/\",\"name\":\"Szent Erzs\u00e9bet Karit\u00e1sz K\u00f6zpont\",\"description\":\"Esztergom-Budapesti F\u0151egyh\u00e1zmegye\",\"publisher\":{\"@id\":\"https:\/\/karitaszkozpont.hu\/#organization\"},\"potentialAction\":[{\"@type\":\"SearchAction\",\"target\":{\"@type\":\"EntryPoint\",\"urlTemplate\":\"https:\/\/karitaszkozpont.hu\/?s={search_term_string}\"},\"query-input\":\"required name=search_term_string\"}],\"inLanguage\":\"hu\"},{\"@type\":\"Organization\",\"@id\":\"https:\/\/karitaszkozpont.hu\/#organization\",\"name\":\"Szent Erzs\u00e9bet Karit\u00e1sz K\u00f6zpont\",\"url\":\"https:\/\/karitaszkozpont.hu\/\",\"logo\":{\"@type\":\"ImageObject\",\"inLanguage\":\"hu\",\"@id\":\"https:\/\/karitaszkozpont.hu\/#\/schema\/logo\/image\/\",\"url\":\"https:\/\/karitaszkp.hu\/wp-content\/uploads\/2019\/06\/cropped-logo-arnyekos-1.png\",\"contentUrl\":\"https:\/\/karitaszkp.hu\/wp-content\/uploads\/2019\/06\/cropped-logo-arnyekos-1.png\",\"width\":240,\"height\":247,\"caption\":\"Szent Erzs\u00e9bet Karit\u00e1sz K\u00f6zpont\"},\"image\":{\"@id\":\"https:\/\/karitaszkozpont.hu\/#\/schema\/logo\/image\/\"}},{\"@type\":\"Person\",\"@id\":\"https:\/\/karitaszkozpont.hu\/#\/schema\/person\/0d9c28244c111914ea13bb1248775e57\",\"name\":\"Karit\u00e1sz K\u00f6zpont\",\"image\":{\"@type\":\"ImageObject\",\"inLanguage\":\"hu\",\"@id\":\"https:\/\/karitaszkozpont.hu\/#\/schema\/person\/image\/\",\"url\":\"https:\/\/secure.gravatar.com\/avatar\/1274acd7c62f3cac92d2b38aad20c71b?s=96&d=mm&r=g\",\"contentUrl\":\"https:\/\/secure.gravatar.com\/avatar\/1274acd7c62f3cac92d2b38aad20c71b?s=96&d=mm&r=g\",\"caption\":\"Karit\u00e1sz K\u00f6zpont\"},\"url\":\"https:\/\/karitaszkozpont.hu\/?author=1\"}]}<\/script>\n<!-- \/ Yoast SEO plugin. -->","yoast_head_json":{"title":"Szeretet, szolg\u00e1lat, szeretetszolg\u00e1lat - Szent Erzs\u00e9bet Karit\u00e1sz K\u00f6zpont","robots":{"index":"index","follow":"follow","max-snippet":"max-snippet:-1","max-image-preview":"max-image-preview:large","max-video-preview":"max-video-preview:-1"},"canonical":"https:\/\/karitaszkozpont.hu\/?p=2906","og_locale":"hu_HU","og_type":"article","og_title":"Szeretet, szolg\u00e1lat, szeretetszolg\u00e1lat - Szent Erzs\u00e9bet Karit\u00e1sz K\u00f6zpont","og_description":"Szeretet, szolg\u00e1lat, szeretetszolg\u00e1lat Bevallom, kezdtem k\u00e9ts\u00e9gbeesni, mikor az \u00fan. int\u00e9zm\u00e9nyi meg\u00e1llapod\u00e1s lead\u00e1s\u00e1nak hat\u00e1rideje el\u0151tti h\u00e9ten sem tudtam, hogy hova megyek szakmai gyakorlatra. A P\u00e1zm\u00e1ny P\u00e9ter Katolikus Egyetem szoci\u00e1lpedag\u00f3gia szakos hallgat\u00f3jak\u00e9nt f\u00e9l\u00e9vente k\u00f6telez\u0151 sz\u00e1zh\u00fasz \u00f3r\u00e1t elt\u00f6lteni egy szoci\u00e1lis tev\u00e9kenys\u00e9get ell\u00e1t\u00f3 int\u00e9zm\u00e9nyben, \u00e9n pedig tartottam att\u00f3l, hogy id\u00e9n ezt nem fogom tudni teljes\u00edteni. &nbsp;Azt\u00e1n szinte a semmib\u0151l &hellip; Continue reading \"Szeretet, szolg\u00e1lat, szeretetszolg\u00e1lat\"","og_url":"https:\/\/karitaszkozpont.hu\/?p=2906","og_site_name":"Szent Erzs\u00e9bet Karit\u00e1sz K\u00f6zpont","article_published_time":"2023-06-08T18:39:04+00:00","article_modified_time":"2023-06-08T18:39:06+00:00","og_image":[{"width":2560,"height":1721,"url":"https:\/\/karitaszkozpont.hu\/wp-content\/uploads\/2023\/06\/DSC_2018-scaled.jpg","type":"image\/jpeg"}],"author":"Karit\u00e1sz K\u00f6zpont","twitter_card":"summary_large_image","twitter_misc":{"Szerz\u0151:":"Karit\u00e1sz K\u00f6zpont","Becs\u00fclt olvas\u00e1si id\u0151":"3 perc"},"schema":{"@context":"https:\/\/schema.org","@graph":[{"@type":"Article","@id":"https:\/\/karitaszkozpont.hu\/?p=2906#article","isPartOf":{"@id":"https:\/\/karitaszkozpont.hu\/?p=2906"},"author":{"name":"Karit\u00e1sz K\u00f6zpont","@id":"https:\/\/karitaszkozpont.hu\/#\/schema\/person\/0d9c28244c111914ea13bb1248775e57"},"headline":"Szeretet, szolg\u00e1lat, szeretetszolg\u00e1lat","datePublished":"2023-06-08T18:39:04+00:00","dateModified":"2023-06-08T18:39:06+00:00","mainEntityOfPage":{"@id":"https:\/\/karitaszkozpont.hu\/?p=2906"},"wordCount":707,"publisher":{"@id":"https:\/\/karitaszkozpont.hu\/#organization"},"articleSection":["H\u00edrek"],"inLanguage":"hu"},{"@type":"WebPage","@id":"https:\/\/karitaszkozpont.hu\/?p=2906","url":"https:\/\/karitaszkozpont.hu\/?p=2906","name":"Szeretet, szolg\u00e1lat, szeretetszolg\u00e1lat - Szent Erzs\u00e9bet Karit\u00e1sz K\u00f6zpont","isPartOf":{"@id":"https:\/\/karitaszkozpont.hu\/#website"},"datePublished":"2023-06-08T18:39:04+00:00","dateModified":"2023-06-08T18:39:06+00:00","breadcrumb":{"@id":"https:\/\/karitaszkozpont.hu\/?p=2906#breadcrumb"},"inLanguage":"hu","potentialAction":[{"@type":"ReadAction","target":["https:\/\/karitaszkozpont.hu\/?p=2906"]}]},{"@type":"BreadcrumbList","@id":"https:\/\/karitaszkozpont.hu\/?p=2906#breadcrumb","itemListElement":[{"@type":"ListItem","position":1,"name":"Kezd\u0151lap","item":"https:\/\/karitaszkozpont.hu\/"},{"@type":"ListItem","position":2,"name":"Szeretet, szolg\u00e1lat, szeretetszolg\u00e1lat"}]},{"@type":"WebSite","@id":"https:\/\/karitaszkozpont.hu\/#website","url":"https:\/\/karitaszkozpont.hu\/","name":"Szent Erzs\u00e9bet Karit\u00e1sz K\u00f6zpont","description":"Esztergom-Budapesti F\u0151egyh\u00e1zmegye","publisher":{"@id":"https:\/\/karitaszkozpont.hu\/#organization"},"potentialAction":[{"@type":"SearchAction","target":{"@type":"EntryPoint","urlTemplate":"https:\/\/karitaszkozpont.hu\/?s={search_term_string}"},"query-input":"required name=search_term_string"}],"inLanguage":"hu"},{"@type":"Organization","@id":"https:\/\/karitaszkozpont.hu\/#organization","name":"Szent Erzs\u00e9bet Karit\u00e1sz K\u00f6zpont","url":"https:\/\/karitaszkozpont.hu\/","logo":{"@type":"ImageObject","inLanguage":"hu","@id":"https:\/\/karitaszkozpont.hu\/#\/schema\/logo\/image\/","url":"https:\/\/karitaszkp.hu\/wp-content\/uploads\/2019\/06\/cropped-logo-arnyekos-1.png","contentUrl":"https:\/\/karitaszkp.hu\/wp-content\/uploads\/2019\/06\/cropped-logo-arnyekos-1.png","width":240,"height":247,"caption":"Szent Erzs\u00e9bet Karit\u00e1sz K\u00f6zpont"},"image":{"@id":"https:\/\/karitaszkozpont.hu\/#\/schema\/logo\/image\/"}},{"@type":"Person","@id":"https:\/\/karitaszkozpont.hu\/#\/schema\/person\/0d9c28244c111914ea13bb1248775e57","name":"Karit\u00e1sz K\u00f6zpont","image":{"@type":"ImageObject","inLanguage":"hu","@id":"https:\/\/karitaszkozpont.hu\/#\/schema\/person\/image\/","url":"https:\/\/secure.gravatar.com\/avatar\/1274acd7c62f3cac92d2b38aad20c71b?s=96&d=mm&r=g","contentUrl":"https:\/\/secure.gravatar.com\/avatar\/1274acd7c62f3cac92d2b38aad20c71b?s=96&d=mm&r=g","caption":"Karit\u00e1sz K\u00f6zpont"},"url":"https:\/\/karitaszkozpont.hu\/?author=1"}]}},"_links":{"self":[{"href":"https:\/\/karitaszkozpont.hu\/index.php?rest_route=\/wp\/v2\/posts\/2906"}],"collection":[{"href":"https:\/\/karitaszkozpont.hu\/index.php?rest_route=\/wp\/v2\/posts"}],"about":[{"href":"https:\/\/karitaszkozpont.hu\/index.php?rest_route=\/wp\/v2\/types\/post"}],"author":[{"embeddable":true,"href":"https:\/\/karitaszkozpont.hu\/index.php?rest_route=\/wp\/v2\/users\/1"}],"replies":[{"embeddable":true,"href":"https:\/\/karitaszkozpont.hu\/index.php?rest_route=%2Fwp%2Fv2%2Fcomments&post=2906"}],"version-history":[{"count":1,"href":"https:\/\/karitaszkozpont.hu\/index.php?rest_route=\/wp\/v2\/posts\/2906\/revisions"}],"predecessor-version":[{"id":2909,"href":"https:\/\/karitaszkozpont.hu\/index.php?rest_route=\/wp\/v2\/posts\/2906\/revisions\/2909"}],"wp:featuredmedia":[{"embeddable":true,"href":"https:\/\/karitaszkozpont.hu\/index.php?rest_route=\/wp\/v2\/media\/2907"}],"wp:attachment":[{"href":"https:\/\/karitaszkozpont.hu\/index.php?rest_route=%2Fwp%2Fv2%2Fmedia&parent=2906"}],"wp:term":[{"taxonomy":"category","embeddable":true,"href":"https:\/\/karitaszkozpont.hu\/index.php?rest_route=%2Fwp%2Fv2%2Fcategories&post=2906"},{"taxonomy":"post_tag","embeddable":true,"href":"https:\/\/karitaszkozpont.hu\/index.php?rest_route=%2Fwp%2Fv2%2Ftags&post=2906"}],"curies":[{"name":"wp","href":"https:\/\/api.w.org\/{rel}","templated":true}]}}