{"id":2897,"date":"2023-05-28T19:18:46","date_gmt":"2023-05-28T17:18:46","guid":{"rendered":"https:\/\/karitaszkp.hu\/?p=2897"},"modified":"2023-05-28T19:18:48","modified_gmt":"2023-05-28T17:18:48","slug":"211-punkosd-2023","status":"publish","type":"post","link":"https:\/\/karitaszkozpont.hu\/?p=2897","title":{"rendered":"<strong>211. P\u00fcnk\u00f6sd 2023.<\/strong>"},"content":{"rendered":"\n<p class=\"has-white-color has-vivid-red-background-color has-text-color has-background has-large-font-size\"><strong>211. P\u00fcnk\u00f6sd 2023.<\/strong><\/p>\n\n\n\n<p class=\"has-background\" style=\"background-color:#cacaca\"><em>\u201eA lelki adom\u00e1nyok ugyan k\u00fcl\u00f6nf\u00e9l\u00e9k, a L\u00e9lek azonban ugyanaz.&nbsp;A szolg\u00e1latok is k\u00fcl\u00f6nf\u00e9l\u00e9k, de az \u00dar ugyanaz.&nbsp;Sokf\u00e9l\u00e9k a jelek is, de Isten, aki mindenben mindent v\u00e9ghezvisz, ugyanaz.&nbsp;A L\u00e9lek megnyilv\u00e1nul\u00e1sait mindenki az\u00e9rt kapja, hogy haszn\u00e1ljon vele.\u201d (1 Kor 12, 4-7)<\/em><\/p>\n\n\n\n<p>Kedves Karit\u00e1sz \u00d6nk\u00e9ntesek, Munkat\u00e1rsak, Testv\u00e9rek az \u00darban!<\/p>\n\n\n\n<p>A h\u00fasv\u00e9ti id\u0151szak lez\u00e1r\u00e1sa a P\u00fcnk\u00f6sd f\u0151\u00fcnnepe. Ahogy J\u00e9zus az apostolokra lehelte a Szentlelket, \u00fagy P\u00fcnk\u00f6sd \u00fcnnep\u00e9n az Egyh\u00e1znak, Krisztus test\u00e9nek tagjaik\u00e9nt mi is megkapjuk a szent k\u00fcldet\u00e9s\u00fcnkh\u00f6z kell\u0151 mun\u00edci\u00f3kat, eltel\u00fcnk a Szentl\u00e9lekkel.<\/p>\n\n\n\n<p>A mai cs\u00edksomly\u00f3i b\u00facs\u00fai szentmis\u00e9n Urb\u00e1n Erik atya, az erd\u00e9lyi ferencesek provinci\u00e1lis sz\u00f3noka kiemelte, hogy&nbsp;<em>J\u00e9zus h\u00edveink\u00e9nt az egyh\u00e1z tagjaik\u00e9nt, hivat\u00e1sunk, k\u00fcldet\u00e9s\u00fcnk k\u00f6vetni az \u00dar akarat\u00e1t \u00e9s tetsz\u00e9s\u00e9re lenni. \u00cdgy magunk is templomm\u00e1 v\u00e1lunk, a Szentl\u00e9lek templom\u00e1v\u00e1, \u00edgy lesz\u00fcnk jelek.&nbsp;<\/em>Istenre, az abszul\u00fat igazod\u00e1si pontra mutatunk, amikor kereszt\u00e9nyk\u00e9nt, Krisztusi emberk\u00e9nt, az Egyh\u00e1zon bel\u00fcl karit\u00e1szosk\u00e9nt \u00f6r\u00f6mh\u00edrt viszunk a szeg\u00e9nyeknek, szabadul\u00e1s\u00e1t hirdet\u00fcnk a foglyoknak (itt f\u0151leg a b\u0171n \u00e9s szenved\u00e9lyek rabs\u00e1g\u00e1ban \u00e9l\u0151kre gondolok), vigasztal\u00e1st a szomor\u00faaknak. (v\u00f6. Lk 4,18)<\/p>\n\n\n\n<p>Sokf\u00e9le ember van, sokf\u00e9le k\u00e9pess\u00e9ggel, sokf\u00e9le h\u00edv\u0151 van, sokf\u00e9le karizm\u00e1val meg\u00e1ldva. A karizm\u00e1k, azok a k\u00e9pess\u00e9gek, t\u00e1lentumok, adotts\u00e1gok, amivel mi magunk rendelkez\u00fcnk \u00e9s els\u0151sorban a k\u00f6z\u00f6ss\u00e9get, a m\u00e1sik ember jav\u00e1t tudjuk szolg\u00e1lni vele. Teh\u00e1t nem \u00f6nc\u00e9l\u0171 tehets\u00e9g a karizma, hanem kifejezetten k\u00f6z\u00f6ss\u00e9gre ir\u00e1nyul\u00f3 k\u00e9pess\u00e9g, amit mindenki kap a Szentl\u00e9lekt\u0151l az\u00e9rt, hogy szolg\u00e1ljon vele. Szolg\u00e1ljuk vele a m\u00e1sik ember, szeretteink, r\u00e1nk b\u00edzottjaink boldogs\u00e1g\u00e1t, j\u00f6v\u0151j\u00e9t, \u00fcdv\u00f6ss\u00e9g\u00e9t.<\/p>\n\n\n\n<p>Mindenki\u00e9rt felel\u0151sek vagyunk, nem csak azok\u00e9rt, akikkel tal\u00e1lkozunk, akivel dolgunk van. Az emberis\u00e9g k\u00f6z\u00f6ss\u00e9gben \u00e9l. Isten k\u00f6z\u00f6ss\u00e9gbe teremtett minket, csal\u00e1dba, t\u00e1rsadalomba, nemzetbe, egyh\u00e1zba. Ez sz\u00e1munkra az \u00e9let k\u00f6zege, amelyben kibontakozhatunk, amelyben t\u00e1lentumainkkal \u00e9lhet\u00fcnk. Ez a k\u00f6zeg egyben az \u00edg\u00e9ret f\u00f6ldje sz\u00e1munkra, a haz\u00e1nk, a csal\u00e1dunk, \u00e9letter\u00fcnk t\u00e9rben \u00e9s id\u0151ben egyar\u00e1nt.<\/p>\n\n\n\n<p>Nek\u00fcnk, akik \u00f6nk\u00e9nt v\u00e1llalkoztunk arra, hogy az egyh\u00e1z nev\u00e9ben, keret\u00e9ben, a karit\u00e1szban munk\u00e1lkodjunk, nyilv\u00e1n megvannak azok a karizm\u00e1ink, amik ehhez a szolg\u00e1lathoz sz\u00fcks\u00e9gesek: az emp\u00e1tia, a bele\u00e9rz\u0151 \u00e9s egy\u00fctt\u00e9rz\u0151 k\u00e9pess\u00e9g, az oda- \u00e9s egym\u00e1sra val\u00f3 figyel\u00e9s k\u00e9pess\u00e9ge, a tal\u00e1l\u00e9konys\u00e1g, a tev\u00e9kenys\u00e9gre val\u00f3 v\u00e1gy, a szervez\u0151k\u00e9szs\u00e9g, a kitart\u00e1s, a k\u00f6vetkezetess\u00e9g, a t\u00fcrelem stb. Ezek persze m\u00e1s hivat\u00e1shoz is tartozhatnak, nem kiz\u00e1r\u00f3lagosak, mindenesetre, jellemz\u0151ek. Ugyan\u00edgy lehetnek m\u00e1s karizm\u00e1ink is ezek felett, mellett, ami m\u00e9g er\u0151s\u00edtheti ak\u00e1r ennek, ak\u00e1rt m\u00e1s szolg\u00e1latunknak siker\u00e9t, teremheti maradand\u00f3 gy\u00fcm\u00f6lcseit.<\/p>\n\n\n\n<p>Akkor vagyunk j\u00f3 karit\u00e1szosok, ha ezen, Istent\u0151l aj\u00e1nd\u00e9kba kapott k\u00e9pess\u00e9geket ki tudjuk magunkban bontatkoztatni, tudjuk er\u0151s\u00edteni, fejleszteni m\u00e1sok jav\u00e1ra. Aki a mag\u00e1ban lev\u0151 karizm\u00e1kat kibontakoztatja, az teszi Isten akar\u00e1t, aminek cs\u00edr\u00e1it m\u00e1r \u0150 el\u00fcltette benne a L\u00e9lek \u00e1ltal. Ekkor n\u0151 a szeretet a vil\u00e1gban, ekkor lesz\u00fcnk mi magunk is boldogok. Ahogy mi seg\u00edt\u00fcnk m\u00e1soknak, \u00fagy m\u00e1sok is nek\u00fcnk \u00e9s r\u00e1ada\u00e1sul, amikor adunk, akkor mi lesz\u00fcnk t\u00f6bbek, mert mindig t\u00f6bbet kapunk, mint amennyit adunk.<\/p>\n\n\n\n<p>K\u00fcl\u00f6nb\u00f6z\u0151k a k\u00e9pess\u00e9gek, k\u00fcl\u00f6nb\u00f6z\u0151k a karizm\u00e1k, a szolg\u00e1latok, de mind a L\u00e9lekt\u0151l val\u00f3k.&nbsp;<em>\u00c9lj\u00fcnk a szents\u00e9gekkel, melyek gy\u00f3gy\u00edtanak \u00e9s t\u00e1pl\u00e1lnak minket \u2013 mondta Urb\u00e1n Erik atya.<\/em>&nbsp;P\u00fcnk\u00f6sd \u00fczenete az, hogy b\u00e1tran, a Szentl\u00e9lek aj\u00e1nd\u00e9kaival, erej\u00e9vel eltelve, t\u00fcze izz\u00e1s\u00e1val vigy\u00fck j\u00f3v\u00e9gre Isten akarat\u00e1t, amivel m\u00e1sokat \u00e9s \u00edgy magunkat is az \u00fcdv\u00f6ss\u00e9gre vezet\u00fcnk!<\/p>\n\n\n\n<p><\/p>\n\n\n\n<p>Csorba G\u00e1bor<\/p>\n\n\n\n<p>\u00e1lland\u00f3 diak\u00f3nus, karit\u00e1sz igazgat\u00f3<\/p>\n\n\n\n<p>Esztergom-Budapesti F\u0151egyh\u00e1zmegye<\/p>\n\n\n\n<p>Szent Erzs\u00e9bet Karit\u00e1sz K\u00f6zpont<\/p>\n\n\n\n<p class=\"has-background\" style=\"background-color:#cacaca\">Iroda:&nbsp;<a href=\"https:\/\/www.google.com\/maps\/search\/1033+Budapest+III.+ker.+Szentendrei+%C3%BAt+69-71?entry=gmail&amp;source=g\">1033 Budapest III. ker. Szentendrei \u00fat 69-71<\/a>. (K\u00f6vi Sz\u0171z M\u00e1ria Pl\u00e9b\u00e1nia)<\/p>\n\n\n\n<p class=\"has-background\" style=\"background-color:#cacaca\">Telefon: +36-1-351-1977<\/p>\n\n\n\n<p class=\"has-background\" style=\"background-color:#cacaca\">Mobil: +36-30-592-1483<\/p>\n\n\n\n<p class=\"has-background\" style=\"background-color:#cacaca\">E-mail:&nbsp;<a href=\"mailto:szenterzsebet@karitaszkozpont.hu\" target=\"_blank\" rel=\"noreferrer noopener\">szenterzsebet@karitaszkozpont.hu<\/a><\/p>\n\n\n\n<p class=\"has-background\" style=\"background-color:#cacaca\">Honlap, ahol a kor\u00e1bbi egypercesek is el\u00e9rhat\u0151k:&nbsp;<a href=\"http:\/\/www.karitaszkp.hu\/\" target=\"_blank\" rel=\"noreferrer noopener\">www.karitaszkp.hu<\/a><\/p>\n","protected":false},"excerpt":{"rendered":"<p>211. P\u00fcnk\u00f6sd 2023. \u201eA lelki adom\u00e1nyok ugyan k\u00fcl\u00f6nf\u00e9l\u00e9k, a L\u00e9lek azonban ugyanaz.&nbsp;A szolg\u00e1latok is k\u00fcl\u00f6nf\u00e9l\u00e9k, de az \u00dar ugyanaz.&nbsp;Sokf\u00e9l\u00e9k a jelek is, de Isten, aki mindenben mindent v\u00e9ghezvisz, ugyanaz.&nbsp;A L\u00e9lek megnyilv\u00e1nul\u00e1sait mindenki az\u00e9rt kapja, hogy haszn\u00e1ljon vele.\u201d (1 Kor 12, 4-7) Kedves Karit\u00e1sz \u00d6nk\u00e9ntesek, Munkat\u00e1rsak, Testv\u00e9rek az \u00darban! A h\u00fasv\u00e9ti id\u0151szak lez\u00e1r\u00e1sa a P\u00fcnk\u00f6sd f\u0151\u00fcnnepe. &hellip; <\/p>\n<p class=\"link-more\"><a href=\"https:\/\/karitaszkozpont.hu\/?p=2897\" class=\"more-link\">Continue reading<span class=\"screen-reader-text\"> &#8222;<strong>211. P\u00fcnk\u00f6sd 2023.<\/strong>&#8222;<\/span><\/a><\/p>\n","protected":false},"author":1,"featured_media":563,"comment_status":"closed","ping_status":"open","sticky":false,"template":"","format":"standard","meta":[],"categories":[8],"tags":[],"yoast_head":"<!-- This site is optimized with the Yoast SEO plugin v20.1 - https:\/\/yoast.com\/wordpress\/plugins\/seo\/ -->\n<title>211. P\u00fcnk\u00f6sd 2023. - Szent Erzs\u00e9bet Karit\u00e1sz K\u00f6zpont<\/title>\n<meta name=\"robots\" content=\"index, follow, max-snippet:-1, max-image-preview:large, max-video-preview:-1\" \/>\n<link rel=\"canonical\" href=\"https:\/\/karitaszkozpont.hu\/?p=2897\" \/>\n<meta property=\"og:locale\" content=\"hu_HU\" \/>\n<meta property=\"og:type\" content=\"article\" \/>\n<meta property=\"og:title\" content=\"211. P\u00fcnk\u00f6sd 2023. - Szent Erzs\u00e9bet Karit\u00e1sz K\u00f6zpont\" \/>\n<meta property=\"og:description\" content=\"211. P\u00fcnk\u00f6sd 2023. \u201eA lelki adom\u00e1nyok ugyan k\u00fcl\u00f6nf\u00e9l\u00e9k, a L\u00e9lek azonban ugyanaz.&nbsp;A szolg\u00e1latok is k\u00fcl\u00f6nf\u00e9l\u00e9k, de az \u00dar ugyanaz.&nbsp;Sokf\u00e9l\u00e9k a jelek is, de Isten, aki mindenben mindent v\u00e9ghezvisz, ugyanaz.&nbsp;A L\u00e9lek megnyilv\u00e1nul\u00e1sait mindenki az\u00e9rt kapja, hogy haszn\u00e1ljon vele.\u201d (1 Kor 12, 4-7) Kedves Karit\u00e1sz \u00d6nk\u00e9ntesek, Munkat\u00e1rsak, Testv\u00e9rek az \u00darban! A h\u00fasv\u00e9ti id\u0151szak lez\u00e1r\u00e1sa a P\u00fcnk\u00f6sd f\u0151\u00fcnnepe. &hellip; Continue reading &quot;211. P\u00fcnk\u00f6sd 2023.&quot;\" \/>\n<meta property=\"og:url\" content=\"https:\/\/karitaszkozpont.hu\/?p=2897\" \/>\n<meta property=\"og:site_name\" content=\"Szent Erzs\u00e9bet Karit\u00e1sz K\u00f6zpont\" \/>\n<meta property=\"article:published_time\" content=\"2023-05-28T17:18:46+00:00\" \/>\n<meta property=\"article:modified_time\" content=\"2023-05-28T17:18:48+00:00\" \/>\n<meta property=\"og:image\" content=\"https:\/\/karitaszkozpont.hu\/wp-content\/uploads\/2019\/07\/egyperceslogo.jpg\" \/>\n\t<meta property=\"og:image:width\" content=\"2300\" \/>\n\t<meta property=\"og:image:height\" content=\"1528\" \/>\n\t<meta property=\"og:image:type\" content=\"image\/jpeg\" \/>\n<meta name=\"author\" content=\"Karit\u00e1sz K\u00f6zpont\" \/>\n<meta name=\"twitter:card\" content=\"summary_large_image\" \/>\n<meta name=\"twitter:label1\" content=\"Szerz\u0151:\" \/>\n\t<meta name=\"twitter:data1\" content=\"Karit\u00e1sz K\u00f6zpont\" \/>\n\t<meta name=\"twitter:label2\" content=\"Becs\u00fclt olvas\u00e1si id\u0151\" \/>\n\t<meta name=\"twitter:data2\" content=\"3 perc\" \/>\n<script type=\"application\/ld+json\" class=\"yoast-schema-graph\">{\"@context\":\"https:\/\/schema.org\",\"@graph\":[{\"@type\":\"Article\",\"@id\":\"https:\/\/karitaszkozpont.hu\/?p=2897#article\",\"isPartOf\":{\"@id\":\"https:\/\/karitaszkozpont.hu\/?p=2897\"},\"author\":{\"name\":\"Karit\u00e1sz K\u00f6zpont\",\"@id\":\"https:\/\/karitaszkozpont.hu\/#\/schema\/person\/0d9c28244c111914ea13bb1248775e57\"},\"headline\":\"211. P\u00fcnk\u00f6sd 2023.\",\"datePublished\":\"2023-05-28T17:18:46+00:00\",\"dateModified\":\"2023-05-28T17:18:48+00:00\",\"mainEntityOfPage\":{\"@id\":\"https:\/\/karitaszkozpont.hu\/?p=2897\"},\"wordCount\":844,\"publisher\":{\"@id\":\"https:\/\/karitaszkozpont.hu\/#organization\"},\"articleSection\":[\"Egypercesek\"],\"inLanguage\":\"hu\"},{\"@type\":\"WebPage\",\"@id\":\"https:\/\/karitaszkozpont.hu\/?p=2897\",\"url\":\"https:\/\/karitaszkozpont.hu\/?p=2897\",\"name\":\"211. P\u00fcnk\u00f6sd 2023. - Szent Erzs\u00e9bet Karit\u00e1sz K\u00f6zpont\",\"isPartOf\":{\"@id\":\"https:\/\/karitaszkozpont.hu\/#website\"},\"datePublished\":\"2023-05-28T17:18:46+00:00\",\"dateModified\":\"2023-05-28T17:18:48+00:00\",\"breadcrumb\":{\"@id\":\"https:\/\/karitaszkozpont.hu\/?p=2897#breadcrumb\"},\"inLanguage\":\"hu\",\"potentialAction\":[{\"@type\":\"ReadAction\",\"target\":[\"https:\/\/karitaszkozpont.hu\/?p=2897\"]}]},{\"@type\":\"BreadcrumbList\",\"@id\":\"https:\/\/karitaszkozpont.hu\/?p=2897#breadcrumb\",\"itemListElement\":[{\"@type\":\"ListItem\",\"position\":1,\"name\":\"Kezd\u0151lap\",\"item\":\"https:\/\/karitaszkozpont.hu\/\"},{\"@type\":\"ListItem\",\"position\":2,\"name\":\"211. P\u00fcnk\u00f6sd 2023.\"}]},{\"@type\":\"WebSite\",\"@id\":\"https:\/\/karitaszkozpont.hu\/#website\",\"url\":\"https:\/\/karitaszkozpont.hu\/\",\"name\":\"Szent Erzs\u00e9bet Karit\u00e1sz K\u00f6zpont\",\"description\":\"Esztergom-Budapesti F\u0151egyh\u00e1zmegye\",\"publisher\":{\"@id\":\"https:\/\/karitaszkozpont.hu\/#organization\"},\"potentialAction\":[{\"@type\":\"SearchAction\",\"target\":{\"@type\":\"EntryPoint\",\"urlTemplate\":\"https:\/\/karitaszkozpont.hu\/?s={search_term_string}\"},\"query-input\":\"required name=search_term_string\"}],\"inLanguage\":\"hu\"},{\"@type\":\"Organization\",\"@id\":\"https:\/\/karitaszkozpont.hu\/#organization\",\"name\":\"Szent Erzs\u00e9bet Karit\u00e1sz K\u00f6zpont\",\"url\":\"https:\/\/karitaszkozpont.hu\/\",\"logo\":{\"@type\":\"ImageObject\",\"inLanguage\":\"hu\",\"@id\":\"https:\/\/karitaszkozpont.hu\/#\/schema\/logo\/image\/\",\"url\":\"https:\/\/karitaszkp.hu\/wp-content\/uploads\/2019\/06\/cropped-logo-arnyekos-1.png\",\"contentUrl\":\"https:\/\/karitaszkp.hu\/wp-content\/uploads\/2019\/06\/cropped-logo-arnyekos-1.png\",\"width\":240,\"height\":247,\"caption\":\"Szent Erzs\u00e9bet Karit\u00e1sz K\u00f6zpont\"},\"image\":{\"@id\":\"https:\/\/karitaszkozpont.hu\/#\/schema\/logo\/image\/\"}},{\"@type\":\"Person\",\"@id\":\"https:\/\/karitaszkozpont.hu\/#\/schema\/person\/0d9c28244c111914ea13bb1248775e57\",\"name\":\"Karit\u00e1sz K\u00f6zpont\",\"image\":{\"@type\":\"ImageObject\",\"inLanguage\":\"hu\",\"@id\":\"https:\/\/karitaszkozpont.hu\/#\/schema\/person\/image\/\",\"url\":\"https:\/\/secure.gravatar.com\/avatar\/1274acd7c62f3cac92d2b38aad20c71b?s=96&d=mm&r=g\",\"contentUrl\":\"https:\/\/secure.gravatar.com\/avatar\/1274acd7c62f3cac92d2b38aad20c71b?s=96&d=mm&r=g\",\"caption\":\"Karit\u00e1sz K\u00f6zpont\"},\"url\":\"https:\/\/karitaszkozpont.hu\/?author=1\"}]}<\/script>\n<!-- \/ Yoast SEO plugin. -->","yoast_head_json":{"title":"211. P\u00fcnk\u00f6sd 2023. - Szent Erzs\u00e9bet Karit\u00e1sz K\u00f6zpont","robots":{"index":"index","follow":"follow","max-snippet":"max-snippet:-1","max-image-preview":"max-image-preview:large","max-video-preview":"max-video-preview:-1"},"canonical":"https:\/\/karitaszkozpont.hu\/?p=2897","og_locale":"hu_HU","og_type":"article","og_title":"211. P\u00fcnk\u00f6sd 2023. - Szent Erzs\u00e9bet Karit\u00e1sz K\u00f6zpont","og_description":"211. P\u00fcnk\u00f6sd 2023. \u201eA lelki adom\u00e1nyok ugyan k\u00fcl\u00f6nf\u00e9l\u00e9k, a L\u00e9lek azonban ugyanaz.&nbsp;A szolg\u00e1latok is k\u00fcl\u00f6nf\u00e9l\u00e9k, de az \u00dar ugyanaz.&nbsp;Sokf\u00e9l\u00e9k a jelek is, de Isten, aki mindenben mindent v\u00e9ghezvisz, ugyanaz.&nbsp;A L\u00e9lek megnyilv\u00e1nul\u00e1sait mindenki az\u00e9rt kapja, hogy haszn\u00e1ljon vele.\u201d (1 Kor 12, 4-7) Kedves Karit\u00e1sz \u00d6nk\u00e9ntesek, Munkat\u00e1rsak, Testv\u00e9rek az \u00darban! A h\u00fasv\u00e9ti id\u0151szak lez\u00e1r\u00e1sa a P\u00fcnk\u00f6sd f\u0151\u00fcnnepe. &hellip; Continue reading \"211. P\u00fcnk\u00f6sd 2023.\"","og_url":"https:\/\/karitaszkozpont.hu\/?p=2897","og_site_name":"Szent Erzs\u00e9bet Karit\u00e1sz K\u00f6zpont","article_published_time":"2023-05-28T17:18:46+00:00","article_modified_time":"2023-05-28T17:18:48+00:00","og_image":[{"width":2300,"height":1528,"url":"https:\/\/karitaszkozpont.hu\/wp-content\/uploads\/2019\/07\/egyperceslogo.jpg","type":"image\/jpeg"}],"author":"Karit\u00e1sz K\u00f6zpont","twitter_card":"summary_large_image","twitter_misc":{"Szerz\u0151:":"Karit\u00e1sz K\u00f6zpont","Becs\u00fclt olvas\u00e1si id\u0151":"3 perc"},"schema":{"@context":"https:\/\/schema.org","@graph":[{"@type":"Article","@id":"https:\/\/karitaszkozpont.hu\/?p=2897#article","isPartOf":{"@id":"https:\/\/karitaszkozpont.hu\/?p=2897"},"author":{"name":"Karit\u00e1sz K\u00f6zpont","@id":"https:\/\/karitaszkozpont.hu\/#\/schema\/person\/0d9c28244c111914ea13bb1248775e57"},"headline":"211. P\u00fcnk\u00f6sd 2023.","datePublished":"2023-05-28T17:18:46+00:00","dateModified":"2023-05-28T17:18:48+00:00","mainEntityOfPage":{"@id":"https:\/\/karitaszkozpont.hu\/?p=2897"},"wordCount":844,"publisher":{"@id":"https:\/\/karitaszkozpont.hu\/#organization"},"articleSection":["Egypercesek"],"inLanguage":"hu"},{"@type":"WebPage","@id":"https:\/\/karitaszkozpont.hu\/?p=2897","url":"https:\/\/karitaszkozpont.hu\/?p=2897","name":"211. P\u00fcnk\u00f6sd 2023. - Szent Erzs\u00e9bet Karit\u00e1sz K\u00f6zpont","isPartOf":{"@id":"https:\/\/karitaszkozpont.hu\/#website"},"datePublished":"2023-05-28T17:18:46+00:00","dateModified":"2023-05-28T17:18:48+00:00","breadcrumb":{"@id":"https:\/\/karitaszkozpont.hu\/?p=2897#breadcrumb"},"inLanguage":"hu","potentialAction":[{"@type":"ReadAction","target":["https:\/\/karitaszkozpont.hu\/?p=2897"]}]},{"@type":"BreadcrumbList","@id":"https:\/\/karitaszkozpont.hu\/?p=2897#breadcrumb","itemListElement":[{"@type":"ListItem","position":1,"name":"Kezd\u0151lap","item":"https:\/\/karitaszkozpont.hu\/"},{"@type":"ListItem","position":2,"name":"211. P\u00fcnk\u00f6sd 2023."}]},{"@type":"WebSite","@id":"https:\/\/karitaszkozpont.hu\/#website","url":"https:\/\/karitaszkozpont.hu\/","name":"Szent Erzs\u00e9bet Karit\u00e1sz K\u00f6zpont","description":"Esztergom-Budapesti F\u0151egyh\u00e1zmegye","publisher":{"@id":"https:\/\/karitaszkozpont.hu\/#organization"},"potentialAction":[{"@type":"SearchAction","target":{"@type":"EntryPoint","urlTemplate":"https:\/\/karitaszkozpont.hu\/?s={search_term_string}"},"query-input":"required name=search_term_string"}],"inLanguage":"hu"},{"@type":"Organization","@id":"https:\/\/karitaszkozpont.hu\/#organization","name":"Szent Erzs\u00e9bet Karit\u00e1sz K\u00f6zpont","url":"https:\/\/karitaszkozpont.hu\/","logo":{"@type":"ImageObject","inLanguage":"hu","@id":"https:\/\/karitaszkozpont.hu\/#\/schema\/logo\/image\/","url":"https:\/\/karitaszkp.hu\/wp-content\/uploads\/2019\/06\/cropped-logo-arnyekos-1.png","contentUrl":"https:\/\/karitaszkp.hu\/wp-content\/uploads\/2019\/06\/cropped-logo-arnyekos-1.png","width":240,"height":247,"caption":"Szent Erzs\u00e9bet Karit\u00e1sz K\u00f6zpont"},"image":{"@id":"https:\/\/karitaszkozpont.hu\/#\/schema\/logo\/image\/"}},{"@type":"Person","@id":"https:\/\/karitaszkozpont.hu\/#\/schema\/person\/0d9c28244c111914ea13bb1248775e57","name":"Karit\u00e1sz K\u00f6zpont","image":{"@type":"ImageObject","inLanguage":"hu","@id":"https:\/\/karitaszkozpont.hu\/#\/schema\/person\/image\/","url":"https:\/\/secure.gravatar.com\/avatar\/1274acd7c62f3cac92d2b38aad20c71b?s=96&d=mm&r=g","contentUrl":"https:\/\/secure.gravatar.com\/avatar\/1274acd7c62f3cac92d2b38aad20c71b?s=96&d=mm&r=g","caption":"Karit\u00e1sz K\u00f6zpont"},"url":"https:\/\/karitaszkozpont.hu\/?author=1"}]}},"_links":{"self":[{"href":"https:\/\/karitaszkozpont.hu\/index.php?rest_route=\/wp\/v2\/posts\/2897"}],"collection":[{"href":"https:\/\/karitaszkozpont.hu\/index.php?rest_route=\/wp\/v2\/posts"}],"about":[{"href":"https:\/\/karitaszkozpont.hu\/index.php?rest_route=\/wp\/v2\/types\/post"}],"author":[{"embeddable":true,"href":"https:\/\/karitaszkozpont.hu\/index.php?rest_route=\/wp\/v2\/users\/1"}],"replies":[{"embeddable":true,"href":"https:\/\/karitaszkozpont.hu\/index.php?rest_route=%2Fwp%2Fv2%2Fcomments&post=2897"}],"version-history":[{"count":1,"href":"https:\/\/karitaszkozpont.hu\/index.php?rest_route=\/wp\/v2\/posts\/2897\/revisions"}],"predecessor-version":[{"id":2898,"href":"https:\/\/karitaszkozpont.hu\/index.php?rest_route=\/wp\/v2\/posts\/2897\/revisions\/2898"}],"wp:featuredmedia":[{"embeddable":true,"href":"https:\/\/karitaszkozpont.hu\/index.php?rest_route=\/wp\/v2\/media\/563"}],"wp:attachment":[{"href":"https:\/\/karitaszkozpont.hu\/index.php?rest_route=%2Fwp%2Fv2%2Fmedia&parent=2897"}],"wp:term":[{"taxonomy":"category","embeddable":true,"href":"https:\/\/karitaszkozpont.hu\/index.php?rest_route=%2Fwp%2Fv2%2Fcategories&post=2897"},{"taxonomy":"post_tag","embeddable":true,"href":"https:\/\/karitaszkozpont.hu\/index.php?rest_route=%2Fwp%2Fv2%2Ftags&post=2897"}],"curies":[{"name":"wp","href":"https:\/\/api.w.org\/{rel}","templated":true}]}}