{"id":228,"date":"2019-06-18T12:23:04","date_gmt":"2019-06-18T10:23:04","guid":{"rendered":"http:\/\/karitaszkp.hu\/?p=228"},"modified":"2020-06-29T16:24:58","modified_gmt":"2020-06-29T14:24:58","slug":"33-karitasz-egyperces","status":"publish","type":"post","link":"https:\/\/karitaszkozpont.hu\/?p=228","title":{"rendered":"33. Karit\u00e1sz egyperces"},"content":{"rendered":"\n<p class=\"has-text-color has-background has-large-font-size has-very-light-gray-color has-vivid-red-background-color\">33. Karit\u00e1sz egyperces<\/p>\n\n\n\n<p class=\"has-text-color has-background has-very-dark-gray-color has-very-light-gray-background-color\"><strong>\u201eAz Egyh\u00e1z \u00e9pp\u00fagy nem hanyagolhatja el a szeretet szolg\u00e1lat\u00e1t, mint ahogy az Euchariszti\u00e1t \u00e9s az Ige szolg\u00e1lat\u00e1t sem\u201d (XVI. Benedek p\u00e1pa)<\/strong><\/p>\n\n\n\n<p class=\"has-text-color has-very-dark-gray-color\"><strong>33. A R\u00c9V Szolg\u00e1lat Budapesten 25 \u00e9ves<\/strong><\/p>\n\n\n\n<p class=\"has-text-color has-very-dark-gray-color\">Kedves Karit\u00e1sz \u00d6nk\u00e9ntesek, Munkat\u00e1rsak, Testv\u00e9rek az \u00darban!<\/p>\n\n\n\n<p class=\"has-text-color has-very-dark-gray-color\">Rem\u00e9ny \u2013 \u00c9let \u2013 V\u00e1ltoz\u00e1s = R\u00c9V Szenved\u00e9lybeteg-seg\u00edt\u0151 szolg\u00e1lat. Negyedsz\u00e1zados \u00e9vfordul\u00f3j\u00e1t \u00fcnnepelj\u00fck ezen a h\u00e9ten \u00e9s az\u00e9rt t\u00e9rek ki erre az egypercesek keret\u00e9ben, hogy mindny\u00e1jan kapcsol\u00f3djunk bele ebbe a h\u00e1laad\u00e1sba \u00e9s k\u00f6sz\u00f6netnyilv\u00e1n\u00edt\u00e1sba. M\u00e9lt\u00f3 \u00e9s igazs\u00e1gos h\u00e1l\u00e1t adni a J\u00f3 Istennek \u00e9s Egyh\u00e1z\u00e1nak ennek az int\u00e9zm\u00e9nynek a l\u00e9t\u00e9\u00e9rt \u00e9s megk\u00f6sz\u00f6nni a munkat\u00e1rsaknak, \u00f6nk\u00e9nteseknek az \u00e1ldozatos \u00e9let- \u00e9s l\u00e9lekment\u0151 szolg\u00e1latukat.<\/p>\n\n\n\n<p class=\"has-text-color has-very-dark-gray-color\"><em>A&nbsp;<strong>s<\/strong><strong>zenved\u00e9lybetegs\u00e9gben mindenki \u00e9rintett.&nbsp;<\/strong>Ha nem szem\u00e9lyesen, akkor sz\u0171kebb csal\u00e1di, bar\u00e1ti vagy munkat\u00e1rsi k\u00f6rben eg\u00e9szen biztosan ismer vesz\u00e9lyeztetettet vagy beteget. A R\u00c9V Szenved\u00e9lybeteg-seg\u00edt\u0151 Szolg\u00e1lat seg\u00edt az \u00e9rintetteknek a f\u00fcgg\u00e9st\u0151l val\u00f3 megszabadul\u00e1sban, hozz\u00e1tartoz\u00f3inak \u00e9s a k\u00f6rnyezet\u00fcknek pedig abban, hogy k\u00e9pesek legyenek t\u00e1mogatni a szenved\u00e9lybeteg embert a gy\u00f3gyul\u00e1s \u00fatj\u00e1n. A R\u00c9V-ben a gy\u00f3gy\u00edt\u00e1s szakemberek egy\u00fcttm\u0171k\u00f6d\u00e9s\u00e9vel folyik (szoci\u00e1lis munk\u00e1s, pszichi\u00e1ter, pszichol\u00f3gus, lelk\u00e9sz), amelyben gy\u00f3gyult szenved\u00e9lybetegek is r\u00e9szt vesznek. (forr\u00e1s:&nbsp;<\/em><a href=\"https:\/\/www.karitasz.hu\/rev\" target=\"_blank\" rel=\"noreferrer noopener\"><em>https:\/\/www.karitasz.hu\/rev<\/em><\/a><em>)<\/em><\/p>\n\n\n\n<p class=\"has-text-color has-very-dark-gray-color\">Mind a szenved\u00e9lybetegekkel \u2013 m\u00e1r prevenci\u00f3s szinten is, mind hozz\u00e1tartoz\u00f3ikkal foglalkoznak haz\u00e1nkban nyolc v\u00e1rosban: Budapesten, Szombathelyen, Sz\u00e9kesfeh\u00e9rv\u00e1rott, Egerben, Debrecenben, Gy\u0151r\u00f6tt, Kecskem\u00e9ten \u00e9s Szeksz\u00e1rdon. Sokezer testv\u00e9r\u00fcnk, felebar\u00e1tunk, az egyik legsz\u00f6rny\u0171bb rabs\u00e1gb\u00f3l val\u00f3 megszabadul\u00e1s\u00e1\u00e9rt dolgoznak a munkat\u00e1rsak szeretetteljesen, kereszt\u00e9ny hittel, szakszer\u0171en.<\/p>\n\n\n\n<p class=\"has-text-color has-very-dark-gray-color\">A Szent Erzs\u00e9bet Karit\u00e1sz K\u00f6zpont szakmai irodavezet\u0151je, M\u00e1rton Andrea t\u00f6bb mint 20 \u00e9vig vezette a R\u00c9V Budapest int\u00e9zm\u00e9nyt. K\u00f6sz\u00f6n\u00f6m ez\u00faton neki az ottani szolg\u00e1lat\u00e1t \u00e9s k\u00fcl\u00f6n azt, hogy a szakmai tud\u00e1s\u00e1t \u00e9s \u00e9lettapasztalat\u00e1t a mi egyh\u00e1zmegy\u00e9nk szeretetszolg\u00e1lat\u00e1ban hasznos\u00edtja mindny\u00e1junk jav\u00e1ra.<\/p>\n\n\n\n<p class=\"has-text-color has-very-dark-gray-color\">Karit\u00e1sz K\u00f6zpontunknak fenntart\u00e1s\u00e1ban m\u0171k\u00f6dik a Szenved\u00e9lybeteg-seg\u00edt\u0151 Lelki K\u00f6zpont (SZLK) R\u00e1cz-M\u00e1rton T\u00edmea int\u00e9zm\u00e9nyvezet\u0151 ir\u00e1ny\u00edt\u00e1s\u00e1val<a href=\"http:\/\/www.karitaszkozpont.hu\/kapcsolat\/lelkikozpont\" target=\"_blank\" rel=\"noreferrer noopener\">http:\/\/www.karitaszkozpont.hu\/kapcsolat\/lelkikozpont<\/a>. Munk\u00e1juk kieg\u00e9sz\u00edti a R\u00c9V tev\u00e9kenys\u00e9g\u00e9t, fokozottan f\u00f3kusz\u00e1lva a lelki gy\u00f3gyul\u00e1s, a hitben val\u00f3 elm\u00e9lyed\u00e9s \u00e9s stabilit\u00e1s c\u00e9lj\u00e1nak el\u00e9r\u00e9s\u00e9re. K\u00f6sz\u00f6net neki \u00e9s munkat\u00e1rsainak is \u00e1ldozatos szolg\u00e1latuk\u00e9rt. Keress\u00fck a R\u00c9V-et \u00e9s az SZLK-t, ha olyan szem\u00e9llyel tal\u00e1lkozunk, akinek sz\u00fcks\u00e9ge lehet r\u00e1juk!<\/p>\n\n\n\n<p class=\"has-text-color has-very-dark-gray-color\">Csorba G\u00e1bor<\/p>\n\n\n\n<p class=\"has-text-color has-very-dark-gray-color\">\u00e1lland\u00f3 diak\u00f3nus, karit\u00e1szigazgat\u00f3<\/p>\n\n\n\n<p class=\"has-text-color has-very-dark-gray-color\">Esztergom-Budapesti F\u0151egyh\u00e1zmegye<\/p>\n\n\n\n<p class=\"has-text-color has-very-dark-gray-color\">Szent Erzs\u00e9bet Karit\u00e1sz K\u00f6zpont<\/p>\n\n\n\n<p class=\"has-text-color has-very-dark-gray-color\">Sz\u00e9khely: 1067 Budapest, Hunyadi t\u00e9r 3. f\u00e9lemelet 1.<\/p>\n\n\n\n<p class=\"has-text-color has-background has-very-dark-gray-color has-very-light-gray-background-color\">Telefon: +36-1-351-1977<\/p>\n\n\n\n<p class=\"has-text-color has-background has-very-dark-gray-color has-very-light-gray-background-color\">Mobil: +36-30-592-1483<\/p>\n\n\n\n<p class=\"has-text-color has-background has-very-dark-gray-color has-very-light-gray-background-color\">E-mail:&nbsp;<a href=\"mailto:szenterzsebet@karitaszkozpont.hu\" target=\"_blank\" rel=\"noreferrer noopener\">szenterzsebet@karitaszkozpont.hu<\/a><\/p>\n\n\n\n<p class=\"has-text-color has-background has-very-dark-gray-color has-very-light-gray-background-color\">Honlap:&nbsp;<a href=\"http:\/\/www.karitaszkozpont.hu\/\" target=\"_blank\" rel=\"noreferrer noopener\">www.karitaszkozpont.hu<\/a><\/p>\n\n\n\n<p class=\"has-text-color has-background has-very-dark-gray-color has-very-light-gray-background-color\">A kor\u00e1bbi egypercesek itt \u00e9rhet\u0151k el:&nbsp;<a href=\"https:\/\/karitaszegypercesek.blogspot.com\/\" target=\"_blank\" rel=\"noreferrer noopener\">https:\/\/karitaszegypercesek.blogspot.com\/<\/a><\/p>\n","protected":false},"excerpt":{"rendered":"<p>33. Karit\u00e1sz egyperces \u201eAz Egyh\u00e1z \u00e9pp\u00fagy nem hanyagolhatja el a szeretet szolg\u00e1lat\u00e1t, mint ahogy az Euchariszti\u00e1t \u00e9s az Ige szolg\u00e1lat\u00e1t sem\u201d (XVI. Benedek p\u00e1pa) 33. A R\u00c9V Szolg\u00e1lat Budapesten 25 \u00e9ves Kedves Karit\u00e1sz \u00d6nk\u00e9ntesek, Munkat\u00e1rsak, Testv\u00e9rek az \u00darban! Rem\u00e9ny \u2013 \u00c9let \u2013 V\u00e1ltoz\u00e1s = R\u00c9V Szenved\u00e9lybeteg-seg\u00edt\u0151 szolg\u00e1lat. Negyedsz\u00e1zados \u00e9vfordul\u00f3j\u00e1t \u00fcnnepelj\u00fck ezen a h\u00e9ten \u00e9s az\u00e9rt &hellip; <\/p>\n<p class=\"link-more\"><a href=\"https:\/\/karitaszkozpont.hu\/?p=228\" class=\"more-link\">Continue reading<span class=\"screen-reader-text\"> &#8222;33. Karit\u00e1sz egyperces&#8221;<\/span><\/a><\/p>\n","protected":false},"author":1,"featured_media":563,"comment_status":"open","ping_status":"open","sticky":false,"template":"","format":"standard","meta":[],"categories":[8],"tags":[],"yoast_head":"<!-- This site is optimized with the Yoast SEO plugin v20.1 - https:\/\/yoast.com\/wordpress\/plugins\/seo\/ -->\n<title>33. Karit\u00e1sz egyperces - Szent Erzs\u00e9bet Karit\u00e1sz K\u00f6zpont<\/title>\n<meta name=\"robots\" content=\"index, follow, max-snippet:-1, max-image-preview:large, max-video-preview:-1\" \/>\n<link rel=\"canonical\" href=\"https:\/\/karitaszkozpont.hu\/?p=228\" \/>\n<meta property=\"og:locale\" content=\"hu_HU\" \/>\n<meta property=\"og:type\" content=\"article\" \/>\n<meta property=\"og:title\" content=\"33. Karit\u00e1sz egyperces - Szent Erzs\u00e9bet Karit\u00e1sz K\u00f6zpont\" \/>\n<meta property=\"og:description\" content=\"33. Karit\u00e1sz egyperces \u201eAz Egyh\u00e1z \u00e9pp\u00fagy nem hanyagolhatja el a szeretet szolg\u00e1lat\u00e1t, mint ahogy az Euchariszti\u00e1t \u00e9s az Ige szolg\u00e1lat\u00e1t sem\u201d (XVI. Benedek p\u00e1pa) 33. A R\u00c9V Szolg\u00e1lat Budapesten 25 \u00e9ves Kedves Karit\u00e1sz \u00d6nk\u00e9ntesek, Munkat\u00e1rsak, Testv\u00e9rek az \u00darban! Rem\u00e9ny \u2013 \u00c9let \u2013 V\u00e1ltoz\u00e1s = R\u00c9V Szenved\u00e9lybeteg-seg\u00edt\u0151 szolg\u00e1lat. Negyedsz\u00e1zados \u00e9vfordul\u00f3j\u00e1t \u00fcnnepelj\u00fck ezen a h\u00e9ten \u00e9s az\u00e9rt &hellip; Continue reading &quot;33. Karit\u00e1sz egyperces&quot;\" \/>\n<meta property=\"og:url\" content=\"https:\/\/karitaszkozpont.hu\/?p=228\" \/>\n<meta property=\"og:site_name\" content=\"Szent Erzs\u00e9bet Karit\u00e1sz K\u00f6zpont\" \/>\n<meta property=\"article:published_time\" content=\"2019-06-18T10:23:04+00:00\" \/>\n<meta property=\"article:modified_time\" content=\"2020-06-29T14:24:58+00:00\" \/>\n<meta property=\"og:image\" content=\"https:\/\/karitaszkozpont.hu\/wp-content\/uploads\/2019\/07\/egyperceslogo.jpg\" \/>\n\t<meta property=\"og:image:width\" content=\"2300\" \/>\n\t<meta property=\"og:image:height\" content=\"1528\" \/>\n\t<meta property=\"og:image:type\" content=\"image\/jpeg\" \/>\n<meta name=\"author\" content=\"Karit\u00e1sz K\u00f6zpont\" \/>\n<meta name=\"twitter:card\" content=\"summary_large_image\" \/>\n<meta name=\"twitter:label1\" content=\"Szerz\u0151:\" \/>\n\t<meta name=\"twitter:data1\" content=\"Karit\u00e1sz K\u00f6zpont\" \/>\n\t<meta name=\"twitter:label2\" content=\"Becs\u00fclt olvas\u00e1si id\u0151\" \/>\n\t<meta name=\"twitter:data2\" content=\"3 perc\" \/>\n<script type=\"application\/ld+json\" class=\"yoast-schema-graph\">{\"@context\":\"https:\/\/schema.org\",\"@graph\":[{\"@type\":\"Article\",\"@id\":\"https:\/\/karitaszkozpont.hu\/?p=228#article\",\"isPartOf\":{\"@id\":\"https:\/\/karitaszkozpont.hu\/?p=228\"},\"author\":{\"name\":\"Karit\u00e1sz K\u00f6zpont\",\"@id\":\"https:\/\/karitaszkozpont.hu\/#\/schema\/person\/0d9c28244c111914ea13bb1248775e57\"},\"headline\":\"33. Karit\u00e1sz egyperces\",\"datePublished\":\"2019-06-18T10:23:04+00:00\",\"dateModified\":\"2020-06-29T14:24:58+00:00\",\"mainEntityOfPage\":{\"@id\":\"https:\/\/karitaszkozpont.hu\/?p=228\"},\"wordCount\":564,\"commentCount\":0,\"publisher\":{\"@id\":\"https:\/\/karitaszkozpont.hu\/#organization\"},\"articleSection\":[\"Egypercesek\"],\"inLanguage\":\"hu\",\"potentialAction\":[{\"@type\":\"CommentAction\",\"name\":\"Comment\",\"target\":[\"https:\/\/karitaszkozpont.hu\/?p=228#respond\"]}]},{\"@type\":\"WebPage\",\"@id\":\"https:\/\/karitaszkozpont.hu\/?p=228\",\"url\":\"https:\/\/karitaszkozpont.hu\/?p=228\",\"name\":\"33. Karit\u00e1sz egyperces - Szent Erzs\u00e9bet Karit\u00e1sz K\u00f6zpont\",\"isPartOf\":{\"@id\":\"https:\/\/karitaszkozpont.hu\/#website\"},\"datePublished\":\"2019-06-18T10:23:04+00:00\",\"dateModified\":\"2020-06-29T14:24:58+00:00\",\"breadcrumb\":{\"@id\":\"https:\/\/karitaszkozpont.hu\/?p=228#breadcrumb\"},\"inLanguage\":\"hu\",\"potentialAction\":[{\"@type\":\"ReadAction\",\"target\":[\"https:\/\/karitaszkozpont.hu\/?p=228\"]}]},{\"@type\":\"BreadcrumbList\",\"@id\":\"https:\/\/karitaszkozpont.hu\/?p=228#breadcrumb\",\"itemListElement\":[{\"@type\":\"ListItem\",\"position\":1,\"name\":\"Kezd\u0151lap\",\"item\":\"https:\/\/karitaszkozpont.hu\/\"},{\"@type\":\"ListItem\",\"position\":2,\"name\":\"33. Karit\u00e1sz egyperces\"}]},{\"@type\":\"WebSite\",\"@id\":\"https:\/\/karitaszkozpont.hu\/#website\",\"url\":\"https:\/\/karitaszkozpont.hu\/\",\"name\":\"Szent Erzs\u00e9bet Karit\u00e1sz K\u00f6zpont\",\"description\":\"Esztergom-Budapesti F\u0151egyh\u00e1zmegye\",\"publisher\":{\"@id\":\"https:\/\/karitaszkozpont.hu\/#organization\"},\"potentialAction\":[{\"@type\":\"SearchAction\",\"target\":{\"@type\":\"EntryPoint\",\"urlTemplate\":\"https:\/\/karitaszkozpont.hu\/?s={search_term_string}\"},\"query-input\":\"required name=search_term_string\"}],\"inLanguage\":\"hu\"},{\"@type\":\"Organization\",\"@id\":\"https:\/\/karitaszkozpont.hu\/#organization\",\"name\":\"Szent Erzs\u00e9bet Karit\u00e1sz K\u00f6zpont\",\"url\":\"https:\/\/karitaszkozpont.hu\/\",\"logo\":{\"@type\":\"ImageObject\",\"inLanguage\":\"hu\",\"@id\":\"https:\/\/karitaszkozpont.hu\/#\/schema\/logo\/image\/\",\"url\":\"https:\/\/karitaszkp.hu\/wp-content\/uploads\/2019\/06\/cropped-logo-arnyekos-1.png\",\"contentUrl\":\"https:\/\/karitaszkp.hu\/wp-content\/uploads\/2019\/06\/cropped-logo-arnyekos-1.png\",\"width\":240,\"height\":247,\"caption\":\"Szent Erzs\u00e9bet Karit\u00e1sz K\u00f6zpont\"},\"image\":{\"@id\":\"https:\/\/karitaszkozpont.hu\/#\/schema\/logo\/image\/\"}},{\"@type\":\"Person\",\"@id\":\"https:\/\/karitaszkozpont.hu\/#\/schema\/person\/0d9c28244c111914ea13bb1248775e57\",\"name\":\"Karit\u00e1sz K\u00f6zpont\",\"image\":{\"@type\":\"ImageObject\",\"inLanguage\":\"hu\",\"@id\":\"https:\/\/karitaszkozpont.hu\/#\/schema\/person\/image\/\",\"url\":\"https:\/\/secure.gravatar.com\/avatar\/1274acd7c62f3cac92d2b38aad20c71b?s=96&d=mm&r=g\",\"contentUrl\":\"https:\/\/secure.gravatar.com\/avatar\/1274acd7c62f3cac92d2b38aad20c71b?s=96&d=mm&r=g\",\"caption\":\"Karit\u00e1sz K\u00f6zpont\"},\"url\":\"https:\/\/karitaszkozpont.hu\/?author=1\"}]}<\/script>\n<!-- \/ Yoast SEO plugin. -->","yoast_head_json":{"title":"33. Karit\u00e1sz egyperces - Szent Erzs\u00e9bet Karit\u00e1sz K\u00f6zpont","robots":{"index":"index","follow":"follow","max-snippet":"max-snippet:-1","max-image-preview":"max-image-preview:large","max-video-preview":"max-video-preview:-1"},"canonical":"https:\/\/karitaszkozpont.hu\/?p=228","og_locale":"hu_HU","og_type":"article","og_title":"33. Karit\u00e1sz egyperces - Szent Erzs\u00e9bet Karit\u00e1sz K\u00f6zpont","og_description":"33. Karit\u00e1sz egyperces \u201eAz Egyh\u00e1z \u00e9pp\u00fagy nem hanyagolhatja el a szeretet szolg\u00e1lat\u00e1t, mint ahogy az Euchariszti\u00e1t \u00e9s az Ige szolg\u00e1lat\u00e1t sem\u201d (XVI. Benedek p\u00e1pa) 33. A R\u00c9V Szolg\u00e1lat Budapesten 25 \u00e9ves Kedves Karit\u00e1sz \u00d6nk\u00e9ntesek, Munkat\u00e1rsak, Testv\u00e9rek az \u00darban! Rem\u00e9ny \u2013 \u00c9let \u2013 V\u00e1ltoz\u00e1s = R\u00c9V Szenved\u00e9lybeteg-seg\u00edt\u0151 szolg\u00e1lat. Negyedsz\u00e1zados \u00e9vfordul\u00f3j\u00e1t \u00fcnnepelj\u00fck ezen a h\u00e9ten \u00e9s az\u00e9rt &hellip; Continue reading \"33. Karit\u00e1sz egyperces\"","og_url":"https:\/\/karitaszkozpont.hu\/?p=228","og_site_name":"Szent Erzs\u00e9bet Karit\u00e1sz K\u00f6zpont","article_published_time":"2019-06-18T10:23:04+00:00","article_modified_time":"2020-06-29T14:24:58+00:00","og_image":[{"width":2300,"height":1528,"url":"https:\/\/karitaszkozpont.hu\/wp-content\/uploads\/2019\/07\/egyperceslogo.jpg","type":"image\/jpeg"}],"author":"Karit\u00e1sz K\u00f6zpont","twitter_card":"summary_large_image","twitter_misc":{"Szerz\u0151:":"Karit\u00e1sz K\u00f6zpont","Becs\u00fclt olvas\u00e1si id\u0151":"3 perc"},"schema":{"@context":"https:\/\/schema.org","@graph":[{"@type":"Article","@id":"https:\/\/karitaszkozpont.hu\/?p=228#article","isPartOf":{"@id":"https:\/\/karitaszkozpont.hu\/?p=228"},"author":{"name":"Karit\u00e1sz K\u00f6zpont","@id":"https:\/\/karitaszkozpont.hu\/#\/schema\/person\/0d9c28244c111914ea13bb1248775e57"},"headline":"33. Karit\u00e1sz egyperces","datePublished":"2019-06-18T10:23:04+00:00","dateModified":"2020-06-29T14:24:58+00:00","mainEntityOfPage":{"@id":"https:\/\/karitaszkozpont.hu\/?p=228"},"wordCount":564,"commentCount":0,"publisher":{"@id":"https:\/\/karitaszkozpont.hu\/#organization"},"articleSection":["Egypercesek"],"inLanguage":"hu","potentialAction":[{"@type":"CommentAction","name":"Comment","target":["https:\/\/karitaszkozpont.hu\/?p=228#respond"]}]},{"@type":"WebPage","@id":"https:\/\/karitaszkozpont.hu\/?p=228","url":"https:\/\/karitaszkozpont.hu\/?p=228","name":"33. Karit\u00e1sz egyperces - Szent Erzs\u00e9bet Karit\u00e1sz K\u00f6zpont","isPartOf":{"@id":"https:\/\/karitaszkozpont.hu\/#website"},"datePublished":"2019-06-18T10:23:04+00:00","dateModified":"2020-06-29T14:24:58+00:00","breadcrumb":{"@id":"https:\/\/karitaszkozpont.hu\/?p=228#breadcrumb"},"inLanguage":"hu","potentialAction":[{"@type":"ReadAction","target":["https:\/\/karitaszkozpont.hu\/?p=228"]}]},{"@type":"BreadcrumbList","@id":"https:\/\/karitaszkozpont.hu\/?p=228#breadcrumb","itemListElement":[{"@type":"ListItem","position":1,"name":"Kezd\u0151lap","item":"https:\/\/karitaszkozpont.hu\/"},{"@type":"ListItem","position":2,"name":"33. Karit\u00e1sz egyperces"}]},{"@type":"WebSite","@id":"https:\/\/karitaszkozpont.hu\/#website","url":"https:\/\/karitaszkozpont.hu\/","name":"Szent Erzs\u00e9bet Karit\u00e1sz K\u00f6zpont","description":"Esztergom-Budapesti F\u0151egyh\u00e1zmegye","publisher":{"@id":"https:\/\/karitaszkozpont.hu\/#organization"},"potentialAction":[{"@type":"SearchAction","target":{"@type":"EntryPoint","urlTemplate":"https:\/\/karitaszkozpont.hu\/?s={search_term_string}"},"query-input":"required name=search_term_string"}],"inLanguage":"hu"},{"@type":"Organization","@id":"https:\/\/karitaszkozpont.hu\/#organization","name":"Szent Erzs\u00e9bet Karit\u00e1sz K\u00f6zpont","url":"https:\/\/karitaszkozpont.hu\/","logo":{"@type":"ImageObject","inLanguage":"hu","@id":"https:\/\/karitaszkozpont.hu\/#\/schema\/logo\/image\/","url":"https:\/\/karitaszkp.hu\/wp-content\/uploads\/2019\/06\/cropped-logo-arnyekos-1.png","contentUrl":"https:\/\/karitaszkp.hu\/wp-content\/uploads\/2019\/06\/cropped-logo-arnyekos-1.png","width":240,"height":247,"caption":"Szent Erzs\u00e9bet Karit\u00e1sz K\u00f6zpont"},"image":{"@id":"https:\/\/karitaszkozpont.hu\/#\/schema\/logo\/image\/"}},{"@type":"Person","@id":"https:\/\/karitaszkozpont.hu\/#\/schema\/person\/0d9c28244c111914ea13bb1248775e57","name":"Karit\u00e1sz K\u00f6zpont","image":{"@type":"ImageObject","inLanguage":"hu","@id":"https:\/\/karitaszkozpont.hu\/#\/schema\/person\/image\/","url":"https:\/\/secure.gravatar.com\/avatar\/1274acd7c62f3cac92d2b38aad20c71b?s=96&d=mm&r=g","contentUrl":"https:\/\/secure.gravatar.com\/avatar\/1274acd7c62f3cac92d2b38aad20c71b?s=96&d=mm&r=g","caption":"Karit\u00e1sz K\u00f6zpont"},"url":"https:\/\/karitaszkozpont.hu\/?author=1"}]}},"_links":{"self":[{"href":"https:\/\/karitaszkozpont.hu\/index.php?rest_route=\/wp\/v2\/posts\/228"}],"collection":[{"href":"https:\/\/karitaszkozpont.hu\/index.php?rest_route=\/wp\/v2\/posts"}],"about":[{"href":"https:\/\/karitaszkozpont.hu\/index.php?rest_route=\/wp\/v2\/types\/post"}],"author":[{"embeddable":true,"href":"https:\/\/karitaszkozpont.hu\/index.php?rest_route=\/wp\/v2\/users\/1"}],"replies":[{"embeddable":true,"href":"https:\/\/karitaszkozpont.hu\/index.php?rest_route=%2Fwp%2Fv2%2Fcomments&post=228"}],"version-history":[{"count":3,"href":"https:\/\/karitaszkozpont.hu\/index.php?rest_route=\/wp\/v2\/posts\/228\/revisions"}],"predecessor-version":[{"id":361,"href":"https:\/\/karitaszkozpont.hu\/index.php?rest_route=\/wp\/v2\/posts\/228\/revisions\/361"}],"wp:featuredmedia":[{"embeddable":true,"href":"https:\/\/karitaszkozpont.hu\/index.php?rest_route=\/wp\/v2\/media\/563"}],"wp:attachment":[{"href":"https:\/\/karitaszkozpont.hu\/index.php?rest_route=%2Fwp%2Fv2%2Fmedia&parent=228"}],"wp:term":[{"taxonomy":"category","embeddable":true,"href":"https:\/\/karitaszkozpont.hu\/index.php?rest_route=%2Fwp%2Fv2%2Fcategories&post=228"},{"taxonomy":"post_tag","embeddable":true,"href":"https:\/\/karitaszkozpont.hu\/index.php?rest_route=%2Fwp%2Fv2%2Ftags&post=228"}],"curies":[{"name":"wp","href":"https:\/\/api.w.org\/{rel}","templated":true}]}}