{"id":223,"date":"2019-06-18T12:12:40","date_gmt":"2019-06-18T10:12:40","guid":{"rendered":"http:\/\/karitaszkp.hu\/?p=223"},"modified":"2019-06-19T09:40:47","modified_gmt":"2019-06-19T07:40:47","slug":"karitasz-citizengo-peticio-ukrajna-elnokehez","status":"publish","type":"post","link":"https:\/\/karitaszkozpont.hu\/?p=223","title":{"rendered":"Karit\u00e1sz-CitizenGo pet\u00edci\u00f3 Ukrajna eln\u00f6k\u00e9hez"},"content":{"rendered":"\n<p class=\"has-text-color has-background has-large-font-size has-very-light-gray-color has-vivid-red-background-color\">Karit\u00e1sz-CitizenGo pet\u00edci\u00f3 Ukrajna eln\u00f6k\u00e9hez<\/p>\n\n\n\n<p class=\"has-text-color has-very-dark-gray-color\"><strong>A Katolikus Karit\u00e1sz Ukrajna \u00faj eln\u00f6k\u00e9nek seg\u00edts\u00e9g\u00e9t k\u00e9ri, hogy a karitat\u00edv szervezetek \u00e1ltal ind\u00edtott seg\u00e9lysz\u00e1ll\u00edtm\u00e1nyok b\u00fcrokratikus akad\u00e1lyok n\u00e9lk\u00fcl, egyszer\u0171en, gyorsan, korl\u00e1toz\u00e1sok n\u00e9lk\u00fcl juthassanak el a k\u00e1rp\u00e1taljai \u00e9s ukrajnai r\u00e1szorul\u00f3 csal\u00e1dokhoz \u00e9s karitat\u00edv szervezetekhez.<\/strong><\/p>\n\n\n\n<p class=\"has-text-color has-very-dark-gray-color\">Az \u00e9vek \u00f3ta tart\u00f3 gazdas\u00e1gi v\u00e1ls\u00e1g \u00e9s a kelet-ukrajnai h\u00e1bor\u00fa miatt Ukrajna lakoss\u00e1ga k\u00fcl\u00f6n\u00f6sen neh\u00e9z szoci\u00e1lis helyzetben van \u00e9s a K\u00e1rp\u00e1t-medenc\u00e9ben \u00e9l\u0151k k\u00f6z\u00fcl is K\u00e1rp\u00e1talja lakoss\u00e1ga van a legnehezebb helyzetben. A hatalmas infl\u00e1ci\u00f3 miatt sokaknak az alapvet\u0151 \u00e9lelmiszerek beszerz\u00e9se \u00e9s t\u00e9len a f\u0171t\u00e9s biztos\u00edt\u00e1sa is rendk\u00edv\u00fcli neh\u00e9zs\u00e9get okoz. A Katolikus Karit\u00e1sz, m\u00e1s seg\u00e9lyszervezetek mellett \u00e9vek \u00f3ta pr\u00f3b\u00e1lja k\u00f6nnyebb\u00e9 tenni a K\u00e1rp\u00e1talj\u00e1n \u00e9s Ukrajna h\u00e1bor\u00fa \u00e1ltal s\u00fajtott ter\u00fcletein \u00e9l\u0151k h\u00e9tk\u00f6znapjait t\u00f6bbek k\u00f6z\u00f6tt \u00e9lelmiszerrel, t\u0171zif\u00e1val, orvosi berendez\u00e9sekkel, \u00f6nk\u00e9ntes orvosok munk\u00e1j\u00e1val vagy \u00e9ppen a h\u00e1bor\u00fas \u00e1ldozatok hozz\u00e1tartoz\u00f3inak term\u00e9szetbeni t\u00e1mogat\u00e1s\u00e1val \u00e9s gyermekeik magyarorsz\u00e1gi nyaraltat\u00e1s\u00e1val.<\/p>\n\n\n\n<p class=\"has-text-color has-very-dark-gray-color\">A legnehezebb \u00e9s legkiszolg\u00e1ltatottabb helyzetben az egyed\u00fcl \u00e9l\u0151 id\u0151sek \u00e9s a gyermekes csal\u00e1dok vannak, m\u00e9gis az \u0151 seg\u00e9lyez\u00e9s\u00fck vagy az egyes int\u00e9zm\u00e9nyek t\u00e1mogat\u00e1sa is rendszeres neh\u00e9zs\u00e9gbe \u00fctk\u00f6zik.&nbsp;<\/p>\n\n\n\n<p class=\"has-text-color has-very-dark-gray-color\">A hat\u00e1ron t\u00f6rt\u00e9n\u0151 rendk\u00edv\u00fcl hossz\u00fa v\u00e1rakoz\u00e1s, az adom\u00e1nyok visszaford\u00edt\u00e1sa, v\u00e1mudvarba helyez\u00e9se, a korrupci\u00f3, az adom\u00e1nyokra vonatkoz\u00f3 folyamatosan v\u00e1ltoz\u00f3 szab\u00e1lyok \u00e9s azok kisz\u00e1m\u00edthatatlan m\u00f3don t\u00f6rt\u00e9n\u0151 betart\u00e1sa, az adminisztr\u00e1ci\u00f3 megnehez\u00edt\u00e9se mindennaposak a seg\u00e9lyszervezetek hat\u00e1r\u00e1tl\u00e9p\u00e9se sor\u00e1n.<\/p>\n\n\n\n<p class=\"has-text-color has-very-dark-gray-color\">A magyar Katolikus Karit\u00e1sz ez\u00e9rt arra k\u00e9ri \u00d6nt, hogy t\u00e1mogassa az \u00faj ukr\u00e1n eln\u00f6kh\u00f6z \u00edrott k\u00e9r\u00e9s\u00fcnket, miszerint tegy\u00e9k lehet\u0151v\u00e9 a seg\u00e9lyszervezeteknek, hogy adminisztrat\u00edv akad\u00e1lyok n\u00e9lk\u00fcl, az ellen\u0151rz\u00e9st egyszer\u0171s\u00edtve juttathass\u00e1k el adom\u00e1nyaikat \u00e9s seg\u00edt\u0151 tev\u00e9kenys\u00e9g\u00fcket a k\u00e1rp\u00e1taljai \u00e9s kelet-ukrajnai r\u00e1szorul\u00f3 csal\u00e1dokhoz.<\/p>\n\n\n\n<p class=\"has-text-color has-very-dark-gray-color\">K\u00f6sz\u00f6nettel:<\/p>\n\n\n\n<p class=\"has-text-color has-very-dark-gray-color\">Katolikus Karit\u00e1sz<\/p>\n\n\n\n<p class=\"has-text-color has-background has-very-dark-gray-color has-very-light-gray-background-color\"><br><br><strong>Tisztelt Vladimir Zelenszk\u00edj Eln\u00f6k \u00dar!<\/strong><br><br>Magyarorsz\u00e1gi seg\u00e9lyszervezetk\u00e9nt a Katolikus Karit\u00e1sz \u00e9vek \u00f3ta pr\u00f3b\u00e1lja k\u00f6nnyebb\u00e9 tenni az ukrajnai fegyveres konfliktusok k\u00f6vetkezt\u00e9ben r\u00e1szorul\u00f3v\u00e1 v\u00e1l\u00f3 lakoss\u00e1g \u00e9s k\u00fcl\u00f6n\u00f6sen a K\u00e1rp\u00e1talj\u00e1n \u00e9l\u0151k h\u00e9tk\u00f6znapjait t\u00f6bbek k\u00f6z\u00f6tt \u00e9lelmiszerrel, v\u00e9d\u0151olt\u00e1sokkal, t\u0171zif\u00e1val, orvosi berendez\u00e9sekkel vagy \u00e9ppen a h\u00e1bor\u00fas \u00e1ldozatok \u00e9s hozz\u00e1tartoz\u00f3inak t\u00e1mogat\u00e1s\u00e1val.<\/p>\n\n\n\n<p class=\"has-text-color has-background has-very-dark-gray-color has-very-light-gray-background-color\">Az Ukrajn\u00e1ban \u00e9l\u0151 r\u00e1szorul\u00f3knak sz\u00e1nt humanit\u00e1rius seg\u00e9lysz\u00e1ll\u00edtm\u00e1nyok hat\u00e1ron t\u00f6rt\u00e9n\u0151 \u00e1tjuttat\u00e1sa rendszeres neh\u00e9zs\u00e9gekbe \u00fctk\u00f6zik. A rendk\u00edv\u00fcl hossz\u00fa v\u00e1rakoz\u00e1s, az adom\u00e1nyok visszaford\u00edt\u00e1sa, v\u00e1mudvarba helyez\u00e9se, a korrupci\u00f3, az adom\u00e1nyokra vonatkoz\u00f3 folyamatosan v\u00e1ltoz\u00f3 szab\u00e1lyok \u00e9s azok kisz\u00e1m\u00edthatatlan m\u00f3don t\u00f6rt\u00e9n\u0151 betart\u00e1sa, az adminisztr\u00e1ci\u00f3 megnehez\u00edt\u00e9se mindennaposak a seg\u00e9lyszervezetek hat\u00e1r\u00e1tl\u00e9p\u00e9se sor\u00e1n.<\/p>\n\n\n\n<p class=\"has-text-color has-background has-very-dark-gray-color has-very-light-gray-background-color\">Ukrajna \u00fajonnan megv\u00e1lasztott eln\u00f6kek\u00e9nt arra k\u00e9rj\u00fck, seg\u00edtse, hogy a seg\u00e9lyszervezetek adom\u00e1nyai b\u00fcrokratikus akad\u00e1lyok n\u00e9lk\u00fcl, egyszer\u0171en, gyorsan, korl\u00e1toz\u00e1sok n\u00e9lk\u00fcl juthassanak el a partner szervezetekhez \u00e9s a r\u00e1szorul\u00f3 csal\u00e1dokhoz Ukrajna ter\u00fclet\u00e9re.<\/p>\n\n\n\n<p class=\"has-text-color has-background has-very-dark-gray-color has-very-light-gray-background-color\">K\u00f6sz\u00f6nettel:<\/p>\n\n\n\n<p class=\"has-text-color has-background has-very-dark-gray-color has-very-light-gray-background-color\">Katolikus Karit\u00e1sz<\/p>\n\n\n\n<p class=\"has-text-color has-very-dark-gray-color\"><br><a href=\"https:\/\/www.citizengo.org\/hu\/pr\/171034-peticio-ukrajna-ujonnan-beiktatott-elnokehez-hogy-humanitarius-segitseg-celba-erhessen%20\" target=\"_blank\" rel=\"noreferrer noopener\"><strong>A pet\u00edci\u00f3t a CitizenGo online oldalon lehet al\u00e1\u00edrni.<\/strong><\/a><\/p>\n\n\n\n<p class=\"has-text-color has-background has-very-dark-gray-color has-very-light-gray-background-color\"><br>K\u00e9rj\u00fck, al\u00e1\u00edr\u00e1s\u00e1val t\u00e1mogassa a hat\u00e1ron t\u00fali humanit\u00e1rius adom\u00e1nyok c\u00e9lba \u00e9r\u00e9s\u00e9t!&nbsp;<br><\/p>\n","protected":false},"excerpt":{"rendered":"<p>Karit\u00e1sz-CitizenGo pet\u00edci\u00f3 Ukrajna eln\u00f6k\u00e9hez A Katolikus Karit\u00e1sz Ukrajna \u00faj eln\u00f6k\u00e9nek seg\u00edts\u00e9g\u00e9t k\u00e9ri, hogy a karitat\u00edv szervezetek \u00e1ltal ind\u00edtott seg\u00e9lysz\u00e1ll\u00edtm\u00e1nyok b\u00fcrokratikus akad\u00e1lyok n\u00e9lk\u00fcl, egyszer\u0171en, gyorsan, korl\u00e1toz\u00e1sok n\u00e9lk\u00fcl juthassanak el a k\u00e1rp\u00e1taljai \u00e9s ukrajnai r\u00e1szorul\u00f3 csal\u00e1dokhoz \u00e9s karitat\u00edv szervezetekhez. Az \u00e9vek \u00f3ta tart\u00f3 gazdas\u00e1gi v\u00e1ls\u00e1g \u00e9s a kelet-ukrajnai h\u00e1bor\u00fa miatt Ukrajna lakoss\u00e1ga k\u00fcl\u00f6n\u00f6sen neh\u00e9z szoci\u00e1lis helyzetben van &hellip; <\/p>\n<p class=\"link-more\"><a href=\"https:\/\/karitaszkozpont.hu\/?p=223\" class=\"more-link\">Continue reading<span class=\"screen-reader-text\"> &#8222;Karit\u00e1sz-CitizenGo pet\u00edci\u00f3 Ukrajna eln\u00f6k\u00e9hez&#8221;<\/span><\/a><\/p>\n","protected":false},"author":1,"featured_media":175,"comment_status":"open","ping_status":"open","sticky":false,"template":"","format":"standard","meta":[],"categories":[4],"tags":[],"yoast_head":"<!-- This site is optimized with the Yoast SEO plugin v20.1 - https:\/\/yoast.com\/wordpress\/plugins\/seo\/ -->\n<title>Karit\u00e1sz-CitizenGo pet\u00edci\u00f3 Ukrajna eln\u00f6k\u00e9hez - Szent Erzs\u00e9bet Karit\u00e1sz K\u00f6zpont<\/title>\n<meta name=\"robots\" content=\"index, follow, max-snippet:-1, max-image-preview:large, max-video-preview:-1\" \/>\n<link rel=\"canonical\" href=\"https:\/\/karitaszkozpont.hu\/?p=223\" \/>\n<meta property=\"og:locale\" content=\"hu_HU\" \/>\n<meta property=\"og:type\" content=\"article\" \/>\n<meta property=\"og:title\" content=\"Karit\u00e1sz-CitizenGo pet\u00edci\u00f3 Ukrajna eln\u00f6k\u00e9hez - Szent Erzs\u00e9bet Karit\u00e1sz K\u00f6zpont\" \/>\n<meta property=\"og:description\" content=\"Karit\u00e1sz-CitizenGo pet\u00edci\u00f3 Ukrajna eln\u00f6k\u00e9hez A Katolikus Karit\u00e1sz Ukrajna \u00faj eln\u00f6k\u00e9nek seg\u00edts\u00e9g\u00e9t k\u00e9ri, hogy a karitat\u00edv szervezetek \u00e1ltal ind\u00edtott seg\u00e9lysz\u00e1ll\u00edtm\u00e1nyok b\u00fcrokratikus akad\u00e1lyok n\u00e9lk\u00fcl, egyszer\u0171en, gyorsan, korl\u00e1toz\u00e1sok n\u00e9lk\u00fcl juthassanak el a k\u00e1rp\u00e1taljai \u00e9s ukrajnai r\u00e1szorul\u00f3 csal\u00e1dokhoz \u00e9s karitat\u00edv szervezetekhez. Az \u00e9vek \u00f3ta tart\u00f3 gazdas\u00e1gi v\u00e1ls\u00e1g \u00e9s a kelet-ukrajnai h\u00e1bor\u00fa miatt Ukrajna lakoss\u00e1ga k\u00fcl\u00f6n\u00f6sen neh\u00e9z szoci\u00e1lis helyzetben van &hellip; Continue reading &quot;Karit\u00e1sz-CitizenGo pet\u00edci\u00f3 Ukrajna eln\u00f6k\u00e9hez&quot;\" \/>\n<meta property=\"og:url\" content=\"https:\/\/karitaszkozpont.hu\/?p=223\" \/>\n<meta property=\"og:site_name\" content=\"Szent Erzs\u00e9bet Karit\u00e1sz K\u00f6zpont\" \/>\n<meta property=\"article:published_time\" content=\"2019-06-18T10:12:40+00:00\" \/>\n<meta property=\"article:modified_time\" content=\"2019-06-19T07:40:47+00:00\" \/>\n<meta property=\"og:image\" content=\"https:\/\/karitaszkozpont.hu\/wp-content\/uploads\/2019\/06\/c_karitasz_karpatalja.jpg\" \/>\n\t<meta property=\"og:image:width\" content=\"799\" \/>\n\t<meta property=\"og:image:height\" content=\"533\" \/>\n\t<meta property=\"og:image:type\" content=\"image\/jpeg\" \/>\n<meta name=\"author\" content=\"Karit\u00e1sz K\u00f6zpont\" \/>\n<meta name=\"twitter:card\" content=\"summary_large_image\" \/>\n<meta name=\"twitter:label1\" content=\"Szerz\u0151:\" \/>\n\t<meta name=\"twitter:data1\" content=\"Karit\u00e1sz K\u00f6zpont\" \/>\n\t<meta name=\"twitter:label2\" content=\"Becs\u00fclt olvas\u00e1si id\u0151\" \/>\n\t<meta name=\"twitter:data2\" content=\"3 perc\" \/>\n<script type=\"application\/ld+json\" class=\"yoast-schema-graph\">{\"@context\":\"https:\/\/schema.org\",\"@graph\":[{\"@type\":\"Article\",\"@id\":\"https:\/\/karitaszkozpont.hu\/?p=223#article\",\"isPartOf\":{\"@id\":\"https:\/\/karitaszkozpont.hu\/?p=223\"},\"author\":{\"name\":\"Karit\u00e1sz K\u00f6zpont\",\"@id\":\"https:\/\/karitaszkozpont.hu\/#\/schema\/person\/0d9c28244c111914ea13bb1248775e57\"},\"headline\":\"Karit\u00e1sz-CitizenGo pet\u00edci\u00f3 Ukrajna eln\u00f6k\u00e9hez\",\"datePublished\":\"2019-06-18T10:12:40+00:00\",\"dateModified\":\"2019-06-19T07:40:47+00:00\",\"mainEntityOfPage\":{\"@id\":\"https:\/\/karitaszkozpont.hu\/?p=223\"},\"wordCount\":675,\"commentCount\":0,\"publisher\":{\"@id\":\"https:\/\/karitaszkozpont.hu\/#organization\"},\"articleSection\":[\"H\u00edrek\"],\"inLanguage\":\"hu\",\"potentialAction\":[{\"@type\":\"CommentAction\",\"name\":\"Comment\",\"target\":[\"https:\/\/karitaszkozpont.hu\/?p=223#respond\"]}]},{\"@type\":\"WebPage\",\"@id\":\"https:\/\/karitaszkozpont.hu\/?p=223\",\"url\":\"https:\/\/karitaszkozpont.hu\/?p=223\",\"name\":\"Karit\u00e1sz-CitizenGo pet\u00edci\u00f3 Ukrajna eln\u00f6k\u00e9hez - Szent Erzs\u00e9bet Karit\u00e1sz K\u00f6zpont\",\"isPartOf\":{\"@id\":\"https:\/\/karitaszkozpont.hu\/#website\"},\"datePublished\":\"2019-06-18T10:12:40+00:00\",\"dateModified\":\"2019-06-19T07:40:47+00:00\",\"breadcrumb\":{\"@id\":\"https:\/\/karitaszkozpont.hu\/?p=223#breadcrumb\"},\"inLanguage\":\"hu\",\"potentialAction\":[{\"@type\":\"ReadAction\",\"target\":[\"https:\/\/karitaszkozpont.hu\/?p=223\"]}]},{\"@type\":\"BreadcrumbList\",\"@id\":\"https:\/\/karitaszkozpont.hu\/?p=223#breadcrumb\",\"itemListElement\":[{\"@type\":\"ListItem\",\"position\":1,\"name\":\"Kezd\u0151lap\",\"item\":\"https:\/\/karitaszkozpont.hu\/\"},{\"@type\":\"ListItem\",\"position\":2,\"name\":\"Karit\u00e1sz-CitizenGo pet\u00edci\u00f3 Ukrajna eln\u00f6k\u00e9hez\"}]},{\"@type\":\"WebSite\",\"@id\":\"https:\/\/karitaszkozpont.hu\/#website\",\"url\":\"https:\/\/karitaszkozpont.hu\/\",\"name\":\"Szent Erzs\u00e9bet Karit\u00e1sz K\u00f6zpont\",\"description\":\"Esztergom-Budapesti F\u0151egyh\u00e1zmegye\",\"publisher\":{\"@id\":\"https:\/\/karitaszkozpont.hu\/#organization\"},\"potentialAction\":[{\"@type\":\"SearchAction\",\"target\":{\"@type\":\"EntryPoint\",\"urlTemplate\":\"https:\/\/karitaszkozpont.hu\/?s={search_term_string}\"},\"query-input\":\"required name=search_term_string\"}],\"inLanguage\":\"hu\"},{\"@type\":\"Organization\",\"@id\":\"https:\/\/karitaszkozpont.hu\/#organization\",\"name\":\"Szent Erzs\u00e9bet Karit\u00e1sz K\u00f6zpont\",\"url\":\"https:\/\/karitaszkozpont.hu\/\",\"logo\":{\"@type\":\"ImageObject\",\"inLanguage\":\"hu\",\"@id\":\"https:\/\/karitaszkozpont.hu\/#\/schema\/logo\/image\/\",\"url\":\"https:\/\/karitaszkp.hu\/wp-content\/uploads\/2019\/06\/cropped-logo-arnyekos-1.png\",\"contentUrl\":\"https:\/\/karitaszkp.hu\/wp-content\/uploads\/2019\/06\/cropped-logo-arnyekos-1.png\",\"width\":240,\"height\":247,\"caption\":\"Szent Erzs\u00e9bet Karit\u00e1sz K\u00f6zpont\"},\"image\":{\"@id\":\"https:\/\/karitaszkozpont.hu\/#\/schema\/logo\/image\/\"}},{\"@type\":\"Person\",\"@id\":\"https:\/\/karitaszkozpont.hu\/#\/schema\/person\/0d9c28244c111914ea13bb1248775e57\",\"name\":\"Karit\u00e1sz K\u00f6zpont\",\"image\":{\"@type\":\"ImageObject\",\"inLanguage\":\"hu\",\"@id\":\"https:\/\/karitaszkozpont.hu\/#\/schema\/person\/image\/\",\"url\":\"https:\/\/secure.gravatar.com\/avatar\/1274acd7c62f3cac92d2b38aad20c71b?s=96&d=mm&r=g\",\"contentUrl\":\"https:\/\/secure.gravatar.com\/avatar\/1274acd7c62f3cac92d2b38aad20c71b?s=96&d=mm&r=g\",\"caption\":\"Karit\u00e1sz K\u00f6zpont\"},\"url\":\"https:\/\/karitaszkozpont.hu\/?author=1\"}]}<\/script>\n<!-- \/ Yoast SEO plugin. -->","yoast_head_json":{"title":"Karit\u00e1sz-CitizenGo pet\u00edci\u00f3 Ukrajna eln\u00f6k\u00e9hez - Szent Erzs\u00e9bet Karit\u00e1sz K\u00f6zpont","robots":{"index":"index","follow":"follow","max-snippet":"max-snippet:-1","max-image-preview":"max-image-preview:large","max-video-preview":"max-video-preview:-1"},"canonical":"https:\/\/karitaszkozpont.hu\/?p=223","og_locale":"hu_HU","og_type":"article","og_title":"Karit\u00e1sz-CitizenGo pet\u00edci\u00f3 Ukrajna eln\u00f6k\u00e9hez - Szent Erzs\u00e9bet Karit\u00e1sz K\u00f6zpont","og_description":"Karit\u00e1sz-CitizenGo pet\u00edci\u00f3 Ukrajna eln\u00f6k\u00e9hez A Katolikus Karit\u00e1sz Ukrajna \u00faj eln\u00f6k\u00e9nek seg\u00edts\u00e9g\u00e9t k\u00e9ri, hogy a karitat\u00edv szervezetek \u00e1ltal ind\u00edtott seg\u00e9lysz\u00e1ll\u00edtm\u00e1nyok b\u00fcrokratikus akad\u00e1lyok n\u00e9lk\u00fcl, egyszer\u0171en, gyorsan, korl\u00e1toz\u00e1sok n\u00e9lk\u00fcl juthassanak el a k\u00e1rp\u00e1taljai \u00e9s ukrajnai r\u00e1szorul\u00f3 csal\u00e1dokhoz \u00e9s karitat\u00edv szervezetekhez. Az \u00e9vek \u00f3ta tart\u00f3 gazdas\u00e1gi v\u00e1ls\u00e1g \u00e9s a kelet-ukrajnai h\u00e1bor\u00fa miatt Ukrajna lakoss\u00e1ga k\u00fcl\u00f6n\u00f6sen neh\u00e9z szoci\u00e1lis helyzetben van &hellip; Continue reading \"Karit\u00e1sz-CitizenGo pet\u00edci\u00f3 Ukrajna eln\u00f6k\u00e9hez\"","og_url":"https:\/\/karitaszkozpont.hu\/?p=223","og_site_name":"Szent Erzs\u00e9bet Karit\u00e1sz K\u00f6zpont","article_published_time":"2019-06-18T10:12:40+00:00","article_modified_time":"2019-06-19T07:40:47+00:00","og_image":[{"width":799,"height":533,"url":"https:\/\/karitaszkozpont.hu\/wp-content\/uploads\/2019\/06\/c_karitasz_karpatalja.jpg","type":"image\/jpeg"}],"author":"Karit\u00e1sz K\u00f6zpont","twitter_card":"summary_large_image","twitter_misc":{"Szerz\u0151:":"Karit\u00e1sz K\u00f6zpont","Becs\u00fclt olvas\u00e1si id\u0151":"3 perc"},"schema":{"@context":"https:\/\/schema.org","@graph":[{"@type":"Article","@id":"https:\/\/karitaszkozpont.hu\/?p=223#article","isPartOf":{"@id":"https:\/\/karitaszkozpont.hu\/?p=223"},"author":{"name":"Karit\u00e1sz K\u00f6zpont","@id":"https:\/\/karitaszkozpont.hu\/#\/schema\/person\/0d9c28244c111914ea13bb1248775e57"},"headline":"Karit\u00e1sz-CitizenGo pet\u00edci\u00f3 Ukrajna eln\u00f6k\u00e9hez","datePublished":"2019-06-18T10:12:40+00:00","dateModified":"2019-06-19T07:40:47+00:00","mainEntityOfPage":{"@id":"https:\/\/karitaszkozpont.hu\/?p=223"},"wordCount":675,"commentCount":0,"publisher":{"@id":"https:\/\/karitaszkozpont.hu\/#organization"},"articleSection":["H\u00edrek"],"inLanguage":"hu","potentialAction":[{"@type":"CommentAction","name":"Comment","target":["https:\/\/karitaszkozpont.hu\/?p=223#respond"]}]},{"@type":"WebPage","@id":"https:\/\/karitaszkozpont.hu\/?p=223","url":"https:\/\/karitaszkozpont.hu\/?p=223","name":"Karit\u00e1sz-CitizenGo pet\u00edci\u00f3 Ukrajna eln\u00f6k\u00e9hez - Szent Erzs\u00e9bet Karit\u00e1sz K\u00f6zpont","isPartOf":{"@id":"https:\/\/karitaszkozpont.hu\/#website"},"datePublished":"2019-06-18T10:12:40+00:00","dateModified":"2019-06-19T07:40:47+00:00","breadcrumb":{"@id":"https:\/\/karitaszkozpont.hu\/?p=223#breadcrumb"},"inLanguage":"hu","potentialAction":[{"@type":"ReadAction","target":["https:\/\/karitaszkozpont.hu\/?p=223"]}]},{"@type":"BreadcrumbList","@id":"https:\/\/karitaszkozpont.hu\/?p=223#breadcrumb","itemListElement":[{"@type":"ListItem","position":1,"name":"Kezd\u0151lap","item":"https:\/\/karitaszkozpont.hu\/"},{"@type":"ListItem","position":2,"name":"Karit\u00e1sz-CitizenGo pet\u00edci\u00f3 Ukrajna eln\u00f6k\u00e9hez"}]},{"@type":"WebSite","@id":"https:\/\/karitaszkozpont.hu\/#website","url":"https:\/\/karitaszkozpont.hu\/","name":"Szent Erzs\u00e9bet Karit\u00e1sz K\u00f6zpont","description":"Esztergom-Budapesti F\u0151egyh\u00e1zmegye","publisher":{"@id":"https:\/\/karitaszkozpont.hu\/#organization"},"potentialAction":[{"@type":"SearchAction","target":{"@type":"EntryPoint","urlTemplate":"https:\/\/karitaszkozpont.hu\/?s={search_term_string}"},"query-input":"required name=search_term_string"}],"inLanguage":"hu"},{"@type":"Organization","@id":"https:\/\/karitaszkozpont.hu\/#organization","name":"Szent Erzs\u00e9bet Karit\u00e1sz K\u00f6zpont","url":"https:\/\/karitaszkozpont.hu\/","logo":{"@type":"ImageObject","inLanguage":"hu","@id":"https:\/\/karitaszkozpont.hu\/#\/schema\/logo\/image\/","url":"https:\/\/karitaszkp.hu\/wp-content\/uploads\/2019\/06\/cropped-logo-arnyekos-1.png","contentUrl":"https:\/\/karitaszkp.hu\/wp-content\/uploads\/2019\/06\/cropped-logo-arnyekos-1.png","width":240,"height":247,"caption":"Szent Erzs\u00e9bet Karit\u00e1sz K\u00f6zpont"},"image":{"@id":"https:\/\/karitaszkozpont.hu\/#\/schema\/logo\/image\/"}},{"@type":"Person","@id":"https:\/\/karitaszkozpont.hu\/#\/schema\/person\/0d9c28244c111914ea13bb1248775e57","name":"Karit\u00e1sz K\u00f6zpont","image":{"@type":"ImageObject","inLanguage":"hu","@id":"https:\/\/karitaszkozpont.hu\/#\/schema\/person\/image\/","url":"https:\/\/secure.gravatar.com\/avatar\/1274acd7c62f3cac92d2b38aad20c71b?s=96&d=mm&r=g","contentUrl":"https:\/\/secure.gravatar.com\/avatar\/1274acd7c62f3cac92d2b38aad20c71b?s=96&d=mm&r=g","caption":"Karit\u00e1sz K\u00f6zpont"},"url":"https:\/\/karitaszkozpont.hu\/?author=1"}]}},"_links":{"self":[{"href":"https:\/\/karitaszkozpont.hu\/index.php?rest_route=\/wp\/v2\/posts\/223"}],"collection":[{"href":"https:\/\/karitaszkozpont.hu\/index.php?rest_route=\/wp\/v2\/posts"}],"about":[{"href":"https:\/\/karitaszkozpont.hu\/index.php?rest_route=\/wp\/v2\/types\/post"}],"author":[{"embeddable":true,"href":"https:\/\/karitaszkozpont.hu\/index.php?rest_route=\/wp\/v2\/users\/1"}],"replies":[{"embeddable":true,"href":"https:\/\/karitaszkozpont.hu\/index.php?rest_route=%2Fwp%2Fv2%2Fcomments&post=223"}],"version-history":[{"count":2,"href":"https:\/\/karitaszkozpont.hu\/index.php?rest_route=\/wp\/v2\/posts\/223\/revisions"}],"predecessor-version":[{"id":362,"href":"https:\/\/karitaszkozpont.hu\/index.php?rest_route=\/wp\/v2\/posts\/223\/revisions\/362"}],"wp:featuredmedia":[{"embeddable":true,"href":"https:\/\/karitaszkozpont.hu\/index.php?rest_route=\/wp\/v2\/media\/175"}],"wp:attachment":[{"href":"https:\/\/karitaszkozpont.hu\/index.php?rest_route=%2Fwp%2Fv2%2Fmedia&parent=223"}],"wp:term":[{"taxonomy":"category","embeddable":true,"href":"https:\/\/karitaszkozpont.hu\/index.php?rest_route=%2Fwp%2Fv2%2Fcategories&post=223"},{"taxonomy":"post_tag","embeddable":true,"href":"https:\/\/karitaszkozpont.hu\/index.php?rest_route=%2Fwp%2Fv2%2Ftags&post=223"}],"curies":[{"name":"wp","href":"https:\/\/api.w.org\/{rel}","templated":true}]}}