{"id":214,"date":"2019-06-18T12:02:26","date_gmt":"2019-06-18T10:02:26","guid":{"rendered":"http:\/\/karitaszkp.hu\/?p=214"},"modified":"2019-06-19T09:42:49","modified_gmt":"2019-06-19T07:42:49","slug":"karizmak-unnepe-2019","status":"publish","type":"post","link":"https:\/\/karitaszkozpont.hu\/?p=214","title":{"rendered":"Karizm\u00e1k \u00dcnnepe 2019"},"content":{"rendered":"\n<p class=\"has-text-color has-background has-large-font-size has-very-light-gray-color has-vivid-red-background-color\">Karizm\u00e1k \u00dcnnepe<\/p>\n\n\n\n<p class=\"has-text-color has-very-dark-gray-color\"><strong>Id\u00e9n is Karizm\u00e1k \u00dcnnepe! A Szent Erzs\u00e9bet Karit\u00e1sz K\u00f6zpont is bemutatkozik a f\u0151egyh\u00e1zmegyei juni\u00e1lison. Szeretettel v\u00e1rjuk P\u00fcnk\u00f6sdh\u00e9tf\u0151n a m\u00e1riaremetei Templomkertben! <\/strong><\/p>\n\n\n\n<p class=\"has-text-color has-very-dark-gray-color\">A program \u00e9vek \u00f3ta n\u00e9gy-\u00f6tezer l\u00e1togat\u00f3val F\u0151egyh\u00e1zmegy\u00e9nk egyik legfontosabb tal\u00e1lkoz\u00f3ja. Az elm\u00falt \u00e9vtizedekben az egyh\u00e1zmegyei tal\u00e1lkoz\u00f3 m\u00e1riaremetei helysz\u00edn\u00e9nek ok\u00e1n is a Sz\u0171zany\u00e1t \u00e9s a P\u00fcnk\u00f6sd\u00f6t egy\u00fctt hordozta. Szentaty\u00e1nk ezt a h\u00e9tk\u00f6znapot Sz\u0171zanya \u00fcnnepp\u00e9 tette.<\/p>\n\n\n\n<p class=\"has-text-color has-very-dark-gray-color\"><br>Az \u00fcnnep h\u00e1zigazd\u00e1ja Dr. Erd\u0151 P\u00e9ter b\u00edboros \u00far. Az \u0151 megb\u00edz\u00e1s\u00e1b\u00f3l ebben az \u00e9vben is a F\u0151egyh\u00e1zmegye Pasztor\u00e1lis Szakter\u00fclete v\u00e9gzi a koordin\u00e1ci\u00f3t. A szervez\u00e9si feladatokat a Katolikus Ifj\u00fas\u00e1gi Mozgalom (KIM) \u00f6nk\u00e9ntesei l\u00e1tj\u00e1k el.&nbsp;<\/p>\n\n\n\n<p class=\"has-text-color has-very-dark-gray-color\">Program: <a href=\"http:\/\/kim.katolikus.net\/wordpress\/\">kim.katolikus.net<\/a><\/p>\n","protected":false},"excerpt":{"rendered":"<p>Karizm\u00e1k \u00dcnnepe Id\u00e9n is Karizm\u00e1k \u00dcnnepe! A Szent Erzs\u00e9bet Karit\u00e1sz K\u00f6zpont is bemutatkozik a f\u0151egyh\u00e1zmegyei juni\u00e1lison. Szeretettel v\u00e1rjuk P\u00fcnk\u00f6sdh\u00e9tf\u0151n a m\u00e1riaremetei Templomkertben! A program \u00e9vek \u00f3ta n\u00e9gy-\u00f6tezer l\u00e1togat\u00f3val F\u0151egyh\u00e1zmegy\u00e9nk egyik legfontosabb tal\u00e1lkoz\u00f3ja. Az elm\u00falt \u00e9vtizedekben az egyh\u00e1zmegyei tal\u00e1lkoz\u00f3 m\u00e1riaremetei helysz\u00edn\u00e9nek ok\u00e1n is a Sz\u0171zany\u00e1t \u00e9s a P\u00fcnk\u00f6sd\u00f6t egy\u00fctt hordozta. Szentaty\u00e1nk ezt a h\u00e9tk\u00f6znapot Sz\u0171zanya \u00fcnnepp\u00e9 &hellip; <\/p>\n<p class=\"link-more\"><a href=\"https:\/\/karitaszkozpont.hu\/?p=214\" class=\"more-link\">Continue reading<span class=\"screen-reader-text\"> &#8222;Karizm\u00e1k \u00dcnnepe 2019&#8221;<\/span><\/a><\/p>\n","protected":false},"author":1,"featured_media":215,"comment_status":"open","ping_status":"open","sticky":false,"template":"","format":"standard","meta":[],"categories":[4],"tags":[],"yoast_head":"<!-- This site is optimized with the Yoast SEO plugin v20.1 - https:\/\/yoast.com\/wordpress\/plugins\/seo\/ -->\n<title>Karizm\u00e1k \u00dcnnepe 2019 - Szent Erzs\u00e9bet Karit\u00e1sz K\u00f6zpont<\/title>\n<meta name=\"robots\" content=\"index, follow, max-snippet:-1, max-image-preview:large, max-video-preview:-1\" \/>\n<link rel=\"canonical\" href=\"https:\/\/karitaszkozpont.hu\/?p=214\" \/>\n<meta property=\"og:locale\" content=\"hu_HU\" \/>\n<meta property=\"og:type\" content=\"article\" \/>\n<meta property=\"og:title\" content=\"Karizm\u00e1k \u00dcnnepe 2019 - Szent Erzs\u00e9bet Karit\u00e1sz K\u00f6zpont\" \/>\n<meta property=\"og:description\" content=\"Karizm\u00e1k \u00dcnnepe Id\u00e9n is Karizm\u00e1k \u00dcnnepe! A Szent Erzs\u00e9bet Karit\u00e1sz K\u00f6zpont is bemutatkozik a f\u0151egyh\u00e1zmegyei juni\u00e1lison. Szeretettel v\u00e1rjuk P\u00fcnk\u00f6sdh\u00e9tf\u0151n a m\u00e1riaremetei Templomkertben! A program \u00e9vek \u00f3ta n\u00e9gy-\u00f6tezer l\u00e1togat\u00f3val F\u0151egyh\u00e1zmegy\u00e9nk egyik legfontosabb tal\u00e1lkoz\u00f3ja. Az elm\u00falt \u00e9vtizedekben az egyh\u00e1zmegyei tal\u00e1lkoz\u00f3 m\u00e1riaremetei helysz\u00edn\u00e9nek ok\u00e1n is a Sz\u0171zany\u00e1t \u00e9s a P\u00fcnk\u00f6sd\u00f6t egy\u00fctt hordozta. Szentaty\u00e1nk ezt a h\u00e9tk\u00f6znapot Sz\u0171zanya \u00fcnnepp\u00e9 &hellip; Continue reading &quot;Karizm\u00e1k \u00dcnnepe 2019&quot;\" \/>\n<meta property=\"og:url\" content=\"https:\/\/karitaszkozpont.hu\/?p=214\" \/>\n<meta property=\"og:site_name\" content=\"Szent Erzs\u00e9bet Karit\u00e1sz K\u00f6zpont\" \/>\n<meta property=\"article:published_time\" content=\"2019-06-18T10:02:26+00:00\" \/>\n<meta property=\"article:modified_time\" content=\"2019-06-19T07:42:49+00:00\" \/>\n<meta property=\"og:image\" content=\"https:\/\/karitaszkozpont.hu\/wp-content\/uploads\/2019\/06\/i1497.jpg.png\" \/>\n\t<meta property=\"og:image:width\" content=\"310\" \/>\n\t<meta property=\"og:image:height\" content=\"85\" \/>\n\t<meta property=\"og:image:type\" content=\"image\/png\" \/>\n<meta name=\"author\" content=\"Karit\u00e1sz K\u00f6zpont\" \/>\n<meta name=\"twitter:card\" content=\"summary_large_image\" \/>\n<meta name=\"twitter:label1\" content=\"Szerz\u0151:\" \/>\n\t<meta name=\"twitter:data1\" content=\"Karit\u00e1sz K\u00f6zpont\" \/>\n\t<meta name=\"twitter:label2\" content=\"Becs\u00fclt olvas\u00e1si id\u0151\" \/>\n\t<meta name=\"twitter:data2\" content=\"1 perc\" \/>\n<script type=\"application\/ld+json\" class=\"yoast-schema-graph\">{\"@context\":\"https:\/\/schema.org\",\"@graph\":[{\"@type\":\"Article\",\"@id\":\"https:\/\/karitaszkozpont.hu\/?p=214#article\",\"isPartOf\":{\"@id\":\"https:\/\/karitaszkozpont.hu\/?p=214\"},\"author\":{\"name\":\"Karit\u00e1sz K\u00f6zpont\",\"@id\":\"https:\/\/karitaszkozpont.hu\/#\/schema\/person\/0d9c28244c111914ea13bb1248775e57\"},\"headline\":\"Karizm\u00e1k \u00dcnnepe 2019\",\"datePublished\":\"2019-06-18T10:02:26+00:00\",\"dateModified\":\"2019-06-19T07:42:49+00:00\",\"mainEntityOfPage\":{\"@id\":\"https:\/\/karitaszkozpont.hu\/?p=214\"},\"wordCount\":158,\"commentCount\":0,\"publisher\":{\"@id\":\"https:\/\/karitaszkozpont.hu\/#organization\"},\"articleSection\":[\"H\u00edrek\"],\"inLanguage\":\"hu\",\"potentialAction\":[{\"@type\":\"CommentAction\",\"name\":\"Comment\",\"target\":[\"https:\/\/karitaszkozpont.hu\/?p=214#respond\"]}]},{\"@type\":\"WebPage\",\"@id\":\"https:\/\/karitaszkozpont.hu\/?p=214\",\"url\":\"https:\/\/karitaszkozpont.hu\/?p=214\",\"name\":\"Karizm\u00e1k \u00dcnnepe 2019 - Szent Erzs\u00e9bet Karit\u00e1sz K\u00f6zpont\",\"isPartOf\":{\"@id\":\"https:\/\/karitaszkozpont.hu\/#website\"},\"datePublished\":\"2019-06-18T10:02:26+00:00\",\"dateModified\":\"2019-06-19T07:42:49+00:00\",\"breadcrumb\":{\"@id\":\"https:\/\/karitaszkozpont.hu\/?p=214#breadcrumb\"},\"inLanguage\":\"hu\",\"potentialAction\":[{\"@type\":\"ReadAction\",\"target\":[\"https:\/\/karitaszkozpont.hu\/?p=214\"]}]},{\"@type\":\"BreadcrumbList\",\"@id\":\"https:\/\/karitaszkozpont.hu\/?p=214#breadcrumb\",\"itemListElement\":[{\"@type\":\"ListItem\",\"position\":1,\"name\":\"Kezd\u0151lap\",\"item\":\"https:\/\/karitaszkozpont.hu\/\"},{\"@type\":\"ListItem\",\"position\":2,\"name\":\"Karizm\u00e1k \u00dcnnepe 2019\"}]},{\"@type\":\"WebSite\",\"@id\":\"https:\/\/karitaszkozpont.hu\/#website\",\"url\":\"https:\/\/karitaszkozpont.hu\/\",\"name\":\"Szent Erzs\u00e9bet Karit\u00e1sz K\u00f6zpont\",\"description\":\"Esztergom-Budapesti F\u0151egyh\u00e1zmegye\",\"publisher\":{\"@id\":\"https:\/\/karitaszkozpont.hu\/#organization\"},\"potentialAction\":[{\"@type\":\"SearchAction\",\"target\":{\"@type\":\"EntryPoint\",\"urlTemplate\":\"https:\/\/karitaszkozpont.hu\/?s={search_term_string}\"},\"query-input\":\"required name=search_term_string\"}],\"inLanguage\":\"hu\"},{\"@type\":\"Organization\",\"@id\":\"https:\/\/karitaszkozpont.hu\/#organization\",\"name\":\"Szent Erzs\u00e9bet Karit\u00e1sz K\u00f6zpont\",\"url\":\"https:\/\/karitaszkozpont.hu\/\",\"logo\":{\"@type\":\"ImageObject\",\"inLanguage\":\"hu\",\"@id\":\"https:\/\/karitaszkozpont.hu\/#\/schema\/logo\/image\/\",\"url\":\"https:\/\/karitaszkp.hu\/wp-content\/uploads\/2019\/06\/cropped-logo-arnyekos-1.png\",\"contentUrl\":\"https:\/\/karitaszkp.hu\/wp-content\/uploads\/2019\/06\/cropped-logo-arnyekos-1.png\",\"width\":240,\"height\":247,\"caption\":\"Szent Erzs\u00e9bet Karit\u00e1sz K\u00f6zpont\"},\"image\":{\"@id\":\"https:\/\/karitaszkozpont.hu\/#\/schema\/logo\/image\/\"}},{\"@type\":\"Person\",\"@id\":\"https:\/\/karitaszkozpont.hu\/#\/schema\/person\/0d9c28244c111914ea13bb1248775e57\",\"name\":\"Karit\u00e1sz K\u00f6zpont\",\"image\":{\"@type\":\"ImageObject\",\"inLanguage\":\"hu\",\"@id\":\"https:\/\/karitaszkozpont.hu\/#\/schema\/person\/image\/\",\"url\":\"https:\/\/secure.gravatar.com\/avatar\/1274acd7c62f3cac92d2b38aad20c71b?s=96&d=mm&r=g\",\"contentUrl\":\"https:\/\/secure.gravatar.com\/avatar\/1274acd7c62f3cac92d2b38aad20c71b?s=96&d=mm&r=g\",\"caption\":\"Karit\u00e1sz K\u00f6zpont\"},\"url\":\"https:\/\/karitaszkozpont.hu\/?author=1\"}]}<\/script>\n<!-- \/ Yoast SEO plugin. -->","yoast_head_json":{"title":"Karizm\u00e1k \u00dcnnepe 2019 - Szent Erzs\u00e9bet Karit\u00e1sz K\u00f6zpont","robots":{"index":"index","follow":"follow","max-snippet":"max-snippet:-1","max-image-preview":"max-image-preview:large","max-video-preview":"max-video-preview:-1"},"canonical":"https:\/\/karitaszkozpont.hu\/?p=214","og_locale":"hu_HU","og_type":"article","og_title":"Karizm\u00e1k \u00dcnnepe 2019 - Szent Erzs\u00e9bet Karit\u00e1sz K\u00f6zpont","og_description":"Karizm\u00e1k \u00dcnnepe Id\u00e9n is Karizm\u00e1k \u00dcnnepe! A Szent Erzs\u00e9bet Karit\u00e1sz K\u00f6zpont is bemutatkozik a f\u0151egyh\u00e1zmegyei juni\u00e1lison. Szeretettel v\u00e1rjuk P\u00fcnk\u00f6sdh\u00e9tf\u0151n a m\u00e1riaremetei Templomkertben! A program \u00e9vek \u00f3ta n\u00e9gy-\u00f6tezer l\u00e1togat\u00f3val F\u0151egyh\u00e1zmegy\u00e9nk egyik legfontosabb tal\u00e1lkoz\u00f3ja. Az elm\u00falt \u00e9vtizedekben az egyh\u00e1zmegyei tal\u00e1lkoz\u00f3 m\u00e1riaremetei helysz\u00edn\u00e9nek ok\u00e1n is a Sz\u0171zany\u00e1t \u00e9s a P\u00fcnk\u00f6sd\u00f6t egy\u00fctt hordozta. Szentaty\u00e1nk ezt a h\u00e9tk\u00f6znapot Sz\u0171zanya \u00fcnnepp\u00e9 &hellip; Continue reading \"Karizm\u00e1k \u00dcnnepe 2019\"","og_url":"https:\/\/karitaszkozpont.hu\/?p=214","og_site_name":"Szent Erzs\u00e9bet Karit\u00e1sz K\u00f6zpont","article_published_time":"2019-06-18T10:02:26+00:00","article_modified_time":"2019-06-19T07:42:49+00:00","og_image":[{"width":310,"height":85,"url":"https:\/\/karitaszkozpont.hu\/wp-content\/uploads\/2019\/06\/i1497.jpg.png","type":"image\/png"}],"author":"Karit\u00e1sz K\u00f6zpont","twitter_card":"summary_large_image","twitter_misc":{"Szerz\u0151:":"Karit\u00e1sz K\u00f6zpont","Becs\u00fclt olvas\u00e1si id\u0151":"1 perc"},"schema":{"@context":"https:\/\/schema.org","@graph":[{"@type":"Article","@id":"https:\/\/karitaszkozpont.hu\/?p=214#article","isPartOf":{"@id":"https:\/\/karitaszkozpont.hu\/?p=214"},"author":{"name":"Karit\u00e1sz K\u00f6zpont","@id":"https:\/\/karitaszkozpont.hu\/#\/schema\/person\/0d9c28244c111914ea13bb1248775e57"},"headline":"Karizm\u00e1k \u00dcnnepe 2019","datePublished":"2019-06-18T10:02:26+00:00","dateModified":"2019-06-19T07:42:49+00:00","mainEntityOfPage":{"@id":"https:\/\/karitaszkozpont.hu\/?p=214"},"wordCount":158,"commentCount":0,"publisher":{"@id":"https:\/\/karitaszkozpont.hu\/#organization"},"articleSection":["H\u00edrek"],"inLanguage":"hu","potentialAction":[{"@type":"CommentAction","name":"Comment","target":["https:\/\/karitaszkozpont.hu\/?p=214#respond"]}]},{"@type":"WebPage","@id":"https:\/\/karitaszkozpont.hu\/?p=214","url":"https:\/\/karitaszkozpont.hu\/?p=214","name":"Karizm\u00e1k \u00dcnnepe 2019 - Szent Erzs\u00e9bet Karit\u00e1sz K\u00f6zpont","isPartOf":{"@id":"https:\/\/karitaszkozpont.hu\/#website"},"datePublished":"2019-06-18T10:02:26+00:00","dateModified":"2019-06-19T07:42:49+00:00","breadcrumb":{"@id":"https:\/\/karitaszkozpont.hu\/?p=214#breadcrumb"},"inLanguage":"hu","potentialAction":[{"@type":"ReadAction","target":["https:\/\/karitaszkozpont.hu\/?p=214"]}]},{"@type":"BreadcrumbList","@id":"https:\/\/karitaszkozpont.hu\/?p=214#breadcrumb","itemListElement":[{"@type":"ListItem","position":1,"name":"Kezd\u0151lap","item":"https:\/\/karitaszkozpont.hu\/"},{"@type":"ListItem","position":2,"name":"Karizm\u00e1k \u00dcnnepe 2019"}]},{"@type":"WebSite","@id":"https:\/\/karitaszkozpont.hu\/#website","url":"https:\/\/karitaszkozpont.hu\/","name":"Szent Erzs\u00e9bet Karit\u00e1sz K\u00f6zpont","description":"Esztergom-Budapesti F\u0151egyh\u00e1zmegye","publisher":{"@id":"https:\/\/karitaszkozpont.hu\/#organization"},"potentialAction":[{"@type":"SearchAction","target":{"@type":"EntryPoint","urlTemplate":"https:\/\/karitaszkozpont.hu\/?s={search_term_string}"},"query-input":"required name=search_term_string"}],"inLanguage":"hu"},{"@type":"Organization","@id":"https:\/\/karitaszkozpont.hu\/#organization","name":"Szent Erzs\u00e9bet Karit\u00e1sz K\u00f6zpont","url":"https:\/\/karitaszkozpont.hu\/","logo":{"@type":"ImageObject","inLanguage":"hu","@id":"https:\/\/karitaszkozpont.hu\/#\/schema\/logo\/image\/","url":"https:\/\/karitaszkp.hu\/wp-content\/uploads\/2019\/06\/cropped-logo-arnyekos-1.png","contentUrl":"https:\/\/karitaszkp.hu\/wp-content\/uploads\/2019\/06\/cropped-logo-arnyekos-1.png","width":240,"height":247,"caption":"Szent Erzs\u00e9bet Karit\u00e1sz K\u00f6zpont"},"image":{"@id":"https:\/\/karitaszkozpont.hu\/#\/schema\/logo\/image\/"}},{"@type":"Person","@id":"https:\/\/karitaszkozpont.hu\/#\/schema\/person\/0d9c28244c111914ea13bb1248775e57","name":"Karit\u00e1sz K\u00f6zpont","image":{"@type":"ImageObject","inLanguage":"hu","@id":"https:\/\/karitaszkozpont.hu\/#\/schema\/person\/image\/","url":"https:\/\/secure.gravatar.com\/avatar\/1274acd7c62f3cac92d2b38aad20c71b?s=96&d=mm&r=g","contentUrl":"https:\/\/secure.gravatar.com\/avatar\/1274acd7c62f3cac92d2b38aad20c71b?s=96&d=mm&r=g","caption":"Karit\u00e1sz K\u00f6zpont"},"url":"https:\/\/karitaszkozpont.hu\/?author=1"}]}},"_links":{"self":[{"href":"https:\/\/karitaszkozpont.hu\/index.php?rest_route=\/wp\/v2\/posts\/214"}],"collection":[{"href":"https:\/\/karitaszkozpont.hu\/index.php?rest_route=\/wp\/v2\/posts"}],"about":[{"href":"https:\/\/karitaszkozpont.hu\/index.php?rest_route=\/wp\/v2\/types\/post"}],"author":[{"embeddable":true,"href":"https:\/\/karitaszkozpont.hu\/index.php?rest_route=\/wp\/v2\/users\/1"}],"replies":[{"embeddable":true,"href":"https:\/\/karitaszkozpont.hu\/index.php?rest_route=%2Fwp%2Fv2%2Fcomments&post=214"}],"version-history":[{"count":4,"href":"https:\/\/karitaszkozpont.hu\/index.php?rest_route=\/wp\/v2\/posts\/214\/revisions"}],"predecessor-version":[{"id":364,"href":"https:\/\/karitaszkozpont.hu\/index.php?rest_route=\/wp\/v2\/posts\/214\/revisions\/364"}],"wp:featuredmedia":[{"embeddable":true,"href":"https:\/\/karitaszkozpont.hu\/index.php?rest_route=\/wp\/v2\/media\/215"}],"wp:attachment":[{"href":"https:\/\/karitaszkozpont.hu\/index.php?rest_route=%2Fwp%2Fv2%2Fmedia&parent=214"}],"wp:term":[{"taxonomy":"category","embeddable":true,"href":"https:\/\/karitaszkozpont.hu\/index.php?rest_route=%2Fwp%2Fv2%2Fcategories&post=214"},{"taxonomy":"post_tag","embeddable":true,"href":"https:\/\/karitaszkozpont.hu\/index.php?rest_route=%2Fwp%2Fv2%2Ftags&post=214"}],"curies":[{"name":"wp","href":"https:\/\/api.w.org\/{rel}","templated":true}]}}