{"id":1473,"date":"2021-11-17T21:57:30","date_gmt":"2021-11-17T19:57:30","guid":{"rendered":"http:\/\/karitaszkp.hu\/?p=1473"},"modified":"2022-01-08T10:49:10","modified_gmt":"2022-01-08T08:49:10","slug":"egyuttmukodes-az-obudai-vedonokkel","status":"publish","type":"post","link":"https:\/\/karitaszkozpont.hu\/?p=1473","title":{"rendered":"Egy\u00fcttm\u0171k\u00f6d\u00e9s az \u00d3budai V\u00e9d\u0151n\u0151kkel"},"content":{"rendered":"\n<p class=\"has-white-color has-vivid-red-background-color has-text-color has-background has-large-font-size\">Egy\u00fcttm\u0171k\u00f6d\u00e9s az \u00d3budai V\u00e9d\u0151n\u0151kkel<\/p>\n\n\n\n<p>November 10-\u00e9n a Szent Erzs\u00e9bet Karit\u00e1sz K\u00f6zpont vezet\u0151i \u00e9s munkat\u00e1rsai a III. ker\u00fclet, \u00d3buda-B\u00e9k\u00e1smegyeri V\u00e9d\u0151n\u0151i Szolg\u00e1lat munkat\u00e1rsaival tartottak k\u00f6z\u00f6s \u00e9rtekezletet. Schadek-B\u00edr\u00f3 \u00c9va int\u00e9zm\u00e9nyvezet\u0151 asszony mellett a ker\u00fclet \u00f6sszes ter\u00fcleti szervezete k\u00e9pviseltette mag\u00e1t. A Karit\u00e1sz K\u00f6zpont r\u00e9sz\u00e9r\u0151l Csorba G\u00e1bor, egyh\u00e1zmegyei Karit\u00e1sz igazgat\u00f3 \u00far k\u00f6sz\u00f6nt\u00f6tte a tan\u00e1cskoz\u00e1son r\u00e9sztvev\u0151ket, \u00a0M\u00e1rton Andrea szakmai irodavezet\u0151 asszony ismertette t\u00e1mogat\u00e1si programjainkat, Szab\u00f3 Csaba bemutatta a DM pelenka program aktu\u00e1lis lehet\u0151s\u00e9geit, valamint Szab\u00f3 \u00c1rp\u00e1dn\u00e9 Roz\u00e1lia, az \u00c9szak-Budai r\u00e9gi\u00f3 \u00f6nk\u00e9ntese is besz\u00e1molt a karit\u00e1sz tev\u00e9kenys\u00e9g\u00e9r\u0151l. A tal\u00e1lkoz\u00f3n tapasztalatot cser\u00e9lhett\u00fcnk a ker\u00fclet neh\u00e9zsors\u00fa csal\u00e1djainak helyzet\u00e9r\u0151l, \u00e9s t\u00f6bbf\u00e9le egy\u00fcttm\u0171k\u00f6d\u00e9s lehet\u0151s\u00e9g\u00e9t vizsg\u00e1ltuk. Rem\u00e9lj\u00fck, hogy az \u00f6sszefog\u00e1s \u00e1ltal a seg\u00edts\u00e9gny\u00fajt\u00e1s az \u00d6nkorm\u00e1nyzati int\u00e9zm\u00e9ny \u00e9s a Karit\u00e1sz k\u00f6z\u00f6tt m\u00e9g hat\u00e9konyabb\u00e1 teszi a r\u00e1szorul\u00f3k t\u00e1mogat\u00e1s\u00e1nak megval\u00f3s\u00edt\u00e1s\u00e1t.<\/p>\n\n\n\n<div class=\"wp-block-envira-envira-gallery\"><div id=\"envira-gallery-wrap-1477\" class=\"envira-gallery-wrap envira-gallery-theme-base envira-lightbox-theme-base\" itemscope itemtype=\"https:\/\/schema.org\/ImageGallery\"><div data-row-height=\"\" data-gallery-theme=\"\" id=\"envira-gallery-1477\" class=\"envira-gallery-public  envira-gallery-3-columns envira-clear enviratope envira-gallery-css-animations\" data-envira-columns=\"3\"><div id=\"envira-gallery-item-1474\" class=\"envira-gallery-item enviratope-item envira-gallery-item-1 envira-lazy-load\" style=\"padding-left: 1px; padding-bottom: 1px; padding-right: 1px;\"  itemscope itemtype=\"https:\/\/schema.org\/ImageObject\"><div class=\"envira-gallery-item-inner\"><div class=\"envira-gallery-position-overlay  envira-gallery-top-left\"><\/div><div class=\"envira-gallery-position-overlay  envira-gallery-top-right\"><\/div><div class=\"envira-gallery-position-overlay  envira-gallery-bottom-left\"><\/div><div class=\"envira-gallery-position-overlay  envira-gallery-bottom-right\"><\/div><a href=\"http:\/\/karitaszkp.hu\/wp-content\/uploads\/2021\/11\/MG_4707-scaled.jpg\" class=\"envira-gallery-1477 envira-gallery-link\" rel=\"enviragallery1477\" title=\"MG_4707\" data-envira-caption=\"MG_4707\" data-envira-retina=\"\" data-thumbnail=\"\"  itemprop=\"contentUrl\"><div class=\"envira-lazy\" data-test-width=\"640\" data-test-height=\"480\" style=\"padding-bottom:75%;\"><img id=\"envira-gallery-image-1474\" class=\"envira-gallery-image envira-gallery-image-1\" data-envira-index=\"1\" src=\"https:\/\/karitaszkozpont.hu\/wp-content\/uploads\/2021\/11\/MG_4707-1024x776-640x480.jpg\" data-envira-src=\"https:\/\/karitaszkozpont.hu\/wp-content\/uploads\/2021\/11\/MG_4707-1024x776-640x480.jpg\" data-envira-gallery-id=\"1477\" data-envira-item-id=\"1474\" data-envira-caption=\"MG_4707\" alt=\"\" title=\"MG_4707\"  itemprop=\"thumbnailUrl\" data-envira-srcset=\"https:\/\/karitaszkozpont.hu\/wp-content\/uploads\/2021\/11\/MG_4707-1024x776-640x480.jpg 400w,https:\/\/karitaszkozpont.hu\/wp-content\/uploads\/2021\/11\/MG_4707-1024x776-640x480.jpg 2x\" srcset=\"data:image\/gif;base64,R0lGODlhAQABAIAAAP\/\/\/\/\/\/\/yH5BAEKAAEALAAAAAABAAEAAAICTAEAOw==\" \/><\/div><\/a><\/div><\/div><div id=\"envira-gallery-item-1475\" class=\"envira-gallery-item enviratope-item envira-gallery-item-2 envira-lazy-load\" style=\"padding-left: 1px; padding-bottom: 1px; padding-right: 1px;\"  itemscope itemtype=\"https:\/\/schema.org\/ImageObject\"><div class=\"envira-gallery-item-inner\"><div class=\"envira-gallery-position-overlay  envira-gallery-top-left\"><\/div><div class=\"envira-gallery-position-overlay  envira-gallery-top-right\"><\/div><div class=\"envira-gallery-position-overlay  envira-gallery-bottom-left\"><\/div><div class=\"envira-gallery-position-overlay  envira-gallery-bottom-right\"><\/div><a href=\"http:\/\/karitaszkp.hu\/wp-content\/uploads\/2021\/11\/MG_4705-scaled.jpg\" class=\"envira-gallery-1477 envira-gallery-link\" rel=\"enviragallery1477\" title=\"MG_4705\" data-envira-caption=\"MG_4705\" data-envira-retina=\"\" data-thumbnail=\"\"  itemprop=\"contentUrl\"><div class=\"envira-lazy\" data-test-width=\"640\" data-test-height=\"480\" style=\"padding-bottom:75%;\"><img id=\"envira-gallery-image-1475\" class=\"envira-gallery-image envira-gallery-image-2\" data-envira-index=\"2\" src=\"https:\/\/karitaszkozpont.hu\/wp-content\/uploads\/2021\/11\/MG_4705-1024x557-640x480.jpg\" data-envira-src=\"https:\/\/karitaszkozpont.hu\/wp-content\/uploads\/2021\/11\/MG_4705-1024x557-640x480.jpg\" data-envira-gallery-id=\"1477\" data-envira-item-id=\"1475\" data-envira-caption=\"MG_4705\" alt=\"\" title=\"MG_4705\"  itemprop=\"thumbnailUrl\" data-envira-srcset=\"https:\/\/karitaszkozpont.hu\/wp-content\/uploads\/2021\/11\/MG_4705-1024x557-640x480.jpg 400w,https:\/\/karitaszkozpont.hu\/wp-content\/uploads\/2021\/11\/MG_4705-1024x557-640x480.jpg 2x\" srcset=\"data:image\/gif;base64,R0lGODlhAQABAIAAAP\/\/\/\/\/\/\/yH5BAEKAAEALAAAAAABAAEAAAICTAEAOw==\" \/><\/div><\/a><\/div><\/div><div id=\"envira-gallery-item-1476\" class=\"envira-gallery-item enviratope-item envira-gallery-item-3 envira-lazy-load\" style=\"padding-left: 1px; padding-bottom: 1px; padding-right: 1px;\"  itemscope itemtype=\"https:\/\/schema.org\/ImageObject\"><div class=\"envira-gallery-item-inner\"><div class=\"envira-gallery-position-overlay  envira-gallery-top-left\"><\/div><div class=\"envira-gallery-position-overlay  envira-gallery-top-right\"><\/div><div class=\"envira-gallery-position-overlay  envira-gallery-bottom-left\"><\/div><div class=\"envira-gallery-position-overlay  envira-gallery-bottom-right\"><\/div><a href=\"http:\/\/karitaszkp.hu\/wp-content\/uploads\/2021\/11\/MG_4704-scaled.jpg\" class=\"envira-gallery-1477 envira-gallery-link\" rel=\"enviragallery1477\" title=\"MG_4704\" data-envira-caption=\"MG_4704\" data-envira-retina=\"\" data-thumbnail=\"\"  itemprop=\"contentUrl\"><div class=\"envira-lazy\" data-test-width=\"640\" data-test-height=\"480\" style=\"padding-bottom:75%;\"><img id=\"envira-gallery-image-1476\" class=\"envira-gallery-image envira-gallery-image-3\" data-envira-index=\"3\" src=\"https:\/\/karitaszkozpont.hu\/wp-content\/uploads\/2021\/11\/MG_4704-1024x627-640x480.jpg\" data-envira-src=\"https:\/\/karitaszkozpont.hu\/wp-content\/uploads\/2021\/11\/MG_4704-1024x627-640x480.jpg\" data-envira-gallery-id=\"1477\" data-envira-item-id=\"1476\" data-envira-caption=\"MG_4704\" alt=\"\" title=\"MG_4704\"  itemprop=\"thumbnailUrl\" data-envira-srcset=\"https:\/\/karitaszkozpont.hu\/wp-content\/uploads\/2021\/11\/MG_4704-1024x627-640x480.jpg 400w,https:\/\/karitaszkozpont.hu\/wp-content\/uploads\/2021\/11\/MG_4704-1024x627-640x480.jpg 2x\" srcset=\"data:image\/gif;base64,R0lGODlhAQABAIAAAP\/\/\/\/\/\/\/yH5BAEKAAEALAAAAAABAAEAAAICTAEAOw==\" \/><\/div><\/a><\/div><\/div><\/div><\/div><noscript><img src=\"https:\/\/karitaszkozpont.hu\/wp-content\/uploads\/2021\/11\/MG_4707-scaled.jpg\" alt=\"\" \/><img src=\"https:\/\/karitaszkozpont.hu\/wp-content\/uploads\/2021\/11\/MG_4705-scaled.jpg\" alt=\"\" \/><img src=\"https:\/\/karitaszkozpont.hu\/wp-content\/uploads\/2021\/11\/MG_4704-scaled.jpg\" alt=\"\" \/><\/noscript><\/div>\n","protected":false},"excerpt":{"rendered":"<p>Egy\u00fcttm\u0171k\u00f6d\u00e9s az \u00d3budai V\u00e9d\u0151n\u0151kkel November 10-\u00e9n a Szent Erzs\u00e9bet Karit\u00e1sz K\u00f6zpont vezet\u0151i \u00e9s munkat\u00e1rsai a III. ker\u00fclet, \u00d3buda-B\u00e9k\u00e1smegyeri V\u00e9d\u0151n\u0151i Szolg\u00e1lat munkat\u00e1rsaival tartottak k\u00f6z\u00f6s \u00e9rtekezletet. Schadek-B\u00edr\u00f3 \u00c9va int\u00e9zm\u00e9nyvezet\u0151 asszony mellett a ker\u00fclet \u00f6sszes ter\u00fcleti szervezete k\u00e9pviseltette mag\u00e1t. A Karit\u00e1sz K\u00f6zpont r\u00e9sz\u00e9r\u0151l Csorba G\u00e1bor, egyh\u00e1zmegyei Karit\u00e1sz igazgat\u00f3 \u00far k\u00f6sz\u00f6nt\u00f6tte a tan\u00e1cskoz\u00e1son r\u00e9sztvev\u0151ket, \u00a0M\u00e1rton Andrea szakmai irodavezet\u0151 asszony &hellip; <\/p>\n<p class=\"link-more\"><a href=\"https:\/\/karitaszkozpont.hu\/?p=1473\" class=\"more-link\">Continue reading<span class=\"screen-reader-text\"> &#8222;Egy\u00fcttm\u0171k\u00f6d\u00e9s az \u00d3budai V\u00e9d\u0151n\u0151kkel&#8221;<\/span><\/a><\/p>\n","protected":false},"author":1,"featured_media":1475,"comment_status":"closed","ping_status":"closed","sticky":false,"template":"","format":"standard","meta":[],"categories":[4],"tags":[],"yoast_head":"<!-- This site is optimized with the Yoast SEO plugin v20.1 - https:\/\/yoast.com\/wordpress\/plugins\/seo\/ -->\n<title>Egy\u00fcttm\u0171k\u00f6d\u00e9s az \u00d3budai V\u00e9d\u0151n\u0151kkel - Szent Erzs\u00e9bet Karit\u00e1sz K\u00f6zpont<\/title>\n<meta name=\"robots\" content=\"index, follow, max-snippet:-1, max-image-preview:large, max-video-preview:-1\" \/>\n<link rel=\"canonical\" href=\"https:\/\/karitaszkozpont.hu\/?p=1473\" \/>\n<meta property=\"og:locale\" content=\"hu_HU\" \/>\n<meta property=\"og:type\" content=\"article\" \/>\n<meta property=\"og:title\" content=\"Egy\u00fcttm\u0171k\u00f6d\u00e9s az \u00d3budai V\u00e9d\u0151n\u0151kkel - Szent Erzs\u00e9bet Karit\u00e1sz K\u00f6zpont\" \/>\n<meta property=\"og:description\" content=\"Egy\u00fcttm\u0171k\u00f6d\u00e9s az \u00d3budai V\u00e9d\u0151n\u0151kkel November 10-\u00e9n a Szent Erzs\u00e9bet Karit\u00e1sz K\u00f6zpont vezet\u0151i \u00e9s munkat\u00e1rsai a III. ker\u00fclet, \u00d3buda-B\u00e9k\u00e1smegyeri V\u00e9d\u0151n\u0151i Szolg\u00e1lat munkat\u00e1rsaival tartottak k\u00f6z\u00f6s \u00e9rtekezletet. Schadek-B\u00edr\u00f3 \u00c9va int\u00e9zm\u00e9nyvezet\u0151 asszony mellett a ker\u00fclet \u00f6sszes ter\u00fcleti szervezete k\u00e9pviseltette mag\u00e1t. A Karit\u00e1sz K\u00f6zpont r\u00e9sz\u00e9r\u0151l Csorba G\u00e1bor, egyh\u00e1zmegyei Karit\u00e1sz igazgat\u00f3 \u00far k\u00f6sz\u00f6nt\u00f6tte a tan\u00e1cskoz\u00e1son r\u00e9sztvev\u0151ket, \u00a0M\u00e1rton Andrea szakmai irodavezet\u0151 asszony &hellip; Continue reading &quot;Egy\u00fcttm\u0171k\u00f6d\u00e9s az \u00d3budai V\u00e9d\u0151n\u0151kkel&quot;\" \/>\n<meta property=\"og:url\" content=\"https:\/\/karitaszkozpont.hu\/?p=1473\" \/>\n<meta property=\"og:site_name\" content=\"Szent Erzs\u00e9bet Karit\u00e1sz K\u00f6zpont\" \/>\n<meta property=\"article:published_time\" content=\"2021-11-17T19:57:30+00:00\" \/>\n<meta property=\"article:modified_time\" content=\"2022-01-08T08:49:10+00:00\" \/>\n<meta property=\"og:image\" content=\"https:\/\/karitaszkozpont.hu\/wp-content\/uploads\/2021\/11\/MG_4705-scaled.jpg\" \/>\n\t<meta property=\"og:image:width\" content=\"2560\" \/>\n\t<meta property=\"og:image:height\" content=\"1391\" \/>\n\t<meta property=\"og:image:type\" content=\"image\/jpeg\" \/>\n<meta name=\"author\" content=\"Karit\u00e1sz K\u00f6zpont\" \/>\n<meta name=\"twitter:card\" content=\"summary_large_image\" \/>\n<meta name=\"twitter:label1\" content=\"Szerz\u0151:\" \/>\n\t<meta name=\"twitter:data1\" content=\"Karit\u00e1sz K\u00f6zpont\" \/>\n\t<meta name=\"twitter:label2\" content=\"Becs\u00fclt olvas\u00e1si id\u0151\" \/>\n\t<meta name=\"twitter:data2\" content=\"1 perc\" \/>\n<script type=\"application\/ld+json\" class=\"yoast-schema-graph\">{\"@context\":\"https:\/\/schema.org\",\"@graph\":[{\"@type\":\"Article\",\"@id\":\"https:\/\/karitaszkozpont.hu\/?p=1473#article\",\"isPartOf\":{\"@id\":\"https:\/\/karitaszkozpont.hu\/?p=1473\"},\"author\":{\"name\":\"Karit\u00e1sz K\u00f6zpont\",\"@id\":\"https:\/\/karitaszkozpont.hu\/#\/schema\/person\/0d9c28244c111914ea13bb1248775e57\"},\"headline\":\"Egy\u00fcttm\u0171k\u00f6d\u00e9s az \u00d3budai V\u00e9d\u0151n\u0151kkel\",\"datePublished\":\"2021-11-17T19:57:30+00:00\",\"dateModified\":\"2022-01-08T08:49:10+00:00\",\"mainEntityOfPage\":{\"@id\":\"https:\/\/karitaszkozpont.hu\/?p=1473\"},\"wordCount\":234,\"publisher\":{\"@id\":\"https:\/\/karitaszkozpont.hu\/#organization\"},\"articleSection\":[\"H\u00edrek\"],\"inLanguage\":\"hu\"},{\"@type\":\"WebPage\",\"@id\":\"https:\/\/karitaszkozpont.hu\/?p=1473\",\"url\":\"https:\/\/karitaszkozpont.hu\/?p=1473\",\"name\":\"Egy\u00fcttm\u0171k\u00f6d\u00e9s az \u00d3budai V\u00e9d\u0151n\u0151kkel - Szent Erzs\u00e9bet Karit\u00e1sz K\u00f6zpont\",\"isPartOf\":{\"@id\":\"https:\/\/karitaszkozpont.hu\/#website\"},\"datePublished\":\"2021-11-17T19:57:30+00:00\",\"dateModified\":\"2022-01-08T08:49:10+00:00\",\"breadcrumb\":{\"@id\":\"https:\/\/karitaszkozpont.hu\/?p=1473#breadcrumb\"},\"inLanguage\":\"hu\",\"potentialAction\":[{\"@type\":\"ReadAction\",\"target\":[\"https:\/\/karitaszkozpont.hu\/?p=1473\"]}]},{\"@type\":\"BreadcrumbList\",\"@id\":\"https:\/\/karitaszkozpont.hu\/?p=1473#breadcrumb\",\"itemListElement\":[{\"@type\":\"ListItem\",\"position\":1,\"name\":\"Kezd\u0151lap\",\"item\":\"https:\/\/karitaszkozpont.hu\/\"},{\"@type\":\"ListItem\",\"position\":2,\"name\":\"Egy\u00fcttm\u0171k\u00f6d\u00e9s az \u00d3budai V\u00e9d\u0151n\u0151kkel\"}]},{\"@type\":\"WebSite\",\"@id\":\"https:\/\/karitaszkozpont.hu\/#website\",\"url\":\"https:\/\/karitaszkozpont.hu\/\",\"name\":\"Szent Erzs\u00e9bet Karit\u00e1sz K\u00f6zpont\",\"description\":\"Esztergom-Budapesti F\u0151egyh\u00e1zmegye\",\"publisher\":{\"@id\":\"https:\/\/karitaszkozpont.hu\/#organization\"},\"potentialAction\":[{\"@type\":\"SearchAction\",\"target\":{\"@type\":\"EntryPoint\",\"urlTemplate\":\"https:\/\/karitaszkozpont.hu\/?s={search_term_string}\"},\"query-input\":\"required name=search_term_string\"}],\"inLanguage\":\"hu\"},{\"@type\":\"Organization\",\"@id\":\"https:\/\/karitaszkozpont.hu\/#organization\",\"name\":\"Szent Erzs\u00e9bet Karit\u00e1sz K\u00f6zpont\",\"url\":\"https:\/\/karitaszkozpont.hu\/\",\"logo\":{\"@type\":\"ImageObject\",\"inLanguage\":\"hu\",\"@id\":\"https:\/\/karitaszkozpont.hu\/#\/schema\/logo\/image\/\",\"url\":\"https:\/\/karitaszkp.hu\/wp-content\/uploads\/2019\/06\/cropped-logo-arnyekos-1.png\",\"contentUrl\":\"https:\/\/karitaszkp.hu\/wp-content\/uploads\/2019\/06\/cropped-logo-arnyekos-1.png\",\"width\":240,\"height\":247,\"caption\":\"Szent Erzs\u00e9bet Karit\u00e1sz K\u00f6zpont\"},\"image\":{\"@id\":\"https:\/\/karitaszkozpont.hu\/#\/schema\/logo\/image\/\"}},{\"@type\":\"Person\",\"@id\":\"https:\/\/karitaszkozpont.hu\/#\/schema\/person\/0d9c28244c111914ea13bb1248775e57\",\"name\":\"Karit\u00e1sz K\u00f6zpont\",\"image\":{\"@type\":\"ImageObject\",\"inLanguage\":\"hu\",\"@id\":\"https:\/\/karitaszkozpont.hu\/#\/schema\/person\/image\/\",\"url\":\"https:\/\/secure.gravatar.com\/avatar\/1274acd7c62f3cac92d2b38aad20c71b?s=96&d=mm&r=g\",\"contentUrl\":\"https:\/\/secure.gravatar.com\/avatar\/1274acd7c62f3cac92d2b38aad20c71b?s=96&d=mm&r=g\",\"caption\":\"Karit\u00e1sz K\u00f6zpont\"},\"url\":\"https:\/\/karitaszkozpont.hu\/?author=1\"}]}<\/script>\n<!-- \/ Yoast SEO plugin. -->","yoast_head_json":{"title":"Egy\u00fcttm\u0171k\u00f6d\u00e9s az \u00d3budai V\u00e9d\u0151n\u0151kkel - Szent Erzs\u00e9bet Karit\u00e1sz K\u00f6zpont","robots":{"index":"index","follow":"follow","max-snippet":"max-snippet:-1","max-image-preview":"max-image-preview:large","max-video-preview":"max-video-preview:-1"},"canonical":"https:\/\/karitaszkozpont.hu\/?p=1473","og_locale":"hu_HU","og_type":"article","og_title":"Egy\u00fcttm\u0171k\u00f6d\u00e9s az \u00d3budai V\u00e9d\u0151n\u0151kkel - Szent Erzs\u00e9bet Karit\u00e1sz K\u00f6zpont","og_description":"Egy\u00fcttm\u0171k\u00f6d\u00e9s az \u00d3budai V\u00e9d\u0151n\u0151kkel November 10-\u00e9n a Szent Erzs\u00e9bet Karit\u00e1sz K\u00f6zpont vezet\u0151i \u00e9s munkat\u00e1rsai a III. ker\u00fclet, \u00d3buda-B\u00e9k\u00e1smegyeri V\u00e9d\u0151n\u0151i Szolg\u00e1lat munkat\u00e1rsaival tartottak k\u00f6z\u00f6s \u00e9rtekezletet. Schadek-B\u00edr\u00f3 \u00c9va int\u00e9zm\u00e9nyvezet\u0151 asszony mellett a ker\u00fclet \u00f6sszes ter\u00fcleti szervezete k\u00e9pviseltette mag\u00e1t. A Karit\u00e1sz K\u00f6zpont r\u00e9sz\u00e9r\u0151l Csorba G\u00e1bor, egyh\u00e1zmegyei Karit\u00e1sz igazgat\u00f3 \u00far k\u00f6sz\u00f6nt\u00f6tte a tan\u00e1cskoz\u00e1son r\u00e9sztvev\u0151ket, \u00a0M\u00e1rton Andrea szakmai irodavezet\u0151 asszony &hellip; Continue reading \"Egy\u00fcttm\u0171k\u00f6d\u00e9s az \u00d3budai V\u00e9d\u0151n\u0151kkel\"","og_url":"https:\/\/karitaszkozpont.hu\/?p=1473","og_site_name":"Szent Erzs\u00e9bet Karit\u00e1sz K\u00f6zpont","article_published_time":"2021-11-17T19:57:30+00:00","article_modified_time":"2022-01-08T08:49:10+00:00","og_image":[{"width":2560,"height":1391,"url":"https:\/\/karitaszkozpont.hu\/wp-content\/uploads\/2021\/11\/MG_4705-scaled.jpg","type":"image\/jpeg"}],"author":"Karit\u00e1sz K\u00f6zpont","twitter_card":"summary_large_image","twitter_misc":{"Szerz\u0151:":"Karit\u00e1sz K\u00f6zpont","Becs\u00fclt olvas\u00e1si id\u0151":"1 perc"},"schema":{"@context":"https:\/\/schema.org","@graph":[{"@type":"Article","@id":"https:\/\/karitaszkozpont.hu\/?p=1473#article","isPartOf":{"@id":"https:\/\/karitaszkozpont.hu\/?p=1473"},"author":{"name":"Karit\u00e1sz K\u00f6zpont","@id":"https:\/\/karitaszkozpont.hu\/#\/schema\/person\/0d9c28244c111914ea13bb1248775e57"},"headline":"Egy\u00fcttm\u0171k\u00f6d\u00e9s az \u00d3budai V\u00e9d\u0151n\u0151kkel","datePublished":"2021-11-17T19:57:30+00:00","dateModified":"2022-01-08T08:49:10+00:00","mainEntityOfPage":{"@id":"https:\/\/karitaszkozpont.hu\/?p=1473"},"wordCount":234,"publisher":{"@id":"https:\/\/karitaszkozpont.hu\/#organization"},"articleSection":["H\u00edrek"],"inLanguage":"hu"},{"@type":"WebPage","@id":"https:\/\/karitaszkozpont.hu\/?p=1473","url":"https:\/\/karitaszkozpont.hu\/?p=1473","name":"Egy\u00fcttm\u0171k\u00f6d\u00e9s az \u00d3budai V\u00e9d\u0151n\u0151kkel - Szent Erzs\u00e9bet Karit\u00e1sz K\u00f6zpont","isPartOf":{"@id":"https:\/\/karitaszkozpont.hu\/#website"},"datePublished":"2021-11-17T19:57:30+00:00","dateModified":"2022-01-08T08:49:10+00:00","breadcrumb":{"@id":"https:\/\/karitaszkozpont.hu\/?p=1473#breadcrumb"},"inLanguage":"hu","potentialAction":[{"@type":"ReadAction","target":["https:\/\/karitaszkozpont.hu\/?p=1473"]}]},{"@type":"BreadcrumbList","@id":"https:\/\/karitaszkozpont.hu\/?p=1473#breadcrumb","itemListElement":[{"@type":"ListItem","position":1,"name":"Kezd\u0151lap","item":"https:\/\/karitaszkozpont.hu\/"},{"@type":"ListItem","position":2,"name":"Egy\u00fcttm\u0171k\u00f6d\u00e9s az \u00d3budai V\u00e9d\u0151n\u0151kkel"}]},{"@type":"WebSite","@id":"https:\/\/karitaszkozpont.hu\/#website","url":"https:\/\/karitaszkozpont.hu\/","name":"Szent Erzs\u00e9bet Karit\u00e1sz K\u00f6zpont","description":"Esztergom-Budapesti F\u0151egyh\u00e1zmegye","publisher":{"@id":"https:\/\/karitaszkozpont.hu\/#organization"},"potentialAction":[{"@type":"SearchAction","target":{"@type":"EntryPoint","urlTemplate":"https:\/\/karitaszkozpont.hu\/?s={search_term_string}"},"query-input":"required name=search_term_string"}],"inLanguage":"hu"},{"@type":"Organization","@id":"https:\/\/karitaszkozpont.hu\/#organization","name":"Szent Erzs\u00e9bet Karit\u00e1sz K\u00f6zpont","url":"https:\/\/karitaszkozpont.hu\/","logo":{"@type":"ImageObject","inLanguage":"hu","@id":"https:\/\/karitaszkozpont.hu\/#\/schema\/logo\/image\/","url":"https:\/\/karitaszkp.hu\/wp-content\/uploads\/2019\/06\/cropped-logo-arnyekos-1.png","contentUrl":"https:\/\/karitaszkp.hu\/wp-content\/uploads\/2019\/06\/cropped-logo-arnyekos-1.png","width":240,"height":247,"caption":"Szent Erzs\u00e9bet Karit\u00e1sz K\u00f6zpont"},"image":{"@id":"https:\/\/karitaszkozpont.hu\/#\/schema\/logo\/image\/"}},{"@type":"Person","@id":"https:\/\/karitaszkozpont.hu\/#\/schema\/person\/0d9c28244c111914ea13bb1248775e57","name":"Karit\u00e1sz K\u00f6zpont","image":{"@type":"ImageObject","inLanguage":"hu","@id":"https:\/\/karitaszkozpont.hu\/#\/schema\/person\/image\/","url":"https:\/\/secure.gravatar.com\/avatar\/1274acd7c62f3cac92d2b38aad20c71b?s=96&d=mm&r=g","contentUrl":"https:\/\/secure.gravatar.com\/avatar\/1274acd7c62f3cac92d2b38aad20c71b?s=96&d=mm&r=g","caption":"Karit\u00e1sz K\u00f6zpont"},"url":"https:\/\/karitaszkozpont.hu\/?author=1"}]}},"_links":{"self":[{"href":"https:\/\/karitaszkozpont.hu\/index.php?rest_route=\/wp\/v2\/posts\/1473"}],"collection":[{"href":"https:\/\/karitaszkozpont.hu\/index.php?rest_route=\/wp\/v2\/posts"}],"about":[{"href":"https:\/\/karitaszkozpont.hu\/index.php?rest_route=\/wp\/v2\/types\/post"}],"author":[{"embeddable":true,"href":"https:\/\/karitaszkozpont.hu\/index.php?rest_route=\/wp\/v2\/users\/1"}],"replies":[{"embeddable":true,"href":"https:\/\/karitaszkozpont.hu\/index.php?rest_route=%2Fwp%2Fv2%2Fcomments&post=1473"}],"version-history":[{"count":1,"href":"https:\/\/karitaszkozpont.hu\/index.php?rest_route=\/wp\/v2\/posts\/1473\/revisions"}],"predecessor-version":[{"id":1478,"href":"https:\/\/karitaszkozpont.hu\/index.php?rest_route=\/wp\/v2\/posts\/1473\/revisions\/1478"}],"wp:featuredmedia":[{"embeddable":true,"href":"https:\/\/karitaszkozpont.hu\/index.php?rest_route=\/wp\/v2\/media\/1475"}],"wp:attachment":[{"href":"https:\/\/karitaszkozpont.hu\/index.php?rest_route=%2Fwp%2Fv2%2Fmedia&parent=1473"}],"wp:term":[{"taxonomy":"category","embeddable":true,"href":"https:\/\/karitaszkozpont.hu\/index.php?rest_route=%2Fwp%2Fv2%2Fcategories&post=1473"},{"taxonomy":"post_tag","embeddable":true,"href":"https:\/\/karitaszkozpont.hu\/index.php?rest_route=%2Fwp%2Fv2%2Ftags&post=1473"}],"curies":[{"name":"wp","href":"https:\/\/api.w.org\/{rel}","templated":true}]}}