{"id":1465,"date":"2021-11-17T21:55:13","date_gmt":"2021-11-17T19:55:13","guid":{"rendered":"http:\/\/karitaszkp.hu\/?p=1465"},"modified":"2022-01-08T10:49:10","modified_gmt":"2022-01-08T08:49:10","slug":"beszamolo-a-rakoscsaba-foplebania-nyari-taborarol","status":"publish","type":"post","link":"https:\/\/karitaszkozpont.hu\/?p=1465","title":{"rendered":"Besz\u00e1mol\u00f3 a R\u00e1koscsaba F\u0151pl\u00e9b\u00e1nia ny\u00e1ri t\u00e1bor\u00e1r\u00f3l"},"content":{"rendered":"\n<p class=\"has-white-color has-vivid-red-background-color has-text-color has-background has-large-font-size\">Besz\u00e1mol\u00f3 a R\u00e1koscsaba F\u0151pl\u00e9b\u00e1nia ny\u00e1ri t\u00e1bor\u00e1r\u00f3l<\/p>\n\n\n\n<p>A R\u00e1koscsaba F\u0151pl\u00e9b\u00e1nia karit\u00e1sz csoportja 2021. Augusztus 4-8. k\u00f6z\u00f6tt pl\u00e9b\u00e1niai ny\u00e1ri t\u00e1bort szervezett. R\u00e9szt vettek a karit\u00e1sz feladatainak ell\u00e1t\u00e1s\u00e1ban r\u00e9szt vev\u0151 csal\u00e1dok, valamint azon a nagycsal\u00e1dok is, akik valamilyen form\u00e1ban a karit\u00e1sz tev\u00e9kenys\u00e9g\u00e9n kereszt\u00fcl t\u00e1mogat\u00e1sban r\u00e9szes\u00fclnek. \u00cdgy a t\u00e1bor sor\u00e1n alkalom ny\u00edlt egym\u00e1s jobb megismer\u00e9s\u00e9re a k\u00f6z\u00f6s \u00e9lm\u00e9nyek, a t\u00e1bor mindennapjai \u00e9s a kir\u00e1ndul\u00e1sok sor\u00e1n.<\/p>\n\n\n\n<p>A t\u00e1bor sz\u00ednhely\u00e9\u00fcl m\u00e1r m\u00e1sod\u00edzben az Ipoly partj\u00e1n megb\u00fav\u00f3 kis falut, V\u00e1mosmikol\u00e1t v\u00e1lasztottuk. A f\u0151v\u00e1roshoz k\u00f6zel fekv\u0151 falu mind aut\u00f3val, mind t\u00f6megk\u00f6zleked\u00e9ssel k\u00f6nnyen megk\u00f6zel\u00edthet\u0151, \u00edgy az utaz\u00e1si id\u0151 r\u00f6vid, a k\u00f6lts\u00e9gek pedig viszonylag alacsonyak.<\/p>\n\n\n\n<p>A V\u00e1mosmikolai Egyh\u00e1zk\u00f6zs\u00e9g K\u00f6z\u00f6ss\u00e9gi h\u00e1za tavaly ny\u00e1ron is ide\u00e1lis t\u00e1borhelynek bizonyult. A H\u00e1zban tal\u00e1lhat\u00f3 sok, 4 -10 \u00e1gyas szob\u00e1ban minden csal\u00e1d megfelel\u0151 sz\u00e1ll\u00e1shelyet tal\u00e1lhatott mag\u00e1nak. A nagy k\u00f6z\u00f6s \u00e9tkez\u0151 adott helyet az \u00e9tkez\u00e9seknek \u00e9s a napot nyit\u00f3, illetve z\u00e1r\u00f3 k\u00f6z\u00f6s im\u00e1ds\u00e1gnak. Az id\u00e9n egy es\u0151s napot is kifogtunk, amikor nagy haszn\u00e1t vett\u00fck a k\u00f6z\u00f6ss\u00e9gi t\u00e9rnek.<\/p>\n\n\n\n<p>A k\u00f6rny\u00e9k val\u00f3s\u00e1gos kincsest\u00e1ra a l\u00e1tnival\u00f3knak, \u00edgy igyekezt\u00fcnk az id\u0151t a lehet\u0151 legjobban kihaszn\u00e1lni. Els\u0151 nap d\u00e9lut\u00e1n a t\u00e1borhely birtokbav\u00e9tel\u00e9t \u00e9s berendez\u00e9s\u00e9t k\u00f6vet\u0151en k\u00f6zeli Bernecebar\u00e1tiba l\u00e1togattunk. Felkerest\u00fck a Husz\u00e1r-csal\u00e1d kast\u00e9ly\u00e1t \u00e9s a nevezetes pincesort. A falu f\u00f6l\u00e9 magasod\u00f3 k\u00f6z\u00e9pkori er\u0151dtemplom titkaival a templom sekresty\u00e9se ismertette meg csapatunkat.<\/p>\n\n\n\n<p>A m\u00e1sodik napon lez\u00fadul\u00f3 orsz\u00e1gos es\u0151z\u00e9s sajnos elmosta a tervezett kir\u00e1ndul\u00e1st. Szerencs\u00e9re erre az eshet\u0151s\u00e9gre is felk\u00e9sz\u00fclt\u00fcnk: minden csal\u00e1d mag\u00e1val hozta kedvenc t\u00e1rsasj\u00e1t\u00e9kait, \u00edgy ez a nap az es\u0151 ellen\u00e9re is vid\u00e1man, j\u00f3 hangulatban telt.<\/p>\n\n\n\n<p>A harmadik napon v\u00e9gre naps\u00fct\u00e9sre \u00e9bredt\u00fcnk. A szomsz\u00e9dos Per\u0151cs\u00e9nyb\u0151l indulva t\u00f6bb, mint t\u00edz kilom\u00e9teres k\u00f6rt\u00far\u00e1t tett\u00fcnk a B\u00f6rzs\u00f6ny b\u00e9rcein. A valamikori vulk\u00e1n m\u00e1ra erd\u0151vel ben\u0151tt kr\u00e1tercs\u00facsair\u00f3l csod\u00e1s kil\u00e1t\u00e1s t\u00e1rult a k\u00f6rnyez\u0151 hegyekre. Az eg\u00e9sz napos t\u00fara nem tudta el\u00e9gg\u00e9 kif\u00e1rasztani a t\u00e1rsas\u00e1got: k\u00e9s\u0151 estig hangos volt a ping-pong asztal k\u00f6rny\u00e9ke \u00e9s a t\u00e1rsalg\u00f3 a gyerekzsivajt\u00f3l.<\/p>\n\n\n\n<div class=\"wp-block-envira-envira-gallery\"><div id=\"envira-gallery-wrap-1471\" class=\"envira-gallery-wrap envira-gallery-theme-base envira-lightbox-theme-base\" itemscope itemtype=\"https:\/\/schema.org\/ImageGallery\"><div data-row-height=\"\" data-gallery-theme=\"\" id=\"envira-gallery-1471\" class=\"envira-gallery-public  envira-gallery-2-columns envira-clear enviratope envira-gallery-css-animations\" data-envira-columns=\"2\"><div id=\"envira-gallery-item-1467\" class=\"envira-gallery-item enviratope-item envira-gallery-item-1 envira-lazy-load\" style=\"padding-left: 1px; padding-bottom: 1px; padding-right: 1px;\"  itemscope itemtype=\"https:\/\/schema.org\/ImageObject\"><div class=\"envira-gallery-item-inner\"><div class=\"envira-gallery-position-overlay  envira-gallery-top-left\"><\/div><div class=\"envira-gallery-position-overlay  envira-gallery-top-right\"><\/div><div class=\"envira-gallery-position-overlay  envira-gallery-bottom-left\"><\/div><div class=\"envira-gallery-position-overlay  envira-gallery-bottom-right\"><\/div><a href=\"http:\/\/karitaszkp.hu\/wp-content\/uploads\/2021\/11\/05_Kisvasutazas.jpg\" class=\"envira-gallery-1471 envira-gallery-link\" rel=\"enviragallery1471\" title=\"05_Kisvasutazas\" data-envira-caption=\"05_Kisvasutazas\" data-envira-retina=\"\" data-thumbnail=\"\"  itemprop=\"contentUrl\"><div class=\"envira-lazy\" data-test-width=\"640\" data-test-height=\"480\" style=\"padding-bottom:75%;\"><img id=\"envira-gallery-image-1467\" class=\"envira-gallery-image envira-gallery-image-1\" data-envira-index=\"1\" src=\"https:\/\/karitaszkozpont.hu\/wp-content\/uploads\/2021\/11\/05_Kisvasutazas-640x480.jpg\" data-envira-src=\"https:\/\/karitaszkozpont.hu\/wp-content\/uploads\/2021\/11\/05_Kisvasutazas-640x480.jpg\" data-envira-gallery-id=\"1471\" data-envira-item-id=\"1467\" data-envira-caption=\"05_Kisvasutazas\" alt=\"\" title=\"05_Kisvasutazas\"  itemprop=\"thumbnailUrl\" data-envira-srcset=\"https:\/\/karitaszkozpont.hu\/wp-content\/uploads\/2021\/11\/05_Kisvasutazas-640x480.jpg 400w,https:\/\/karitaszkozpont.hu\/wp-content\/uploads\/2021\/11\/05_Kisvasutazas-640x480.jpg 2x\" srcset=\"data:image\/gif;base64,R0lGODlhAQABAIAAAP\/\/\/\/\/\/\/yH5BAEKAAEALAAAAAABAAEAAAICTAEAOw==\" \/><\/div><\/a><\/div><\/div><div id=\"envira-gallery-item-1468\" class=\"envira-gallery-item enviratope-item envira-gallery-item-2 envira-lazy-load\" style=\"padding-left: 1px; padding-bottom: 1px; padding-right: 1px;\"  itemscope itemtype=\"https:\/\/schema.org\/ImageObject\"><div class=\"envira-gallery-item-inner\"><div class=\"envira-gallery-position-overlay  envira-gallery-top-left\"><\/div><div class=\"envira-gallery-position-overlay  envira-gallery-top-right\"><\/div><div class=\"envira-gallery-position-overlay  envira-gallery-bottom-left\"><\/div><div class=\"envira-gallery-position-overlay  envira-gallery-bottom-right\"><\/div><a href=\"http:\/\/karitaszkp.hu\/wp-content\/uploads\/2021\/11\/04_Esti-ima-elott.jpg\" class=\"envira-gallery-1471 envira-gallery-link\" rel=\"enviragallery1471\" title=\"04_Esti-ima-elott\" data-envira-caption=\"04_Esti-ima-elott\" data-envira-retina=\"\" data-thumbnail=\"\"  itemprop=\"contentUrl\"><div class=\"envira-lazy\" data-test-width=\"640\" data-test-height=\"480\" style=\"padding-bottom:75%;\"><img id=\"envira-gallery-image-1468\" class=\"envira-gallery-image envira-gallery-image-2\" data-envira-index=\"2\" src=\"https:\/\/karitaszkozpont.hu\/wp-content\/uploads\/2021\/11\/04_Esti-ima-elott-640x480.jpg\" data-envira-src=\"https:\/\/karitaszkozpont.hu\/wp-content\/uploads\/2021\/11\/04_Esti-ima-elott-640x480.jpg\" data-envira-gallery-id=\"1471\" data-envira-item-id=\"1468\" data-envira-caption=\"04_Esti-ima-elott\" alt=\"\" title=\"04_Esti-ima-elott\"  itemprop=\"thumbnailUrl\" data-envira-srcset=\"https:\/\/karitaszkozpont.hu\/wp-content\/uploads\/2021\/11\/04_Esti-ima-elott-640x480.jpg 400w,https:\/\/karitaszkozpont.hu\/wp-content\/uploads\/2021\/11\/04_Esti-ima-elott-640x480.jpg 2x\" srcset=\"data:image\/gif;base64,R0lGODlhAQABAIAAAP\/\/\/\/\/\/\/yH5BAEKAAEALAAAAAABAAEAAAICTAEAOw==\" \/><\/div><\/a><\/div><\/div><div id=\"envira-gallery-item-1469\" class=\"envira-gallery-item enviratope-item envira-gallery-item-3 envira-lazy-load\" style=\"padding-left: 1px; padding-bottom: 1px; padding-right: 1px;\"  itemscope itemtype=\"https:\/\/schema.org\/ImageObject\"><div class=\"envira-gallery-item-inner\"><div class=\"envira-gallery-position-overlay  envira-gallery-top-left\"><\/div><div class=\"envira-gallery-position-overlay  envira-gallery-top-right\"><\/div><div class=\"envira-gallery-position-overlay  envira-gallery-bottom-left\"><\/div><div class=\"envira-gallery-position-overlay  envira-gallery-bottom-right\"><\/div><a href=\"http:\/\/karitaszkp.hu\/wp-content\/uploads\/2021\/11\/02_Vulkani-csucsokon-1.jpg\" class=\"envira-gallery-1471 envira-gallery-link\" rel=\"enviragallery1471\" title=\"02_Vulkani-csucsokon-1\" data-envira-caption=\"02_Vulkani-csucsokon-1\" data-envira-retina=\"\" data-thumbnail=\"\"  itemprop=\"contentUrl\"><div class=\"envira-lazy\" data-test-width=\"640\" data-test-height=\"480\" style=\"padding-bottom:75%;\"><img id=\"envira-gallery-image-1469\" class=\"envira-gallery-image envira-gallery-image-3\" data-envira-index=\"3\" src=\"https:\/\/karitaszkozpont.hu\/wp-content\/uploads\/2021\/11\/02_Vulkani-csucsokon-1-640x480.jpg\" data-envira-src=\"https:\/\/karitaszkozpont.hu\/wp-content\/uploads\/2021\/11\/02_Vulkani-csucsokon-1-640x480.jpg\" data-envira-gallery-id=\"1471\" data-envira-item-id=\"1469\" data-envira-caption=\"02_Vulkani-csucsokon-1\" alt=\"\" title=\"02_Vulkani-csucsokon-1\"  itemprop=\"thumbnailUrl\" data-envira-srcset=\"https:\/\/karitaszkozpont.hu\/wp-content\/uploads\/2021\/11\/02_Vulkani-csucsokon-1-640x480.jpg 400w,https:\/\/karitaszkozpont.hu\/wp-content\/uploads\/2021\/11\/02_Vulkani-csucsokon-1-640x480.jpg 2x\" srcset=\"data:image\/gif;base64,R0lGODlhAQABAIAAAP\/\/\/\/\/\/\/yH5BAEKAAEALAAAAAABAAEAAAICTAEAOw==\" \/><\/div><\/a><\/div><\/div><div id=\"envira-gallery-item-1470\" class=\"envira-gallery-item enviratope-item envira-gallery-item-4 envira-lazy-load\" style=\"padding-left: 1px; padding-bottom: 1px; padding-right: 1px;\"  itemscope itemtype=\"https:\/\/schema.org\/ImageObject\"><div class=\"envira-gallery-item-inner\"><div class=\"envira-gallery-position-overlay  envira-gallery-top-left\"><\/div><div class=\"envira-gallery-position-overlay  envira-gallery-top-right\"><\/div><div class=\"envira-gallery-position-overlay  envira-gallery-bottom-left\"><\/div><div class=\"envira-gallery-position-overlay  envira-gallery-bottom-right\"><\/div><a href=\"http:\/\/karitaszkp.hu\/wp-content\/uploads\/2021\/11\/03_Villanyfenyes-merkozes.jpg\" class=\"envira-gallery-1471 envira-gallery-link\" rel=\"enviragallery1471\" title=\"03_Villanyfenyes-merkozes\" data-envira-caption=\"03_Villanyfenyes-merkozes\" data-envira-retina=\"\" data-thumbnail=\"\"  itemprop=\"contentUrl\"><div class=\"envira-lazy\" data-test-width=\"640\" data-test-height=\"480\" style=\"padding-bottom:75%;\"><img id=\"envira-gallery-image-1470\" class=\"envira-gallery-image envira-gallery-image-4\" data-envira-index=\"4\" src=\"https:\/\/karitaszkozpont.hu\/wp-content\/uploads\/2021\/11\/03_Villanyfenyes-merkozes-640x480.jpg\" data-envira-src=\"https:\/\/karitaszkozpont.hu\/wp-content\/uploads\/2021\/11\/03_Villanyfenyes-merkozes-640x480.jpg\" data-envira-gallery-id=\"1471\" data-envira-item-id=\"1470\" data-envira-caption=\"03_Villanyfenyes-merkozes\" alt=\"\" title=\"03_Villanyfenyes-merkozes\"  itemprop=\"thumbnailUrl\" data-envira-srcset=\"https:\/\/karitaszkozpont.hu\/wp-content\/uploads\/2021\/11\/03_Villanyfenyes-merkozes-640x480.jpg 400w,https:\/\/karitaszkozpont.hu\/wp-content\/uploads\/2021\/11\/03_Villanyfenyes-merkozes-640x480.jpg 2x\" srcset=\"data:image\/gif;base64,R0lGODlhAQABAIAAAP\/\/\/\/\/\/\/yH5BAEKAAEALAAAAAABAAEAAAICTAEAOw==\" \/><\/div><\/a><\/div><\/div><\/div><\/div><noscript><img src=\"https:\/\/karitaszkozpont.hu\/wp-content\/uploads\/2021\/11\/05_Kisvasutazas.jpg\" alt=\"\" \/><img src=\"https:\/\/karitaszkozpont.hu\/wp-content\/uploads\/2021\/11\/04_Esti-ima-elott.jpg\" alt=\"\" \/><img src=\"https:\/\/karitaszkozpont.hu\/wp-content\/uploads\/2021\/11\/02_Vulkani-csucsokon-1.jpg\" alt=\"\" \/><img src=\"https:\/\/karitaszkozpont.hu\/wp-content\/uploads\/2021\/11\/03_Villanyfenyes-merkozes.jpg\" alt=\"\" \/><\/noscript><\/div>\n\n\n\n<p>A negyedik napot Nagyb\u00f6rzs\u00f6nyben kezdt\u00fck. A kisvas\u00fattal felkapaszkodtunk a hegyekbe. A csoport l\u00e9tsz\u00e1ma \u00e9s a szombati pihen\u0151nap miatt az \u00fczemeltet\u0151k hosszabb szerelv\u00e9nyt ind\u00edtottak, \u00edgy k\u00e9nyelmesen \u00e9lvezhett\u00fck az utaz\u00e1st a hegyek k\u00f6z\u00f6tt kanyarg\u00f3 kisvonaton. A nagyirt\u00e1spusztai \u00e1llom\u00e1sr\u00f3l gyalog ereszkedt\u00fcnk le a vadreg\u00e9nyes v\u00f6lgyekbe, \u00e9s a Kereszt-v\u00f6lgyi patakot k\u00f6vetve ment\u00fcnk vissza Nagyb\u00f6rzs\u00f6nybe. Itt a Malomkert-vend\u00e9gl\u0151ben k\u00f6z\u00f6s vacsor\u00e1val z\u00e1rtuk a kir\u00e1ndul\u00e1st.<\/p>\n\n\n\n<p><\/p>\n\n\n\n<p>Vas\u00e1rnap a t\u00e1boroz\u00f3 csal\u00e1dok k\u00f6z\u00f6sen vettek r\u00e9szt a falu templom\u00e1ban a d\u00e9lel\u0151tti szentmis\u00e9n. Ezut\u00e1n t\u00e1borbont\u00e1s \u00e9s takar\u00edt\u00e1s ut\u00e1n b\u00facs\u00fat vett\u00fcnk a t\u00e1borhelyt\u0151l. V\u00e9gezet\u00fcl k\u00f6z\u00f6sen \u00e1tment\u00fcnk Kemenc\u00e9re, ahol a Kemencei Erdei Vas\u00fatm\u00fazeumot tekintett\u00fck meg. Mind a gyerekeknek, mind pedig a feln\u0151tteknek nagy \u00e9lm\u00e9ny volt a ki\u00e1ll\u00edt\u00e1s \u00e9s a hajt\u00e1nyoz\u00e1s. Valamennyi r\u00e9sztvev\u0151 felejthetetlen, \u00e9lm\u00e9nyekben gazdag t\u00e1boroz\u00e1s ut\u00e1n t\u00e9rt haza a Dunakanyarb\u00f3l.<\/p>\n\n\n\n<p>Fekete Imelda, karit\u00e1sz \u00f6nk\u00e9ntes<\/p>\n","protected":false},"excerpt":{"rendered":"<p>Besz\u00e1mol\u00f3 a R\u00e1koscsaba F\u0151pl\u00e9b\u00e1nia ny\u00e1ri t\u00e1bor\u00e1r\u00f3l A R\u00e1koscsaba F\u0151pl\u00e9b\u00e1nia karit\u00e1sz csoportja 2021. Augusztus 4-8. k\u00f6z\u00f6tt pl\u00e9b\u00e1niai ny\u00e1ri t\u00e1bort szervezett. R\u00e9szt vettek a karit\u00e1sz feladatainak ell\u00e1t\u00e1s\u00e1ban r\u00e9szt vev\u0151 csal\u00e1dok, valamint azon a nagycsal\u00e1dok is, akik valamilyen form\u00e1ban a karit\u00e1sz tev\u00e9kenys\u00e9g\u00e9n kereszt\u00fcl t\u00e1mogat\u00e1sban r\u00e9szes\u00fclnek. \u00cdgy a t\u00e1bor sor\u00e1n alkalom ny\u00edlt egym\u00e1s jobb megismer\u00e9s\u00e9re a k\u00f6z\u00f6s \u00e9lm\u00e9nyek, a &hellip; <\/p>\n<p class=\"link-more\"><a href=\"https:\/\/karitaszkozpont.hu\/?p=1465\" class=\"more-link\">Continue reading<span class=\"screen-reader-text\"> &#8222;Besz\u00e1mol\u00f3 a R\u00e1koscsaba F\u0151pl\u00e9b\u00e1nia ny\u00e1ri t\u00e1bor\u00e1r\u00f3l&#8221;<\/span><\/a><\/p>\n","protected":false},"author":1,"featured_media":1469,"comment_status":"closed","ping_status":"closed","sticky":false,"template":"","format":"standard","meta":[],"categories":[4],"tags":[],"yoast_head":"<!-- This site is optimized with the Yoast SEO plugin v20.1 - https:\/\/yoast.com\/wordpress\/plugins\/seo\/ -->\n<title>Besz\u00e1mol\u00f3 a R\u00e1koscsaba F\u0151pl\u00e9b\u00e1nia ny\u00e1ri t\u00e1bor\u00e1r\u00f3l - Szent Erzs\u00e9bet Karit\u00e1sz K\u00f6zpont<\/title>\n<meta name=\"robots\" content=\"index, follow, max-snippet:-1, max-image-preview:large, max-video-preview:-1\" \/>\n<link rel=\"canonical\" href=\"https:\/\/karitaszkozpont.hu\/?p=1465\" \/>\n<meta property=\"og:locale\" content=\"hu_HU\" \/>\n<meta property=\"og:type\" content=\"article\" \/>\n<meta property=\"og:title\" content=\"Besz\u00e1mol\u00f3 a R\u00e1koscsaba F\u0151pl\u00e9b\u00e1nia ny\u00e1ri t\u00e1bor\u00e1r\u00f3l - Szent Erzs\u00e9bet Karit\u00e1sz K\u00f6zpont\" \/>\n<meta property=\"og:description\" content=\"Besz\u00e1mol\u00f3 a R\u00e1koscsaba F\u0151pl\u00e9b\u00e1nia ny\u00e1ri t\u00e1bor\u00e1r\u00f3l A R\u00e1koscsaba F\u0151pl\u00e9b\u00e1nia karit\u00e1sz csoportja 2021. Augusztus 4-8. k\u00f6z\u00f6tt pl\u00e9b\u00e1niai ny\u00e1ri t\u00e1bort szervezett. R\u00e9szt vettek a karit\u00e1sz feladatainak ell\u00e1t\u00e1s\u00e1ban r\u00e9szt vev\u0151 csal\u00e1dok, valamint azon a nagycsal\u00e1dok is, akik valamilyen form\u00e1ban a karit\u00e1sz tev\u00e9kenys\u00e9g\u00e9n kereszt\u00fcl t\u00e1mogat\u00e1sban r\u00e9szes\u00fclnek. \u00cdgy a t\u00e1bor sor\u00e1n alkalom ny\u00edlt egym\u00e1s jobb megismer\u00e9s\u00e9re a k\u00f6z\u00f6s \u00e9lm\u00e9nyek, a &hellip; Continue reading &quot;Besz\u00e1mol\u00f3 a R\u00e1koscsaba F\u0151pl\u00e9b\u00e1nia ny\u00e1ri t\u00e1bor\u00e1r\u00f3l&quot;\" \/>\n<meta property=\"og:url\" content=\"https:\/\/karitaszkozpont.hu\/?p=1465\" \/>\n<meta property=\"og:site_name\" content=\"Szent Erzs\u00e9bet Karit\u00e1sz K\u00f6zpont\" \/>\n<meta property=\"article:published_time\" content=\"2021-11-17T19:55:13+00:00\" \/>\n<meta property=\"article:modified_time\" content=\"2022-01-08T08:49:10+00:00\" \/>\n<meta property=\"og:image\" content=\"https:\/\/karitaszkozpont.hu\/wp-content\/uploads\/2021\/11\/02_Vulkani-csucsokon-1.jpg\" \/>\n\t<meta property=\"og:image:width\" content=\"800\" \/>\n\t<meta property=\"og:image:height\" content=\"600\" \/>\n\t<meta property=\"og:image:type\" content=\"image\/jpeg\" \/>\n<meta name=\"author\" content=\"Karit\u00e1sz K\u00f6zpont\" \/>\n<meta name=\"twitter:card\" content=\"summary_large_image\" \/>\n<meta name=\"twitter:label1\" content=\"Szerz\u0151:\" \/>\n\t<meta name=\"twitter:data1\" content=\"Karit\u00e1sz K\u00f6zpont\" \/>\n\t<meta name=\"twitter:label2\" content=\"Becs\u00fclt olvas\u00e1si id\u0151\" \/>\n\t<meta name=\"twitter:data2\" content=\"2 perc\" \/>\n<script type=\"application\/ld+json\" class=\"yoast-schema-graph\">{\"@context\":\"https:\/\/schema.org\",\"@graph\":[{\"@type\":\"Article\",\"@id\":\"https:\/\/karitaszkozpont.hu\/?p=1465#article\",\"isPartOf\":{\"@id\":\"https:\/\/karitaszkozpont.hu\/?p=1465\"},\"author\":{\"name\":\"Karit\u00e1sz K\u00f6zpont\",\"@id\":\"https:\/\/karitaszkozpont.hu\/#\/schema\/person\/0d9c28244c111914ea13bb1248775e57\"},\"headline\":\"Besz\u00e1mol\u00f3 a R\u00e1koscsaba F\u0151pl\u00e9b\u00e1nia ny\u00e1ri t\u00e1bor\u00e1r\u00f3l\",\"datePublished\":\"2021-11-17T19:55:13+00:00\",\"dateModified\":\"2022-01-08T08:49:10+00:00\",\"mainEntityOfPage\":{\"@id\":\"https:\/\/karitaszkozpont.hu\/?p=1465\"},\"wordCount\":709,\"publisher\":{\"@id\":\"https:\/\/karitaszkozpont.hu\/#organization\"},\"articleSection\":[\"H\u00edrek\"],\"inLanguage\":\"hu\"},{\"@type\":\"WebPage\",\"@id\":\"https:\/\/karitaszkozpont.hu\/?p=1465\",\"url\":\"https:\/\/karitaszkozpont.hu\/?p=1465\",\"name\":\"Besz\u00e1mol\u00f3 a R\u00e1koscsaba F\u0151pl\u00e9b\u00e1nia ny\u00e1ri t\u00e1bor\u00e1r\u00f3l - Szent Erzs\u00e9bet Karit\u00e1sz K\u00f6zpont\",\"isPartOf\":{\"@id\":\"https:\/\/karitaszkozpont.hu\/#website\"},\"datePublished\":\"2021-11-17T19:55:13+00:00\",\"dateModified\":\"2022-01-08T08:49:10+00:00\",\"breadcrumb\":{\"@id\":\"https:\/\/karitaszkozpont.hu\/?p=1465#breadcrumb\"},\"inLanguage\":\"hu\",\"potentialAction\":[{\"@type\":\"ReadAction\",\"target\":[\"https:\/\/karitaszkozpont.hu\/?p=1465\"]}]},{\"@type\":\"BreadcrumbList\",\"@id\":\"https:\/\/karitaszkozpont.hu\/?p=1465#breadcrumb\",\"itemListElement\":[{\"@type\":\"ListItem\",\"position\":1,\"name\":\"Kezd\u0151lap\",\"item\":\"https:\/\/karitaszkozpont.hu\/\"},{\"@type\":\"ListItem\",\"position\":2,\"name\":\"Besz\u00e1mol\u00f3 a R\u00e1koscsaba F\u0151pl\u00e9b\u00e1nia ny\u00e1ri t\u00e1bor\u00e1r\u00f3l\"}]},{\"@type\":\"WebSite\",\"@id\":\"https:\/\/karitaszkozpont.hu\/#website\",\"url\":\"https:\/\/karitaszkozpont.hu\/\",\"name\":\"Szent Erzs\u00e9bet Karit\u00e1sz K\u00f6zpont\",\"description\":\"Esztergom-Budapesti F\u0151egyh\u00e1zmegye\",\"publisher\":{\"@id\":\"https:\/\/karitaszkozpont.hu\/#organization\"},\"potentialAction\":[{\"@type\":\"SearchAction\",\"target\":{\"@type\":\"EntryPoint\",\"urlTemplate\":\"https:\/\/karitaszkozpont.hu\/?s={search_term_string}\"},\"query-input\":\"required name=search_term_string\"}],\"inLanguage\":\"hu\"},{\"@type\":\"Organization\",\"@id\":\"https:\/\/karitaszkozpont.hu\/#organization\",\"name\":\"Szent Erzs\u00e9bet Karit\u00e1sz K\u00f6zpont\",\"url\":\"https:\/\/karitaszkozpont.hu\/\",\"logo\":{\"@type\":\"ImageObject\",\"inLanguage\":\"hu\",\"@id\":\"https:\/\/karitaszkozpont.hu\/#\/schema\/logo\/image\/\",\"url\":\"https:\/\/karitaszkp.hu\/wp-content\/uploads\/2019\/06\/cropped-logo-arnyekos-1.png\",\"contentUrl\":\"https:\/\/karitaszkp.hu\/wp-content\/uploads\/2019\/06\/cropped-logo-arnyekos-1.png\",\"width\":240,\"height\":247,\"caption\":\"Szent Erzs\u00e9bet Karit\u00e1sz K\u00f6zpont\"},\"image\":{\"@id\":\"https:\/\/karitaszkozpont.hu\/#\/schema\/logo\/image\/\"}},{\"@type\":\"Person\",\"@id\":\"https:\/\/karitaszkozpont.hu\/#\/schema\/person\/0d9c28244c111914ea13bb1248775e57\",\"name\":\"Karit\u00e1sz K\u00f6zpont\",\"image\":{\"@type\":\"ImageObject\",\"inLanguage\":\"hu\",\"@id\":\"https:\/\/karitaszkozpont.hu\/#\/schema\/person\/image\/\",\"url\":\"https:\/\/secure.gravatar.com\/avatar\/1274acd7c62f3cac92d2b38aad20c71b?s=96&d=mm&r=g\",\"contentUrl\":\"https:\/\/secure.gravatar.com\/avatar\/1274acd7c62f3cac92d2b38aad20c71b?s=96&d=mm&r=g\",\"caption\":\"Karit\u00e1sz K\u00f6zpont\"},\"url\":\"https:\/\/karitaszkozpont.hu\/?author=1\"}]}<\/script>\n<!-- \/ Yoast SEO plugin. -->","yoast_head_json":{"title":"Besz\u00e1mol\u00f3 a R\u00e1koscsaba F\u0151pl\u00e9b\u00e1nia ny\u00e1ri t\u00e1bor\u00e1r\u00f3l - Szent Erzs\u00e9bet Karit\u00e1sz K\u00f6zpont","robots":{"index":"index","follow":"follow","max-snippet":"max-snippet:-1","max-image-preview":"max-image-preview:large","max-video-preview":"max-video-preview:-1"},"canonical":"https:\/\/karitaszkozpont.hu\/?p=1465","og_locale":"hu_HU","og_type":"article","og_title":"Besz\u00e1mol\u00f3 a R\u00e1koscsaba F\u0151pl\u00e9b\u00e1nia ny\u00e1ri t\u00e1bor\u00e1r\u00f3l - Szent Erzs\u00e9bet Karit\u00e1sz K\u00f6zpont","og_description":"Besz\u00e1mol\u00f3 a R\u00e1koscsaba F\u0151pl\u00e9b\u00e1nia ny\u00e1ri t\u00e1bor\u00e1r\u00f3l A R\u00e1koscsaba F\u0151pl\u00e9b\u00e1nia karit\u00e1sz csoportja 2021. Augusztus 4-8. k\u00f6z\u00f6tt pl\u00e9b\u00e1niai ny\u00e1ri t\u00e1bort szervezett. R\u00e9szt vettek a karit\u00e1sz feladatainak ell\u00e1t\u00e1s\u00e1ban r\u00e9szt vev\u0151 csal\u00e1dok, valamint azon a nagycsal\u00e1dok is, akik valamilyen form\u00e1ban a karit\u00e1sz tev\u00e9kenys\u00e9g\u00e9n kereszt\u00fcl t\u00e1mogat\u00e1sban r\u00e9szes\u00fclnek. \u00cdgy a t\u00e1bor sor\u00e1n alkalom ny\u00edlt egym\u00e1s jobb megismer\u00e9s\u00e9re a k\u00f6z\u00f6s \u00e9lm\u00e9nyek, a &hellip; Continue reading \"Besz\u00e1mol\u00f3 a R\u00e1koscsaba F\u0151pl\u00e9b\u00e1nia ny\u00e1ri t\u00e1bor\u00e1r\u00f3l\"","og_url":"https:\/\/karitaszkozpont.hu\/?p=1465","og_site_name":"Szent Erzs\u00e9bet Karit\u00e1sz K\u00f6zpont","article_published_time":"2021-11-17T19:55:13+00:00","article_modified_time":"2022-01-08T08:49:10+00:00","og_image":[{"width":800,"height":600,"url":"https:\/\/karitaszkozpont.hu\/wp-content\/uploads\/2021\/11\/02_Vulkani-csucsokon-1.jpg","type":"image\/jpeg"}],"author":"Karit\u00e1sz K\u00f6zpont","twitter_card":"summary_large_image","twitter_misc":{"Szerz\u0151:":"Karit\u00e1sz K\u00f6zpont","Becs\u00fclt olvas\u00e1si id\u0151":"2 perc"},"schema":{"@context":"https:\/\/schema.org","@graph":[{"@type":"Article","@id":"https:\/\/karitaszkozpont.hu\/?p=1465#article","isPartOf":{"@id":"https:\/\/karitaszkozpont.hu\/?p=1465"},"author":{"name":"Karit\u00e1sz K\u00f6zpont","@id":"https:\/\/karitaszkozpont.hu\/#\/schema\/person\/0d9c28244c111914ea13bb1248775e57"},"headline":"Besz\u00e1mol\u00f3 a R\u00e1koscsaba F\u0151pl\u00e9b\u00e1nia ny\u00e1ri t\u00e1bor\u00e1r\u00f3l","datePublished":"2021-11-17T19:55:13+00:00","dateModified":"2022-01-08T08:49:10+00:00","mainEntityOfPage":{"@id":"https:\/\/karitaszkozpont.hu\/?p=1465"},"wordCount":709,"publisher":{"@id":"https:\/\/karitaszkozpont.hu\/#organization"},"articleSection":["H\u00edrek"],"inLanguage":"hu"},{"@type":"WebPage","@id":"https:\/\/karitaszkozpont.hu\/?p=1465","url":"https:\/\/karitaszkozpont.hu\/?p=1465","name":"Besz\u00e1mol\u00f3 a R\u00e1koscsaba F\u0151pl\u00e9b\u00e1nia ny\u00e1ri t\u00e1bor\u00e1r\u00f3l - Szent Erzs\u00e9bet Karit\u00e1sz K\u00f6zpont","isPartOf":{"@id":"https:\/\/karitaszkozpont.hu\/#website"},"datePublished":"2021-11-17T19:55:13+00:00","dateModified":"2022-01-08T08:49:10+00:00","breadcrumb":{"@id":"https:\/\/karitaszkozpont.hu\/?p=1465#breadcrumb"},"inLanguage":"hu","potentialAction":[{"@type":"ReadAction","target":["https:\/\/karitaszkozpont.hu\/?p=1465"]}]},{"@type":"BreadcrumbList","@id":"https:\/\/karitaszkozpont.hu\/?p=1465#breadcrumb","itemListElement":[{"@type":"ListItem","position":1,"name":"Kezd\u0151lap","item":"https:\/\/karitaszkozpont.hu\/"},{"@type":"ListItem","position":2,"name":"Besz\u00e1mol\u00f3 a R\u00e1koscsaba F\u0151pl\u00e9b\u00e1nia ny\u00e1ri t\u00e1bor\u00e1r\u00f3l"}]},{"@type":"WebSite","@id":"https:\/\/karitaszkozpont.hu\/#website","url":"https:\/\/karitaszkozpont.hu\/","name":"Szent Erzs\u00e9bet Karit\u00e1sz K\u00f6zpont","description":"Esztergom-Budapesti F\u0151egyh\u00e1zmegye","publisher":{"@id":"https:\/\/karitaszkozpont.hu\/#organization"},"potentialAction":[{"@type":"SearchAction","target":{"@type":"EntryPoint","urlTemplate":"https:\/\/karitaszkozpont.hu\/?s={search_term_string}"},"query-input":"required name=search_term_string"}],"inLanguage":"hu"},{"@type":"Organization","@id":"https:\/\/karitaszkozpont.hu\/#organization","name":"Szent Erzs\u00e9bet Karit\u00e1sz K\u00f6zpont","url":"https:\/\/karitaszkozpont.hu\/","logo":{"@type":"ImageObject","inLanguage":"hu","@id":"https:\/\/karitaszkozpont.hu\/#\/schema\/logo\/image\/","url":"https:\/\/karitaszkp.hu\/wp-content\/uploads\/2019\/06\/cropped-logo-arnyekos-1.png","contentUrl":"https:\/\/karitaszkp.hu\/wp-content\/uploads\/2019\/06\/cropped-logo-arnyekos-1.png","width":240,"height":247,"caption":"Szent Erzs\u00e9bet Karit\u00e1sz K\u00f6zpont"},"image":{"@id":"https:\/\/karitaszkozpont.hu\/#\/schema\/logo\/image\/"}},{"@type":"Person","@id":"https:\/\/karitaszkozpont.hu\/#\/schema\/person\/0d9c28244c111914ea13bb1248775e57","name":"Karit\u00e1sz K\u00f6zpont","image":{"@type":"ImageObject","inLanguage":"hu","@id":"https:\/\/karitaszkozpont.hu\/#\/schema\/person\/image\/","url":"https:\/\/secure.gravatar.com\/avatar\/1274acd7c62f3cac92d2b38aad20c71b?s=96&d=mm&r=g","contentUrl":"https:\/\/secure.gravatar.com\/avatar\/1274acd7c62f3cac92d2b38aad20c71b?s=96&d=mm&r=g","caption":"Karit\u00e1sz K\u00f6zpont"},"url":"https:\/\/karitaszkozpont.hu\/?author=1"}]}},"_links":{"self":[{"href":"https:\/\/karitaszkozpont.hu\/index.php?rest_route=\/wp\/v2\/posts\/1465"}],"collection":[{"href":"https:\/\/karitaszkozpont.hu\/index.php?rest_route=\/wp\/v2\/posts"}],"about":[{"href":"https:\/\/karitaszkozpont.hu\/index.php?rest_route=\/wp\/v2\/types\/post"}],"author":[{"embeddable":true,"href":"https:\/\/karitaszkozpont.hu\/index.php?rest_route=\/wp\/v2\/users\/1"}],"replies":[{"embeddable":true,"href":"https:\/\/karitaszkozpont.hu\/index.php?rest_route=%2Fwp%2Fv2%2Fcomments&post=1465"}],"version-history":[{"count":2,"href":"https:\/\/karitaszkozpont.hu\/index.php?rest_route=\/wp\/v2\/posts\/1465\/revisions"}],"predecessor-version":[{"id":1479,"href":"https:\/\/karitaszkozpont.hu\/index.php?rest_route=\/wp\/v2\/posts\/1465\/revisions\/1479"}],"wp:featuredmedia":[{"embeddable":true,"href":"https:\/\/karitaszkozpont.hu\/index.php?rest_route=\/wp\/v2\/media\/1469"}],"wp:attachment":[{"href":"https:\/\/karitaszkozpont.hu\/index.php?rest_route=%2Fwp%2Fv2%2Fmedia&parent=1465"}],"wp:term":[{"taxonomy":"category","embeddable":true,"href":"https:\/\/karitaszkozpont.hu\/index.php?rest_route=%2Fwp%2Fv2%2Fcategories&post=1465"},{"taxonomy":"post_tag","embeddable":true,"href":"https:\/\/karitaszkozpont.hu\/index.php?rest_route=%2Fwp%2Fv2%2Ftags&post=1465"}],"curies":[{"name":"wp","href":"https:\/\/api.w.org\/{rel}","templated":true}]}}