{"id":1458,"date":"2021-11-13T13:48:09","date_gmt":"2021-11-13T11:48:09","guid":{"rendered":"http:\/\/karitaszkp.hu\/?p=1458"},"modified":"2022-01-08T10:49:10","modified_gmt":"2022-01-08T08:49:10","slug":"szent-erzsebet-nap","status":"publish","type":"post","link":"https:\/\/karitaszkozpont.hu\/?p=1458","title":{"rendered":"Szent Erzs\u00e9bet nap"},"content":{"rendered":"\n<p class=\"has-white-color has-vivid-red-background-color has-text-color has-background has-large-font-size\">Szent Erzs\u00e9bet nap<\/p>\n\n\n\n<p>\u201eSzent Erzs\u00e9bet \u00fcnnep\u00e9n, 2021. november 19-\u00e9n, p\u00e9nteken 10 \u00f3rakor a R\u00f3zs\u00e1k terei Szent Erzs\u00e9bet pl\u00e9b\u00e1niatemplomban karit\u00e1sz szentmis\u00e9t celebr\u00e1l Ft. Varga Zolt\u00e1n pl\u00e9b\u00e1nos atya, helyettes esperes, Csorba G\u00e1bor karit\u00e1sz igazgat\u00f3 \u00far, \u00e1lland\u00f3 diak\u00f3nus, asszisztenci\u00e1j\u00e1val. Ez a nap egyszersmind a Szent Erzs\u00e9bet templom b\u00facs\u00faja, valamint Karit\u00e1sz K\u00f6zpontunk f\u0151\u00fcnnepe, \u00e9s szeretettel v\u00e1runk a k\u00f6z\u00f6s \u00fcnnepl\u00e9sre minden kedves karit\u00e1sz tagot, \u00e9s mindazokat, akik sz\u00edvesen im\u00e1dkozn\u00e1nak egy\u00fctt vel\u00fcnk. A r\u00e9szv\u00e9tel regisztr\u00e1ci\u00f3hoz k\u00f6t\u00f6tt, ez\u00e9rt k\u00e9rj\u00fck, hogy az \u00e9rdekl\u0151d\u0151k az al\u00e1bbi fel\u00fcleten iratkozzanak fel.<\/p>\n\n\n\n<p><a href=\"https:\/\/forms.gle\/pAZ2LUjHa8gpr6hm9\" target=\"_blank\" rel=\"noreferrer noopener\">https:\/\/forms.gle\/pAZ2LUjHa8gpr6hm9<\/a>&nbsp; \u201d<\/p>\n","protected":false},"excerpt":{"rendered":"<p>Szent Erzs\u00e9bet nap \u201eSzent Erzs\u00e9bet \u00fcnnep\u00e9n, 2021. november 19-\u00e9n, p\u00e9nteken 10 \u00f3rakor a R\u00f3zs\u00e1k terei Szent Erzs\u00e9bet pl\u00e9b\u00e1niatemplomban karit\u00e1sz szentmis\u00e9t celebr\u00e1l Ft. Varga Zolt\u00e1n pl\u00e9b\u00e1nos atya, helyettes esperes, Csorba G\u00e1bor karit\u00e1sz igazgat\u00f3 \u00far, \u00e1lland\u00f3 diak\u00f3nus, asszisztenci\u00e1j\u00e1val. Ez a nap egyszersmind a Szent Erzs\u00e9bet templom b\u00facs\u00faja, valamint Karit\u00e1sz K\u00f6zpontunk f\u0151\u00fcnnepe, \u00e9s szeretettel v\u00e1runk a k\u00f6z\u00f6s \u00fcnnepl\u00e9sre &hellip; <\/p>\n<p class=\"link-more\"><a href=\"https:\/\/karitaszkozpont.hu\/?p=1458\" class=\"more-link\">Continue reading<span class=\"screen-reader-text\"> &#8222;Szent Erzs\u00e9bet nap&#8221;<\/span><\/a><\/p>\n","protected":false},"author":1,"featured_media":1459,"comment_status":"closed","ping_status":"closed","sticky":false,"template":"","format":"standard","meta":[],"categories":[4],"tags":[],"yoast_head":"<!-- This site is optimized with the Yoast SEO plugin v20.1 - https:\/\/yoast.com\/wordpress\/plugins\/seo\/ -->\n<title>Szent Erzs\u00e9bet nap - Szent Erzs\u00e9bet Karit\u00e1sz K\u00f6zpont<\/title>\n<meta name=\"robots\" content=\"index, follow, max-snippet:-1, max-image-preview:large, max-video-preview:-1\" \/>\n<link rel=\"canonical\" href=\"https:\/\/karitaszkozpont.hu\/?p=1458\" \/>\n<meta property=\"og:locale\" content=\"hu_HU\" \/>\n<meta property=\"og:type\" content=\"article\" \/>\n<meta property=\"og:title\" content=\"Szent Erzs\u00e9bet nap - Szent Erzs\u00e9bet Karit\u00e1sz K\u00f6zpont\" \/>\n<meta property=\"og:description\" content=\"Szent Erzs\u00e9bet nap \u201eSzent Erzs\u00e9bet \u00fcnnep\u00e9n, 2021. november 19-\u00e9n, p\u00e9nteken 10 \u00f3rakor a R\u00f3zs\u00e1k terei Szent Erzs\u00e9bet pl\u00e9b\u00e1niatemplomban karit\u00e1sz szentmis\u00e9t celebr\u00e1l Ft. Varga Zolt\u00e1n pl\u00e9b\u00e1nos atya, helyettes esperes, Csorba G\u00e1bor karit\u00e1sz igazgat\u00f3 \u00far, \u00e1lland\u00f3 diak\u00f3nus, asszisztenci\u00e1j\u00e1val. Ez a nap egyszersmind a Szent Erzs\u00e9bet templom b\u00facs\u00faja, valamint Karit\u00e1sz K\u00f6zpontunk f\u0151\u00fcnnepe, \u00e9s szeretettel v\u00e1runk a k\u00f6z\u00f6s \u00fcnnepl\u00e9sre &hellip; Continue reading &quot;Szent Erzs\u00e9bet nap&quot;\" \/>\n<meta property=\"og:url\" content=\"https:\/\/karitaszkozpont.hu\/?p=1458\" \/>\n<meta property=\"og:site_name\" content=\"Szent Erzs\u00e9bet Karit\u00e1sz K\u00f6zpont\" \/>\n<meta property=\"article:published_time\" content=\"2021-11-13T11:48:09+00:00\" \/>\n<meta property=\"article:modified_time\" content=\"2022-01-08T08:49:10+00:00\" \/>\n<meta property=\"og:image\" content=\"https:\/\/karitaszkozpont.hu\/wp-content\/uploads\/2021\/11\/060.jpg\" \/>\n\t<meta property=\"og:image:width\" content=\"351\" \/>\n\t<meta property=\"og:image:height\" content=\"480\" \/>\n\t<meta property=\"og:image:type\" content=\"image\/jpeg\" \/>\n<meta name=\"author\" content=\"Karit\u00e1sz K\u00f6zpont\" \/>\n<meta name=\"twitter:card\" content=\"summary_large_image\" \/>\n<meta name=\"twitter:label1\" content=\"Szerz\u0151:\" \/>\n\t<meta name=\"twitter:data1\" content=\"Karit\u00e1sz K\u00f6zpont\" \/>\n\t<meta name=\"twitter:label2\" content=\"Becs\u00fclt olvas\u00e1si id\u0151\" \/>\n\t<meta name=\"twitter:data2\" content=\"1 perc\" \/>\n<script type=\"application\/ld+json\" class=\"yoast-schema-graph\">{\"@context\":\"https:\/\/schema.org\",\"@graph\":[{\"@type\":\"Article\",\"@id\":\"https:\/\/karitaszkozpont.hu\/?p=1458#article\",\"isPartOf\":{\"@id\":\"https:\/\/karitaszkozpont.hu\/?p=1458\"},\"author\":{\"name\":\"Karit\u00e1sz K\u00f6zpont\",\"@id\":\"https:\/\/karitaszkozpont.hu\/#\/schema\/person\/0d9c28244c111914ea13bb1248775e57\"},\"headline\":\"Szent Erzs\u00e9bet nap\",\"datePublished\":\"2021-11-13T11:48:09+00:00\",\"dateModified\":\"2022-01-08T08:49:10+00:00\",\"mainEntityOfPage\":{\"@id\":\"https:\/\/karitaszkozpont.hu\/?p=1458\"},\"wordCount\":140,\"publisher\":{\"@id\":\"https:\/\/karitaszkozpont.hu\/#organization\"},\"articleSection\":[\"H\u00edrek\"],\"inLanguage\":\"hu\"},{\"@type\":\"WebPage\",\"@id\":\"https:\/\/karitaszkozpont.hu\/?p=1458\",\"url\":\"https:\/\/karitaszkozpont.hu\/?p=1458\",\"name\":\"Szent Erzs\u00e9bet nap - Szent Erzs\u00e9bet Karit\u00e1sz K\u00f6zpont\",\"isPartOf\":{\"@id\":\"https:\/\/karitaszkozpont.hu\/#website\"},\"datePublished\":\"2021-11-13T11:48:09+00:00\",\"dateModified\":\"2022-01-08T08:49:10+00:00\",\"breadcrumb\":{\"@id\":\"https:\/\/karitaszkozpont.hu\/?p=1458#breadcrumb\"},\"inLanguage\":\"hu\",\"potentialAction\":[{\"@type\":\"ReadAction\",\"target\":[\"https:\/\/karitaszkozpont.hu\/?p=1458\"]}]},{\"@type\":\"BreadcrumbList\",\"@id\":\"https:\/\/karitaszkozpont.hu\/?p=1458#breadcrumb\",\"itemListElement\":[{\"@type\":\"ListItem\",\"position\":1,\"name\":\"Kezd\u0151lap\",\"item\":\"https:\/\/karitaszkozpont.hu\/\"},{\"@type\":\"ListItem\",\"position\":2,\"name\":\"Szent Erzs\u00e9bet nap\"}]},{\"@type\":\"WebSite\",\"@id\":\"https:\/\/karitaszkozpont.hu\/#website\",\"url\":\"https:\/\/karitaszkozpont.hu\/\",\"name\":\"Szent Erzs\u00e9bet Karit\u00e1sz K\u00f6zpont\",\"description\":\"Esztergom-Budapesti F\u0151egyh\u00e1zmegye\",\"publisher\":{\"@id\":\"https:\/\/karitaszkozpont.hu\/#organization\"},\"potentialAction\":[{\"@type\":\"SearchAction\",\"target\":{\"@type\":\"EntryPoint\",\"urlTemplate\":\"https:\/\/karitaszkozpont.hu\/?s={search_term_string}\"},\"query-input\":\"required name=search_term_string\"}],\"inLanguage\":\"hu\"},{\"@type\":\"Organization\",\"@id\":\"https:\/\/karitaszkozpont.hu\/#organization\",\"name\":\"Szent Erzs\u00e9bet Karit\u00e1sz K\u00f6zpont\",\"url\":\"https:\/\/karitaszkozpont.hu\/\",\"logo\":{\"@type\":\"ImageObject\",\"inLanguage\":\"hu\",\"@id\":\"https:\/\/karitaszkozpont.hu\/#\/schema\/logo\/image\/\",\"url\":\"https:\/\/karitaszkp.hu\/wp-content\/uploads\/2019\/06\/cropped-logo-arnyekos-1.png\",\"contentUrl\":\"https:\/\/karitaszkp.hu\/wp-content\/uploads\/2019\/06\/cropped-logo-arnyekos-1.png\",\"width\":240,\"height\":247,\"caption\":\"Szent Erzs\u00e9bet Karit\u00e1sz K\u00f6zpont\"},\"image\":{\"@id\":\"https:\/\/karitaszkozpont.hu\/#\/schema\/logo\/image\/\"}},{\"@type\":\"Person\",\"@id\":\"https:\/\/karitaszkozpont.hu\/#\/schema\/person\/0d9c28244c111914ea13bb1248775e57\",\"name\":\"Karit\u00e1sz K\u00f6zpont\",\"image\":{\"@type\":\"ImageObject\",\"inLanguage\":\"hu\",\"@id\":\"https:\/\/karitaszkozpont.hu\/#\/schema\/person\/image\/\",\"url\":\"https:\/\/secure.gravatar.com\/avatar\/1274acd7c62f3cac92d2b38aad20c71b?s=96&d=mm&r=g\",\"contentUrl\":\"https:\/\/secure.gravatar.com\/avatar\/1274acd7c62f3cac92d2b38aad20c71b?s=96&d=mm&r=g\",\"caption\":\"Karit\u00e1sz K\u00f6zpont\"},\"url\":\"https:\/\/karitaszkozpont.hu\/?author=1\"}]}<\/script>\n<!-- \/ Yoast SEO plugin. -->","yoast_head_json":{"title":"Szent Erzs\u00e9bet nap - Szent Erzs\u00e9bet Karit\u00e1sz K\u00f6zpont","robots":{"index":"index","follow":"follow","max-snippet":"max-snippet:-1","max-image-preview":"max-image-preview:large","max-video-preview":"max-video-preview:-1"},"canonical":"https:\/\/karitaszkozpont.hu\/?p=1458","og_locale":"hu_HU","og_type":"article","og_title":"Szent Erzs\u00e9bet nap - Szent Erzs\u00e9bet Karit\u00e1sz K\u00f6zpont","og_description":"Szent Erzs\u00e9bet nap \u201eSzent Erzs\u00e9bet \u00fcnnep\u00e9n, 2021. november 19-\u00e9n, p\u00e9nteken 10 \u00f3rakor a R\u00f3zs\u00e1k terei Szent Erzs\u00e9bet pl\u00e9b\u00e1niatemplomban karit\u00e1sz szentmis\u00e9t celebr\u00e1l Ft. Varga Zolt\u00e1n pl\u00e9b\u00e1nos atya, helyettes esperes, Csorba G\u00e1bor karit\u00e1sz igazgat\u00f3 \u00far, \u00e1lland\u00f3 diak\u00f3nus, asszisztenci\u00e1j\u00e1val. Ez a nap egyszersmind a Szent Erzs\u00e9bet templom b\u00facs\u00faja, valamint Karit\u00e1sz K\u00f6zpontunk f\u0151\u00fcnnepe, \u00e9s szeretettel v\u00e1runk a k\u00f6z\u00f6s \u00fcnnepl\u00e9sre &hellip; Continue reading \"Szent Erzs\u00e9bet nap\"","og_url":"https:\/\/karitaszkozpont.hu\/?p=1458","og_site_name":"Szent Erzs\u00e9bet Karit\u00e1sz K\u00f6zpont","article_published_time":"2021-11-13T11:48:09+00:00","article_modified_time":"2022-01-08T08:49:10+00:00","og_image":[{"width":351,"height":480,"url":"https:\/\/karitaszkozpont.hu\/wp-content\/uploads\/2021\/11\/060.jpg","type":"image\/jpeg"}],"author":"Karit\u00e1sz K\u00f6zpont","twitter_card":"summary_large_image","twitter_misc":{"Szerz\u0151:":"Karit\u00e1sz K\u00f6zpont","Becs\u00fclt olvas\u00e1si id\u0151":"1 perc"},"schema":{"@context":"https:\/\/schema.org","@graph":[{"@type":"Article","@id":"https:\/\/karitaszkozpont.hu\/?p=1458#article","isPartOf":{"@id":"https:\/\/karitaszkozpont.hu\/?p=1458"},"author":{"name":"Karit\u00e1sz K\u00f6zpont","@id":"https:\/\/karitaszkozpont.hu\/#\/schema\/person\/0d9c28244c111914ea13bb1248775e57"},"headline":"Szent Erzs\u00e9bet nap","datePublished":"2021-11-13T11:48:09+00:00","dateModified":"2022-01-08T08:49:10+00:00","mainEntityOfPage":{"@id":"https:\/\/karitaszkozpont.hu\/?p=1458"},"wordCount":140,"publisher":{"@id":"https:\/\/karitaszkozpont.hu\/#organization"},"articleSection":["H\u00edrek"],"inLanguage":"hu"},{"@type":"WebPage","@id":"https:\/\/karitaszkozpont.hu\/?p=1458","url":"https:\/\/karitaszkozpont.hu\/?p=1458","name":"Szent Erzs\u00e9bet nap - Szent Erzs\u00e9bet Karit\u00e1sz K\u00f6zpont","isPartOf":{"@id":"https:\/\/karitaszkozpont.hu\/#website"},"datePublished":"2021-11-13T11:48:09+00:00","dateModified":"2022-01-08T08:49:10+00:00","breadcrumb":{"@id":"https:\/\/karitaszkozpont.hu\/?p=1458#breadcrumb"},"inLanguage":"hu","potentialAction":[{"@type":"ReadAction","target":["https:\/\/karitaszkozpont.hu\/?p=1458"]}]},{"@type":"BreadcrumbList","@id":"https:\/\/karitaszkozpont.hu\/?p=1458#breadcrumb","itemListElement":[{"@type":"ListItem","position":1,"name":"Kezd\u0151lap","item":"https:\/\/karitaszkozpont.hu\/"},{"@type":"ListItem","position":2,"name":"Szent Erzs\u00e9bet nap"}]},{"@type":"WebSite","@id":"https:\/\/karitaszkozpont.hu\/#website","url":"https:\/\/karitaszkozpont.hu\/","name":"Szent Erzs\u00e9bet Karit\u00e1sz K\u00f6zpont","description":"Esztergom-Budapesti F\u0151egyh\u00e1zmegye","publisher":{"@id":"https:\/\/karitaszkozpont.hu\/#organization"},"potentialAction":[{"@type":"SearchAction","target":{"@type":"EntryPoint","urlTemplate":"https:\/\/karitaszkozpont.hu\/?s={search_term_string}"},"query-input":"required name=search_term_string"}],"inLanguage":"hu"},{"@type":"Organization","@id":"https:\/\/karitaszkozpont.hu\/#organization","name":"Szent Erzs\u00e9bet Karit\u00e1sz K\u00f6zpont","url":"https:\/\/karitaszkozpont.hu\/","logo":{"@type":"ImageObject","inLanguage":"hu","@id":"https:\/\/karitaszkozpont.hu\/#\/schema\/logo\/image\/","url":"https:\/\/karitaszkp.hu\/wp-content\/uploads\/2019\/06\/cropped-logo-arnyekos-1.png","contentUrl":"https:\/\/karitaszkp.hu\/wp-content\/uploads\/2019\/06\/cropped-logo-arnyekos-1.png","width":240,"height":247,"caption":"Szent Erzs\u00e9bet Karit\u00e1sz K\u00f6zpont"},"image":{"@id":"https:\/\/karitaszkozpont.hu\/#\/schema\/logo\/image\/"}},{"@type":"Person","@id":"https:\/\/karitaszkozpont.hu\/#\/schema\/person\/0d9c28244c111914ea13bb1248775e57","name":"Karit\u00e1sz K\u00f6zpont","image":{"@type":"ImageObject","inLanguage":"hu","@id":"https:\/\/karitaszkozpont.hu\/#\/schema\/person\/image\/","url":"https:\/\/secure.gravatar.com\/avatar\/1274acd7c62f3cac92d2b38aad20c71b?s=96&d=mm&r=g","contentUrl":"https:\/\/secure.gravatar.com\/avatar\/1274acd7c62f3cac92d2b38aad20c71b?s=96&d=mm&r=g","caption":"Karit\u00e1sz K\u00f6zpont"},"url":"https:\/\/karitaszkozpont.hu\/?author=1"}]}},"_links":{"self":[{"href":"https:\/\/karitaszkozpont.hu\/index.php?rest_route=\/wp\/v2\/posts\/1458"}],"collection":[{"href":"https:\/\/karitaszkozpont.hu\/index.php?rest_route=\/wp\/v2\/posts"}],"about":[{"href":"https:\/\/karitaszkozpont.hu\/index.php?rest_route=\/wp\/v2\/types\/post"}],"author":[{"embeddable":true,"href":"https:\/\/karitaszkozpont.hu\/index.php?rest_route=\/wp\/v2\/users\/1"}],"replies":[{"embeddable":true,"href":"https:\/\/karitaszkozpont.hu\/index.php?rest_route=%2Fwp%2Fv2%2Fcomments&post=1458"}],"version-history":[{"count":1,"href":"https:\/\/karitaszkozpont.hu\/index.php?rest_route=\/wp\/v2\/posts\/1458\/revisions"}],"predecessor-version":[{"id":1460,"href":"https:\/\/karitaszkozpont.hu\/index.php?rest_route=\/wp\/v2\/posts\/1458\/revisions\/1460"}],"wp:featuredmedia":[{"embeddable":true,"href":"https:\/\/karitaszkozpont.hu\/index.php?rest_route=\/wp\/v2\/media\/1459"}],"wp:attachment":[{"href":"https:\/\/karitaszkozpont.hu\/index.php?rest_route=%2Fwp%2Fv2%2Fmedia&parent=1458"}],"wp:term":[{"taxonomy":"category","embeddable":true,"href":"https:\/\/karitaszkozpont.hu\/index.php?rest_route=%2Fwp%2Fv2%2Fcategories&post=1458"},{"taxonomy":"post_tag","embeddable":true,"href":"https:\/\/karitaszkozpont.hu\/index.php?rest_route=%2Fwp%2Fv2%2Ftags&post=1458"}],"curies":[{"name":"wp","href":"https:\/\/api.w.org\/{rel}","templated":true}]}}