{"id":1456,"date":"2021-11-13T13:46:31","date_gmt":"2021-11-13T11:46:31","guid":{"rendered":"http:\/\/karitaszkp.hu\/?p=1456"},"modified":"2022-01-08T10:49:10","modified_gmt":"2022-01-08T08:49:10","slug":"141-karitasz-egyperces","status":"publish","type":"post","link":"https:\/\/karitaszkozpont.hu\/?p=1456","title":{"rendered":"141. Karit\u00e1sz Egyperces"},"content":{"rendered":"\n<p class=\"has-white-color has-vivid-red-background-color has-text-color has-background has-large-font-size\"><strong>141. Seg\u00edts\u00fcnk felismerni Istent!<\/strong><\/p>\n\n\n\n<p class=\"has-background\" style=\"background-color:#cacaca\"><em>\u201eAkik m\u00e9lt\u00f3k r\u00e1, hogy eljussanak a hal\u00e1lb\u00f3l val\u00f3 felt\u00e1mad\u00e1sra, nem halnak meg t\u00f6bb\u00e9:&nbsp;Az angyalokhoz hasonl\u00edtanak, \u00e9s az Istennek a fiai, mert felt\u00e1madtak. Isten nem a holtak\u00e9, hanem az \u00e9l\u0151k\u00e9, hiszen mindenki \u00e9rte \u00e9l&nbsp;(v\u00f6. Lk 20,35. 36. 38.)<\/em><\/p>\n\n\n\n<p>Kedves Karit\u00e1sz \u00d6nk\u00e9ntesek, Munkat\u00e1rsak, Testv\u00e9rek az \u00darban!<\/p>\n\n\n\n<p>Karit\u00e1sz munk\u00e1nk l\u00e1that\u00f3 elemei, az \u00e9lelmiszercsomagok, ruh\u00e1k,&nbsp; b\u00fatorok, t\u00fczel\u0151, pelenka, gy\u00f3gyszer stb., nagyban seg\u00edti azokat, akik hozz\u00e1nk fordulnak, akik ezekben a sz\u00fcks\u00e9gekben szenvednek, akiknek neh\u00e9zs\u00e9geik vannak. Seg\u00edts\u00e9g, de nem \u00f6nmagukban \u00e9s pl\u00e1ne nem kiz\u00e1r\u00f3lagosan. N\u00e9lk\u00fcl\u00f6zhetetlenek ugyan, de ez m\u00e9g nem minden.<\/p>\n\n\n\n<p>A boldogs\u00e1g, az \u00f6r\u00f6m ugyanis nem foghat\u00f3 fel \u00e9rz\u00e9kszerveinkkel, viszont az \u00e9rz\u00e9kszerveink seg\u00edtenek abban, hogy a fel nem foghat\u00f3, nem l\u00e1that\u00f3 val\u00f3s\u00e1got is megtapasztaljuk, megismerj\u00fck. Szent P\u00e1l \u00e9ppen erre figyelmeztet:&nbsp;&nbsp;<em>\u201eNe&nbsp;a l\u00e1that\u00f3 dolgokra figyelj\u00fcnk, hanem a l\u00e1thatatlanokra! Mert a l\u00e1that\u00f3 ideigval\u00f3, a l\u00e1thatatlan pedig \u00f6r\u00f6kk\u00e9val\u00f3.\u201d (2 Kor 4,18)<\/em><\/p>\n\n\n\n<p>Mennyivel t\u00f6bb teh\u00e1t az, ami nem l\u00e1that\u00f3, nem \u00e9rz\u00e9kelhet\u0151 testi \u00e9rz\u00e9keinkkel, mint amit l\u00e1tunk, hallunk, meg tudunk tapintani? Pont annyival t\u00f6bb, mint amennyi a t\u00e1vols\u00e1g f\u00f6ld \u00e9s \u00e9g k\u00f6z\u00f6tt, \u00e9ppen annyi a k\u00fcl\u00f6nbs\u00e9g, mint a mi gondolataink \u00e9s Isten gondolatai k\u00f6z\u00f6tt, a v\u00e9ges \u00e9s a v\u00e9gtelen k\u00f6z\u00f6tt. \u00c9s \u00e9ppen ebben nyilv\u00e1nul meg a karit\u00e1sz t\u00f6bblete, a kereszt\u00e9ny t\u00f6bblet. Mi tudjuk, hogy ez a vil\u00e1g elm\u00falik, \u00e9s m\u00e9gis, s\u0151t \u00e9ppen ez\u00e9rt siet\u00fcnk ebben a f\u00f6ldi, l\u00e1that\u00f3 vil\u00e1gban tan\u00fas\u00e1got tenni a l\u00e1thatatlanr\u00f3l, arr\u00f3l, ami \u00f6r\u00f6k, az Istenr\u0151l, a Szeretetr\u0151l.<\/p>\n\n\n\n<p>Ez az a Szentl\u00e9lekt\u0151l kapott, kifogyhatatlan t\u0171z, ami a saj\u00e1t szem\u00e9lyes gyenges\u00e9g\u00fcnk, gyarl\u00f3s\u00e1gunk, b\u0171neink, f\u00f6dh\u00f6zragadts\u00e1gunk ellen\u00e9re is alkalmass\u00e1 tesz minket arra, hogy m\u00e1soknak is \u00e9rz\u00e9kelhet\u0151v\u00e9 tegy\u00fck azt, hogy milyen csod\u00e1latos j\u00f6v\u0151k\u00e9p\u00fcnk, rem\u00e9ny\u00fcnk van Krisztusban.<\/p>\n\n\n\n<p>Merthogy Krisztus a mi rem\u00e9ny\u00fcnk \u00e9s senki m\u00e1s. \u0150 az, aki maga a v\u00e9gtelen szeretet, akihez mi is tartozunk, akinek a szeretete s\u00fcrget minket, hogy haszn\u00e1ljuk ki ezt a r\u00f6vid f\u00f6ldi l\u00e9tet arra, hogy m\u00e1soknak is, a vil\u00e1gnak is megmutassuk az egyetlen \u00e9sszer\u0171 \u00e9s minden ember sz\u00edv\u00e9nek v\u00e1gy\u00e1ban ott rejl\u0151 \u00e9letc\u00e9lt, \u00e9letmegold\u00e1st. A l\u00e1that\u00f3 seg\u00e9lycsomagokkal, a szem\u00e9lyes szolg\u00e1latunkkal, az odafordul\u00f3 seg\u00edts\u00e9gny\u00fajt\u00e1sunkkal, a m\u00e1sok\u00e9rt val\u00f3 \u00e1ldozathozatallal pontosan azt tessz\u00fck, amire megh\u00edvott minket az Isten. Arra h\u00edvott meg ugyanis,&nbsp;<em>hogy \u00fagy szeress\u00fck egym\u00e1st, ahogy \u0150 szeret minket (v\u00f6. Jn 13,34)<\/em>. Arra h\u00edvott, hogy k\u00e9szek legy\u00fcnk f\u00e1radozni, \u00e1ldozatot hozni m\u00e1sok\u00e9rt, szolg\u00e1lni a boldogs\u00e1gukat \u00e9s ez\u00e1ltal \u00fcdv\u00f6ss\u00e9g\u00fcket.<\/p>\n\n\n\n<p>Ez nem csak egy feladat, hanem k\u00fcldet\u00e9s. K\u00fcldet\u00e9s J\u00e9zust\u00f3l az Egyh\u00e1z nev\u00e9ben. Van-e enn\u00e9l szebb hivat\u00e1s? Ez a k\u00fcldet\u00e9s, hivat\u00e1s nem csak a karit\u00e1szosokra vonatkozik, hanem minden kereszt\u00e9ny emberre, papokra, szerzetesekre, laikus h\u00edvekre. Mi a karit\u00e1szban az Egyh\u00e1z k\u00f6z\u00f6ss\u00e9g\u00e9ben hiteles\u00edtj\u00fck a paps\u00e1g lelkip\u00e1sztori munk\u00e1j\u00e1t, bemutatjuk az Egyh\u00e1z tan\u00edt\u00e1s\u00e1t, igazoljuk a vil\u00e1g fel\u00e9 azoknak, akik nem ismerik, nem \u00e9rtik, nem akarj\u00e1k J\u00e9zust.<\/p>\n\n\n\n<p>A karit\u00e1szszolg\u00e1latunk l\u00e1that\u00f3v\u00e1 teszi a l\u00e1thatatlan, felfoghat\u00f3v\u00e1 teszi a felfoghatatlant, mert a mi kez\u00fcnk J\u00e9zus kiny\u00fajtott karja az emberek fel\u00e9. \u0150 pakolja le \u00e9s viszi be a t\u00fczif\u00e1t a hideg lak\u00e1sba, az \u00dar a mi l\u00e1bunkkal hordja a csomagokat, a mi kez\u00fcnnkel adja \u00e1t a pelenk\u00e1t a r\u00e1szorul\u00f3 csal\u00e1doknak, a mi mosolyunkkal vigasztal, a mi \u00f6lel\u0151 karunkkal \u00f6lel \u00e9s szor\u00edt mag\u00e1hoz, vel\u00fcnk im\u00e1dkozik a betegek mellett. Ezeket l\u00e1tva van-e olyan ember, aki ne gondolkodna el Isten l\u00e9t\u00e9r\u0151l \u00e9s szeretet\u00e9r\u0151l? Van-e olyan j\u00e9gsz\u00edv, ami nem l\u00e1gyul meg? Van-e olyan b\u0171n\u00f6s l\u00e9lek, aki ne akarna sz\u00e1mot vetni eddigi \u00e9let\u00e9r\u0151l \u00e9s odafordulni Istenhez?<\/p>\n\n\n\n<p>Kedves Testv\u00e9rek! Nincsen ilyen ember, csak legy\u00fcnk t\u00fcrelemmel, ahogy az Isten is t\u00fcrelmes hozz\u00e1nk. Minden el\u00fcltetett mag ki tud kelni, ha j\u00f3 f\u00f6ldbe hullik. Minden ember sz\u00edve alapvet\u0151en j\u00f3 f\u00f6ld, hiszen minden ember Isten k\u00e9pm\u00e1sa, Isten gyermeke. Minden szeretetb\u0151l, \u00f6nzetlen\u00fcl v\u00e9gzett munk\u00e1nknak meg lesz a j\u00f3 gy\u00fcm\u00f6lcse. Nem biztos, hogy itt a f\u00f6ld\u00f6n \u00e9rz\u00e9kelj\u00fck, de oda\u00e1t majd meg fogjuk tudni.<\/p>\n\n\n\n<p>Csak b\u00edzzunk, csak tartsunk ki, csak akarjuk a lelkeket megmenteni! Vigy\u00fck v\u00e9gig mindazt a j\u00f3t, amivel maga az \u00dar b\u00edzott meg&nbsp; minket az Egyh\u00e1z\u00e1n kereszt\u00fcl! \u0150 is elment \u00e9rt\u00fcnk a v\u00e9gs\u0151kig \u00e9s \u00edgy gy\u0151zedelmeskedett. Ezzel a bels\u0151 er\u0151vel, k\u00fcldet\u00e9studattal \u00e9s lelkesed\u00e9ssel v\u00e1gjunk bele a j\u00f6v\u0151 heti Szent Erzs\u00e9bet napi szolg\u00e1latokban, az \u00e1ruh\u00e1zi gy\u0171jt\u00e9sekbe, karit\u00e1sz munk\u00e1nkba!<\/p>\n\n\n\n<p>Hirdet\u00e9sek:<\/p>\n\n\n\n<p>\u00b7&nbsp;&nbsp;&nbsp;&nbsp;&nbsp;&nbsp;&nbsp;&nbsp;&nbsp;A k\u00f6vetkez\u0151 karit\u00e1sz m\u0171sorunk a M\u00e1ria R\u00e1di\u00f3ban november 24-\u00e9n szerd\u00e1n 10.50 \u00f3rakor kezd\u0151dik.<\/p>\n\n\n\n<p>\u00b7&nbsp;&nbsp;&nbsp;&nbsp;&nbsp;&nbsp;&nbsp;&nbsp;&nbsp;Kor\u00e1bbi m\u0171soraink itt hallgathat\u00f3k meg:&nbsp;<a href=\"https:\/\/www.mariaradio.hu\/musor\/4814\/Tevekeny_Szeretet\" target=\"_blank\" rel=\"noreferrer noopener\">https:\/\/www.mariaradio.hu\/musor\/4814\/Tevekeny_Szeretet<\/a><\/p>\n\n\n\n<p>\u00b7&nbsp;&nbsp;&nbsp;&nbsp;&nbsp;&nbsp;&nbsp;&nbsp;&nbsp;Felh\u00edvom mindenki figyelm\u00e9t, hogy a facebook- \u00e9s weboldalunkon folyamatosan friss\u00fclnek a h\u00edreink.&nbsp;<a href=\"http:\/\/www.karitaszkp.hu\/\" target=\"_blank\" rel=\"noreferrer noopener\">www.karitaszkp.hu<\/a>&nbsp;,&nbsp;<a href=\"https:\/\/www.facebook.com\/szenterzsebetkaritaszkozpont\" target=\"_blank\" rel=\"noreferrer noopener\">Esztergom-Budapesti F\u0151egyh\u00e1zmegye Szent Erzs\u00e9bet Karit\u00e1sz K\u00f6zpont | Facebook<\/a><\/p>\n\n\n\n<p>Csorba G\u00e1bor<\/p>\n\n\n\n<p>\u00e1lland\u00f3 diak\u00f3nus, karit\u00e1sz igazgat\u00f3<\/p>\n\n\n\n<p>Esztergom-Budapesti F\u0151egyh\u00e1zmegye<\/p>\n\n\n\n<p>Szent Erzs\u00e9bet Karit\u00e1sz K\u00f6zpont<\/p>\n\n\n\n<p class=\"has-background\" style=\"background-color:#cacaca\">Iroda:&nbsp;<a href=\"https:\/\/www.google.com\/maps\/search\/1035+Budapest,+K%C3%B3rh%C3%A1z+utca+37?entry=gmail&amp;source=g\">1035 Budapest, K\u00f3rh\u00e1z utca 37<\/a>.<\/p>\n\n\n\n<p class=\"has-background\" style=\"background-color:#cacaca\">Telefon: +36-1-351-1977<\/p>\n\n\n\n<p class=\"has-background\" style=\"background-color:#cacaca\">Mobil: +36-30-592-1483<\/p>\n\n\n\n<p class=\"has-background\" style=\"background-color:#cacaca\">E-mail:&nbsp;<a href=\"mailto:szenterzsebet@karitaszkozpont.hu\" target=\"_blank\" rel=\"noreferrer noopener\">szenterzsebet@karitaszkozpont.hu<\/a><\/p>\n\n\n\n<p class=\"has-background\" style=\"background-color:#cacaca\">Honlap:&nbsp;<a href=\"http:\/\/www.karitaszkp.hu\/\" target=\"_blank\" rel=\"noreferrer noopener\">www.karitaszkp.hu<\/a><\/p>\n\n\n\n<p class=\"has-background\" style=\"background-color:#cacaca\">A kor\u00e1bbi egypercesek itt \u00e9rhet\u0151k el:&nbsp;<a href=\"https:\/\/karitaszegypercesek.blogspot.com\/\" target=\"_blank\" rel=\"noreferrer noopener\">https:\/\/karitaszegypercesek.blogspot.com\/<\/a><\/p>\n","protected":false},"excerpt":{"rendered":"<p>141. Seg\u00edts\u00fcnk felismerni Istent! \u201eAkik m\u00e9lt\u00f3k r\u00e1, hogy eljussanak a hal\u00e1lb\u00f3l val\u00f3 felt\u00e1mad\u00e1sra, nem halnak meg t\u00f6bb\u00e9:&nbsp;Az angyalokhoz hasonl\u00edtanak, \u00e9s az Istennek a fiai, mert felt\u00e1madtak. Isten nem a holtak\u00e9, hanem az \u00e9l\u0151k\u00e9, hiszen mindenki \u00e9rte \u00e9l&nbsp;(v\u00f6. Lk 20,35. 36. 38.) Kedves Karit\u00e1sz \u00d6nk\u00e9ntesek, Munkat\u00e1rsak, Testv\u00e9rek az \u00darban! Karit\u00e1sz munk\u00e1nk l\u00e1that\u00f3 elemei, az \u00e9lelmiszercsomagok, ruh\u00e1k,&nbsp; &hellip; <\/p>\n<p class=\"link-more\"><a href=\"https:\/\/karitaszkozpont.hu\/?p=1456\" class=\"more-link\">Continue reading<span class=\"screen-reader-text\"> &#8222;141. Karit\u00e1sz Egyperces&#8221;<\/span><\/a><\/p>\n","protected":false},"author":1,"featured_media":563,"comment_status":"closed","ping_status":"closed","sticky":false,"template":"","format":"standard","meta":[],"categories":[8],"tags":[],"yoast_head":"<!-- This site is optimized with the Yoast SEO plugin v20.1 - https:\/\/yoast.com\/wordpress\/plugins\/seo\/ -->\n<title>141. Karit\u00e1sz Egyperces - Szent Erzs\u00e9bet Karit\u00e1sz K\u00f6zpont<\/title>\n<meta name=\"robots\" content=\"index, follow, max-snippet:-1, max-image-preview:large, max-video-preview:-1\" \/>\n<link rel=\"canonical\" href=\"https:\/\/karitaszkozpont.hu\/?p=1456\" \/>\n<meta property=\"og:locale\" content=\"hu_HU\" \/>\n<meta property=\"og:type\" content=\"article\" \/>\n<meta property=\"og:title\" content=\"141. Karit\u00e1sz Egyperces - Szent Erzs\u00e9bet Karit\u00e1sz K\u00f6zpont\" \/>\n<meta property=\"og:description\" content=\"141. Seg\u00edts\u00fcnk felismerni Istent! \u201eAkik m\u00e9lt\u00f3k r\u00e1, hogy eljussanak a hal\u00e1lb\u00f3l val\u00f3 felt\u00e1mad\u00e1sra, nem halnak meg t\u00f6bb\u00e9:&nbsp;Az angyalokhoz hasonl\u00edtanak, \u00e9s az Istennek a fiai, mert felt\u00e1madtak. Isten nem a holtak\u00e9, hanem az \u00e9l\u0151k\u00e9, hiszen mindenki \u00e9rte \u00e9l&nbsp;(v\u00f6. Lk 20,35. 36. 38.) Kedves Karit\u00e1sz \u00d6nk\u00e9ntesek, Munkat\u00e1rsak, Testv\u00e9rek az \u00darban! Karit\u00e1sz munk\u00e1nk l\u00e1that\u00f3 elemei, az \u00e9lelmiszercsomagok, ruh\u00e1k,&nbsp; &hellip; Continue reading &quot;141. Karit\u00e1sz Egyperces&quot;\" \/>\n<meta property=\"og:url\" content=\"https:\/\/karitaszkozpont.hu\/?p=1456\" \/>\n<meta property=\"og:site_name\" content=\"Szent Erzs\u00e9bet Karit\u00e1sz K\u00f6zpont\" \/>\n<meta property=\"article:published_time\" content=\"2021-11-13T11:46:31+00:00\" \/>\n<meta property=\"article:modified_time\" content=\"2022-01-08T08:49:10+00:00\" \/>\n<meta property=\"og:image\" content=\"https:\/\/karitaszkozpont.hu\/wp-content\/uploads\/2019\/07\/egyperceslogo.jpg\" \/>\n\t<meta property=\"og:image:width\" content=\"2300\" \/>\n\t<meta property=\"og:image:height\" content=\"1528\" \/>\n\t<meta property=\"og:image:type\" content=\"image\/jpeg\" \/>\n<meta name=\"author\" content=\"Karit\u00e1sz K\u00f6zpont\" \/>\n<meta name=\"twitter:card\" content=\"summary_large_image\" \/>\n<meta name=\"twitter:label1\" content=\"Szerz\u0151:\" \/>\n\t<meta name=\"twitter:data1\" content=\"Karit\u00e1sz K\u00f6zpont\" \/>\n\t<meta name=\"twitter:label2\" content=\"Becs\u00fclt olvas\u00e1si id\u0151\" \/>\n\t<meta name=\"twitter:data2\" content=\"4 perc\" \/>\n<script type=\"application\/ld+json\" class=\"yoast-schema-graph\">{\"@context\":\"https:\/\/schema.org\",\"@graph\":[{\"@type\":\"Article\",\"@id\":\"https:\/\/karitaszkozpont.hu\/?p=1456#article\",\"isPartOf\":{\"@id\":\"https:\/\/karitaszkozpont.hu\/?p=1456\"},\"author\":{\"name\":\"Karit\u00e1sz K\u00f6zpont\",\"@id\":\"https:\/\/karitaszkozpont.hu\/#\/schema\/person\/0d9c28244c111914ea13bb1248775e57\"},\"headline\":\"141. Karit\u00e1sz Egyperces\",\"datePublished\":\"2021-11-13T11:46:31+00:00\",\"dateModified\":\"2022-01-08T08:49:10+00:00\",\"mainEntityOfPage\":{\"@id\":\"https:\/\/karitaszkozpont.hu\/?p=1456\"},\"wordCount\":1084,\"publisher\":{\"@id\":\"https:\/\/karitaszkozpont.hu\/#organization\"},\"articleSection\":[\"Egypercesek\"],\"inLanguage\":\"hu\"},{\"@type\":\"WebPage\",\"@id\":\"https:\/\/karitaszkozpont.hu\/?p=1456\",\"url\":\"https:\/\/karitaszkozpont.hu\/?p=1456\",\"name\":\"141. Karit\u00e1sz Egyperces - Szent Erzs\u00e9bet Karit\u00e1sz K\u00f6zpont\",\"isPartOf\":{\"@id\":\"https:\/\/karitaszkozpont.hu\/#website\"},\"datePublished\":\"2021-11-13T11:46:31+00:00\",\"dateModified\":\"2022-01-08T08:49:10+00:00\",\"breadcrumb\":{\"@id\":\"https:\/\/karitaszkozpont.hu\/?p=1456#breadcrumb\"},\"inLanguage\":\"hu\",\"potentialAction\":[{\"@type\":\"ReadAction\",\"target\":[\"https:\/\/karitaszkozpont.hu\/?p=1456\"]}]},{\"@type\":\"BreadcrumbList\",\"@id\":\"https:\/\/karitaszkozpont.hu\/?p=1456#breadcrumb\",\"itemListElement\":[{\"@type\":\"ListItem\",\"position\":1,\"name\":\"Kezd\u0151lap\",\"item\":\"https:\/\/karitaszkozpont.hu\/\"},{\"@type\":\"ListItem\",\"position\":2,\"name\":\"141. Karit\u00e1sz Egyperces\"}]},{\"@type\":\"WebSite\",\"@id\":\"https:\/\/karitaszkozpont.hu\/#website\",\"url\":\"https:\/\/karitaszkozpont.hu\/\",\"name\":\"Szent Erzs\u00e9bet Karit\u00e1sz K\u00f6zpont\",\"description\":\"Esztergom-Budapesti F\u0151egyh\u00e1zmegye\",\"publisher\":{\"@id\":\"https:\/\/karitaszkozpont.hu\/#organization\"},\"potentialAction\":[{\"@type\":\"SearchAction\",\"target\":{\"@type\":\"EntryPoint\",\"urlTemplate\":\"https:\/\/karitaszkozpont.hu\/?s={search_term_string}\"},\"query-input\":\"required name=search_term_string\"}],\"inLanguage\":\"hu\"},{\"@type\":\"Organization\",\"@id\":\"https:\/\/karitaszkozpont.hu\/#organization\",\"name\":\"Szent Erzs\u00e9bet Karit\u00e1sz K\u00f6zpont\",\"url\":\"https:\/\/karitaszkozpont.hu\/\",\"logo\":{\"@type\":\"ImageObject\",\"inLanguage\":\"hu\",\"@id\":\"https:\/\/karitaszkozpont.hu\/#\/schema\/logo\/image\/\",\"url\":\"https:\/\/karitaszkp.hu\/wp-content\/uploads\/2019\/06\/cropped-logo-arnyekos-1.png\",\"contentUrl\":\"https:\/\/karitaszkp.hu\/wp-content\/uploads\/2019\/06\/cropped-logo-arnyekos-1.png\",\"width\":240,\"height\":247,\"caption\":\"Szent Erzs\u00e9bet Karit\u00e1sz K\u00f6zpont\"},\"image\":{\"@id\":\"https:\/\/karitaszkozpont.hu\/#\/schema\/logo\/image\/\"}},{\"@type\":\"Person\",\"@id\":\"https:\/\/karitaszkozpont.hu\/#\/schema\/person\/0d9c28244c111914ea13bb1248775e57\",\"name\":\"Karit\u00e1sz K\u00f6zpont\",\"image\":{\"@type\":\"ImageObject\",\"inLanguage\":\"hu\",\"@id\":\"https:\/\/karitaszkozpont.hu\/#\/schema\/person\/image\/\",\"url\":\"https:\/\/secure.gravatar.com\/avatar\/1274acd7c62f3cac92d2b38aad20c71b?s=96&d=mm&r=g\",\"contentUrl\":\"https:\/\/secure.gravatar.com\/avatar\/1274acd7c62f3cac92d2b38aad20c71b?s=96&d=mm&r=g\",\"caption\":\"Karit\u00e1sz K\u00f6zpont\"},\"url\":\"https:\/\/karitaszkozpont.hu\/?author=1\"}]}<\/script>\n<!-- \/ Yoast SEO plugin. -->","yoast_head_json":{"title":"141. Karit\u00e1sz Egyperces - Szent Erzs\u00e9bet Karit\u00e1sz K\u00f6zpont","robots":{"index":"index","follow":"follow","max-snippet":"max-snippet:-1","max-image-preview":"max-image-preview:large","max-video-preview":"max-video-preview:-1"},"canonical":"https:\/\/karitaszkozpont.hu\/?p=1456","og_locale":"hu_HU","og_type":"article","og_title":"141. Karit\u00e1sz Egyperces - Szent Erzs\u00e9bet Karit\u00e1sz K\u00f6zpont","og_description":"141. Seg\u00edts\u00fcnk felismerni Istent! \u201eAkik m\u00e9lt\u00f3k r\u00e1, hogy eljussanak a hal\u00e1lb\u00f3l val\u00f3 felt\u00e1mad\u00e1sra, nem halnak meg t\u00f6bb\u00e9:&nbsp;Az angyalokhoz hasonl\u00edtanak, \u00e9s az Istennek a fiai, mert felt\u00e1madtak. Isten nem a holtak\u00e9, hanem az \u00e9l\u0151k\u00e9, hiszen mindenki \u00e9rte \u00e9l&nbsp;(v\u00f6. Lk 20,35. 36. 38.) Kedves Karit\u00e1sz \u00d6nk\u00e9ntesek, Munkat\u00e1rsak, Testv\u00e9rek az \u00darban! Karit\u00e1sz munk\u00e1nk l\u00e1that\u00f3 elemei, az \u00e9lelmiszercsomagok, ruh\u00e1k,&nbsp; &hellip; Continue reading \"141. Karit\u00e1sz Egyperces\"","og_url":"https:\/\/karitaszkozpont.hu\/?p=1456","og_site_name":"Szent Erzs\u00e9bet Karit\u00e1sz K\u00f6zpont","article_published_time":"2021-11-13T11:46:31+00:00","article_modified_time":"2022-01-08T08:49:10+00:00","og_image":[{"width":2300,"height":1528,"url":"https:\/\/karitaszkozpont.hu\/wp-content\/uploads\/2019\/07\/egyperceslogo.jpg","type":"image\/jpeg"}],"author":"Karit\u00e1sz K\u00f6zpont","twitter_card":"summary_large_image","twitter_misc":{"Szerz\u0151:":"Karit\u00e1sz K\u00f6zpont","Becs\u00fclt olvas\u00e1si id\u0151":"4 perc"},"schema":{"@context":"https:\/\/schema.org","@graph":[{"@type":"Article","@id":"https:\/\/karitaszkozpont.hu\/?p=1456#article","isPartOf":{"@id":"https:\/\/karitaszkozpont.hu\/?p=1456"},"author":{"name":"Karit\u00e1sz K\u00f6zpont","@id":"https:\/\/karitaszkozpont.hu\/#\/schema\/person\/0d9c28244c111914ea13bb1248775e57"},"headline":"141. Karit\u00e1sz Egyperces","datePublished":"2021-11-13T11:46:31+00:00","dateModified":"2022-01-08T08:49:10+00:00","mainEntityOfPage":{"@id":"https:\/\/karitaszkozpont.hu\/?p=1456"},"wordCount":1084,"publisher":{"@id":"https:\/\/karitaszkozpont.hu\/#organization"},"articleSection":["Egypercesek"],"inLanguage":"hu"},{"@type":"WebPage","@id":"https:\/\/karitaszkozpont.hu\/?p=1456","url":"https:\/\/karitaszkozpont.hu\/?p=1456","name":"141. Karit\u00e1sz Egyperces - Szent Erzs\u00e9bet Karit\u00e1sz K\u00f6zpont","isPartOf":{"@id":"https:\/\/karitaszkozpont.hu\/#website"},"datePublished":"2021-11-13T11:46:31+00:00","dateModified":"2022-01-08T08:49:10+00:00","breadcrumb":{"@id":"https:\/\/karitaszkozpont.hu\/?p=1456#breadcrumb"},"inLanguage":"hu","potentialAction":[{"@type":"ReadAction","target":["https:\/\/karitaszkozpont.hu\/?p=1456"]}]},{"@type":"BreadcrumbList","@id":"https:\/\/karitaszkozpont.hu\/?p=1456#breadcrumb","itemListElement":[{"@type":"ListItem","position":1,"name":"Kezd\u0151lap","item":"https:\/\/karitaszkozpont.hu\/"},{"@type":"ListItem","position":2,"name":"141. Karit\u00e1sz Egyperces"}]},{"@type":"WebSite","@id":"https:\/\/karitaszkozpont.hu\/#website","url":"https:\/\/karitaszkozpont.hu\/","name":"Szent Erzs\u00e9bet Karit\u00e1sz K\u00f6zpont","description":"Esztergom-Budapesti F\u0151egyh\u00e1zmegye","publisher":{"@id":"https:\/\/karitaszkozpont.hu\/#organization"},"potentialAction":[{"@type":"SearchAction","target":{"@type":"EntryPoint","urlTemplate":"https:\/\/karitaszkozpont.hu\/?s={search_term_string}"},"query-input":"required name=search_term_string"}],"inLanguage":"hu"},{"@type":"Organization","@id":"https:\/\/karitaszkozpont.hu\/#organization","name":"Szent Erzs\u00e9bet Karit\u00e1sz K\u00f6zpont","url":"https:\/\/karitaszkozpont.hu\/","logo":{"@type":"ImageObject","inLanguage":"hu","@id":"https:\/\/karitaszkozpont.hu\/#\/schema\/logo\/image\/","url":"https:\/\/karitaszkp.hu\/wp-content\/uploads\/2019\/06\/cropped-logo-arnyekos-1.png","contentUrl":"https:\/\/karitaszkp.hu\/wp-content\/uploads\/2019\/06\/cropped-logo-arnyekos-1.png","width":240,"height":247,"caption":"Szent Erzs\u00e9bet Karit\u00e1sz K\u00f6zpont"},"image":{"@id":"https:\/\/karitaszkozpont.hu\/#\/schema\/logo\/image\/"}},{"@type":"Person","@id":"https:\/\/karitaszkozpont.hu\/#\/schema\/person\/0d9c28244c111914ea13bb1248775e57","name":"Karit\u00e1sz K\u00f6zpont","image":{"@type":"ImageObject","inLanguage":"hu","@id":"https:\/\/karitaszkozpont.hu\/#\/schema\/person\/image\/","url":"https:\/\/secure.gravatar.com\/avatar\/1274acd7c62f3cac92d2b38aad20c71b?s=96&d=mm&r=g","contentUrl":"https:\/\/secure.gravatar.com\/avatar\/1274acd7c62f3cac92d2b38aad20c71b?s=96&d=mm&r=g","caption":"Karit\u00e1sz K\u00f6zpont"},"url":"https:\/\/karitaszkozpont.hu\/?author=1"}]}},"_links":{"self":[{"href":"https:\/\/karitaszkozpont.hu\/index.php?rest_route=\/wp\/v2\/posts\/1456"}],"collection":[{"href":"https:\/\/karitaszkozpont.hu\/index.php?rest_route=\/wp\/v2\/posts"}],"about":[{"href":"https:\/\/karitaszkozpont.hu\/index.php?rest_route=\/wp\/v2\/types\/post"}],"author":[{"embeddable":true,"href":"https:\/\/karitaszkozpont.hu\/index.php?rest_route=\/wp\/v2\/users\/1"}],"replies":[{"embeddable":true,"href":"https:\/\/karitaszkozpont.hu\/index.php?rest_route=%2Fwp%2Fv2%2Fcomments&post=1456"}],"version-history":[{"count":1,"href":"https:\/\/karitaszkozpont.hu\/index.php?rest_route=\/wp\/v2\/posts\/1456\/revisions"}],"predecessor-version":[{"id":1457,"href":"https:\/\/karitaszkozpont.hu\/index.php?rest_route=\/wp\/v2\/posts\/1456\/revisions\/1457"}],"wp:featuredmedia":[{"embeddable":true,"href":"https:\/\/karitaszkozpont.hu\/index.php?rest_route=\/wp\/v2\/media\/563"}],"wp:attachment":[{"href":"https:\/\/karitaszkozpont.hu\/index.php?rest_route=%2Fwp%2Fv2%2Fmedia&parent=1456"}],"wp:term":[{"taxonomy":"category","embeddable":true,"href":"https:\/\/karitaszkozpont.hu\/index.php?rest_route=%2Fwp%2Fv2%2Fcategories&post=1456"},{"taxonomy":"post_tag","embeddable":true,"href":"https:\/\/karitaszkozpont.hu\/index.php?rest_route=%2Fwp%2Fv2%2Ftags&post=1456"}],"curies":[{"name":"wp","href":"https:\/\/api.w.org\/{rel}","templated":true}]}}