{"id":1389,"date":"2021-11-06T18:30:36","date_gmt":"2021-11-06T16:30:36","guid":{"rendered":"http:\/\/karitaszkp.hu\/?p=1389"},"modified":"2022-01-08T10:49:10","modified_gmt":"2022-01-08T08:49:10","slug":"140-karitasz-egyperces","status":"publish","type":"post","link":"https:\/\/karitaszkozpont.hu\/?p=1389","title":{"rendered":"140. Karit\u00e1sz Egyperces"},"content":{"rendered":"\n<p class=\"has-white-color has-vivid-red-background-color has-text-color has-background has-large-font-size\"><strong>140. Csak Isten tud \u00fcdv\u00f6z\u00edteni<\/strong><\/p>\n\n\n\n<p>Kedves Karit\u00e1sz \u00d6nk\u00e9ntesek, Munkat\u00e1rsak, Testv\u00e9rek az \u00darban!<\/p>\n\n\n\n<p>Isten alapvet\u0151 tulajdons\u00e1gai egyr\u00e9szt, hogy mindenhat\u00f3 (teh\u00e1t minden felett \u00e1ll, minden t\u0151le f\u00fcgg, a semmib\u0151l k\u00e9pes teremteni), m\u00e1sr\u00e9szt, hogy \u00f6r\u00f6kk\u00e9val\u00f3, v\u00e9gtelen (aki mindig volt, van \u00e9s lesz, id\u0151n \u00e9s teren fel\u00fcl \u00e1ll, \u0150 az \u00f6r\u00f6k jelen), harmadr\u00e9szt, hogy egyed\u00fcli (hiszen, ha t\u00f6bb mindenhat\u00f3 lenne, akkor m\u00e1r egym\u00e1st korl\u00e1tozn\u00e1k). Persze, enn\u00e9l sokkal m\u00e9lyebb az Isten tulajdons\u00e1gait, k\u00e9pess\u00e9geit kutat\u00f3 tudom\u00e1ny, a teol\u00f3gia, s\u0151t kimer\u00edthetetlen, emberi \u00e9sszel felfoghatatlan, mert a teremtm\u00e9ny hogyan is \u00e9rne m\u00e9g a k\u00f6zel\u00e9be is a teremt\u0151j\u00e9nek?<\/p>\n\n\n\n<p>Csak annyit tudunk \u00e9s tudhatunk meg Istenr\u0151l, amit \u0150 mag\u00e1r\u00f3l kinyilatkoztat, elmond, megmutat, \u00e9s amennyit mi emberek, akit az \u0150 saj\u00e1t k\u00e9pm\u00e1s\u00e1ra teremtett, Lelke \u00e1ltal bel\u00e9nk helyezett. A Szentl\u00e9lek adott nek\u00fcnk emberi lelket, ami k\u00e9pess\u00e9 tesz minket arra, hogy be tudjuk fogadni Isten titkait olyan m\u00e9rt\u00e9kben, amilyen m\u00e9rt\u00e9kben nek\u00fcnk sz\u00fcks\u00e9g\u00fcnk van r\u00e1, hogy vele kapcsolatban \u00e1lljunk \u00e9s \u0151 adott \u00e9rtelmet, hogy a kinyilatkozat\u00e1sb\u00f3l k\u00f6vetkeztet\u00e9seket is le tudjunk vonni saj\u00e1t \u00e9let\u00fcnk sz\u00e1m\u00e1ra, hogy f\u00fcrk\u00e9szhess\u00fck Isten titkait, keress\u00fck az \u0150 igazs\u00e1g\u00e1t \u00e9s orsz\u00e1g\u00e1t.<\/p>\n\n\n\n<p>A kinyilatkoztat\u00e1s h\u00e1rom r\u00e9szb\u0151l \u00e1ll, a Szent\u00edr\u00e1sb\u00f3l, a egyh\u00e1zi hagyom\u00e1nyb\u00f3l (amit az egyh\u00e1z tan\u00edt\u00f3hivatala hiteles\u00edt) \u00e9s a megtestes\u00fclt Istent\u0151l, a mi Urunk J\u00e9zus Krisztus f\u00f6ldi \u00e9let\u00e9b\u0151l, megv\u00e1lt\u00f3 m\u0171v\u00e9b\u0151l, az emberfia p\u00e9ld\u00e1j\u00e1b\u00f3l. Ez nemhogy el\u00e9g kell legyen nek\u00fcnk, hanem m\u00e9g kimer\u00edthetetlen kincsest\u00e1r is Isten igazs\u00e1ga, kegyelmei, szents\u00e9gei, amelyekben mindannyian r\u00e9szes\u00fclhet\u00fcnk, ha akarunk.&nbsp;<strong>Istennel lenni, Istenben \u00e9lni m\u00e1r most itt a f\u00f6ld\u00f6n a legnagyobb boldogs\u00e1g, hal\u00e1lunk ut\u00e1n pedig az \u00fcdv\u00f6ss\u00e9g.<\/strong>&nbsp;Rajtunk m\u00falik, hogy ezekb\u0151l a kegyelmekb\u0151l akarunk-e t\u00e1pl\u00e1lkozni, abb\u00f3l a ki nem apadhatatlan forr\u00e1sb\u00f3l, az \u00e9let viz\u00e9b\u0151l, ami ut\u00e1n nem lesz\u00fcnk szomjasak. Rajtunk m\u00falik, hogy akarjuk-e, hogy az egyetlen \u00dat, az egyetlen Igazs\u00e1g \u00e9s az egyetlen \u00c9let legyen a mi t\u00e1rsunk, Urunk, minden\u00fcnk.<\/p>\n\n\n\n<p>Ha igen, akkor j\u00f3 \u00faton j\u00e1runk, m\u00e9gha id\u0151nk\u00e9nt csetl\u00fcnk-boltunk is. Ha igen, akkor \u00e9let\u00fcnk p\u00e9ld\u00e1ja m\u00e1soknak is b\u00e1tor\u00edt\u00e1s lesz arra, hogy k\u00f6vess\u00e9k J\u00e9zust. Ha igen, akkor karit\u00e1szosk\u00e9nt az \u00dar nev\u00e9ben j\u00e1rva tessz\u00fck a j\u00f3t, seg\u00edtj\u00fck, vigasztaljuk embert\u00e1rsainkat. Ha az \u00dar nev\u00e9ben \u00e9s vele j\u00e1runk, akkor gy\u00fcm\u00f6lcs\u00f6z\u0151 \u00e9s sikeres lesz a munk\u00e1nk, f\u00fcggetlen\u00fcl att\u00f3l, hogy abb\u00f3l mi magunk mit tapasztalunk meg. A J\u00f3 Isten m\u00e9g meg is jutalmaz azzal, hogy n\u00e9ha van m\u00f3dunk megl\u00e1tni f\u00e1radoz\u00e1sunk eredm\u00e9ny\u00e9t, de azzal is, hogy k\u00f6z\u00f6ss\u00e9gben v\u00e9gezhetj\u00fck ezt a szent k\u00fcldet\u00e9st, a karit\u00e1sz szolg\u00e1latot.<\/p>\n\n\n\n<p>Mert a szolg\u00e1latunk szent k\u00fcldet\u00e9st, hiszen a Szent nev\u00e9ben \u00e9s megb\u00edz\u00e1s\u00e1val, az egyh\u00e1z felhatalmaz\u00e1s\u00e1val v\u00e9gezz\u00fck ezt. A k\u00fcldet\u00e9s szent, amiben mi is a szents\u00e9g \u00fatj\u00e1ra kell l\u00e9pj\u00fcnk \u00e9s abban meg is kell maradnunk h\u0171s\u00e9gesen. Neh\u00e9z feladat \u00e9s v\u00e1llal\u00e1s ez \u00e9s az \u0150 seg\u00edts\u00e9ge n\u00e9lk\u00fcl nem tudjuk sem teljes\u00edteni, sem pedig megmaradni a h\u0171s\u00e9gben.<\/p>\n\n\n\n<p><strong>R\u00e1nk k\u00fcl\u00f6n\u00f6sen vonatkozik, hogy menn\u00e9l t\u00f6bbetet kaptunk \u00e9s v\u00e1llaltunk, ann\u00e1l nagyobb ez a felel\u0151ss\u00e9g.<\/strong>&nbsp;Vigy\u00e1zzunk, nehogy megszegj\u00fck a b\u00e9k\u00e9t, a szeretetegys\u00e9get, nehogy rossz f\u00e9nyt vess\u00fcnk az egyh\u00e1zra \u00e9s annak fej\u00e9re az \u00darra! Nehogy b\u00e1rkit is megbotr\u00e1nkoztassunk! Mi ugyan nem vagyunk j\u00f3k, amert j\u00f3 csak az Isten, de t\u00f6reksz\u00fcnk a j\u00f3ra, amire \u00e9ppen a legf\u0151bb J\u00f3 h\u00edvott minket. A mi j\u00f3tetteink aktiv\u00e1lj\u00e1k a r\u00e1szorul\u00f3k bels\u0151, olykor lappang\u00f3 hit\u00e9t, mert&nbsp;<strong>amikor adunk, akkor arr\u00f3l tesz\u00fcnk tan\u00fas\u00e1got, hogy Isten szereti az embert \u00e9s gondoskodik r\u00f3la.<\/strong><\/p>\n\n\n\n<p>Mi is, \u00e9s azok is akiket seg\u00edt\u00fcnk, r\u00e1szorulunk Isten seg\u00edts\u00e9g\u00e9re, mindenki m\u00e1s-m\u00e1s m\u00f3don, m\u00e1s-m\u00e1s m\u00e9rt\u00e9kben. Mi is gyarl\u00f3k, \u00e9s b\u0171n\u00f6s\u00f6k vagyunk, de a J\u00f3 Isten \u00e9ppen ebb\u0151l t\u00e1maszt sz\u00e1munkra lehet\u0151s\u00e9get a meg\u00fajul\u00e1sra. A II: sz\u00e1zadi ismeretlen szerz\u0151 \u00edgy tan\u00edt minket, vegy\u00fck magunkra:&nbsp;<em>\u201eA Szent\u00edr\u00e1s egy m\u00e1sik helyen \u00edgy sz\u00f3l:&nbsp;Nem az\u00e9rt j\u00f6ttem, hogy az igazakat h\u00edvjam, hanem a b\u0171n\u00f6s\u00f6ket (Mt 9,13). Ezzel azt mondja, hogy meg kell menteni az elveszetteket. \u00c9pp ez a nagyszer\u0171 \u00e9s csod\u00e1latos: meger\u0151s\u00edteni nem azt, ami \u00e1ll, hanem azt, ami elbukik. \u00cdgy Krisztus is az elveszetteket akarta megmenteni, s\u0151t sokakat meg is mentett, amikor elj\u00f6tt, \u00e9s megh\u00edvta az elveszett embereket, k\u00f6zt\u00fck minket is.\u201d<\/em><\/p>\n\n\n\n<p>Hirdet\u00e9sek:<\/p>\n\n\n\n<p>\u00b7&nbsp;&nbsp;&nbsp;&nbsp;&nbsp;&nbsp;&nbsp;&nbsp;&nbsp;A k\u00f6vetkez\u0151 karit\u00e1sz m\u0171sorunk a M\u00e1ria R\u00e1di\u00f3ban november 10-\u00e9n szerd\u00e1n 10.50 \u00f3rakor kezd\u0151dik.<\/p>\n\n\n\n<p>\u00b7&nbsp;&nbsp;&nbsp;&nbsp;&nbsp;&nbsp;&nbsp;&nbsp;&nbsp;Kor\u00e1bbi m\u0171soraink itt hallgathat\u00f3k meg:&nbsp;<a href=\"https:\/\/www.mariaradio.hu\/musor\/4814\/Tevekeny_Szeretet\" target=\"_blank\" rel=\"noreferrer noopener\">https:\/\/www.mariaradio.hu\/musor\/4814\/Tevekeny_Szeretet<\/a><\/p>\n\n\n\n<p>\u00b7&nbsp;&nbsp;&nbsp;&nbsp;&nbsp;&nbsp;&nbsp;&nbsp;&nbsp;Felh\u00edvom mindenki figyelm\u00e9t, hogy a facebook- \u00e9s weboldalunkon folyamatosan friss\u00fclnek a h\u00edreink.&nbsp;<a href=\"http:\/\/www.karitaszkp.hu\/\" target=\"_blank\" rel=\"noreferrer noopener\">www.karitaszkp.hu<\/a>&nbsp;,&nbsp;<a href=\"https:\/\/www.facebook.com\/szenterzsebetkaritaszkozpont\" target=\"_blank\" rel=\"noreferrer noopener\">Esztergom-Budapesti F\u0151egyh\u00e1zmegye Szent Erzs\u00e9bet Karit\u00e1sz K\u00f6zpont | Facebook<\/a><\/p>\n\n\n\n<p>\u00b7&nbsp;&nbsp;&nbsp;&nbsp;&nbsp;&nbsp;&nbsp;&nbsp;&nbsp;A Szent Erzs\u00e9bet Karit\u00e1sz K\u00f6zpont k\u00e9r\u00e9s\u00e9re f\u0151tisztelend\u0151 Feldhoffer Antal pl\u00e9b\u00e1nos atya minden els\u0151 h\u00e9tf\u0151n 15.30-kor karit\u00e1sz szentmis\u00e9t mutat be a 1035 Budapest, III. ker. K\u00f3rh\u00e1z u. 37. sz\u00e1m alatti Szent J\u00f3zsef templomban. Misesz\u00e1nd\u00e9k: \u00e9l\u0151 \u00e9s elhunyt karit\u00e1szosok\u00e9rt. A k\u00f6vetkez\u0151 alkalom november 8-\u00e1n lesz. (mivel november 1. f\u0151\u00fcnnep \u00e9s h\u00e9tf\u0151, \u00edgy azt k\u00e9rj\u00fck, hogy minkebki a saj\u00e1t templom\u00e1ba, k\u00f6z\u00f6ss\u00e9g\u00e9be menjen \u00fcnnepelni).<\/p>\n\n\n\n<p>Csorba G\u00e1bor<\/p>\n\n\n\n<p>\u00e1lland\u00f3 diak\u00f3nus, karit\u00e1sz igazgat\u00f3<\/p>\n\n\n\n<p>Esztergom-Budapesti F\u0151egyh\u00e1zmegye<\/p>\n\n\n\n<p>Szent Erzs\u00e9bet Karit\u00e1sz K\u00f6zpont<\/p>\n\n\n\n<p class=\"has-background\" style=\"background-color:#cacaca\">Iroda:&nbsp;<a href=\"https:\/\/www.google.com\/maps\/search\/1035+Budapest,+K%C3%B3rh%C3%A1z+utca+37?entry=gmail&amp;source=g\">1035 Budapest, K\u00f3rh\u00e1z utca 37<\/a>.<\/p>\n\n\n\n<p class=\"has-background\" style=\"background-color:#cacaca\">Telefon: +36-1-351-1977<\/p>\n\n\n\n<p class=\"has-background\" style=\"background-color:#cacaca\">Mobil: +36-30-592-1483<\/p>\n\n\n\n<p class=\"has-background\" style=\"background-color:#cacaca\">E-mail:&nbsp;<a href=\"mailto:szenterzsebet@karitaszkozpont.hu\" target=\"_blank\" rel=\"noreferrer noopener\">szenterzsebet@karitaszkozpont.hu<\/a><\/p>\n\n\n\n<p class=\"has-background\" style=\"background-color:#cacaca\">Honlap:&nbsp;<a href=\"http:\/\/www.karitaszkp.hu\/\" target=\"_blank\" rel=\"noreferrer noopener\">www.karitaszkp.hu<\/a><\/p>\n\n\n\n<p class=\"has-background\" style=\"background-color:#cacaca\">A kor\u00e1bbi egypercesek itt \u00e9rhet\u0151k el:&nbsp;<a href=\"https:\/\/karitaszegypercesek.blogspot.com\/\" target=\"_blank\" rel=\"noreferrer noopener\">https:\/\/karitaszegypercesek.blogspot.com\/<\/a><\/p>\n","protected":false},"excerpt":{"rendered":"<p>140. Csak Isten tud \u00fcdv\u00f6z\u00edteni Kedves Karit\u00e1sz \u00d6nk\u00e9ntesek, Munkat\u00e1rsak, Testv\u00e9rek az \u00darban! Isten alapvet\u0151 tulajdons\u00e1gai egyr\u00e9szt, hogy mindenhat\u00f3 (teh\u00e1t minden felett \u00e1ll, minden t\u0151le f\u00fcgg, a semmib\u0151l k\u00e9pes teremteni), m\u00e1sr\u00e9szt, hogy \u00f6r\u00f6kk\u00e9val\u00f3, v\u00e9gtelen (aki mindig volt, van \u00e9s lesz, id\u0151n \u00e9s teren fel\u00fcl \u00e1ll, \u0150 az \u00f6r\u00f6k jelen), harmadr\u00e9szt, hogy egyed\u00fcli (hiszen, ha t\u00f6bb mindenhat\u00f3 &hellip; <\/p>\n<p class=\"link-more\"><a href=\"https:\/\/karitaszkozpont.hu\/?p=1389\" class=\"more-link\">Continue reading<span class=\"screen-reader-text\"> &#8222;140. Karit\u00e1sz Egyperces&#8221;<\/span><\/a><\/p>\n","protected":false},"author":1,"featured_media":563,"comment_status":"closed","ping_status":"closed","sticky":false,"template":"","format":"standard","meta":[],"categories":[8],"tags":[],"yoast_head":"<!-- This site is optimized with the Yoast SEO plugin v20.1 - https:\/\/yoast.com\/wordpress\/plugins\/seo\/ -->\n<title>140. Karit\u00e1sz Egyperces - Szent Erzs\u00e9bet Karit\u00e1sz K\u00f6zpont<\/title>\n<meta name=\"robots\" content=\"index, follow, max-snippet:-1, max-image-preview:large, max-video-preview:-1\" \/>\n<link rel=\"canonical\" href=\"https:\/\/karitaszkozpont.hu\/?p=1389\" \/>\n<meta property=\"og:locale\" content=\"hu_HU\" \/>\n<meta property=\"og:type\" content=\"article\" \/>\n<meta property=\"og:title\" content=\"140. Karit\u00e1sz Egyperces - Szent Erzs\u00e9bet Karit\u00e1sz K\u00f6zpont\" \/>\n<meta property=\"og:description\" content=\"140. Csak Isten tud \u00fcdv\u00f6z\u00edteni Kedves Karit\u00e1sz \u00d6nk\u00e9ntesek, Munkat\u00e1rsak, Testv\u00e9rek az \u00darban! Isten alapvet\u0151 tulajdons\u00e1gai egyr\u00e9szt, hogy mindenhat\u00f3 (teh\u00e1t minden felett \u00e1ll, minden t\u0151le f\u00fcgg, a semmib\u0151l k\u00e9pes teremteni), m\u00e1sr\u00e9szt, hogy \u00f6r\u00f6kk\u00e9val\u00f3, v\u00e9gtelen (aki mindig volt, van \u00e9s lesz, id\u0151n \u00e9s teren fel\u00fcl \u00e1ll, \u0150 az \u00f6r\u00f6k jelen), harmadr\u00e9szt, hogy egyed\u00fcli (hiszen, ha t\u00f6bb mindenhat\u00f3 &hellip; Continue reading &quot;140. Karit\u00e1sz Egyperces&quot;\" \/>\n<meta property=\"og:url\" content=\"https:\/\/karitaszkozpont.hu\/?p=1389\" \/>\n<meta property=\"og:site_name\" content=\"Szent Erzs\u00e9bet Karit\u00e1sz K\u00f6zpont\" \/>\n<meta property=\"article:published_time\" content=\"2021-11-06T16:30:36+00:00\" \/>\n<meta property=\"article:modified_time\" content=\"2022-01-08T08:49:10+00:00\" \/>\n<meta property=\"og:image\" content=\"https:\/\/karitaszkozpont.hu\/wp-content\/uploads\/2019\/07\/egyperceslogo.jpg\" \/>\n\t<meta property=\"og:image:width\" content=\"2300\" \/>\n\t<meta property=\"og:image:height\" content=\"1528\" \/>\n\t<meta property=\"og:image:type\" content=\"image\/jpeg\" \/>\n<meta name=\"author\" content=\"Karit\u00e1sz K\u00f6zpont\" \/>\n<meta name=\"twitter:card\" content=\"summary_large_image\" \/>\n<meta name=\"twitter:label1\" content=\"Szerz\u0151:\" \/>\n\t<meta name=\"twitter:data1\" content=\"Karit\u00e1sz K\u00f6zpont\" \/>\n\t<meta name=\"twitter:label2\" content=\"Becs\u00fclt olvas\u00e1si id\u0151\" \/>\n\t<meta name=\"twitter:data2\" content=\"4 perc\" \/>\n<script type=\"application\/ld+json\" class=\"yoast-schema-graph\">{\"@context\":\"https:\/\/schema.org\",\"@graph\":[{\"@type\":\"Article\",\"@id\":\"https:\/\/karitaszkozpont.hu\/?p=1389#article\",\"isPartOf\":{\"@id\":\"https:\/\/karitaszkozpont.hu\/?p=1389\"},\"author\":{\"name\":\"Karit\u00e1sz K\u00f6zpont\",\"@id\":\"https:\/\/karitaszkozpont.hu\/#\/schema\/person\/0d9c28244c111914ea13bb1248775e57\"},\"headline\":\"140. Karit\u00e1sz Egyperces\",\"datePublished\":\"2021-11-06T16:30:36+00:00\",\"dateModified\":\"2022-01-08T08:49:10+00:00\",\"mainEntityOfPage\":{\"@id\":\"https:\/\/karitaszkozpont.hu\/?p=1389\"},\"wordCount\":1173,\"publisher\":{\"@id\":\"https:\/\/karitaszkozpont.hu\/#organization\"},\"articleSection\":[\"Egypercesek\"],\"inLanguage\":\"hu\"},{\"@type\":\"WebPage\",\"@id\":\"https:\/\/karitaszkozpont.hu\/?p=1389\",\"url\":\"https:\/\/karitaszkozpont.hu\/?p=1389\",\"name\":\"140. Karit\u00e1sz Egyperces - Szent Erzs\u00e9bet Karit\u00e1sz K\u00f6zpont\",\"isPartOf\":{\"@id\":\"https:\/\/karitaszkozpont.hu\/#website\"},\"datePublished\":\"2021-11-06T16:30:36+00:00\",\"dateModified\":\"2022-01-08T08:49:10+00:00\",\"breadcrumb\":{\"@id\":\"https:\/\/karitaszkozpont.hu\/?p=1389#breadcrumb\"},\"inLanguage\":\"hu\",\"potentialAction\":[{\"@type\":\"ReadAction\",\"target\":[\"https:\/\/karitaszkozpont.hu\/?p=1389\"]}]},{\"@type\":\"BreadcrumbList\",\"@id\":\"https:\/\/karitaszkozpont.hu\/?p=1389#breadcrumb\",\"itemListElement\":[{\"@type\":\"ListItem\",\"position\":1,\"name\":\"Kezd\u0151lap\",\"item\":\"https:\/\/karitaszkozpont.hu\/\"},{\"@type\":\"ListItem\",\"position\":2,\"name\":\"140. Karit\u00e1sz Egyperces\"}]},{\"@type\":\"WebSite\",\"@id\":\"https:\/\/karitaszkozpont.hu\/#website\",\"url\":\"https:\/\/karitaszkozpont.hu\/\",\"name\":\"Szent Erzs\u00e9bet Karit\u00e1sz K\u00f6zpont\",\"description\":\"Esztergom-Budapesti F\u0151egyh\u00e1zmegye\",\"publisher\":{\"@id\":\"https:\/\/karitaszkozpont.hu\/#organization\"},\"potentialAction\":[{\"@type\":\"SearchAction\",\"target\":{\"@type\":\"EntryPoint\",\"urlTemplate\":\"https:\/\/karitaszkozpont.hu\/?s={search_term_string}\"},\"query-input\":\"required name=search_term_string\"}],\"inLanguage\":\"hu\"},{\"@type\":\"Organization\",\"@id\":\"https:\/\/karitaszkozpont.hu\/#organization\",\"name\":\"Szent Erzs\u00e9bet Karit\u00e1sz K\u00f6zpont\",\"url\":\"https:\/\/karitaszkozpont.hu\/\",\"logo\":{\"@type\":\"ImageObject\",\"inLanguage\":\"hu\",\"@id\":\"https:\/\/karitaszkozpont.hu\/#\/schema\/logo\/image\/\",\"url\":\"https:\/\/karitaszkp.hu\/wp-content\/uploads\/2019\/06\/cropped-logo-arnyekos-1.png\",\"contentUrl\":\"https:\/\/karitaszkp.hu\/wp-content\/uploads\/2019\/06\/cropped-logo-arnyekos-1.png\",\"width\":240,\"height\":247,\"caption\":\"Szent Erzs\u00e9bet Karit\u00e1sz K\u00f6zpont\"},\"image\":{\"@id\":\"https:\/\/karitaszkozpont.hu\/#\/schema\/logo\/image\/\"}},{\"@type\":\"Person\",\"@id\":\"https:\/\/karitaszkozpont.hu\/#\/schema\/person\/0d9c28244c111914ea13bb1248775e57\",\"name\":\"Karit\u00e1sz K\u00f6zpont\",\"image\":{\"@type\":\"ImageObject\",\"inLanguage\":\"hu\",\"@id\":\"https:\/\/karitaszkozpont.hu\/#\/schema\/person\/image\/\",\"url\":\"https:\/\/secure.gravatar.com\/avatar\/1274acd7c62f3cac92d2b38aad20c71b?s=96&d=mm&r=g\",\"contentUrl\":\"https:\/\/secure.gravatar.com\/avatar\/1274acd7c62f3cac92d2b38aad20c71b?s=96&d=mm&r=g\",\"caption\":\"Karit\u00e1sz K\u00f6zpont\"},\"url\":\"https:\/\/karitaszkozpont.hu\/?author=1\"}]}<\/script>\n<!-- \/ Yoast SEO plugin. -->","yoast_head_json":{"title":"140. Karit\u00e1sz Egyperces - Szent Erzs\u00e9bet Karit\u00e1sz K\u00f6zpont","robots":{"index":"index","follow":"follow","max-snippet":"max-snippet:-1","max-image-preview":"max-image-preview:large","max-video-preview":"max-video-preview:-1"},"canonical":"https:\/\/karitaszkozpont.hu\/?p=1389","og_locale":"hu_HU","og_type":"article","og_title":"140. Karit\u00e1sz Egyperces - Szent Erzs\u00e9bet Karit\u00e1sz K\u00f6zpont","og_description":"140. Csak Isten tud \u00fcdv\u00f6z\u00edteni Kedves Karit\u00e1sz \u00d6nk\u00e9ntesek, Munkat\u00e1rsak, Testv\u00e9rek az \u00darban! Isten alapvet\u0151 tulajdons\u00e1gai egyr\u00e9szt, hogy mindenhat\u00f3 (teh\u00e1t minden felett \u00e1ll, minden t\u0151le f\u00fcgg, a semmib\u0151l k\u00e9pes teremteni), m\u00e1sr\u00e9szt, hogy \u00f6r\u00f6kk\u00e9val\u00f3, v\u00e9gtelen (aki mindig volt, van \u00e9s lesz, id\u0151n \u00e9s teren fel\u00fcl \u00e1ll, \u0150 az \u00f6r\u00f6k jelen), harmadr\u00e9szt, hogy egyed\u00fcli (hiszen, ha t\u00f6bb mindenhat\u00f3 &hellip; Continue reading \"140. Karit\u00e1sz Egyperces\"","og_url":"https:\/\/karitaszkozpont.hu\/?p=1389","og_site_name":"Szent Erzs\u00e9bet Karit\u00e1sz K\u00f6zpont","article_published_time":"2021-11-06T16:30:36+00:00","article_modified_time":"2022-01-08T08:49:10+00:00","og_image":[{"width":2300,"height":1528,"url":"https:\/\/karitaszkozpont.hu\/wp-content\/uploads\/2019\/07\/egyperceslogo.jpg","type":"image\/jpeg"}],"author":"Karit\u00e1sz K\u00f6zpont","twitter_card":"summary_large_image","twitter_misc":{"Szerz\u0151:":"Karit\u00e1sz K\u00f6zpont","Becs\u00fclt olvas\u00e1si id\u0151":"4 perc"},"schema":{"@context":"https:\/\/schema.org","@graph":[{"@type":"Article","@id":"https:\/\/karitaszkozpont.hu\/?p=1389#article","isPartOf":{"@id":"https:\/\/karitaszkozpont.hu\/?p=1389"},"author":{"name":"Karit\u00e1sz K\u00f6zpont","@id":"https:\/\/karitaszkozpont.hu\/#\/schema\/person\/0d9c28244c111914ea13bb1248775e57"},"headline":"140. Karit\u00e1sz Egyperces","datePublished":"2021-11-06T16:30:36+00:00","dateModified":"2022-01-08T08:49:10+00:00","mainEntityOfPage":{"@id":"https:\/\/karitaszkozpont.hu\/?p=1389"},"wordCount":1173,"publisher":{"@id":"https:\/\/karitaszkozpont.hu\/#organization"},"articleSection":["Egypercesek"],"inLanguage":"hu"},{"@type":"WebPage","@id":"https:\/\/karitaszkozpont.hu\/?p=1389","url":"https:\/\/karitaszkozpont.hu\/?p=1389","name":"140. Karit\u00e1sz Egyperces - Szent Erzs\u00e9bet Karit\u00e1sz K\u00f6zpont","isPartOf":{"@id":"https:\/\/karitaszkozpont.hu\/#website"},"datePublished":"2021-11-06T16:30:36+00:00","dateModified":"2022-01-08T08:49:10+00:00","breadcrumb":{"@id":"https:\/\/karitaszkozpont.hu\/?p=1389#breadcrumb"},"inLanguage":"hu","potentialAction":[{"@type":"ReadAction","target":["https:\/\/karitaszkozpont.hu\/?p=1389"]}]},{"@type":"BreadcrumbList","@id":"https:\/\/karitaszkozpont.hu\/?p=1389#breadcrumb","itemListElement":[{"@type":"ListItem","position":1,"name":"Kezd\u0151lap","item":"https:\/\/karitaszkozpont.hu\/"},{"@type":"ListItem","position":2,"name":"140. Karit\u00e1sz Egyperces"}]},{"@type":"WebSite","@id":"https:\/\/karitaszkozpont.hu\/#website","url":"https:\/\/karitaszkozpont.hu\/","name":"Szent Erzs\u00e9bet Karit\u00e1sz K\u00f6zpont","description":"Esztergom-Budapesti F\u0151egyh\u00e1zmegye","publisher":{"@id":"https:\/\/karitaszkozpont.hu\/#organization"},"potentialAction":[{"@type":"SearchAction","target":{"@type":"EntryPoint","urlTemplate":"https:\/\/karitaszkozpont.hu\/?s={search_term_string}"},"query-input":"required name=search_term_string"}],"inLanguage":"hu"},{"@type":"Organization","@id":"https:\/\/karitaszkozpont.hu\/#organization","name":"Szent Erzs\u00e9bet Karit\u00e1sz K\u00f6zpont","url":"https:\/\/karitaszkozpont.hu\/","logo":{"@type":"ImageObject","inLanguage":"hu","@id":"https:\/\/karitaszkozpont.hu\/#\/schema\/logo\/image\/","url":"https:\/\/karitaszkp.hu\/wp-content\/uploads\/2019\/06\/cropped-logo-arnyekos-1.png","contentUrl":"https:\/\/karitaszkp.hu\/wp-content\/uploads\/2019\/06\/cropped-logo-arnyekos-1.png","width":240,"height":247,"caption":"Szent Erzs\u00e9bet Karit\u00e1sz K\u00f6zpont"},"image":{"@id":"https:\/\/karitaszkozpont.hu\/#\/schema\/logo\/image\/"}},{"@type":"Person","@id":"https:\/\/karitaszkozpont.hu\/#\/schema\/person\/0d9c28244c111914ea13bb1248775e57","name":"Karit\u00e1sz K\u00f6zpont","image":{"@type":"ImageObject","inLanguage":"hu","@id":"https:\/\/karitaszkozpont.hu\/#\/schema\/person\/image\/","url":"https:\/\/secure.gravatar.com\/avatar\/1274acd7c62f3cac92d2b38aad20c71b?s=96&d=mm&r=g","contentUrl":"https:\/\/secure.gravatar.com\/avatar\/1274acd7c62f3cac92d2b38aad20c71b?s=96&d=mm&r=g","caption":"Karit\u00e1sz K\u00f6zpont"},"url":"https:\/\/karitaszkozpont.hu\/?author=1"}]}},"_links":{"self":[{"href":"https:\/\/karitaszkozpont.hu\/index.php?rest_route=\/wp\/v2\/posts\/1389"}],"collection":[{"href":"https:\/\/karitaszkozpont.hu\/index.php?rest_route=\/wp\/v2\/posts"}],"about":[{"href":"https:\/\/karitaszkozpont.hu\/index.php?rest_route=\/wp\/v2\/types\/post"}],"author":[{"embeddable":true,"href":"https:\/\/karitaszkozpont.hu\/index.php?rest_route=\/wp\/v2\/users\/1"}],"replies":[{"embeddable":true,"href":"https:\/\/karitaszkozpont.hu\/index.php?rest_route=%2Fwp%2Fv2%2Fcomments&post=1389"}],"version-history":[{"count":1,"href":"https:\/\/karitaszkozpont.hu\/index.php?rest_route=\/wp\/v2\/posts\/1389\/revisions"}],"predecessor-version":[{"id":1390,"href":"https:\/\/karitaszkozpont.hu\/index.php?rest_route=\/wp\/v2\/posts\/1389\/revisions\/1390"}],"wp:featuredmedia":[{"embeddable":true,"href":"https:\/\/karitaszkozpont.hu\/index.php?rest_route=\/wp\/v2\/media\/563"}],"wp:attachment":[{"href":"https:\/\/karitaszkozpont.hu\/index.php?rest_route=%2Fwp%2Fv2%2Fmedia&parent=1389"}],"wp:term":[{"taxonomy":"category","embeddable":true,"href":"https:\/\/karitaszkozpont.hu\/index.php?rest_route=%2Fwp%2Fv2%2Fcategories&post=1389"},{"taxonomy":"post_tag","embeddable":true,"href":"https:\/\/karitaszkozpont.hu\/index.php?rest_route=%2Fwp%2Fv2%2Ftags&post=1389"}],"curies":[{"name":"wp","href":"https:\/\/api.w.org\/{rel}","templated":true}]}}