{"id":1380,"date":"2021-11-01T18:39:04","date_gmt":"2021-11-01T16:39:04","guid":{"rendered":"http:\/\/karitaszkp.hu\/?p=1380"},"modified":"2022-01-08T10:49:10","modified_gmt":"2022-01-08T08:49:10","slug":"139-karitasz-egyperces","status":"publish","type":"post","link":"https:\/\/karitaszkozpont.hu\/?p=1380","title":{"rendered":"139. Karit\u00e1sz Egyperces"},"content":{"rendered":"\n<p class=\"has-white-color has-vivid-red-background-color has-text-color has-background has-large-font-size\"><strong>139. Mindenszentek \u00fcnnepe \u00e9s halottak napja<\/strong><\/p>\n\n\n\n<p class=\"has-background\" style=\"background-color:#cacaca\"><em>\u201eMindenhat\u00f3, \u00f6r\u00f6k Isten, te megadtad, hogy egy napon \u00fcnnepelj\u00fck minden szented dics\u0151s\u00e9g\u00e9t. K\u00e9r\u00fcnk, hogy sokszoros k\u00f6zbenj\u00e1r\u00e1sukra b\u0151ven \u00e1raszd re\u00e1nk nagy irgalmadat.\u201d&nbsp;&nbsp;(Mindenszentek \u00fcnnepi kollekta k\u00f6ny\u00f6rg\u00e9se)<\/em><\/p>\n\n\n\n<p>Kedves Karit\u00e1sz \u00d6nk\u00e9ntesek, Munkat\u00e1rsak, Testv\u00e9rek az \u00darban!<\/p>\n\n\n\n<p>Kegyelmekben gazdag h\u00e9tv\u00e9ge el\u00e9 n\u00e9z\u00fcnk. November 1-\u00e9n \u00fcnnepelj\u00fck a c\u00e9lba \u00e9rkezett embert\u00e1rsainkat, azokat is, akiket az egyh\u00e1z nem neves\u00edtett szentk\u00e9nt, nem kanoniz\u00e1lt. El\u0151deink, akik nem elmentek, hanem el\u0151re mentek oda, ahov\u00e1 sz\u00edv\u00fcnk m\u00e9ly\u00e9n, mi is v\u00e1gyunk. Oda, ahol \u0151k m\u00e1r b\u00e9k\u00e9ben vannak, a Mennyorsz\u00e1gban, ahol Isten minden mindenben, ahol az \u00f6r\u00f6k vil\u00e1goss\u00e1g f\u00e9nyeskedik, ahol Isten let\u00f6r\u00f6lt arcukr\u00f3l minden k\u00f6nnyet. Sorolhatn\u00e1nk m\u00e9g a szent\u00edr\u00e1si k\u00e9peket \u00e9let\u00fcnk c\u00e9lj\u00e1r\u00f3l, beteljesed\u00e9s\u00e9r\u0151l \u2013 \u00e9s nem a v\u00e9g\u00e9r\u0151l.<\/p>\n\n\n\n<p>Hiba \u00e9s hit\u00fcnk t\u00e9ved\u00e9se lenne azt gondolnunk, hogy f\u00f6ldi \u00e9let\u00fcnk a minden. Szent P\u00e1l \u00edgy fogalmaz<em>: \u201eHa teh\u00e1t Krisztusr\u00f3l az hirdetj\u00fck, hogy a halottak k\u00f6z\u00fcl felt\u00e1madt, hogyan mondj\u00e1k egyesek k\u00f6z\u00fcletek, hogy nincs halottak felt\u00e1mad\u00e1sa? Mert ha nincs halottak felt\u00e1mad\u00e1sa, akkor Krisztus sem t\u00e1madt fel! Ha pedig Krisztus nem t\u00e1madt fel, akkor hi\u00e1baval\u00f3 a mi igehirdet\u00e9s\u00fcnk, \u00e9s hi\u00e1baval\u00f3 a ti hitetek is. Ha pedig Krisztus nem t\u00e1madt fel, hi\u00e1baval\u00f3 a ti hitetek, \u00e9s m\u00e9g mindig b\u0171neitekben vagytok. S\u0151t, akkor azok is, akik Krisztusban elszender\u00fcltek, elvesztek.&nbsp;<strong>Ha csak ebben az \u00e9letben rem\u00e9nyked\u00fcnk Krisztusban, nyomorultabbak vagyunk minden m\u00e1s embern\u00e9l.<\/strong>\u201d (1 Kor 15,12-19)<\/em><\/p>\n\n\n\n<p>\u00c9let\u00fcnk kulcsk\u00e9rd\u00e9se teh\u00e1t, hogy hisz\u00fcnk-e a test\u00fcnk felt\u00e1mad\u00e1s\u00e1ban \u00e9s az \u00f6r\u00f6k \u00e9letben vagy sem. Ez\u00e9rt szerepel a hitvall\u00e1sunkban ez a mondatr\u00e9sz is. Ha nem hissz\u00fck, ha nem b\u00edzunk Isten \u00edg\u00e9ret\u00e9ben, a szent\u00edr\u00e1sban, az egyh\u00e1z tan\u00edt\u00e1s\u00e1ban, akkor m\u00e9g nem tal\u00e1ltunk r\u00e1 az Igazs\u00e1gra, J\u00e9zusra. Viszont az, hogy f\u00e9l\u00fcnk a hal\u00e1lt\u00f3l, legt\u00f6bbsz\u00f6r nem a hitetlens\u00e9g\u00fcnkb\u0151l, hanem emberi gyarl\u00f3s\u00e1gunkb\u00f3l ad\u00f3dik. Sok oka van ennek, de legink\u00e1bb az, hogy \u00e9rezz\u00fck, hogy nem vagyunk m\u00e9lt\u00f3k Isten dics\u0151s\u00e9g\u00e9nek k\u00f6zvetlen r\u00e9szese lenni, mert lelkiismeret\u00fcnk v\u00e1dol, mert \u00e9rezz\u00fck, hogy nem tudunk tiszt\u00e1n, megosztotts\u00e1g n\u00e9lk\u00fcl szeretni, b\u0171n\u00f6s\u00f6kk\u00e9nt r\u00e1szorulunk Isten irgalm\u00e1ra, bocs\u00e1nat\u00e1ra.<\/p>\n\n\n\n<p>A c\u00e9lba \u00e9rkezett szentek seg\u00edthetnek minket p\u00e9ld\u00e1jukkal, k\u00f6zbenj\u00e1r\u00e1sukkal zar\u00e1ndok\u00fatunkon. Az egyh\u00e1z b\u0151s\u00e9ges kegyelmi kincsei rendelkez\u00e9s\u00fcnkre \u00e1llnak a b\u0171nbocs\u00e1nat szents\u00e9g\u00e9t\u0151l, a szent\u00e1ldoz\u00e1son \u00e1t a b\u00facs\u00faig. Haszn\u00e1ljuk ezeket mind! J\u00e9zus maga is b\u00edztat erre minket.&nbsp;<em>\u201eMenn\u00e9l t\u00f6bbet k\u00e9r\u00fcnk, ann\u00e1l t\u00f6bbet kapunk\u201d (Szeretetl\u00e1ng napl\u00f3)<\/em>.<\/p>\n\n\n\n<p>November 2-\u00e1n, halottak napj\u00e1n pedig megeml\u00e9kez\u00fcnk azokr\u00f3l, akik m\u00e9g a tisztul\u00e1s f\u00e1zis\u00e1ban vannak. J\u00e9zus \u00edgy sz\u00f3 r\u00f3luk az irgalmass\u00e1g kilenced\u00e9ben:&nbsp;<em>\u201eNagyon szeretem ezeket a lelkeket. Igazs\u00e1gomnak ny\u00fajtanak el\u00e9gt\u00e9telt.\u201d<\/em>&nbsp;Mi a legt\u00f6bbet a tiszt\u00edt\u00f3t\u0171zben szenved\u0151k\u00e9rt \u00fagy seg\u00edthet\u00fcnk, hogy teljes b\u00facs\u00fat k\u00e9r\u00fcnk sz\u00e1mukra \u2013 ezzel kiszabadulhatnak \u00e9s bemehetnek a szentek k\u00f6z\u00f6ss\u00e9g\u00e9be, a Mennyorsz\u00e1gba. A teljes b\u00facs\u00faval magunkon is seg\u00edt\u00fcnk, mert a felt\u00e9tele, a kegyelmi \u00e1llapotban val\u00f3 l\u00e9t\u00fcnk, a szentgy\u00f3n\u00e1s, a szent\u00e1ldoz\u00e1s, nek\u00fcnk is, rajtunk is seg\u00edt. Az irgalmass\u00e1g lelki cselekedeteit, a testi cselekedetei mellett, v\u00e9gezz\u00fck tov\u00e1bbra buzg\u00f3 hittel, rem\u00e9nnyel, szeretettel karit\u00e1szosk\u00e9nt, kereszt\u00e9ny katolikusk\u00e9nt, h\u00edv\u00f3, j\u00f3akarat\u00fa emberk\u00e9nt! Egykor majd \u00e9rt\u00fcnk is fognak ut\u00f3daink im\u00e1dkozni.<\/p>\n\n\n\n<p>Hirdet\u00e9sek:<\/p>\n\n\n\n<p>\u00b7&nbsp;&nbsp;&nbsp;&nbsp;&nbsp;&nbsp;&nbsp;&nbsp;&nbsp;November 6-\u00e1n, szombaton 9 \u2013 15 \u00f3ra k\u00f6z\u00f6tt tartjuk az idei Szent Erzs\u00e9bet \u00fcnnephez kapcsol\u00f3d\u00f3 Karit\u00e1sz Lelki Napunkat a Szent J\u00f3zsef H\u00e1zban (1035 Budapest, K\u00f3rh\u00e1z utca 37.). A lelki nap vezet\u0151je f\u0151tisztelend\u0151 Andr\u00e1sfay J\u00e1nos SDB atya, szal\u00e9zi tartom\u00e1nyf\u0151n\u00f6k. szentmise, t\u00f6bb elm\u00e9lked\u00e9s, k\u00f6z\u00f6s eb\u00e9d \u00e9s im\u00e1ds\u00e1g is lesz, \u00e9s lesz lehet\u0151s\u00e9g egy\u00e9ni besz\u00e9lget\u00e9sekre is. Jelentkezni ar\u00e9gi\u00f3vezet\u0151kt\u0151lkapott linken lehet. K\u00e9rd\u00e9s, k\u00e9r\u00e9s eset\u00e9n a k\u00f6zpontukat lehet h\u00edvni ezen a sz\u00e1mon munkanapokon 9-15 \u00f3ra k\u00f6z\u00f6tt: +36-1-351-1977, illetve e-mailen is lehet \u00e9rdekl\u0151dni:&nbsp;<a href=\"mailto:szenterzsebet@karitaszkozpont.hu\" target=\"_blank\" rel=\"noreferrer noopener\">szenterzsebet@karitaszkozpont.hu<\/a><\/p>\n\n\n\n<p>\u00b7&nbsp;&nbsp;&nbsp;&nbsp;&nbsp;&nbsp;&nbsp;&nbsp;&nbsp;A k\u00f6vetkez\u0151 karit\u00e1sz m\u0171sorunk a M\u00e1ria R\u00e1di\u00f3ban november 10-\u00e9n szerd\u00e1n 10.50 \u00f3rakor kezd\u0151dik.<\/p>\n\n\n\n<p>\u00b7&nbsp;&nbsp;&nbsp;&nbsp;&nbsp;&nbsp;&nbsp;&nbsp;&nbsp;Kor\u00e1bbi m\u0171soraink itt hallgathat\u00f3k meg:&nbsp;<a href=\"https:\/\/www.mariaradio.hu\/musor\/4814\/Tevekeny_Szeretet\" target=\"_blank\" rel=\"noreferrer noopener\">https:\/\/www.mariaradio.hu\/musor\/4814\/Tevekeny_Szeretet<\/a><\/p>\n\n\n\n<p>\u00b7&nbsp;&nbsp;&nbsp;&nbsp;&nbsp;&nbsp;&nbsp;&nbsp;&nbsp;Felh\u00edvom mindenki figyelm\u00e9t, hogy a facebook- \u00e9s weboldalunkon folyamatosan friss\u00fclnek a h\u00edreink.&nbsp;<a href=\"http:\/\/www.karitaszkp.hu\/\" target=\"_blank\" rel=\"noreferrer noopener\">www.karitaszkp.hu<\/a>&nbsp;,&nbsp;<a href=\"https:\/\/www.facebook.com\/szenterzsebetkaritaszkozpont\" target=\"_blank\" rel=\"noreferrer noopener\">Esztergom-Budapesti F\u0151egyh\u00e1zmegye Szent Erzs\u00e9bet Karit\u00e1sz K\u00f6zpont | Facebook<\/a><\/p>\n\n\n\n<p>\u00b7&nbsp;&nbsp;&nbsp;&nbsp;&nbsp;&nbsp;&nbsp;&nbsp;&nbsp;A Szent Erzs\u00e9bet Karit\u00e1sz K\u00f6zpont k\u00e9r\u00e9s\u00e9re f\u0151tisztelend\u0151 Feldhoffer Antal pl\u00e9b\u00e1nos atya minden els\u0151 h\u00e9tf\u0151n 15.30-kor karit\u00e1sz szentmis\u00e9t mutat be a 1035 Budapest, III. ker. K\u00f3rh\u00e1z u. 37. sz\u00e1m alatti Szent J\u00f3zsef templomban. Misesz\u00e1nd\u00e9k: \u00e9l\u0151 \u00e9s elhunyt karit\u00e1szosok\u00e9rt. A k\u00f6vetkez\u0151 alkalom november 8-\u00e1n lesz. (mivel november 1. f\u0151\u00fcnnep \u00e9s h\u00e9tf\u0151, \u00edgy azt k\u00e9rj\u00fck, hogy minkebki a saj\u00e1t templom\u00e1ba, k\u00f6z\u00f6ss\u00e9g\u00e9be menjen \u00fcnnepelni).<\/p>\n\n\n\n<p>Csorba G\u00e1bor<\/p>\n\n\n\n<p>\u00e1lland\u00f3 diak\u00f3nus, karit\u00e1sz igazgat\u00f3<\/p>\n\n\n\n<p>Esztergom-Budapesti F\u0151egyh\u00e1zmegye<\/p>\n\n\n\n<p>Szent Erzs\u00e9bet Karit\u00e1sz K\u00f6zpont<\/p>\n\n\n\n<p class=\"has-background\" style=\"background-color:#cacaca\">Iroda:&nbsp;<a href=\"https:\/\/www.google.com\/maps\/search\/1035+Budapest,+K%C3%B3rh%C3%A1z+utca+37?entry=gmail&amp;source=g\">1035 Budapest, K\u00f3rh\u00e1z utca 37<\/a>.<\/p>\n\n\n\n<p class=\"has-background\" style=\"background-color:#cacaca\">Telefon: +36-1-351-1977<\/p>\n\n\n\n<p class=\"has-background\" style=\"background-color:#cacaca\">Mobil: +36-30-592-1483<\/p>\n\n\n\n<p class=\"has-background\" style=\"background-color:#cacaca\">E-mail:&nbsp;<a href=\"mailto:szenterzsebet@karitaszkozpont.hu\" target=\"_blank\" rel=\"noreferrer noopener\">szenterzsebet@karitaszkozpont.hu<\/a><\/p>\n\n\n\n<p class=\"has-background\" style=\"background-color:#cacaca\">Honlap:&nbsp;<a href=\"http:\/\/www.karitaszkp.hu\/\" target=\"_blank\" rel=\"noreferrer noopener\">www.karitaszkp.hu<\/a><\/p>\n\n\n\n<p class=\"has-background\" style=\"background-color:#cacaca\">A kor\u00e1bbi egypercesek itt \u00e9rhet\u0151k el:&nbsp;<a href=\"https:\/\/karitaszegypercesek.blogspot.com\/\" target=\"_blank\" rel=\"noreferrer noopener\">https:\/\/karitaszegypercesek.blogspot.com\/<\/a><\/p>\n","protected":false},"excerpt":{"rendered":"<p>139. Mindenszentek \u00fcnnepe \u00e9s halottak napja \u201eMindenhat\u00f3, \u00f6r\u00f6k Isten, te megadtad, hogy egy napon \u00fcnnepelj\u00fck minden szented dics\u0151s\u00e9g\u00e9t. K\u00e9r\u00fcnk, hogy sokszoros k\u00f6zbenj\u00e1r\u00e1sukra b\u0151ven \u00e1raszd re\u00e1nk nagy irgalmadat.\u201d&nbsp;&nbsp;(Mindenszentek \u00fcnnepi kollekta k\u00f6ny\u00f6rg\u00e9se) Kedves Karit\u00e1sz \u00d6nk\u00e9ntesek, Munkat\u00e1rsak, Testv\u00e9rek az \u00darban! Kegyelmekben gazdag h\u00e9tv\u00e9ge el\u00e9 n\u00e9z\u00fcnk. November 1-\u00e9n \u00fcnnepelj\u00fck a c\u00e9lba \u00e9rkezett embert\u00e1rsainkat, azokat is, akiket az egyh\u00e1z nem &hellip; <\/p>\n<p class=\"link-more\"><a href=\"https:\/\/karitaszkozpont.hu\/?p=1380\" class=\"more-link\">Continue reading<span class=\"screen-reader-text\"> &#8222;139. Karit\u00e1sz Egyperces&#8221;<\/span><\/a><\/p>\n","protected":false},"author":1,"featured_media":563,"comment_status":"closed","ping_status":"closed","sticky":false,"template":"","format":"standard","meta":[],"categories":[8],"tags":[],"yoast_head":"<!-- This site is optimized with the Yoast SEO plugin v20.1 - https:\/\/yoast.com\/wordpress\/plugins\/seo\/ -->\n<title>139. Karit\u00e1sz Egyperces - Szent Erzs\u00e9bet Karit\u00e1sz K\u00f6zpont<\/title>\n<meta name=\"robots\" content=\"index, follow, max-snippet:-1, max-image-preview:large, max-video-preview:-1\" \/>\n<link rel=\"canonical\" href=\"https:\/\/karitaszkozpont.hu\/?p=1380\" \/>\n<meta property=\"og:locale\" content=\"hu_HU\" \/>\n<meta property=\"og:type\" content=\"article\" \/>\n<meta property=\"og:title\" content=\"139. Karit\u00e1sz Egyperces - Szent Erzs\u00e9bet Karit\u00e1sz K\u00f6zpont\" \/>\n<meta property=\"og:description\" content=\"139. Mindenszentek \u00fcnnepe \u00e9s halottak napja \u201eMindenhat\u00f3, \u00f6r\u00f6k Isten, te megadtad, hogy egy napon \u00fcnnepelj\u00fck minden szented dics\u0151s\u00e9g\u00e9t. K\u00e9r\u00fcnk, hogy sokszoros k\u00f6zbenj\u00e1r\u00e1sukra b\u0151ven \u00e1raszd re\u00e1nk nagy irgalmadat.\u201d&nbsp;&nbsp;(Mindenszentek \u00fcnnepi kollekta k\u00f6ny\u00f6rg\u00e9se) Kedves Karit\u00e1sz \u00d6nk\u00e9ntesek, Munkat\u00e1rsak, Testv\u00e9rek az \u00darban! Kegyelmekben gazdag h\u00e9tv\u00e9ge el\u00e9 n\u00e9z\u00fcnk. November 1-\u00e9n \u00fcnnepelj\u00fck a c\u00e9lba \u00e9rkezett embert\u00e1rsainkat, azokat is, akiket az egyh\u00e1z nem &hellip; Continue reading &quot;139. Karit\u00e1sz Egyperces&quot;\" \/>\n<meta property=\"og:url\" content=\"https:\/\/karitaszkozpont.hu\/?p=1380\" \/>\n<meta property=\"og:site_name\" content=\"Szent Erzs\u00e9bet Karit\u00e1sz K\u00f6zpont\" \/>\n<meta property=\"article:published_time\" content=\"2021-11-01T16:39:04+00:00\" \/>\n<meta property=\"article:modified_time\" content=\"2022-01-08T08:49:10+00:00\" \/>\n<meta property=\"og:image\" content=\"https:\/\/karitaszkozpont.hu\/wp-content\/uploads\/2019\/07\/egyperceslogo.jpg\" \/>\n\t<meta property=\"og:image:width\" content=\"2300\" \/>\n\t<meta property=\"og:image:height\" content=\"1528\" \/>\n\t<meta property=\"og:image:type\" content=\"image\/jpeg\" \/>\n<meta name=\"author\" content=\"Karit\u00e1sz K\u00f6zpont\" \/>\n<meta name=\"twitter:card\" content=\"summary_large_image\" \/>\n<meta name=\"twitter:label1\" content=\"Szerz\u0151:\" \/>\n\t<meta name=\"twitter:data1\" content=\"Karit\u00e1sz K\u00f6zpont\" \/>\n\t<meta name=\"twitter:label2\" content=\"Becs\u00fclt olvas\u00e1si id\u0151\" \/>\n\t<meta name=\"twitter:data2\" content=\"3 perc\" \/>\n<script type=\"application\/ld+json\" class=\"yoast-schema-graph\">{\"@context\":\"https:\/\/schema.org\",\"@graph\":[{\"@type\":\"Article\",\"@id\":\"https:\/\/karitaszkozpont.hu\/?p=1380#article\",\"isPartOf\":{\"@id\":\"https:\/\/karitaszkozpont.hu\/?p=1380\"},\"author\":{\"name\":\"Karit\u00e1sz K\u00f6zpont\",\"@id\":\"https:\/\/karitaszkozpont.hu\/#\/schema\/person\/0d9c28244c111914ea13bb1248775e57\"},\"headline\":\"139. Karit\u00e1sz Egyperces\",\"datePublished\":\"2021-11-01T16:39:04+00:00\",\"dateModified\":\"2022-01-08T08:49:10+00:00\",\"mainEntityOfPage\":{\"@id\":\"https:\/\/karitaszkozpont.hu\/?p=1380\"},\"wordCount\":1098,\"publisher\":{\"@id\":\"https:\/\/karitaszkozpont.hu\/#organization\"},\"articleSection\":[\"Egypercesek\"],\"inLanguage\":\"hu\"},{\"@type\":\"WebPage\",\"@id\":\"https:\/\/karitaszkozpont.hu\/?p=1380\",\"url\":\"https:\/\/karitaszkozpont.hu\/?p=1380\",\"name\":\"139. Karit\u00e1sz Egyperces - Szent Erzs\u00e9bet Karit\u00e1sz K\u00f6zpont\",\"isPartOf\":{\"@id\":\"https:\/\/karitaszkozpont.hu\/#website\"},\"datePublished\":\"2021-11-01T16:39:04+00:00\",\"dateModified\":\"2022-01-08T08:49:10+00:00\",\"breadcrumb\":{\"@id\":\"https:\/\/karitaszkozpont.hu\/?p=1380#breadcrumb\"},\"inLanguage\":\"hu\",\"potentialAction\":[{\"@type\":\"ReadAction\",\"target\":[\"https:\/\/karitaszkozpont.hu\/?p=1380\"]}]},{\"@type\":\"BreadcrumbList\",\"@id\":\"https:\/\/karitaszkozpont.hu\/?p=1380#breadcrumb\",\"itemListElement\":[{\"@type\":\"ListItem\",\"position\":1,\"name\":\"Kezd\u0151lap\",\"item\":\"https:\/\/karitaszkozpont.hu\/\"},{\"@type\":\"ListItem\",\"position\":2,\"name\":\"139. Karit\u00e1sz Egyperces\"}]},{\"@type\":\"WebSite\",\"@id\":\"https:\/\/karitaszkozpont.hu\/#website\",\"url\":\"https:\/\/karitaszkozpont.hu\/\",\"name\":\"Szent Erzs\u00e9bet Karit\u00e1sz K\u00f6zpont\",\"description\":\"Esztergom-Budapesti F\u0151egyh\u00e1zmegye\",\"publisher\":{\"@id\":\"https:\/\/karitaszkozpont.hu\/#organization\"},\"potentialAction\":[{\"@type\":\"SearchAction\",\"target\":{\"@type\":\"EntryPoint\",\"urlTemplate\":\"https:\/\/karitaszkozpont.hu\/?s={search_term_string}\"},\"query-input\":\"required name=search_term_string\"}],\"inLanguage\":\"hu\"},{\"@type\":\"Organization\",\"@id\":\"https:\/\/karitaszkozpont.hu\/#organization\",\"name\":\"Szent Erzs\u00e9bet Karit\u00e1sz K\u00f6zpont\",\"url\":\"https:\/\/karitaszkozpont.hu\/\",\"logo\":{\"@type\":\"ImageObject\",\"inLanguage\":\"hu\",\"@id\":\"https:\/\/karitaszkozpont.hu\/#\/schema\/logo\/image\/\",\"url\":\"https:\/\/karitaszkp.hu\/wp-content\/uploads\/2019\/06\/cropped-logo-arnyekos-1.png\",\"contentUrl\":\"https:\/\/karitaszkp.hu\/wp-content\/uploads\/2019\/06\/cropped-logo-arnyekos-1.png\",\"width\":240,\"height\":247,\"caption\":\"Szent Erzs\u00e9bet Karit\u00e1sz K\u00f6zpont\"},\"image\":{\"@id\":\"https:\/\/karitaszkozpont.hu\/#\/schema\/logo\/image\/\"}},{\"@type\":\"Person\",\"@id\":\"https:\/\/karitaszkozpont.hu\/#\/schema\/person\/0d9c28244c111914ea13bb1248775e57\",\"name\":\"Karit\u00e1sz K\u00f6zpont\",\"image\":{\"@type\":\"ImageObject\",\"inLanguage\":\"hu\",\"@id\":\"https:\/\/karitaszkozpont.hu\/#\/schema\/person\/image\/\",\"url\":\"https:\/\/secure.gravatar.com\/avatar\/1274acd7c62f3cac92d2b38aad20c71b?s=96&d=mm&r=g\",\"contentUrl\":\"https:\/\/secure.gravatar.com\/avatar\/1274acd7c62f3cac92d2b38aad20c71b?s=96&d=mm&r=g\",\"caption\":\"Karit\u00e1sz K\u00f6zpont\"},\"url\":\"https:\/\/karitaszkozpont.hu\/?author=1\"}]}<\/script>\n<!-- \/ Yoast SEO plugin. -->","yoast_head_json":{"title":"139. Karit\u00e1sz Egyperces - Szent Erzs\u00e9bet Karit\u00e1sz K\u00f6zpont","robots":{"index":"index","follow":"follow","max-snippet":"max-snippet:-1","max-image-preview":"max-image-preview:large","max-video-preview":"max-video-preview:-1"},"canonical":"https:\/\/karitaszkozpont.hu\/?p=1380","og_locale":"hu_HU","og_type":"article","og_title":"139. Karit\u00e1sz Egyperces - Szent Erzs\u00e9bet Karit\u00e1sz K\u00f6zpont","og_description":"139. Mindenszentek \u00fcnnepe \u00e9s halottak napja \u201eMindenhat\u00f3, \u00f6r\u00f6k Isten, te megadtad, hogy egy napon \u00fcnnepelj\u00fck minden szented dics\u0151s\u00e9g\u00e9t. K\u00e9r\u00fcnk, hogy sokszoros k\u00f6zbenj\u00e1r\u00e1sukra b\u0151ven \u00e1raszd re\u00e1nk nagy irgalmadat.\u201d&nbsp;&nbsp;(Mindenszentek \u00fcnnepi kollekta k\u00f6ny\u00f6rg\u00e9se) Kedves Karit\u00e1sz \u00d6nk\u00e9ntesek, Munkat\u00e1rsak, Testv\u00e9rek az \u00darban! Kegyelmekben gazdag h\u00e9tv\u00e9ge el\u00e9 n\u00e9z\u00fcnk. November 1-\u00e9n \u00fcnnepelj\u00fck a c\u00e9lba \u00e9rkezett embert\u00e1rsainkat, azokat is, akiket az egyh\u00e1z nem &hellip; Continue reading \"139. Karit\u00e1sz Egyperces\"","og_url":"https:\/\/karitaszkozpont.hu\/?p=1380","og_site_name":"Szent Erzs\u00e9bet Karit\u00e1sz K\u00f6zpont","article_published_time":"2021-11-01T16:39:04+00:00","article_modified_time":"2022-01-08T08:49:10+00:00","og_image":[{"width":2300,"height":1528,"url":"https:\/\/karitaszkozpont.hu\/wp-content\/uploads\/2019\/07\/egyperceslogo.jpg","type":"image\/jpeg"}],"author":"Karit\u00e1sz K\u00f6zpont","twitter_card":"summary_large_image","twitter_misc":{"Szerz\u0151:":"Karit\u00e1sz K\u00f6zpont","Becs\u00fclt olvas\u00e1si id\u0151":"3 perc"},"schema":{"@context":"https:\/\/schema.org","@graph":[{"@type":"Article","@id":"https:\/\/karitaszkozpont.hu\/?p=1380#article","isPartOf":{"@id":"https:\/\/karitaszkozpont.hu\/?p=1380"},"author":{"name":"Karit\u00e1sz K\u00f6zpont","@id":"https:\/\/karitaszkozpont.hu\/#\/schema\/person\/0d9c28244c111914ea13bb1248775e57"},"headline":"139. Karit\u00e1sz Egyperces","datePublished":"2021-11-01T16:39:04+00:00","dateModified":"2022-01-08T08:49:10+00:00","mainEntityOfPage":{"@id":"https:\/\/karitaszkozpont.hu\/?p=1380"},"wordCount":1098,"publisher":{"@id":"https:\/\/karitaszkozpont.hu\/#organization"},"articleSection":["Egypercesek"],"inLanguage":"hu"},{"@type":"WebPage","@id":"https:\/\/karitaszkozpont.hu\/?p=1380","url":"https:\/\/karitaszkozpont.hu\/?p=1380","name":"139. Karit\u00e1sz Egyperces - Szent Erzs\u00e9bet Karit\u00e1sz K\u00f6zpont","isPartOf":{"@id":"https:\/\/karitaszkozpont.hu\/#website"},"datePublished":"2021-11-01T16:39:04+00:00","dateModified":"2022-01-08T08:49:10+00:00","breadcrumb":{"@id":"https:\/\/karitaszkozpont.hu\/?p=1380#breadcrumb"},"inLanguage":"hu","potentialAction":[{"@type":"ReadAction","target":["https:\/\/karitaszkozpont.hu\/?p=1380"]}]},{"@type":"BreadcrumbList","@id":"https:\/\/karitaszkozpont.hu\/?p=1380#breadcrumb","itemListElement":[{"@type":"ListItem","position":1,"name":"Kezd\u0151lap","item":"https:\/\/karitaszkozpont.hu\/"},{"@type":"ListItem","position":2,"name":"139. Karit\u00e1sz Egyperces"}]},{"@type":"WebSite","@id":"https:\/\/karitaszkozpont.hu\/#website","url":"https:\/\/karitaszkozpont.hu\/","name":"Szent Erzs\u00e9bet Karit\u00e1sz K\u00f6zpont","description":"Esztergom-Budapesti F\u0151egyh\u00e1zmegye","publisher":{"@id":"https:\/\/karitaszkozpont.hu\/#organization"},"potentialAction":[{"@type":"SearchAction","target":{"@type":"EntryPoint","urlTemplate":"https:\/\/karitaszkozpont.hu\/?s={search_term_string}"},"query-input":"required name=search_term_string"}],"inLanguage":"hu"},{"@type":"Organization","@id":"https:\/\/karitaszkozpont.hu\/#organization","name":"Szent Erzs\u00e9bet Karit\u00e1sz K\u00f6zpont","url":"https:\/\/karitaszkozpont.hu\/","logo":{"@type":"ImageObject","inLanguage":"hu","@id":"https:\/\/karitaszkozpont.hu\/#\/schema\/logo\/image\/","url":"https:\/\/karitaszkp.hu\/wp-content\/uploads\/2019\/06\/cropped-logo-arnyekos-1.png","contentUrl":"https:\/\/karitaszkp.hu\/wp-content\/uploads\/2019\/06\/cropped-logo-arnyekos-1.png","width":240,"height":247,"caption":"Szent Erzs\u00e9bet Karit\u00e1sz K\u00f6zpont"},"image":{"@id":"https:\/\/karitaszkozpont.hu\/#\/schema\/logo\/image\/"}},{"@type":"Person","@id":"https:\/\/karitaszkozpont.hu\/#\/schema\/person\/0d9c28244c111914ea13bb1248775e57","name":"Karit\u00e1sz K\u00f6zpont","image":{"@type":"ImageObject","inLanguage":"hu","@id":"https:\/\/karitaszkozpont.hu\/#\/schema\/person\/image\/","url":"https:\/\/secure.gravatar.com\/avatar\/1274acd7c62f3cac92d2b38aad20c71b?s=96&d=mm&r=g","contentUrl":"https:\/\/secure.gravatar.com\/avatar\/1274acd7c62f3cac92d2b38aad20c71b?s=96&d=mm&r=g","caption":"Karit\u00e1sz K\u00f6zpont"},"url":"https:\/\/karitaszkozpont.hu\/?author=1"}]}},"_links":{"self":[{"href":"https:\/\/karitaszkozpont.hu\/index.php?rest_route=\/wp\/v2\/posts\/1380"}],"collection":[{"href":"https:\/\/karitaszkozpont.hu\/index.php?rest_route=\/wp\/v2\/posts"}],"about":[{"href":"https:\/\/karitaszkozpont.hu\/index.php?rest_route=\/wp\/v2\/types\/post"}],"author":[{"embeddable":true,"href":"https:\/\/karitaszkozpont.hu\/index.php?rest_route=\/wp\/v2\/users\/1"}],"replies":[{"embeddable":true,"href":"https:\/\/karitaszkozpont.hu\/index.php?rest_route=%2Fwp%2Fv2%2Fcomments&post=1380"}],"version-history":[{"count":1,"href":"https:\/\/karitaszkozpont.hu\/index.php?rest_route=\/wp\/v2\/posts\/1380\/revisions"}],"predecessor-version":[{"id":1381,"href":"https:\/\/karitaszkozpont.hu\/index.php?rest_route=\/wp\/v2\/posts\/1380\/revisions\/1381"}],"wp:featuredmedia":[{"embeddable":true,"href":"https:\/\/karitaszkozpont.hu\/index.php?rest_route=\/wp\/v2\/media\/563"}],"wp:attachment":[{"href":"https:\/\/karitaszkozpont.hu\/index.php?rest_route=%2Fwp%2Fv2%2Fmedia&parent=1380"}],"wp:term":[{"taxonomy":"category","embeddable":true,"href":"https:\/\/karitaszkozpont.hu\/index.php?rest_route=%2Fwp%2Fv2%2Fcategories&post=1380"},{"taxonomy":"post_tag","embeddable":true,"href":"https:\/\/karitaszkozpont.hu\/index.php?rest_route=%2Fwp%2Fv2%2Ftags&post=1380"}],"curies":[{"name":"wp","href":"https:\/\/api.w.org\/{rel}","templated":true}]}}