{"id":1368,"date":"2021-10-27T20:16:38","date_gmt":"2021-10-27T18:16:38","guid":{"rendered":"http:\/\/karitaszkp.hu\/?p=1368"},"modified":"2022-01-08T10:49:10","modified_gmt":"2022-01-08T08:49:10","slug":"138-karitasz-egyperces","status":"publish","type":"post","link":"https:\/\/karitaszkozpont.hu\/?p=1368","title":{"rendered":"138. Karit\u00e1sz Egyperces"},"content":{"rendered":"\n<p class=\"has-white-color has-vivid-red-background-color has-text-color has-background has-large-font-size\"><strong>138. A l\u00e1t\u00e1s szintjei<\/strong><\/p>\n\n\n\n<p class=\"has-background\" style=\"background-color:#cacaca\"><em>\u201eBartimeus, a vak koldushoz \u00edgy sz\u00f3lt J\u00e9zus:&nbsp;\u00bbMit akarsz, mit cselekedjem veled?\u00ab Az \u00edgy felelt: \u00bbUram! Hogy l\u00e1ssak! (v\u00f6. Lk 18,41)<\/em><\/p>\n\n\n\n<p>Kedves Karit\u00e1sz \u00d6nk\u00e9ntesek, Munkat\u00e1rsak, Testv\u00e9rek az \u00darban!<\/p>\n\n\n\n<p>Ahogy kor\u00e1bban m\u00e1r t\u00f6bbsz\u00f6r, t\u00f6bb f\u00f3rumon is h\u00edrt adtunk r\u00f3la, hogy szoros egy\u00fcttm\u0171k\u00f6d\u00e9sben \u00e1llunk a Rem\u00e9nyk\u00f6rrel, akik l\u00e1t\u00e1s-, hall\u00e1s-, mozg\u00e1ss\u00e9r\u00fcltek \u00e9s szellemi akad\u00e1lyozotts\u00e1ggal \u00e9l\u0151knek k\u00edn\u00e1lj\u00e1k az egyh\u00e1z k\u00f6z\u00f6ss\u00e9g\u00e9t, a szeretetk\u00f6z\u00f6ss\u00e9get Krisztusban.&nbsp;<a href=\"http:\/\/remenykor.hu\/\" target=\"_blank\" rel=\"noreferrer noopener\">http:\/\/remenykor.hu\/<\/a>&nbsp;Megtiszteletet\u00e9s sz\u00e1munkra, hogy a karit\u00e1sz tev\u00e9kenys\u00e9g\u00fcnk kiterjedt fel\u00e9j\u00fck, a vel\u00fck val\u00f3 \u00f6sszefog\u00e1ssal, sz\u00e9lesebbre ny\u00edlt a segts\u00e9gny\u00fajt\u00e1s ajtaja. Neruda K\u00e1roly aty\u00e1val, Nagy S\u00e1ndor aty\u00e1val \u00e9s Laurinyecz Mih\u00e1ly aty\u00e1val, valamint a Rem\u00e9nyk\u00f6r civil vezet\u0151s\u00e9g\u00e9vel hamarosan k\u00e9pz\u00e9st ind\u00edtunk, hogy min\u00e9l jobban megismerj\u00fck egym\u00e1st, meg\u00e9rts\u00fck neh\u00e9zs\u00e9geiket, jobban tudjunk seg\u00edteni, jelen lenni, k\u00f6z\u00f6ss\u00e9gbe h\u00edvni az \u00e9rintett testv\u00e9reinket, hogy hit\u00fck, rem\u00e9ny\u00fck nekik is \u00e9s nek\u00fcnk is er\u0151s\u00f6dj\u00e9k.<\/p>\n\n\n\n<p>Bartimeus, a vak koldus mindny\u00e1junkat megjelen\u00edti, ugyanis a l\u00e1t\u00e1snak t\u00f6bb szintje van, ami k\u00f6z\u00fcl csak az egyik a fizika l\u00e1t\u00e1s, amit term\u00e9szetesnek tartunk (ezt is Istent\u0151l kaptuk). Bartimeus ugyan nem l\u00e1tott fizikilag, de hit\u00e9vel \u00e9s rem\u00e9ny\u00e9vel megl\u00e1tta J\u00e9zusban az Orvost, a Messi\u00e1st, az \u00dcdv\u00f6z\u00edt\u0151t. Tanulhatunk teh\u00e1t Bartimeust\u00f3l, tanulhatunk a Rem\u00e9nyk\u00f6r tagjait\u00f3l, az akad\u00e1lyoztat\u00e1ssal \u00e9l\u0151kt\u0151l, akik lehet, hogy a l\u00e1t\u00e1s egy ter\u00fclet\u00e9t ugyan nem tudhatj\u00e1k maguk\u00e9nak, de sokszor hitbeli l\u00e1t\u00e1suk a term\u00e9szetfeletti vil\u00e1gra, a l\u00e1thatatlanra, \u00e9ppen a neh\u00e9zs\u00e9gek miatti Isetenhez fordul\u00e1s ok\u00e1n jobb, mint a mi\u00e9nk, akik eg\u00e9szs\u00e9gesek mondhatjuk magunkat.<\/p>\n\n\n\n<p>Nem t\u00f6rt\u00e9nhet semmi an\u00e9lk\u00fcl, hogy a J\u00f3 Isten ne tudn\u00e1, hogy ne akarn\u00e1, vagy ne engedn\u00e9 meg. Megengedi a bajt, a betegs\u00e9get, a hal\u00e1lt, a h\u00e1bor\u00fat, a rosszat, a gonosz l\u00e9lek m\u0171k\u00f6d\u00e9s\u00e9t, de mindezeket csak az\u00e9rt, hogy legy\u0151zhess\u00fck \u0151ket m\u00e9ghozz\u00e1 az \u00f6r\u00f6k \u00e9let perspekt\u00edv\u00e1j\u00e1ban. A f\u00f6ldi \u00e9let, a vil\u00e1g elm\u00falik, de a lelk\u00fcnk \u00f6r\u00f6k, \u00e9s mivel az \u00f6r\u00f6k id\u0151 v\u00e9gtelenszer hosszabb, mint a v\u00e9ges, ez\u00e9rt a boldogs\u00e1gunk, legf\u0151bb javunk \u00e9rdek\u00e9ben erre kell koncentr\u00e1lnunk, ezt kell c\u00e9lba venn\u00fcnk. Ezt az ir\u00e1nyults\u00e1got nevezz\u00fck rem\u00e9nynek, hitnek, bizalomnak az Isten gondvisel\u0151 szeretet\u00e9ben. Ez a l\u00e1t\u00e1s m\u00e1sik, magasabb szintje. Ha a hit szem\u00e9vel, a rem\u00e9ny l\u00e1t\u00e1sm\u00f3dj\u00e1val k\u00f6zel\u00edtj\u00fck meg \u00e9let\u00fcnk t\u00f6rt\u00e9n\u00e9seit, akkor vagyunk b\u00f6lcsek. Az\u00e9rt nevezi az egyh\u00e1z isteni er\u00e9nynek a hitet \u00e9s a rem\u00e9nyt, mert abb\u00f3l n\u0151 ki a harmadik, a Szeretet, aki maga az Isten!<\/p>\n\n\n\n<p>Hit\u00fcnk meg\u00e9l\u00e9se karit\u00e1sztev\u00e9kenys\u00e9g\u00fcnkben akkor gy\u00fcm\u00f6lcs\u00f6z\u0151, akkor \u00e9ri el a c\u00e9lj\u00e1t, ha felt\u00fczeli a minden emberben meglev\u0151, olykor elhalv\u00e1nyult parazsat, ami \u00e1ltal rem\u00e9nyt kap, hite er\u0151s\u00f6dik, bizalom \u00e9led benne, j\u00f6v\u0151t kap. Az adom\u00e1nyok, seg\u00e9lyek, szolg\u00e1latok kifejezik \u00e9s hordozz\u00e1k Isten szeret\u00e9t, azt tan\u00fas\u00edtj\u00e1k, hogy Isten szereti az embert, hogy gondoskodik r\u00f3la, legf\u0151bb jav\u00e1t akarja. Isten egy\u00fattal v\u00e1rja is a viszontszeretetet, de nem maga miatt, hanem miattunk, hogy adhassunk szeretet is. A szeretet ugyanis akkor \u00e9l, ha kapjuk is \u00e9s adjuk egyszerre. \u00cdgy lehet\u00fcnk egyens\u00falyban. A hit l\u00e1t\u00e1sa teh\u00e1t t\u00f6bb, mint a fizikai l\u00e1t\u00e1s.<\/p>\n\n\n\n<p>Ehhez csatlakozik m\u00e9g a gondolkod\u00e1sunkb\u00f3l fakad\u00f3 szellemi l\u00e1t\u00e1s, a f\u00f6ldi \u00f6sszef\u00fcgg\u00e9sek, a tudom\u00e1nyos, a t\u00f6rt\u00e9nelmi folyamatok okos meg\u00edt\u00e9s\u00e9le, ami szint\u00e9n seg\u00edt minket hit\u00fcnk meg\u00e9l\u00e9s\u00e9ben, rem\u00e9ny\u00fcnk megtart\u00e1s\u00e1ban, n\u00f6vel\u00e9s\u00e9ben. Az okt\u00f3ber 23-i \u00fcnnepnap k\u00f6z\u00f6ss\u00e9gi meg\u00e9l\u00e9se, az egys\u00e9g, az \u00f6sszefog\u00e1s megtapasztal\u00e1sa hitet \u00e9s rem\u00e9nyt adott azoknak, akik ebben r\u00e9szt vettek ak\u00e1r a helysz\u00ednen, ak\u00e1r l\u00e9lekben. Az eucharisztikus kongresszus het\u00e9nek szombati napj\u00e1n, az egys\u00e9g k\u00f6z\u00f6ss\u00e9gi menete az Olt\u00e1riszets\u00e9ggel, gyerty\u00e1s k\u00eds\u00e9rettel, \u00e9s a tegnapi B\u00e9kemenet nemzeti \u00f6sszefog\u00e1s\u00e1val p\u00e1rhuzamban \u00e1ll, egym\u00e1st er\u0151s\u00edti. Isten, haza, csal\u00e1d \u2013 ezen h\u00e1rmas \u00e9letpill\u00e9r egym\u00e1st er\u0151s\u00edtve, egym\u00e1ssal kar\u00f6ltve biztos\u00edtja sz\u00e1munkra a f\u00f6ldi \u00e9s a mennyei boldogs\u00e1got.<strong><\/strong><\/p>\n\n\n\n<p>Hirdet\u00e9sek:<\/p>\n\n\n\n<p>\u00b7&nbsp;&nbsp;&nbsp;&nbsp;&nbsp;&nbsp;&nbsp;&nbsp;&nbsp;November 6-\u00e1n, szombaton 9 \u2013 15 \u00f3ra k\u00f6z\u00f6tt tartjuk az idei Szent Erzs\u00e9bet \u00fcnnephez kapcsol\u00f3d\u00f3 Karit\u00e1sz Lelki Napunkat a Szent J\u00f3zsef H\u00e1zban (1035 Budapest, K\u00f3rh\u00e1z utca 37.). A lelki nap vezet\u0151je f\u0151tisztelend\u0151 Andr\u00e1sfay J\u00e1nos SDB atya, szal\u00e9zi tartom\u00e1nyf\u0151n\u00f6k. szentmise, t\u00f6bb elm\u00e9lked\u00e9s, k\u00f6z\u00f6s eb\u00e9d \u00e9s im\u00e1ds\u00e1g is lesz, \u00e9s lesz lehet\u0151s\u00e9g egy\u00e9ni besz\u00e9lget\u00e9sekre is. Jelentkezni ar\u00e9gi\u00f3vezet\u0151kt\u0151lkapott linken lehet. K\u00e9rd\u00e9s, k\u00e9r\u00e9s eset\u00e9n a k\u00f6zpontukat lehet h\u00edvni ezen a sz\u00e1mon munkanapokon 9-15 \u00f3ra k\u00f6z\u00f6tt: +36-1-351-1977, illetve e-mailen is lehet \u00e9rdekl\u0151dni:&nbsp;<a href=\"mailto:szenterzsebet@karitaszkozpont.hu\" target=\"_blank\" rel=\"noreferrer noopener\">szenterzsebet@karitaszkozpont.hu<\/a><\/p>\n\n\n\n<p>\u00b7&nbsp;&nbsp;&nbsp;&nbsp;&nbsp;&nbsp;&nbsp;&nbsp;&nbsp;A k\u00f6vetkez\u0151 karit\u00e1sz m\u0171sorunk a M\u00e1ria R\u00e1di\u00f3ban okt\u00f3ber 27-\u00e9n szerd\u00e1n 10.50 \u00f3rakor kezd\u0151dik.<\/p>\n\n\n\n<p>\u00b7&nbsp;&nbsp;&nbsp;&nbsp;&nbsp;&nbsp;&nbsp;&nbsp;&nbsp;Kor\u00e1bbi m\u0171soraink itt hallgathat\u00f3k meg:&nbsp;<a href=\"https:\/\/www.mariaradio.hu\/musor\/4814\/Tevekeny_Szeretet\" target=\"_blank\" rel=\"noreferrer noopener\">https:\/\/www.mariaradio.hu\/musor\/4814\/Tevekeny_Szeretet<\/a><\/p>\n\n\n\n<p>\u00b7&nbsp;&nbsp;&nbsp;&nbsp;&nbsp;&nbsp;&nbsp;&nbsp;&nbsp;Felh\u00edvom mindenki figyelm\u00e9t, hogy a facebook- \u00e9s weboldalunkon folyamatosan friss\u00fclnek a h\u00edreink.&nbsp;<a href=\"http:\/\/www.karitaszkp.hu\/\" target=\"_blank\" rel=\"noreferrer noopener\">www.karitaszkp.hu<\/a>&nbsp;,&nbsp;<a href=\"https:\/\/www.facebook.com\/szenterzsebetkaritaszkozpont\" target=\"_blank\" rel=\"noreferrer noopener\">Esztergom-Budapesti F\u0151egyh\u00e1zmegye Szent Erzs\u00e9bet Karit\u00e1sz K\u00f6zpont | Facebook<\/a><\/p>\n\n\n\n<p>\u00b7&nbsp;&nbsp;&nbsp;&nbsp;&nbsp;&nbsp;&nbsp;&nbsp;&nbsp;A Szent Erzs\u00e9bet Karit\u00e1sz K\u00f6zpont k\u00e9r\u00e9s\u00e9re f\u0151tisztelend\u0151 Feldhoffer Antal pl\u00e9b\u00e1nos atya minden els\u0151 h\u00e9tf\u0151n 15.30-kor karit\u00e1sz szentmis\u00e9t mutat be a 1035 Budapest, III. ker. K\u00f3rh\u00e1z u. 37. sz\u00e1m alatti Szent J\u00f3zsef templomban. Misesz\u00e1nd\u00e9k: \u00e9l\u0151 \u00e9s elhunyt karit\u00e1szosok\u00e9rt. A k\u00f6vetkez\u0151 alkalom november 8-\u00e1n lesz. (mivel november 1. f\u0151\u00fcnnep \u00e9s h\u00e9tf\u0151, \u00edgy azt k\u00e9rj\u00fck, hogy minkebki a saj\u00e1t templom\u00e1ba, k\u00f6z\u00f6ss\u00e9g\u00e9be menjen \u00fcnnepelni).<\/p>\n\n\n\n<p>Csorba G\u00e1bor<\/p>\n\n\n\n<p>\u00e1lland\u00f3 diak\u00f3nus, karit\u00e1sz igazgat\u00f3<\/p>\n\n\n\n<p>Esztergom-Budapesti F\u0151egyh\u00e1zmegye<\/p>\n\n\n\n<p>Szent Erzs\u00e9bet Karit\u00e1sz K\u00f6zpont<\/p>\n\n\n\n<p class=\"has-background\" style=\"background-color:#cacaca\">Iroda:&nbsp;<a href=\"https:\/\/www.google.com\/maps\/search\/1035+Budapest,+K%C3%B3rh%C3%A1z+utca+37?entry=gmail&amp;source=g\">1035 Budapest, K\u00f3rh\u00e1z utca 37<\/a>.<\/p>\n\n\n\n<p class=\"has-background\" style=\"background-color:#cacaca\">Telefon: +36-1-351-1977<\/p>\n\n\n\n<p class=\"has-background\" style=\"background-color:#cacaca\">Mobil: +36-30-592-1483<\/p>\n\n\n\n<p class=\"has-background\" style=\"background-color:#cacaca\">E-mail:&nbsp;<a href=\"mailto:szenterzsebet@karitaszkozpont.hu\" target=\"_blank\" rel=\"noreferrer noopener\">szenterzsebet@karitaszkozpont.hu<\/a><\/p>\n\n\n\n<p class=\"has-background\" style=\"background-color:#cacaca\">Honlap:&nbsp;<a href=\"http:\/\/www.karitaszkp.hu\/\" target=\"_blank\" rel=\"noreferrer noopener\">www.karitaszkp.hu<\/a><\/p>\n\n\n\n<p class=\"has-background\" style=\"background-color:#cacaca\">A kor\u00e1bbi egypercesek itt \u00e9rhet\u0151k el:&nbsp;<a href=\"https:\/\/karitaszegypercesek.blogspot.com\/\" target=\"_blank\" rel=\"noreferrer noopener\">https:\/\/karitaszegypercesek.blogspot.com\/<\/a><\/p>\n","protected":false},"excerpt":{"rendered":"<p>138. A l\u00e1t\u00e1s szintjei \u201eBartimeus, a vak koldushoz \u00edgy sz\u00f3lt J\u00e9zus:&nbsp;\u00bbMit akarsz, mit cselekedjem veled?\u00ab Az \u00edgy felelt: \u00bbUram! Hogy l\u00e1ssak! (v\u00f6. Lk 18,41) Kedves Karit\u00e1sz \u00d6nk\u00e9ntesek, Munkat\u00e1rsak, Testv\u00e9rek az \u00darban! Ahogy kor\u00e1bban m\u00e1r t\u00f6bbsz\u00f6r, t\u00f6bb f\u00f3rumon is h\u00edrt adtunk r\u00f3la, hogy szoros egy\u00fcttm\u0171k\u00f6d\u00e9sben \u00e1llunk a Rem\u00e9nyk\u00f6rrel, akik l\u00e1t\u00e1s-, hall\u00e1s-, mozg\u00e1ss\u00e9r\u00fcltek \u00e9s szellemi akad\u00e1lyozotts\u00e1ggal \u00e9l\u0151knek &hellip; <\/p>\n<p class=\"link-more\"><a href=\"https:\/\/karitaszkozpont.hu\/?p=1368\" class=\"more-link\">Continue reading<span class=\"screen-reader-text\"> &#8222;138. Karit\u00e1sz Egyperces&#8221;<\/span><\/a><\/p>\n","protected":false},"author":1,"featured_media":563,"comment_status":"closed","ping_status":"closed","sticky":false,"template":"","format":"standard","meta":[],"categories":[8],"tags":[],"yoast_head":"<!-- This site is optimized with the Yoast SEO plugin v20.1 - https:\/\/yoast.com\/wordpress\/plugins\/seo\/ -->\n<title>138. Karit\u00e1sz Egyperces - Szent Erzs\u00e9bet Karit\u00e1sz K\u00f6zpont<\/title>\n<meta name=\"robots\" content=\"index, follow, max-snippet:-1, max-image-preview:large, max-video-preview:-1\" \/>\n<link rel=\"canonical\" href=\"https:\/\/karitaszkozpont.hu\/?p=1368\" \/>\n<meta property=\"og:locale\" content=\"hu_HU\" \/>\n<meta property=\"og:type\" content=\"article\" \/>\n<meta property=\"og:title\" content=\"138. Karit\u00e1sz Egyperces - Szent Erzs\u00e9bet Karit\u00e1sz K\u00f6zpont\" \/>\n<meta property=\"og:description\" content=\"138. A l\u00e1t\u00e1s szintjei \u201eBartimeus, a vak koldushoz \u00edgy sz\u00f3lt J\u00e9zus:&nbsp;\u00bbMit akarsz, mit cselekedjem veled?\u00ab Az \u00edgy felelt: \u00bbUram! Hogy l\u00e1ssak! (v\u00f6. Lk 18,41) Kedves Karit\u00e1sz \u00d6nk\u00e9ntesek, Munkat\u00e1rsak, Testv\u00e9rek az \u00darban! Ahogy kor\u00e1bban m\u00e1r t\u00f6bbsz\u00f6r, t\u00f6bb f\u00f3rumon is h\u00edrt adtunk r\u00f3la, hogy szoros egy\u00fcttm\u0171k\u00f6d\u00e9sben \u00e1llunk a Rem\u00e9nyk\u00f6rrel, akik l\u00e1t\u00e1s-, hall\u00e1s-, mozg\u00e1ss\u00e9r\u00fcltek \u00e9s szellemi akad\u00e1lyozotts\u00e1ggal \u00e9l\u0151knek &hellip; Continue reading &quot;138. Karit\u00e1sz Egyperces&quot;\" \/>\n<meta property=\"og:url\" content=\"https:\/\/karitaszkozpont.hu\/?p=1368\" \/>\n<meta property=\"og:site_name\" content=\"Szent Erzs\u00e9bet Karit\u00e1sz K\u00f6zpont\" \/>\n<meta property=\"article:published_time\" content=\"2021-10-27T18:16:38+00:00\" \/>\n<meta property=\"article:modified_time\" content=\"2022-01-08T08:49:10+00:00\" \/>\n<meta property=\"og:image\" content=\"https:\/\/karitaszkozpont.hu\/wp-content\/uploads\/2019\/07\/egyperceslogo.jpg\" \/>\n\t<meta property=\"og:image:width\" content=\"2300\" \/>\n\t<meta property=\"og:image:height\" content=\"1528\" \/>\n\t<meta property=\"og:image:type\" content=\"image\/jpeg\" \/>\n<meta name=\"author\" content=\"Karit\u00e1sz K\u00f6zpont\" \/>\n<meta name=\"twitter:card\" content=\"summary_large_image\" \/>\n<meta name=\"twitter:label1\" content=\"Szerz\u0151:\" \/>\n\t<meta name=\"twitter:data1\" content=\"Karit\u00e1sz K\u00f6zpont\" \/>\n\t<meta name=\"twitter:label2\" content=\"Becs\u00fclt olvas\u00e1si id\u0151\" \/>\n\t<meta name=\"twitter:data2\" content=\"4 perc\" \/>\n<script type=\"application\/ld+json\" class=\"yoast-schema-graph\">{\"@context\":\"https:\/\/schema.org\",\"@graph\":[{\"@type\":\"Article\",\"@id\":\"https:\/\/karitaszkozpont.hu\/?p=1368#article\",\"isPartOf\":{\"@id\":\"https:\/\/karitaszkozpont.hu\/?p=1368\"},\"author\":{\"name\":\"Karit\u00e1sz K\u00f6zpont\",\"@id\":\"https:\/\/karitaszkozpont.hu\/#\/schema\/person\/0d9c28244c111914ea13bb1248775e57\"},\"headline\":\"138. Karit\u00e1sz Egyperces\",\"datePublished\":\"2021-10-27T18:16:38+00:00\",\"dateModified\":\"2022-01-08T08:49:10+00:00\",\"mainEntityOfPage\":{\"@id\":\"https:\/\/karitaszkozpont.hu\/?p=1368\"},\"wordCount\":1242,\"publisher\":{\"@id\":\"https:\/\/karitaszkozpont.hu\/#organization\"},\"articleSection\":[\"Egypercesek\"],\"inLanguage\":\"hu\"},{\"@type\":\"WebPage\",\"@id\":\"https:\/\/karitaszkozpont.hu\/?p=1368\",\"url\":\"https:\/\/karitaszkozpont.hu\/?p=1368\",\"name\":\"138. Karit\u00e1sz Egyperces - Szent Erzs\u00e9bet Karit\u00e1sz K\u00f6zpont\",\"isPartOf\":{\"@id\":\"https:\/\/karitaszkozpont.hu\/#website\"},\"datePublished\":\"2021-10-27T18:16:38+00:00\",\"dateModified\":\"2022-01-08T08:49:10+00:00\",\"breadcrumb\":{\"@id\":\"https:\/\/karitaszkozpont.hu\/?p=1368#breadcrumb\"},\"inLanguage\":\"hu\",\"potentialAction\":[{\"@type\":\"ReadAction\",\"target\":[\"https:\/\/karitaszkozpont.hu\/?p=1368\"]}]},{\"@type\":\"BreadcrumbList\",\"@id\":\"https:\/\/karitaszkozpont.hu\/?p=1368#breadcrumb\",\"itemListElement\":[{\"@type\":\"ListItem\",\"position\":1,\"name\":\"Kezd\u0151lap\",\"item\":\"https:\/\/karitaszkozpont.hu\/\"},{\"@type\":\"ListItem\",\"position\":2,\"name\":\"138. Karit\u00e1sz Egyperces\"}]},{\"@type\":\"WebSite\",\"@id\":\"https:\/\/karitaszkozpont.hu\/#website\",\"url\":\"https:\/\/karitaszkozpont.hu\/\",\"name\":\"Szent Erzs\u00e9bet Karit\u00e1sz K\u00f6zpont\",\"description\":\"Esztergom-Budapesti F\u0151egyh\u00e1zmegye\",\"publisher\":{\"@id\":\"https:\/\/karitaszkozpont.hu\/#organization\"},\"potentialAction\":[{\"@type\":\"SearchAction\",\"target\":{\"@type\":\"EntryPoint\",\"urlTemplate\":\"https:\/\/karitaszkozpont.hu\/?s={search_term_string}\"},\"query-input\":\"required name=search_term_string\"}],\"inLanguage\":\"hu\"},{\"@type\":\"Organization\",\"@id\":\"https:\/\/karitaszkozpont.hu\/#organization\",\"name\":\"Szent Erzs\u00e9bet Karit\u00e1sz K\u00f6zpont\",\"url\":\"https:\/\/karitaszkozpont.hu\/\",\"logo\":{\"@type\":\"ImageObject\",\"inLanguage\":\"hu\",\"@id\":\"https:\/\/karitaszkozpont.hu\/#\/schema\/logo\/image\/\",\"url\":\"https:\/\/karitaszkp.hu\/wp-content\/uploads\/2019\/06\/cropped-logo-arnyekos-1.png\",\"contentUrl\":\"https:\/\/karitaszkp.hu\/wp-content\/uploads\/2019\/06\/cropped-logo-arnyekos-1.png\",\"width\":240,\"height\":247,\"caption\":\"Szent Erzs\u00e9bet Karit\u00e1sz K\u00f6zpont\"},\"image\":{\"@id\":\"https:\/\/karitaszkozpont.hu\/#\/schema\/logo\/image\/\"}},{\"@type\":\"Person\",\"@id\":\"https:\/\/karitaszkozpont.hu\/#\/schema\/person\/0d9c28244c111914ea13bb1248775e57\",\"name\":\"Karit\u00e1sz K\u00f6zpont\",\"image\":{\"@type\":\"ImageObject\",\"inLanguage\":\"hu\",\"@id\":\"https:\/\/karitaszkozpont.hu\/#\/schema\/person\/image\/\",\"url\":\"https:\/\/secure.gravatar.com\/avatar\/1274acd7c62f3cac92d2b38aad20c71b?s=96&d=mm&r=g\",\"contentUrl\":\"https:\/\/secure.gravatar.com\/avatar\/1274acd7c62f3cac92d2b38aad20c71b?s=96&d=mm&r=g\",\"caption\":\"Karit\u00e1sz K\u00f6zpont\"},\"url\":\"https:\/\/karitaszkozpont.hu\/?author=1\"}]}<\/script>\n<!-- \/ Yoast SEO plugin. -->","yoast_head_json":{"title":"138. Karit\u00e1sz Egyperces - Szent Erzs\u00e9bet Karit\u00e1sz K\u00f6zpont","robots":{"index":"index","follow":"follow","max-snippet":"max-snippet:-1","max-image-preview":"max-image-preview:large","max-video-preview":"max-video-preview:-1"},"canonical":"https:\/\/karitaszkozpont.hu\/?p=1368","og_locale":"hu_HU","og_type":"article","og_title":"138. Karit\u00e1sz Egyperces - Szent Erzs\u00e9bet Karit\u00e1sz K\u00f6zpont","og_description":"138. A l\u00e1t\u00e1s szintjei \u201eBartimeus, a vak koldushoz \u00edgy sz\u00f3lt J\u00e9zus:&nbsp;\u00bbMit akarsz, mit cselekedjem veled?\u00ab Az \u00edgy felelt: \u00bbUram! Hogy l\u00e1ssak! (v\u00f6. Lk 18,41) Kedves Karit\u00e1sz \u00d6nk\u00e9ntesek, Munkat\u00e1rsak, Testv\u00e9rek az \u00darban! Ahogy kor\u00e1bban m\u00e1r t\u00f6bbsz\u00f6r, t\u00f6bb f\u00f3rumon is h\u00edrt adtunk r\u00f3la, hogy szoros egy\u00fcttm\u0171k\u00f6d\u00e9sben \u00e1llunk a Rem\u00e9nyk\u00f6rrel, akik l\u00e1t\u00e1s-, hall\u00e1s-, mozg\u00e1ss\u00e9r\u00fcltek \u00e9s szellemi akad\u00e1lyozotts\u00e1ggal \u00e9l\u0151knek &hellip; Continue reading \"138. Karit\u00e1sz Egyperces\"","og_url":"https:\/\/karitaszkozpont.hu\/?p=1368","og_site_name":"Szent Erzs\u00e9bet Karit\u00e1sz K\u00f6zpont","article_published_time":"2021-10-27T18:16:38+00:00","article_modified_time":"2022-01-08T08:49:10+00:00","og_image":[{"width":2300,"height":1528,"url":"https:\/\/karitaszkozpont.hu\/wp-content\/uploads\/2019\/07\/egyperceslogo.jpg","type":"image\/jpeg"}],"author":"Karit\u00e1sz K\u00f6zpont","twitter_card":"summary_large_image","twitter_misc":{"Szerz\u0151:":"Karit\u00e1sz K\u00f6zpont","Becs\u00fclt olvas\u00e1si id\u0151":"4 perc"},"schema":{"@context":"https:\/\/schema.org","@graph":[{"@type":"Article","@id":"https:\/\/karitaszkozpont.hu\/?p=1368#article","isPartOf":{"@id":"https:\/\/karitaszkozpont.hu\/?p=1368"},"author":{"name":"Karit\u00e1sz K\u00f6zpont","@id":"https:\/\/karitaszkozpont.hu\/#\/schema\/person\/0d9c28244c111914ea13bb1248775e57"},"headline":"138. Karit\u00e1sz Egyperces","datePublished":"2021-10-27T18:16:38+00:00","dateModified":"2022-01-08T08:49:10+00:00","mainEntityOfPage":{"@id":"https:\/\/karitaszkozpont.hu\/?p=1368"},"wordCount":1242,"publisher":{"@id":"https:\/\/karitaszkozpont.hu\/#organization"},"articleSection":["Egypercesek"],"inLanguage":"hu"},{"@type":"WebPage","@id":"https:\/\/karitaszkozpont.hu\/?p=1368","url":"https:\/\/karitaszkozpont.hu\/?p=1368","name":"138. Karit\u00e1sz Egyperces - Szent Erzs\u00e9bet Karit\u00e1sz K\u00f6zpont","isPartOf":{"@id":"https:\/\/karitaszkozpont.hu\/#website"},"datePublished":"2021-10-27T18:16:38+00:00","dateModified":"2022-01-08T08:49:10+00:00","breadcrumb":{"@id":"https:\/\/karitaszkozpont.hu\/?p=1368#breadcrumb"},"inLanguage":"hu","potentialAction":[{"@type":"ReadAction","target":["https:\/\/karitaszkozpont.hu\/?p=1368"]}]},{"@type":"BreadcrumbList","@id":"https:\/\/karitaszkozpont.hu\/?p=1368#breadcrumb","itemListElement":[{"@type":"ListItem","position":1,"name":"Kezd\u0151lap","item":"https:\/\/karitaszkozpont.hu\/"},{"@type":"ListItem","position":2,"name":"138. Karit\u00e1sz Egyperces"}]},{"@type":"WebSite","@id":"https:\/\/karitaszkozpont.hu\/#website","url":"https:\/\/karitaszkozpont.hu\/","name":"Szent Erzs\u00e9bet Karit\u00e1sz K\u00f6zpont","description":"Esztergom-Budapesti F\u0151egyh\u00e1zmegye","publisher":{"@id":"https:\/\/karitaszkozpont.hu\/#organization"},"potentialAction":[{"@type":"SearchAction","target":{"@type":"EntryPoint","urlTemplate":"https:\/\/karitaszkozpont.hu\/?s={search_term_string}"},"query-input":"required name=search_term_string"}],"inLanguage":"hu"},{"@type":"Organization","@id":"https:\/\/karitaszkozpont.hu\/#organization","name":"Szent Erzs\u00e9bet Karit\u00e1sz K\u00f6zpont","url":"https:\/\/karitaszkozpont.hu\/","logo":{"@type":"ImageObject","inLanguage":"hu","@id":"https:\/\/karitaszkozpont.hu\/#\/schema\/logo\/image\/","url":"https:\/\/karitaszkp.hu\/wp-content\/uploads\/2019\/06\/cropped-logo-arnyekos-1.png","contentUrl":"https:\/\/karitaszkp.hu\/wp-content\/uploads\/2019\/06\/cropped-logo-arnyekos-1.png","width":240,"height":247,"caption":"Szent Erzs\u00e9bet Karit\u00e1sz K\u00f6zpont"},"image":{"@id":"https:\/\/karitaszkozpont.hu\/#\/schema\/logo\/image\/"}},{"@type":"Person","@id":"https:\/\/karitaszkozpont.hu\/#\/schema\/person\/0d9c28244c111914ea13bb1248775e57","name":"Karit\u00e1sz K\u00f6zpont","image":{"@type":"ImageObject","inLanguage":"hu","@id":"https:\/\/karitaszkozpont.hu\/#\/schema\/person\/image\/","url":"https:\/\/secure.gravatar.com\/avatar\/1274acd7c62f3cac92d2b38aad20c71b?s=96&d=mm&r=g","contentUrl":"https:\/\/secure.gravatar.com\/avatar\/1274acd7c62f3cac92d2b38aad20c71b?s=96&d=mm&r=g","caption":"Karit\u00e1sz K\u00f6zpont"},"url":"https:\/\/karitaszkozpont.hu\/?author=1"}]}},"_links":{"self":[{"href":"https:\/\/karitaszkozpont.hu\/index.php?rest_route=\/wp\/v2\/posts\/1368"}],"collection":[{"href":"https:\/\/karitaszkozpont.hu\/index.php?rest_route=\/wp\/v2\/posts"}],"about":[{"href":"https:\/\/karitaszkozpont.hu\/index.php?rest_route=\/wp\/v2\/types\/post"}],"author":[{"embeddable":true,"href":"https:\/\/karitaszkozpont.hu\/index.php?rest_route=\/wp\/v2\/users\/1"}],"replies":[{"embeddable":true,"href":"https:\/\/karitaszkozpont.hu\/index.php?rest_route=%2Fwp%2Fv2%2Fcomments&post=1368"}],"version-history":[{"count":1,"href":"https:\/\/karitaszkozpont.hu\/index.php?rest_route=\/wp\/v2\/posts\/1368\/revisions"}],"predecessor-version":[{"id":1369,"href":"https:\/\/karitaszkozpont.hu\/index.php?rest_route=\/wp\/v2\/posts\/1368\/revisions\/1369"}],"wp:featuredmedia":[{"embeddable":true,"href":"https:\/\/karitaszkozpont.hu\/index.php?rest_route=\/wp\/v2\/media\/563"}],"wp:attachment":[{"href":"https:\/\/karitaszkozpont.hu\/index.php?rest_route=%2Fwp%2Fv2%2Fmedia&parent=1368"}],"wp:term":[{"taxonomy":"category","embeddable":true,"href":"https:\/\/karitaszkozpont.hu\/index.php?rest_route=%2Fwp%2Fv2%2Fcategories&post=1368"},{"taxonomy":"post_tag","embeddable":true,"href":"https:\/\/karitaszkozpont.hu\/index.php?rest_route=%2Fwp%2Fv2%2Ftags&post=1368"}],"curies":[{"name":"wp","href":"https:\/\/api.w.org\/{rel}","templated":true}]}}