{"id":1363,"date":"2021-10-17T15:20:12","date_gmt":"2021-10-17T13:20:12","guid":{"rendered":"http:\/\/karitaszkp.hu\/?p=1363"},"modified":"2022-01-08T10:49:10","modified_gmt":"2022-01-08T08:49:10","slug":"137-karitasz-egyperces","status":"publish","type":"post","link":"https:\/\/karitaszkozpont.hu\/?p=1363","title":{"rendered":"137. Karit\u00e1sz Egyperces"},"content":{"rendered":"\n<p class=\"has-white-color has-vivid-red-background-color has-text-color has-background has-large-font-size\"><strong>137. J\u00e9zusr\u00f3l elnevezett (Avilai) Szent Ter\u00e9z sz\u0171z \u00e9s egyh\u00e1ztan\u00edt\u00f3<\/strong><\/p>\n\n\n\n<p>Kedves Karit\u00e1sz \u00d6nk\u00e9ntesek, Munkat\u00e1rsak, Testv\u00e9rek az \u00darban!<\/p>\n\n\n\n<p>Okt\u00f3ber 15-\u00e9n \u00fcnnepelj\u00fck Avilai Nagy Szent Ter\u00e9zt, aki a XVI. sz\u00e1zadban megreform\u00e1lta a karmelit\u00e1k rendj\u00e9t, az egyh\u00e1zt\u00f6rt\u00e9nelem meghat\u00e1roz\u00f3 alakja volt. Egyszerre volt vid\u00e1m \u00e9s elm\u00e9ly\u00fcl\u0151, tudott b\u0151velkedni \u00e9s tudott b\u00f6jt\u00f6lni, \u00e9rz\u00e9keny volt a m\u0171v\u00e9szet \u00e9s a tudom\u00e1ny ir\u00e1nt, egyszerre volt racion\u00e1lis \u00e9s misztikus. Nyilv\u00e1n ezek a tulajdons\u00e1gok els\u0151sorban Isten kegyelmei, de az \u0151 \u00e9rdeme, hogy ezeket k\u00e9pes volt befogadni, az el\u00fcltetett magot mag\u00e1ban kisarjasztani, gy\u00fcm\u00f6lcs\u00f6t teremni, m\u00e9ghozz\u00e1 maradand\u00f3 gy\u00fcm\u00f6lcs\u00f6ket.<\/p>\n\n\n\n<p>\u00c9ppen ez a mi feladatunk, k\u00fcldet\u00e9s\u00fcnk is: Isten kegyelm\u00e9t aktiv\u00e1lni magunk \u00e9s m\u00e1sok sz\u00e1m\u00e1ra. Mert mit is \u00e9r a gyertya, ha nem ad f\u00e9nyt, mit is \u00e9rne a t\u0171z, ha nem meleg\u00edten\u00e9nk vele. Mit \u00e9r a sok kegyelem, a t\u00e1lentumok, amiket kapunk, ha nem \u00e9l\u00fcnk vele. Ha el\u00e1ssuk kincseinket, rossz s\u00e1f\u00e1rok vagyunk, de ha kamatoztajuk, akkor elv\u00e9gezz\u00fck k\u00fcldet\u00e9s\u00fcnket, amire az Isten megh\u00edvott minket J\u00e9zusben a Szentl\u00e9lek \u00e1ltal.<\/p>\n\n\n\n<p><strong>Csak akkor van \u00e9rtelme az \u00e9let\u00fcnknek, ha a benn\u00fcnk lev\u0151 szeretetet aktiv\u00e1ljuk<\/strong>&nbsp;\u2013 merthogy Isten maga a Szeretet \u00e9s semmi sem marad meg ebb\u0151l a vil\u00e1gb\u00f3l, csak a szeretet \u00e9s annak m\u0171vei. Ezt ismerte fel Nagy Szent Ter\u00e9z is, lelke&nbsp;<em>bels\u0151 v\u00e1rkast\u00e9ly\u00e1ban<\/em>&nbsp;volt a kincs, ott tal\u00e1lta meg J\u00e9zust \u2013 ott tal\u00e1lta meg bar\u00e1tj\u00e1t, ur\u00e1t, Isten\u00e9t. Ter\u00e9z a lelki \u00e9let mestere, egyh\u00e1ztan\u00edt\u00f3 volt, mind a mai napig fennmaradt az \u00edrott m\u0171ve&nbsp;<em>A bels\u0151 v\u00e1rkast\u00e9ly<\/em>&nbsp;c. k\u00f6nyve, de m\u00e9gink\u00e1bb fennmaradt a karmelit\u00e1kn\u00e1l \u00e9s \u00edgy az egyh\u00e1zban v\u00e9gbevitt meg\u00faj\u00edt\u00f3 m\u0171v\u00e9nek hat\u00e1sa. \u0150 ugyanis nem rejtette v\u00e9ka al\u00e1 l\u00e1mp\u00e1s\u00e1t, lelke belsej\u00e9b\u0151l aktiv\u00e1lta a L\u00e9lek aj\u00e1nd\u00e9kait, a Szentl\u00e9lek erej\u00e9vel \u00e9lt, im\u00e1dkozott, v\u00e9gezte szolg\u00e1lat\u00e1t.<\/p>\n\n\n\n<p><strong>Beleadta teljes \u00f6nmag\u00e1t t\u00fczes lelk\u0171en \u2013 \u00e9s \u00edgy megtermette a L\u00e9lek gy\u00fcm\u00f6lcseit \u00e9s Isten kedv\u00e9t tal\u00e1lta benne. Minket is erre h\u00edv az Isten, hogy \u00e9lj\u00fcnk teljes sz\u00edvvel, l\u00e9lekkel.&nbsp;<\/strong>Merj\u00fck b\u00e1tran felkutatni a benn\u00fcnk lev\u0151, benn\u00fcnk \u00e9r\u0151 kegyelmeket \u2013 keress\u00fck Isten \u00fatj\u00e1t, Isten akarat\u00e1t! Ahogy Avilia Ter\u00e9z \u00e9s a t\u00f6bbi szent is megtal\u00e1lta, mi is megfogjuk tal\u00e1lni a kincset, hiszen nincsen messze. Benn\u00fcnk van, a mi saj\u00e1t bens\u0151 v\u00e1rkast\u00e9lyunkban.<\/p>\n\n\n\n<p>S ha megtal\u00e1ltuk, akkor meg fogjuk \u00e9rezni \u00e9s tapasztalni, hogy ez olyan kincs, ami\u00e9rt, aki\u00e9rt \u00e9rdemes minden\u00fcnket odaadni. Szent P\u00e1l \u00edgy fogalmaz:&nbsp;<em>\u201eKrisztus\u00e9rt&nbsp;mindent elvetettem, s\u0151t szem\u00e9tnek tekintettem, csakhogy Krisztust elnyerhessem \u00e9s hozz\u00e1 tartozzam.\u201d (Fil 3,8)<\/em>&nbsp;Az \u00dar a p\u00e9ldabesz\u00e9d\u00e9ben pedig ezt mondja&nbsp;<em>\u201eHasonl\u00f3 a mennyek orsz\u00e1ga a sz\u00e1nt\u00f3f\u00f6ldbe rejtett kincshez. Egy ember megtal\u00e1lta, \u00fajra elrejtette, azt\u00e1n \u00f6r\u00f6m\u00e9ben elment, eladta minden\u00e9t, amije csak volt, \u00e9s megvette a sz\u00e1nt\u00f3f\u00f6ldet.\u201d (Mt 13,44)<\/em><\/p>\n\n\n\n<p>Igen, keress\u00fck boldogs\u00e1gunkat, ami nem m\u00e1s, mint a szeretet benn\u00fcnk! \u00c9s ha megtal\u00e1ltuk, akkor a mi lelk\u00fcnk is felt\u00fczesedik. Akkor induljunk el \u00e9s v\u00e1ltsuk val\u00f3ra, v\u00e1ltsuk \u00e9letre a benn\u00fcnk val\u00f3 tal\u00e1ntumokat. El fogunk f\u00e1radni? Igen. Neh\u00e9z az \u00fat a hegyre, a Sion hegy\u00e9re? Igen. De nem egyed\u00fcl megy\u00fcnk. Az \u00dar mindig vel\u00fcnk lesz, hiszen \u0150 maga az \u00dat. \u0150 maga a vez\u00e9r\u00fcnk, p\u00e1sztorunk \u00e9s bar\u00e1tunk. \u00c9s ha \u00edgy haladunk vele, ny\u00edlegyenesn, akkor a maradand\u00f3 gy\u00fcm\u00f6lcs\u00f6ket megteremj\u00fck magunk \u00e9s m\u00e1sok sz\u00e1m\u00e1ra is.&nbsp;<strong>Az Istenhez vezet\u0151 \u00e9let ugyanis vonz\u00f3. Isten embere JEL ebben a vil\u00e1gban, l\u00e1mp\u00e1s. Higgy\u00fck el, hogy t\u00e9nyleg mi vagyunk a vil\u00e1g vil\u00e1goss\u00e1ga.&nbsp;<\/strong>A mi felel\u0151ss\u00e9g\u00fcnk is, hogy m\u00e1sok megismerik-e \u00e9s megszeretik-e Istent.<\/p>\n\n\n\n<p>Kedves Karit\u00e1szosok! Mi \u00e9ppen ezt v\u00e1llaltuk. Azt v\u00e1llaltuk, hogy tan\u00fas\u00e1got tesz\u00fcnk Isten szeretet\u00e9r\u0151l az emberek el\u0151tt a tev\u00e9keny szeretet eszk\u00f6zrendszer\u00e9vel. Azt v\u00e1llaltuk, hogy odafordulunk minden neh\u00e9z helyzetben lev\u0151, szeretetre, anyagi sz\u00fcks\u00e9gre, seg\u00edts\u00e9gre szorul\u00f3 embert\u00e1rsunkhoz. Azt v\u00e1llaltuk, hogy \u00e1t\u00f6lelj\u00fck Isten szeretet\u00e9vel a bajban lev\u0151ket \u00e9s elvezetj\u00fck J\u00e9zushoz. Megmutatjuk azt, hogy Isten mindenkit szeret \u00e9s h\u00edv mag\u00e1hoz, hogy vele, a Szeretettel legy\u00fcnk egyek \u00e9s egym\u00e1ssal testv\u00e9rek, akiknek egy k\u00f6z\u00f6s a Teremt\u0151je, a Mennyei Atyja! Csod\u00e1latos hivat\u00e1s, csod\u00e1latos k\u00fcldet\u00e9s ez. K\u00f6sz\u00f6n\u00f6m, hogy egy\u00fctt vihetj\u00fck j\u00f3v\u00e9gre Isten akarat\u00e1t a mi t\u00e1lentumaink, a kapott kegyelmek seg\u00edts\u00e9g\u00e9vel.<\/p>\n\n\n\n<p><em>Isten\u00fcnk, te a J\u00e9zusr\u00f3l nevezett Szent Ter\u00e9zt Szentlelked \u00e1ltal arra ind\u00edtottad, hogy \u00e9letm\u0171v\u00e9vel a t\u00f6k\u00e9letess\u00e9g \u00fatj\u00e1t tan\u00edtsa az Egyh\u00e1zban. Add, hogy mennyei tan\u00edt\u00e1sa sz\u00fcntelen\u00fcl oktasson minket, \u00e9s elt\u00f6lts\u00f6n az igazi \u00e9letszents\u00e9g ut\u00e1ni v\u00e1ggyal.&nbsp;(Avilai Szent Ter\u00e9z napi k\u00f6ny\u00f6rg\u00e9s)<\/em><\/p>\n\n\n\n<p>Hirdet\u00e9sek:<\/p>\n\n\n\n<p>\u00b7&nbsp;&nbsp;&nbsp;&nbsp;&nbsp;&nbsp;&nbsp;&nbsp;&nbsp;Az \u00c9lelmiszerbank akci\u00f3j\u00e1n kereszt\u00fcl a november 19-21-i h\u00e9tv\u00e9g\u00e9n t\u00f6bb \u00e1ruh\u00e1zban fogunk gy\u0171jteni tart\u00f3s \u00e9lelmiszert a r\u00e1szorul\u00f3knak \u00e1dventre, kar\u00e1csonyra. Sok \u00f6nk\u00e9ntesre lesz sz\u00fcks\u00e9g, hiszen p\u00e9ntek est\u00e9t\u0151l vas\u00e1rnap est\u00e9ig 3-4 \u00f3r\u00e1s v\u00e1lt\u00e1sban kell helyt\u00e1llnunk Budapesten, T\u00e1ton \u00e9s Esztergomban, t\u00f6bb \u00e1ruh\u00e1zban. \u00c1lland\u00f3 \u00e9s alkalmi \u00f6nk\u00e9ntesek jel\u00e9entkez\u00e9s\u00e9t v\u00e1rjuk a k\u00f6zponti a helyi pl\u00e9b\u00e1niai karit\u00e1sz csoport vezet\u0151n\u00e9l, vagy e-mail c\u00edm\u00fcnk\u00f6n. T\u00f6bb sz\u00e1z csal\u00e1don seg\u00edtett\u00fcnk ezzel az akci\u00f3val tavaly is.<\/p>\n\n\n\n<p>\u00b7&nbsp;&nbsp;&nbsp;&nbsp;&nbsp;&nbsp;&nbsp;&nbsp;&nbsp;A k\u00f6vetkez\u0151 karit\u00e1sz m\u0171sorunk a M\u00e1ria R\u00e1di\u00f3ban okt\u00f3ber 27-\u00e1n szerd\u00e1n 10.50 \u00f3rakor kezd\u0151dik.<\/p>\n\n\n\n<p>\u00b7&nbsp;&nbsp;&nbsp;&nbsp;&nbsp;&nbsp;&nbsp;&nbsp;&nbsp;Kor\u00e1bbi m\u0171soraink itt hallgathat\u00f3k meg:&nbsp;<a href=\"https:\/\/www.mariaradio.hu\/musor\/4814\/Tevekeny_Szeretet\" target=\"_blank\" rel=\"noreferrer noopener\">https:\/\/www.mariaradio.hu\/musor\/4814\/Tevekeny_Szeretet<\/a><\/p>\n\n\n\n<p>\u00b7&nbsp;&nbsp;&nbsp;&nbsp;&nbsp;&nbsp;&nbsp;&nbsp;&nbsp;Felh\u00edvom mindenki figyelm\u00e9t, hogy a facebook- \u00e9s weboldalunkon folyamatosan friss\u00fclnek a h\u00edreink.&nbsp;<a href=\"http:\/\/www.karitaszkp.hu\/\" target=\"_blank\" rel=\"noreferrer noopener\">www.karitaszkp.hu<\/a>&nbsp;,&nbsp;<a href=\"https:\/\/www.facebook.com\/szenterzsebetkaritaszkozpont\" target=\"_blank\" rel=\"noreferrer noopener\">Esztergom-Budapesti F\u0151egyh\u00e1zmegye Szent Erzs\u00e9bet Karit\u00e1sz K\u00f6zpont | Facebook<\/a><\/p>\n\n\n\n<p>\u00b7&nbsp;&nbsp;&nbsp;&nbsp;&nbsp;&nbsp;&nbsp;&nbsp;&nbsp;A Szent Erzs\u00e9bet Karit\u00e1sz K\u00f6zpont k\u00e9r\u00e9s\u00e9re f\u0151tisztelend\u0151 Feldhoffer Antal pl\u00e9b\u00e1nos atya minden els\u0151 h\u00e9tf\u0151n 15.30-kor karit\u00e1sz szentmis\u00e9t mutat be a 1035 Budapest, III. ker. K\u00f3rh\u00e1z u. 37. sz\u00e1m alatti Szent J\u00f3zsef templomban. Misesz\u00e1nd\u00e9k: \u00e9l\u0151 \u00e9s elhunyt karit\u00e1szosok\u00e9rt. A k\u00f6vetkez\u0151 alkalom november 8-\u00e1n lesz. (mivel november 1. f\u0151\u00fcnnep \u00e9s h\u00e9tf\u0151, \u00edgy azt k\u00e9rj\u00fck, hogy minkebki a saj\u00e1t templom\u00e1ba, k\u00f6z\u00f6ss\u00e9g\u00e9be menjen \u00fcnnepelni).<\/p>\n\n\n\n<p>Csorba G\u00e1bor<\/p>\n\n\n\n<p>\u00e1lland\u00f3 diak\u00f3nus, karit\u00e1sz igazgat\u00f3<\/p>\n\n\n\n<p>Esztergom-Budapesti F\u0151egyh\u00e1zmegye<\/p>\n\n\n\n<p>Szent Erzs\u00e9bet Karit\u00e1sz K\u00f6zpont<\/p>\n\n\n\n<p class=\"has-background\" style=\"background-color:#cacaca\">Iroda:&nbsp;<a href=\"https:\/\/www.google.com\/maps\/search\/1035+Budapest,+K%C3%B3rh%C3%A1z+utca+37?entry=gmail&amp;source=g\">1035 Budapest, K\u00f3rh\u00e1z utca 37<\/a>.<\/p>\n\n\n\n<p class=\"has-background\" style=\"background-color:#cacaca\">Telefon: +36-1-351-1977<\/p>\n\n\n\n<p class=\"has-background\" style=\"background-color:#cacaca\">Mobil: +36-30-592-1483<\/p>\n\n\n\n<p class=\"has-background\" style=\"background-color:#cacaca\">E-mail:&nbsp;<a href=\"mailto:szenterzsebet@karitaszkozpont.hu\" target=\"_blank\" rel=\"noreferrer noopener\">szenterzsebet@karitaszkozpont.hu<\/a><\/p>\n\n\n\n<p class=\"has-background\" style=\"background-color:#cacaca\">Honlap:&nbsp;<a href=\"http:\/\/www.karitaszkp.hu\/\" target=\"_blank\" rel=\"noreferrer noopener\">www.karitaszkp.hu<\/a><\/p>\n\n\n\n<p class=\"has-background\" style=\"background-color:#cacaca\">A kor\u00e1bbi egypercesek itt \u00e9rhet\u0151k el:&nbsp;<a href=\"https:\/\/karitaszegypercesek.blogspot.com\/\" target=\"_blank\" rel=\"noreferrer noopener\">https:\/\/karitaszegypercesek.blogspot.com\/<\/a><\/p>\n","protected":false},"excerpt":{"rendered":"<p>137. J\u00e9zusr\u00f3l elnevezett (Avilai) Szent Ter\u00e9z sz\u0171z \u00e9s egyh\u00e1ztan\u00edt\u00f3 Kedves Karit\u00e1sz \u00d6nk\u00e9ntesek, Munkat\u00e1rsak, Testv\u00e9rek az \u00darban! Okt\u00f3ber 15-\u00e9n \u00fcnnepelj\u00fck Avilai Nagy Szent Ter\u00e9zt, aki a XVI. sz\u00e1zadban megreform\u00e1lta a karmelit\u00e1k rendj\u00e9t, az egyh\u00e1zt\u00f6rt\u00e9nelem meghat\u00e1roz\u00f3 alakja volt. Egyszerre volt vid\u00e1m \u00e9s elm\u00e9ly\u00fcl\u0151, tudott b\u0151velkedni \u00e9s tudott b\u00f6jt\u00f6lni, \u00e9rz\u00e9keny volt a m\u0171v\u00e9szet \u00e9s a tudom\u00e1ny ir\u00e1nt, egyszerre &hellip; <\/p>\n<p class=\"link-more\"><a href=\"https:\/\/karitaszkozpont.hu\/?p=1363\" class=\"more-link\">Continue reading<span class=\"screen-reader-text\"> &#8222;137. Karit\u00e1sz Egyperces&#8221;<\/span><\/a><\/p>\n","protected":false},"author":1,"featured_media":563,"comment_status":"closed","ping_status":"closed","sticky":false,"template":"","format":"standard","meta":[],"categories":[8],"tags":[],"yoast_head":"<!-- This site is optimized with the Yoast SEO plugin v20.1 - https:\/\/yoast.com\/wordpress\/plugins\/seo\/ -->\n<title>137. Karit\u00e1sz Egyperces - Szent Erzs\u00e9bet Karit\u00e1sz K\u00f6zpont<\/title>\n<meta name=\"robots\" content=\"index, follow, max-snippet:-1, max-image-preview:large, max-video-preview:-1\" \/>\n<link rel=\"canonical\" href=\"https:\/\/karitaszkozpont.hu\/?p=1363\" \/>\n<meta property=\"og:locale\" content=\"hu_HU\" \/>\n<meta property=\"og:type\" content=\"article\" \/>\n<meta property=\"og:title\" content=\"137. Karit\u00e1sz Egyperces - Szent Erzs\u00e9bet Karit\u00e1sz K\u00f6zpont\" \/>\n<meta property=\"og:description\" content=\"137. J\u00e9zusr\u00f3l elnevezett (Avilai) Szent Ter\u00e9z sz\u0171z \u00e9s egyh\u00e1ztan\u00edt\u00f3 Kedves Karit\u00e1sz \u00d6nk\u00e9ntesek, Munkat\u00e1rsak, Testv\u00e9rek az \u00darban! Okt\u00f3ber 15-\u00e9n \u00fcnnepelj\u00fck Avilai Nagy Szent Ter\u00e9zt, aki a XVI. sz\u00e1zadban megreform\u00e1lta a karmelit\u00e1k rendj\u00e9t, az egyh\u00e1zt\u00f6rt\u00e9nelem meghat\u00e1roz\u00f3 alakja volt. Egyszerre volt vid\u00e1m \u00e9s elm\u00e9ly\u00fcl\u0151, tudott b\u0151velkedni \u00e9s tudott b\u00f6jt\u00f6lni, \u00e9rz\u00e9keny volt a m\u0171v\u00e9szet \u00e9s a tudom\u00e1ny ir\u00e1nt, egyszerre &hellip; Continue reading &quot;137. Karit\u00e1sz Egyperces&quot;\" \/>\n<meta property=\"og:url\" content=\"https:\/\/karitaszkozpont.hu\/?p=1363\" \/>\n<meta property=\"og:site_name\" content=\"Szent Erzs\u00e9bet Karit\u00e1sz K\u00f6zpont\" \/>\n<meta property=\"article:published_time\" content=\"2021-10-17T13:20:12+00:00\" \/>\n<meta property=\"article:modified_time\" content=\"2022-01-08T08:49:10+00:00\" \/>\n<meta property=\"og:image\" content=\"https:\/\/karitaszkozpont.hu\/wp-content\/uploads\/2019\/07\/egyperceslogo.jpg\" \/>\n\t<meta property=\"og:image:width\" content=\"2300\" \/>\n\t<meta property=\"og:image:height\" content=\"1528\" \/>\n\t<meta property=\"og:image:type\" content=\"image\/jpeg\" \/>\n<meta name=\"author\" content=\"Karit\u00e1sz K\u00f6zpont\" \/>\n<meta name=\"twitter:card\" content=\"summary_large_image\" \/>\n<meta name=\"twitter:label1\" content=\"Szerz\u0151:\" \/>\n\t<meta name=\"twitter:data1\" content=\"Karit\u00e1sz K\u00f6zpont\" \/>\n\t<meta name=\"twitter:label2\" content=\"Becs\u00fclt olvas\u00e1si id\u0151\" \/>\n\t<meta name=\"twitter:data2\" content=\"4 perc\" \/>\n<script type=\"application\/ld+json\" class=\"yoast-schema-graph\">{\"@context\":\"https:\/\/schema.org\",\"@graph\":[{\"@type\":\"Article\",\"@id\":\"https:\/\/karitaszkozpont.hu\/?p=1363#article\",\"isPartOf\":{\"@id\":\"https:\/\/karitaszkozpont.hu\/?p=1363\"},\"author\":{\"name\":\"Karit\u00e1sz K\u00f6zpont\",\"@id\":\"https:\/\/karitaszkozpont.hu\/#\/schema\/person\/0d9c28244c111914ea13bb1248775e57\"},\"headline\":\"137. Karit\u00e1sz Egyperces\",\"datePublished\":\"2021-10-17T13:20:12+00:00\",\"dateModified\":\"2022-01-08T08:49:10+00:00\",\"mainEntityOfPage\":{\"@id\":\"https:\/\/karitaszkozpont.hu\/?p=1363\"},\"wordCount\":1319,\"publisher\":{\"@id\":\"https:\/\/karitaszkozpont.hu\/#organization\"},\"articleSection\":[\"Egypercesek\"],\"inLanguage\":\"hu\"},{\"@type\":\"WebPage\",\"@id\":\"https:\/\/karitaszkozpont.hu\/?p=1363\",\"url\":\"https:\/\/karitaszkozpont.hu\/?p=1363\",\"name\":\"137. Karit\u00e1sz Egyperces - Szent Erzs\u00e9bet Karit\u00e1sz K\u00f6zpont\",\"isPartOf\":{\"@id\":\"https:\/\/karitaszkozpont.hu\/#website\"},\"datePublished\":\"2021-10-17T13:20:12+00:00\",\"dateModified\":\"2022-01-08T08:49:10+00:00\",\"breadcrumb\":{\"@id\":\"https:\/\/karitaszkozpont.hu\/?p=1363#breadcrumb\"},\"inLanguage\":\"hu\",\"potentialAction\":[{\"@type\":\"ReadAction\",\"target\":[\"https:\/\/karitaszkozpont.hu\/?p=1363\"]}]},{\"@type\":\"BreadcrumbList\",\"@id\":\"https:\/\/karitaszkozpont.hu\/?p=1363#breadcrumb\",\"itemListElement\":[{\"@type\":\"ListItem\",\"position\":1,\"name\":\"Kezd\u0151lap\",\"item\":\"https:\/\/karitaszkozpont.hu\/\"},{\"@type\":\"ListItem\",\"position\":2,\"name\":\"137. Karit\u00e1sz Egyperces\"}]},{\"@type\":\"WebSite\",\"@id\":\"https:\/\/karitaszkozpont.hu\/#website\",\"url\":\"https:\/\/karitaszkozpont.hu\/\",\"name\":\"Szent Erzs\u00e9bet Karit\u00e1sz K\u00f6zpont\",\"description\":\"Esztergom-Budapesti F\u0151egyh\u00e1zmegye\",\"publisher\":{\"@id\":\"https:\/\/karitaszkozpont.hu\/#organization\"},\"potentialAction\":[{\"@type\":\"SearchAction\",\"target\":{\"@type\":\"EntryPoint\",\"urlTemplate\":\"https:\/\/karitaszkozpont.hu\/?s={search_term_string}\"},\"query-input\":\"required name=search_term_string\"}],\"inLanguage\":\"hu\"},{\"@type\":\"Organization\",\"@id\":\"https:\/\/karitaszkozpont.hu\/#organization\",\"name\":\"Szent Erzs\u00e9bet Karit\u00e1sz K\u00f6zpont\",\"url\":\"https:\/\/karitaszkozpont.hu\/\",\"logo\":{\"@type\":\"ImageObject\",\"inLanguage\":\"hu\",\"@id\":\"https:\/\/karitaszkozpont.hu\/#\/schema\/logo\/image\/\",\"url\":\"https:\/\/karitaszkp.hu\/wp-content\/uploads\/2019\/06\/cropped-logo-arnyekos-1.png\",\"contentUrl\":\"https:\/\/karitaszkp.hu\/wp-content\/uploads\/2019\/06\/cropped-logo-arnyekos-1.png\",\"width\":240,\"height\":247,\"caption\":\"Szent Erzs\u00e9bet Karit\u00e1sz K\u00f6zpont\"},\"image\":{\"@id\":\"https:\/\/karitaszkozpont.hu\/#\/schema\/logo\/image\/\"}},{\"@type\":\"Person\",\"@id\":\"https:\/\/karitaszkozpont.hu\/#\/schema\/person\/0d9c28244c111914ea13bb1248775e57\",\"name\":\"Karit\u00e1sz K\u00f6zpont\",\"image\":{\"@type\":\"ImageObject\",\"inLanguage\":\"hu\",\"@id\":\"https:\/\/karitaszkozpont.hu\/#\/schema\/person\/image\/\",\"url\":\"https:\/\/secure.gravatar.com\/avatar\/1274acd7c62f3cac92d2b38aad20c71b?s=96&d=mm&r=g\",\"contentUrl\":\"https:\/\/secure.gravatar.com\/avatar\/1274acd7c62f3cac92d2b38aad20c71b?s=96&d=mm&r=g\",\"caption\":\"Karit\u00e1sz K\u00f6zpont\"},\"url\":\"https:\/\/karitaszkozpont.hu\/?author=1\"}]}<\/script>\n<!-- \/ Yoast SEO plugin. -->","yoast_head_json":{"title":"137. Karit\u00e1sz Egyperces - Szent Erzs\u00e9bet Karit\u00e1sz K\u00f6zpont","robots":{"index":"index","follow":"follow","max-snippet":"max-snippet:-1","max-image-preview":"max-image-preview:large","max-video-preview":"max-video-preview:-1"},"canonical":"https:\/\/karitaszkozpont.hu\/?p=1363","og_locale":"hu_HU","og_type":"article","og_title":"137. Karit\u00e1sz Egyperces - Szent Erzs\u00e9bet Karit\u00e1sz K\u00f6zpont","og_description":"137. J\u00e9zusr\u00f3l elnevezett (Avilai) Szent Ter\u00e9z sz\u0171z \u00e9s egyh\u00e1ztan\u00edt\u00f3 Kedves Karit\u00e1sz \u00d6nk\u00e9ntesek, Munkat\u00e1rsak, Testv\u00e9rek az \u00darban! Okt\u00f3ber 15-\u00e9n \u00fcnnepelj\u00fck Avilai Nagy Szent Ter\u00e9zt, aki a XVI. sz\u00e1zadban megreform\u00e1lta a karmelit\u00e1k rendj\u00e9t, az egyh\u00e1zt\u00f6rt\u00e9nelem meghat\u00e1roz\u00f3 alakja volt. Egyszerre volt vid\u00e1m \u00e9s elm\u00e9ly\u00fcl\u0151, tudott b\u0151velkedni \u00e9s tudott b\u00f6jt\u00f6lni, \u00e9rz\u00e9keny volt a m\u0171v\u00e9szet \u00e9s a tudom\u00e1ny ir\u00e1nt, egyszerre &hellip; Continue reading \"137. Karit\u00e1sz Egyperces\"","og_url":"https:\/\/karitaszkozpont.hu\/?p=1363","og_site_name":"Szent Erzs\u00e9bet Karit\u00e1sz K\u00f6zpont","article_published_time":"2021-10-17T13:20:12+00:00","article_modified_time":"2022-01-08T08:49:10+00:00","og_image":[{"width":2300,"height":1528,"url":"https:\/\/karitaszkozpont.hu\/wp-content\/uploads\/2019\/07\/egyperceslogo.jpg","type":"image\/jpeg"}],"author":"Karit\u00e1sz K\u00f6zpont","twitter_card":"summary_large_image","twitter_misc":{"Szerz\u0151:":"Karit\u00e1sz K\u00f6zpont","Becs\u00fclt olvas\u00e1si id\u0151":"4 perc"},"schema":{"@context":"https:\/\/schema.org","@graph":[{"@type":"Article","@id":"https:\/\/karitaszkozpont.hu\/?p=1363#article","isPartOf":{"@id":"https:\/\/karitaszkozpont.hu\/?p=1363"},"author":{"name":"Karit\u00e1sz K\u00f6zpont","@id":"https:\/\/karitaszkozpont.hu\/#\/schema\/person\/0d9c28244c111914ea13bb1248775e57"},"headline":"137. Karit\u00e1sz Egyperces","datePublished":"2021-10-17T13:20:12+00:00","dateModified":"2022-01-08T08:49:10+00:00","mainEntityOfPage":{"@id":"https:\/\/karitaszkozpont.hu\/?p=1363"},"wordCount":1319,"publisher":{"@id":"https:\/\/karitaszkozpont.hu\/#organization"},"articleSection":["Egypercesek"],"inLanguage":"hu"},{"@type":"WebPage","@id":"https:\/\/karitaszkozpont.hu\/?p=1363","url":"https:\/\/karitaszkozpont.hu\/?p=1363","name":"137. Karit\u00e1sz Egyperces - Szent Erzs\u00e9bet Karit\u00e1sz K\u00f6zpont","isPartOf":{"@id":"https:\/\/karitaszkozpont.hu\/#website"},"datePublished":"2021-10-17T13:20:12+00:00","dateModified":"2022-01-08T08:49:10+00:00","breadcrumb":{"@id":"https:\/\/karitaszkozpont.hu\/?p=1363#breadcrumb"},"inLanguage":"hu","potentialAction":[{"@type":"ReadAction","target":["https:\/\/karitaszkozpont.hu\/?p=1363"]}]},{"@type":"BreadcrumbList","@id":"https:\/\/karitaszkozpont.hu\/?p=1363#breadcrumb","itemListElement":[{"@type":"ListItem","position":1,"name":"Kezd\u0151lap","item":"https:\/\/karitaszkozpont.hu\/"},{"@type":"ListItem","position":2,"name":"137. Karit\u00e1sz Egyperces"}]},{"@type":"WebSite","@id":"https:\/\/karitaszkozpont.hu\/#website","url":"https:\/\/karitaszkozpont.hu\/","name":"Szent Erzs\u00e9bet Karit\u00e1sz K\u00f6zpont","description":"Esztergom-Budapesti F\u0151egyh\u00e1zmegye","publisher":{"@id":"https:\/\/karitaszkozpont.hu\/#organization"},"potentialAction":[{"@type":"SearchAction","target":{"@type":"EntryPoint","urlTemplate":"https:\/\/karitaszkozpont.hu\/?s={search_term_string}"},"query-input":"required name=search_term_string"}],"inLanguage":"hu"},{"@type":"Organization","@id":"https:\/\/karitaszkozpont.hu\/#organization","name":"Szent Erzs\u00e9bet Karit\u00e1sz K\u00f6zpont","url":"https:\/\/karitaszkozpont.hu\/","logo":{"@type":"ImageObject","inLanguage":"hu","@id":"https:\/\/karitaszkozpont.hu\/#\/schema\/logo\/image\/","url":"https:\/\/karitaszkp.hu\/wp-content\/uploads\/2019\/06\/cropped-logo-arnyekos-1.png","contentUrl":"https:\/\/karitaszkp.hu\/wp-content\/uploads\/2019\/06\/cropped-logo-arnyekos-1.png","width":240,"height":247,"caption":"Szent Erzs\u00e9bet Karit\u00e1sz K\u00f6zpont"},"image":{"@id":"https:\/\/karitaszkozpont.hu\/#\/schema\/logo\/image\/"}},{"@type":"Person","@id":"https:\/\/karitaszkozpont.hu\/#\/schema\/person\/0d9c28244c111914ea13bb1248775e57","name":"Karit\u00e1sz K\u00f6zpont","image":{"@type":"ImageObject","inLanguage":"hu","@id":"https:\/\/karitaszkozpont.hu\/#\/schema\/person\/image\/","url":"https:\/\/secure.gravatar.com\/avatar\/1274acd7c62f3cac92d2b38aad20c71b?s=96&d=mm&r=g","contentUrl":"https:\/\/secure.gravatar.com\/avatar\/1274acd7c62f3cac92d2b38aad20c71b?s=96&d=mm&r=g","caption":"Karit\u00e1sz K\u00f6zpont"},"url":"https:\/\/karitaszkozpont.hu\/?author=1"}]}},"_links":{"self":[{"href":"https:\/\/karitaszkozpont.hu\/index.php?rest_route=\/wp\/v2\/posts\/1363"}],"collection":[{"href":"https:\/\/karitaszkozpont.hu\/index.php?rest_route=\/wp\/v2\/posts"}],"about":[{"href":"https:\/\/karitaszkozpont.hu\/index.php?rest_route=\/wp\/v2\/types\/post"}],"author":[{"embeddable":true,"href":"https:\/\/karitaszkozpont.hu\/index.php?rest_route=\/wp\/v2\/users\/1"}],"replies":[{"embeddable":true,"href":"https:\/\/karitaszkozpont.hu\/index.php?rest_route=%2Fwp%2Fv2%2Fcomments&post=1363"}],"version-history":[{"count":1,"href":"https:\/\/karitaszkozpont.hu\/index.php?rest_route=\/wp\/v2\/posts\/1363\/revisions"}],"predecessor-version":[{"id":1364,"href":"https:\/\/karitaszkozpont.hu\/index.php?rest_route=\/wp\/v2\/posts\/1363\/revisions\/1364"}],"wp:featuredmedia":[{"embeddable":true,"href":"https:\/\/karitaszkozpont.hu\/index.php?rest_route=\/wp\/v2\/media\/563"}],"wp:attachment":[{"href":"https:\/\/karitaszkozpont.hu\/index.php?rest_route=%2Fwp%2Fv2%2Fmedia&parent=1363"}],"wp:term":[{"taxonomy":"category","embeddable":true,"href":"https:\/\/karitaszkozpont.hu\/index.php?rest_route=%2Fwp%2Fv2%2Fcategories&post=1363"},{"taxonomy":"post_tag","embeddable":true,"href":"https:\/\/karitaszkozpont.hu\/index.php?rest_route=%2Fwp%2Fv2%2Ftags&post=1363"}],"curies":[{"name":"wp","href":"https:\/\/api.w.org\/{rel}","templated":true}]}}