{"id":1360,"date":"2021-10-11T21:32:50","date_gmt":"2021-10-11T19:32:50","guid":{"rendered":"http:\/\/karitaszkp.hu\/?p=1360"},"modified":"2022-01-08T10:49:10","modified_gmt":"2022-01-08T08:49:10","slug":"136-karitasz-egyperces","status":"publish","type":"post","link":"https:\/\/karitaszkozpont.hu\/?p=1360","title":{"rendered":"136. Karit\u00e1sz Egyperces"},"content":{"rendered":"\n<p class=\"has-white-color has-vivid-red-background-color has-text-color has-background has-large-font-size\"><strong>136. M\u00e1ria a t\u00f6rt\u00e9nelem alak\u00edt\u00f3ja<\/strong><\/p>\n\n\n\n<p class=\"has-background\" style=\"background-color:#cacaca\"><em>\u201e<\/em>Szent Fiadat, Boldogasszony, k\u00e9rd e n\u00e9p\u00e9rt, \/ gy\u0151zelemmel verje vissza ellens\u00e9g\u00e9t, \/ rabs\u00e1g\u00e1nak vesse v\u00e9g\u00e9t, \/ adja neki \u00e9gen-f\u00f6ld\u00f6n \u00fcdv\u00f6ss\u00e9g\u00e9t.<em>\u201d (N\u00e9p\u00e9nek a XVII. sz\u00e1zadb\u00f3l)<\/em><\/p>\n\n\n\n<p>Kedves Karit\u00e1sz \u00d6nk\u00e9ntesek, Munkat\u00e1rsak, Testv\u00e9rek az \u00darban!<\/p>\n\n\n\n<p>Okt\u00f3ber Sz\u0171z M\u00e1ria h\u00f3napja, ahogy a m\u00e1jus is. M\u00e1jusban a lorett\u00f3i lit\u00e1nia im\u00e1ds\u00e1g ker\u00fcl el\u0151t\u00e9rbe, amiben dics\u0151\u00edtj\u00fck \u00e9s k\u00e9rj\u00fck a Szent Sz\u0171zet, megv\u00e1lt\u00f3nk \u00e9desanyj\u00e1t, a mi mennyei \u00e9desany\u00e1nkat, okt\u00f3ber a r\u00f3zsaf\u00fcz\u00e9r h\u00f3napja. Ahogy a Boldogs\u00e1gos Sz\u0171zanya folyamatos k\u00f6zbenj\u00e1r\u00e1sa Szent Fi\u00e1n\u00e1l, sz\u00fcntelen buzd\u00edt\u00e1sa fel\u00e9nk, hogy tarsunk ki h\u0171s\u00e9ggel a szeretetben mindhal\u00e1lig, ahogy az \u0150 Fia is minden\u00e9t \u00e9rt\u00fcnk adta, ahogy folyamatos k\u00e9r\u00e9se \u00e9s intelme, hogy tegy\u00fck azt, amit az \u00dar mond (v\u00f6. Jn 2,5 \u2013 a K\u00e1nai mennyegz\u0151), form\u00e1lja bens\u0151nket, seg\u00edt a Isten kegyelm\u00e9nek befogad\u00e1s\u00e1ban, \u00fagy rajtunk kereszt\u00fcl befoly\u00e1solja, alak\u00edtja a t\u00f6rt\u00e9nelmet is, \u00e9let\u00fcnk \u00e9s k\u00f6rnyezet\u00fcnk sors\u00e1nak alakul\u00e1s\u00e1t.<\/p>\n\n\n\n<p>Isten nyilv\u00e1nval\u00f3an nem k\u00f6z\u00f6mb\u00f6s, nem semleges vil\u00e1gn\u00e9zetileg \u2013 ez teljesen abszurd \u00e9s paradox lenne, hiszen van c\u00e9lja a teremt\u00e9snek, van sz\u00e1nd\u00e9ka, akarata vel\u00fcnk kapcsolatban, ami nem m\u00e1s, mint a szeretet gy\u0151zelme, az hogy mindenki szents\u00e9gben \u00e9s igazs\u00e1gban \u00e9ljen, teljes \u00e9s \u00f6r\u00f6k szeretetk\u00f6z\u00f6ss\u00e9gben egym\u00e1ssal \u00e9s \u0150vele, aki maga a Szeretet. \u0150 sem ad \u00e9s nem is adhat m\u00e1st, mint az \u0150 l\u00e9nyege, ebb\u0151l k\u00f6vetkezik, hogy mindazok, akik Vele k\u00f6z\u00f6ss\u00e9gben vannak, nem lehetnek k\u00f6z\u00f6mb\u00f6sek sem egym\u00e1s fel\u00e9, sem a t\u00f6rt\u00e9nelem, sem az emberi, a t\u00e1rsadalmi, a nemzeti sorsok alakul\u00e1sa ir\u00e1ny\u00e1ban.<\/p>\n\n\n\n<p>Sz\u0171zany\u00e1nk szerepe kimagasl\u00f3 az \u00fcdv\u00f6ss\u00e9gt\u00f6rt\u00e9net alakul\u00e1s\u00e1ban, a szent\u00edr\u00e1s v\u00e9gig kapcsolatba vonja M\u00e1ria \u00fcdv\u00f6ss\u00e9gre seg\u00edt\u0151 tetteit f\u00f6ldi \u00e9let\u00e9ben \u00e9s az egyh\u00e1zi hagyom\u00e1nyon, valamint a szem\u00e9lyes tapaszatalatainkon kereszt\u00fcl. Nek\u00fcnk is seg\u00edt \u00e9let\u00fcnk zar\u00e1ndok\u00fatj\u00e1n. A b\u0171nbees\u00e9s&nbsp;<em>\u00c9VA<\/em>-ja&nbsp;<em>AV\u00c9<\/em>-ra fordult M\u00e1ria&nbsp;<em>igen<\/em>j\u00e9ben, ami megmutatja, hogy nincs elveszett \u00e9let, nincs olyan helyzet, amib\u0151l ne lehessen j\u00f3l kij\u00f6nni, ne lehessen h\u00e1tat ford\u00edtani a rossznak, a b\u0171nnek \u00e9s Isten fel\u00e9 fordulni, megt\u00e9rni.&nbsp;<em>Am\u00edg \u00e9lek, rem\u00e9lek \u2013 Dum spiro spero.<\/em>&nbsp;M\u00e1ria p\u00e9ld\u00e1ja, b\u00edztat\u00e1sa, a kegyelmek kieszk\u00f6zl\u00e9se Szent Fi\u00e1n\u00e1l \u00e9ppen ezt a mun\u00edci\u00f3t, fegyvert adja a kez\u00fcnkbe, a sz\u00edv\u00fcnkbe, hogy mi is be\u00e1lljunk a szeretet gy\u0151zelm\u00e9nek harc\u00e1ba a vil\u00e1g \u00e9s a saj\u00e1t b\u0171neink, gyarl\u00f3 term\u00e9szet\u00fcnk ellen.<\/p>\n\n\n\n<p>M\u00e1ria teh\u00e1t a mi sorsunk, de a vil\u00e1g sors\u00e1nak is az ir\u00e1ny\u00edt\u00f3ja lehet, err\u0151l m\u00e1r tan\u00fabizonys\u00e1got tett. 450 \u00e9vvel ezel\u0151tt, 1571. okt\u00f3ber 7-\u00e9n a lepant\u00f3i \u00fctk\u00f6zetben a Szent Liga, a katolikus haj\u00f3flotta gy\u0151zelm\u00e9t a t\u00f6r\u00f6k\u00f6k felett Szent V. Piusz p\u00e1pa R\u00f3zsaf\u00fcz\u00e9r Kir\u00e1lyn\u0151j\u00e9nek tulajdon\u00edtotta \u00e9s el\u0151\u00edrta eml\u00e9knapj\u00e1t erre a napra. Okt\u00f3ber 8-\u00e1n \u00fcnnepelj\u00fck Magyarok Nagyasszony\u00e1t Szent Istv\u00e1n kir\u00e1ly felaj\u00e1nl\u00e1sa alapj\u00e1n, mind a mai napig \u00e9s az id\u0151k v\u00e9gezet\u00e9ig. Sorolhatn\u00e1nk m\u00e9g a szem\u00e9lyes \u00e9s a t\u00f6rt\u00e9nelmi esem\u00e9nyeket, melyek a Boldogs\u00e1gos Sz\u0171zanya t\u00f6rt\u00e9nelmi seg\u00edts\u00e9geit jelentett\u00e9k. Ide tartozik a Szent II. J\u00e1nos P\u00e1l p\u00e1pa elleni mer\u00e9nyletkor a pisztolygoly\u00f3, melyet a szentatya nyilatkozata szerint a Szent Sz\u0171z t\u00e9r\u00edtett el, hogy ne \u00fcss\u00f6n hal\u00e1los sebet.<\/p>\n\n\n\n<p>De gondoljunk saj\u00e1t \u00e9let\u00fcnkre is, vagy ha m\u00e9g ezt nem tett\u00fck, id\u00e9zz\u00fck fel, hogy mit k\u00f6sz\u00f6nhet\u00fcnk Isten kegyelm\u00e9nek a Sz\u0171zanya \u00e1ltal. Szent Bern\u00e1t ap\u00e1t \u00e9s a t\u00f6bbi szent is buzd\u00edt, \u00e9s M\u00e1ria \u00e9nekeink is ezt teszik, hogy \u00e9lj\u00fcnk a Boldogs\u00e1gos Sz\u0171zanya seg\u00edts\u00e9g\u00e9vel. Ebben a r\u00f3zsaf\u00fcz\u00e9rnek kiemelt szerepe van. Im\u00e1dkozzuk hittel, \u00f6r\u00f6mmel, bizalommal, teljes \u00f6n\u00e1tad\u00e1ssal \u2013 \u00e9s megl\u00e1tjuk, milyen nagy m\u00e9rt\u00e9kben form\u00e1l \u00e1t minket Isten v\u00e1gya, akarata szerinti gyermekk\u00e9, olyann\u00e1, aki felt\u00e9tlen\u00fcl, kitart\u00f3an b\u00edzik Isten gondvisel\u00e9s\u00e9ben. \u00c9ppen a hit\u00fcnk meger\u0151s\u00edt\u00e9s\u00e9vel fogjuk tudni a kegyelmeket befogadni, aktiviz\u00e1lni \u00e9s ez\u00e1ltal form\u00e1lni magunkat, k\u00f6rnyezet\u00fcnket, \u00e9let\u00fcnket \u00e9s \u00edgy a vil\u00e1g foly\u00e1s\u00e1t is.&nbsp;<strong>\u00d3ri\u00e1si, v\u00e9gtelen kegyelemkapacit\u00e1s \u00e1ll rendelkez\u00e9sre a J\u00f3 Isten\u0151l, Aki alig v\u00e1rja, hogy haszn\u00e1ljuk \u00e9s tegy\u00fcnk tan\u00fas\u00e1got R\u00f3la, hogy minden ember boldog legyen a f\u00f6ld\u00f6n \u00e9s a mennyben.<\/strong>&nbsp;A f\u00f6ldi t\u00f6rt\u00e9nelem az \u00fcdv\u00f6ss\u00e9gt\u00f6rt\u00e9net r\u00e9sze, amit mi is alak\u00edtunk. Rajtunk m\u00falik a vil\u00e1g sorsa \u00e9s a mi sorsunk. Nagy a felel\u0151ss\u00e9g, nagy a k\u00fczdelem \u00e9s nagy lesz a gy\u0151zelem is. Sz\u0171z M\u00e1ria magyarok nagyasszonya, kereszt\u00e9nyek seg\u00edts\u00e9ge, k\u00f6ny\u00f6r\u00f6gj \u00e9rett\u00fcnk!<\/p>\n\n\n\n<p>Hirdet\u00e9sek:<\/p>\n\n\n\n<p>\u00b7&nbsp;&nbsp;&nbsp;&nbsp;&nbsp;&nbsp;&nbsp;&nbsp;&nbsp;Ma kapta meg a Caritas Hungarica d\u00edjat n\u00e9gy \u00f6nk\u00e9ntes\u00fcnk az egyh\u00e1zmegy\u00e9nkb\u0151l: Moln\u00e1rn\u00e9 B\u00e9csi Margit (Baj\u00f3ti Szent Simon \u00e9s J\u00fada pl\u00e9b\u00e1nia), Rendek J\u00f3zsefn\u00e9 Ani (Tardosi Szent M\u00e1ria Magdolna pl\u00e9b\u00e1nia), Csaba J\u00e1nosn\u00e9 Judit (Budapest-Erzs\u00e9betv\u00e1rosi \u00c1rp\u00e1d-h\u00e1zi Szent Erzs\u00e9bet pl\u00e9b\u00e1nia), Varga J\u00e1nosn\u00e9 Prokopp R\u00f3zsa (Budapest-M\u00e1ty\u00e1sf\u00f6ldi Szent J\u00f3zsef pl\u00e9b\u00e1nia). K\u00f6sz\u00f6net nekik \u00e1ldozatos munk\u00e1juk\u00e9rt.<\/p>\n\n\n\n<p>\u00b7&nbsp;&nbsp;&nbsp;&nbsp;&nbsp;&nbsp;&nbsp;&nbsp;&nbsp;A k\u00f6vetkez\u0151 karit\u00e1sz m\u0171sorunk a M\u00e1ria R\u00e1di\u00f3ban okt\u00f3ber 27-\u00e1n szerd\u00e1n 10.50 \u00f3rakor kezd\u0151dik.<\/p>\n\n\n\n<p>\u00b7&nbsp;&nbsp;&nbsp;&nbsp;&nbsp;&nbsp;&nbsp;&nbsp;&nbsp;Kor\u00e1bbi m\u0171soraink itt hallgathat\u00f3k meg:&nbsp;<a href=\"https:\/\/www.mariaradio.hu\/musor\/4814\/Tevekeny_Szeretet\" target=\"_blank\" rel=\"noreferrer noopener\">https:\/\/www.mariaradio.hu\/musor\/4814\/Tevekeny_Szeretet<\/a><\/p>\n\n\n\n<p>\u00b7&nbsp;&nbsp;&nbsp;&nbsp;&nbsp;&nbsp;&nbsp;&nbsp;&nbsp;Felh\u00edvom mindenki figyelm\u00e9t, hogy a facebook- \u00e9s weboldalunkon folyamatosan friss\u00fclnek a h\u00edreink.&nbsp;<a href=\"http:\/\/www.karitaszkp.hu\/\" target=\"_blank\" rel=\"noreferrer noopener\">www.karitaszkp.hu<\/a>&nbsp;,&nbsp;<a href=\"https:\/\/www.facebook.com\/szenterzsebetkaritaszkozpont\" target=\"_blank\" rel=\"noreferrer noopener\">Esztergom-Budapesti F\u0151egyh\u00e1zmegye Szent Erzs\u00e9bet Karit\u00e1sz K\u00f6zpont | Facebook<\/a><\/p>\n\n\n\n<p>\u00b7&nbsp;&nbsp;&nbsp;&nbsp;&nbsp;&nbsp;&nbsp;&nbsp;&nbsp;A Szent Erzs\u00e9bet Karit\u00e1sz K\u00f6zpont k\u00e9r\u00e9s\u00e9re f\u0151tisztelend\u0151 Feldhoffer Antal pl\u00e9b\u00e1nos atya minden els\u0151 h\u00e9tf\u0151n 15.30-kor karit\u00e1sz szentmis\u00e9t mutat be a 1035 Budapest, III. ker. K\u00f3rh\u00e1z u. 37. sz\u00e1m alatti Szent J\u00f3zsef templomban. Misesz\u00e1nd\u00e9k: \u00e9l\u0151 \u00e9s elhunyt karit\u00e1szosok\u00e9rt. A k\u00f6vetkez\u0151 alkalom november 8-\u00e1n lesz. (mivel november 1. f\u0151\u00fcnnep \u00e9s h\u00e9tf\u0151, \u00edgy azt k\u00e9rj\u00fck, hogy minkebki a saj\u00e1t templom\u00e1ba, k\u00f6z\u00f6ss\u00e9g\u00e9be menjen \u00fcnnepelni).<\/p>\n\n\n\n<figure class=\"wp-block-image\"><img decoding=\"async\" src=\"https:\/\/mail.google.com\/mail\/u\/0?ui=2&amp;ik=1e941b553b&amp;view=fimg&amp;th=17c661ed4a8577a0&amp;attid=0.3&amp;disp=emb&amp;attbid=ANGjdJ-CNrig8P07rdZUEJPBPAuVFo3KtrLaiNSeniAGb53pyIMlTKTwpVrjUPjj1HUCSR0qrghkz-8JLIrUfBHb3UI6EInYwOOd0o3w9kqpegNFEXM5UHVeEOjnL9E&amp;sz=w1210-h908&amp;ats=1633980588459&amp;rm=17c661ed4a8577a0&amp;zw&amp;atsh=1\" alt=\"\"\/><\/figure>\n\n\n\n<p>Csorba G\u00e1bor<\/p>\n\n\n\n<p>\u00e1lland\u00f3 diak\u00f3nus, karit\u00e1sz igazgat\u00f3<\/p>\n\n\n\n<p>Esztergom-Budapesti F\u0151egyh\u00e1zmegye<\/p>\n\n\n\n<p>Szent Erzs\u00e9bet Karit\u00e1sz K\u00f6zpont<\/p>\n\n\n\n<p class=\"has-background\" style=\"background-color:#cacaca\">Iroda:&nbsp;<a href=\"https:\/\/www.google.com\/maps\/search\/1035+Budapest,+K%C3%B3rh%C3%A1z+utca+37?entry=gmail&amp;source=g\">1035 Budapest, K\u00f3rh\u00e1z utca 37<\/a>.<\/p>\n\n\n\n<p class=\"has-background\" style=\"background-color:#cacaca\">Telefon: +36-1-351-1977<\/p>\n\n\n\n<p class=\"has-background\" style=\"background-color:#cacaca\">Mobil: +36-30-592-1483<\/p>\n\n\n\n<p class=\"has-background\" style=\"background-color:#cacaca\">E-mail:&nbsp;<a href=\"mailto:szenterzsebet@karitaszkozpont.hu\" target=\"_blank\" rel=\"noreferrer noopener\">szenterzsebet@karitaszkozpont.hu<\/a><\/p>\n\n\n\n<p class=\"has-background\" style=\"background-color:#cacaca\">Honlap:&nbsp;<a href=\"http:\/\/www.karitaszkp.hu\/\" target=\"_blank\" rel=\"noreferrer noopener\">www.karitaszkp.hu<\/a><\/p>\n\n\n\n<p class=\"has-background\" style=\"background-color:#cacaca\">A kor\u00e1bbi egypercesek itt \u00e9rhet\u0151k el:&nbsp;<a href=\"https:\/\/karitaszegypercesek.blogspot.com\/\" target=\"_blank\" rel=\"noreferrer noopener\">https:\/\/karitaszegypercesek.blogspot.com\/<\/a><\/p>\n","protected":false},"excerpt":{"rendered":"<p>136. M\u00e1ria a t\u00f6rt\u00e9nelem alak\u00edt\u00f3ja \u201eSzent Fiadat, Boldogasszony, k\u00e9rd e n\u00e9p\u00e9rt, \/ gy\u0151zelemmel verje vissza ellens\u00e9g\u00e9t, \/ rabs\u00e1g\u00e1nak vesse v\u00e9g\u00e9t, \/ adja neki \u00e9gen-f\u00f6ld\u00f6n \u00fcdv\u00f6ss\u00e9g\u00e9t.\u201d (N\u00e9p\u00e9nek a XVII. sz\u00e1zadb\u00f3l) Kedves Karit\u00e1sz \u00d6nk\u00e9ntesek, Munkat\u00e1rsak, Testv\u00e9rek az \u00darban! Okt\u00f3ber Sz\u0171z M\u00e1ria h\u00f3napja, ahogy a m\u00e1jus is. M\u00e1jusban a lorett\u00f3i lit\u00e1nia im\u00e1ds\u00e1g ker\u00fcl el\u0151t\u00e9rbe, amiben dics\u0151\u00edtj\u00fck \u00e9s k\u00e9rj\u00fck &hellip; <\/p>\n<p class=\"link-more\"><a href=\"https:\/\/karitaszkozpont.hu\/?p=1360\" class=\"more-link\">Continue reading<span class=\"screen-reader-text\"> &#8222;136. Karit\u00e1sz Egyperces&#8221;<\/span><\/a><\/p>\n","protected":false},"author":1,"featured_media":563,"comment_status":"closed","ping_status":"closed","sticky":false,"template":"","format":"standard","meta":[],"categories":[8],"tags":[],"yoast_head":"<!-- This site is optimized with the Yoast SEO plugin v20.1 - https:\/\/yoast.com\/wordpress\/plugins\/seo\/ -->\n<title>136. Karit\u00e1sz Egyperces - Szent Erzs\u00e9bet Karit\u00e1sz K\u00f6zpont<\/title>\n<meta name=\"robots\" content=\"index, follow, max-snippet:-1, max-image-preview:large, max-video-preview:-1\" \/>\n<link rel=\"canonical\" href=\"https:\/\/karitaszkozpont.hu\/?p=1360\" \/>\n<meta property=\"og:locale\" content=\"hu_HU\" \/>\n<meta property=\"og:type\" content=\"article\" \/>\n<meta property=\"og:title\" content=\"136. Karit\u00e1sz Egyperces - Szent Erzs\u00e9bet Karit\u00e1sz K\u00f6zpont\" \/>\n<meta property=\"og:description\" content=\"136. M\u00e1ria a t\u00f6rt\u00e9nelem alak\u00edt\u00f3ja \u201eSzent Fiadat, Boldogasszony, k\u00e9rd e n\u00e9p\u00e9rt, \/ gy\u0151zelemmel verje vissza ellens\u00e9g\u00e9t, \/ rabs\u00e1g\u00e1nak vesse v\u00e9g\u00e9t, \/ adja neki \u00e9gen-f\u00f6ld\u00f6n \u00fcdv\u00f6ss\u00e9g\u00e9t.\u201d (N\u00e9p\u00e9nek a XVII. sz\u00e1zadb\u00f3l) Kedves Karit\u00e1sz \u00d6nk\u00e9ntesek, Munkat\u00e1rsak, Testv\u00e9rek az \u00darban! Okt\u00f3ber Sz\u0171z M\u00e1ria h\u00f3napja, ahogy a m\u00e1jus is. M\u00e1jusban a lorett\u00f3i lit\u00e1nia im\u00e1ds\u00e1g ker\u00fcl el\u0151t\u00e9rbe, amiben dics\u0151\u00edtj\u00fck \u00e9s k\u00e9rj\u00fck &hellip; Continue reading &quot;136. Karit\u00e1sz Egyperces&quot;\" \/>\n<meta property=\"og:url\" content=\"https:\/\/karitaszkozpont.hu\/?p=1360\" \/>\n<meta property=\"og:site_name\" content=\"Szent Erzs\u00e9bet Karit\u00e1sz K\u00f6zpont\" \/>\n<meta property=\"article:published_time\" content=\"2021-10-11T19:32:50+00:00\" \/>\n<meta property=\"article:modified_time\" content=\"2022-01-08T08:49:10+00:00\" \/>\n<meta property=\"og:image\" content=\"https:\/\/karitaszkozpont.hu\/wp-content\/uploads\/2019\/07\/egyperceslogo.jpg\" \/>\n\t<meta property=\"og:image:width\" content=\"2300\" \/>\n\t<meta property=\"og:image:height\" content=\"1528\" \/>\n\t<meta property=\"og:image:type\" content=\"image\/jpeg\" \/>\n<meta name=\"author\" content=\"Karit\u00e1sz K\u00f6zpont\" \/>\n<meta name=\"twitter:card\" content=\"summary_large_image\" \/>\n<meta name=\"twitter:label1\" content=\"Szerz\u0151:\" \/>\n\t<meta name=\"twitter:data1\" content=\"Karit\u00e1sz K\u00f6zpont\" \/>\n\t<meta name=\"twitter:label2\" content=\"Becs\u00fclt olvas\u00e1si id\u0151\" \/>\n\t<meta name=\"twitter:data2\" content=\"4 perc\" \/>\n<script type=\"application\/ld+json\" class=\"yoast-schema-graph\">{\"@context\":\"https:\/\/schema.org\",\"@graph\":[{\"@type\":\"Article\",\"@id\":\"https:\/\/karitaszkozpont.hu\/?p=1360#article\",\"isPartOf\":{\"@id\":\"https:\/\/karitaszkozpont.hu\/?p=1360\"},\"author\":{\"name\":\"Karit\u00e1sz K\u00f6zpont\",\"@id\":\"https:\/\/karitaszkozpont.hu\/#\/schema\/person\/0d9c28244c111914ea13bb1248775e57\"},\"headline\":\"136. Karit\u00e1sz Egyperces\",\"datePublished\":\"2021-10-11T19:32:50+00:00\",\"dateModified\":\"2022-01-08T08:49:10+00:00\",\"mainEntityOfPage\":{\"@id\":\"https:\/\/karitaszkozpont.hu\/?p=1360\"},\"wordCount\":1300,\"publisher\":{\"@id\":\"https:\/\/karitaszkozpont.hu\/#organization\"},\"articleSection\":[\"Egypercesek\"],\"inLanguage\":\"hu\"},{\"@type\":\"WebPage\",\"@id\":\"https:\/\/karitaszkozpont.hu\/?p=1360\",\"url\":\"https:\/\/karitaszkozpont.hu\/?p=1360\",\"name\":\"136. Karit\u00e1sz Egyperces - Szent Erzs\u00e9bet Karit\u00e1sz K\u00f6zpont\",\"isPartOf\":{\"@id\":\"https:\/\/karitaszkozpont.hu\/#website\"},\"datePublished\":\"2021-10-11T19:32:50+00:00\",\"dateModified\":\"2022-01-08T08:49:10+00:00\",\"breadcrumb\":{\"@id\":\"https:\/\/karitaszkozpont.hu\/?p=1360#breadcrumb\"},\"inLanguage\":\"hu\",\"potentialAction\":[{\"@type\":\"ReadAction\",\"target\":[\"https:\/\/karitaszkozpont.hu\/?p=1360\"]}]},{\"@type\":\"BreadcrumbList\",\"@id\":\"https:\/\/karitaszkozpont.hu\/?p=1360#breadcrumb\",\"itemListElement\":[{\"@type\":\"ListItem\",\"position\":1,\"name\":\"Kezd\u0151lap\",\"item\":\"https:\/\/karitaszkozpont.hu\/\"},{\"@type\":\"ListItem\",\"position\":2,\"name\":\"136. Karit\u00e1sz Egyperces\"}]},{\"@type\":\"WebSite\",\"@id\":\"https:\/\/karitaszkozpont.hu\/#website\",\"url\":\"https:\/\/karitaszkozpont.hu\/\",\"name\":\"Szent Erzs\u00e9bet Karit\u00e1sz K\u00f6zpont\",\"description\":\"Esztergom-Budapesti F\u0151egyh\u00e1zmegye\",\"publisher\":{\"@id\":\"https:\/\/karitaszkozpont.hu\/#organization\"},\"potentialAction\":[{\"@type\":\"SearchAction\",\"target\":{\"@type\":\"EntryPoint\",\"urlTemplate\":\"https:\/\/karitaszkozpont.hu\/?s={search_term_string}\"},\"query-input\":\"required name=search_term_string\"}],\"inLanguage\":\"hu\"},{\"@type\":\"Organization\",\"@id\":\"https:\/\/karitaszkozpont.hu\/#organization\",\"name\":\"Szent Erzs\u00e9bet Karit\u00e1sz K\u00f6zpont\",\"url\":\"https:\/\/karitaszkozpont.hu\/\",\"logo\":{\"@type\":\"ImageObject\",\"inLanguage\":\"hu\",\"@id\":\"https:\/\/karitaszkozpont.hu\/#\/schema\/logo\/image\/\",\"url\":\"https:\/\/karitaszkp.hu\/wp-content\/uploads\/2019\/06\/cropped-logo-arnyekos-1.png\",\"contentUrl\":\"https:\/\/karitaszkp.hu\/wp-content\/uploads\/2019\/06\/cropped-logo-arnyekos-1.png\",\"width\":240,\"height\":247,\"caption\":\"Szent Erzs\u00e9bet Karit\u00e1sz K\u00f6zpont\"},\"image\":{\"@id\":\"https:\/\/karitaszkozpont.hu\/#\/schema\/logo\/image\/\"}},{\"@type\":\"Person\",\"@id\":\"https:\/\/karitaszkozpont.hu\/#\/schema\/person\/0d9c28244c111914ea13bb1248775e57\",\"name\":\"Karit\u00e1sz K\u00f6zpont\",\"image\":{\"@type\":\"ImageObject\",\"inLanguage\":\"hu\",\"@id\":\"https:\/\/karitaszkozpont.hu\/#\/schema\/person\/image\/\",\"url\":\"https:\/\/secure.gravatar.com\/avatar\/1274acd7c62f3cac92d2b38aad20c71b?s=96&d=mm&r=g\",\"contentUrl\":\"https:\/\/secure.gravatar.com\/avatar\/1274acd7c62f3cac92d2b38aad20c71b?s=96&d=mm&r=g\",\"caption\":\"Karit\u00e1sz K\u00f6zpont\"},\"url\":\"https:\/\/karitaszkozpont.hu\/?author=1\"}]}<\/script>\n<!-- \/ Yoast SEO plugin. -->","yoast_head_json":{"title":"136. Karit\u00e1sz Egyperces - Szent Erzs\u00e9bet Karit\u00e1sz K\u00f6zpont","robots":{"index":"index","follow":"follow","max-snippet":"max-snippet:-1","max-image-preview":"max-image-preview:large","max-video-preview":"max-video-preview:-1"},"canonical":"https:\/\/karitaszkozpont.hu\/?p=1360","og_locale":"hu_HU","og_type":"article","og_title":"136. Karit\u00e1sz Egyperces - Szent Erzs\u00e9bet Karit\u00e1sz K\u00f6zpont","og_description":"136. M\u00e1ria a t\u00f6rt\u00e9nelem alak\u00edt\u00f3ja \u201eSzent Fiadat, Boldogasszony, k\u00e9rd e n\u00e9p\u00e9rt, \/ gy\u0151zelemmel verje vissza ellens\u00e9g\u00e9t, \/ rabs\u00e1g\u00e1nak vesse v\u00e9g\u00e9t, \/ adja neki \u00e9gen-f\u00f6ld\u00f6n \u00fcdv\u00f6ss\u00e9g\u00e9t.\u201d (N\u00e9p\u00e9nek a XVII. sz\u00e1zadb\u00f3l) Kedves Karit\u00e1sz \u00d6nk\u00e9ntesek, Munkat\u00e1rsak, Testv\u00e9rek az \u00darban! Okt\u00f3ber Sz\u0171z M\u00e1ria h\u00f3napja, ahogy a m\u00e1jus is. M\u00e1jusban a lorett\u00f3i lit\u00e1nia im\u00e1ds\u00e1g ker\u00fcl el\u0151t\u00e9rbe, amiben dics\u0151\u00edtj\u00fck \u00e9s k\u00e9rj\u00fck &hellip; Continue reading \"136. Karit\u00e1sz Egyperces\"","og_url":"https:\/\/karitaszkozpont.hu\/?p=1360","og_site_name":"Szent Erzs\u00e9bet Karit\u00e1sz K\u00f6zpont","article_published_time":"2021-10-11T19:32:50+00:00","article_modified_time":"2022-01-08T08:49:10+00:00","og_image":[{"width":2300,"height":1528,"url":"https:\/\/karitaszkozpont.hu\/wp-content\/uploads\/2019\/07\/egyperceslogo.jpg","type":"image\/jpeg"}],"author":"Karit\u00e1sz K\u00f6zpont","twitter_card":"summary_large_image","twitter_misc":{"Szerz\u0151:":"Karit\u00e1sz K\u00f6zpont","Becs\u00fclt olvas\u00e1si id\u0151":"4 perc"},"schema":{"@context":"https:\/\/schema.org","@graph":[{"@type":"Article","@id":"https:\/\/karitaszkozpont.hu\/?p=1360#article","isPartOf":{"@id":"https:\/\/karitaszkozpont.hu\/?p=1360"},"author":{"name":"Karit\u00e1sz K\u00f6zpont","@id":"https:\/\/karitaszkozpont.hu\/#\/schema\/person\/0d9c28244c111914ea13bb1248775e57"},"headline":"136. Karit\u00e1sz Egyperces","datePublished":"2021-10-11T19:32:50+00:00","dateModified":"2022-01-08T08:49:10+00:00","mainEntityOfPage":{"@id":"https:\/\/karitaszkozpont.hu\/?p=1360"},"wordCount":1300,"publisher":{"@id":"https:\/\/karitaszkozpont.hu\/#organization"},"articleSection":["Egypercesek"],"inLanguage":"hu"},{"@type":"WebPage","@id":"https:\/\/karitaszkozpont.hu\/?p=1360","url":"https:\/\/karitaszkozpont.hu\/?p=1360","name":"136. Karit\u00e1sz Egyperces - Szent Erzs\u00e9bet Karit\u00e1sz K\u00f6zpont","isPartOf":{"@id":"https:\/\/karitaszkozpont.hu\/#website"},"datePublished":"2021-10-11T19:32:50+00:00","dateModified":"2022-01-08T08:49:10+00:00","breadcrumb":{"@id":"https:\/\/karitaszkozpont.hu\/?p=1360#breadcrumb"},"inLanguage":"hu","potentialAction":[{"@type":"ReadAction","target":["https:\/\/karitaszkozpont.hu\/?p=1360"]}]},{"@type":"BreadcrumbList","@id":"https:\/\/karitaszkozpont.hu\/?p=1360#breadcrumb","itemListElement":[{"@type":"ListItem","position":1,"name":"Kezd\u0151lap","item":"https:\/\/karitaszkozpont.hu\/"},{"@type":"ListItem","position":2,"name":"136. Karit\u00e1sz Egyperces"}]},{"@type":"WebSite","@id":"https:\/\/karitaszkozpont.hu\/#website","url":"https:\/\/karitaszkozpont.hu\/","name":"Szent Erzs\u00e9bet Karit\u00e1sz K\u00f6zpont","description":"Esztergom-Budapesti F\u0151egyh\u00e1zmegye","publisher":{"@id":"https:\/\/karitaszkozpont.hu\/#organization"},"potentialAction":[{"@type":"SearchAction","target":{"@type":"EntryPoint","urlTemplate":"https:\/\/karitaszkozpont.hu\/?s={search_term_string}"},"query-input":"required name=search_term_string"}],"inLanguage":"hu"},{"@type":"Organization","@id":"https:\/\/karitaszkozpont.hu\/#organization","name":"Szent Erzs\u00e9bet Karit\u00e1sz K\u00f6zpont","url":"https:\/\/karitaszkozpont.hu\/","logo":{"@type":"ImageObject","inLanguage":"hu","@id":"https:\/\/karitaszkozpont.hu\/#\/schema\/logo\/image\/","url":"https:\/\/karitaszkp.hu\/wp-content\/uploads\/2019\/06\/cropped-logo-arnyekos-1.png","contentUrl":"https:\/\/karitaszkp.hu\/wp-content\/uploads\/2019\/06\/cropped-logo-arnyekos-1.png","width":240,"height":247,"caption":"Szent Erzs\u00e9bet Karit\u00e1sz K\u00f6zpont"},"image":{"@id":"https:\/\/karitaszkozpont.hu\/#\/schema\/logo\/image\/"}},{"@type":"Person","@id":"https:\/\/karitaszkozpont.hu\/#\/schema\/person\/0d9c28244c111914ea13bb1248775e57","name":"Karit\u00e1sz K\u00f6zpont","image":{"@type":"ImageObject","inLanguage":"hu","@id":"https:\/\/karitaszkozpont.hu\/#\/schema\/person\/image\/","url":"https:\/\/secure.gravatar.com\/avatar\/1274acd7c62f3cac92d2b38aad20c71b?s=96&d=mm&r=g","contentUrl":"https:\/\/secure.gravatar.com\/avatar\/1274acd7c62f3cac92d2b38aad20c71b?s=96&d=mm&r=g","caption":"Karit\u00e1sz K\u00f6zpont"},"url":"https:\/\/karitaszkozpont.hu\/?author=1"}]}},"_links":{"self":[{"href":"https:\/\/karitaszkozpont.hu\/index.php?rest_route=\/wp\/v2\/posts\/1360"}],"collection":[{"href":"https:\/\/karitaszkozpont.hu\/index.php?rest_route=\/wp\/v2\/posts"}],"about":[{"href":"https:\/\/karitaszkozpont.hu\/index.php?rest_route=\/wp\/v2\/types\/post"}],"author":[{"embeddable":true,"href":"https:\/\/karitaszkozpont.hu\/index.php?rest_route=\/wp\/v2\/users\/1"}],"replies":[{"embeddable":true,"href":"https:\/\/karitaszkozpont.hu\/index.php?rest_route=%2Fwp%2Fv2%2Fcomments&post=1360"}],"version-history":[{"count":1,"href":"https:\/\/karitaszkozpont.hu\/index.php?rest_route=\/wp\/v2\/posts\/1360\/revisions"}],"predecessor-version":[{"id":1361,"href":"https:\/\/karitaszkozpont.hu\/index.php?rest_route=\/wp\/v2\/posts\/1360\/revisions\/1361"}],"wp:featuredmedia":[{"embeddable":true,"href":"https:\/\/karitaszkozpont.hu\/index.php?rest_route=\/wp\/v2\/media\/563"}],"wp:attachment":[{"href":"https:\/\/karitaszkozpont.hu\/index.php?rest_route=%2Fwp%2Fv2%2Fmedia&parent=1360"}],"wp:term":[{"taxonomy":"category","embeddable":true,"href":"https:\/\/karitaszkozpont.hu\/index.php?rest_route=%2Fwp%2Fv2%2Fcategories&post=1360"},{"taxonomy":"post_tag","embeddable":true,"href":"https:\/\/karitaszkozpont.hu\/index.php?rest_route=%2Fwp%2Fv2%2Ftags&post=1360"}],"curies":[{"name":"wp","href":"https:\/\/api.w.org\/{rel}","templated":true}]}}