{"id":1357,"date":"2021-10-07T08:54:06","date_gmt":"2021-10-07T06:54:06","guid":{"rendered":"http:\/\/karitaszkp.hu\/?p=1357"},"modified":"2022-01-08T10:49:10","modified_gmt":"2022-01-08T08:49:10","slug":"135-karitasz-egyperces","status":"publish","type":"post","link":"https:\/\/karitaszkozpont.hu\/?p=1357","title":{"rendered":"135. Karit\u00e1sz Egyperces"},"content":{"rendered":"\n<p class=\"has-white-color has-vivid-red-background-color has-text-color has-background has-large-font-size\"><strong>135. Vigasztal, hogy vigasztaljunk<\/strong><\/p>\n\n\n\n<p class=\"has-background\" style=\"background-color:#cacaca\"><em>\u201e\u0150 megvigasztal minket minden szomor\u00fas\u00e1gunkban, hogy mi is megvigasztalhassuk azokat, akik szomor\u00faak, azt a vigasztal\u00e1st ny\u00fajtva nekik, amelyet \u0151 ny\u00fajt nek\u00fcnk\u201d (2Kor 1,4)<\/em><\/p>\n\n\n\n<p>Kedves Karit\u00e1sz \u00d6nk\u00e9ntesek, Munkat\u00e1rsak, Testv\u00e9rek az \u00darban!<\/p>\n\n\n\n<p>Szent P\u00e1l apostol a Szentl\u00e9lekre utal, Aki isteni szem\u00e9lyk\u00e9nt, isteni er\u0151vel tud minket megvigasztalni, ha sz\u00fcks\u00e9g\u00fcnk van r\u00e1. De ki az, akinek ne lenne sz\u00fcks\u00e9ge arra, hogy vigaszt kapjon. Szinte \u00e1lland\u00f3an, ak\u00e1r t\u00f6bbsz\u00f6r is sz\u00fcks\u00e9g\u00fcnk van b\u00e1tor\u00edt\u00e1sra, egy\u00fctt\u00e9rz\u00e9sre, meg\u00e9rt\u00e9sre, k\u00f6rnyezet\u00fcnk, szeretteink, bar\u00e1taink pozit\u00edv visszajelz\u00e9seire.<\/p>\n\n\n\n<p>Ez a sz\u00fcks\u00e9g, t\u00fal a gyenges\u00e9gen, t\u00fal azon, hogy val\u00f3ban gyarl\u00f3, esend\u0151 emberek vagyunk, megvil\u00e1g\u00edtja \u00e9s kiemeli emberi voltunk l\u00e9nyeg\u00e9t. Az emberi&nbsp;<em>\u00e9n<\/em>, csak a&nbsp;<em>te<\/em>&nbsp;\u00e9s&nbsp;<em>ti<\/em>, mint szem\u00e9lyek vonatkoz\u00e1s\u00e1ban \u00e9rtelmezhet\u0151. Az emberi \u00e9n\u00fcnknek csak a m\u00e1sik szem\u00e9llyel val\u00f3 kapcsolatban van jelent\u0151s\u00e9ge. A Szenth\u00e1roms\u00e1gos Egyisten is k\u00f6z\u00f6ss\u00e9g \u00e9s \u00e9ppen az \u0150 saj\u00e1t k\u00e9pm\u00e1sai vagyunk, \u00edgy alkotott meg minket. \u00c9ppen az\u00e9rt \u00edgy, hogy egym\u00e1s ir\u00e1nti \u00e9rz\u00e9kenys\u00e9g\u00fcnkkel, fog\u00e9konys\u00e1gunkkal fordulva egym\u00e1s fel\u00e9, \u00e9p\u00edts\u00fck a kapcsolatainkat \u00e9s k\u00f6z\u00f6s er\u0151vel, egy\u00fcttm\u0171k\u00f6d\u00e9ssel alak\u00edtsuk mindig szebb\u00e9, teljesebb\u00e9 k\u00f6rnyezet\u00fcnket, \u00e9let\u00fcnket. \u00c9ppen az emberi k\u00f6z\u00f6ss\u00e9g az, mely Isten akarat\u00e1t meg tudja val\u00f3s\u00edtani, hiszen maga az Isten is k\u00f6z\u00f6ss\u00e9g \u00e9s Isten orsz\u00e1ga, a mennyorsz\u00e1g is az. Isten akarata a szeretet n\u00f6veked\u00e9se \u00e9s gy\u0151zelme.<\/p>\n\n\n\n<p>Isten sz\u00e1nd\u00e9ka, hogy a vil\u00e1g fenntart\u00f3 m\u0171v\u00e9be bekapcsoljon minket, hogy n\u00f6vekedj\u00e9k \u00e9s er\u0151s\u00f6dj\u00e9k az az er\u0151, ami a vil\u00e1got \u00f6sszetartja, c\u00e9lba viszi, kibontakoztatja, beteljes\u00edti. Isten c\u00e9lja \u00d6nmaga, a Szeretet, mivel \u0150 maga az. Annyira szerette \u00e9s szereti saj\u00e1t k\u00e9pm\u00e1s\u00e1t, hogy be akarja vonni az embert a saj\u00e1t bels\u0151 \u00e9let\u00e9be, a szeretet titk\u00e1ba, azt akarja, hogy minden ember \u00fcdv\u00f6z\u00fclj\u00f6n, ahogy Szent Fia mondta az utols\u00f3 vacsor\u00e1n, b\u00facs\u00fabesz\u00e9d\u00e9ben:&nbsp;<em>\u201eHa azt\u00e1n elmegyek, \u00e9s helyet k\u00e9sz\u00edtek nektek, \u00fajra elj\u00f6v\u00f6k, \u00e9s magammal viszlek benneteket, hogy ti is ott legyetek, ahol \u00e9n vagyok.\u201d (Jn 14,3)<\/em><\/p>\n\n\n\n<p>Maga a Szeretet akar minket, maga a Szeretet akarja, hogy vele legy\u00fcnk a szeretetben, teljesen \u00e9s \u00f6r\u00f6kk\u00e9. Ezt jelenti az \u00c9let, ez az az \u00e9ltes \u00e9let, amire legbel\u00fcl mindannyian v\u00e1gyunk. Ebben nem akad\u00e1lyozza meg \u0150t az, hogy mi nem vagyunk tiszt\u00e1k, nem vagyunk hib\u00e1tlanok, hanem esend\u0151k, b\u0171n\u00f6s\u00f6k, hiszen nem tudunk osztatlan sz\u00edvvel, teljes \u00e9s \u00f6r\u00f6k elk\u00f6telez\u0151d\u00e9ssel szeretetben \u00e9lni, sem Vele, sem egym\u00e1ssal. Tudja, hogy sz\u00fcks\u00e9g\u00fcnk van er\u0151re, m\u00e9ghozz\u00e1 isteni er\u0151re, ami fel\u00fcl tudja m\u00falni a k\u00eds\u00e9rt\u00e9st, gyarl\u00f3 term\u00e9szet\u00fcnket.<\/p>\n\n\n\n<p>Szent Fia \u00e9ppen az\u00e9rt lett emberr\u00e9, hogy elv\u00e9gezze helyett\u00fcnk az igazs\u00e1g \u00e1ldozat\u00e1t, a kiengesztel\u0151d\u00e9st Vele, legy\u0151zze a b\u0171nt, megnyissa orsz\u00e1g\u00e1t \u00e9s elvezessen minket oda. De nek\u00fcnk m\u00e9g ez sem lenne el\u00e9g, ez\u00e9rt elk\u00fcldte Szentlelk\u00e9t aj\u00e1nd\u00e9kaival, vigasztal\u00f3 erej\u00e9vel, t\u00fczes lelk\u00e9vel, hogy t\u00e1pl\u00e1ljon minket az \u00faton \u00e9s er\u0151t, b\u00e1tors\u00e1got adjon nek\u00fcnk arra, hogy m\u00e1sokat is magunkkal vigy\u00fcnk. M\u00e1sokat is ford\u00edtsuk a j\u00f3, az egyetlen \u00fatra, amely a boldogs\u00e1gba, az \u00f6rok \u00e9letbe vezet, az egyetlen \u00datra, aki maga az \u00dar.<\/p>\n\n\n\n<p>Karit\u00e1sz jelv\u00e9ny\u00fcnkben megjelenik a kereszt, mint Krisztus jelk\u00e9pe, a szeretetb\u0151l fakad\u00f3 \u00e1ldozat f\u00e1ja \u00e9s megjelenik a Szentl\u00e9lek t\u00fcze is. Nem csak nek\u00fcnk karit\u00e1szosoknak, hanem minden h\u00edv\u0151nek, j\u00f3akarat\u00fa embernek feladata \u00e9s \u00f6r\u00f6me, ha ebbe a m\u00e1sokat vigasztal\u00f3, b\u00e1tor\u00edt\u00f3 munk\u00e1ba becsatlakozzon. Nek\u00fcnk k\u00fcl\u00f6n\u00f6sen feladatunk, hogy szavainkkal, mosolyunkkal, odafigyel\u0151 magatart\u00e1sunkkal, tetteinkkel, az adom\u00e1nyok k\u00f6zvet\u00edt\u00e9s\u00e9vel, szem\u00e9lyes szolg\u00e1latunkkal \u00f6r\u00f6met, boldogs\u00e1got adjunk, rem\u00e9nyt \u00e9s j\u00f6v\u0151t.<\/p>\n\n\n\n<p>Ezzel tessz\u00fck a legt\u00f6bbet, mert ez aktiv\u00e1lja a fel\u00e9nk fordul\u00f3, a t\u0151l\u00fcnk seg\u00edts\u00e9get k\u00e9r\u0151, seg\u00edts\u00e9get v\u00e1r\u00f3 testv\u00e9reinket, felebar\u00e1tainkat arra, hogy \u0151k is b\u00e1tors\u00e1got nyerjenek, merj\u00e9k befogadni az Igazs\u00e1got, a Szentl\u00e9lek aj\u00e1nd\u00e9kait. Ezzel ki tud benn\u00fck is bontokozni az Isten ir\u00e1nti bizalom, a hit, \u00e9s a rem\u00e9ny, melyekkel m\u00e1r \u0151k is benne tudnak \u00e9lni a Szeretetben, Istenben.<\/p>\n\n\n\n<p>Hirdet\u00e9sek:<\/p>\n\n\n\n<p>\u00b7&nbsp;&nbsp;&nbsp;&nbsp;&nbsp;&nbsp;&nbsp;&nbsp;&nbsp;A k\u00f6vetkez\u0151 karit\u00e1sz m\u0171sorunk a M\u00e1ria R\u00e1di\u00f3ban okt\u00f3ber 13-\u00e1n szerd\u00e1n 10.50 \u00f3rakor kezd\u0151dik.<\/p>\n\n\n\n<p>\u00b7&nbsp;&nbsp;&nbsp;&nbsp;&nbsp;&nbsp;&nbsp;&nbsp;&nbsp;Kor\u00e1bbi m\u0171soraink itt hallgathat\u00f3k meg:&nbsp;<a href=\"https:\/\/www.mariaradio.hu\/musor\/4814\/Tevekeny_Szeretet\" target=\"_blank\" rel=\"noreferrer noopener\">https:\/\/www.mariaradio.hu\/musor\/4814\/Tevekeny_Szeretet<\/a><\/p>\n\n\n\n<p>\u00b7&nbsp;&nbsp;&nbsp;&nbsp;&nbsp;&nbsp;&nbsp;&nbsp;&nbsp;Felh\u00edvom mindenki figyelm\u00e9t, hogy a facebook- \u00e9s weboldalunkon folyamatosan friss\u00fclnek a h\u00edreink.&nbsp;<a href=\"http:\/\/www.karitaszkp.hu\/\" target=\"_blank\" rel=\"noreferrer noopener\">www.karitaszkp.hu<\/a>&nbsp;,&nbsp;<a href=\"https:\/\/www.facebook.com\/szenterzsebetkaritaszkozpont\" target=\"_blank\" rel=\"noreferrer noopener\">Esztergom-Budapesti F\u0151egyh\u00e1zmegye Szent Erzs\u00e9bet Karit\u00e1sz K\u00f6zpont | Facebook<\/a><\/p>\n\n\n\n<p>\u00b7&nbsp;&nbsp;&nbsp;&nbsp;&nbsp;&nbsp;&nbsp;&nbsp;&nbsp;A Szent Erzs\u00e9bet Karit\u00e1sz K\u00f6zpont k\u00e9r\u00e9s\u00e9re f\u0151tisztelend\u0151 Feldhoffer Antal pl\u00e9b\u00e1nos atya minden els\u0151 h\u00e9tf\u0151n 15.30-kor karit\u00e1sz szentmis\u00e9t mutat be a 1035 Budapest, III. ker. K\u00f3rh\u00e1z u. 37. sz\u00e1m alatti Szent J\u00f3zsef templomban. Misesz\u00e1nd\u00e9k: \u00e9l\u0151 \u00e9s elhunyt karit\u00e1szosok\u00e9rt. A k\u00f6vetkez\u0151 alkalom november 8-\u00e1n lesz. (mivel november 1. f\u0151\u00fcnnep \u00e9s h\u00e9tf\u0151, \u00edgy azt k\u00e9rj\u00fck, hogy minkebki a saj\u00e1t templom\u00e1ba, k\u00f6z\u00f6ss\u00e9g\u00e9be menjen \u00fcnnepelni).<\/p>\n\n\n\n<p>Csorba G\u00e1bor<\/p>\n\n\n\n<p>\u00e1lland\u00f3 diak\u00f3nus, karit\u00e1sz igazgat\u00f3<\/p>\n\n\n\n<p>Esztergom-Budapesti F\u0151egyh\u00e1zmegye<\/p>\n\n\n\n<p>Szent Erzs\u00e9bet Karit\u00e1sz K\u00f6zpont<\/p>\n\n\n\n<p class=\"has-background\" style=\"background-color:#cacaca\">Iroda:&nbsp;<a href=\"https:\/\/www.google.com\/maps\/search\/1035+Budapest,+K%C3%B3rh%C3%A1z+utca+37?entry=gmail&amp;source=g\">1035 Budapest, K\u00f3rh\u00e1z utca 37<\/a>.<\/p>\n\n\n\n<p class=\"has-background\" style=\"background-color:#cacaca\">Telefon: +36-1-351-1977<\/p>\n\n\n\n<p class=\"has-background\" style=\"background-color:#cacaca\">Mobil: +36-30-592-1483<\/p>\n\n\n\n<p class=\"has-background\" style=\"background-color:#cacaca\">E-mail:&nbsp;<a href=\"mailto:szenterzsebet@karitaszkozpont.hu\" target=\"_blank\" rel=\"noreferrer noopener\">szenterzsebet@karitaszkozpont.hu<\/a><\/p>\n\n\n\n<p class=\"has-background\" style=\"background-color:#cacaca\">Honlap:&nbsp;<a href=\"http:\/\/www.karitaszkp.hu\/\" target=\"_blank\" rel=\"noreferrer noopener\">www.karitaszkp.hu<\/a><\/p>\n\n\n\n<p class=\"has-background\" style=\"background-color:#cacaca\">A kor\u00e1bbi egypercesek itt \u00e9rhet\u0151k el:&nbsp;<a href=\"https:\/\/karitaszegypercesek.blogspot.com\/\" target=\"_blank\" rel=\"noreferrer noopener\">https:\/\/karitaszegypercesek.blogspot.com\/<\/a><\/p>\n","protected":false},"excerpt":{"rendered":"<p>135. Vigasztal, hogy vigasztaljunk \u201e\u0150 megvigasztal minket minden szomor\u00fas\u00e1gunkban, hogy mi is megvigasztalhassuk azokat, akik szomor\u00faak, azt a vigasztal\u00e1st ny\u00fajtva nekik, amelyet \u0151 ny\u00fajt nek\u00fcnk\u201d (2Kor 1,4) Kedves Karit\u00e1sz \u00d6nk\u00e9ntesek, Munkat\u00e1rsak, Testv\u00e9rek az \u00darban! Szent P\u00e1l apostol a Szentl\u00e9lekre utal, Aki isteni szem\u00e9lyk\u00e9nt, isteni er\u0151vel tud minket megvigasztalni, ha sz\u00fcks\u00e9g\u00fcnk van r\u00e1. De ki az, &hellip; <\/p>\n<p class=\"link-more\"><a href=\"https:\/\/karitaszkozpont.hu\/?p=1357\" class=\"more-link\">Continue reading<span class=\"screen-reader-text\"> &#8222;135. Karit\u00e1sz Egyperces&#8221;<\/span><\/a><\/p>\n","protected":false},"author":1,"featured_media":563,"comment_status":"closed","ping_status":"closed","sticky":false,"template":"","format":"standard","meta":[],"categories":[8],"tags":[],"yoast_head":"<!-- This site is optimized with the Yoast SEO plugin v20.1 - https:\/\/yoast.com\/wordpress\/plugins\/seo\/ -->\n<title>135. Karit\u00e1sz Egyperces - Szent Erzs\u00e9bet Karit\u00e1sz K\u00f6zpont<\/title>\n<meta name=\"robots\" content=\"index, follow, max-snippet:-1, max-image-preview:large, max-video-preview:-1\" \/>\n<link rel=\"canonical\" href=\"https:\/\/karitaszkozpont.hu\/?p=1357\" \/>\n<meta property=\"og:locale\" content=\"hu_HU\" \/>\n<meta property=\"og:type\" content=\"article\" \/>\n<meta property=\"og:title\" content=\"135. Karit\u00e1sz Egyperces - Szent Erzs\u00e9bet Karit\u00e1sz K\u00f6zpont\" \/>\n<meta property=\"og:description\" content=\"135. Vigasztal, hogy vigasztaljunk \u201e\u0150 megvigasztal minket minden szomor\u00fas\u00e1gunkban, hogy mi is megvigasztalhassuk azokat, akik szomor\u00faak, azt a vigasztal\u00e1st ny\u00fajtva nekik, amelyet \u0151 ny\u00fajt nek\u00fcnk\u201d (2Kor 1,4) Kedves Karit\u00e1sz \u00d6nk\u00e9ntesek, Munkat\u00e1rsak, Testv\u00e9rek az \u00darban! Szent P\u00e1l apostol a Szentl\u00e9lekre utal, Aki isteni szem\u00e9lyk\u00e9nt, isteni er\u0151vel tud minket megvigasztalni, ha sz\u00fcks\u00e9g\u00fcnk van r\u00e1. De ki az, &hellip; Continue reading &quot;135. Karit\u00e1sz Egyperces&quot;\" \/>\n<meta property=\"og:url\" content=\"https:\/\/karitaszkozpont.hu\/?p=1357\" \/>\n<meta property=\"og:site_name\" content=\"Szent Erzs\u00e9bet Karit\u00e1sz K\u00f6zpont\" \/>\n<meta property=\"article:published_time\" content=\"2021-10-07T06:54:06+00:00\" \/>\n<meta property=\"article:modified_time\" content=\"2022-01-08T08:49:10+00:00\" \/>\n<meta property=\"og:image\" content=\"https:\/\/karitaszkozpont.hu\/wp-content\/uploads\/2019\/07\/egyperceslogo.jpg\" \/>\n\t<meta property=\"og:image:width\" content=\"2300\" \/>\n\t<meta property=\"og:image:height\" content=\"1528\" \/>\n\t<meta property=\"og:image:type\" content=\"image\/jpeg\" \/>\n<meta name=\"author\" content=\"Karit\u00e1sz K\u00f6zpont\" \/>\n<meta name=\"twitter:card\" content=\"summary_large_image\" \/>\n<meta name=\"twitter:label1\" content=\"Szerz\u0151:\" \/>\n\t<meta name=\"twitter:data1\" content=\"Karit\u00e1sz K\u00f6zpont\" \/>\n\t<meta name=\"twitter:label2\" content=\"Becs\u00fclt olvas\u00e1si id\u0151\" \/>\n\t<meta name=\"twitter:data2\" content=\"4 perc\" \/>\n<script type=\"application\/ld+json\" class=\"yoast-schema-graph\">{\"@context\":\"https:\/\/schema.org\",\"@graph\":[{\"@type\":\"Article\",\"@id\":\"https:\/\/karitaszkozpont.hu\/?p=1357#article\",\"isPartOf\":{\"@id\":\"https:\/\/karitaszkozpont.hu\/?p=1357\"},\"author\":{\"name\":\"Karit\u00e1sz K\u00f6zpont\",\"@id\":\"https:\/\/karitaszkozpont.hu\/#\/schema\/person\/0d9c28244c111914ea13bb1248775e57\"},\"headline\":\"135. Karit\u00e1sz Egyperces\",\"datePublished\":\"2021-10-07T06:54:06+00:00\",\"dateModified\":\"2022-01-08T08:49:10+00:00\",\"mainEntityOfPage\":{\"@id\":\"https:\/\/karitaszkozpont.hu\/?p=1357\"},\"wordCount\":1070,\"publisher\":{\"@id\":\"https:\/\/karitaszkozpont.hu\/#organization\"},\"articleSection\":[\"Egypercesek\"],\"inLanguage\":\"hu\"},{\"@type\":\"WebPage\",\"@id\":\"https:\/\/karitaszkozpont.hu\/?p=1357\",\"url\":\"https:\/\/karitaszkozpont.hu\/?p=1357\",\"name\":\"135. Karit\u00e1sz Egyperces - Szent Erzs\u00e9bet Karit\u00e1sz K\u00f6zpont\",\"isPartOf\":{\"@id\":\"https:\/\/karitaszkozpont.hu\/#website\"},\"datePublished\":\"2021-10-07T06:54:06+00:00\",\"dateModified\":\"2022-01-08T08:49:10+00:00\",\"breadcrumb\":{\"@id\":\"https:\/\/karitaszkozpont.hu\/?p=1357#breadcrumb\"},\"inLanguage\":\"hu\",\"potentialAction\":[{\"@type\":\"ReadAction\",\"target\":[\"https:\/\/karitaszkozpont.hu\/?p=1357\"]}]},{\"@type\":\"BreadcrumbList\",\"@id\":\"https:\/\/karitaszkozpont.hu\/?p=1357#breadcrumb\",\"itemListElement\":[{\"@type\":\"ListItem\",\"position\":1,\"name\":\"Kezd\u0151lap\",\"item\":\"https:\/\/karitaszkozpont.hu\/\"},{\"@type\":\"ListItem\",\"position\":2,\"name\":\"135. Karit\u00e1sz Egyperces\"}]},{\"@type\":\"WebSite\",\"@id\":\"https:\/\/karitaszkozpont.hu\/#website\",\"url\":\"https:\/\/karitaszkozpont.hu\/\",\"name\":\"Szent Erzs\u00e9bet Karit\u00e1sz K\u00f6zpont\",\"description\":\"Esztergom-Budapesti F\u0151egyh\u00e1zmegye\",\"publisher\":{\"@id\":\"https:\/\/karitaszkozpont.hu\/#organization\"},\"potentialAction\":[{\"@type\":\"SearchAction\",\"target\":{\"@type\":\"EntryPoint\",\"urlTemplate\":\"https:\/\/karitaszkozpont.hu\/?s={search_term_string}\"},\"query-input\":\"required name=search_term_string\"}],\"inLanguage\":\"hu\"},{\"@type\":\"Organization\",\"@id\":\"https:\/\/karitaszkozpont.hu\/#organization\",\"name\":\"Szent Erzs\u00e9bet Karit\u00e1sz K\u00f6zpont\",\"url\":\"https:\/\/karitaszkozpont.hu\/\",\"logo\":{\"@type\":\"ImageObject\",\"inLanguage\":\"hu\",\"@id\":\"https:\/\/karitaszkozpont.hu\/#\/schema\/logo\/image\/\",\"url\":\"https:\/\/karitaszkp.hu\/wp-content\/uploads\/2019\/06\/cropped-logo-arnyekos-1.png\",\"contentUrl\":\"https:\/\/karitaszkp.hu\/wp-content\/uploads\/2019\/06\/cropped-logo-arnyekos-1.png\",\"width\":240,\"height\":247,\"caption\":\"Szent Erzs\u00e9bet Karit\u00e1sz K\u00f6zpont\"},\"image\":{\"@id\":\"https:\/\/karitaszkozpont.hu\/#\/schema\/logo\/image\/\"}},{\"@type\":\"Person\",\"@id\":\"https:\/\/karitaszkozpont.hu\/#\/schema\/person\/0d9c28244c111914ea13bb1248775e57\",\"name\":\"Karit\u00e1sz K\u00f6zpont\",\"image\":{\"@type\":\"ImageObject\",\"inLanguage\":\"hu\",\"@id\":\"https:\/\/karitaszkozpont.hu\/#\/schema\/person\/image\/\",\"url\":\"https:\/\/secure.gravatar.com\/avatar\/1274acd7c62f3cac92d2b38aad20c71b?s=96&d=mm&r=g\",\"contentUrl\":\"https:\/\/secure.gravatar.com\/avatar\/1274acd7c62f3cac92d2b38aad20c71b?s=96&d=mm&r=g\",\"caption\":\"Karit\u00e1sz K\u00f6zpont\"},\"url\":\"https:\/\/karitaszkozpont.hu\/?author=1\"}]}<\/script>\n<!-- \/ Yoast SEO plugin. -->","yoast_head_json":{"title":"135. Karit\u00e1sz Egyperces - Szent Erzs\u00e9bet Karit\u00e1sz K\u00f6zpont","robots":{"index":"index","follow":"follow","max-snippet":"max-snippet:-1","max-image-preview":"max-image-preview:large","max-video-preview":"max-video-preview:-1"},"canonical":"https:\/\/karitaszkozpont.hu\/?p=1357","og_locale":"hu_HU","og_type":"article","og_title":"135. Karit\u00e1sz Egyperces - Szent Erzs\u00e9bet Karit\u00e1sz K\u00f6zpont","og_description":"135. Vigasztal, hogy vigasztaljunk \u201e\u0150 megvigasztal minket minden szomor\u00fas\u00e1gunkban, hogy mi is megvigasztalhassuk azokat, akik szomor\u00faak, azt a vigasztal\u00e1st ny\u00fajtva nekik, amelyet \u0151 ny\u00fajt nek\u00fcnk\u201d (2Kor 1,4) Kedves Karit\u00e1sz \u00d6nk\u00e9ntesek, Munkat\u00e1rsak, Testv\u00e9rek az \u00darban! Szent P\u00e1l apostol a Szentl\u00e9lekre utal, Aki isteni szem\u00e9lyk\u00e9nt, isteni er\u0151vel tud minket megvigasztalni, ha sz\u00fcks\u00e9g\u00fcnk van r\u00e1. De ki az, &hellip; Continue reading \"135. Karit\u00e1sz Egyperces\"","og_url":"https:\/\/karitaszkozpont.hu\/?p=1357","og_site_name":"Szent Erzs\u00e9bet Karit\u00e1sz K\u00f6zpont","article_published_time":"2021-10-07T06:54:06+00:00","article_modified_time":"2022-01-08T08:49:10+00:00","og_image":[{"width":2300,"height":1528,"url":"https:\/\/karitaszkozpont.hu\/wp-content\/uploads\/2019\/07\/egyperceslogo.jpg","type":"image\/jpeg"}],"author":"Karit\u00e1sz K\u00f6zpont","twitter_card":"summary_large_image","twitter_misc":{"Szerz\u0151:":"Karit\u00e1sz K\u00f6zpont","Becs\u00fclt olvas\u00e1si id\u0151":"4 perc"},"schema":{"@context":"https:\/\/schema.org","@graph":[{"@type":"Article","@id":"https:\/\/karitaszkozpont.hu\/?p=1357#article","isPartOf":{"@id":"https:\/\/karitaszkozpont.hu\/?p=1357"},"author":{"name":"Karit\u00e1sz K\u00f6zpont","@id":"https:\/\/karitaszkozpont.hu\/#\/schema\/person\/0d9c28244c111914ea13bb1248775e57"},"headline":"135. Karit\u00e1sz Egyperces","datePublished":"2021-10-07T06:54:06+00:00","dateModified":"2022-01-08T08:49:10+00:00","mainEntityOfPage":{"@id":"https:\/\/karitaszkozpont.hu\/?p=1357"},"wordCount":1070,"publisher":{"@id":"https:\/\/karitaszkozpont.hu\/#organization"},"articleSection":["Egypercesek"],"inLanguage":"hu"},{"@type":"WebPage","@id":"https:\/\/karitaszkozpont.hu\/?p=1357","url":"https:\/\/karitaszkozpont.hu\/?p=1357","name":"135. Karit\u00e1sz Egyperces - Szent Erzs\u00e9bet Karit\u00e1sz K\u00f6zpont","isPartOf":{"@id":"https:\/\/karitaszkozpont.hu\/#website"},"datePublished":"2021-10-07T06:54:06+00:00","dateModified":"2022-01-08T08:49:10+00:00","breadcrumb":{"@id":"https:\/\/karitaszkozpont.hu\/?p=1357#breadcrumb"},"inLanguage":"hu","potentialAction":[{"@type":"ReadAction","target":["https:\/\/karitaszkozpont.hu\/?p=1357"]}]},{"@type":"BreadcrumbList","@id":"https:\/\/karitaszkozpont.hu\/?p=1357#breadcrumb","itemListElement":[{"@type":"ListItem","position":1,"name":"Kezd\u0151lap","item":"https:\/\/karitaszkozpont.hu\/"},{"@type":"ListItem","position":2,"name":"135. Karit\u00e1sz Egyperces"}]},{"@type":"WebSite","@id":"https:\/\/karitaszkozpont.hu\/#website","url":"https:\/\/karitaszkozpont.hu\/","name":"Szent Erzs\u00e9bet Karit\u00e1sz K\u00f6zpont","description":"Esztergom-Budapesti F\u0151egyh\u00e1zmegye","publisher":{"@id":"https:\/\/karitaszkozpont.hu\/#organization"},"potentialAction":[{"@type":"SearchAction","target":{"@type":"EntryPoint","urlTemplate":"https:\/\/karitaszkozpont.hu\/?s={search_term_string}"},"query-input":"required name=search_term_string"}],"inLanguage":"hu"},{"@type":"Organization","@id":"https:\/\/karitaszkozpont.hu\/#organization","name":"Szent Erzs\u00e9bet Karit\u00e1sz K\u00f6zpont","url":"https:\/\/karitaszkozpont.hu\/","logo":{"@type":"ImageObject","inLanguage":"hu","@id":"https:\/\/karitaszkozpont.hu\/#\/schema\/logo\/image\/","url":"https:\/\/karitaszkp.hu\/wp-content\/uploads\/2019\/06\/cropped-logo-arnyekos-1.png","contentUrl":"https:\/\/karitaszkp.hu\/wp-content\/uploads\/2019\/06\/cropped-logo-arnyekos-1.png","width":240,"height":247,"caption":"Szent Erzs\u00e9bet Karit\u00e1sz K\u00f6zpont"},"image":{"@id":"https:\/\/karitaszkozpont.hu\/#\/schema\/logo\/image\/"}},{"@type":"Person","@id":"https:\/\/karitaszkozpont.hu\/#\/schema\/person\/0d9c28244c111914ea13bb1248775e57","name":"Karit\u00e1sz K\u00f6zpont","image":{"@type":"ImageObject","inLanguage":"hu","@id":"https:\/\/karitaszkozpont.hu\/#\/schema\/person\/image\/","url":"https:\/\/secure.gravatar.com\/avatar\/1274acd7c62f3cac92d2b38aad20c71b?s=96&d=mm&r=g","contentUrl":"https:\/\/secure.gravatar.com\/avatar\/1274acd7c62f3cac92d2b38aad20c71b?s=96&d=mm&r=g","caption":"Karit\u00e1sz K\u00f6zpont"},"url":"https:\/\/karitaszkozpont.hu\/?author=1"}]}},"_links":{"self":[{"href":"https:\/\/karitaszkozpont.hu\/index.php?rest_route=\/wp\/v2\/posts\/1357"}],"collection":[{"href":"https:\/\/karitaszkozpont.hu\/index.php?rest_route=\/wp\/v2\/posts"}],"about":[{"href":"https:\/\/karitaszkozpont.hu\/index.php?rest_route=\/wp\/v2\/types\/post"}],"author":[{"embeddable":true,"href":"https:\/\/karitaszkozpont.hu\/index.php?rest_route=\/wp\/v2\/users\/1"}],"replies":[{"embeddable":true,"href":"https:\/\/karitaszkozpont.hu\/index.php?rest_route=%2Fwp%2Fv2%2Fcomments&post=1357"}],"version-history":[{"count":1,"href":"https:\/\/karitaszkozpont.hu\/index.php?rest_route=\/wp\/v2\/posts\/1357\/revisions"}],"predecessor-version":[{"id":1358,"href":"https:\/\/karitaszkozpont.hu\/index.php?rest_route=\/wp\/v2\/posts\/1357\/revisions\/1358"}],"wp:featuredmedia":[{"embeddable":true,"href":"https:\/\/karitaszkozpont.hu\/index.php?rest_route=\/wp\/v2\/media\/563"}],"wp:attachment":[{"href":"https:\/\/karitaszkozpont.hu\/index.php?rest_route=%2Fwp%2Fv2%2Fmedia&parent=1357"}],"wp:term":[{"taxonomy":"category","embeddable":true,"href":"https:\/\/karitaszkozpont.hu\/index.php?rest_route=%2Fwp%2Fv2%2Fcategories&post=1357"},{"taxonomy":"post_tag","embeddable":true,"href":"https:\/\/karitaszkozpont.hu\/index.php?rest_route=%2Fwp%2Fv2%2Ftags&post=1357"}],"curies":[{"name":"wp","href":"https:\/\/api.w.org\/{rel}","templated":true}]}}