{"id":1352,"date":"2021-10-07T08:51:21","date_gmt":"2021-10-07T06:51:21","guid":{"rendered":"http:\/\/karitaszkp.hu\/?p=1352"},"modified":"2022-01-08T10:49:10","modified_gmt":"2022-01-08T08:49:10","slug":"beszamolo-a-szent-erzsebet-karitasz-szenvedelybeteg-segito-lelki-kozpont-tamogatasaval-a-katolikus-alkoholistamento-szolgalat-altal-rendezett-leanyfalun-2021-julius-22-25-kozott-megtartott-155-s","status":"publish","type":"post","link":"https:\/\/karitaszkozpont.hu\/?p=1352","title":{"rendered":"Besz\u00e1mol\u00f3 a Szent Erzs\u00e9bet Karit\u00e1sz &#8211; Szenved\u00e9lybeteg-seg\u00edt\u0151 Lelki K\u00f6zpont t\u00e1mogat\u00e1s\u00e1val, a Katolikus Alkoholistament\u0151 Szolg\u00e1lat \u00e1ltal rendezett, Le\u00e1nyfalun, 2021 j\u00falius 22-25 k\u00f6z\u00f6tt megtartott 155. szabad\u00edt\u00f3 lelkigyakorlatr\u00f3l"},"content":{"rendered":"\n<p class=\"has-white-color has-vivid-red-background-color has-text-color has-background has-large-font-size\"><strong>Besz\u00e1mol\u00f3 a Szent Erzs\u00e9bet Karit\u00e1sz &#8211; Szenved\u00e9lybeteg-seg\u00edt\u0151 Lelki K\u00f6zpont t\u00e1mogat\u00e1s\u00e1val, a Katolikus Alkoholistament\u0151 Szolg\u00e1lat \u00e1ltal rendezett, Le\u00e1nyfalun, 2021 j\u00falius 22-25 k\u00f6z\u00f6tt megtartott 155. szabad\u00edt\u00f3 lelkigyakorlatr\u00f3l<\/strong><\/p>\n\n\n\n<p>A lelkigyakorlaton el\u0151zetes jelentkez\u00e9s alapj\u00e1n 37 f\u0151 vett r\u00e9szt, ebb\u0151l 28-an az Esztergom-Budapest F\u0151egyh\u00e1zmegy\u00e9hez tartoznak.<\/p>\n\n\n\n<p>A 28 f\u0151b\u0151l 14 n\u0151 \u00e9s 14 f\u00e9rfi. 21-en \u00e9rintettk\u00e9nt, heten hozz\u00e1tartoz\u00f3k\u00e9nt vettek r\u00e9szt,<\/p>\n\n\n\n<p>6 f\u0151 most vett el\u0151sz\u00f6r r\u00e9szt a lelkigyakorlatunkon.<\/p>\n\n\n\n<p>A meghirdetett programban hat el\u0151ad\u00e1st hallottunk ft. Fazekas Gy\u00f6rgy atya \u00e9s Moln\u00e1r Ferenc diak\u00f3nus \u00far el\u0151ad\u00e1s\u00e1ban, a szentmise r\u00e9szei, a liturgia, a szertart\u00e1s szimb\u00f3lumai t\u00e9mak\u00f6rben. Az el\u0151ad\u00e1sok t\u00e9m\u00e1j\u00e1t, a r\u00e9sztvev\u0151k szenved\u00e9lybetegs\u00e9g\u00fck \u00e1llapot\u00e1t n\u00e9gy kiscsoportban szint\u00e9n hat alkalommal besz\u00e9lt\u00fck meg. Szombat d\u00e9lut\u00e1n a hozz\u00e1tartoz\u00f3knak k\u00fcl\u00f6n kiscsoportot szervezt\u00fcnk.<\/p>\n\n\n\n<p>Minden nap volt szentmise, ima, a nap szentj\u00e9nek \u00e9lett\u00f6rt\u00e9net\u00e9nek felolvas\u00e1sa, k\u00f6zben j\u00e1r\u00f3 ima eg\u00e9sz\u00edtette ki a programot.<\/p>\n\n\n\n<p>A r\u00e9sztvev\u0151k lelki felt\u00f6lt\u0151d\u00e9ssel gazdagodva t\u00e9rtek vissza otthonukba.<\/p>\n\n\n\n<div class=\"wp-block-envira-envira-gallery\"><div id=\"envira-gallery-wrap-1355\" class=\"envira-gallery-wrap envira-gallery-theme-base envira-lightbox-theme-base\" itemscope itemtype=\"https:\/\/schema.org\/ImageGallery\"><div data-row-height=\"150\" data-gallery-theme=\"normal\" id=\"envira-gallery-1355\" class=\"envira-gallery-public envira-gallery-justified-public envira-gallery-0-columns envira-clear enviratope envira-gallery-css-animations\" data-envira-columns=\"0\"><div id=\"envira-gallery-item-1353\" class=\"envira-gallery-item enviratope-item envira-gallery-item-1 envira-lazy-load\" style=\"padding-left: 1px; padding-bottom: 1px; padding-right: 1px;\"  itemscope itemtype=\"https:\/\/schema.org\/ImageObject\"><div class=\"envira-gallery-item-inner\"><div class=\"envira-gallery-position-overlay  envira-gallery-top-left\"><\/div><div class=\"envira-gallery-position-overlay  envira-gallery-top-right\"><\/div><div class=\"envira-gallery-position-overlay  envira-gallery-bottom-left\"><\/div><div class=\"envira-gallery-position-overlay  envira-gallery-bottom-right\"><\/div><a href=\"http:\/\/karitaszkp.hu\/wp-content\/uploads\/2021\/10\/Kep5.jpg\" class=\"envira-gallery-1355 envira-gallery-link\" rel=\"enviragallery1355\" title=\"Kep5\" data-envira-caption=\"Kep5\" data-envira-retina=\"\" data-thumbnail=\"\"  itemprop=\"contentUrl\"><img id=\"envira-gallery-image-1353\" class=\"envira-gallery-image envira-gallery-image-1 envira-normal envira-lazy\" data-envira-index=\"1\" src=\"https:\/\/karitaszkozpont.hu\/wp-content\/uploads\/2021\/10\/Kep5-640x480.jpg\" data-envira-src=\"https:\/\/karitaszkozpont.hu\/wp-content\/uploads\/2021\/10\/Kep5-640x480.jpg\" data-envira-gallery-id=\"1355\" data-envira-item-id=\"1353\" data-envira-caption=\"Kep5\" alt=\"\" title=\"Kep5\"  itemprop=\"thumbnailUrl\" data-envira-srcset=\"https:\/\/karitaszkozpont.hu\/wp-content\/uploads\/2021\/10\/Kep5-640x480.jpg 400w,https:\/\/karitaszkozpont.hu\/wp-content\/uploads\/2021\/10\/Kep5-640x480.jpg 2x\" data-envira-width=\"300\" data-envira-height=\"195\" srcset=\"data:image\/gif;base64,R0lGODlhAQABAIAAAP\/\/\/\/\/\/\/yH5BAEKAAEALAAAAAABAAEAAAICTAEAOw==\" data-safe-src=\"data:image\/gif;base64,R0lGODlhAQABAIAAAP\/\/\/\/\/\/\/yH5BAEKAAEALAAAAAABAAEAAAICTAEAOw==\" \/><\/a><\/div><\/div><div id=\"envira-gallery-item-1354\" class=\"envira-gallery-item enviratope-item envira-gallery-item-2 envira-lazy-load\" style=\"padding-left: 1px; padding-bottom: 1px; padding-right: 1px;\"  itemscope itemtype=\"https:\/\/schema.org\/ImageObject\"><div class=\"envira-gallery-item-inner\"><div class=\"envira-gallery-position-overlay  envira-gallery-top-left\"><\/div><div class=\"envira-gallery-position-overlay  envira-gallery-top-right\"><\/div><div class=\"envira-gallery-position-overlay  envira-gallery-bottom-left\"><\/div><div class=\"envira-gallery-position-overlay  envira-gallery-bottom-right\"><\/div><a href=\"http:\/\/karitaszkp.hu\/wp-content\/uploads\/2021\/10\/Kep4.jpg\" class=\"envira-gallery-1355 envira-gallery-link\" rel=\"enviragallery1355\" title=\"Kep4\" data-envira-caption=\"Kep4\" data-envira-retina=\"\" data-thumbnail=\"\"  itemprop=\"contentUrl\"><img id=\"envira-gallery-image-1354\" class=\"envira-gallery-image envira-gallery-image-2 envira-normal envira-lazy\" data-envira-index=\"2\" src=\"https:\/\/karitaszkozpont.hu\/wp-content\/uploads\/2021\/10\/Kep4-640x480.jpg\" data-envira-src=\"https:\/\/karitaszkozpont.hu\/wp-content\/uploads\/2021\/10\/Kep4-640x480.jpg\" data-envira-gallery-id=\"1355\" data-envira-item-id=\"1354\" data-envira-caption=\"Kep4\" alt=\"\" title=\"Kep4\"  itemprop=\"thumbnailUrl\" data-envira-srcset=\"https:\/\/karitaszkozpont.hu\/wp-content\/uploads\/2021\/10\/Kep4-640x480.jpg 400w,https:\/\/karitaszkozpont.hu\/wp-content\/uploads\/2021\/10\/Kep4-640x480.jpg 2x\" data-envira-width=\"300\" data-envira-height=\"215\" srcset=\"data:image\/gif;base64,R0lGODlhAQABAIAAAP\/\/\/\/\/\/\/yH5BAEKAAEALAAAAAABAAEAAAICTAEAOw==\" data-safe-src=\"data:image\/gif;base64,R0lGODlhAQABAIAAAP\/\/\/\/\/\/\/yH5BAEKAAEALAAAAAABAAEAAAICTAEAOw==\" \/><\/a><\/div><\/div><\/div><\/div><noscript><img src=\"https:\/\/karitaszkozpont.hu\/wp-content\/uploads\/2021\/10\/Kep5.jpg\" alt=\"\" \/><img src=\"https:\/\/karitaszkozpont.hu\/wp-content\/uploads\/2021\/10\/Kep4.jpg\" alt=\"\" \/><\/noscript><\/div>\n\n\n\n<p>Le\u00e1nyfalu-Budapest, 2021. j\u00falius 27.<\/p>\n\n\n\n<p>Kertesy Andr\u00e1s<\/p>\n","protected":false},"excerpt":{"rendered":"<p>Besz\u00e1mol\u00f3 a Szent Erzs\u00e9bet Karit\u00e1sz &#8211; Szenved\u00e9lybeteg-seg\u00edt\u0151 Lelki K\u00f6zpont t\u00e1mogat\u00e1s\u00e1val, a Katolikus Alkoholistament\u0151 Szolg\u00e1lat \u00e1ltal rendezett, Le\u00e1nyfalun, 2021 j\u00falius 22-25 k\u00f6z\u00f6tt megtartott 155. szabad\u00edt\u00f3 lelkigyakorlatr\u00f3l A lelkigyakorlaton el\u0151zetes jelentkez\u00e9s alapj\u00e1n 37 f\u0151 vett r\u00e9szt, ebb\u0151l 28-an az Esztergom-Budapest F\u0151egyh\u00e1zmegy\u00e9hez tartoznak. A 28 f\u0151b\u0151l 14 n\u0151 \u00e9s 14 f\u00e9rfi. 21-en \u00e9rintettk\u00e9nt, heten hozz\u00e1tartoz\u00f3k\u00e9nt vettek r\u00e9szt, 6 &hellip; <\/p>\n<p class=\"link-more\"><a href=\"https:\/\/karitaszkozpont.hu\/?p=1352\" class=\"more-link\">Continue reading<span class=\"screen-reader-text\"> &#8222;Besz\u00e1mol\u00f3 a Szent Erzs\u00e9bet Karit\u00e1sz &#8211; Szenved\u00e9lybeteg-seg\u00edt\u0151 Lelki K\u00f6zpont t\u00e1mogat\u00e1s\u00e1val, a Katolikus Alkoholistament\u0151 Szolg\u00e1lat \u00e1ltal rendezett, Le\u00e1nyfalun, 2021 j\u00falius 22-25 k\u00f6z\u00f6tt megtartott 155. szabad\u00edt\u00f3 lelkigyakorlatr\u00f3l&#8221;<\/span><\/a><\/p>\n","protected":false},"author":1,"featured_media":1353,"comment_status":"closed","ping_status":"closed","sticky":false,"template":"","format":"standard","meta":[],"categories":[4],"tags":[],"yoast_head":"<!-- This site is optimized with the Yoast SEO plugin v20.1 - https:\/\/yoast.com\/wordpress\/plugins\/seo\/ -->\n<title>Besz\u00e1mol\u00f3 a Szent Erzs\u00e9bet Karit\u00e1sz - Szenved\u00e9lybeteg-seg\u00edt\u0151 Lelki K\u00f6zpont t\u00e1mogat\u00e1s\u00e1val, a Katolikus Alkoholistament\u0151 Szolg\u00e1lat \u00e1ltal rendezett, Le\u00e1nyfalun, 2021 j\u00falius 22-25 k\u00f6z\u00f6tt megtartott 155. szabad\u00edt\u00f3 lelkigyakorlatr\u00f3l - Szent Erzs\u00e9bet Karit\u00e1sz K\u00f6zpont<\/title>\n<meta name=\"robots\" content=\"index, follow, max-snippet:-1, max-image-preview:large, max-video-preview:-1\" \/>\n<link rel=\"canonical\" href=\"https:\/\/karitaszkozpont.hu\/?p=1352\" \/>\n<meta property=\"og:locale\" content=\"hu_HU\" \/>\n<meta property=\"og:type\" content=\"article\" \/>\n<meta property=\"og:title\" content=\"Besz\u00e1mol\u00f3 a Szent Erzs\u00e9bet Karit\u00e1sz - Szenved\u00e9lybeteg-seg\u00edt\u0151 Lelki K\u00f6zpont t\u00e1mogat\u00e1s\u00e1val, a Katolikus Alkoholistament\u0151 Szolg\u00e1lat \u00e1ltal rendezett, Le\u00e1nyfalun, 2021 j\u00falius 22-25 k\u00f6z\u00f6tt megtartott 155. szabad\u00edt\u00f3 lelkigyakorlatr\u00f3l - Szent Erzs\u00e9bet Karit\u00e1sz K\u00f6zpont\" \/>\n<meta property=\"og:description\" content=\"Besz\u00e1mol\u00f3 a Szent Erzs\u00e9bet Karit\u00e1sz &#8211; Szenved\u00e9lybeteg-seg\u00edt\u0151 Lelki K\u00f6zpont t\u00e1mogat\u00e1s\u00e1val, a Katolikus Alkoholistament\u0151 Szolg\u00e1lat \u00e1ltal rendezett, Le\u00e1nyfalun, 2021 j\u00falius 22-25 k\u00f6z\u00f6tt megtartott 155. szabad\u00edt\u00f3 lelkigyakorlatr\u00f3l A lelkigyakorlaton el\u0151zetes jelentkez\u00e9s alapj\u00e1n 37 f\u0151 vett r\u00e9szt, ebb\u0151l 28-an az Esztergom-Budapest F\u0151egyh\u00e1zmegy\u00e9hez tartoznak. A 28 f\u0151b\u0151l 14 n\u0151 \u00e9s 14 f\u00e9rfi. 21-en \u00e9rintettk\u00e9nt, heten hozz\u00e1tartoz\u00f3k\u00e9nt vettek r\u00e9szt, 6 &hellip; Continue reading &quot;Besz\u00e1mol\u00f3 a Szent Erzs\u00e9bet Karit\u00e1sz &#8211; Szenved\u00e9lybeteg-seg\u00edt\u0151 Lelki K\u00f6zpont t\u00e1mogat\u00e1s\u00e1val, a Katolikus Alkoholistament\u0151 Szolg\u00e1lat \u00e1ltal rendezett, Le\u00e1nyfalun, 2021 j\u00falius 22-25 k\u00f6z\u00f6tt megtartott 155. szabad\u00edt\u00f3 lelkigyakorlatr\u00f3l&quot;\" \/>\n<meta property=\"og:url\" content=\"https:\/\/karitaszkozpont.hu\/?p=1352\" \/>\n<meta property=\"og:site_name\" content=\"Szent Erzs\u00e9bet Karit\u00e1sz K\u00f6zpont\" \/>\n<meta property=\"article:published_time\" content=\"2021-10-07T06:51:21+00:00\" \/>\n<meta property=\"article:modified_time\" content=\"2022-01-08T08:49:10+00:00\" \/>\n<meta property=\"og:image\" content=\"https:\/\/karitaszkozpont.hu\/wp-content\/uploads\/2021\/10\/Kep5.jpg\" \/>\n\t<meta property=\"og:image:width\" content=\"712\" \/>\n\t<meta property=\"og:image:height\" content=\"462\" \/>\n\t<meta property=\"og:image:type\" content=\"image\/jpeg\" \/>\n<meta name=\"author\" content=\"Karit\u00e1sz K\u00f6zpont\" \/>\n<meta name=\"twitter:card\" content=\"summary_large_image\" \/>\n<meta name=\"twitter:label1\" content=\"Szerz\u0151:\" \/>\n\t<meta name=\"twitter:data1\" content=\"Karit\u00e1sz K\u00f6zpont\" \/>\n\t<meta name=\"twitter:label2\" content=\"Becs\u00fclt olvas\u00e1si id\u0151\" \/>\n\t<meta name=\"twitter:data2\" content=\"1 perc\" \/>\n<script type=\"application\/ld+json\" class=\"yoast-schema-graph\">{\"@context\":\"https:\/\/schema.org\",\"@graph\":[{\"@type\":\"Article\",\"@id\":\"https:\/\/karitaszkozpont.hu\/?p=1352#article\",\"isPartOf\":{\"@id\":\"https:\/\/karitaszkozpont.hu\/?p=1352\"},\"author\":{\"name\":\"Karit\u00e1sz K\u00f6zpont\",\"@id\":\"https:\/\/karitaszkozpont.hu\/#\/schema\/person\/0d9c28244c111914ea13bb1248775e57\"},\"headline\":\"Besz\u00e1mol\u00f3 a Szent Erzs\u00e9bet Karit\u00e1sz &#8211; Szenved\u00e9lybeteg-seg\u00edt\u0151 Lelki K\u00f6zpont t\u00e1mogat\u00e1s\u00e1val, a Katolikus Alkoholistament\u0151 Szolg\u00e1lat \u00e1ltal rendezett, Le\u00e1nyfalun, 2021 j\u00falius 22-25 k\u00f6z\u00f6tt megtartott 155. szabad\u00edt\u00f3 lelkigyakorlatr\u00f3l\",\"datePublished\":\"2021-10-07T06:51:21+00:00\",\"dateModified\":\"2022-01-08T08:49:10+00:00\",\"mainEntityOfPage\":{\"@id\":\"https:\/\/karitaszkozpont.hu\/?p=1352\"},\"wordCount\":261,\"publisher\":{\"@id\":\"https:\/\/karitaszkozpont.hu\/#organization\"},\"articleSection\":[\"H\u00edrek\"],\"inLanguage\":\"hu\"},{\"@type\":\"WebPage\",\"@id\":\"https:\/\/karitaszkozpont.hu\/?p=1352\",\"url\":\"https:\/\/karitaszkozpont.hu\/?p=1352\",\"name\":\"Besz\u00e1mol\u00f3 a Szent Erzs\u00e9bet Karit\u00e1sz - Szenved\u00e9lybeteg-seg\u00edt\u0151 Lelki K\u00f6zpont t\u00e1mogat\u00e1s\u00e1val, a Katolikus Alkoholistament\u0151 Szolg\u00e1lat \u00e1ltal rendezett, Le\u00e1nyfalun, 2021 j\u00falius 22-25 k\u00f6z\u00f6tt megtartott 155. szabad\u00edt\u00f3 lelkigyakorlatr\u00f3l - Szent Erzs\u00e9bet Karit\u00e1sz K\u00f6zpont\",\"isPartOf\":{\"@id\":\"https:\/\/karitaszkozpont.hu\/#website\"},\"datePublished\":\"2021-10-07T06:51:21+00:00\",\"dateModified\":\"2022-01-08T08:49:10+00:00\",\"breadcrumb\":{\"@id\":\"https:\/\/karitaszkozpont.hu\/?p=1352#breadcrumb\"},\"inLanguage\":\"hu\",\"potentialAction\":[{\"@type\":\"ReadAction\",\"target\":[\"https:\/\/karitaszkozpont.hu\/?p=1352\"]}]},{\"@type\":\"BreadcrumbList\",\"@id\":\"https:\/\/karitaszkozpont.hu\/?p=1352#breadcrumb\",\"itemListElement\":[{\"@type\":\"ListItem\",\"position\":1,\"name\":\"Kezd\u0151lap\",\"item\":\"https:\/\/karitaszkozpont.hu\/\"},{\"@type\":\"ListItem\",\"position\":2,\"name\":\"Besz\u00e1mol\u00f3 a Szent Erzs\u00e9bet Karit\u00e1sz &#8211; Szenved\u00e9lybeteg-seg\u00edt\u0151 Lelki K\u00f6zpont t\u00e1mogat\u00e1s\u00e1val, a Katolikus Alkoholistament\u0151 Szolg\u00e1lat \u00e1ltal rendezett, Le\u00e1nyfalun, 2021 j\u00falius 22-25 k\u00f6z\u00f6tt megtartott 155. szabad\u00edt\u00f3 lelkigyakorlatr\u00f3l\"}]},{\"@type\":\"WebSite\",\"@id\":\"https:\/\/karitaszkozpont.hu\/#website\",\"url\":\"https:\/\/karitaszkozpont.hu\/\",\"name\":\"Szent Erzs\u00e9bet Karit\u00e1sz K\u00f6zpont\",\"description\":\"Esztergom-Budapesti F\u0151egyh\u00e1zmegye\",\"publisher\":{\"@id\":\"https:\/\/karitaszkozpont.hu\/#organization\"},\"potentialAction\":[{\"@type\":\"SearchAction\",\"target\":{\"@type\":\"EntryPoint\",\"urlTemplate\":\"https:\/\/karitaszkozpont.hu\/?s={search_term_string}\"},\"query-input\":\"required name=search_term_string\"}],\"inLanguage\":\"hu\"},{\"@type\":\"Organization\",\"@id\":\"https:\/\/karitaszkozpont.hu\/#organization\",\"name\":\"Szent Erzs\u00e9bet Karit\u00e1sz K\u00f6zpont\",\"url\":\"https:\/\/karitaszkozpont.hu\/\",\"logo\":{\"@type\":\"ImageObject\",\"inLanguage\":\"hu\",\"@id\":\"https:\/\/karitaszkozpont.hu\/#\/schema\/logo\/image\/\",\"url\":\"https:\/\/karitaszkp.hu\/wp-content\/uploads\/2019\/06\/cropped-logo-arnyekos-1.png\",\"contentUrl\":\"https:\/\/karitaszkp.hu\/wp-content\/uploads\/2019\/06\/cropped-logo-arnyekos-1.png\",\"width\":240,\"height\":247,\"caption\":\"Szent Erzs\u00e9bet Karit\u00e1sz K\u00f6zpont\"},\"image\":{\"@id\":\"https:\/\/karitaszkozpont.hu\/#\/schema\/logo\/image\/\"}},{\"@type\":\"Person\",\"@id\":\"https:\/\/karitaszkozpont.hu\/#\/schema\/person\/0d9c28244c111914ea13bb1248775e57\",\"name\":\"Karit\u00e1sz K\u00f6zpont\",\"image\":{\"@type\":\"ImageObject\",\"inLanguage\":\"hu\",\"@id\":\"https:\/\/karitaszkozpont.hu\/#\/schema\/person\/image\/\",\"url\":\"https:\/\/secure.gravatar.com\/avatar\/1274acd7c62f3cac92d2b38aad20c71b?s=96&d=mm&r=g\",\"contentUrl\":\"https:\/\/secure.gravatar.com\/avatar\/1274acd7c62f3cac92d2b38aad20c71b?s=96&d=mm&r=g\",\"caption\":\"Karit\u00e1sz K\u00f6zpont\"},\"url\":\"https:\/\/karitaszkozpont.hu\/?author=1\"}]}<\/script>\n<!-- \/ Yoast SEO plugin. -->","yoast_head_json":{"title":"Besz\u00e1mol\u00f3 a Szent Erzs\u00e9bet Karit\u00e1sz - Szenved\u00e9lybeteg-seg\u00edt\u0151 Lelki K\u00f6zpont t\u00e1mogat\u00e1s\u00e1val, a Katolikus Alkoholistament\u0151 Szolg\u00e1lat \u00e1ltal rendezett, Le\u00e1nyfalun, 2021 j\u00falius 22-25 k\u00f6z\u00f6tt megtartott 155. szabad\u00edt\u00f3 lelkigyakorlatr\u00f3l - Szent Erzs\u00e9bet Karit\u00e1sz K\u00f6zpont","robots":{"index":"index","follow":"follow","max-snippet":"max-snippet:-1","max-image-preview":"max-image-preview:large","max-video-preview":"max-video-preview:-1"},"canonical":"https:\/\/karitaszkozpont.hu\/?p=1352","og_locale":"hu_HU","og_type":"article","og_title":"Besz\u00e1mol\u00f3 a Szent Erzs\u00e9bet Karit\u00e1sz - Szenved\u00e9lybeteg-seg\u00edt\u0151 Lelki K\u00f6zpont t\u00e1mogat\u00e1s\u00e1val, a Katolikus Alkoholistament\u0151 Szolg\u00e1lat \u00e1ltal rendezett, Le\u00e1nyfalun, 2021 j\u00falius 22-25 k\u00f6z\u00f6tt megtartott 155. szabad\u00edt\u00f3 lelkigyakorlatr\u00f3l - Szent Erzs\u00e9bet Karit\u00e1sz K\u00f6zpont","og_description":"Besz\u00e1mol\u00f3 a Szent Erzs\u00e9bet Karit\u00e1sz &#8211; Szenved\u00e9lybeteg-seg\u00edt\u0151 Lelki K\u00f6zpont t\u00e1mogat\u00e1s\u00e1val, a Katolikus Alkoholistament\u0151 Szolg\u00e1lat \u00e1ltal rendezett, Le\u00e1nyfalun, 2021 j\u00falius 22-25 k\u00f6z\u00f6tt megtartott 155. szabad\u00edt\u00f3 lelkigyakorlatr\u00f3l A lelkigyakorlaton el\u0151zetes jelentkez\u00e9s alapj\u00e1n 37 f\u0151 vett r\u00e9szt, ebb\u0151l 28-an az Esztergom-Budapest F\u0151egyh\u00e1zmegy\u00e9hez tartoznak. A 28 f\u0151b\u0151l 14 n\u0151 \u00e9s 14 f\u00e9rfi. 21-en \u00e9rintettk\u00e9nt, heten hozz\u00e1tartoz\u00f3k\u00e9nt vettek r\u00e9szt, 6 &hellip; Continue reading \"Besz\u00e1mol\u00f3 a Szent Erzs\u00e9bet Karit\u00e1sz &#8211; Szenved\u00e9lybeteg-seg\u00edt\u0151 Lelki K\u00f6zpont t\u00e1mogat\u00e1s\u00e1val, a Katolikus Alkoholistament\u0151 Szolg\u00e1lat \u00e1ltal rendezett, Le\u00e1nyfalun, 2021 j\u00falius 22-25 k\u00f6z\u00f6tt megtartott 155. szabad\u00edt\u00f3 lelkigyakorlatr\u00f3l\"","og_url":"https:\/\/karitaszkozpont.hu\/?p=1352","og_site_name":"Szent Erzs\u00e9bet Karit\u00e1sz K\u00f6zpont","article_published_time":"2021-10-07T06:51:21+00:00","article_modified_time":"2022-01-08T08:49:10+00:00","og_image":[{"width":712,"height":462,"url":"https:\/\/karitaszkozpont.hu\/wp-content\/uploads\/2021\/10\/Kep5.jpg","type":"image\/jpeg"}],"author":"Karit\u00e1sz K\u00f6zpont","twitter_card":"summary_large_image","twitter_misc":{"Szerz\u0151:":"Karit\u00e1sz K\u00f6zpont","Becs\u00fclt olvas\u00e1si id\u0151":"1 perc"},"schema":{"@context":"https:\/\/schema.org","@graph":[{"@type":"Article","@id":"https:\/\/karitaszkozpont.hu\/?p=1352#article","isPartOf":{"@id":"https:\/\/karitaszkozpont.hu\/?p=1352"},"author":{"name":"Karit\u00e1sz K\u00f6zpont","@id":"https:\/\/karitaszkozpont.hu\/#\/schema\/person\/0d9c28244c111914ea13bb1248775e57"},"headline":"Besz\u00e1mol\u00f3 a Szent Erzs\u00e9bet Karit\u00e1sz &#8211; Szenved\u00e9lybeteg-seg\u00edt\u0151 Lelki K\u00f6zpont t\u00e1mogat\u00e1s\u00e1val, a Katolikus Alkoholistament\u0151 Szolg\u00e1lat \u00e1ltal rendezett, Le\u00e1nyfalun, 2021 j\u00falius 22-25 k\u00f6z\u00f6tt megtartott 155. szabad\u00edt\u00f3 lelkigyakorlatr\u00f3l","datePublished":"2021-10-07T06:51:21+00:00","dateModified":"2022-01-08T08:49:10+00:00","mainEntityOfPage":{"@id":"https:\/\/karitaszkozpont.hu\/?p=1352"},"wordCount":261,"publisher":{"@id":"https:\/\/karitaszkozpont.hu\/#organization"},"articleSection":["H\u00edrek"],"inLanguage":"hu"},{"@type":"WebPage","@id":"https:\/\/karitaszkozpont.hu\/?p=1352","url":"https:\/\/karitaszkozpont.hu\/?p=1352","name":"Besz\u00e1mol\u00f3 a Szent Erzs\u00e9bet Karit\u00e1sz - Szenved\u00e9lybeteg-seg\u00edt\u0151 Lelki K\u00f6zpont t\u00e1mogat\u00e1s\u00e1val, a Katolikus Alkoholistament\u0151 Szolg\u00e1lat \u00e1ltal rendezett, Le\u00e1nyfalun, 2021 j\u00falius 22-25 k\u00f6z\u00f6tt megtartott 155. szabad\u00edt\u00f3 lelkigyakorlatr\u00f3l - Szent Erzs\u00e9bet Karit\u00e1sz K\u00f6zpont","isPartOf":{"@id":"https:\/\/karitaszkozpont.hu\/#website"},"datePublished":"2021-10-07T06:51:21+00:00","dateModified":"2022-01-08T08:49:10+00:00","breadcrumb":{"@id":"https:\/\/karitaszkozpont.hu\/?p=1352#breadcrumb"},"inLanguage":"hu","potentialAction":[{"@type":"ReadAction","target":["https:\/\/karitaszkozpont.hu\/?p=1352"]}]},{"@type":"BreadcrumbList","@id":"https:\/\/karitaszkozpont.hu\/?p=1352#breadcrumb","itemListElement":[{"@type":"ListItem","position":1,"name":"Kezd\u0151lap","item":"https:\/\/karitaszkozpont.hu\/"},{"@type":"ListItem","position":2,"name":"Besz\u00e1mol\u00f3 a Szent Erzs\u00e9bet Karit\u00e1sz &#8211; Szenved\u00e9lybeteg-seg\u00edt\u0151 Lelki K\u00f6zpont t\u00e1mogat\u00e1s\u00e1val, a Katolikus Alkoholistament\u0151 Szolg\u00e1lat \u00e1ltal rendezett, Le\u00e1nyfalun, 2021 j\u00falius 22-25 k\u00f6z\u00f6tt megtartott 155. szabad\u00edt\u00f3 lelkigyakorlatr\u00f3l"}]},{"@type":"WebSite","@id":"https:\/\/karitaszkozpont.hu\/#website","url":"https:\/\/karitaszkozpont.hu\/","name":"Szent Erzs\u00e9bet Karit\u00e1sz K\u00f6zpont","description":"Esztergom-Budapesti F\u0151egyh\u00e1zmegye","publisher":{"@id":"https:\/\/karitaszkozpont.hu\/#organization"},"potentialAction":[{"@type":"SearchAction","target":{"@type":"EntryPoint","urlTemplate":"https:\/\/karitaszkozpont.hu\/?s={search_term_string}"},"query-input":"required name=search_term_string"}],"inLanguage":"hu"},{"@type":"Organization","@id":"https:\/\/karitaszkozpont.hu\/#organization","name":"Szent Erzs\u00e9bet Karit\u00e1sz K\u00f6zpont","url":"https:\/\/karitaszkozpont.hu\/","logo":{"@type":"ImageObject","inLanguage":"hu","@id":"https:\/\/karitaszkozpont.hu\/#\/schema\/logo\/image\/","url":"https:\/\/karitaszkp.hu\/wp-content\/uploads\/2019\/06\/cropped-logo-arnyekos-1.png","contentUrl":"https:\/\/karitaszkp.hu\/wp-content\/uploads\/2019\/06\/cropped-logo-arnyekos-1.png","width":240,"height":247,"caption":"Szent Erzs\u00e9bet Karit\u00e1sz K\u00f6zpont"},"image":{"@id":"https:\/\/karitaszkozpont.hu\/#\/schema\/logo\/image\/"}},{"@type":"Person","@id":"https:\/\/karitaszkozpont.hu\/#\/schema\/person\/0d9c28244c111914ea13bb1248775e57","name":"Karit\u00e1sz K\u00f6zpont","image":{"@type":"ImageObject","inLanguage":"hu","@id":"https:\/\/karitaszkozpont.hu\/#\/schema\/person\/image\/","url":"https:\/\/secure.gravatar.com\/avatar\/1274acd7c62f3cac92d2b38aad20c71b?s=96&d=mm&r=g","contentUrl":"https:\/\/secure.gravatar.com\/avatar\/1274acd7c62f3cac92d2b38aad20c71b?s=96&d=mm&r=g","caption":"Karit\u00e1sz K\u00f6zpont"},"url":"https:\/\/karitaszkozpont.hu\/?author=1"}]}},"_links":{"self":[{"href":"https:\/\/karitaszkozpont.hu\/index.php?rest_route=\/wp\/v2\/posts\/1352"}],"collection":[{"href":"https:\/\/karitaszkozpont.hu\/index.php?rest_route=\/wp\/v2\/posts"}],"about":[{"href":"https:\/\/karitaszkozpont.hu\/index.php?rest_route=\/wp\/v2\/types\/post"}],"author":[{"embeddable":true,"href":"https:\/\/karitaszkozpont.hu\/index.php?rest_route=\/wp\/v2\/users\/1"}],"replies":[{"embeddable":true,"href":"https:\/\/karitaszkozpont.hu\/index.php?rest_route=%2Fwp%2Fv2%2Fcomments&post=1352"}],"version-history":[{"count":1,"href":"https:\/\/karitaszkozpont.hu\/index.php?rest_route=\/wp\/v2\/posts\/1352\/revisions"}],"predecessor-version":[{"id":1356,"href":"https:\/\/karitaszkozpont.hu\/index.php?rest_route=\/wp\/v2\/posts\/1352\/revisions\/1356"}],"wp:featuredmedia":[{"embeddable":true,"href":"https:\/\/karitaszkozpont.hu\/index.php?rest_route=\/wp\/v2\/media\/1353"}],"wp:attachment":[{"href":"https:\/\/karitaszkozpont.hu\/index.php?rest_route=%2Fwp%2Fv2%2Fmedia&parent=1352"}],"wp:term":[{"taxonomy":"category","embeddable":true,"href":"https:\/\/karitaszkozpont.hu\/index.php?rest_route=%2Fwp%2Fv2%2Fcategories&post=1352"},{"taxonomy":"post_tag","embeddable":true,"href":"https:\/\/karitaszkozpont.hu\/index.php?rest_route=%2Fwp%2Fv2%2Ftags&post=1352"}],"curies":[{"name":"wp","href":"https:\/\/api.w.org\/{rel}","templated":true}]}}