{"id":1347,"date":"2021-10-07T08:46:01","date_gmt":"2021-10-07T06:46:01","guid":{"rendered":"http:\/\/karitaszkp.hu\/?p=1347"},"modified":"2022-01-08T10:49:10","modified_gmt":"2022-01-08T08:49:10","slug":"beszamolo-a-szent-erzsebet-karitasz-szenvedelybeteg-segito-lelki-kozpont-tamogatasaval-a-katolikus-alkoholistamento-szolgalat-altal-szervezett-autobuszos-zarandokutrol-mariagyudre","status":"publish","type":"post","link":"https:\/\/karitaszkozpont.hu\/?p=1347","title":{"rendered":"Besz\u00e1mol\u00f3 a Szent Erzs\u00e9bet Karit\u00e1sz &#8211; Szenved\u00e9lybeteg-seg\u00edt\u0151 Lelki K\u00f6zpont t\u00e1mogat\u00e1s\u00e1val, a Katolikus Alkoholistament\u0151 Szolg\u00e1lat \u00e1ltal szervezett aut\u00f3buszos zar\u00e1ndok\u00fatr\u00f3l M\u00e1riagy\u0171dre"},"content":{"rendered":"\n<p class=\"has-white-color has-vivid-red-background-color has-text-color has-background has-large-font-size\"><strong>Besz\u00e1mol\u00f3 a Szent Erzs\u00e9bet Karit\u00e1sz &#8211; Szenved\u00e9lybeteg-seg\u00edt\u0151 Lelki K\u00f6zpont t\u00e1mogat\u00e1s\u00e1val, a Katolikus Alkoholistament\u0151 Szolg\u00e1lat \u00e1ltal szervezett aut\u00f3buszos zar\u00e1ndok\u00fatr\u00f3l M\u00e1riagy\u0171dre<\/strong><\/p>\n\n\n\n<p>A KASZ az id\u00e9n is ind\u00edtott egy b\u00e9relt aut\u00f3buszt M\u00e1riagy\u0171dre, ahol 2021. augusztus 28-\u00e1n, 20. alkalommal rendezt\u00e9k meg a Szenved\u00e9lybetegek Zar\u00e1ndoklat\u00e1t. El\u0151zetes jelentkez\u00e9s ut\u00e1n 17 f\u0151 vett r\u00e9szt, ebb\u0151l 9-en az Esztergom-Budapesti F\u0151egyh\u00e1zmegy\u00e9hez tartoz\u00f3k.<\/p>\n\n\n\n<p>Az utaz\u00e1s reggel 6-kor indult \u00d3bud\u00e1r\u00f3l, \u00fat k\u00f6zben el\u0151ad\u00e1sokat hallhattunk a kegyhely t\u00f6rt\u00e9net\u00e9r\u0151l, a r\u00f3zsaf\u00fcz\u00e9r kialakul\u00e1s\u00e1r\u00f3l. A r\u00f3zsaf\u00fcz\u00e9rt el is im\u00e1dkoztuk.<\/p>\n\n\n\n<figure class=\"wp-block-image size-large is-resized\"><img decoding=\"async\" loading=\"lazy\" src=\"http:\/\/karitaszkp.hu\/wp-content\/uploads\/2021\/10\/Kep2.jpg\" alt=\"\" class=\"wp-image-1348\" width=\"188\" height=\"249\"\/><\/figure>\n\n\n\n<p>A 10 \u00f3r\u00e1s szentmis\u00e9t Fazekas Gy\u00f6rgy atya, a KASZ lelk\u00e9sze mutatta be a m\u00e1riagy\u0171di bazilik\u00e1ban, ezut\u00e1n dics\u0151\u00edt\u0151 zen\u00e9s-\u00e9nekes \u00e1h\u00edtat k\u00f6vetkezett. A zenei szolg\u00e1latot is mi l\u00e1ttuk el.<\/p>\n\n\n\n<figure class=\"wp-block-image size-large is-resized\"><img decoding=\"async\" loading=\"lazy\" src=\"http:\/\/karitaszkp.hu\/wp-content\/uploads\/2021\/10\/Kep1.jpg\" alt=\"\" class=\"wp-image-1349\" width=\"358\" height=\"222\" srcset=\"https:\/\/karitaszkozpont.hu\/wp-content\/uploads\/2021\/10\/Kep1.jpg 539w, https:\/\/karitaszkozpont.hu\/wp-content\/uploads\/2021\/10\/Kep1-300x186.jpg 300w\" sizes=\"(max-width: 358px) 100vw, 358px\" \/><\/figure>\n\n\n\n<div class=\"wp-block-image\"><figure class=\"alignleft size-large is-resized\"><img decoding=\"async\" loading=\"lazy\" src=\"http:\/\/karitaszkp.hu\/wp-content\/uploads\/2021\/10\/Kep3.jpg\" alt=\"\" class=\"wp-image-1350\" width=\"331\" height=\"206\" srcset=\"https:\/\/karitaszkozpont.hu\/wp-content\/uploads\/2021\/10\/Kep3.jpg 535w, https:\/\/karitaszkozpont.hu\/wp-content\/uploads\/2021\/10\/Kep3-300x187.jpg 300w\" sizes=\"(max-width: 331px) 100vw, 331px\" \/><\/figure><\/div>\n\n\n\n<p>A rendez\u0151k eb\u00e9ddel vend\u00e9gelt\u00e9k meg a zar\u00e1ndokokat, majd k\u00f6rbe\u00fclve tan\u00fas\u00e1gt\u00e9teleket hallhattunk \u00e9s oszthattunk meg a t\u00f6bbiekkel.<\/p>\n\n\n\n<p>Az egy\u00fcttl\u00e9t az Ivanits Tam\u00e1s vezette zenekar el\u0151ad\u00e1s\u00e1val \u00e9rt v\u00e9get.<\/p>\n\n\n\n<p>A hazafel\u00e9 vezet\u0151 \u00faton megosztottuk az \u00e9lm\u00e9nyeket, benyom\u00e1sokat.<\/p>\n\n\n\n<p><\/p>\n\n\n\n<p>M\u00e1riagy\u0171d-Budapest, 2021. augusztus 28. Kertesy Andr\u00e1s<\/p>\n","protected":false},"excerpt":{"rendered":"<p>Besz\u00e1mol\u00f3 a Szent Erzs\u00e9bet Karit\u00e1sz &#8211; Szenved\u00e9lybeteg-seg\u00edt\u0151 Lelki K\u00f6zpont t\u00e1mogat\u00e1s\u00e1val, a Katolikus Alkoholistament\u0151 Szolg\u00e1lat \u00e1ltal szervezett aut\u00f3buszos zar\u00e1ndok\u00fatr\u00f3l M\u00e1riagy\u0171dre A KASZ az id\u00e9n is ind\u00edtott egy b\u00e9relt aut\u00f3buszt M\u00e1riagy\u0171dre, ahol 2021. augusztus 28-\u00e1n, 20. alkalommal rendezt\u00e9k meg a Szenved\u00e9lybetegek Zar\u00e1ndoklat\u00e1t. El\u0151zetes jelentkez\u00e9s ut\u00e1n 17 f\u0151 vett r\u00e9szt, ebb\u0151l 9-en az Esztergom-Budapesti F\u0151egyh\u00e1zmegy\u00e9hez tartoz\u00f3k. Az utaz\u00e1s &hellip; <\/p>\n<p class=\"link-more\"><a href=\"https:\/\/karitaszkozpont.hu\/?p=1347\" class=\"more-link\">Continue reading<span class=\"screen-reader-text\"> &#8222;Besz\u00e1mol\u00f3 a Szent Erzs\u00e9bet Karit\u00e1sz &#8211; Szenved\u00e9lybeteg-seg\u00edt\u0151 Lelki K\u00f6zpont t\u00e1mogat\u00e1s\u00e1val, a Katolikus Alkoholistament\u0151 Szolg\u00e1lat \u00e1ltal szervezett aut\u00f3buszos zar\u00e1ndok\u00fatr\u00f3l M\u00e1riagy\u0171dre&#8221;<\/span><\/a><\/p>\n","protected":false},"author":1,"featured_media":1350,"comment_status":"closed","ping_status":"closed","sticky":false,"template":"","format":"standard","meta":[],"categories":[4],"tags":[],"yoast_head":"<!-- This site is optimized with the Yoast SEO plugin v20.1 - https:\/\/yoast.com\/wordpress\/plugins\/seo\/ -->\n<title>Besz\u00e1mol\u00f3 a Szent Erzs\u00e9bet Karit\u00e1sz - Szenved\u00e9lybeteg-seg\u00edt\u0151 Lelki K\u00f6zpont t\u00e1mogat\u00e1s\u00e1val, a Katolikus Alkoholistament\u0151 Szolg\u00e1lat \u00e1ltal szervezett aut\u00f3buszos zar\u00e1ndok\u00fatr\u00f3l M\u00e1riagy\u0171dre - Szent Erzs\u00e9bet Karit\u00e1sz K\u00f6zpont<\/title>\n<meta name=\"robots\" content=\"index, follow, max-snippet:-1, max-image-preview:large, max-video-preview:-1\" \/>\n<link rel=\"canonical\" href=\"https:\/\/karitaszkozpont.hu\/?p=1347\" \/>\n<meta property=\"og:locale\" content=\"hu_HU\" \/>\n<meta property=\"og:type\" content=\"article\" \/>\n<meta property=\"og:title\" content=\"Besz\u00e1mol\u00f3 a Szent Erzs\u00e9bet Karit\u00e1sz - Szenved\u00e9lybeteg-seg\u00edt\u0151 Lelki K\u00f6zpont t\u00e1mogat\u00e1s\u00e1val, a Katolikus Alkoholistament\u0151 Szolg\u00e1lat \u00e1ltal szervezett aut\u00f3buszos zar\u00e1ndok\u00fatr\u00f3l M\u00e1riagy\u0171dre - Szent Erzs\u00e9bet Karit\u00e1sz K\u00f6zpont\" \/>\n<meta property=\"og:description\" content=\"Besz\u00e1mol\u00f3 a Szent Erzs\u00e9bet Karit\u00e1sz &#8211; Szenved\u00e9lybeteg-seg\u00edt\u0151 Lelki K\u00f6zpont t\u00e1mogat\u00e1s\u00e1val, a Katolikus Alkoholistament\u0151 Szolg\u00e1lat \u00e1ltal szervezett aut\u00f3buszos zar\u00e1ndok\u00fatr\u00f3l M\u00e1riagy\u0171dre A KASZ az id\u00e9n is ind\u00edtott egy b\u00e9relt aut\u00f3buszt M\u00e1riagy\u0171dre, ahol 2021. augusztus 28-\u00e1n, 20. alkalommal rendezt\u00e9k meg a Szenved\u00e9lybetegek Zar\u00e1ndoklat\u00e1t. El\u0151zetes jelentkez\u00e9s ut\u00e1n 17 f\u0151 vett r\u00e9szt, ebb\u0151l 9-en az Esztergom-Budapesti F\u0151egyh\u00e1zmegy\u00e9hez tartoz\u00f3k. Az utaz\u00e1s &hellip; Continue reading &quot;Besz\u00e1mol\u00f3 a Szent Erzs\u00e9bet Karit\u00e1sz &#8211; Szenved\u00e9lybeteg-seg\u00edt\u0151 Lelki K\u00f6zpont t\u00e1mogat\u00e1s\u00e1val, a Katolikus Alkoholistament\u0151 Szolg\u00e1lat \u00e1ltal szervezett aut\u00f3buszos zar\u00e1ndok\u00fatr\u00f3l M\u00e1riagy\u0171dre&quot;\" \/>\n<meta property=\"og:url\" content=\"https:\/\/karitaszkozpont.hu\/?p=1347\" \/>\n<meta property=\"og:site_name\" content=\"Szent Erzs\u00e9bet Karit\u00e1sz K\u00f6zpont\" \/>\n<meta property=\"article:published_time\" content=\"2021-10-07T06:46:01+00:00\" \/>\n<meta property=\"article:modified_time\" content=\"2022-01-08T08:49:10+00:00\" \/>\n<meta property=\"og:image\" content=\"https:\/\/karitaszkozpont.hu\/wp-content\/uploads\/2021\/10\/Kep3.jpg\" \/>\n\t<meta property=\"og:image:width\" content=\"535\" \/>\n\t<meta property=\"og:image:height\" content=\"334\" \/>\n\t<meta property=\"og:image:type\" content=\"image\/jpeg\" \/>\n<meta name=\"author\" content=\"Karit\u00e1sz K\u00f6zpont\" \/>\n<meta name=\"twitter:card\" content=\"summary_large_image\" \/>\n<meta name=\"twitter:label1\" content=\"Szerz\u0151:\" \/>\n\t<meta name=\"twitter:data1\" content=\"Karit\u00e1sz K\u00f6zpont\" \/>\n\t<meta name=\"twitter:label2\" content=\"Becs\u00fclt olvas\u00e1si id\u0151\" \/>\n\t<meta name=\"twitter:data2\" content=\"2 perc\" \/>\n<script type=\"application\/ld+json\" class=\"yoast-schema-graph\">{\"@context\":\"https:\/\/schema.org\",\"@graph\":[{\"@type\":\"Article\",\"@id\":\"https:\/\/karitaszkozpont.hu\/?p=1347#article\",\"isPartOf\":{\"@id\":\"https:\/\/karitaszkozpont.hu\/?p=1347\"},\"author\":{\"name\":\"Karit\u00e1sz K\u00f6zpont\",\"@id\":\"https:\/\/karitaszkozpont.hu\/#\/schema\/person\/0d9c28244c111914ea13bb1248775e57\"},\"headline\":\"Besz\u00e1mol\u00f3 a Szent Erzs\u00e9bet Karit\u00e1sz &#8211; Szenved\u00e9lybeteg-seg\u00edt\u0151 Lelki K\u00f6zpont t\u00e1mogat\u00e1s\u00e1val, a Katolikus Alkoholistament\u0151 Szolg\u00e1lat \u00e1ltal szervezett aut\u00f3buszos zar\u00e1ndok\u00fatr\u00f3l M\u00e1riagy\u0171dre\",\"datePublished\":\"2021-10-07T06:46:01+00:00\",\"dateModified\":\"2022-01-08T08:49:10+00:00\",\"mainEntityOfPage\":{\"@id\":\"https:\/\/karitaszkozpont.hu\/?p=1347\"},\"wordCount\":264,\"publisher\":{\"@id\":\"https:\/\/karitaszkozpont.hu\/#organization\"},\"articleSection\":[\"H\u00edrek\"],\"inLanguage\":\"hu\"},{\"@type\":\"WebPage\",\"@id\":\"https:\/\/karitaszkozpont.hu\/?p=1347\",\"url\":\"https:\/\/karitaszkozpont.hu\/?p=1347\",\"name\":\"Besz\u00e1mol\u00f3 a Szent Erzs\u00e9bet Karit\u00e1sz - Szenved\u00e9lybeteg-seg\u00edt\u0151 Lelki K\u00f6zpont t\u00e1mogat\u00e1s\u00e1val, a Katolikus Alkoholistament\u0151 Szolg\u00e1lat \u00e1ltal szervezett aut\u00f3buszos zar\u00e1ndok\u00fatr\u00f3l M\u00e1riagy\u0171dre - Szent Erzs\u00e9bet Karit\u00e1sz K\u00f6zpont\",\"isPartOf\":{\"@id\":\"https:\/\/karitaszkozpont.hu\/#website\"},\"datePublished\":\"2021-10-07T06:46:01+00:00\",\"dateModified\":\"2022-01-08T08:49:10+00:00\",\"breadcrumb\":{\"@id\":\"https:\/\/karitaszkozpont.hu\/?p=1347#breadcrumb\"},\"inLanguage\":\"hu\",\"potentialAction\":[{\"@type\":\"ReadAction\",\"target\":[\"https:\/\/karitaszkozpont.hu\/?p=1347\"]}]},{\"@type\":\"BreadcrumbList\",\"@id\":\"https:\/\/karitaszkozpont.hu\/?p=1347#breadcrumb\",\"itemListElement\":[{\"@type\":\"ListItem\",\"position\":1,\"name\":\"Kezd\u0151lap\",\"item\":\"https:\/\/karitaszkozpont.hu\/\"},{\"@type\":\"ListItem\",\"position\":2,\"name\":\"Besz\u00e1mol\u00f3 a Szent Erzs\u00e9bet Karit\u00e1sz &#8211; Szenved\u00e9lybeteg-seg\u00edt\u0151 Lelki K\u00f6zpont t\u00e1mogat\u00e1s\u00e1val, a Katolikus Alkoholistament\u0151 Szolg\u00e1lat \u00e1ltal szervezett aut\u00f3buszos zar\u00e1ndok\u00fatr\u00f3l M\u00e1riagy\u0171dre\"}]},{\"@type\":\"WebSite\",\"@id\":\"https:\/\/karitaszkozpont.hu\/#website\",\"url\":\"https:\/\/karitaszkozpont.hu\/\",\"name\":\"Szent Erzs\u00e9bet Karit\u00e1sz K\u00f6zpont\",\"description\":\"Esztergom-Budapesti F\u0151egyh\u00e1zmegye\",\"publisher\":{\"@id\":\"https:\/\/karitaszkozpont.hu\/#organization\"},\"potentialAction\":[{\"@type\":\"SearchAction\",\"target\":{\"@type\":\"EntryPoint\",\"urlTemplate\":\"https:\/\/karitaszkozpont.hu\/?s={search_term_string}\"},\"query-input\":\"required name=search_term_string\"}],\"inLanguage\":\"hu\"},{\"@type\":\"Organization\",\"@id\":\"https:\/\/karitaszkozpont.hu\/#organization\",\"name\":\"Szent Erzs\u00e9bet Karit\u00e1sz K\u00f6zpont\",\"url\":\"https:\/\/karitaszkozpont.hu\/\",\"logo\":{\"@type\":\"ImageObject\",\"inLanguage\":\"hu\",\"@id\":\"https:\/\/karitaszkozpont.hu\/#\/schema\/logo\/image\/\",\"url\":\"https:\/\/karitaszkp.hu\/wp-content\/uploads\/2019\/06\/cropped-logo-arnyekos-1.png\",\"contentUrl\":\"https:\/\/karitaszkp.hu\/wp-content\/uploads\/2019\/06\/cropped-logo-arnyekos-1.png\",\"width\":240,\"height\":247,\"caption\":\"Szent Erzs\u00e9bet Karit\u00e1sz K\u00f6zpont\"},\"image\":{\"@id\":\"https:\/\/karitaszkozpont.hu\/#\/schema\/logo\/image\/\"}},{\"@type\":\"Person\",\"@id\":\"https:\/\/karitaszkozpont.hu\/#\/schema\/person\/0d9c28244c111914ea13bb1248775e57\",\"name\":\"Karit\u00e1sz K\u00f6zpont\",\"image\":{\"@type\":\"ImageObject\",\"inLanguage\":\"hu\",\"@id\":\"https:\/\/karitaszkozpont.hu\/#\/schema\/person\/image\/\",\"url\":\"https:\/\/secure.gravatar.com\/avatar\/1274acd7c62f3cac92d2b38aad20c71b?s=96&d=mm&r=g\",\"contentUrl\":\"https:\/\/secure.gravatar.com\/avatar\/1274acd7c62f3cac92d2b38aad20c71b?s=96&d=mm&r=g\",\"caption\":\"Karit\u00e1sz K\u00f6zpont\"},\"url\":\"https:\/\/karitaszkozpont.hu\/?author=1\"}]}<\/script>\n<!-- \/ Yoast SEO plugin. -->","yoast_head_json":{"title":"Besz\u00e1mol\u00f3 a Szent Erzs\u00e9bet Karit\u00e1sz - Szenved\u00e9lybeteg-seg\u00edt\u0151 Lelki K\u00f6zpont t\u00e1mogat\u00e1s\u00e1val, a Katolikus Alkoholistament\u0151 Szolg\u00e1lat \u00e1ltal szervezett aut\u00f3buszos zar\u00e1ndok\u00fatr\u00f3l M\u00e1riagy\u0171dre - Szent Erzs\u00e9bet Karit\u00e1sz K\u00f6zpont","robots":{"index":"index","follow":"follow","max-snippet":"max-snippet:-1","max-image-preview":"max-image-preview:large","max-video-preview":"max-video-preview:-1"},"canonical":"https:\/\/karitaszkozpont.hu\/?p=1347","og_locale":"hu_HU","og_type":"article","og_title":"Besz\u00e1mol\u00f3 a Szent Erzs\u00e9bet Karit\u00e1sz - Szenved\u00e9lybeteg-seg\u00edt\u0151 Lelki K\u00f6zpont t\u00e1mogat\u00e1s\u00e1val, a Katolikus Alkoholistament\u0151 Szolg\u00e1lat \u00e1ltal szervezett aut\u00f3buszos zar\u00e1ndok\u00fatr\u00f3l M\u00e1riagy\u0171dre - Szent Erzs\u00e9bet Karit\u00e1sz K\u00f6zpont","og_description":"Besz\u00e1mol\u00f3 a Szent Erzs\u00e9bet Karit\u00e1sz &#8211; Szenved\u00e9lybeteg-seg\u00edt\u0151 Lelki K\u00f6zpont t\u00e1mogat\u00e1s\u00e1val, a Katolikus Alkoholistament\u0151 Szolg\u00e1lat \u00e1ltal szervezett aut\u00f3buszos zar\u00e1ndok\u00fatr\u00f3l M\u00e1riagy\u0171dre A KASZ az id\u00e9n is ind\u00edtott egy b\u00e9relt aut\u00f3buszt M\u00e1riagy\u0171dre, ahol 2021. augusztus 28-\u00e1n, 20. alkalommal rendezt\u00e9k meg a Szenved\u00e9lybetegek Zar\u00e1ndoklat\u00e1t. El\u0151zetes jelentkez\u00e9s ut\u00e1n 17 f\u0151 vett r\u00e9szt, ebb\u0151l 9-en az Esztergom-Budapesti F\u0151egyh\u00e1zmegy\u00e9hez tartoz\u00f3k. Az utaz\u00e1s &hellip; Continue reading \"Besz\u00e1mol\u00f3 a Szent Erzs\u00e9bet Karit\u00e1sz &#8211; Szenved\u00e9lybeteg-seg\u00edt\u0151 Lelki K\u00f6zpont t\u00e1mogat\u00e1s\u00e1val, a Katolikus Alkoholistament\u0151 Szolg\u00e1lat \u00e1ltal szervezett aut\u00f3buszos zar\u00e1ndok\u00fatr\u00f3l M\u00e1riagy\u0171dre\"","og_url":"https:\/\/karitaszkozpont.hu\/?p=1347","og_site_name":"Szent Erzs\u00e9bet Karit\u00e1sz K\u00f6zpont","article_published_time":"2021-10-07T06:46:01+00:00","article_modified_time":"2022-01-08T08:49:10+00:00","og_image":[{"width":535,"height":334,"url":"https:\/\/karitaszkozpont.hu\/wp-content\/uploads\/2021\/10\/Kep3.jpg","type":"image\/jpeg"}],"author":"Karit\u00e1sz K\u00f6zpont","twitter_card":"summary_large_image","twitter_misc":{"Szerz\u0151:":"Karit\u00e1sz K\u00f6zpont","Becs\u00fclt olvas\u00e1si id\u0151":"2 perc"},"schema":{"@context":"https:\/\/schema.org","@graph":[{"@type":"Article","@id":"https:\/\/karitaszkozpont.hu\/?p=1347#article","isPartOf":{"@id":"https:\/\/karitaszkozpont.hu\/?p=1347"},"author":{"name":"Karit\u00e1sz K\u00f6zpont","@id":"https:\/\/karitaszkozpont.hu\/#\/schema\/person\/0d9c28244c111914ea13bb1248775e57"},"headline":"Besz\u00e1mol\u00f3 a Szent Erzs\u00e9bet Karit\u00e1sz &#8211; Szenved\u00e9lybeteg-seg\u00edt\u0151 Lelki K\u00f6zpont t\u00e1mogat\u00e1s\u00e1val, a Katolikus Alkoholistament\u0151 Szolg\u00e1lat \u00e1ltal szervezett aut\u00f3buszos zar\u00e1ndok\u00fatr\u00f3l M\u00e1riagy\u0171dre","datePublished":"2021-10-07T06:46:01+00:00","dateModified":"2022-01-08T08:49:10+00:00","mainEntityOfPage":{"@id":"https:\/\/karitaszkozpont.hu\/?p=1347"},"wordCount":264,"publisher":{"@id":"https:\/\/karitaszkozpont.hu\/#organization"},"articleSection":["H\u00edrek"],"inLanguage":"hu"},{"@type":"WebPage","@id":"https:\/\/karitaszkozpont.hu\/?p=1347","url":"https:\/\/karitaszkozpont.hu\/?p=1347","name":"Besz\u00e1mol\u00f3 a Szent Erzs\u00e9bet Karit\u00e1sz - Szenved\u00e9lybeteg-seg\u00edt\u0151 Lelki K\u00f6zpont t\u00e1mogat\u00e1s\u00e1val, a Katolikus Alkoholistament\u0151 Szolg\u00e1lat \u00e1ltal szervezett aut\u00f3buszos zar\u00e1ndok\u00fatr\u00f3l M\u00e1riagy\u0171dre - Szent Erzs\u00e9bet Karit\u00e1sz K\u00f6zpont","isPartOf":{"@id":"https:\/\/karitaszkozpont.hu\/#website"},"datePublished":"2021-10-07T06:46:01+00:00","dateModified":"2022-01-08T08:49:10+00:00","breadcrumb":{"@id":"https:\/\/karitaszkozpont.hu\/?p=1347#breadcrumb"},"inLanguage":"hu","potentialAction":[{"@type":"ReadAction","target":["https:\/\/karitaszkozpont.hu\/?p=1347"]}]},{"@type":"BreadcrumbList","@id":"https:\/\/karitaszkozpont.hu\/?p=1347#breadcrumb","itemListElement":[{"@type":"ListItem","position":1,"name":"Kezd\u0151lap","item":"https:\/\/karitaszkozpont.hu\/"},{"@type":"ListItem","position":2,"name":"Besz\u00e1mol\u00f3 a Szent Erzs\u00e9bet Karit\u00e1sz &#8211; Szenved\u00e9lybeteg-seg\u00edt\u0151 Lelki K\u00f6zpont t\u00e1mogat\u00e1s\u00e1val, a Katolikus Alkoholistament\u0151 Szolg\u00e1lat \u00e1ltal szervezett aut\u00f3buszos zar\u00e1ndok\u00fatr\u00f3l M\u00e1riagy\u0171dre"}]},{"@type":"WebSite","@id":"https:\/\/karitaszkozpont.hu\/#website","url":"https:\/\/karitaszkozpont.hu\/","name":"Szent Erzs\u00e9bet Karit\u00e1sz K\u00f6zpont","description":"Esztergom-Budapesti F\u0151egyh\u00e1zmegye","publisher":{"@id":"https:\/\/karitaszkozpont.hu\/#organization"},"potentialAction":[{"@type":"SearchAction","target":{"@type":"EntryPoint","urlTemplate":"https:\/\/karitaszkozpont.hu\/?s={search_term_string}"},"query-input":"required name=search_term_string"}],"inLanguage":"hu"},{"@type":"Organization","@id":"https:\/\/karitaszkozpont.hu\/#organization","name":"Szent Erzs\u00e9bet Karit\u00e1sz K\u00f6zpont","url":"https:\/\/karitaszkozpont.hu\/","logo":{"@type":"ImageObject","inLanguage":"hu","@id":"https:\/\/karitaszkozpont.hu\/#\/schema\/logo\/image\/","url":"https:\/\/karitaszkp.hu\/wp-content\/uploads\/2019\/06\/cropped-logo-arnyekos-1.png","contentUrl":"https:\/\/karitaszkp.hu\/wp-content\/uploads\/2019\/06\/cropped-logo-arnyekos-1.png","width":240,"height":247,"caption":"Szent Erzs\u00e9bet Karit\u00e1sz K\u00f6zpont"},"image":{"@id":"https:\/\/karitaszkozpont.hu\/#\/schema\/logo\/image\/"}},{"@type":"Person","@id":"https:\/\/karitaszkozpont.hu\/#\/schema\/person\/0d9c28244c111914ea13bb1248775e57","name":"Karit\u00e1sz K\u00f6zpont","image":{"@type":"ImageObject","inLanguage":"hu","@id":"https:\/\/karitaszkozpont.hu\/#\/schema\/person\/image\/","url":"https:\/\/secure.gravatar.com\/avatar\/1274acd7c62f3cac92d2b38aad20c71b?s=96&d=mm&r=g","contentUrl":"https:\/\/secure.gravatar.com\/avatar\/1274acd7c62f3cac92d2b38aad20c71b?s=96&d=mm&r=g","caption":"Karit\u00e1sz K\u00f6zpont"},"url":"https:\/\/karitaszkozpont.hu\/?author=1"}]}},"_links":{"self":[{"href":"https:\/\/karitaszkozpont.hu\/index.php?rest_route=\/wp\/v2\/posts\/1347"}],"collection":[{"href":"https:\/\/karitaszkozpont.hu\/index.php?rest_route=\/wp\/v2\/posts"}],"about":[{"href":"https:\/\/karitaszkozpont.hu\/index.php?rest_route=\/wp\/v2\/types\/post"}],"author":[{"embeddable":true,"href":"https:\/\/karitaszkozpont.hu\/index.php?rest_route=\/wp\/v2\/users\/1"}],"replies":[{"embeddable":true,"href":"https:\/\/karitaszkozpont.hu\/index.php?rest_route=%2Fwp%2Fv2%2Fcomments&post=1347"}],"version-history":[{"count":1,"href":"https:\/\/karitaszkozpont.hu\/index.php?rest_route=\/wp\/v2\/posts\/1347\/revisions"}],"predecessor-version":[{"id":1351,"href":"https:\/\/karitaszkozpont.hu\/index.php?rest_route=\/wp\/v2\/posts\/1347\/revisions\/1351"}],"wp:featuredmedia":[{"embeddable":true,"href":"https:\/\/karitaszkozpont.hu\/index.php?rest_route=\/wp\/v2\/media\/1350"}],"wp:attachment":[{"href":"https:\/\/karitaszkozpont.hu\/index.php?rest_route=%2Fwp%2Fv2%2Fmedia&parent=1347"}],"wp:term":[{"taxonomy":"category","embeddable":true,"href":"https:\/\/karitaszkozpont.hu\/index.php?rest_route=%2Fwp%2Fv2%2Fcategories&post=1347"},{"taxonomy":"post_tag","embeddable":true,"href":"https:\/\/karitaszkozpont.hu\/index.php?rest_route=%2Fwp%2Fv2%2Ftags&post=1347"}],"curies":[{"name":"wp","href":"https:\/\/api.w.org\/{rel}","templated":true}]}}