{"id":1343,"date":"2021-09-27T10:16:31","date_gmt":"2021-09-27T08:16:31","guid":{"rendered":"http:\/\/karitaszkp.hu\/?p=1343"},"modified":"2021-09-27T10:16:31","modified_gmt":"2021-09-27T08:16:31","slug":"134-karitasz-egyperces","status":"publish","type":"post","link":"https:\/\/karitaszkozpont.hu\/?p=1343","title":{"rendered":"134. Karit\u00e1sz Egyperces"},"content":{"rendered":"\n<p class=\"has-white-color has-vivid-red-background-color has-text-color has-background has-large-font-size\"><strong>134. Szent Gell\u00e9rt 975.<\/strong><\/p>\n\n\n\n<p class=\"has-background\" style=\"background-color:#cacaca\"><em>\u201eFelmutat \u00e9gbe Szent Gell\u00e9rt keresztje, \/ ahhoz, ki k\u00fcldte hozz\u00e1nk, ki az Eszme, \/<\/em><\/p>\n\n\n\n<p class=\"has-background\" style=\"background-color:#cacaca\"><em>Apostolod volt, boldog magyar nemzet, \/ \u00e1ldjuk a szentet.\u201d&nbsp;(Magyar B\u00e1lint \/ Tin\u00f3di Lantos Sebesty\u00e9n \u2013 1549)<\/em><\/p>\n\n\n\n<p>Kedves Karit\u00e1sz \u00d6nk\u00e9ntesek, Munkat\u00e1rsak, Testv\u00e9rek az \u00darban!<\/p>\n\n\n\n<p>A Budapest-Belv\u00e1rosi Nagyboldogasszony F\u0151pl\u00e9b\u00e1nia templom olt\u00e1r\u00e1ba k\u00f6zel 20 \u00e9ve ker\u00fclt Szent Gell\u00e9rt p\u00fcsp\u00f6k erekly\u00e9je. A sarokcsontja, melyet laposra lej\u00e1rt Pann\u00f3nia f\u00f6ldj\u00e9n az evang\u00e9lium\u00e9rt. A gondvisel\u00e9s hozta haz\u00e1nkba. A szentf\u00f6ldre indult \u00e9s n\u00e1lunk tal\u00e1lta meg a neki sz\u00e1nt szent f\u00f6ldet. Az \u00edg\u00e9ret f\u00f6ldje lett sz\u00e1m\u00e1ra az ifj\u00fa Magyarorsz\u00e1g. \u00c9s mindez az\u00e9rt t\u00f6rt\u00e9nt, hogy Isten terve megval\u00f3suljon benne \u00e9s \u00e1ltala.<\/p>\n\n\n\n<p>Apostola lett haz\u00e1nknak, n\u00e9lk\u00fcle nem val\u00f3sult volna meg Isten terve \u00fagy, ahogy megval\u00f3sult. Gell\u00e9rt&nbsp;<em>igenje<\/em>&nbsp;Istv\u00e1n kir\u00e1ly megh\u00edv\u00e1s\u00e1ra, hasonlatos volt Sz\u0171z M\u00e1ria igenj\u00e9re (l\u00e1sd a 128. egypercest). Nem csak egy&nbsp;<em>igenr\u0151l<\/em>&nbsp;volt sz\u00f3 Gell\u00e9rt p\u00fcsp\u00f6k \u00e9let\u00e9ben, mint ahogy M\u00e1ria \u00e9let\u00e9ben sem. Folyamatos&nbsp;<em>igen\u00fcnkre<\/em>&nbsp;sz\u00e1m\u00edt az Isten t\u0151l\u00fcnk is.&nbsp;<strong>A folyamatos&nbsp;<em>igenek<\/em>&nbsp;az \u00e1llapotbeli k\u00f6teless\u00e9geinkre, \u00e9s az ezen fel\u00fcli \u00f6nk\u00e9ntes v\u00e1llal\u00e1sainkra \u00e9rtend\u0151k.<\/strong><\/p>\n\n\n\n<p><em>Igent<\/em>&nbsp;mondani arra, hogy emberek, Isten gyermekei vagyunk, elfogadni azt, hogy van Urunk, gondvisel\u0151 Aty\u00e1nk, elhinni azt, hogy \u0150 a megold\u00e1s \u00e9let\u00fcnkre. Azzal a tudattal \u00e9s akarattal \u00e9lni, hogy minden embert\u00e1rsunknak k\u00f6z\u00f6s az Atyja, \u00e9s Krisztusban mi testv\u00e9rek vagyunk. \u0150 az, aki minket az igazs\u00e1g \u00e9s a szeretet \u00fatj\u00e1ra igaz\u00edt \u00e9s abban meg akar tartani.&nbsp;<strong>Isten nem hagy magunkra minket sem a d\u00f6nt\u00e9s\u00fcnkben, sem abban, hogy helyt \u00e1lljunk, hogy h\u0171s\u00e9gesek maradjunk a j\u00f3 d\u00f6nt\u00e9s\u00fcnkh\u00f6z mindhal\u00e1lig. Kegyelm\u00e9t, szents\u00e9geit \u00e9s irgalm\u00e1t adja nek\u00fcnk itt a f\u00f6ldi \u00e9letben \u00e9s v\u00e1rja, hogy c\u00e9lba \u00e9rj\u00fcnk \u0150hozz\u00e1.&nbsp;<\/strong>Ontja kegyelmeit az egyh\u00e1zban, a szents\u00e9gekben, v\u00e1r minket a gy\u00f3ntat\u00f3sz\u00e9kben, a szent\u00e1ldoz\u00e1sban, a testv\u00e9ri k\u00f6z\u00f6ss\u00e9gben. V\u00e1r, ahogy Szent Gell\u00e9rt p\u00fcsp\u00f6kt\u0151l is v\u00e1rta azt, hogy hagyja mag\u00e1ban beteljes\u00edteni Isten terv\u00e9t, mindazt, amit megkezdett \u0151benne.<\/p>\n\n\n\n<p>Mindezek egyszerre szolg\u00e1lt\u00e1k Isten dics\u0151s\u00e9g\u00e9t, benne Magyarorsz\u00e1g boldogul\u00e1s\u00e1t, benne az az\u00f3ta eltelt 975 \u00e9v alatti megmarad\u00e1sunkat \u00e9s szem\u00e9lyesen Gell\u00e9rt \u00fcdv\u00f6ss\u00e9g\u00e9t. Szent Gell\u00e9rt n\u00e9lk\u00fcl nem lenn\u00e9nk \u00fagy ma itt magyarok, ahogy most vagyunk. Nem \u00e9ln\u00e9nk \u00edgy itt a K\u00e1rp\u00e1t-medenc\u00e9ben, a mi szent f\u00f6ld\u00fcnk\u00f6n, Szent Istv\u00e1n, Boldog Gizella, Szent Imre, Szent L\u00e1szl\u00f3, Szent Margit, \u00c1rp\u00e1d-h\u00e1zi Szent Erzs\u00e9bet \u00e9s a t\u00f6bbi magyar szent n\u00e9lk\u00fcl sem. Ez a t\u00e9ny sz\u00e1munkra m\u00e1r \u00f6nmag\u00e1ban is k\u00f6telezetts\u00e9ggel j\u00e1r, mert&nbsp;<strong>az \u00e1llapotbeli k\u00f6telezetts\u00e9geink r\u00e9sze j\u00f3 magyarnak \u00e9s j\u00f3 katolikusnak lenni<\/strong>. Ez Isten terve mivel\u00fcnk \u00e9s mibenn\u00fcnk. \u00c9rt\u00fcnk \u00e9s haz\u00e1nk\u00e9rt, M\u00e1ria orsz\u00e1g\u00e1\u00e9rt.<\/p>\n\n\n\n<p>Nem kicsi ellensz\u00e9lben v\u00e1rja t\u0151l\u00fcnk is az \u00dar, hogy tan\u00fas\u00e1got tegy\u00fcnk R\u00f3la, az Igazs\u00e1gr\u00f3l, a Szeretetr\u0151l. De nincs is m\u00e1s alternat\u00edv\u00e1nk. Kik vagyunk mi, hogy ne folytatn\u00e1nk eleink k\u00fczdelm\u00e9t az \u00e9let\u00e9rt, haz\u00e1nk\u00e9rt, \u0151seink\u00e9rt? Ugyanazt v\u00e1rja t\u0151l\u00fcnk is Isten, mint Szent Gell\u00e9rtt\u0151l \u00e9s a t\u00f6bbi magyar szentt\u0151l.&nbsp;<strong>A kereszt\u00e9ny ember \u00e9lete nem \u00f6nc\u00e9l\u00fa, hanem k\u00fcldet\u00e9s, az \u00fcdv\u00f6ss\u00e9gt\u00f6rt\u00e9net r\u00e9sze.&nbsp;<\/strong>A folyamatos \u00e9s teljes igen\u00fcnket v\u00e1rja, amit \u00e9let\u00fcnkkel, tetteinkkel \u00e9s szavainkkal igazolunk. Az, hogy mi fog t\u00f6rt\u00e9nni vel\u00fcnk, azt nem tudjuk, de azt igen, hogy ha k\u00f6vetj\u00fck az Urat minden pillanatban, akkor az egyetlen igaz \u00e9s az \u00e9letre vezet\u0151 \u00faton maradunk. Adjuk \u00e1t magunkat Neki az \u0150 Szentlelke ir\u00e1ny\u00edt\u00e1sa alatt \u2013 legyen meg az \u0150 akarata vel\u00fcnk \u00e9s benn\u00fcnk!<\/p>\n\n\n\n<p>Tegy\u00fcnk meg a csal\u00e1dunkban, k\u00f6rnyezet\u00fcnkben, a gondvisel\u00e9s adta helyen, azaz az \u00e1llapotbeli k\u00f6teless\u00e9g\u00fcnkben mindent, ami t\u0151l\u00fcnk telik \u00e9s ugyan\u00edgy \u00f6nk\u00e9ntes v\u00e1llal\u00e1sunkban, a karit\u00e1sz munk\u00e1nk sor\u00e1n is.&nbsp;<strong>Sosem f\u00e9lsz\u00edvvel, hanem teljes \u00f6n\u00e1tad\u00e1ssal.<\/strong>&nbsp;Az \u00dar is teljesen ki\u00fcres\u00edtette \u00f6nmag\u00e1t, ahogy Szent Gell\u00e9rt is. Nem kereste, de v\u00e1llalta m\u00e9g a v\u00e9rtan\u00fas\u00e1got is J\u00e9zus\u00e9rt, az Egyh\u00e1z\u00e9rt, az Igazs\u00e1g\u00e9rt.<\/p>\n\n\n\n<p>Az \u00dar azt k\u00e9ri t\u0151l\u00fcnk is, hogy teljesen szabad akarattal v\u00e1laszoljunk folyamatosan&nbsp;<em>igennel<\/em>&nbsp;az \u0150 h\u00edv\u00e1s\u00e1ra \u00e9s \u00edgy r\u00e1nk illjen az evang\u00e9lium szava:&nbsp;<em>\u201eAki n\u00e9kem szolg\u00e1l, engem k\u00f6vessen, \/ \u00e9s ahol \u00e9n vagyok, ott lesz az \u00e9n szolg\u00e1m.\u201d (Jn 12,26)<\/em>&nbsp;<strong>Istent szolg\u00e1lni a legnagyobb megtiszteltet\u00e9s, a legnagyobb kih\u00edv\u00e1s, a legnagyobb \u00f6r\u00f6m \u00e9s az egyetlen \u00fat a boldogs\u00e1ghoz \u00e9s az \u00fcdv\u00f6ss\u00e9ghez.<\/strong><\/p>\n\n\n\n<p>Hirdet\u00e9sek:<\/p>\n\n\n\n<p>\u00b7&nbsp;&nbsp;&nbsp;&nbsp;&nbsp;&nbsp;&nbsp;&nbsp;&nbsp;Szeptember 25. szombatra Karit\u00e1sz Lelkinapot szervez\u00fcnk a Budapest-R\u00e1kospalota-M\u00c1V-telepi J\u00e9zus Sz\u00edve pl\u00e9b\u00e1niatemplomba. Neruda K\u00e1rolya atya l\u00e1t minket vend\u00e9g\u00fcl, aki a f\u0151egyh\u00e1zmegy\u00e9nkben az \u00e9rtelmileg fogyat\u00e9kosok referense, a Rem\u00e9nyk\u00f6r k\u00e9pvisel\u0151je. A programot \u00e9s a jelentkez\u00e9si lapot a napokban kik\u00fcldt\u00fck a pl\u00e9b\u00e1ni\u00e1kra a r\u00e9gi\u00f3vezet\u0151k\u00f6n kereszt\u00fcl. H\u00e9tf\u0151ig lehet jelentkezni.<\/p>\n\n\n\n<p>\u00b7&nbsp;&nbsp;&nbsp;&nbsp;&nbsp;&nbsp;&nbsp;&nbsp;&nbsp;A k\u00f6vetkez\u0151 karit\u00e1sz m\u0171sorunk a M\u00e1ria R\u00e1di\u00f3ban szeptember 29-\u00e9n szerd\u00e1n 10.50 \u00f3rakor kezd\u0151dik.<\/p>\n\n\n\n<p>\u00b7&nbsp;&nbsp;&nbsp;&nbsp;&nbsp;&nbsp;&nbsp;&nbsp;&nbsp;Kor\u00e1bbi m\u0171soraink itt hallgathat\u00f3k meg:&nbsp;<a href=\"https:\/\/www.mariaradio.hu\/musor\/4814\/Tevekeny_Szeretet\" target=\"_blank\" rel=\"noreferrer noopener\">https:\/\/www.mariaradio.hu\/musor\/4814\/Tevekeny_Szeretet<\/a><\/p>\n\n\n\n<p>\u00b7&nbsp;&nbsp;&nbsp;&nbsp;&nbsp;&nbsp;&nbsp;&nbsp;&nbsp;Felh\u00edvom mindenki figyelm\u00e9t, hogy a facebook- \u00e9s weboldalunkon folyamatosan friss\u00fclnek a h\u00edreink.&nbsp;<a href=\"http:\/\/www.karitaszkp.hu\/\" target=\"_blank\" rel=\"noreferrer noopener\">www.karitaszkp.hu<\/a>&nbsp;,&nbsp;<a href=\"https:\/\/www.facebook.com\/szenterzsebetkaritaszkozpont\" target=\"_blank\" rel=\"noreferrer noopener\">Esztergom-Budapesti F\u0151egyh\u00e1zmegye Szent Erzs\u00e9bet Karit\u00e1sz K\u00f6zpont | Facebook<\/a><\/p>\n\n\n\n<p>\u00b7&nbsp;&nbsp;&nbsp;&nbsp;&nbsp;&nbsp;&nbsp;&nbsp;&nbsp;A Szent Erzs\u00e9bet Karit\u00e1sz K\u00f6zpont k\u00e9r\u00e9s\u00e9re f\u0151tisztelend\u0151 Feldhoffer Antal pl\u00e9b\u00e1nos atya minden els\u0151 h\u00e9tf\u0151n 15.30-kor karit\u00e1sz szentmis\u00e9t mutat be a 1035 Budapest, III. ker. K\u00f3rh\u00e1z u. 37. sz\u00e1m alatti Szent J\u00f3zsef templomban. Misesz\u00e1nd\u00e9k: \u00e9l\u0151 \u00e9s elhunyt karit\u00e1szosok\u00e9rt. A k\u00f6vetkez\u0151 alkalom okt\u00f3ber 4-\u00e9n lesz..<\/p>\n\n\n\n<p>Csorba G\u00e1bor<\/p>\n\n\n\n<p>\u00e1lland\u00f3 diak\u00f3nus, karit\u00e1sz igazgat\u00f3<\/p>\n\n\n\n<p>Esztergom-Budapesti F\u0151egyh\u00e1zmegye<\/p>\n\n\n\n<p>Szent Erzs\u00e9bet Karit\u00e1sz K\u00f6zpont<\/p>\n\n\n\n<p class=\"has-background\" style=\"background-color:#cacaca\">Iroda:&nbsp;<a href=\"https:\/\/www.google.com\/maps\/search\/1035+Budapest,+K%C3%B3rh%C3%A1z+utca+37?entry=gmail&amp;source=g\">1035 Budapest, K\u00f3rh\u00e1z utca 37<\/a>.<\/p>\n\n\n\n<p class=\"has-background\" style=\"background-color:#cacaca\">Telefon: +36-1-351-1977<\/p>\n\n\n\n<p class=\"has-background\" style=\"background-color:#cacaca\">Mobil: +36-30-592-1483<\/p>\n\n\n\n<p class=\"has-background\" style=\"background-color:#cacaca\">E-mail:&nbsp;<a href=\"mailto:szenterzsebet@karitaszkozpont.hu\" target=\"_blank\" rel=\"noreferrer noopener\">szenterzsebet@karitaszkozpont.hu<\/a><\/p>\n\n\n\n<p class=\"has-background\" style=\"background-color:#cacaca\">Honlap:&nbsp;<a href=\"http:\/\/www.karitaszkp.hu\/\" target=\"_blank\" rel=\"noreferrer noopener\">www.karitaszkp.hu<\/a><\/p>\n\n\n\n<p class=\"has-background\" style=\"background-color:#cacaca\">A kor\u00e1bbi egypercesek itt \u00e9rhet\u0151k el:&nbsp;<a href=\"https:\/\/karitaszegypercesek.blogspot.com\/\" target=\"_blank\" rel=\"noreferrer noopener\">https:\/\/karitaszegypercesek.blogspot.com\/<\/a><\/p>\n","protected":false},"excerpt":{"rendered":"<p>134. Szent Gell\u00e9rt 975. \u201eFelmutat \u00e9gbe Szent Gell\u00e9rt keresztje, \/ ahhoz, ki k\u00fcldte hozz\u00e1nk, ki az Eszme, \/ Apostolod volt, boldog magyar nemzet, \/ \u00e1ldjuk a szentet.\u201d&nbsp;(Magyar B\u00e1lint \/ Tin\u00f3di Lantos Sebesty\u00e9n \u2013 1549) Kedves Karit\u00e1sz \u00d6nk\u00e9ntesek, Munkat\u00e1rsak, Testv\u00e9rek az \u00darban! A Budapest-Belv\u00e1rosi Nagyboldogasszony F\u0151pl\u00e9b\u00e1nia templom olt\u00e1r\u00e1ba k\u00f6zel 20 \u00e9ve ker\u00fclt Szent Gell\u00e9rt p\u00fcsp\u00f6k erekly\u00e9je. &hellip; <\/p>\n<p class=\"link-more\"><a href=\"https:\/\/karitaszkozpont.hu\/?p=1343\" class=\"more-link\">Continue reading<span class=\"screen-reader-text\"> &#8222;134. Karit\u00e1sz Egyperces&#8221;<\/span><\/a><\/p>\n","protected":false},"author":1,"featured_media":563,"comment_status":"open","ping_status":"open","sticky":false,"template":"","format":"standard","meta":[],"categories":[8],"tags":[],"yoast_head":"<!-- This site is optimized with the Yoast SEO plugin v20.1 - https:\/\/yoast.com\/wordpress\/plugins\/seo\/ -->\n<title>134. Karit\u00e1sz Egyperces - Szent Erzs\u00e9bet Karit\u00e1sz K\u00f6zpont<\/title>\n<meta name=\"robots\" content=\"index, follow, max-snippet:-1, max-image-preview:large, max-video-preview:-1\" \/>\n<link rel=\"canonical\" href=\"https:\/\/karitaszkozpont.hu\/?p=1343\" \/>\n<meta property=\"og:locale\" content=\"hu_HU\" \/>\n<meta property=\"og:type\" content=\"article\" \/>\n<meta property=\"og:title\" content=\"134. Karit\u00e1sz Egyperces - Szent Erzs\u00e9bet Karit\u00e1sz K\u00f6zpont\" \/>\n<meta property=\"og:description\" content=\"134. Szent Gell\u00e9rt 975. \u201eFelmutat \u00e9gbe Szent Gell\u00e9rt keresztje, \/ ahhoz, ki k\u00fcldte hozz\u00e1nk, ki az Eszme, \/ Apostolod volt, boldog magyar nemzet, \/ \u00e1ldjuk a szentet.\u201d&nbsp;(Magyar B\u00e1lint \/ Tin\u00f3di Lantos Sebesty\u00e9n \u2013 1549) Kedves Karit\u00e1sz \u00d6nk\u00e9ntesek, Munkat\u00e1rsak, Testv\u00e9rek az \u00darban! A Budapest-Belv\u00e1rosi Nagyboldogasszony F\u0151pl\u00e9b\u00e1nia templom olt\u00e1r\u00e1ba k\u00f6zel 20 \u00e9ve ker\u00fclt Szent Gell\u00e9rt p\u00fcsp\u00f6k erekly\u00e9je. &hellip; Continue reading &quot;134. Karit\u00e1sz Egyperces&quot;\" \/>\n<meta property=\"og:url\" content=\"https:\/\/karitaszkozpont.hu\/?p=1343\" \/>\n<meta property=\"og:site_name\" content=\"Szent Erzs\u00e9bet Karit\u00e1sz K\u00f6zpont\" \/>\n<meta property=\"article:published_time\" content=\"2021-09-27T08:16:31+00:00\" \/>\n<meta property=\"og:image\" content=\"https:\/\/karitaszkozpont.hu\/wp-content\/uploads\/2019\/07\/egyperceslogo.jpg\" \/>\n\t<meta property=\"og:image:width\" content=\"2300\" \/>\n\t<meta property=\"og:image:height\" content=\"1528\" \/>\n\t<meta property=\"og:image:type\" content=\"image\/jpeg\" \/>\n<meta name=\"author\" content=\"Karit\u00e1sz K\u00f6zpont\" \/>\n<meta name=\"twitter:card\" content=\"summary_large_image\" \/>\n<meta name=\"twitter:label1\" content=\"Szerz\u0151:\" \/>\n\t<meta name=\"twitter:data1\" content=\"Karit\u00e1sz K\u00f6zpont\" \/>\n\t<meta name=\"twitter:label2\" content=\"Becs\u00fclt olvas\u00e1si id\u0151\" \/>\n\t<meta name=\"twitter:data2\" content=\"4 perc\" \/>\n<script type=\"application\/ld+json\" class=\"yoast-schema-graph\">{\"@context\":\"https:\/\/schema.org\",\"@graph\":[{\"@type\":\"Article\",\"@id\":\"https:\/\/karitaszkozpont.hu\/?p=1343#article\",\"isPartOf\":{\"@id\":\"https:\/\/karitaszkozpont.hu\/?p=1343\"},\"author\":{\"name\":\"Karit\u00e1sz K\u00f6zpont\",\"@id\":\"https:\/\/karitaszkozpont.hu\/#\/schema\/person\/0d9c28244c111914ea13bb1248775e57\"},\"headline\":\"134. Karit\u00e1sz Egyperces\",\"datePublished\":\"2021-09-27T08:16:31+00:00\",\"dateModified\":\"2021-09-27T08:16:31+00:00\",\"mainEntityOfPage\":{\"@id\":\"https:\/\/karitaszkozpont.hu\/?p=1343\"},\"wordCount\":1218,\"commentCount\":0,\"publisher\":{\"@id\":\"https:\/\/karitaszkozpont.hu\/#organization\"},\"articleSection\":[\"Egypercesek\"],\"inLanguage\":\"hu\",\"potentialAction\":[{\"@type\":\"CommentAction\",\"name\":\"Comment\",\"target\":[\"https:\/\/karitaszkozpont.hu\/?p=1343#respond\"]}]},{\"@type\":\"WebPage\",\"@id\":\"https:\/\/karitaszkozpont.hu\/?p=1343\",\"url\":\"https:\/\/karitaszkozpont.hu\/?p=1343\",\"name\":\"134. Karit\u00e1sz Egyperces - Szent Erzs\u00e9bet Karit\u00e1sz K\u00f6zpont\",\"isPartOf\":{\"@id\":\"https:\/\/karitaszkozpont.hu\/#website\"},\"datePublished\":\"2021-09-27T08:16:31+00:00\",\"dateModified\":\"2021-09-27T08:16:31+00:00\",\"breadcrumb\":{\"@id\":\"https:\/\/karitaszkozpont.hu\/?p=1343#breadcrumb\"},\"inLanguage\":\"hu\",\"potentialAction\":[{\"@type\":\"ReadAction\",\"target\":[\"https:\/\/karitaszkozpont.hu\/?p=1343\"]}]},{\"@type\":\"BreadcrumbList\",\"@id\":\"https:\/\/karitaszkozpont.hu\/?p=1343#breadcrumb\",\"itemListElement\":[{\"@type\":\"ListItem\",\"position\":1,\"name\":\"Kezd\u0151lap\",\"item\":\"https:\/\/karitaszkozpont.hu\/\"},{\"@type\":\"ListItem\",\"position\":2,\"name\":\"134. Karit\u00e1sz Egyperces\"}]},{\"@type\":\"WebSite\",\"@id\":\"https:\/\/karitaszkozpont.hu\/#website\",\"url\":\"https:\/\/karitaszkozpont.hu\/\",\"name\":\"Szent Erzs\u00e9bet Karit\u00e1sz K\u00f6zpont\",\"description\":\"Esztergom-Budapesti F\u0151egyh\u00e1zmegye\",\"publisher\":{\"@id\":\"https:\/\/karitaszkozpont.hu\/#organization\"},\"potentialAction\":[{\"@type\":\"SearchAction\",\"target\":{\"@type\":\"EntryPoint\",\"urlTemplate\":\"https:\/\/karitaszkozpont.hu\/?s={search_term_string}\"},\"query-input\":\"required name=search_term_string\"}],\"inLanguage\":\"hu\"},{\"@type\":\"Organization\",\"@id\":\"https:\/\/karitaszkozpont.hu\/#organization\",\"name\":\"Szent Erzs\u00e9bet Karit\u00e1sz K\u00f6zpont\",\"url\":\"https:\/\/karitaszkozpont.hu\/\",\"logo\":{\"@type\":\"ImageObject\",\"inLanguage\":\"hu\",\"@id\":\"https:\/\/karitaszkozpont.hu\/#\/schema\/logo\/image\/\",\"url\":\"https:\/\/karitaszkp.hu\/wp-content\/uploads\/2019\/06\/cropped-logo-arnyekos-1.png\",\"contentUrl\":\"https:\/\/karitaszkp.hu\/wp-content\/uploads\/2019\/06\/cropped-logo-arnyekos-1.png\",\"width\":240,\"height\":247,\"caption\":\"Szent Erzs\u00e9bet Karit\u00e1sz K\u00f6zpont\"},\"image\":{\"@id\":\"https:\/\/karitaszkozpont.hu\/#\/schema\/logo\/image\/\"}},{\"@type\":\"Person\",\"@id\":\"https:\/\/karitaszkozpont.hu\/#\/schema\/person\/0d9c28244c111914ea13bb1248775e57\",\"name\":\"Karit\u00e1sz K\u00f6zpont\",\"image\":{\"@type\":\"ImageObject\",\"inLanguage\":\"hu\",\"@id\":\"https:\/\/karitaszkozpont.hu\/#\/schema\/person\/image\/\",\"url\":\"https:\/\/secure.gravatar.com\/avatar\/1274acd7c62f3cac92d2b38aad20c71b?s=96&d=mm&r=g\",\"contentUrl\":\"https:\/\/secure.gravatar.com\/avatar\/1274acd7c62f3cac92d2b38aad20c71b?s=96&d=mm&r=g\",\"caption\":\"Karit\u00e1sz K\u00f6zpont\"},\"url\":\"https:\/\/karitaszkozpont.hu\/?author=1\"}]}<\/script>\n<!-- \/ Yoast SEO plugin. -->","yoast_head_json":{"title":"134. Karit\u00e1sz Egyperces - Szent Erzs\u00e9bet Karit\u00e1sz K\u00f6zpont","robots":{"index":"index","follow":"follow","max-snippet":"max-snippet:-1","max-image-preview":"max-image-preview:large","max-video-preview":"max-video-preview:-1"},"canonical":"https:\/\/karitaszkozpont.hu\/?p=1343","og_locale":"hu_HU","og_type":"article","og_title":"134. Karit\u00e1sz Egyperces - Szent Erzs\u00e9bet Karit\u00e1sz K\u00f6zpont","og_description":"134. Szent Gell\u00e9rt 975. \u201eFelmutat \u00e9gbe Szent Gell\u00e9rt keresztje, \/ ahhoz, ki k\u00fcldte hozz\u00e1nk, ki az Eszme, \/ Apostolod volt, boldog magyar nemzet, \/ \u00e1ldjuk a szentet.\u201d&nbsp;(Magyar B\u00e1lint \/ Tin\u00f3di Lantos Sebesty\u00e9n \u2013 1549) Kedves Karit\u00e1sz \u00d6nk\u00e9ntesek, Munkat\u00e1rsak, Testv\u00e9rek az \u00darban! A Budapest-Belv\u00e1rosi Nagyboldogasszony F\u0151pl\u00e9b\u00e1nia templom olt\u00e1r\u00e1ba k\u00f6zel 20 \u00e9ve ker\u00fclt Szent Gell\u00e9rt p\u00fcsp\u00f6k erekly\u00e9je. &hellip; Continue reading \"134. Karit\u00e1sz Egyperces\"","og_url":"https:\/\/karitaszkozpont.hu\/?p=1343","og_site_name":"Szent Erzs\u00e9bet Karit\u00e1sz K\u00f6zpont","article_published_time":"2021-09-27T08:16:31+00:00","og_image":[{"width":2300,"height":1528,"url":"https:\/\/karitaszkozpont.hu\/wp-content\/uploads\/2019\/07\/egyperceslogo.jpg","type":"image\/jpeg"}],"author":"Karit\u00e1sz K\u00f6zpont","twitter_card":"summary_large_image","twitter_misc":{"Szerz\u0151:":"Karit\u00e1sz K\u00f6zpont","Becs\u00fclt olvas\u00e1si id\u0151":"4 perc"},"schema":{"@context":"https:\/\/schema.org","@graph":[{"@type":"Article","@id":"https:\/\/karitaszkozpont.hu\/?p=1343#article","isPartOf":{"@id":"https:\/\/karitaszkozpont.hu\/?p=1343"},"author":{"name":"Karit\u00e1sz K\u00f6zpont","@id":"https:\/\/karitaszkozpont.hu\/#\/schema\/person\/0d9c28244c111914ea13bb1248775e57"},"headline":"134. Karit\u00e1sz Egyperces","datePublished":"2021-09-27T08:16:31+00:00","dateModified":"2021-09-27T08:16:31+00:00","mainEntityOfPage":{"@id":"https:\/\/karitaszkozpont.hu\/?p=1343"},"wordCount":1218,"commentCount":0,"publisher":{"@id":"https:\/\/karitaszkozpont.hu\/#organization"},"articleSection":["Egypercesek"],"inLanguage":"hu","potentialAction":[{"@type":"CommentAction","name":"Comment","target":["https:\/\/karitaszkozpont.hu\/?p=1343#respond"]}]},{"@type":"WebPage","@id":"https:\/\/karitaszkozpont.hu\/?p=1343","url":"https:\/\/karitaszkozpont.hu\/?p=1343","name":"134. Karit\u00e1sz Egyperces - Szent Erzs\u00e9bet Karit\u00e1sz K\u00f6zpont","isPartOf":{"@id":"https:\/\/karitaszkozpont.hu\/#website"},"datePublished":"2021-09-27T08:16:31+00:00","dateModified":"2021-09-27T08:16:31+00:00","breadcrumb":{"@id":"https:\/\/karitaszkozpont.hu\/?p=1343#breadcrumb"},"inLanguage":"hu","potentialAction":[{"@type":"ReadAction","target":["https:\/\/karitaszkozpont.hu\/?p=1343"]}]},{"@type":"BreadcrumbList","@id":"https:\/\/karitaszkozpont.hu\/?p=1343#breadcrumb","itemListElement":[{"@type":"ListItem","position":1,"name":"Kezd\u0151lap","item":"https:\/\/karitaszkozpont.hu\/"},{"@type":"ListItem","position":2,"name":"134. Karit\u00e1sz Egyperces"}]},{"@type":"WebSite","@id":"https:\/\/karitaszkozpont.hu\/#website","url":"https:\/\/karitaszkozpont.hu\/","name":"Szent Erzs\u00e9bet Karit\u00e1sz K\u00f6zpont","description":"Esztergom-Budapesti F\u0151egyh\u00e1zmegye","publisher":{"@id":"https:\/\/karitaszkozpont.hu\/#organization"},"potentialAction":[{"@type":"SearchAction","target":{"@type":"EntryPoint","urlTemplate":"https:\/\/karitaszkozpont.hu\/?s={search_term_string}"},"query-input":"required name=search_term_string"}],"inLanguage":"hu"},{"@type":"Organization","@id":"https:\/\/karitaszkozpont.hu\/#organization","name":"Szent Erzs\u00e9bet Karit\u00e1sz K\u00f6zpont","url":"https:\/\/karitaszkozpont.hu\/","logo":{"@type":"ImageObject","inLanguage":"hu","@id":"https:\/\/karitaszkozpont.hu\/#\/schema\/logo\/image\/","url":"https:\/\/karitaszkp.hu\/wp-content\/uploads\/2019\/06\/cropped-logo-arnyekos-1.png","contentUrl":"https:\/\/karitaszkp.hu\/wp-content\/uploads\/2019\/06\/cropped-logo-arnyekos-1.png","width":240,"height":247,"caption":"Szent Erzs\u00e9bet Karit\u00e1sz K\u00f6zpont"},"image":{"@id":"https:\/\/karitaszkozpont.hu\/#\/schema\/logo\/image\/"}},{"@type":"Person","@id":"https:\/\/karitaszkozpont.hu\/#\/schema\/person\/0d9c28244c111914ea13bb1248775e57","name":"Karit\u00e1sz K\u00f6zpont","image":{"@type":"ImageObject","inLanguage":"hu","@id":"https:\/\/karitaszkozpont.hu\/#\/schema\/person\/image\/","url":"https:\/\/secure.gravatar.com\/avatar\/1274acd7c62f3cac92d2b38aad20c71b?s=96&d=mm&r=g","contentUrl":"https:\/\/secure.gravatar.com\/avatar\/1274acd7c62f3cac92d2b38aad20c71b?s=96&d=mm&r=g","caption":"Karit\u00e1sz K\u00f6zpont"},"url":"https:\/\/karitaszkozpont.hu\/?author=1"}]}},"_links":{"self":[{"href":"https:\/\/karitaszkozpont.hu\/index.php?rest_route=\/wp\/v2\/posts\/1343"}],"collection":[{"href":"https:\/\/karitaszkozpont.hu\/index.php?rest_route=\/wp\/v2\/posts"}],"about":[{"href":"https:\/\/karitaszkozpont.hu\/index.php?rest_route=\/wp\/v2\/types\/post"}],"author":[{"embeddable":true,"href":"https:\/\/karitaszkozpont.hu\/index.php?rest_route=\/wp\/v2\/users\/1"}],"replies":[{"embeddable":true,"href":"https:\/\/karitaszkozpont.hu\/index.php?rest_route=%2Fwp%2Fv2%2Fcomments&post=1343"}],"version-history":[{"count":1,"href":"https:\/\/karitaszkozpont.hu\/index.php?rest_route=\/wp\/v2\/posts\/1343\/revisions"}],"predecessor-version":[{"id":1344,"href":"https:\/\/karitaszkozpont.hu\/index.php?rest_route=\/wp\/v2\/posts\/1343\/revisions\/1344"}],"wp:featuredmedia":[{"embeddable":true,"href":"https:\/\/karitaszkozpont.hu\/index.php?rest_route=\/wp\/v2\/media\/563"}],"wp:attachment":[{"href":"https:\/\/karitaszkozpont.hu\/index.php?rest_route=%2Fwp%2Fv2%2Fmedia&parent=1343"}],"wp:term":[{"taxonomy":"category","embeddable":true,"href":"https:\/\/karitaszkozpont.hu\/index.php?rest_route=%2Fwp%2Fv2%2Fcategories&post=1343"},{"taxonomy":"post_tag","embeddable":true,"href":"https:\/\/karitaszkozpont.hu\/index.php?rest_route=%2Fwp%2Fv2%2Ftags&post=1343"}],"curies":[{"name":"wp","href":"https:\/\/api.w.org\/{rel}","templated":true}]}}