{"id":1340,"date":"2021-09-20T19:38:51","date_gmt":"2021-09-20T17:38:51","guid":{"rendered":"http:\/\/karitaszkp.hu\/?p=1340"},"modified":"2021-09-20T19:38:52","modified_gmt":"2021-09-20T17:38:52","slug":"133-karitasz-egyperces","status":"publish","type":"post","link":"https:\/\/karitaszkozpont.hu\/?p=1340","title":{"rendered":"133. Karit\u00e1sz Egyperces"},"content":{"rendered":"\n<p class=\"has-white-color has-vivid-red-background-color has-text-color has-background has-large-font-size\"><strong>133. Tartsunk mindig a v\u00e9gs\u0151 c\u00e9lra!<\/strong><\/p>\n\n\n\n<p class=\"has-background\" style=\"background-color:#cacaca\"><em>\u201eHa teh\u00e1t okos vagy, \u00e9rtsd meg, hogy Isten dics\u0151s\u00e9g\u00e9re \u00e9s a te \u00f6r\u00f6k \u00fcdv\u00f6ss\u00e9gedre vagy teremtve! Ez a te v\u00e9gs\u0151 c\u00e9lod, ez az \u00e9leted \u00e9rtelme, ez a sz\u00edved kincse. Ha e c\u00e9lodat el\u00e9red, boldog leszel, ha elveszted, elbukott leszel.&nbsp;(Bellarmin Szent R\u00f3bert \u2013 A l\u00e9lek felemelked\u00e9se Istenhez c. k\u00f6nyv\u00e9v\u0151l)<\/em><\/p>\n\n\n\n<p>Kedves Karit\u00e1sz \u00d6nk\u00e9ntesek, Munkat\u00e1rsak, Testv\u00e9rek az \u00darban!<\/p>\n\n\n\n<p>Az ember \u00e9let\u00e9t, boldogs\u00e1g\u00e1t, kiteljesed\u00e9s\u00e9t, azaz az \u00fcdv\u00f6ss\u00e9g\u00e9t n\u00e9gy vesz\u00e9ly fenyegeti. Az egyik, ha nincsen c\u00e9lja az \u00e9let\u00e9nek, azaz ha nem l\u00e1tja c\u00e9lj\u00e1t \u00e9s \u00edgy az \u00e9rtelm\u00e9t sem. A m\u00e1sik, ha nem a helyes c\u00e9lt t\u0171zi ki maga el\u00e9, azaz ha elv\u00e9ti a c\u00e9lt, rossz fel\u00e9 megy \u2013 \u00edgy nem jut az egyetlen helyes c\u00e9lba, Istenhez. A harmadik, ha \u00fatk\u00f6zben c\u00e9l t\u00e9veszt, elfordul, visszafordul, az egyetlen igaz \u00e9s \u00fcdv\u00f6z\u00edt\u0151 c\u00e9lt elv\u00e9ti, a negyedik pedig, ha a c\u00e9l fel\u00e9 vezet\u0151 \u00faton elbukik, megreked \u2013 ekkor sem \u00e9r c\u00e9lba.<\/p>\n\n\n\n<p>A NEK ut\u00e1ni id\u0151szak alkalmat ad mindny\u00e1junknak arra, hogy \u00fajra elhelyezz\u00fck magunkat a saj\u00e1t \u00fcdv\u00f6ss\u00e9g\u00fcnk \u00fatj\u00e1n. Merre megy\u00fcnk? Hol tartunk? Kaptunk-e \u00faj lend\u00fcletet? Egy h\u00e9ten kereszt\u00fcl ontotta plusz kegyelmeit az Euchariszti\u00e1ban \u00e9l\u0151 Isten Budapestre, Magyarorsz\u00e1gra, minden h\u00edv\u0151re \u00e9s minden emberre. Haz\u00e1nk a kereszt\u00e9ny katolikus vil\u00e1g k\u00f6z\u00e9ppontj\u00e1ba ker\u00fclt, felemelkedett, mert befogadta a sz\u00edvekbe az Urat az Olt\u00e1riszents\u00e9gben.<\/p>\n\n\n\n<p>Ennek a l\u00e1that\u00f3 megnyilv\u00e1nul\u00e1sai voltak a litugikus \u00e9s k\u00f6z\u00f6ss\u00e9gi rendezv\u00e9nyek, de a l\u00e1thatatlan megnyilv\u00e1nul\u00e1sok m\u00e9g t\u00f6bb kegyelmet hordoztak. Mindenki, aki r\u00e9szt vett a NEK-en l\u00e9lekben \u00e9s, vagy testben, \u00faj er\u0151re kapott, mert a lelk\u00fcnk felemelked\u00e9se r\u00e9v\u00e9n a Szentl\u00e9lek az egyetlen helyes, v\u00e9gs\u0151 c\u00e9lunkat \u00fajra megvil\u00e1g\u00edtotta, hogy felismerj\u00fck \u00e9s soha ne t\u00e9vessz\u00fck el. Megtapasztalhattuk, hogy nem vagyunk p\u00e1sztor n\u00e9lk\u00fcli juhok, az \u00dar \u00f6sszegy\u0171jt\u00f6tte \u00fajra n\u00e9p\u00e9t, megmutatta \u00fajra az ir\u00e1nyt \u00e9s meger\u0151s\u00edtette, hogy vel\u00fcnk j\u00e1r mindig.<\/p>\n\n\n\n<p><em>Krisztus \u00fajra f\u00f6ldre sz\u00e1llott<\/em>, hogy sz\u00edv\u00fcnket felemelj\u00fck hozz\u00e1, hogy&nbsp;<em>l\u00e1ngoljon a sz\u00edv\u00fcnk (Lk 24,32)<\/em>, hogy a L\u00e9lekkel eltelve v\u00e9gezz\u00fck a r\u00e1nk b\u00edzott k\u00fcldet\u00e9st, azt hogy mindenkit hozz\u00e1 vezess\u00fcnk, hogy meg\u00fajuljunk \u00e9s&nbsp;<em>mindent meg\u00faj\u00edtsunk Krisztusban<\/em>. Az \u00e9l\u0151, igaz Egyistenhez k\u00e9pest minden b\u00e1lv\u00e1ny, minden t\u00e9ves c\u00e9l, \u00e9s minden m\u00e1s \u00fat a pusztul\u00e1sba vezet. Az\u00e9rt j\u00f6tt el hozz\u00e1nk az \u00dar ilyen m\u00f3don, hogy megmutassa mag\u00e1t,&nbsp;<em>megmutassa Isteni erej\u00e9t \u00e9s dics\u0151s\u00e9g\u00e9t<\/em>.<\/p>\n\n\n\n<p>Olyan c\u00e9l, olyan j\u00f6v\u0151 \u00e1ll el\u0151tt\u00fcnk,&nbsp;<em>ami \u00e9rt\u00e9kesebb minden aranyn\u00e1l, \u00e9desebb minden l\u00e9pesm\u00e9zn\u00e9l (v\u00f6. sir 24,20)<\/em>. Neh\u00e9z a zar\u00e1ndok\u00fat a c\u00e9lhoz? Igen. Keskeny? Igen. F\u00e1raszt\u00f3? Igen. Szenved\u00e9ssel terhes? Igen, mert a szeretetben val\u00f3 kitart\u00e1s, h\u0171s\u00e9g szenved\u00e9ssel j\u00e1r. Ugyanakkor nem csak a c\u00e9lban v\u00e1r r\u00e1nk a kincs, az \u00e9dess\u00e9g, hanem m\u00e1r mag\u00e1n az \u00faton is, hiszen&nbsp;<em>sz\u00e1zannyit kapunk m\u00e1r itt a f\u00f6ld\u00f6n \u00e9s v\u00e9g\u00fcl az \u00f6r\u00f6k \u00e9letet<\/em>, \u00e9s&nbsp;<em>J\u00e9zus ig\u00e1ja, a szeretet ig\u00e1ja gy\u00f6ny\u00f6r\u0171s\u00e9ges \u00e9s k\u00f6nny\u0171 (v\u00f6. Mt 11,30)<\/em>.<\/p>\n\n\n\n<p>Biztos vagyok abban, hogy mindenki meg akarja hozni a szeretet \u00e1ldozat\u00e1t, hogy a v\u00e9gs\u0151 gy\u0151zelemben r\u00e9szes\u00fclj\u00f6n, hiszen a lelk\u00fcnk k\u00e9sz r\u00e1, hiszen erre a gy\u0151zelemre vagyunk teremtve. Ez az Isten akarata \u00e9s az ember egyetlen \u00e9rtelmes c\u00e9lja. H\u00e1t akkor, mi a k\u00e9rd\u00e9s? Mi a probl\u00e9ma? Nem m\u00e1s, mint az, hogy a&nbsp;<em>l\u00e9lek k\u00e9sz, de a test er\u0151tlen (v\u00f6. Mt 26,41)<\/em>. Az, hogy a gonosz l\u00e9lek elvak\u00edtja l\u00e1t\u00e1sunkat, megzavarja gondolkod\u00e1sunkat, megk\u00eds\u00e9rt, elcs\u00e1b\u00edt az egyetlen igaz kincst\u0151l, t\u00e9v\u00fatra visz, becsap.<\/p>\n\n\n\n<p>A NEK hete \u00e9s kegyelmei abban adnak term\u00e9szetfeletti er\u0151t, ind\u00edt\u00e1st, hogy sose t\u00e9vessz\u00fck el a c\u00e9lt, ne lankadjunk el, j\u00e1rjunk az \u00darral, aki&nbsp;<em>v\u00e1ndorl\u00e1sunk t\u00e1rsa lett<\/em>, a csal\u00e1dunkban, munk\u00e1nkban, v\u00e1llal\u00e1sainkban, a karit\u00e1szban, minden\u00fctt. Itt az id\u0151, hogy v\u00e1laszoljunk \u00e9let\u00fcnkkel, tetteinkel Isten megh\u00edv\u00e1s\u00e1ra, amit a NEK alkalm\u00e1val meg\u00faj\u00edtott, meger\u0151s\u00edtett az Egyh\u00e1z k\u00f6z\u00f6ss\u00e9g\u00e9ben, melynek k\u00fcldet\u00e9se a lelkek megment\u00e9se.<\/p>\n\n\n\n<p>Hirdet\u00e9sek:<\/p>\n\n\n\n<p>\u00b7&nbsp;&nbsp;&nbsp;&nbsp;&nbsp;&nbsp;&nbsp;&nbsp;&nbsp;Szeptember 25. szombatra Karit\u00e1sz Lelkinapot szervez\u00fcnk a Budapest-R\u00e1kospalota-M\u00c1V-telepi J\u00e9zus Sz\u00edve pl\u00e9b\u00e1niatemplomba. Neruda K\u00e1rolya atya l\u00e1t minket vend\u00e9g\u00fcl, aki a f\u0151egyh\u00e1zmegy\u00e9nkben az \u00e9rtelmileg fogyat\u00e9kosok referense, a Rem\u00e9nyk\u00f6r k\u00e9pvisel\u0151je. A programot \u00e9s a jelentkez\u00e9si lapot a napokban kik\u00fcldt\u00fck a pl\u00e9b\u00e1ni\u00e1kra a r\u00e9gi\u00f3vezet\u0151k\u00f6n kereszt\u00fcl. H\u00e9tf\u0151ig lehet jelentkezni.<\/p>\n\n\n\n<p>\u00b7&nbsp;&nbsp;&nbsp;&nbsp;&nbsp;&nbsp;&nbsp;&nbsp;&nbsp;A k\u00f6vetkez\u0151 karit\u00e1sz m\u0171sorunk a M\u00e1ria R\u00e1di\u00f3ban szeptember 29-\u00e9n szerd\u00e1n 10.50 \u00f3rakor kezd\u0151dik.<\/p>\n\n\n\n<p>\u00b7&nbsp;&nbsp;&nbsp;&nbsp;&nbsp;&nbsp;&nbsp;&nbsp;&nbsp;Kor\u00e1bbi m\u0171soraink itt hallgathat\u00f3k meg:&nbsp;<a href=\"https:\/\/www.mariaradio.hu\/musor\/4814\/Tevekeny_Szeretet\" target=\"_blank\" rel=\"noreferrer noopener\">https:\/\/www.mariaradio.hu\/musor\/4814\/Tevekeny_Szeretet<\/a><\/p>\n\n\n\n<p>\u00b7&nbsp;&nbsp;&nbsp;&nbsp;&nbsp;&nbsp;&nbsp;&nbsp;&nbsp;Felh\u00edvom mindenki figyelm\u00e9t, hogy a facebook- \u00e9s weboldalunkon folyamatosan friss\u00fclnek a h\u00edreink.&nbsp;<a href=\"http:\/\/www.karitaszkp.hu\/\" target=\"_blank\" rel=\"noreferrer noopener\">www.karitaszkp.hu<\/a>&nbsp;,&nbsp;<a href=\"https:\/\/www.facebook.com\/szenterzsebetkaritaszkozpont\" target=\"_blank\" rel=\"noreferrer noopener\">Esztergom-Budapesti F\u0151egyh\u00e1zmegye Szent Erzs\u00e9bet Karit\u00e1sz K\u00f6zpont | Facebook<\/a><\/p>\n\n\n\n<p>\u00b7&nbsp;&nbsp;&nbsp;&nbsp;&nbsp;&nbsp;&nbsp;&nbsp;&nbsp;A Szent Erzs\u00e9bet Karit\u00e1sz K\u00f6zpont k\u00e9r\u00e9s\u00e9re f\u0151tisztelend\u0151 Feldhoffer Antal pl\u00e9b\u00e1nos atya minden els\u0151 h\u00e9tf\u0151n 15.30-kor karit\u00e1sz szentmis\u00e9t mutat be a 1035 Budapest, III. ker. K\u00f3rh\u00e1z u. 37. sz\u00e1m alatti Szent J\u00f3zsef templomban. Misesz\u00e1nd\u00e9k: \u00e9l\u0151 \u00e9s elhunyt karit\u00e1szosok\u00e9rt. A k\u00f6vetkez\u0151 alkalom okt\u00f3ber 4-\u00e9n lesz..<\/p>\n\n\n\n<p>Csorba G\u00e1bor<\/p>\n\n\n\n<p>\u00e1lland\u00f3 diak\u00f3nus, karit\u00e1sz igazgat\u00f3<\/p>\n\n\n\n<p>Esztergom-Budapesti F\u0151egyh\u00e1zmegye<\/p>\n\n\n\n<p>Szent Erzs\u00e9bet Karit\u00e1sz K\u00f6zpont<\/p>\n\n\n\n<p class=\"has-background\" style=\"background-color:#cacaca\">Iroda:&nbsp;<a href=\"https:\/\/www.google.com\/maps\/search\/1035+Budapest,+K%C3%B3rh%C3%A1z+utca+37?entry=gmail&amp;source=g\">1035 Budapest, K\u00f3rh\u00e1z utca 37<\/a>.<\/p>\n\n\n\n<p class=\"has-background\" style=\"background-color:#cacaca\">Telefon: +36-1-351-1977<\/p>\n\n\n\n<p class=\"has-background\" style=\"background-color:#cacaca\">Mobil: +36-30-592-1483<\/p>\n\n\n\n<p class=\"has-background\" style=\"background-color:#cacaca\">E-mail:&nbsp;<a href=\"mailto:szenterzsebet@karitaszkozpont.hu\" target=\"_blank\" rel=\"noreferrer noopener\">szenterzsebet@karitaszkozpont.hu<\/a><\/p>\n\n\n\n<p class=\"has-background\" style=\"background-color:#cacaca\">Honlap:&nbsp;<a href=\"http:\/\/www.karitaszkp.hu\/\" target=\"_blank\" rel=\"noreferrer noopener\">www.karitaszkp.hu<\/a><\/p>\n\n\n\n<p class=\"has-background\" style=\"background-color:#cacaca\">A kor\u00e1bbi egypercesek itt \u00e9rhet\u0151k el:&nbsp;<a href=\"https:\/\/karitaszegypercesek.blogspot.com\/\" target=\"_blank\" rel=\"noreferrer noopener\">https:\/\/karitaszegypercesek.blogspot.com\/<\/a><\/p>\n","protected":false},"excerpt":{"rendered":"<p>133. Tartsunk mindig a v\u00e9gs\u0151 c\u00e9lra! \u201eHa teh\u00e1t okos vagy, \u00e9rtsd meg, hogy Isten dics\u0151s\u00e9g\u00e9re \u00e9s a te \u00f6r\u00f6k \u00fcdv\u00f6ss\u00e9gedre vagy teremtve! Ez a te v\u00e9gs\u0151 c\u00e9lod, ez az \u00e9leted \u00e9rtelme, ez a sz\u00edved kincse. Ha e c\u00e9lodat el\u00e9red, boldog leszel, ha elveszted, elbukott leszel.&nbsp;(Bellarmin Szent R\u00f3bert \u2013 A l\u00e9lek felemelked\u00e9se Istenhez c. k\u00f6nyv\u00e9v\u0151l) Kedves &hellip; <\/p>\n<p class=\"link-more\"><a href=\"https:\/\/karitaszkozpont.hu\/?p=1340\" class=\"more-link\">Continue reading<span class=\"screen-reader-text\"> &#8222;133. Karit\u00e1sz Egyperces&#8221;<\/span><\/a><\/p>\n","protected":false},"author":1,"featured_media":563,"comment_status":"open","ping_status":"open","sticky":false,"template":"","format":"standard","meta":[],"categories":[8],"tags":[],"yoast_head":"<!-- This site is optimized with the Yoast SEO plugin v20.1 - https:\/\/yoast.com\/wordpress\/plugins\/seo\/ -->\n<title>133. Karit\u00e1sz Egyperces - Szent Erzs\u00e9bet Karit\u00e1sz K\u00f6zpont<\/title>\n<meta name=\"robots\" content=\"index, follow, max-snippet:-1, max-image-preview:large, max-video-preview:-1\" \/>\n<link rel=\"canonical\" href=\"https:\/\/karitaszkozpont.hu\/?p=1340\" \/>\n<meta property=\"og:locale\" content=\"hu_HU\" \/>\n<meta property=\"og:type\" content=\"article\" \/>\n<meta property=\"og:title\" content=\"133. Karit\u00e1sz Egyperces - Szent Erzs\u00e9bet Karit\u00e1sz K\u00f6zpont\" \/>\n<meta property=\"og:description\" content=\"133. Tartsunk mindig a v\u00e9gs\u0151 c\u00e9lra! \u201eHa teh\u00e1t okos vagy, \u00e9rtsd meg, hogy Isten dics\u0151s\u00e9g\u00e9re \u00e9s a te \u00f6r\u00f6k \u00fcdv\u00f6ss\u00e9gedre vagy teremtve! Ez a te v\u00e9gs\u0151 c\u00e9lod, ez az \u00e9leted \u00e9rtelme, ez a sz\u00edved kincse. Ha e c\u00e9lodat el\u00e9red, boldog leszel, ha elveszted, elbukott leszel.&nbsp;(Bellarmin Szent R\u00f3bert \u2013 A l\u00e9lek felemelked\u00e9se Istenhez c. k\u00f6nyv\u00e9v\u0151l) Kedves &hellip; Continue reading &quot;133. Karit\u00e1sz Egyperces&quot;\" \/>\n<meta property=\"og:url\" content=\"https:\/\/karitaszkozpont.hu\/?p=1340\" \/>\n<meta property=\"og:site_name\" content=\"Szent Erzs\u00e9bet Karit\u00e1sz K\u00f6zpont\" \/>\n<meta property=\"article:published_time\" content=\"2021-09-20T17:38:51+00:00\" \/>\n<meta property=\"article:modified_time\" content=\"2021-09-20T17:38:52+00:00\" \/>\n<meta property=\"og:image\" content=\"https:\/\/karitaszkozpont.hu\/wp-content\/uploads\/2019\/07\/egyperceslogo.jpg\" \/>\n\t<meta property=\"og:image:width\" content=\"2300\" \/>\n\t<meta property=\"og:image:height\" content=\"1528\" \/>\n\t<meta property=\"og:image:type\" content=\"image\/jpeg\" \/>\n<meta name=\"author\" content=\"Karit\u00e1sz K\u00f6zpont\" \/>\n<meta name=\"twitter:card\" content=\"summary_large_image\" \/>\n<meta name=\"twitter:label1\" content=\"Szerz\u0151:\" \/>\n\t<meta name=\"twitter:data1\" content=\"Karit\u00e1sz K\u00f6zpont\" \/>\n\t<meta name=\"twitter:label2\" content=\"Becs\u00fclt olvas\u00e1si id\u0151\" \/>\n\t<meta name=\"twitter:data2\" content=\"4 perc\" \/>\n<script type=\"application\/ld+json\" class=\"yoast-schema-graph\">{\"@context\":\"https:\/\/schema.org\",\"@graph\":[{\"@type\":\"Article\",\"@id\":\"https:\/\/karitaszkozpont.hu\/?p=1340#article\",\"isPartOf\":{\"@id\":\"https:\/\/karitaszkozpont.hu\/?p=1340\"},\"author\":{\"name\":\"Karit\u00e1sz K\u00f6zpont\",\"@id\":\"https:\/\/karitaszkozpont.hu\/#\/schema\/person\/0d9c28244c111914ea13bb1248775e57\"},\"headline\":\"133. Karit\u00e1sz Egyperces\",\"datePublished\":\"2021-09-20T17:38:51+00:00\",\"dateModified\":\"2021-09-20T17:38:52+00:00\",\"mainEntityOfPage\":{\"@id\":\"https:\/\/karitaszkozpont.hu\/?p=1340\"},\"wordCount\":1141,\"commentCount\":0,\"publisher\":{\"@id\":\"https:\/\/karitaszkozpont.hu\/#organization\"},\"articleSection\":[\"Egypercesek\"],\"inLanguage\":\"hu\",\"potentialAction\":[{\"@type\":\"CommentAction\",\"name\":\"Comment\",\"target\":[\"https:\/\/karitaszkozpont.hu\/?p=1340#respond\"]}]},{\"@type\":\"WebPage\",\"@id\":\"https:\/\/karitaszkozpont.hu\/?p=1340\",\"url\":\"https:\/\/karitaszkozpont.hu\/?p=1340\",\"name\":\"133. Karit\u00e1sz Egyperces - Szent Erzs\u00e9bet Karit\u00e1sz K\u00f6zpont\",\"isPartOf\":{\"@id\":\"https:\/\/karitaszkozpont.hu\/#website\"},\"datePublished\":\"2021-09-20T17:38:51+00:00\",\"dateModified\":\"2021-09-20T17:38:52+00:00\",\"breadcrumb\":{\"@id\":\"https:\/\/karitaszkozpont.hu\/?p=1340#breadcrumb\"},\"inLanguage\":\"hu\",\"potentialAction\":[{\"@type\":\"ReadAction\",\"target\":[\"https:\/\/karitaszkozpont.hu\/?p=1340\"]}]},{\"@type\":\"BreadcrumbList\",\"@id\":\"https:\/\/karitaszkozpont.hu\/?p=1340#breadcrumb\",\"itemListElement\":[{\"@type\":\"ListItem\",\"position\":1,\"name\":\"Kezd\u0151lap\",\"item\":\"https:\/\/karitaszkozpont.hu\/\"},{\"@type\":\"ListItem\",\"position\":2,\"name\":\"133. Karit\u00e1sz Egyperces\"}]},{\"@type\":\"WebSite\",\"@id\":\"https:\/\/karitaszkozpont.hu\/#website\",\"url\":\"https:\/\/karitaszkozpont.hu\/\",\"name\":\"Szent Erzs\u00e9bet Karit\u00e1sz K\u00f6zpont\",\"description\":\"Esztergom-Budapesti F\u0151egyh\u00e1zmegye\",\"publisher\":{\"@id\":\"https:\/\/karitaszkozpont.hu\/#organization\"},\"potentialAction\":[{\"@type\":\"SearchAction\",\"target\":{\"@type\":\"EntryPoint\",\"urlTemplate\":\"https:\/\/karitaszkozpont.hu\/?s={search_term_string}\"},\"query-input\":\"required name=search_term_string\"}],\"inLanguage\":\"hu\"},{\"@type\":\"Organization\",\"@id\":\"https:\/\/karitaszkozpont.hu\/#organization\",\"name\":\"Szent Erzs\u00e9bet Karit\u00e1sz K\u00f6zpont\",\"url\":\"https:\/\/karitaszkozpont.hu\/\",\"logo\":{\"@type\":\"ImageObject\",\"inLanguage\":\"hu\",\"@id\":\"https:\/\/karitaszkozpont.hu\/#\/schema\/logo\/image\/\",\"url\":\"https:\/\/karitaszkp.hu\/wp-content\/uploads\/2019\/06\/cropped-logo-arnyekos-1.png\",\"contentUrl\":\"https:\/\/karitaszkp.hu\/wp-content\/uploads\/2019\/06\/cropped-logo-arnyekos-1.png\",\"width\":240,\"height\":247,\"caption\":\"Szent Erzs\u00e9bet Karit\u00e1sz K\u00f6zpont\"},\"image\":{\"@id\":\"https:\/\/karitaszkozpont.hu\/#\/schema\/logo\/image\/\"}},{\"@type\":\"Person\",\"@id\":\"https:\/\/karitaszkozpont.hu\/#\/schema\/person\/0d9c28244c111914ea13bb1248775e57\",\"name\":\"Karit\u00e1sz K\u00f6zpont\",\"image\":{\"@type\":\"ImageObject\",\"inLanguage\":\"hu\",\"@id\":\"https:\/\/karitaszkozpont.hu\/#\/schema\/person\/image\/\",\"url\":\"https:\/\/secure.gravatar.com\/avatar\/1274acd7c62f3cac92d2b38aad20c71b?s=96&d=mm&r=g\",\"contentUrl\":\"https:\/\/secure.gravatar.com\/avatar\/1274acd7c62f3cac92d2b38aad20c71b?s=96&d=mm&r=g\",\"caption\":\"Karit\u00e1sz K\u00f6zpont\"},\"url\":\"https:\/\/karitaszkozpont.hu\/?author=1\"}]}<\/script>\n<!-- \/ Yoast SEO plugin. -->","yoast_head_json":{"title":"133. Karit\u00e1sz Egyperces - Szent Erzs\u00e9bet Karit\u00e1sz K\u00f6zpont","robots":{"index":"index","follow":"follow","max-snippet":"max-snippet:-1","max-image-preview":"max-image-preview:large","max-video-preview":"max-video-preview:-1"},"canonical":"https:\/\/karitaszkozpont.hu\/?p=1340","og_locale":"hu_HU","og_type":"article","og_title":"133. Karit\u00e1sz Egyperces - Szent Erzs\u00e9bet Karit\u00e1sz K\u00f6zpont","og_description":"133. Tartsunk mindig a v\u00e9gs\u0151 c\u00e9lra! \u201eHa teh\u00e1t okos vagy, \u00e9rtsd meg, hogy Isten dics\u0151s\u00e9g\u00e9re \u00e9s a te \u00f6r\u00f6k \u00fcdv\u00f6ss\u00e9gedre vagy teremtve! Ez a te v\u00e9gs\u0151 c\u00e9lod, ez az \u00e9leted \u00e9rtelme, ez a sz\u00edved kincse. Ha e c\u00e9lodat el\u00e9red, boldog leszel, ha elveszted, elbukott leszel.&nbsp;(Bellarmin Szent R\u00f3bert \u2013 A l\u00e9lek felemelked\u00e9se Istenhez c. k\u00f6nyv\u00e9v\u0151l) Kedves &hellip; Continue reading \"133. Karit\u00e1sz Egyperces\"","og_url":"https:\/\/karitaszkozpont.hu\/?p=1340","og_site_name":"Szent Erzs\u00e9bet Karit\u00e1sz K\u00f6zpont","article_published_time":"2021-09-20T17:38:51+00:00","article_modified_time":"2021-09-20T17:38:52+00:00","og_image":[{"width":2300,"height":1528,"url":"https:\/\/karitaszkozpont.hu\/wp-content\/uploads\/2019\/07\/egyperceslogo.jpg","type":"image\/jpeg"}],"author":"Karit\u00e1sz K\u00f6zpont","twitter_card":"summary_large_image","twitter_misc":{"Szerz\u0151:":"Karit\u00e1sz K\u00f6zpont","Becs\u00fclt olvas\u00e1si id\u0151":"4 perc"},"schema":{"@context":"https:\/\/schema.org","@graph":[{"@type":"Article","@id":"https:\/\/karitaszkozpont.hu\/?p=1340#article","isPartOf":{"@id":"https:\/\/karitaszkozpont.hu\/?p=1340"},"author":{"name":"Karit\u00e1sz K\u00f6zpont","@id":"https:\/\/karitaszkozpont.hu\/#\/schema\/person\/0d9c28244c111914ea13bb1248775e57"},"headline":"133. Karit\u00e1sz Egyperces","datePublished":"2021-09-20T17:38:51+00:00","dateModified":"2021-09-20T17:38:52+00:00","mainEntityOfPage":{"@id":"https:\/\/karitaszkozpont.hu\/?p=1340"},"wordCount":1141,"commentCount":0,"publisher":{"@id":"https:\/\/karitaszkozpont.hu\/#organization"},"articleSection":["Egypercesek"],"inLanguage":"hu","potentialAction":[{"@type":"CommentAction","name":"Comment","target":["https:\/\/karitaszkozpont.hu\/?p=1340#respond"]}]},{"@type":"WebPage","@id":"https:\/\/karitaszkozpont.hu\/?p=1340","url":"https:\/\/karitaszkozpont.hu\/?p=1340","name":"133. Karit\u00e1sz Egyperces - Szent Erzs\u00e9bet Karit\u00e1sz K\u00f6zpont","isPartOf":{"@id":"https:\/\/karitaszkozpont.hu\/#website"},"datePublished":"2021-09-20T17:38:51+00:00","dateModified":"2021-09-20T17:38:52+00:00","breadcrumb":{"@id":"https:\/\/karitaszkozpont.hu\/?p=1340#breadcrumb"},"inLanguage":"hu","potentialAction":[{"@type":"ReadAction","target":["https:\/\/karitaszkozpont.hu\/?p=1340"]}]},{"@type":"BreadcrumbList","@id":"https:\/\/karitaszkozpont.hu\/?p=1340#breadcrumb","itemListElement":[{"@type":"ListItem","position":1,"name":"Kezd\u0151lap","item":"https:\/\/karitaszkozpont.hu\/"},{"@type":"ListItem","position":2,"name":"133. Karit\u00e1sz Egyperces"}]},{"@type":"WebSite","@id":"https:\/\/karitaszkozpont.hu\/#website","url":"https:\/\/karitaszkozpont.hu\/","name":"Szent Erzs\u00e9bet Karit\u00e1sz K\u00f6zpont","description":"Esztergom-Budapesti F\u0151egyh\u00e1zmegye","publisher":{"@id":"https:\/\/karitaszkozpont.hu\/#organization"},"potentialAction":[{"@type":"SearchAction","target":{"@type":"EntryPoint","urlTemplate":"https:\/\/karitaszkozpont.hu\/?s={search_term_string}"},"query-input":"required name=search_term_string"}],"inLanguage":"hu"},{"@type":"Organization","@id":"https:\/\/karitaszkozpont.hu\/#organization","name":"Szent Erzs\u00e9bet Karit\u00e1sz K\u00f6zpont","url":"https:\/\/karitaszkozpont.hu\/","logo":{"@type":"ImageObject","inLanguage":"hu","@id":"https:\/\/karitaszkozpont.hu\/#\/schema\/logo\/image\/","url":"https:\/\/karitaszkp.hu\/wp-content\/uploads\/2019\/06\/cropped-logo-arnyekos-1.png","contentUrl":"https:\/\/karitaszkp.hu\/wp-content\/uploads\/2019\/06\/cropped-logo-arnyekos-1.png","width":240,"height":247,"caption":"Szent Erzs\u00e9bet Karit\u00e1sz K\u00f6zpont"},"image":{"@id":"https:\/\/karitaszkozpont.hu\/#\/schema\/logo\/image\/"}},{"@type":"Person","@id":"https:\/\/karitaszkozpont.hu\/#\/schema\/person\/0d9c28244c111914ea13bb1248775e57","name":"Karit\u00e1sz K\u00f6zpont","image":{"@type":"ImageObject","inLanguage":"hu","@id":"https:\/\/karitaszkozpont.hu\/#\/schema\/person\/image\/","url":"https:\/\/secure.gravatar.com\/avatar\/1274acd7c62f3cac92d2b38aad20c71b?s=96&d=mm&r=g","contentUrl":"https:\/\/secure.gravatar.com\/avatar\/1274acd7c62f3cac92d2b38aad20c71b?s=96&d=mm&r=g","caption":"Karit\u00e1sz K\u00f6zpont"},"url":"https:\/\/karitaszkozpont.hu\/?author=1"}]}},"_links":{"self":[{"href":"https:\/\/karitaszkozpont.hu\/index.php?rest_route=\/wp\/v2\/posts\/1340"}],"collection":[{"href":"https:\/\/karitaszkozpont.hu\/index.php?rest_route=\/wp\/v2\/posts"}],"about":[{"href":"https:\/\/karitaszkozpont.hu\/index.php?rest_route=\/wp\/v2\/types\/post"}],"author":[{"embeddable":true,"href":"https:\/\/karitaszkozpont.hu\/index.php?rest_route=\/wp\/v2\/users\/1"}],"replies":[{"embeddable":true,"href":"https:\/\/karitaszkozpont.hu\/index.php?rest_route=%2Fwp%2Fv2%2Fcomments&post=1340"}],"version-history":[{"count":1,"href":"https:\/\/karitaszkozpont.hu\/index.php?rest_route=\/wp\/v2\/posts\/1340\/revisions"}],"predecessor-version":[{"id":1341,"href":"https:\/\/karitaszkozpont.hu\/index.php?rest_route=\/wp\/v2\/posts\/1340\/revisions\/1341"}],"wp:featuredmedia":[{"embeddable":true,"href":"https:\/\/karitaszkozpont.hu\/index.php?rest_route=\/wp\/v2\/media\/563"}],"wp:attachment":[{"href":"https:\/\/karitaszkozpont.hu\/index.php?rest_route=%2Fwp%2Fv2%2Fmedia&parent=1340"}],"wp:term":[{"taxonomy":"category","embeddable":true,"href":"https:\/\/karitaszkozpont.hu\/index.php?rest_route=%2Fwp%2Fv2%2Fcategories&post=1340"},{"taxonomy":"post_tag","embeddable":true,"href":"https:\/\/karitaszkozpont.hu\/index.php?rest_route=%2Fwp%2Fv2%2Ftags&post=1340"}],"curies":[{"name":"wp","href":"https:\/\/api.w.org\/{rel}","templated":true}]}}