{"id":1337,"date":"2021-09-13T19:36:42","date_gmt":"2021-09-13T17:36:42","guid":{"rendered":"http:\/\/karitaszkp.hu\/?p=1337"},"modified":"2021-09-13T19:36:43","modified_gmt":"2021-09-13T17:36:43","slug":"132-karitasz-egyperces","status":"publish","type":"post","link":"https:\/\/karitaszkozpont.hu\/?p=1337","title":{"rendered":"132. Karit\u00e1sz Egyperces"},"content":{"rendered":"\n<p class=\"has-white-color has-vivid-red-background-color has-text-color has-background has-large-font-size\"><strong>132. A NEK kegyelmei<\/strong><\/p>\n\n\n\n<p class=\"has-background\" style=\"background-color:#cacaca\"><em>\u201eMit haszn\u00e1l, ha valaki azt \u00e1ll\u00edtja, hogy van hite, bel\u0151le fakad\u00f3 tettei azonban nincsenek? \u2026. a hit is, ha tettek nem sz\u00e1rmaznak bel\u0151le, mag\u00e1ban holt dolog.\u201d&nbsp;(Jak 2,14-18)<\/em><\/p>\n\n\n\n<p>Kedves Karit\u00e1sz \u00d6nk\u00e9ntesek, Munkat\u00e1rsak, Testv\u00e9rek az \u00darban!<\/p>\n\n\n\n<p>&nbsp;&nbsp;&nbsp;&nbsp;&nbsp;&nbsp;&nbsp;&nbsp;&nbsp;&nbsp;&nbsp; A mai Statio orbis szentmis\u00e9vel,&nbsp;mely arra volt hivatott, hogy Isten \u00e1ld\u00e1s\u00e1t k\u00e9rje az eg\u00e9sz vil\u00e1gra&nbsp;\u00e9s amelyet maga Ferenc p\u00e1pa pontikfik\u00e1lt, lez\u00e1rult az 52. Nemzetk\u00f6zi Eucharisztikus Kongresszus \u2013 legal\u00e1bbis a szervez\u00e9si, a fizikai, a l\u00e1that\u00f3 r\u00e9sze.<\/p>\n\n\n\n<p>De most kezd\u0151dik el a annak a rengeteg kegyelemnek a feldolgoz\u00e1sa, ami ezen a h\u00e9ten ki\u00e1radt Magyarorsz\u00e1gra, az emberi sz\u00edvekbe, a h\u00edvek milli\u00f3ira \u00e9s a nem h\u00edv\u0151kre is.<\/p>\n\n\n\n<p>A szentatya is utalt r\u00e1, hogy ne a lez\u00e1r\u00e1st l\u00e1ssuk, hanem az indul\u00e1st. Z\u00e1rsz\u00f3 helyett ind\u00edt\u00f3sz\u00f3t kaptunk: tegy\u00fck meg az igazs\u00e1got, \u00e9lj\u00fck hit\u00fcnkbet szabadon \u00e9s b\u00e1tran, \u00e9lj\u00fcnk Krisztusban, hogy, mik\u00e9nt a mai kollekta k\u00f6ny\u00e9rg\u00e9sben is im\u00e1dkoztuk:&nbsp;<em>\u201eUrunk, mindens\u00e9g teremt\u0151 \u00e9s gondvisel\u0151 Istene, tekints re\u00e1nk \u00e9s engedd meg\u00e9rezn\u00fcnk irgalmas j\u00f3s\u00e1godat, hogy eg\u00e9sz sz\u00edvvel szolg\u00e1ljunk neked.\u201d<\/em><\/p>\n\n\n\n<p>Mivel gyarl\u00f3, esend\u0151 emberek vagyunk, megosztottak (a l\u00e9lek k\u00e9sz, de a test er\u0151tlen \u2013 v\u00f6. Mt 26,41), ez\u00e9rt a lelkes\u00edt\u0151, \u00e9rzelmi euf\u00f3ria mellett id\u0151 kell, \u00e9s f\u0151leg sz\u00e1nd\u00e9k, akarat arra, hogy mindezek a kegyelmek benn\u00fcnk aktiv\u00e1l\u00f3djanak a magunk \u00e9s m\u00e1sok \u00fcdv\u00f6ss\u00e9g\u00e9\u00e9rt. Mert, ahogy a hit tettek n\u00e9lk\u00fcl holt dolog, \u00fagy a kegyelmek sem tudnak elegend\u0151 m\u00e9rt\u00e9kben nek\u00fcnk seg\u00edteni, ha nem fogadjuk be, ha nem akarjuk, ha elutas\u00edtjuk, ha nem \u00e9l\u00fcnk vele.<\/p>\n\n\n\n<p>Ha nem \u00e9l\u00fcnk Isten kegyelm\u00e9vel, mi magunk sem fogunk \u00e9lni \u2013 csak veget\u00e1lni, l\u00e9tezni, de nem fogunk tudni \u00e9ltes \u00e9letet \u00e9lni sem itt a f\u00f6lden, pl\u00e1ne nem a m\u00e1svil\u00e1gon. Ez\u00e9rt \u00f3ri\u00e1si lehet\u0151s\u00e9g \u00e9s esem\u00e9ny volt sz\u00e1munkra a NEK hete \u2013 de most kezd\u0151dik mindezek feldolgoz\u00e1sa, a napi szintre v\u00e1lt\u00e1sa. Nem k\u00f6nny\u0171 feledat ez, mert nagy a k\u00eds\u00e9rt\u00e9s, hogy a h\u00e9tk\u00f6znapok terhei r\u00e1pakol\u00f3dnak majd a mennyei \u00f6r\u00f6m \u00e9s boldogs\u00e1g \u00e9rz\u00e9seire \u00e9s elnyomj\u00e1k, eltakarj\u00e1k \u0151ket.<\/p>\n\n\n\n<p>NE HAGYJUK! Hallgassuk vissza est\u00e9nk\u00e9nt az el\u0151ad\u00e1sokat, n\u00e9zz\u00fcnk bele a liturgi\u00e1kba, a szentmis\u00e9kbe, a tan\u00fas\u00e1gt\u00e9telekbe, a k\u00f6z\u00f6s im\u00e1kba, a Forr\u00e1spont esem\u00e9ny\u00e9be, a Csal\u00e1di nap programj\u00e1ba, a k\u00f6rmenetbe \u00e9s a mai szentmis\u00e9be is! Hallgassuk meg a pr\u00e9dik\u00e1ci\u00f3kat, elm\u00e9lkedj\u00fck \u00e1t \u0151ket k\u00f6z\u00f6ss\u00e9gben \u2013 otthon a csal\u00e1dban, a bar\u00e1ti, a hittanos, \u00e9s a pl\u00e9b\u00e1niai k\u00f6z\u00f6ss\u00e9gekben is! Besz\u00e9lgess\u00fcnk sokat a kongresszuson szerzett lelki \u00e9lm\u00e9nyeinkr\u0151l! B\u00e1tran foglaljunk r\u00e1 id\u0151t, ne hagyjuk el\u00faszni azt a lehet\u0151s\u00e9get, hogy kielemezz\u00fck a teljes hetet, fedezz\u00fck fel a miszt\u00e9riumok legbels\u0151 m\u00e9lys\u00e9geit.<\/p>\n\n\n\n<p>Nagyon sokan \u00e9s sokat dolgoztak az\u00e9rt, hogy Isten kegyelme min\u00e9l hat\u00e9konyabban tudjon \u00e1tt\u00f6rni az anyagi vil\u00e1g akad\u00e1lyain, korl\u00e1tain kereszt\u00fcl. Tudom, hogy sok neh\u00e9zs\u00e9ggel tal\u00e1lkozott szinte mindenki, f\u00e1raszt\u00f3, \u00e9s neh\u00e9z volt olykor \u2013 de gondoljunk bele! H\u00e1t nem meg\u00e9rte? Gondoljunk a szervez\u0151kre, a B\u00edboros \u00farra, p\u00fcsp\u00f6k aty\u00e1kra, papokra, munkat\u00e1rsakra, akik legal\u00e1bb 4 \u00e9ve r\u00e1juk tett\u00e9k az \u00e9let\u00fcket a kegyelem ki\u00e1rad\u00e1s\u00e1ra! K\u00f6sz\u00f6nj\u00fck meg nekik, mert n\u00e9lk\u00fcl\u00fck, az \u0151 \u00e1ldozatos munk\u00e1juk n\u00e9lk\u00fcl&nbsp; mindezek a kegyelmek ilyen m\u00f3don nem jutottak volna el hozz\u00e1nk. De ilyen az eg\u00e9sz \u00e9let\u00fcnk: Isten m\u0171ve az embereken \u00e1t val\u00f3sul meg a mi sz\u00e1munkra hat\u00e9konyan.<\/p>\n\n\n\n<p>A neh\u00e9zs\u00e9geket, a f\u00e1rads\u00e1gokat el fogjuk felejteni, de megmarad a sz\u00edntiszta arany, a hit aranya, a dr\u00e1gak\u0151, ami\u00e9rt \u00e9rdemes mindent eladnunk, ami meg\u00e9r minden f\u00e1rads\u00e1got, amihez k\u00e9pest minden \u00e9rt\u00e9ktelen, azaz csak annyira \u00e9rt\u00e9kes, amenyniben a legnagyobb kincs\u00fcnk megtal\u00e1l\u00e1s\u00e1t, megszerz\u00e9s\u00e9t \u00e9s meg\u0151rz\u00e9s\u00e9t szolg\u00e1lja.<\/p>\n\n\n\n<p>Itt az id\u0151 erre. Az is kegyelem, hogy felfedezz\u00fck a kegyelmet. Bontsuk ki sz\u00e9pen sorba Isten aj\u00e1nd\u00e9kait, amit ezen a h\u00e9ten kaptunk, ahogy a kar\u00e1csonyi csomagokat szoktuk, sz\u00e9pen egym\u00e1s ut\u00e1n, nem kapkodva, hanem \u00fagy, hogy \u00e9lvezz\u00fck minden egyes aj\u00e1nd\u00e9k \u00f6r\u00f6m\u00e9t \u00e9s gy\u00faljon a sz\u00edv\u00fcnk l\u00e1ngra az aj\u00e1nd\u00e9koz\u00f3 ir\u00e1nt. Az Istennek val\u00f3 h\u00e1laad\u00e1s is nek\u00fcnk lesz aj\u00e1nd\u00e9k \u2013 ilyen a szeretet logik\u00e1ja: min\u00e9l t\u00f6bbet adunk, ann\u00e1l t\u00f6bbet kapunk.<\/p>\n\n\n\n<p>Jakab apostol buzd\u00edt\u00e1s\u00e1t mi karit\u00e1szosok, szinte hivat\u00e1sszer\u0171en, saj\u00e1t v\u00e1llal\u00e1sunkon kereszt\u00fcl val\u00f3s\u00edtjuk meg. Tegy\u00fck meg Isten igazs\u00e1g\u00e1t a szeretet cselekedeteiben, imm\u00e1ron a NEK, azon bel\u00fcl az Eucharisztia kegyelmeivel eltelve!<\/p>\n\n\n\n<p>Hirdet\u00e9sek:<\/p>\n\n\n\n<p>\u00b7&nbsp;&nbsp;&nbsp;&nbsp;&nbsp;&nbsp;&nbsp;&nbsp;&nbsp;Szeptember 25. szombatra Karit\u00e1sz Lelkinapot szervez\u00fcnk a Budapest-R\u00e1kospalota-M\u00c1V-telepi J\u00e9zus Sz\u00edve pl\u00e9b\u00e1niatemplomba. Neruda K\u00e1rolya atya l\u00e1t minket vend\u00e9g\u00fcl, aki a f\u0151egyh\u00e1zmegy\u00e9nkben az \u00e9rtelmileg fogyat\u00e9kosok referense, a Rem\u00e9nyk\u00f6r k\u00e9pvisel\u0151je. A programot \u00e9s a jelentkez\u00e9si lapot a napokban kik\u00fcldj\u00fck a pl\u00e9b\u00e1ni\u00e1kra a r\u00e9gi\u00f3vezet\u0151k\u00f6n kereszt\u00fcl.<\/p>\n\n\n\n<p>\u00b7&nbsp;&nbsp;&nbsp;&nbsp;&nbsp;&nbsp;&nbsp;&nbsp;&nbsp;A k\u00f6vetkez\u0151 karit\u00e1sz m\u0171sorunk a M\u00e1ria R\u00e1di\u00f3ban szeptember 15-\u00e9n szerd\u00e1n 10.50 \u00f3rakor kezd\u0151dik.<\/p>\n\n\n\n<p>\u00b7&nbsp;&nbsp;&nbsp;&nbsp;&nbsp;&nbsp;&nbsp;&nbsp;&nbsp;Kor\u00e1bbi m\u0171soraink itt hallgathat\u00f3k meg:&nbsp;<a href=\"https:\/\/www.mariaradio.hu\/musor\/4814\/Tevekeny_Szeretet\" target=\"_blank\" rel=\"noreferrer noopener\">https:\/\/www.mariaradio.hu\/musor\/4814\/Tevekeny_Szeretet<\/a><\/p>\n\n\n\n<p>\u00b7&nbsp;&nbsp;&nbsp;&nbsp;&nbsp;&nbsp;&nbsp;&nbsp;&nbsp;Felh\u00edvom mindenki figyelm\u00e9t, hogy a facebook- \u00e9s weboldalunkon folyamatosan friss\u00fclnek a h\u00edreink.&nbsp;<a href=\"http:\/\/www.karitaszkp.hu\/\" target=\"_blank\" rel=\"noreferrer noopener\">www.karitaszkp.hu<\/a>&nbsp;,&nbsp;<a href=\"https:\/\/www.facebook.com\/szenterzsebetkaritaszkozpont\" target=\"_blank\" rel=\"noreferrer noopener\">Esztergom-Budapesti F\u0151egyh\u00e1zmegye Szent Erzs\u00e9bet Karit\u00e1sz K\u00f6zpont | Facebook<\/a><\/p>\n\n\n\n<p>\u00b7&nbsp;&nbsp;&nbsp;&nbsp;&nbsp;&nbsp;&nbsp;&nbsp;&nbsp;A Szent Erzs\u00e9bet Karit\u00e1sz K\u00f6zpont k\u00e9r\u00e9s\u00e9re f\u0151tisztelend\u0151 Feldhoffer Antal pl\u00e9b\u00e1nos atya minden els\u0151 h\u00e9tf\u0151n 15.30-kor karit\u00e1sz szentmis\u00e9t mutat be a 1035 Budapest, III. ker. K\u00f3rh\u00e1z u. 37. sz\u00e1m alatti Szent J\u00f3zsef templomban. Misesz\u00e1nd\u00e9k: \u00e9l\u0151 \u00e9s elhunyt karit\u00e1szosok\u00e9rt. A k\u00f6vetkez\u0151 alkalom szeptember 13-\u00e1n lesz, a NEK ut\u00e1n (ez\u00e9rt kiv\u00e9telesen a 2. h\u00e9tf\u0151n).<\/p>\n\n\n\n<p>Csorba G\u00e1bor<\/p>\n\n\n\n<p>\u00e1lland\u00f3 diak\u00f3nus, karit\u00e1sz igazgat\u00f3<\/p>\n\n\n\n<p>Esztergom-Budapesti F\u0151egyh\u00e1zmegye<\/p>\n\n\n\n<p>Szent Erzs\u00e9bet Karit\u00e1sz K\u00f6zpont<\/p>\n\n\n\n<p class=\"has-background\" style=\"background-color:#cacaca\">Iroda:&nbsp;<a href=\"https:\/\/www.google.com\/maps\/search\/1035+Budapest,+K%C3%B3rh%C3%A1z+utca+37?entry=gmail&amp;source=g\">1035 Budapest, K\u00f3rh\u00e1z utca 37<\/a>.<\/p>\n\n\n\n<p class=\"has-background\" style=\"background-color:#cacaca\">Telefon: +36-1-351-1977<\/p>\n\n\n\n<p class=\"has-background\" style=\"background-color:#cacaca\">Mobil: +36-30-592-1483<\/p>\n\n\n\n<p class=\"has-background\" style=\"background-color:#cacaca\">E-mail:&nbsp;<a href=\"mailto:szenterzsebet@karitaszkozpont.hu\" target=\"_blank\" rel=\"noreferrer noopener\">szenterzsebet@karitaszkozpont.hu<\/a><\/p>\n\n\n\n<p class=\"has-background\" style=\"background-color:#cacaca\">Honlap:&nbsp;<a href=\"http:\/\/www.karitaszkp.hu\/\" target=\"_blank\" rel=\"noreferrer noopener\">www.karitaszkp.hu<\/a><\/p>\n\n\n\n<p class=\"has-background\" style=\"background-color:#cacaca\">A kor\u00e1bbi egypercesek itt \u00e9rhet\u0151k el:&nbsp;<a href=\"https:\/\/karitaszegypercesek.blogspot.com\/\" target=\"_blank\" rel=\"noreferrer noopener\">https:\/\/karitaszegypercesek.blogspot.com\/<\/a><\/p>\n","protected":false},"excerpt":{"rendered":"<p>132. A NEK kegyelmei \u201eMit haszn\u00e1l, ha valaki azt \u00e1ll\u00edtja, hogy van hite, bel\u0151le fakad\u00f3 tettei azonban nincsenek? \u2026. a hit is, ha tettek nem sz\u00e1rmaznak bel\u0151le, mag\u00e1ban holt dolog.\u201d&nbsp;(Jak 2,14-18) Kedves Karit\u00e1sz \u00d6nk\u00e9ntesek, Munkat\u00e1rsak, Testv\u00e9rek az \u00darban! &nbsp;&nbsp;&nbsp;&nbsp;&nbsp;&nbsp;&nbsp;&nbsp;&nbsp;&nbsp;&nbsp; A mai Statio orbis szentmis\u00e9vel,&nbsp;mely arra volt hivatott, hogy Isten \u00e1ld\u00e1s\u00e1t k\u00e9rje az eg\u00e9sz vil\u00e1gra&nbsp;\u00e9s amelyet &hellip; <\/p>\n<p class=\"link-more\"><a href=\"https:\/\/karitaszkozpont.hu\/?p=1337\" class=\"more-link\">Continue reading<span class=\"screen-reader-text\"> &#8222;132. Karit\u00e1sz Egyperces&#8221;<\/span><\/a><\/p>\n","protected":false},"author":1,"featured_media":563,"comment_status":"open","ping_status":"open","sticky":false,"template":"","format":"standard","meta":[],"categories":[8],"tags":[],"yoast_head":"<!-- This site is optimized with the Yoast SEO plugin v20.1 - https:\/\/yoast.com\/wordpress\/plugins\/seo\/ -->\n<title>132. Karit\u00e1sz Egyperces - Szent Erzs\u00e9bet Karit\u00e1sz K\u00f6zpont<\/title>\n<meta name=\"robots\" content=\"index, follow, max-snippet:-1, max-image-preview:large, max-video-preview:-1\" \/>\n<link rel=\"canonical\" href=\"https:\/\/karitaszkozpont.hu\/?p=1337\" \/>\n<meta property=\"og:locale\" content=\"hu_HU\" \/>\n<meta property=\"og:type\" content=\"article\" \/>\n<meta property=\"og:title\" content=\"132. Karit\u00e1sz Egyperces - Szent Erzs\u00e9bet Karit\u00e1sz K\u00f6zpont\" \/>\n<meta property=\"og:description\" content=\"132. A NEK kegyelmei \u201eMit haszn\u00e1l, ha valaki azt \u00e1ll\u00edtja, hogy van hite, bel\u0151le fakad\u00f3 tettei azonban nincsenek? \u2026. a hit is, ha tettek nem sz\u00e1rmaznak bel\u0151le, mag\u00e1ban holt dolog.\u201d&nbsp;(Jak 2,14-18) Kedves Karit\u00e1sz \u00d6nk\u00e9ntesek, Munkat\u00e1rsak, Testv\u00e9rek az \u00darban! &nbsp;&nbsp;&nbsp;&nbsp;&nbsp;&nbsp;&nbsp;&nbsp;&nbsp;&nbsp;&nbsp; A mai Statio orbis szentmis\u00e9vel,&nbsp;mely arra volt hivatott, hogy Isten \u00e1ld\u00e1s\u00e1t k\u00e9rje az eg\u00e9sz vil\u00e1gra&nbsp;\u00e9s amelyet &hellip; Continue reading &quot;132. Karit\u00e1sz Egyperces&quot;\" \/>\n<meta property=\"og:url\" content=\"https:\/\/karitaszkozpont.hu\/?p=1337\" \/>\n<meta property=\"og:site_name\" content=\"Szent Erzs\u00e9bet Karit\u00e1sz K\u00f6zpont\" \/>\n<meta property=\"article:published_time\" content=\"2021-09-13T17:36:42+00:00\" \/>\n<meta property=\"article:modified_time\" content=\"2021-09-13T17:36:43+00:00\" \/>\n<meta property=\"og:image\" content=\"https:\/\/karitaszkozpont.hu\/wp-content\/uploads\/2019\/07\/egyperceslogo.jpg\" \/>\n\t<meta property=\"og:image:width\" content=\"2300\" \/>\n\t<meta property=\"og:image:height\" content=\"1528\" \/>\n\t<meta property=\"og:image:type\" content=\"image\/jpeg\" \/>\n<meta name=\"author\" content=\"Karit\u00e1sz K\u00f6zpont\" \/>\n<meta name=\"twitter:card\" content=\"summary_large_image\" \/>\n<meta name=\"twitter:label1\" content=\"Szerz\u0151:\" \/>\n\t<meta name=\"twitter:data1\" content=\"Karit\u00e1sz K\u00f6zpont\" \/>\n\t<meta name=\"twitter:label2\" content=\"Becs\u00fclt olvas\u00e1si id\u0151\" \/>\n\t<meta name=\"twitter:data2\" content=\"4 perc\" \/>\n<script type=\"application\/ld+json\" class=\"yoast-schema-graph\">{\"@context\":\"https:\/\/schema.org\",\"@graph\":[{\"@type\":\"Article\",\"@id\":\"https:\/\/karitaszkozpont.hu\/?p=1337#article\",\"isPartOf\":{\"@id\":\"https:\/\/karitaszkozpont.hu\/?p=1337\"},\"author\":{\"name\":\"Karit\u00e1sz K\u00f6zpont\",\"@id\":\"https:\/\/karitaszkozpont.hu\/#\/schema\/person\/0d9c28244c111914ea13bb1248775e57\"},\"headline\":\"132. Karit\u00e1sz Egyperces\",\"datePublished\":\"2021-09-13T17:36:42+00:00\",\"dateModified\":\"2021-09-13T17:36:43+00:00\",\"mainEntityOfPage\":{\"@id\":\"https:\/\/karitaszkozpont.hu\/?p=1337\"},\"wordCount\":1227,\"commentCount\":0,\"publisher\":{\"@id\":\"https:\/\/karitaszkozpont.hu\/#organization\"},\"articleSection\":[\"Egypercesek\"],\"inLanguage\":\"hu\",\"potentialAction\":[{\"@type\":\"CommentAction\",\"name\":\"Comment\",\"target\":[\"https:\/\/karitaszkozpont.hu\/?p=1337#respond\"]}]},{\"@type\":\"WebPage\",\"@id\":\"https:\/\/karitaszkozpont.hu\/?p=1337\",\"url\":\"https:\/\/karitaszkozpont.hu\/?p=1337\",\"name\":\"132. Karit\u00e1sz Egyperces - Szent Erzs\u00e9bet Karit\u00e1sz K\u00f6zpont\",\"isPartOf\":{\"@id\":\"https:\/\/karitaszkozpont.hu\/#website\"},\"datePublished\":\"2021-09-13T17:36:42+00:00\",\"dateModified\":\"2021-09-13T17:36:43+00:00\",\"breadcrumb\":{\"@id\":\"https:\/\/karitaszkozpont.hu\/?p=1337#breadcrumb\"},\"inLanguage\":\"hu\",\"potentialAction\":[{\"@type\":\"ReadAction\",\"target\":[\"https:\/\/karitaszkozpont.hu\/?p=1337\"]}]},{\"@type\":\"BreadcrumbList\",\"@id\":\"https:\/\/karitaszkozpont.hu\/?p=1337#breadcrumb\",\"itemListElement\":[{\"@type\":\"ListItem\",\"position\":1,\"name\":\"Kezd\u0151lap\",\"item\":\"https:\/\/karitaszkozpont.hu\/\"},{\"@type\":\"ListItem\",\"position\":2,\"name\":\"132. Karit\u00e1sz Egyperces\"}]},{\"@type\":\"WebSite\",\"@id\":\"https:\/\/karitaszkozpont.hu\/#website\",\"url\":\"https:\/\/karitaszkozpont.hu\/\",\"name\":\"Szent Erzs\u00e9bet Karit\u00e1sz K\u00f6zpont\",\"description\":\"Esztergom-Budapesti F\u0151egyh\u00e1zmegye\",\"publisher\":{\"@id\":\"https:\/\/karitaszkozpont.hu\/#organization\"},\"potentialAction\":[{\"@type\":\"SearchAction\",\"target\":{\"@type\":\"EntryPoint\",\"urlTemplate\":\"https:\/\/karitaszkozpont.hu\/?s={search_term_string}\"},\"query-input\":\"required name=search_term_string\"}],\"inLanguage\":\"hu\"},{\"@type\":\"Organization\",\"@id\":\"https:\/\/karitaszkozpont.hu\/#organization\",\"name\":\"Szent Erzs\u00e9bet Karit\u00e1sz K\u00f6zpont\",\"url\":\"https:\/\/karitaszkozpont.hu\/\",\"logo\":{\"@type\":\"ImageObject\",\"inLanguage\":\"hu\",\"@id\":\"https:\/\/karitaszkozpont.hu\/#\/schema\/logo\/image\/\",\"url\":\"https:\/\/karitaszkp.hu\/wp-content\/uploads\/2019\/06\/cropped-logo-arnyekos-1.png\",\"contentUrl\":\"https:\/\/karitaszkp.hu\/wp-content\/uploads\/2019\/06\/cropped-logo-arnyekos-1.png\",\"width\":240,\"height\":247,\"caption\":\"Szent Erzs\u00e9bet Karit\u00e1sz K\u00f6zpont\"},\"image\":{\"@id\":\"https:\/\/karitaszkozpont.hu\/#\/schema\/logo\/image\/\"}},{\"@type\":\"Person\",\"@id\":\"https:\/\/karitaszkozpont.hu\/#\/schema\/person\/0d9c28244c111914ea13bb1248775e57\",\"name\":\"Karit\u00e1sz K\u00f6zpont\",\"image\":{\"@type\":\"ImageObject\",\"inLanguage\":\"hu\",\"@id\":\"https:\/\/karitaszkozpont.hu\/#\/schema\/person\/image\/\",\"url\":\"https:\/\/secure.gravatar.com\/avatar\/1274acd7c62f3cac92d2b38aad20c71b?s=96&d=mm&r=g\",\"contentUrl\":\"https:\/\/secure.gravatar.com\/avatar\/1274acd7c62f3cac92d2b38aad20c71b?s=96&d=mm&r=g\",\"caption\":\"Karit\u00e1sz K\u00f6zpont\"},\"url\":\"https:\/\/karitaszkozpont.hu\/?author=1\"}]}<\/script>\n<!-- \/ Yoast SEO plugin. -->","yoast_head_json":{"title":"132. Karit\u00e1sz Egyperces - Szent Erzs\u00e9bet Karit\u00e1sz K\u00f6zpont","robots":{"index":"index","follow":"follow","max-snippet":"max-snippet:-1","max-image-preview":"max-image-preview:large","max-video-preview":"max-video-preview:-1"},"canonical":"https:\/\/karitaszkozpont.hu\/?p=1337","og_locale":"hu_HU","og_type":"article","og_title":"132. Karit\u00e1sz Egyperces - Szent Erzs\u00e9bet Karit\u00e1sz K\u00f6zpont","og_description":"132. A NEK kegyelmei \u201eMit haszn\u00e1l, ha valaki azt \u00e1ll\u00edtja, hogy van hite, bel\u0151le fakad\u00f3 tettei azonban nincsenek? \u2026. a hit is, ha tettek nem sz\u00e1rmaznak bel\u0151le, mag\u00e1ban holt dolog.\u201d&nbsp;(Jak 2,14-18) Kedves Karit\u00e1sz \u00d6nk\u00e9ntesek, Munkat\u00e1rsak, Testv\u00e9rek az \u00darban! &nbsp;&nbsp;&nbsp;&nbsp;&nbsp;&nbsp;&nbsp;&nbsp;&nbsp;&nbsp;&nbsp; A mai Statio orbis szentmis\u00e9vel,&nbsp;mely arra volt hivatott, hogy Isten \u00e1ld\u00e1s\u00e1t k\u00e9rje az eg\u00e9sz vil\u00e1gra&nbsp;\u00e9s amelyet &hellip; Continue reading \"132. Karit\u00e1sz Egyperces\"","og_url":"https:\/\/karitaszkozpont.hu\/?p=1337","og_site_name":"Szent Erzs\u00e9bet Karit\u00e1sz K\u00f6zpont","article_published_time":"2021-09-13T17:36:42+00:00","article_modified_time":"2021-09-13T17:36:43+00:00","og_image":[{"width":2300,"height":1528,"url":"https:\/\/karitaszkozpont.hu\/wp-content\/uploads\/2019\/07\/egyperceslogo.jpg","type":"image\/jpeg"}],"author":"Karit\u00e1sz K\u00f6zpont","twitter_card":"summary_large_image","twitter_misc":{"Szerz\u0151:":"Karit\u00e1sz K\u00f6zpont","Becs\u00fclt olvas\u00e1si id\u0151":"4 perc"},"schema":{"@context":"https:\/\/schema.org","@graph":[{"@type":"Article","@id":"https:\/\/karitaszkozpont.hu\/?p=1337#article","isPartOf":{"@id":"https:\/\/karitaszkozpont.hu\/?p=1337"},"author":{"name":"Karit\u00e1sz K\u00f6zpont","@id":"https:\/\/karitaszkozpont.hu\/#\/schema\/person\/0d9c28244c111914ea13bb1248775e57"},"headline":"132. Karit\u00e1sz Egyperces","datePublished":"2021-09-13T17:36:42+00:00","dateModified":"2021-09-13T17:36:43+00:00","mainEntityOfPage":{"@id":"https:\/\/karitaszkozpont.hu\/?p=1337"},"wordCount":1227,"commentCount":0,"publisher":{"@id":"https:\/\/karitaszkozpont.hu\/#organization"},"articleSection":["Egypercesek"],"inLanguage":"hu","potentialAction":[{"@type":"CommentAction","name":"Comment","target":["https:\/\/karitaszkozpont.hu\/?p=1337#respond"]}]},{"@type":"WebPage","@id":"https:\/\/karitaszkozpont.hu\/?p=1337","url":"https:\/\/karitaszkozpont.hu\/?p=1337","name":"132. Karit\u00e1sz Egyperces - Szent Erzs\u00e9bet Karit\u00e1sz K\u00f6zpont","isPartOf":{"@id":"https:\/\/karitaszkozpont.hu\/#website"},"datePublished":"2021-09-13T17:36:42+00:00","dateModified":"2021-09-13T17:36:43+00:00","breadcrumb":{"@id":"https:\/\/karitaszkozpont.hu\/?p=1337#breadcrumb"},"inLanguage":"hu","potentialAction":[{"@type":"ReadAction","target":["https:\/\/karitaszkozpont.hu\/?p=1337"]}]},{"@type":"BreadcrumbList","@id":"https:\/\/karitaszkozpont.hu\/?p=1337#breadcrumb","itemListElement":[{"@type":"ListItem","position":1,"name":"Kezd\u0151lap","item":"https:\/\/karitaszkozpont.hu\/"},{"@type":"ListItem","position":2,"name":"132. Karit\u00e1sz Egyperces"}]},{"@type":"WebSite","@id":"https:\/\/karitaszkozpont.hu\/#website","url":"https:\/\/karitaszkozpont.hu\/","name":"Szent Erzs\u00e9bet Karit\u00e1sz K\u00f6zpont","description":"Esztergom-Budapesti F\u0151egyh\u00e1zmegye","publisher":{"@id":"https:\/\/karitaszkozpont.hu\/#organization"},"potentialAction":[{"@type":"SearchAction","target":{"@type":"EntryPoint","urlTemplate":"https:\/\/karitaszkozpont.hu\/?s={search_term_string}"},"query-input":"required name=search_term_string"}],"inLanguage":"hu"},{"@type":"Organization","@id":"https:\/\/karitaszkozpont.hu\/#organization","name":"Szent Erzs\u00e9bet Karit\u00e1sz K\u00f6zpont","url":"https:\/\/karitaszkozpont.hu\/","logo":{"@type":"ImageObject","inLanguage":"hu","@id":"https:\/\/karitaszkozpont.hu\/#\/schema\/logo\/image\/","url":"https:\/\/karitaszkp.hu\/wp-content\/uploads\/2019\/06\/cropped-logo-arnyekos-1.png","contentUrl":"https:\/\/karitaszkp.hu\/wp-content\/uploads\/2019\/06\/cropped-logo-arnyekos-1.png","width":240,"height":247,"caption":"Szent Erzs\u00e9bet Karit\u00e1sz K\u00f6zpont"},"image":{"@id":"https:\/\/karitaszkozpont.hu\/#\/schema\/logo\/image\/"}},{"@type":"Person","@id":"https:\/\/karitaszkozpont.hu\/#\/schema\/person\/0d9c28244c111914ea13bb1248775e57","name":"Karit\u00e1sz K\u00f6zpont","image":{"@type":"ImageObject","inLanguage":"hu","@id":"https:\/\/karitaszkozpont.hu\/#\/schema\/person\/image\/","url":"https:\/\/secure.gravatar.com\/avatar\/1274acd7c62f3cac92d2b38aad20c71b?s=96&d=mm&r=g","contentUrl":"https:\/\/secure.gravatar.com\/avatar\/1274acd7c62f3cac92d2b38aad20c71b?s=96&d=mm&r=g","caption":"Karit\u00e1sz K\u00f6zpont"},"url":"https:\/\/karitaszkozpont.hu\/?author=1"}]}},"_links":{"self":[{"href":"https:\/\/karitaszkozpont.hu\/index.php?rest_route=\/wp\/v2\/posts\/1337"}],"collection":[{"href":"https:\/\/karitaszkozpont.hu\/index.php?rest_route=\/wp\/v2\/posts"}],"about":[{"href":"https:\/\/karitaszkozpont.hu\/index.php?rest_route=\/wp\/v2\/types\/post"}],"author":[{"embeddable":true,"href":"https:\/\/karitaszkozpont.hu\/index.php?rest_route=\/wp\/v2\/users\/1"}],"replies":[{"embeddable":true,"href":"https:\/\/karitaszkozpont.hu\/index.php?rest_route=%2Fwp%2Fv2%2Fcomments&post=1337"}],"version-history":[{"count":1,"href":"https:\/\/karitaszkozpont.hu\/index.php?rest_route=\/wp\/v2\/posts\/1337\/revisions"}],"predecessor-version":[{"id":1338,"href":"https:\/\/karitaszkozpont.hu\/index.php?rest_route=\/wp\/v2\/posts\/1337\/revisions\/1338"}],"wp:featuredmedia":[{"embeddable":true,"href":"https:\/\/karitaszkozpont.hu\/index.php?rest_route=\/wp\/v2\/media\/563"}],"wp:attachment":[{"href":"https:\/\/karitaszkozpont.hu\/index.php?rest_route=%2Fwp%2Fv2%2Fmedia&parent=1337"}],"wp:term":[{"taxonomy":"category","embeddable":true,"href":"https:\/\/karitaszkozpont.hu\/index.php?rest_route=%2Fwp%2Fv2%2Fcategories&post=1337"},{"taxonomy":"post_tag","embeddable":true,"href":"https:\/\/karitaszkozpont.hu\/index.php?rest_route=%2Fwp%2Fv2%2Ftags&post=1337"}],"curies":[{"name":"wp","href":"https:\/\/api.w.org\/{rel}","templated":true}]}}