{"id":1335,"date":"2021-09-13T19:33:38","date_gmt":"2021-09-13T17:33:38","guid":{"rendered":"http:\/\/karitaszkp.hu\/?p=1335"},"modified":"2021-09-13T19:33:39","modified_gmt":"2021-09-13T17:33:39","slug":"131-karitasz-egyperces","status":"publish","type":"post","link":"https:\/\/karitaszkozpont.hu\/?p=1335","title":{"rendered":"131. Karit\u00e1sz Egyperces"},"content":{"rendered":"\n<p class=\"has-white-color has-vivid-red-background-color has-text-color has-background has-large-font-size\"><strong>131. Szeretetvend\u00e9gs\u00e9g a NEK kapcs\u00e1n<\/strong><\/p>\n\n\n\n<p class=\"has-black-color has-text-color has-background\" style=\"background-color:#cacaca\"><em>\u201eUbi caritas et amor, Deus ibi est. \u2013 Ahol szeretet \u00e9s egyet\u00e9rt\u00e9s, ott az Isten\u201d&nbsp;(Gregorian himnusz)<\/em><\/p>\n\n\n\n<p class=\"has-black-color has-text-color\">Kedves Karit\u00e1sz \u00d6nk\u00e9ntesek, Munkat\u00e1rsak, Testv\u00e9rek az \u00darban!<\/p>\n\n\n\n<p>&nbsp;&nbsp;&nbsp;&nbsp;&nbsp;&nbsp;&nbsp;&nbsp;&nbsp;&nbsp;&nbsp; T\u00f6bb h\u00edrport\u00e1l&nbsp;<a href=\"https:\/\/www.magyarkurir.hu\/hirek\/testverek-vagyunk-egyutt-ulunk-az-asztalnal-szeretetvendegseg-az-eucharisztikus-kongresszus-elott\" target=\"_blank\" rel=\"noreferrer noopener\">https:\/\/www.magyarkurir.hu\/hirek\/testverek-vagyunk-egyutt-ulunk-az-asztalnal-szeretetvendegseg-az-eucharisztikus-kongresszus-elott<\/a>&nbsp;\u00e9s egy\u00e9b m\u00e9diumok (pl. MTVA) adtak h\u00edrt az 52. Nemzetk\u00f6zi Eucharisztikus Kongresszus el\u0151napj\u00e1n megrendezett budapesti szeretetvend\u00e9gs\u00e9gr\u0151l. Mi karit\u00e1szosok k\u00e9tsz\u00e1z olyan szem\u00e9lyt h\u00edvtunk, akik a pl\u00e9b\u00e1ni\u00e1k csoportjaival kapcsolatban \u00e1llnak, nagycsal\u00e1dok, egyed\u00fcl\u00e1ll\u00f3 \u00e9desany\u00e1k gyermekeikkel, id\u0151sek, mag\u00e1nyosok. Egyid\u0151ben, m\u00e1s v\u00e1rosokban, egyh\u00e1zmegy\u00e9kben is hasonl\u00f3 k\u00f6z\u00f6s eb\u00e9d volt t\u00f6bb mint ezer megh\u00edvottal.<\/p>\n\n\n\n<p>Nagy boldogas\u00e1g volt l\u00e1tni, hogy a r\u00e9sztvev\u0151k sz\u00e9pen fel\u00f6lt\u00f6zve, vid\u00e1man, \u00f6r\u00f6mmel, v\u00e1rakoz\u00e1ssal, izgalommal \u00e9rkeztek a B\u00edboros atya vend\u00e9gek\u00e9nt. Szeretet \u00e9s egyet\u00e9rt\u00e9s volt, ahol maga az Isten volt jelen, ahogy a mott\u00f3ban a himnusz \u00edrja. Boldogok lehet\u00fcnk mindny\u00e1jan, akik ak\u00e1r ebben az esem\u00e9nyben munk\u00e1lkodtunk, vagy b\u00e1rmilyen ter\u00e9n a szeretetszolg\u00e1latnak.<\/p>\n\n\n\n<p>A k\u00f6z\u00f6ss\u00e9gben meg\u00e9lt egy\u00fcttl\u00e9t \u00edve, mint ahogy a szentmise is, \u00e9let\u00fcnk szentmis\u00e9je is, Isten sz\u00e1nd\u00e9ka, akarata szerint val\u00f3. A szentmise, a liturgia \u2013 mely cs\u00facs \u00e9s forr\u00e1s \u2013, s\u0171r\u00edtve jelen\u00edti meg az emberi \u00e9let Isten \u00e1ltal elk\u00e9pzelt l\u00e9nyeg\u00e9t. A szentmise a gy\u00fclekez\u0151 \u00e9nekkel kezd\u0151dik, Isten egybegy\u0171jti n\u00e9p\u00e9t. \u00cdgy gy\u0171jt\u00f6tt\u00fck mi is a megh\u00edvottakat B\u00edboros atya nev\u00e9ben erre a szeretetvend\u00e9gs\u00e9gre, fogadtuk \u00e9s helyre k\u00eds\u00e9r\u00fck \u0151ket.<\/p>\n\n\n\n<p>A szentmis\u00e9ben a gy\u00fclekez\u00e9st, a sz\u00edvek eggy\u00e9 rendez\u00e9s\u00e9t k\u00f6vet\u0151en j\u00f6n az introitus, a bevonul\u00e1s az olt\u00e1rasztalhoz. Hasonl\u00f3an \u00e9rkezt\u00fcnk egy\u00fctt a feh\u00e9r, sz\u00e9pen megter\u00edtett asztalhoz vend\u00e9geinkkel. A szentmise im\u00e1ds\u00e1ggal, lelk\u00fcnk felk\u00e9sz\u00edt\u00e9s\u00e9vel folytat\u00f3dik a b\u0171nb\u00e1nati r\u00e9szben, majd Isten irgalm\u00e1\u00e9rt k\u00f6ny\u00f6r\u00f6gve dics\u0151tj\u00fck \u0150t. Ezut\u00e1n hallgatjuk Isten szav\u00e1t, ig\u00e9j\u00e9t, ami szentbesz\u00e9ddel z\u00e1rul. Az eb\u00e9d megkezd\u00e9se el\u0151tt szint\u00e9n im\u00e1ds\u00e1gok \u00e9s k\u00f6sz\u00f6nt\u0151k hangzottak el. J\u00f3 volt azt is megtapasztalni, hogy az \u00e1llam \u00e9s az egyh\u00e1z kar\u00f6ltve, egy sz\u00e1nd\u00e9kkal, egy c\u00e9llal vezeti az orsz\u00e1gunkat, l\u00e9nyeg\u00e9ben, Isten orsz\u00e1ga fel\u00e9. T\u00f6rt\u00e9nelmi, kegyelmi id\u0151szak ez, adjunk h\u00e1l\u00e1t ez\u00e9rt is a J\u00f3 Istennek \u00e9s becs\u00fclj\u00fck meg! A Magyar Honv\u00e9ds\u00e9g biztos\u00edtotta a helysz\u00ednt, a s\u00e1trakat, az eszk\u00f6z\u00f6ket \u00e9s k\u00e9sz\u00edtette az eb\u00e9det hatsz\u00e1z f\u0151re, amihez a hozz\u00e1val\u00f3 \u00e9lelmet az Agr\u00e1rminiszt\u00e9rium adta.<\/p>\n\n\n\n<p>A karit\u00e1szosok k\u00f6z\u00fcl \u00e9s a t\u00f6bbi szervez\u0151 k\u00f6z\u00fcl t\u00f6bben, a Ferences Szeg\u00e9nygondoz\u00f3 N\u0151v\u00e9rekkel, akik a f\u0151 szervez\u0151i voltak az esem\u00e9nynek, Ter\u00e9z anya n\u0151v\u00e9reivel, a M\u00e1ltai Szeretetszolg\u00e1lattal stb., oda\u00fcltek az asztalokhoz, egy\u00fctt \u00e9tkeztek a megh\u00edvottakkal, besz\u00e9lgettek, egy\u00fctt voltak a lakom\u00e1n.<\/p>\n\n\n\n<p>A szentmise aj\u00e1nd\u00e9k\u00e1t, kegyelmeit maga Isten adja az Euchariszti\u00e1ban, emberi k\u00f6zrem\u0171k\u00f6d\u00e9ssel a felszentelt pap szem\u00e9ly\u00e9ben. Maga Isten adja nek\u00fcnk az \u00e9telt, s\u0151t a szentmis\u00e9ben saj\u00e1t mag\u00e1t adja \u00e9tk\u00fcl sz\u00e1munkra, hogy aki abb\u00f3l eszik, az \u00f6r\u00f6kk\u00e9 \u00e9ljen (v\u00f6. Jn 6,54). A k\u00f6z\u00f6s \u00e9tkez\u00e9s, ak\u00e1r liturgikus, ak\u00e1r term\u00e9szetes, az ember sz\u00e1m\u00e1ra mindig k\u00f6z\u00f6ss\u00e9gben hozza a t\u00f6bb gy\u00fcm\u00f6lcs\u00f6t, mert megjelen\u00edti az egys\u00e9get \u00e9s el\u0151v\u00e9telezi a mennyei k\u00f6z\u00f6ss\u00e9get. \u00c9ppen ez\u00e9rt haszn\u00e1ja J\u00e9zus is t\u00f6bb helyen a mennyorsz\u00e1g magyar\u00e1zatak\u00e9nt a lakom\u00e1t.<\/p>\n\n\n\n<p>Ahogy a szentmise v\u00e9g\u00e9n, a szent\u00e1ldoz\u00e1sban az \u00dar test\u00e9t, v\u00e9r\u00e9t vessz\u00fck magunkhoz \u00e9s ebben egyes\u00fcl\u00fcnk vele, \u00fagy a feh\u00e9r asztaln\u00e1l elk\u00f6lt\u00f6tt k\u00f6z\u00f6s eb\u00e9d is megteremti \u00e9s l\u00e1that\u00f3v\u00e1 teszi az egys\u00e9get, m\u00e9gpedig a megh\u00edv\u00e1s, a vend\u00e9gl\u00e1t\u00e1s miatt a szeretet egys\u00e9g\u00e9ben.<\/p>\n\n\n\n<p>Tegnap az Erkel sz\u00ednh\u00e1z mellett \u00e9s sok m\u00e1s helyen az orsz\u00e1gban mindez megval\u00f3sult, m\u00e9lt\u00f3 \u00e9s lend\u00fcletes kezd\u00e9se volt az egyhetes Olt\u00e1riszents\u00e9g \u00fcnnepnek. Ezzel a lend\u00fclettel, \u00f6r\u00f6mmel, a szeretet egys\u00e9g\u00e9ben \u00e9s b\u00e9k\u00e9j\u00e9ben vegy\u00fcnk r\u00e9szt a programokon, mely a mi id\u0151nkben vissza nem t\u00e9r\u0151, egyed\u00fcl\u00e1ll\u00f3 t\u00f6rt\u00e9nelmi esem\u00e9ny!&nbsp;<strong>Ez a h\u00e9t a szeretete \u00fcnnepe, azaz Isten \u00fcnnepe, AKI MAGA A SZERETET \u00e9s el fog \u00e1rasztani minket csod\u00e1latos kegyelm\u00e9vel. Akarjuk mindezt meg\u00e9lni, befogadni, akarjunk Benne \u00e9lni, ahogy \u0150 akar mibenn\u00fcnk!<\/strong><\/p>\n\n\n\n<p>Hirdet\u00e9sek:<\/p>\n\n\n\n<p>\u00b7&nbsp;&nbsp;&nbsp;&nbsp;&nbsp;&nbsp;&nbsp;&nbsp;&nbsp;Tal\u00e1lkozunk a NEK programjain, a nyit\u00f3- \u00e9s z\u00e1r\u00f3 \u00e9s a Kossuth t\u00e9ri szentmis\u00e9n, valamint a szept. 11-i szombat d\u00e9lel\u0151tti csal\u00e1di napon a Margitszigeten \u00e9s m\u00e1s esem\u00e9nyeken. A CSAL\u00c1DI NAP NAGYON SZ\u00cdNESNEK, \u00c9RDEKESNEK \u00cdG\u00c9RKEZIK, AHOL MINDEN GEREN\u00c1RCI\u00d3 MEGTAL\u00c1LHATJA A NEKI LEGJOBB PROGRAMOT.<\/p>\n\n\n\n<p>\u00b7&nbsp;&nbsp;&nbsp;&nbsp;&nbsp;&nbsp;&nbsp;&nbsp;&nbsp;A k\u00f6vetkez\u0151 karit\u00e1sz m\u0171sorunk a M\u00e1ria R\u00e1di\u00f3ban szeptember 15-\u00e9n szerd\u00e1n 10.50 \u00f3rakor kezd\u0151dik.<\/p>\n\n\n\n<p>\u00b7&nbsp;&nbsp;&nbsp;&nbsp;&nbsp;&nbsp;&nbsp;&nbsp;&nbsp;Kor\u00e1bbi m\u0171soraink itt hallgathat\u00f3k meg:&nbsp;<a href=\"https:\/\/www.mariaradio.hu\/musor\/4814\/Tevekeny_Szeretet\" target=\"_blank\" rel=\"noreferrer noopener\">https:\/\/www.mariaradio.hu\/musor\/4814\/Tevekeny_Szeretet<\/a><\/p>\n\n\n\n<p>\u00b7&nbsp;&nbsp;&nbsp;&nbsp;&nbsp;&nbsp;&nbsp;&nbsp;&nbsp;Felh\u00edvom mindenki figyelm\u00e9t, hogy a facebook- \u00e9s weboldalunkon folyamatosan friss\u00fclnek a h\u00edreink.&nbsp;<a href=\"http:\/\/www.karitaszkp.hu\/\" target=\"_blank\" rel=\"noreferrer noopener\">www.karitaszkp.hu<\/a>&nbsp;,&nbsp;<a href=\"https:\/\/www.facebook.com\/szenterzsebetkaritaszkozpont\" target=\"_blank\" rel=\"noreferrer noopener\">Esztergom-Budapesti F\u0151egyh\u00e1zmegye Szent Erzs\u00e9bet Karit\u00e1sz K\u00f6zpont | Facebook<\/a><\/p>\n\n\n\n<p>\u00b7&nbsp;&nbsp;&nbsp;&nbsp;&nbsp;&nbsp;&nbsp;&nbsp;&nbsp;A Szent Erzs\u00e9bet Karit\u00e1sz K\u00f6zpont k\u00e9r\u00e9s\u00e9re f\u0151tisztelend\u0151 Feldhoffer Antal pl\u00e9b\u00e1nos atya minden els\u0151 h\u00e9tf\u0151n 15.30-kor karit\u00e1sz szentmis\u00e9t mutat be a 1035 Budapest, III. ker. K\u00f3rh\u00e1z u. 37. sz\u00e1m alatti Szent J\u00f3zsef templomban. Misesz\u00e1nd\u00e9k: \u00e9l\u0151 \u00e9s elhunyt karit\u00e1szosok\u00e9rt. A k\u00f6vetkez\u0151 alkalom szeptember 13-\u00e1n lesz, a NEK ut\u00e1n (ez\u00e9rt kiv\u00e9telesen a 2. h\u00e9tf\u0151n).<\/p>\n\n\n\n<p>Csorba G\u00e1bor<\/p>\n\n\n\n<p>\u00e1lland\u00f3 diak\u00f3nus, karit\u00e1sz igazgat\u00f3<\/p>\n\n\n\n<p>Esztergom-Budapesti F\u0151egyh\u00e1zmegye<\/p>\n\n\n\n<p>Szent Erzs\u00e9bet Karit\u00e1sz K\u00f6zpont<\/p>\n\n\n\n<p class=\"has-background\" style=\"background-color:#cacaca\">Iroda:&nbsp;<a href=\"https:\/\/www.google.com\/maps\/search\/1035+Budapest,+K%C3%B3rh%C3%A1z+utca+37?entry=gmail&amp;source=g\">1035 Budapest, K\u00f3rh\u00e1z utca 37<\/a>.<\/p>\n\n\n\n<p class=\"has-background\" style=\"background-color:#cacaca\">Telefon: +36-1-351-1977<\/p>\n\n\n\n<p class=\"has-background\" style=\"background-color:#cacaca\">Mobil: +36-30-592-1483<\/p>\n\n\n\n<p class=\"has-background\" style=\"background-color:#cacaca\">E-mail:&nbsp;<a href=\"mailto:szenterzsebet@karitaszkozpont.hu\" target=\"_blank\" rel=\"noreferrer noopener\">szenterzsebet@karitaszkozpont.hu<\/a><\/p>\n\n\n\n<p class=\"has-background\" style=\"background-color:#cacaca\">Honlap:&nbsp;<a href=\"http:\/\/www.karitaszkp.hu\/\" target=\"_blank\" rel=\"noreferrer noopener\">www.karitaszkp.hu<\/a><\/p>\n\n\n\n<p class=\"has-background\" style=\"background-color:#cacaca\">A kor\u00e1bbi egypercesek itt \u00e9rhet\u0151k el:&nbsp;<a href=\"https:\/\/karitaszegypercesek.blogspot.com\/\" target=\"_blank\" rel=\"noreferrer noopener\">https:\/\/karitaszegypercesek.blogspot.com\/<\/a><\/p>\n","protected":false},"excerpt":{"rendered":"<p>131. Szeretetvend\u00e9gs\u00e9g a NEK kapcs\u00e1n \u201eUbi caritas et amor, Deus ibi est. \u2013 Ahol szeretet \u00e9s egyet\u00e9rt\u00e9s, ott az Isten\u201d&nbsp;(Gregorian himnusz) Kedves Karit\u00e1sz \u00d6nk\u00e9ntesek, Munkat\u00e1rsak, Testv\u00e9rek az \u00darban! &nbsp;&nbsp;&nbsp;&nbsp;&nbsp;&nbsp;&nbsp;&nbsp;&nbsp;&nbsp;&nbsp; T\u00f6bb h\u00edrport\u00e1l&nbsp;https:\/\/www.magyarkurir.hu\/hirek\/testverek-vagyunk-egyutt-ulunk-az-asztalnal-szeretetvendegseg-az-eucharisztikus-kongresszus-elott&nbsp;\u00e9s egy\u00e9b m\u00e9diumok (pl. MTVA) adtak h\u00edrt az 52. Nemzetk\u00f6zi Eucharisztikus Kongresszus el\u0151napj\u00e1n megrendezett budapesti szeretetvend\u00e9gs\u00e9gr\u0151l. Mi karit\u00e1szosok k\u00e9tsz\u00e1z olyan szem\u00e9lyt h\u00edvtunk, akik a pl\u00e9b\u00e1ni\u00e1k &hellip; <\/p>\n<p class=\"link-more\"><a href=\"https:\/\/karitaszkozpont.hu\/?p=1335\" class=\"more-link\">Continue reading<span class=\"screen-reader-text\"> &#8222;131. Karit\u00e1sz Egyperces&#8221;<\/span><\/a><\/p>\n","protected":false},"author":1,"featured_media":563,"comment_status":"open","ping_status":"open","sticky":false,"template":"","format":"standard","meta":[],"categories":[8],"tags":[],"yoast_head":"<!-- This site is optimized with the Yoast SEO plugin v20.1 - https:\/\/yoast.com\/wordpress\/plugins\/seo\/ -->\n<title>131. Karit\u00e1sz Egyperces - Szent Erzs\u00e9bet Karit\u00e1sz K\u00f6zpont<\/title>\n<meta name=\"robots\" content=\"index, follow, max-snippet:-1, max-image-preview:large, max-video-preview:-1\" \/>\n<link rel=\"canonical\" href=\"https:\/\/karitaszkozpont.hu\/?p=1335\" \/>\n<meta property=\"og:locale\" content=\"hu_HU\" \/>\n<meta property=\"og:type\" content=\"article\" \/>\n<meta property=\"og:title\" content=\"131. Karit\u00e1sz Egyperces - Szent Erzs\u00e9bet Karit\u00e1sz K\u00f6zpont\" \/>\n<meta property=\"og:description\" content=\"131. Szeretetvend\u00e9gs\u00e9g a NEK kapcs\u00e1n \u201eUbi caritas et amor, Deus ibi est. \u2013 Ahol szeretet \u00e9s egyet\u00e9rt\u00e9s, ott az Isten\u201d&nbsp;(Gregorian himnusz) Kedves Karit\u00e1sz \u00d6nk\u00e9ntesek, Munkat\u00e1rsak, Testv\u00e9rek az \u00darban! &nbsp;&nbsp;&nbsp;&nbsp;&nbsp;&nbsp;&nbsp;&nbsp;&nbsp;&nbsp;&nbsp; T\u00f6bb h\u00edrport\u00e1l&nbsp;https:\/\/www.magyarkurir.hu\/hirek\/testverek-vagyunk-egyutt-ulunk-az-asztalnal-szeretetvendegseg-az-eucharisztikus-kongresszus-elott&nbsp;\u00e9s egy\u00e9b m\u00e9diumok (pl. MTVA) adtak h\u00edrt az 52. Nemzetk\u00f6zi Eucharisztikus Kongresszus el\u0151napj\u00e1n megrendezett budapesti szeretetvend\u00e9gs\u00e9gr\u0151l. Mi karit\u00e1szosok k\u00e9tsz\u00e1z olyan szem\u00e9lyt h\u00edvtunk, akik a pl\u00e9b\u00e1ni\u00e1k &hellip; Continue reading &quot;131. Karit\u00e1sz Egyperces&quot;\" \/>\n<meta property=\"og:url\" content=\"https:\/\/karitaszkozpont.hu\/?p=1335\" \/>\n<meta property=\"og:site_name\" content=\"Szent Erzs\u00e9bet Karit\u00e1sz K\u00f6zpont\" \/>\n<meta property=\"article:published_time\" content=\"2021-09-13T17:33:38+00:00\" \/>\n<meta property=\"article:modified_time\" content=\"2021-09-13T17:33:39+00:00\" \/>\n<meta property=\"og:image\" content=\"https:\/\/karitaszkozpont.hu\/wp-content\/uploads\/2019\/07\/egyperceslogo.jpg\" \/>\n\t<meta property=\"og:image:width\" content=\"2300\" \/>\n\t<meta property=\"og:image:height\" content=\"1528\" \/>\n\t<meta property=\"og:image:type\" content=\"image\/jpeg\" \/>\n<meta name=\"author\" content=\"Karit\u00e1sz K\u00f6zpont\" \/>\n<meta name=\"twitter:card\" content=\"summary_large_image\" \/>\n<meta name=\"twitter:label1\" content=\"Szerz\u0151:\" \/>\n\t<meta name=\"twitter:data1\" content=\"Karit\u00e1sz K\u00f6zpont\" \/>\n\t<meta name=\"twitter:label2\" content=\"Becs\u00fclt olvas\u00e1si id\u0151\" \/>\n\t<meta name=\"twitter:data2\" content=\"4 perc\" \/>\n<script type=\"application\/ld+json\" class=\"yoast-schema-graph\">{\"@context\":\"https:\/\/schema.org\",\"@graph\":[{\"@type\":\"Article\",\"@id\":\"https:\/\/karitaszkozpont.hu\/?p=1335#article\",\"isPartOf\":{\"@id\":\"https:\/\/karitaszkozpont.hu\/?p=1335\"},\"author\":{\"name\":\"Karit\u00e1sz K\u00f6zpont\",\"@id\":\"https:\/\/karitaszkozpont.hu\/#\/schema\/person\/0d9c28244c111914ea13bb1248775e57\"},\"headline\":\"131. Karit\u00e1sz Egyperces\",\"datePublished\":\"2021-09-13T17:33:38+00:00\",\"dateModified\":\"2021-09-13T17:33:39+00:00\",\"mainEntityOfPage\":{\"@id\":\"https:\/\/karitaszkozpont.hu\/?p=1335\"},\"wordCount\":1180,\"commentCount\":0,\"publisher\":{\"@id\":\"https:\/\/karitaszkozpont.hu\/#organization\"},\"articleSection\":[\"Egypercesek\"],\"inLanguage\":\"hu\",\"potentialAction\":[{\"@type\":\"CommentAction\",\"name\":\"Comment\",\"target\":[\"https:\/\/karitaszkozpont.hu\/?p=1335#respond\"]}]},{\"@type\":\"WebPage\",\"@id\":\"https:\/\/karitaszkozpont.hu\/?p=1335\",\"url\":\"https:\/\/karitaszkozpont.hu\/?p=1335\",\"name\":\"131. Karit\u00e1sz Egyperces - Szent Erzs\u00e9bet Karit\u00e1sz K\u00f6zpont\",\"isPartOf\":{\"@id\":\"https:\/\/karitaszkozpont.hu\/#website\"},\"datePublished\":\"2021-09-13T17:33:38+00:00\",\"dateModified\":\"2021-09-13T17:33:39+00:00\",\"breadcrumb\":{\"@id\":\"https:\/\/karitaszkozpont.hu\/?p=1335#breadcrumb\"},\"inLanguage\":\"hu\",\"potentialAction\":[{\"@type\":\"ReadAction\",\"target\":[\"https:\/\/karitaszkozpont.hu\/?p=1335\"]}]},{\"@type\":\"BreadcrumbList\",\"@id\":\"https:\/\/karitaszkozpont.hu\/?p=1335#breadcrumb\",\"itemListElement\":[{\"@type\":\"ListItem\",\"position\":1,\"name\":\"Kezd\u0151lap\",\"item\":\"https:\/\/karitaszkozpont.hu\/\"},{\"@type\":\"ListItem\",\"position\":2,\"name\":\"131. Karit\u00e1sz Egyperces\"}]},{\"@type\":\"WebSite\",\"@id\":\"https:\/\/karitaszkozpont.hu\/#website\",\"url\":\"https:\/\/karitaszkozpont.hu\/\",\"name\":\"Szent Erzs\u00e9bet Karit\u00e1sz K\u00f6zpont\",\"description\":\"Esztergom-Budapesti F\u0151egyh\u00e1zmegye\",\"publisher\":{\"@id\":\"https:\/\/karitaszkozpont.hu\/#organization\"},\"potentialAction\":[{\"@type\":\"SearchAction\",\"target\":{\"@type\":\"EntryPoint\",\"urlTemplate\":\"https:\/\/karitaszkozpont.hu\/?s={search_term_string}\"},\"query-input\":\"required name=search_term_string\"}],\"inLanguage\":\"hu\"},{\"@type\":\"Organization\",\"@id\":\"https:\/\/karitaszkozpont.hu\/#organization\",\"name\":\"Szent Erzs\u00e9bet Karit\u00e1sz K\u00f6zpont\",\"url\":\"https:\/\/karitaszkozpont.hu\/\",\"logo\":{\"@type\":\"ImageObject\",\"inLanguage\":\"hu\",\"@id\":\"https:\/\/karitaszkozpont.hu\/#\/schema\/logo\/image\/\",\"url\":\"https:\/\/karitaszkp.hu\/wp-content\/uploads\/2019\/06\/cropped-logo-arnyekos-1.png\",\"contentUrl\":\"https:\/\/karitaszkp.hu\/wp-content\/uploads\/2019\/06\/cropped-logo-arnyekos-1.png\",\"width\":240,\"height\":247,\"caption\":\"Szent Erzs\u00e9bet Karit\u00e1sz K\u00f6zpont\"},\"image\":{\"@id\":\"https:\/\/karitaszkozpont.hu\/#\/schema\/logo\/image\/\"}},{\"@type\":\"Person\",\"@id\":\"https:\/\/karitaszkozpont.hu\/#\/schema\/person\/0d9c28244c111914ea13bb1248775e57\",\"name\":\"Karit\u00e1sz K\u00f6zpont\",\"image\":{\"@type\":\"ImageObject\",\"inLanguage\":\"hu\",\"@id\":\"https:\/\/karitaszkozpont.hu\/#\/schema\/person\/image\/\",\"url\":\"https:\/\/secure.gravatar.com\/avatar\/1274acd7c62f3cac92d2b38aad20c71b?s=96&d=mm&r=g\",\"contentUrl\":\"https:\/\/secure.gravatar.com\/avatar\/1274acd7c62f3cac92d2b38aad20c71b?s=96&d=mm&r=g\",\"caption\":\"Karit\u00e1sz K\u00f6zpont\"},\"url\":\"https:\/\/karitaszkozpont.hu\/?author=1\"}]}<\/script>\n<!-- \/ Yoast SEO plugin. -->","yoast_head_json":{"title":"131. Karit\u00e1sz Egyperces - Szent Erzs\u00e9bet Karit\u00e1sz K\u00f6zpont","robots":{"index":"index","follow":"follow","max-snippet":"max-snippet:-1","max-image-preview":"max-image-preview:large","max-video-preview":"max-video-preview:-1"},"canonical":"https:\/\/karitaszkozpont.hu\/?p=1335","og_locale":"hu_HU","og_type":"article","og_title":"131. Karit\u00e1sz Egyperces - Szent Erzs\u00e9bet Karit\u00e1sz K\u00f6zpont","og_description":"131. Szeretetvend\u00e9gs\u00e9g a NEK kapcs\u00e1n \u201eUbi caritas et amor, Deus ibi est. \u2013 Ahol szeretet \u00e9s egyet\u00e9rt\u00e9s, ott az Isten\u201d&nbsp;(Gregorian himnusz) Kedves Karit\u00e1sz \u00d6nk\u00e9ntesek, Munkat\u00e1rsak, Testv\u00e9rek az \u00darban! &nbsp;&nbsp;&nbsp;&nbsp;&nbsp;&nbsp;&nbsp;&nbsp;&nbsp;&nbsp;&nbsp; T\u00f6bb h\u00edrport\u00e1l&nbsp;https:\/\/www.magyarkurir.hu\/hirek\/testverek-vagyunk-egyutt-ulunk-az-asztalnal-szeretetvendegseg-az-eucharisztikus-kongresszus-elott&nbsp;\u00e9s egy\u00e9b m\u00e9diumok (pl. MTVA) adtak h\u00edrt az 52. Nemzetk\u00f6zi Eucharisztikus Kongresszus el\u0151napj\u00e1n megrendezett budapesti szeretetvend\u00e9gs\u00e9gr\u0151l. Mi karit\u00e1szosok k\u00e9tsz\u00e1z olyan szem\u00e9lyt h\u00edvtunk, akik a pl\u00e9b\u00e1ni\u00e1k &hellip; Continue reading \"131. Karit\u00e1sz Egyperces\"","og_url":"https:\/\/karitaszkozpont.hu\/?p=1335","og_site_name":"Szent Erzs\u00e9bet Karit\u00e1sz K\u00f6zpont","article_published_time":"2021-09-13T17:33:38+00:00","article_modified_time":"2021-09-13T17:33:39+00:00","og_image":[{"width":2300,"height":1528,"url":"https:\/\/karitaszkozpont.hu\/wp-content\/uploads\/2019\/07\/egyperceslogo.jpg","type":"image\/jpeg"}],"author":"Karit\u00e1sz K\u00f6zpont","twitter_card":"summary_large_image","twitter_misc":{"Szerz\u0151:":"Karit\u00e1sz K\u00f6zpont","Becs\u00fclt olvas\u00e1si id\u0151":"4 perc"},"schema":{"@context":"https:\/\/schema.org","@graph":[{"@type":"Article","@id":"https:\/\/karitaszkozpont.hu\/?p=1335#article","isPartOf":{"@id":"https:\/\/karitaszkozpont.hu\/?p=1335"},"author":{"name":"Karit\u00e1sz K\u00f6zpont","@id":"https:\/\/karitaszkozpont.hu\/#\/schema\/person\/0d9c28244c111914ea13bb1248775e57"},"headline":"131. Karit\u00e1sz Egyperces","datePublished":"2021-09-13T17:33:38+00:00","dateModified":"2021-09-13T17:33:39+00:00","mainEntityOfPage":{"@id":"https:\/\/karitaszkozpont.hu\/?p=1335"},"wordCount":1180,"commentCount":0,"publisher":{"@id":"https:\/\/karitaszkozpont.hu\/#organization"},"articleSection":["Egypercesek"],"inLanguage":"hu","potentialAction":[{"@type":"CommentAction","name":"Comment","target":["https:\/\/karitaszkozpont.hu\/?p=1335#respond"]}]},{"@type":"WebPage","@id":"https:\/\/karitaszkozpont.hu\/?p=1335","url":"https:\/\/karitaszkozpont.hu\/?p=1335","name":"131. Karit\u00e1sz Egyperces - Szent Erzs\u00e9bet Karit\u00e1sz K\u00f6zpont","isPartOf":{"@id":"https:\/\/karitaszkozpont.hu\/#website"},"datePublished":"2021-09-13T17:33:38+00:00","dateModified":"2021-09-13T17:33:39+00:00","breadcrumb":{"@id":"https:\/\/karitaszkozpont.hu\/?p=1335#breadcrumb"},"inLanguage":"hu","potentialAction":[{"@type":"ReadAction","target":["https:\/\/karitaszkozpont.hu\/?p=1335"]}]},{"@type":"BreadcrumbList","@id":"https:\/\/karitaszkozpont.hu\/?p=1335#breadcrumb","itemListElement":[{"@type":"ListItem","position":1,"name":"Kezd\u0151lap","item":"https:\/\/karitaszkozpont.hu\/"},{"@type":"ListItem","position":2,"name":"131. Karit\u00e1sz Egyperces"}]},{"@type":"WebSite","@id":"https:\/\/karitaszkozpont.hu\/#website","url":"https:\/\/karitaszkozpont.hu\/","name":"Szent Erzs\u00e9bet Karit\u00e1sz K\u00f6zpont","description":"Esztergom-Budapesti F\u0151egyh\u00e1zmegye","publisher":{"@id":"https:\/\/karitaszkozpont.hu\/#organization"},"potentialAction":[{"@type":"SearchAction","target":{"@type":"EntryPoint","urlTemplate":"https:\/\/karitaszkozpont.hu\/?s={search_term_string}"},"query-input":"required name=search_term_string"}],"inLanguage":"hu"},{"@type":"Organization","@id":"https:\/\/karitaszkozpont.hu\/#organization","name":"Szent Erzs\u00e9bet Karit\u00e1sz K\u00f6zpont","url":"https:\/\/karitaszkozpont.hu\/","logo":{"@type":"ImageObject","inLanguage":"hu","@id":"https:\/\/karitaszkozpont.hu\/#\/schema\/logo\/image\/","url":"https:\/\/karitaszkp.hu\/wp-content\/uploads\/2019\/06\/cropped-logo-arnyekos-1.png","contentUrl":"https:\/\/karitaszkp.hu\/wp-content\/uploads\/2019\/06\/cropped-logo-arnyekos-1.png","width":240,"height":247,"caption":"Szent Erzs\u00e9bet Karit\u00e1sz K\u00f6zpont"},"image":{"@id":"https:\/\/karitaszkozpont.hu\/#\/schema\/logo\/image\/"}},{"@type":"Person","@id":"https:\/\/karitaszkozpont.hu\/#\/schema\/person\/0d9c28244c111914ea13bb1248775e57","name":"Karit\u00e1sz K\u00f6zpont","image":{"@type":"ImageObject","inLanguage":"hu","@id":"https:\/\/karitaszkozpont.hu\/#\/schema\/person\/image\/","url":"https:\/\/secure.gravatar.com\/avatar\/1274acd7c62f3cac92d2b38aad20c71b?s=96&d=mm&r=g","contentUrl":"https:\/\/secure.gravatar.com\/avatar\/1274acd7c62f3cac92d2b38aad20c71b?s=96&d=mm&r=g","caption":"Karit\u00e1sz K\u00f6zpont"},"url":"https:\/\/karitaszkozpont.hu\/?author=1"}]}},"_links":{"self":[{"href":"https:\/\/karitaszkozpont.hu\/index.php?rest_route=\/wp\/v2\/posts\/1335"}],"collection":[{"href":"https:\/\/karitaszkozpont.hu\/index.php?rest_route=\/wp\/v2\/posts"}],"about":[{"href":"https:\/\/karitaszkozpont.hu\/index.php?rest_route=\/wp\/v2\/types\/post"}],"author":[{"embeddable":true,"href":"https:\/\/karitaszkozpont.hu\/index.php?rest_route=\/wp\/v2\/users\/1"}],"replies":[{"embeddable":true,"href":"https:\/\/karitaszkozpont.hu\/index.php?rest_route=%2Fwp%2Fv2%2Fcomments&post=1335"}],"version-history":[{"count":1,"href":"https:\/\/karitaszkozpont.hu\/index.php?rest_route=\/wp\/v2\/posts\/1335\/revisions"}],"predecessor-version":[{"id":1336,"href":"https:\/\/karitaszkozpont.hu\/index.php?rest_route=\/wp\/v2\/posts\/1335\/revisions\/1336"}],"wp:featuredmedia":[{"embeddable":true,"href":"https:\/\/karitaszkozpont.hu\/index.php?rest_route=\/wp\/v2\/media\/563"}],"wp:attachment":[{"href":"https:\/\/karitaszkozpont.hu\/index.php?rest_route=%2Fwp%2Fv2%2Fmedia&parent=1335"}],"wp:term":[{"taxonomy":"category","embeddable":true,"href":"https:\/\/karitaszkozpont.hu\/index.php?rest_route=%2Fwp%2Fv2%2Fcategories&post=1335"},{"taxonomy":"post_tag","embeddable":true,"href":"https:\/\/karitaszkozpont.hu\/index.php?rest_route=%2Fwp%2Fv2%2Ftags&post=1335"}],"curies":[{"name":"wp","href":"https:\/\/api.w.org\/{rel}","templated":true}]}}