{"id":1332,"date":"2021-09-01T13:56:34","date_gmt":"2021-09-01T11:56:34","guid":{"rendered":"http:\/\/karitaszkp.hu\/?p=1332"},"modified":"2021-09-01T13:56:35","modified_gmt":"2021-09-01T11:56:35","slug":"130-karitasz-egyperces","status":"publish","type":"post","link":"https:\/\/karitaszkozpont.hu\/?p=1332","title":{"rendered":"130. Karit\u00e1sz Egyperces"},"content":{"rendered":"\n<p class=\"has-white-color has-vivid-red-background-color has-text-color has-background has-large-font-size\"><strong>130. Az igazi vall\u00e1soss\u00e1g<\/strong><\/p>\n\n\n\n<p class=\"has-background\" style=\"background-color:#cacaca\"><em>\u201eAz Isten \u00e9s az Atya szem\u00e9ben ez az igazi, tiszta vall\u00e1soss\u00e1g: Megl\u00e1togatni nyomorukban az \u00e1rv\u00e1kat \u00e9s az \u00f6zvegyeket, \u00e9s tiszt\u00e1nak maradni a vil\u00e1gt\u00f3l.\u201d&nbsp;(Jak 1,27)<\/em><\/p>\n\n\n\n<p>Kedves Karit\u00e1sz \u00d6nk\u00e9ntesek, Munkat\u00e1rsak, Testv\u00e9rek az \u00darban!<\/p>\n\n\n\n<p>&nbsp;&nbsp;&nbsp;&nbsp;&nbsp;&nbsp;&nbsp;&nbsp;&nbsp;&nbsp;&nbsp; Szent Jakab apostol meg\u00e1llap\u00edt\u00e1sa nagyon t\u00f6m\u00f6ren fejezi ki a gyakorlati erk\u00f6lcsi felt\u00e9teleit az Istenhez val\u00f3 tartoz\u00e1snak. Az els\u0151 fele a kifel\u00e9 val\u00f3 cselekedetekr\u0151l sz\u00f3l, arr\u00f3l, hogy az Istenben h\u00edv\u0151, benne b\u00edz\u00f3 ember akt\u00edv szeretettel viszonyuljon embert\u00e1rsaihoz, a m\u00e1sik fele pedig a tiszta lelket, tiszta, \u0151szinte sz\u00edv\u0171s\u00e9get teszi felt\u00e9tell\u00e9.<\/p>\n\n\n\n<p>Akkor boldog az ember, ha teste \u00e9s lelke egyens\u00falyban van, akkor eg\u00e9szs\u00e9ges sz\u00f3 szerint. Akkor a test \u00e9s a l\u00e9lek val\u00f3ban egy eg\u00e9sz. Igen \u00e1m, de az egyes\u00faly m\u00e9g kev\u00e9s, mert az lehet labilis. Ismerj\u00fck magunkat, hogy mindig t\u00f6reksz\u00fcnk a bels\u0151 nyugalomra \u00e9s az eg\u00e9ssz\u00e9g\u00fcnkre, de bizony, hogyha az el is \u00e9rj\u00fck rengeteg bels\u0151 \u00e9s k\u00fcld\u0151 harc, k\u00fczdelem \u00e1r\u00e1n, r\u00f6vid az az id\u0151, am\u00edg mindezeket \u00e9lvezz\u00fck, mert valami mindig kibillent minket ebbe\u0151l a v\u00e1rva v\u00e1rt idillb\u0151l.<\/p>\n\n\n\n<p>Prof\u00e1n hasonlattal \u00e9lve, ha pl. eg\u00e9sz h\u00e9ten arra v\u00e1gyunk, hogy vas\u00e1rnap d\u00e9lut\u00e1n led\u0151lj\u00fcnk egy kicsit pihenni, mindent elk\u00f6vet\u00fcnk, hogy legyen egy-k\u00e9t \u00f3r\u00e1nk erre, megk\u00e9rj\u00fck csal\u00e1dunkat, gyermekeinket, hogy ne zajongjanak stb., h\u00e1t richtig akkor kezd el f\u00fcvet ny\u00edrni a szomsz\u00e9d, vagy ugatnak a kuty\u00e1k, megzavarnak \u00e9s csal\u00f3dunk. Vagy ha di\u00e9t\u00e1zunk, mennyi energi\u00e1t, p\u00e9nzt, f\u00e1rads\u00e1got ford\u00edtunk a kil\u00f3kt\u00f3l val\u00f3 szabadul\u00e1sra, azt\u00e1n ismerj\u00fck, hogy ez az esetleg el\u00e9rt \u00e1llapot is milyen labilis. Sorolhatn\u00e1nk m\u00e9g ezeket a p\u00e9ld\u00e1kat, ak\u00e1r a nyaral\u00e1ssal, hogy milyen sok munka el\u0151zi meg azt, hogy v\u00e9gre ki tudjunk kapcsol\u00f3dni, tudjunk pihenni, azt\u00e1n ha v\u00e9gre arra ker\u00fcl a sor \u00fcresnek \u00e9rezz\u00fck magunkat, nem tudunk k\u00f6nnyen \u00e1thangol\u00f3dni \u00e9s bizony akkor is csal\u00f3dhatunk.<\/p>\n\n\n\n<p>Mi h\u00e1t a megold\u00e1s? A nyugalom, az egyens\u00faly \u00f6nmag\u00e1ban nem stabil. Stabilit\u00e1st csak a b\u00e9ke adtat. A b\u00e9ke az a rend nyugalma (l\u00e1sd Szent \u00c1gostonn\u00e1l), ami nem egy pillanatnyi egyens\u00falyon alapul\u00f3 \u00e1llapot, amib\u0151l kibillenhet\u00fcnk, hanem az, ami meg van alapozva \u00e9s ellen\u00e1ll a k\u00fcl\u00f6nb\u00f6z\u0151 k\u00fcls\u0151 \u00e9s bels\u0151 hat\u00e1soknak. \u00c9s a b\u00e9ke sem el\u00e9g \u00f6nmag\u00e1ban, ha nem arra alapszik, aki a b\u00e9ke kir\u00e1lya, azaz maga az Isten. Krisztus b\u00e9k\u00e9je, Krisztus szikl\u00e1ja, a szikl\u00e1ra \u00e9p\u00edtett \u00e9let kell nek\u00fcnk:&nbsp;<em>\u201eB\u00e9kess\u00e9get hagyok r\u00e1tok, az \u00e9n b\u00e9k\u00e9met adom nektek. Nem \u00fagy adom nektek, ahogy a vil\u00e1g adja. Ne nyugtalankodj\u00e9k sz\u00edvetek \u00e9s ne f\u00e9ljen.\u201d (Jn 14,27)<\/em><\/p>\n\n\n\n<p>\u0150 pedig \u00fagy akarja adni b\u00e9k\u00e9j\u00e9t, hogy benn\u00fcnk akar \u00e9lni, vel\u00fcnk teljes egys\u00e9gben, \u00fagy ahogy \u0150 az Aty\u00e1ban \u00e9l. Ahogy \u0150 \u00e9s az Atya egyek, \u00fagy akar J\u00e9zus vel\u00fcnk eggy\u00e9 v\u00e1lni. Bele akar k\u00f6lt\u00f6zni a sz\u00edv\u00fcnkbe \u00e9s benn\u00fcnk akar \u00e9lni. \u00c9s akiben \u0150 \u00e9l, az mindig vele lesz \u00e9s \u00f6r\u00f6kk\u00e9 \u00e9l, mert \u0150 maga az \u00e9let \u00e9s a felt\u00e1mad\u00e1s. Ez Krisztus b\u00e9k\u00e9je.<\/p>\n\n\n\n<p>Ha Krisztus benn\u00fcnk \u00e9l, akkor mi azt tessz\u00fck, amit \u0150 tenne a hely\u00fcnkben \u2013 \u00e9ppen erre utal a mott\u00f3ban Jakab apostol, amikor az irgalmass\u00e1g cselekedeteire mond p\u00e9ld\u00e1t. Ha Krisztus benn\u00fcnk \u00e9l, akkor pedig mi is tiszt\u00e1k maradunk, mert \u0150 a legf\u0151bb j\u00f3 \u00e9s h\u00e1romszor szent, nem t\u0171r meg tiszt\u00e1talans\u00e1got.<\/p>\n\n\n\n<p>Ebb\u0151l k\u00f6vetkezik, hogy ha mi gyakoroljuk az irgalmass\u00e1g testi \u00e9s lelki cselekedeteit ak\u00e1r karit\u00e1szosk\u00e9nt, ak\u00e1r j\u00f3akarat\u00fa emberk\u00e9nt, \u00e9s t\u00e1pl\u00e1lkozunk bel\u0151le (azaz \u00e9l\u00fcnk az Egyh\u00e1z szents\u00e9geivel, f\u0151leg b\u0171nbocs\u00e1nat az eucharisztia szents\u00e9g\u00e9vel), azaz megvalljuk \u0150t, megvalljuk hit\u00fcnket, akkor mentesek is tudunk maradni a vil\u00e1g szenny\u00e9t\u0151l. Akkor \u00e9s csak akkor, mert ez magunkt\u00f3l nem megy.<\/p>\n\n\n\n<p>Ugye ezt a b\u00e9k\u00e9t akarjuk? Ugye \u0150t akarjuk? Ezzel a v\u00e1ggyal, lelk\u00fclettel vegy\u00fcnk r\u00e9szt az el\u0151tt\u00fcnk \u00e1ll\u00f3 Nemmzetk\u00f6zi Eucharisztiukus Kongresszuson, v\u00e1gyjuk Urunkat J\u00e9zus Krisztust, hogy bek\u00f6lt\u00f6zz\u00e9k a sz\u00edv\u00fcnkbe \u00e9s lak\u00e1st vegyen lelk\u00fcnkben! Tsizt\u00edtsuk meg sz\u00edv\u00fcnket a szentgy\u00f3n\u00e1sban \u00e9s vegy\u00fcnk magunkhoz \u0150t a szemntmis\u00e9kben!&nbsp;<em>\u201eJ\u00f6jj el Uram J\u00e9zus!\u201d (Jel 22,20)<\/em><\/p>\n\n\n\n<p>Hirdet\u00e9sek:<\/p>\n\n\n\n<p>\u00b7&nbsp;&nbsp;&nbsp;&nbsp;&nbsp;&nbsp;&nbsp;&nbsp;&nbsp;Tal\u00e1lkozunk a NEK programjain, a nyit\u00f3- \u00e9s z\u00e1r\u00f3 \u00e9s a Kossuth t\u00e9ri szentmis\u00e9n, valamint a szept. 11. szombat d\u00e9lel\u0151tti csal\u00e1di napon a Margitszigeten, valamint m\u00e1s esem\u00e9nyeken.<\/p>\n\n\n\n<p>\u00b7&nbsp;&nbsp;&nbsp;&nbsp;&nbsp;&nbsp;&nbsp;&nbsp;&nbsp;A k\u00f6vetkez\u0151 karit\u00e1sz m\u0171sorunk a M\u00e1ria R\u00e1di\u00f3ban szeptember 1-\u00e9n szerd\u00e1n 10.50 \u00f3rakor kezd\u0151dik.<\/p>\n\n\n\n<p>\u00b7&nbsp;&nbsp;&nbsp;&nbsp;&nbsp;&nbsp;&nbsp;&nbsp;&nbsp;Kor\u00e1bbi m\u0171soraink itt hallgathat\u00f3k meg:&nbsp;<a href=\"https:\/\/www.mariaradio.hu\/musor\/4814\/Tevekeny_Szeretet\" target=\"_blank\" rel=\"noreferrer noopener\">https:\/\/www.mariaradio.hu\/musor\/4814\/Tevekeny_Szeretet<\/a><\/p>\n\n\n\n<p>\u00b7&nbsp;&nbsp;&nbsp;&nbsp;&nbsp;&nbsp;&nbsp;&nbsp;&nbsp;Felh\u00edvom mindenki figyelm\u00e9t, hogy a facebook- \u00e9s weboldalunkon folyamatosan friss\u00fclnek a h\u00edreink.&nbsp;<a href=\"http:\/\/www.karitaszkp.hu\/\" target=\"_blank\" rel=\"noreferrer noopener\">www.karitaszkp.hu<\/a>&nbsp;,&nbsp;<a href=\"https:\/\/www.facebook.com\/szenterzsebetkaritaszkozpont\" target=\"_blank\" rel=\"noreferrer noopener\">Esztergom-Budapesti F\u0151egyh\u00e1zmegye Szent Erzs\u00e9bet Karit\u00e1sz K\u00f6zpont | Facebook<\/a><\/p>\n\n\n\n<p>\u00b7&nbsp;&nbsp;&nbsp;&nbsp;&nbsp;&nbsp;&nbsp;&nbsp;&nbsp;A Szent Erzs\u00e9bet Karit\u00e1sz K\u00f6zpont k\u00e9r\u00e9s\u00e9re f\u0151tisztelend\u0151 Feldhoffer Antal pl\u00e9b\u00e1nos atya minden els\u0151 h\u00e9tf\u0151n 15.30-kor karit\u00e1sz szentmis\u00e9t mutat be a 1035 Budapest, III. ker. K\u00f3rh\u00e1z u. 37. sz\u00e1m alatti Szent J\u00f3zsef templomban. Misesz\u00e1nd\u00e9k: \u00e9l\u0151 \u00e9s elhunyt karit\u00e1szosok\u00e9rt. A k\u00f6vetkez\u0151 alkalom szeptember 13-\u00e1n lesz, a NEK ut\u00e1n (ez\u00e9rt kiv\u00e9telesen a 2. h\u00e9tf\u0151n).<\/p>\n\n\n\n<p>Csorba G\u00e1bor<\/p>\n\n\n\n<p>\u00e1lland\u00f3 diak\u00f3nus, karit\u00e1sz igazgat\u00f3<\/p>\n\n\n\n<p>Esztergom-Budapesti F\u0151egyh\u00e1zmegye<\/p>\n\n\n\n<p>Szent Erzs\u00e9bet Karit\u00e1sz K\u00f6zpont<\/p>\n\n\n\n<p class=\"has-background\" style=\"background-color:#cacaca\">Iroda:&nbsp;<a href=\"https:\/\/www.google.com\/maps\/search\/1035+Budapest,+K%C3%B3rh%C3%A1z+utca+37?entry=gmail&amp;source=g\">1035 Budapest, K\u00f3rh\u00e1z utca 37<\/a>.<\/p>\n\n\n\n<p class=\"has-background\" style=\"background-color:#cacaca\">Telefon: +36-1-351-1977<\/p>\n\n\n\n<p class=\"has-background\" style=\"background-color:#cacaca\">Mobil: +36-30-592-1483<\/p>\n\n\n\n<p class=\"has-background\" style=\"background-color:#cacaca\">E-mail:&nbsp;<a href=\"mailto:szenterzsebet@karitaszkozpont.hu\" target=\"_blank\" rel=\"noreferrer noopener\">szenterzsebet@karitaszkozpont.hu<\/a><\/p>\n\n\n\n<p class=\"has-background\" style=\"background-color:#cacaca\">Honlap:&nbsp;<a href=\"http:\/\/www.karitaszkp.hu\/\" target=\"_blank\" rel=\"noreferrer noopener\">www.karitaszkp.hu<\/a><\/p>\n\n\n\n<p class=\"has-background\" style=\"background-color:#cacaca\">A kor\u00e1bbi egypercesek itt \u00e9rhet\u0151k el:&nbsp;<a href=\"https:\/\/karitaszegypercesek.blogspot.com\/\" target=\"_blank\" rel=\"noreferrer noopener\">https:\/\/karitaszegypercesek.blogspot.com\/<\/a><\/p>\n","protected":false},"excerpt":{"rendered":"<p>130. Az igazi vall\u00e1soss\u00e1g \u201eAz Isten \u00e9s az Atya szem\u00e9ben ez az igazi, tiszta vall\u00e1soss\u00e1g: Megl\u00e1togatni nyomorukban az \u00e1rv\u00e1kat \u00e9s az \u00f6zvegyeket, \u00e9s tiszt\u00e1nak maradni a vil\u00e1gt\u00f3l.\u201d&nbsp;(Jak 1,27) Kedves Karit\u00e1sz \u00d6nk\u00e9ntesek, Munkat\u00e1rsak, Testv\u00e9rek az \u00darban! &nbsp;&nbsp;&nbsp;&nbsp;&nbsp;&nbsp;&nbsp;&nbsp;&nbsp;&nbsp;&nbsp; Szent Jakab apostol meg\u00e1llap\u00edt\u00e1sa nagyon t\u00f6m\u00f6ren fejezi ki a gyakorlati erk\u00f6lcsi felt\u00e9teleit az Istenhez val\u00f3 tartoz\u00e1snak. Az els\u0151 fele &hellip; <\/p>\n<p class=\"link-more\"><a href=\"https:\/\/karitaszkozpont.hu\/?p=1332\" class=\"more-link\">Continue reading<span class=\"screen-reader-text\"> &#8222;130. Karit\u00e1sz Egyperces&#8221;<\/span><\/a><\/p>\n","protected":false},"author":1,"featured_media":563,"comment_status":"open","ping_status":"open","sticky":false,"template":"","format":"standard","meta":[],"categories":[8],"tags":[],"yoast_head":"<!-- This site is optimized with the Yoast SEO plugin v20.1 - https:\/\/yoast.com\/wordpress\/plugins\/seo\/ -->\n<title>130. Karit\u00e1sz Egyperces - Szent Erzs\u00e9bet Karit\u00e1sz K\u00f6zpont<\/title>\n<meta name=\"robots\" content=\"index, follow, max-snippet:-1, max-image-preview:large, max-video-preview:-1\" \/>\n<link rel=\"canonical\" href=\"https:\/\/karitaszkozpont.hu\/?p=1332\" \/>\n<meta property=\"og:locale\" content=\"hu_HU\" \/>\n<meta property=\"og:type\" content=\"article\" \/>\n<meta property=\"og:title\" content=\"130. Karit\u00e1sz Egyperces - Szent Erzs\u00e9bet Karit\u00e1sz K\u00f6zpont\" \/>\n<meta property=\"og:description\" content=\"130. Az igazi vall\u00e1soss\u00e1g \u201eAz Isten \u00e9s az Atya szem\u00e9ben ez az igazi, tiszta vall\u00e1soss\u00e1g: Megl\u00e1togatni nyomorukban az \u00e1rv\u00e1kat \u00e9s az \u00f6zvegyeket, \u00e9s tiszt\u00e1nak maradni a vil\u00e1gt\u00f3l.\u201d&nbsp;(Jak 1,27) Kedves Karit\u00e1sz \u00d6nk\u00e9ntesek, Munkat\u00e1rsak, Testv\u00e9rek az \u00darban! &nbsp;&nbsp;&nbsp;&nbsp;&nbsp;&nbsp;&nbsp;&nbsp;&nbsp;&nbsp;&nbsp; Szent Jakab apostol meg\u00e1llap\u00edt\u00e1sa nagyon t\u00f6m\u00f6ren fejezi ki a gyakorlati erk\u00f6lcsi felt\u00e9teleit az Istenhez val\u00f3 tartoz\u00e1snak. Az els\u0151 fele &hellip; Continue reading &quot;130. Karit\u00e1sz Egyperces&quot;\" \/>\n<meta property=\"og:url\" content=\"https:\/\/karitaszkozpont.hu\/?p=1332\" \/>\n<meta property=\"og:site_name\" content=\"Szent Erzs\u00e9bet Karit\u00e1sz K\u00f6zpont\" \/>\n<meta property=\"article:published_time\" content=\"2021-09-01T11:56:34+00:00\" \/>\n<meta property=\"article:modified_time\" content=\"2021-09-01T11:56:35+00:00\" \/>\n<meta property=\"og:image\" content=\"https:\/\/karitaszkozpont.hu\/wp-content\/uploads\/2019\/07\/egyperceslogo.jpg\" \/>\n\t<meta property=\"og:image:width\" content=\"2300\" \/>\n\t<meta property=\"og:image:height\" content=\"1528\" \/>\n\t<meta property=\"og:image:type\" content=\"image\/jpeg\" \/>\n<meta name=\"author\" content=\"Karit\u00e1sz K\u00f6zpont\" \/>\n<meta name=\"twitter:card\" content=\"summary_large_image\" \/>\n<meta name=\"twitter:label1\" content=\"Szerz\u0151:\" \/>\n\t<meta name=\"twitter:data1\" content=\"Karit\u00e1sz K\u00f6zpont\" \/>\n\t<meta name=\"twitter:label2\" content=\"Becs\u00fclt olvas\u00e1si id\u0151\" \/>\n\t<meta name=\"twitter:data2\" content=\"4 perc\" \/>\n<script type=\"application\/ld+json\" class=\"yoast-schema-graph\">{\"@context\":\"https:\/\/schema.org\",\"@graph\":[{\"@type\":\"Article\",\"@id\":\"https:\/\/karitaszkozpont.hu\/?p=1332#article\",\"isPartOf\":{\"@id\":\"https:\/\/karitaszkozpont.hu\/?p=1332\"},\"author\":{\"name\":\"Karit\u00e1sz K\u00f6zpont\",\"@id\":\"https:\/\/karitaszkozpont.hu\/#\/schema\/person\/0d9c28244c111914ea13bb1248775e57\"},\"headline\":\"130. Karit\u00e1sz Egyperces\",\"datePublished\":\"2021-09-01T11:56:34+00:00\",\"dateModified\":\"2021-09-01T11:56:35+00:00\",\"mainEntityOfPage\":{\"@id\":\"https:\/\/karitaszkozpont.hu\/?p=1332\"},\"wordCount\":1109,\"commentCount\":0,\"publisher\":{\"@id\":\"https:\/\/karitaszkozpont.hu\/#organization\"},\"articleSection\":[\"Egypercesek\"],\"inLanguage\":\"hu\",\"potentialAction\":[{\"@type\":\"CommentAction\",\"name\":\"Comment\",\"target\":[\"https:\/\/karitaszkozpont.hu\/?p=1332#respond\"]}]},{\"@type\":\"WebPage\",\"@id\":\"https:\/\/karitaszkozpont.hu\/?p=1332\",\"url\":\"https:\/\/karitaszkozpont.hu\/?p=1332\",\"name\":\"130. Karit\u00e1sz Egyperces - Szent Erzs\u00e9bet Karit\u00e1sz K\u00f6zpont\",\"isPartOf\":{\"@id\":\"https:\/\/karitaszkozpont.hu\/#website\"},\"datePublished\":\"2021-09-01T11:56:34+00:00\",\"dateModified\":\"2021-09-01T11:56:35+00:00\",\"breadcrumb\":{\"@id\":\"https:\/\/karitaszkozpont.hu\/?p=1332#breadcrumb\"},\"inLanguage\":\"hu\",\"potentialAction\":[{\"@type\":\"ReadAction\",\"target\":[\"https:\/\/karitaszkozpont.hu\/?p=1332\"]}]},{\"@type\":\"BreadcrumbList\",\"@id\":\"https:\/\/karitaszkozpont.hu\/?p=1332#breadcrumb\",\"itemListElement\":[{\"@type\":\"ListItem\",\"position\":1,\"name\":\"Kezd\u0151lap\",\"item\":\"https:\/\/karitaszkozpont.hu\/\"},{\"@type\":\"ListItem\",\"position\":2,\"name\":\"130. Karit\u00e1sz Egyperces\"}]},{\"@type\":\"WebSite\",\"@id\":\"https:\/\/karitaszkozpont.hu\/#website\",\"url\":\"https:\/\/karitaszkozpont.hu\/\",\"name\":\"Szent Erzs\u00e9bet Karit\u00e1sz K\u00f6zpont\",\"description\":\"Esztergom-Budapesti F\u0151egyh\u00e1zmegye\",\"publisher\":{\"@id\":\"https:\/\/karitaszkozpont.hu\/#organization\"},\"potentialAction\":[{\"@type\":\"SearchAction\",\"target\":{\"@type\":\"EntryPoint\",\"urlTemplate\":\"https:\/\/karitaszkozpont.hu\/?s={search_term_string}\"},\"query-input\":\"required name=search_term_string\"}],\"inLanguage\":\"hu\"},{\"@type\":\"Organization\",\"@id\":\"https:\/\/karitaszkozpont.hu\/#organization\",\"name\":\"Szent Erzs\u00e9bet Karit\u00e1sz K\u00f6zpont\",\"url\":\"https:\/\/karitaszkozpont.hu\/\",\"logo\":{\"@type\":\"ImageObject\",\"inLanguage\":\"hu\",\"@id\":\"https:\/\/karitaszkozpont.hu\/#\/schema\/logo\/image\/\",\"url\":\"https:\/\/karitaszkp.hu\/wp-content\/uploads\/2019\/06\/cropped-logo-arnyekos-1.png\",\"contentUrl\":\"https:\/\/karitaszkp.hu\/wp-content\/uploads\/2019\/06\/cropped-logo-arnyekos-1.png\",\"width\":240,\"height\":247,\"caption\":\"Szent Erzs\u00e9bet Karit\u00e1sz K\u00f6zpont\"},\"image\":{\"@id\":\"https:\/\/karitaszkozpont.hu\/#\/schema\/logo\/image\/\"}},{\"@type\":\"Person\",\"@id\":\"https:\/\/karitaszkozpont.hu\/#\/schema\/person\/0d9c28244c111914ea13bb1248775e57\",\"name\":\"Karit\u00e1sz K\u00f6zpont\",\"image\":{\"@type\":\"ImageObject\",\"inLanguage\":\"hu\",\"@id\":\"https:\/\/karitaszkozpont.hu\/#\/schema\/person\/image\/\",\"url\":\"https:\/\/secure.gravatar.com\/avatar\/1274acd7c62f3cac92d2b38aad20c71b?s=96&d=mm&r=g\",\"contentUrl\":\"https:\/\/secure.gravatar.com\/avatar\/1274acd7c62f3cac92d2b38aad20c71b?s=96&d=mm&r=g\",\"caption\":\"Karit\u00e1sz K\u00f6zpont\"},\"url\":\"https:\/\/karitaszkozpont.hu\/?author=1\"}]}<\/script>\n<!-- \/ Yoast SEO plugin. -->","yoast_head_json":{"title":"130. Karit\u00e1sz Egyperces - Szent Erzs\u00e9bet Karit\u00e1sz K\u00f6zpont","robots":{"index":"index","follow":"follow","max-snippet":"max-snippet:-1","max-image-preview":"max-image-preview:large","max-video-preview":"max-video-preview:-1"},"canonical":"https:\/\/karitaszkozpont.hu\/?p=1332","og_locale":"hu_HU","og_type":"article","og_title":"130. Karit\u00e1sz Egyperces - Szent Erzs\u00e9bet Karit\u00e1sz K\u00f6zpont","og_description":"130. Az igazi vall\u00e1soss\u00e1g \u201eAz Isten \u00e9s az Atya szem\u00e9ben ez az igazi, tiszta vall\u00e1soss\u00e1g: Megl\u00e1togatni nyomorukban az \u00e1rv\u00e1kat \u00e9s az \u00f6zvegyeket, \u00e9s tiszt\u00e1nak maradni a vil\u00e1gt\u00f3l.\u201d&nbsp;(Jak 1,27) Kedves Karit\u00e1sz \u00d6nk\u00e9ntesek, Munkat\u00e1rsak, Testv\u00e9rek az \u00darban! &nbsp;&nbsp;&nbsp;&nbsp;&nbsp;&nbsp;&nbsp;&nbsp;&nbsp;&nbsp;&nbsp; Szent Jakab apostol meg\u00e1llap\u00edt\u00e1sa nagyon t\u00f6m\u00f6ren fejezi ki a gyakorlati erk\u00f6lcsi felt\u00e9teleit az Istenhez val\u00f3 tartoz\u00e1snak. Az els\u0151 fele &hellip; Continue reading \"130. Karit\u00e1sz Egyperces\"","og_url":"https:\/\/karitaszkozpont.hu\/?p=1332","og_site_name":"Szent Erzs\u00e9bet Karit\u00e1sz K\u00f6zpont","article_published_time":"2021-09-01T11:56:34+00:00","article_modified_time":"2021-09-01T11:56:35+00:00","og_image":[{"width":2300,"height":1528,"url":"https:\/\/karitaszkozpont.hu\/wp-content\/uploads\/2019\/07\/egyperceslogo.jpg","type":"image\/jpeg"}],"author":"Karit\u00e1sz K\u00f6zpont","twitter_card":"summary_large_image","twitter_misc":{"Szerz\u0151:":"Karit\u00e1sz K\u00f6zpont","Becs\u00fclt olvas\u00e1si id\u0151":"4 perc"},"schema":{"@context":"https:\/\/schema.org","@graph":[{"@type":"Article","@id":"https:\/\/karitaszkozpont.hu\/?p=1332#article","isPartOf":{"@id":"https:\/\/karitaszkozpont.hu\/?p=1332"},"author":{"name":"Karit\u00e1sz K\u00f6zpont","@id":"https:\/\/karitaszkozpont.hu\/#\/schema\/person\/0d9c28244c111914ea13bb1248775e57"},"headline":"130. Karit\u00e1sz Egyperces","datePublished":"2021-09-01T11:56:34+00:00","dateModified":"2021-09-01T11:56:35+00:00","mainEntityOfPage":{"@id":"https:\/\/karitaszkozpont.hu\/?p=1332"},"wordCount":1109,"commentCount":0,"publisher":{"@id":"https:\/\/karitaszkozpont.hu\/#organization"},"articleSection":["Egypercesek"],"inLanguage":"hu","potentialAction":[{"@type":"CommentAction","name":"Comment","target":["https:\/\/karitaszkozpont.hu\/?p=1332#respond"]}]},{"@type":"WebPage","@id":"https:\/\/karitaszkozpont.hu\/?p=1332","url":"https:\/\/karitaszkozpont.hu\/?p=1332","name":"130. Karit\u00e1sz Egyperces - Szent Erzs\u00e9bet Karit\u00e1sz K\u00f6zpont","isPartOf":{"@id":"https:\/\/karitaszkozpont.hu\/#website"},"datePublished":"2021-09-01T11:56:34+00:00","dateModified":"2021-09-01T11:56:35+00:00","breadcrumb":{"@id":"https:\/\/karitaszkozpont.hu\/?p=1332#breadcrumb"},"inLanguage":"hu","potentialAction":[{"@type":"ReadAction","target":["https:\/\/karitaszkozpont.hu\/?p=1332"]}]},{"@type":"BreadcrumbList","@id":"https:\/\/karitaszkozpont.hu\/?p=1332#breadcrumb","itemListElement":[{"@type":"ListItem","position":1,"name":"Kezd\u0151lap","item":"https:\/\/karitaszkozpont.hu\/"},{"@type":"ListItem","position":2,"name":"130. Karit\u00e1sz Egyperces"}]},{"@type":"WebSite","@id":"https:\/\/karitaszkozpont.hu\/#website","url":"https:\/\/karitaszkozpont.hu\/","name":"Szent Erzs\u00e9bet Karit\u00e1sz K\u00f6zpont","description":"Esztergom-Budapesti F\u0151egyh\u00e1zmegye","publisher":{"@id":"https:\/\/karitaszkozpont.hu\/#organization"},"potentialAction":[{"@type":"SearchAction","target":{"@type":"EntryPoint","urlTemplate":"https:\/\/karitaszkozpont.hu\/?s={search_term_string}"},"query-input":"required name=search_term_string"}],"inLanguage":"hu"},{"@type":"Organization","@id":"https:\/\/karitaszkozpont.hu\/#organization","name":"Szent Erzs\u00e9bet Karit\u00e1sz K\u00f6zpont","url":"https:\/\/karitaszkozpont.hu\/","logo":{"@type":"ImageObject","inLanguage":"hu","@id":"https:\/\/karitaszkozpont.hu\/#\/schema\/logo\/image\/","url":"https:\/\/karitaszkp.hu\/wp-content\/uploads\/2019\/06\/cropped-logo-arnyekos-1.png","contentUrl":"https:\/\/karitaszkp.hu\/wp-content\/uploads\/2019\/06\/cropped-logo-arnyekos-1.png","width":240,"height":247,"caption":"Szent Erzs\u00e9bet Karit\u00e1sz K\u00f6zpont"},"image":{"@id":"https:\/\/karitaszkozpont.hu\/#\/schema\/logo\/image\/"}},{"@type":"Person","@id":"https:\/\/karitaszkozpont.hu\/#\/schema\/person\/0d9c28244c111914ea13bb1248775e57","name":"Karit\u00e1sz K\u00f6zpont","image":{"@type":"ImageObject","inLanguage":"hu","@id":"https:\/\/karitaszkozpont.hu\/#\/schema\/person\/image\/","url":"https:\/\/secure.gravatar.com\/avatar\/1274acd7c62f3cac92d2b38aad20c71b?s=96&d=mm&r=g","contentUrl":"https:\/\/secure.gravatar.com\/avatar\/1274acd7c62f3cac92d2b38aad20c71b?s=96&d=mm&r=g","caption":"Karit\u00e1sz K\u00f6zpont"},"url":"https:\/\/karitaszkozpont.hu\/?author=1"}]}},"_links":{"self":[{"href":"https:\/\/karitaszkozpont.hu\/index.php?rest_route=\/wp\/v2\/posts\/1332"}],"collection":[{"href":"https:\/\/karitaszkozpont.hu\/index.php?rest_route=\/wp\/v2\/posts"}],"about":[{"href":"https:\/\/karitaszkozpont.hu\/index.php?rest_route=\/wp\/v2\/types\/post"}],"author":[{"embeddable":true,"href":"https:\/\/karitaszkozpont.hu\/index.php?rest_route=\/wp\/v2\/users\/1"}],"replies":[{"embeddable":true,"href":"https:\/\/karitaszkozpont.hu\/index.php?rest_route=%2Fwp%2Fv2%2Fcomments&post=1332"}],"version-history":[{"count":1,"href":"https:\/\/karitaszkozpont.hu\/index.php?rest_route=\/wp\/v2\/posts\/1332\/revisions"}],"predecessor-version":[{"id":1333,"href":"https:\/\/karitaszkozpont.hu\/index.php?rest_route=\/wp\/v2\/posts\/1332\/revisions\/1333"}],"wp:featuredmedia":[{"embeddable":true,"href":"https:\/\/karitaszkozpont.hu\/index.php?rest_route=\/wp\/v2\/media\/563"}],"wp:attachment":[{"href":"https:\/\/karitaszkozpont.hu\/index.php?rest_route=%2Fwp%2Fv2%2Fmedia&parent=1332"}],"wp:term":[{"taxonomy":"category","embeddable":true,"href":"https:\/\/karitaszkozpont.hu\/index.php?rest_route=%2Fwp%2Fv2%2Fcategories&post=1332"},{"taxonomy":"post_tag","embeddable":true,"href":"https:\/\/karitaszkozpont.hu\/index.php?rest_route=%2Fwp%2Fv2%2Ftags&post=1332"}],"curies":[{"name":"wp","href":"https:\/\/api.w.org\/{rel}","templated":true}]}}