{"id":1329,"date":"2021-08-31T11:55:39","date_gmt":"2021-08-31T09:55:39","guid":{"rendered":"http:\/\/karitaszkp.hu\/?p=1329"},"modified":"2021-08-31T11:55:39","modified_gmt":"2021-08-31T09:55:39","slug":"az-52-nemzetkozi-eucharisztikus-kongresszus-csaladi-napja-a-margitszigeten","status":"publish","type":"post","link":"https:\/\/karitaszkozpont.hu\/?p=1329","title":{"rendered":"Az 52. Nemzetk\u00f6zi Eucharisztikus Kongresszus Csal\u00e1di Napja a Margitszigeten"},"content":{"rendered":"\n<figure class=\"wp-block-image\"><img decoding=\"async\" src=\"https:\/\/lh4.googleusercontent.com\/P0ykbj4JKn4c5kHe4x50OfkOtX5_ECUfBw-dHpoCrn7ix1avYV1pH4O5A2a4wV4_trsIfoubpuG0awCcMs13qevfq_iVSxyaW70IxAQzw-v6tIugAUj6NeS1IvKWs9G3TUeulJ8=s0\" alt=\"\"\/><\/figure>\n\n\n\n<p><strong>Sajt\u00f3k\u00f6zlem\u00e9ny \u2013 Esem\u00e9ny aj\u00e1nl\u00f3<\/strong> 2021. augusztus 30. Budapest<\/p>\n\n\n\n<p><\/p>\n\n\n\n<p class=\"has-white-color has-vivid-red-background-color has-text-color has-background has-medium-font-size\"><strong>L\u00e9lek, k\u00f6z\u00f6ss\u00e9g, zene, hit, j\u00e1t\u00e9k \u2013&nbsp;Mindenkinek&nbsp;<\/strong><\/p>\n\n\n\n<p class=\"has-white-color has-vivid-red-background-color has-text-color has-background has-medium-font-size\"><em>Az 52. Nemzetk\u00f6zi Eucharisztikus Kongresszus Csal\u00e1di Napja a Margitszigeten<\/em><\/p>\n\n\n\n<p><\/p>\n\n\n\n<p><strong>2021. szeptember 11-\u00e9n, szombaton, 10:00 \u00e9s 15:00 \u00f3ra k\u00f6z\u00f6tt a margitszigeti Als\u00f3-Nagyr\u00e9ten ker\u00fcl megrendez\u00e9sre az 52. Nemzetk\u00f6zi Eucharisztikus Kongresszus (NEK) Csal\u00e1di Napja a Csal\u00e1dok J\u00e9zusban K\u00f6z\u00f6ss\u00e9g \u00e9s a Katolikus T\u00e1rsadalmi Napok szervez\u00e9s\u00e9ben. Az ingyenes esem\u00e9ny h\u00edv\u0151k \u00e9s nem h\u00edv\u0151k sz\u00e1m\u00e1ra is k\u00edn\u00e1l izgalmas csal\u00e1di programokat \u00e9s el\u0151ad\u00e1sokat: zen\u00e9szek, \u00edr\u00f3k, k\u00f6z\u00f6ss\u00e9gek, j\u00e1t\u00e9kok, p\u00e1rkapcsolati s\u00e1tor \u00e9s sok m\u00e1s program kikapcsol\u00f3d\u00e1sra, elm\u00e9lyed\u00e9sre, tal\u00e1lkoz\u00e1si lehet\u0151s\u00e9gre h\u00edvja a l\u00e1togat\u00f3kat.<\/strong><\/p>\n\n\n\n<p>Az 52. Nemzetk\u00f6zi Eucharisztikus Kongresszus k\u00eds\u00e9r\u0151 esem\u00e9ny\u00e9nek, a Csal\u00e1di Napnak a c\u00e9lja, hogy emberk\u00f6zeli poz\u00edci\u00f3ba helyezze az egyh\u00e1zat \u00e9s el\u00e9rhet\u0151v\u00e9 tegye minden \u00e9rdekl\u0151d\u0151 sz\u00e1m\u00e1ra: <em>\u201eP\u00e1l apostol azt mondja, hogy \u201eMindenkinek mindene lettem, hogy mindenkit \u00fcdv\u00f6z\u00edtsek\u201d (1Kor 9,22). Ennek szellem\u00e9ben szeretn\u00e9nk, ha a Csal\u00e1di Nap lelk\u00fclete \u00e9s szervez\u0151 elve a k\u00f6vetkez\u0151 lenne: minden j\u00f3akarat\u00fa ember megh\u00edvva \u00e9s minden vend\u00e9g megsz\u00f3l\u00edtva \u00e9rezhesse mag\u00e1t.\u201d<\/em> \u2013 mondta el Liszka Levente, aki feles\u00e9g\u00e9vel Liszka-Kaposi R\u00e9k\u00e1val az esem\u00e9ny arcai \u00e9s t\u00e1rsszervez\u0151i.<\/p>\n\n\n\n<figure class=\"wp-block-image\"><img decoding=\"async\" src=\"https:\/\/lh6.googleusercontent.com\/0l59Bq9qFw-YlD9FONpNYmLvHDp5FDMtEOYZzKIocuFqwhtMGfW2DA9B6MTTXqLkl6qrcnuCi_KNaYMn2LG50X7_3boa2qsnhsARRT87fN6YXuY46kMgQSte2_K37MO3xyK4vNk=s0\" alt=\"\"\/><\/figure>\n\n\n\n<p>A Csal\u00e1di Napon k\u00e9t sz\u00ednpadon lesznek el\u0151ad\u00e1sok, koncertek, besz\u00e9lget\u00e9sek, emellett pedig t\u00f6bb mint 70 s\u00e1torban mutatkoznak be a szerzetesrendek, k\u00f6z\u00f6ss\u00e9gek. A nagysz\u00ednpadon \u00e9s a kamarasz\u00ednpadon fell\u00e9p\u0151 el\u0151ad\u00f3k, megh\u00edvott vend\u00e9gek a produkci\u00f3ikon t\u00fal besz\u00e9lni fognak hit\u00fckr\u0151l, Istennel val\u00f3 tal\u00e1lkoz\u00e1sukr\u00f3l. Fell\u00e9pnek <strong>Szal\u00f3ki \u00c1gi<\/strong>, <strong>Lackfi J\u00e1nos<\/strong> \u00e9s <strong>Dr. Cs\u00f3kay Andr\u00e1s<\/strong> NEK h\u00edrn\u00f6k\u00f6k, <strong>Mez\u0151 Misi \u00e9s az Euchariszt Egy\u00fcttes<\/strong>, a <strong>Kal\u00e1ka Egy\u00fcttes<\/strong>, ott lesz <strong>Hod\u00e1sz Andr\u00e1s atya<\/strong> \u00e9s <strong>G\u00f6ttinger P\u00e1l<\/strong> sz\u00ednh\u00e1zrendez\u0151 az <strong>Irish Coffee<\/strong> zenekarral, \u00e9s m\u00e9g sokan m\u00e1sok.<\/p>\n\n\n\n<p>Az esem\u00e9ny k\u00e9t f\u0151 tematika k\u00f6r\u00e9 \u00e9p\u00fcl fel, az egyik a p\u00e1rkapcsolat \u00e9s h\u00e1zass\u00e1g, a m\u00e1sik pedig a t\u00e1gabb \u00e9rtelemben vett teremt\u00e9sv\u00e9delem \u00e9s t\u00e1rsadalmi \u00e9rz\u00e9kenys\u00e9g.&nbsp;<\/p>\n\n\n\n<p><strong>\u00cdzel\u00edt\u0151 a programokb\u00f3l:<\/strong><\/p>\n\n\n\n<ul><li>interakt\u00edv <a href=\"https:\/\/www.nekcsaladinap.hu\/category\/csaladi-programok,parkapcsolati-temak,ifjusagi-programok,sportprogramok,gyerekprogramok,lelki-programok,tarsadalmi-programok\/\">programok<\/a> a s\u00e1trakban minden koroszt\u00e1ly sz\u00e1m\u00e1ra<\/li><li>p\u00e1rkapcsolati s\u00e1tor, <a href=\"https:\/\/www.nekcsaladinap.hu\/#elementor-action%3Aaction%3Dpopup%3Aopen%26settings%3DeyJpZCI6IjI0ODEiLCJ0b2dnbGUiOmZhbHNlfQ%3D%3D\">imas\u00e1tor<\/a>, <a href=\"https:\/\/www.nekcsaladinap.hu\/#elementor-action%3Aaction%3Dpopup%3Aopen%26settings%3DeyJpZCI6IjI2NzAiLCJ0b2dnbGUiOmZhbHNlfQ%3D%3D\">meghallgatlak s\u00e1tor<\/a><\/li><li>kerekasztal-besz\u00e9lget\u00e9sek<\/li><li>el\u0151ad\u00e1sok a cig\u00e1nypasztor\u00e1ci\u00f3r\u00f3l<\/li><li><a href=\"https:\/\/www.nekcsaladinap.hu\/#elementor-action%3Aaction%3Dpopup%3Aopen%26settings%3DeyJpZCI6IjI0NzEiLCJ0b2dnbGUiOmZhbHNlfQ%3D%3D\">gy\u00f3n\u00e1si lehet\u0151s\u00e9g<\/a><\/li><li>akad\u00e1lyverseny<\/li><li>k\u00e9zm\u0171ves foglalkoz\u00e1s<\/li><\/ul>\n\n\n\n<p>Egy k\u00e9p a j\u00f6v\u0151nek! 13:00-kor <strong>a kicsik \u00e9s nagyok \u00e9l\u0151k\u00e9pet form\u00e1lnak<\/strong>, melyr\u0151l dr\u00f3nfelv\u00e9tel k\u00e9sz\u00fcl az ut\u00f3kor sz\u00e1m\u00e1ra. Az \u00e9l\u0151k\u00e9p szerepl\u0151i baseball sapk\u00e1t kapnak, ez\u00e9rt a r\u00e9szv\u00e9teli sz\u00e1nd\u00e9kot el\u0151re jelezni kell a <a href=\"https:\/\/www.nekcsaladinap.hu\/#elementor-action%3Aaction%3Dpopup%3Aopen%26settings%3DeyJpZCI6IjI2MzAiLCJ0b2dnbGUiOmZhbHNlfQ%3D%3D\">weboldalon<\/a>!<\/p>\n\n\n\n<p>Az esem\u00e9ny v\u00e9g\u00e9n a r\u00e9sztvev\u0151k Sz\u00e9kely J\u00e1nos p\u00fcsp\u00f6k atya vezet\u00e9s\u00e9vel&nbsp;<a href=\"https:\/\/www.nekcsaladinap.hu\/#elementor-action%3Aaction%3Dpopup%3Aopen%26settings%3DeyJpZCI6IjI2MzAiLCJ0b2dnbGUiOmZhbHNlfQ%3D%3D\">k\u00f6z\u00f6s menetben vonulnak a Kossuth t\u00e9rre, az \u00fcnnepi szentmis\u00e9re<\/a>.<\/p>\n\n\n\n<p><strong><em>K\u00e9rj\u00fck t\u00e1j\u00e9koztassa k\u00f6z\u00f6ns\u00e9g\u00e9t az esem\u00e9nyr\u0151l, hogy min\u00e9l t\u00f6bb csal\u00e1dhoz eljuthasson az ingyenes rendezv\u00e9ny h\u00edre!<\/em><\/strong><\/p>\n\n\n\n<p><strong>Id\u0151pont<\/strong>: 2021. szeptember 11. (szombat) 10:00-15:00<\/p>\n\n\n\n<p><strong>Helysz\u00edn<\/strong>: margitszigeti Als\u00f3-Nagyr\u00e9t<\/p>\n\n\n\n<p><strong>Bel\u00e9p\u00e9s<\/strong>: ingyenes<\/p>\n\n\n\n<p>Tov\u00e1bbi r\u00e9szletek:<\/p>\n\n\n\n<p><strong>Weboldal<\/strong>:&nbsp; <a href=\"http:\/\/www.nekcsaladinap.hu\">www.nekcsaladinap.hu<\/a>&nbsp;<br><strong>Facebook oldal<\/strong>: <a href=\"https:\/\/www.facebook.com\/katolikustarsadalminapok\">https:\/\/www.facebook.com\/katolikustarsadalminapok<br><\/a><strong>Interj\u00fak\u00e9sz\u00edt\u00e9si lehet\u0151s\u00e9g<\/strong>: el\u0151zetes \u00e9s helysz\u00edni interj\u00fak k\u00e9sz\u00edt\u00e9s\u00e9re lehet\u0151s\u00e9get biztos\u00edtunk b\u00e1rmely r\u00e9sztvev\u0151 szervezettel, el\u0151ad\u00f3val. L\u00e9pj kapcsolatba koll\u00e9g\u00e1nkkal, aki seg\u00edt az interj\u00fak szervez\u00e9s\u00e9ben: <a href=\"mailto:csaladinap@iec2020.hu\">csaladinap@iec2020.hu<\/a>.<\/p>\n","protected":false},"excerpt":{"rendered":"<p>Sajt\u00f3k\u00f6zlem\u00e9ny \u2013 Esem\u00e9ny aj\u00e1nl\u00f3 2021. augusztus 30. Budapest L\u00e9lek, k\u00f6z\u00f6ss\u00e9g, zene, hit, j\u00e1t\u00e9k \u2013&nbsp;Mindenkinek&nbsp; Az 52. Nemzetk\u00f6zi Eucharisztikus Kongresszus Csal\u00e1di Napja a Margitszigeten 2021. szeptember 11-\u00e9n, szombaton, 10:00 \u00e9s 15:00 \u00f3ra k\u00f6z\u00f6tt a margitszigeti Als\u00f3-Nagyr\u00e9ten ker\u00fcl megrendez\u00e9sre az 52. Nemzetk\u00f6zi Eucharisztikus Kongresszus (NEK) Csal\u00e1di Napja a Csal\u00e1dok J\u00e9zusban K\u00f6z\u00f6ss\u00e9g \u00e9s a Katolikus T\u00e1rsadalmi Napok szervez\u00e9s\u00e9ben. &hellip; <\/p>\n<p class=\"link-more\"><a href=\"https:\/\/karitaszkozpont.hu\/?p=1329\" class=\"more-link\">Continue reading<span class=\"screen-reader-text\"> &#8222;Az 52. Nemzetk\u00f6zi Eucharisztikus Kongresszus Csal\u00e1di Napja a Margitszigeten&#8221;<\/span><\/a><\/p>\n","protected":false},"author":1,"featured_media":1330,"comment_status":"open","ping_status":"open","sticky":false,"template":"","format":"standard","meta":[],"categories":[4],"tags":[],"yoast_head":"<!-- This site is optimized with the Yoast SEO plugin v20.1 - https:\/\/yoast.com\/wordpress\/plugins\/seo\/ -->\n<title>Az 52. Nemzetk\u00f6zi Eucharisztikus Kongresszus Csal\u00e1di Napja a Margitszigeten - Szent Erzs\u00e9bet Karit\u00e1sz K\u00f6zpont<\/title>\n<meta name=\"robots\" content=\"index, follow, max-snippet:-1, max-image-preview:large, max-video-preview:-1\" \/>\n<link rel=\"canonical\" href=\"https:\/\/karitaszkozpont.hu\/?p=1329\" \/>\n<meta property=\"og:locale\" content=\"hu_HU\" \/>\n<meta property=\"og:type\" content=\"article\" \/>\n<meta property=\"og:title\" content=\"Az 52. Nemzetk\u00f6zi Eucharisztikus Kongresszus Csal\u00e1di Napja a Margitszigeten - Szent Erzs\u00e9bet Karit\u00e1sz K\u00f6zpont\" \/>\n<meta property=\"og:description\" content=\"Sajt\u00f3k\u00f6zlem\u00e9ny \u2013 Esem\u00e9ny aj\u00e1nl\u00f3 2021. augusztus 30. Budapest L\u00e9lek, k\u00f6z\u00f6ss\u00e9g, zene, hit, j\u00e1t\u00e9k \u2013&nbsp;Mindenkinek&nbsp; Az 52. Nemzetk\u00f6zi Eucharisztikus Kongresszus Csal\u00e1di Napja a Margitszigeten 2021. szeptember 11-\u00e9n, szombaton, 10:00 \u00e9s 15:00 \u00f3ra k\u00f6z\u00f6tt a margitszigeti Als\u00f3-Nagyr\u00e9ten ker\u00fcl megrendez\u00e9sre az 52. Nemzetk\u00f6zi Eucharisztikus Kongresszus (NEK) Csal\u00e1di Napja a Csal\u00e1dok J\u00e9zusban K\u00f6z\u00f6ss\u00e9g \u00e9s a Katolikus T\u00e1rsadalmi Napok szervez\u00e9s\u00e9ben. &hellip; Continue reading &quot;Az 52. Nemzetk\u00f6zi Eucharisztikus Kongresszus Csal\u00e1di Napja a Margitszigeten&quot;\" \/>\n<meta property=\"og:url\" content=\"https:\/\/karitaszkozpont.hu\/?p=1329\" \/>\n<meta property=\"og:site_name\" content=\"Szent Erzs\u00e9bet Karit\u00e1sz K\u00f6zpont\" \/>\n<meta property=\"article:published_time\" content=\"2021-08-31T09:55:39+00:00\" \/>\n<meta property=\"og:image\" content=\"https:\/\/karitaszkozpont.hu\/wp-content\/uploads\/2021\/08\/boritokep.jpg\" \/>\n\t<meta property=\"og:image:width\" content=\"2050\" \/>\n\t<meta property=\"og:image:height\" content=\"780\" \/>\n\t<meta property=\"og:image:type\" content=\"image\/jpeg\" \/>\n<meta name=\"author\" content=\"Karit\u00e1sz K\u00f6zpont\" \/>\n<meta name=\"twitter:card\" content=\"summary_large_image\" \/>\n<meta name=\"twitter:label1\" content=\"Szerz\u0151:\" \/>\n\t<meta name=\"twitter:data1\" content=\"Karit\u00e1sz K\u00f6zpont\" \/>\n\t<meta name=\"twitter:label2\" content=\"Becs\u00fclt olvas\u00e1si id\u0151\" \/>\n\t<meta name=\"twitter:data2\" content=\"3 perc\" \/>\n<script type=\"application\/ld+json\" class=\"yoast-schema-graph\">{\"@context\":\"https:\/\/schema.org\",\"@graph\":[{\"@type\":\"Article\",\"@id\":\"https:\/\/karitaszkozpont.hu\/?p=1329#article\",\"isPartOf\":{\"@id\":\"https:\/\/karitaszkozpont.hu\/?p=1329\"},\"author\":{\"name\":\"Karit\u00e1sz K\u00f6zpont\",\"@id\":\"https:\/\/karitaszkozpont.hu\/#\/schema\/person\/0d9c28244c111914ea13bb1248775e57\"},\"headline\":\"Az 52. Nemzetk\u00f6zi Eucharisztikus Kongresszus Csal\u00e1di Napja a Margitszigeten\",\"datePublished\":\"2021-08-31T09:55:39+00:00\",\"dateModified\":\"2021-08-31T09:55:39+00:00\",\"mainEntityOfPage\":{\"@id\":\"https:\/\/karitaszkozpont.hu\/?p=1329\"},\"wordCount\":677,\"commentCount\":0,\"publisher\":{\"@id\":\"https:\/\/karitaszkozpont.hu\/#organization\"},\"articleSection\":[\"H\u00edrek\"],\"inLanguage\":\"hu\",\"potentialAction\":[{\"@type\":\"CommentAction\",\"name\":\"Comment\",\"target\":[\"https:\/\/karitaszkozpont.hu\/?p=1329#respond\"]}]},{\"@type\":\"WebPage\",\"@id\":\"https:\/\/karitaszkozpont.hu\/?p=1329\",\"url\":\"https:\/\/karitaszkozpont.hu\/?p=1329\",\"name\":\"Az 52. Nemzetk\u00f6zi Eucharisztikus Kongresszus Csal\u00e1di Napja a Margitszigeten - Szent Erzs\u00e9bet Karit\u00e1sz K\u00f6zpont\",\"isPartOf\":{\"@id\":\"https:\/\/karitaszkozpont.hu\/#website\"},\"datePublished\":\"2021-08-31T09:55:39+00:00\",\"dateModified\":\"2021-08-31T09:55:39+00:00\",\"breadcrumb\":{\"@id\":\"https:\/\/karitaszkozpont.hu\/?p=1329#breadcrumb\"},\"inLanguage\":\"hu\",\"potentialAction\":[{\"@type\":\"ReadAction\",\"target\":[\"https:\/\/karitaszkozpont.hu\/?p=1329\"]}]},{\"@type\":\"BreadcrumbList\",\"@id\":\"https:\/\/karitaszkozpont.hu\/?p=1329#breadcrumb\",\"itemListElement\":[{\"@type\":\"ListItem\",\"position\":1,\"name\":\"Kezd\u0151lap\",\"item\":\"https:\/\/karitaszkozpont.hu\/\"},{\"@type\":\"ListItem\",\"position\":2,\"name\":\"Az 52. Nemzetk\u00f6zi Eucharisztikus Kongresszus Csal\u00e1di Napja a Margitszigeten\"}]},{\"@type\":\"WebSite\",\"@id\":\"https:\/\/karitaszkozpont.hu\/#website\",\"url\":\"https:\/\/karitaszkozpont.hu\/\",\"name\":\"Szent Erzs\u00e9bet Karit\u00e1sz K\u00f6zpont\",\"description\":\"Esztergom-Budapesti F\u0151egyh\u00e1zmegye\",\"publisher\":{\"@id\":\"https:\/\/karitaszkozpont.hu\/#organization\"},\"potentialAction\":[{\"@type\":\"SearchAction\",\"target\":{\"@type\":\"EntryPoint\",\"urlTemplate\":\"https:\/\/karitaszkozpont.hu\/?s={search_term_string}\"},\"query-input\":\"required name=search_term_string\"}],\"inLanguage\":\"hu\"},{\"@type\":\"Organization\",\"@id\":\"https:\/\/karitaszkozpont.hu\/#organization\",\"name\":\"Szent Erzs\u00e9bet Karit\u00e1sz K\u00f6zpont\",\"url\":\"https:\/\/karitaszkozpont.hu\/\",\"logo\":{\"@type\":\"ImageObject\",\"inLanguage\":\"hu\",\"@id\":\"https:\/\/karitaszkozpont.hu\/#\/schema\/logo\/image\/\",\"url\":\"https:\/\/karitaszkp.hu\/wp-content\/uploads\/2019\/06\/cropped-logo-arnyekos-1.png\",\"contentUrl\":\"https:\/\/karitaszkp.hu\/wp-content\/uploads\/2019\/06\/cropped-logo-arnyekos-1.png\",\"width\":240,\"height\":247,\"caption\":\"Szent Erzs\u00e9bet Karit\u00e1sz K\u00f6zpont\"},\"image\":{\"@id\":\"https:\/\/karitaszkozpont.hu\/#\/schema\/logo\/image\/\"}},{\"@type\":\"Person\",\"@id\":\"https:\/\/karitaszkozpont.hu\/#\/schema\/person\/0d9c28244c111914ea13bb1248775e57\",\"name\":\"Karit\u00e1sz K\u00f6zpont\",\"image\":{\"@type\":\"ImageObject\",\"inLanguage\":\"hu\",\"@id\":\"https:\/\/karitaszkozpont.hu\/#\/schema\/person\/image\/\",\"url\":\"https:\/\/secure.gravatar.com\/avatar\/1274acd7c62f3cac92d2b38aad20c71b?s=96&d=mm&r=g\",\"contentUrl\":\"https:\/\/secure.gravatar.com\/avatar\/1274acd7c62f3cac92d2b38aad20c71b?s=96&d=mm&r=g\",\"caption\":\"Karit\u00e1sz K\u00f6zpont\"},\"url\":\"https:\/\/karitaszkozpont.hu\/?author=1\"}]}<\/script>\n<!-- \/ Yoast SEO plugin. -->","yoast_head_json":{"title":"Az 52. Nemzetk\u00f6zi Eucharisztikus Kongresszus Csal\u00e1di Napja a Margitszigeten - Szent Erzs\u00e9bet Karit\u00e1sz K\u00f6zpont","robots":{"index":"index","follow":"follow","max-snippet":"max-snippet:-1","max-image-preview":"max-image-preview:large","max-video-preview":"max-video-preview:-1"},"canonical":"https:\/\/karitaszkozpont.hu\/?p=1329","og_locale":"hu_HU","og_type":"article","og_title":"Az 52. Nemzetk\u00f6zi Eucharisztikus Kongresszus Csal\u00e1di Napja a Margitszigeten - Szent Erzs\u00e9bet Karit\u00e1sz K\u00f6zpont","og_description":"Sajt\u00f3k\u00f6zlem\u00e9ny \u2013 Esem\u00e9ny aj\u00e1nl\u00f3 2021. augusztus 30. Budapest L\u00e9lek, k\u00f6z\u00f6ss\u00e9g, zene, hit, j\u00e1t\u00e9k \u2013&nbsp;Mindenkinek&nbsp; Az 52. Nemzetk\u00f6zi Eucharisztikus Kongresszus Csal\u00e1di Napja a Margitszigeten 2021. szeptember 11-\u00e9n, szombaton, 10:00 \u00e9s 15:00 \u00f3ra k\u00f6z\u00f6tt a margitszigeti Als\u00f3-Nagyr\u00e9ten ker\u00fcl megrendez\u00e9sre az 52. Nemzetk\u00f6zi Eucharisztikus Kongresszus (NEK) Csal\u00e1di Napja a Csal\u00e1dok J\u00e9zusban K\u00f6z\u00f6ss\u00e9g \u00e9s a Katolikus T\u00e1rsadalmi Napok szervez\u00e9s\u00e9ben. &hellip; Continue reading \"Az 52. Nemzetk\u00f6zi Eucharisztikus Kongresszus Csal\u00e1di Napja a Margitszigeten\"","og_url":"https:\/\/karitaszkozpont.hu\/?p=1329","og_site_name":"Szent Erzs\u00e9bet Karit\u00e1sz K\u00f6zpont","article_published_time":"2021-08-31T09:55:39+00:00","og_image":[{"width":2050,"height":780,"url":"https:\/\/karitaszkozpont.hu\/wp-content\/uploads\/2021\/08\/boritokep.jpg","type":"image\/jpeg"}],"author":"Karit\u00e1sz K\u00f6zpont","twitter_card":"summary_large_image","twitter_misc":{"Szerz\u0151:":"Karit\u00e1sz K\u00f6zpont","Becs\u00fclt olvas\u00e1si id\u0151":"3 perc"},"schema":{"@context":"https:\/\/schema.org","@graph":[{"@type":"Article","@id":"https:\/\/karitaszkozpont.hu\/?p=1329#article","isPartOf":{"@id":"https:\/\/karitaszkozpont.hu\/?p=1329"},"author":{"name":"Karit\u00e1sz K\u00f6zpont","@id":"https:\/\/karitaszkozpont.hu\/#\/schema\/person\/0d9c28244c111914ea13bb1248775e57"},"headline":"Az 52. Nemzetk\u00f6zi Eucharisztikus Kongresszus Csal\u00e1di Napja a Margitszigeten","datePublished":"2021-08-31T09:55:39+00:00","dateModified":"2021-08-31T09:55:39+00:00","mainEntityOfPage":{"@id":"https:\/\/karitaszkozpont.hu\/?p=1329"},"wordCount":677,"commentCount":0,"publisher":{"@id":"https:\/\/karitaszkozpont.hu\/#organization"},"articleSection":["H\u00edrek"],"inLanguage":"hu","potentialAction":[{"@type":"CommentAction","name":"Comment","target":["https:\/\/karitaszkozpont.hu\/?p=1329#respond"]}]},{"@type":"WebPage","@id":"https:\/\/karitaszkozpont.hu\/?p=1329","url":"https:\/\/karitaszkozpont.hu\/?p=1329","name":"Az 52. Nemzetk\u00f6zi Eucharisztikus Kongresszus Csal\u00e1di Napja a Margitszigeten - Szent Erzs\u00e9bet Karit\u00e1sz K\u00f6zpont","isPartOf":{"@id":"https:\/\/karitaszkozpont.hu\/#website"},"datePublished":"2021-08-31T09:55:39+00:00","dateModified":"2021-08-31T09:55:39+00:00","breadcrumb":{"@id":"https:\/\/karitaszkozpont.hu\/?p=1329#breadcrumb"},"inLanguage":"hu","potentialAction":[{"@type":"ReadAction","target":["https:\/\/karitaszkozpont.hu\/?p=1329"]}]},{"@type":"BreadcrumbList","@id":"https:\/\/karitaszkozpont.hu\/?p=1329#breadcrumb","itemListElement":[{"@type":"ListItem","position":1,"name":"Kezd\u0151lap","item":"https:\/\/karitaszkozpont.hu\/"},{"@type":"ListItem","position":2,"name":"Az 52. Nemzetk\u00f6zi Eucharisztikus Kongresszus Csal\u00e1di Napja a Margitszigeten"}]},{"@type":"WebSite","@id":"https:\/\/karitaszkozpont.hu\/#website","url":"https:\/\/karitaszkozpont.hu\/","name":"Szent Erzs\u00e9bet Karit\u00e1sz K\u00f6zpont","description":"Esztergom-Budapesti F\u0151egyh\u00e1zmegye","publisher":{"@id":"https:\/\/karitaszkozpont.hu\/#organization"},"potentialAction":[{"@type":"SearchAction","target":{"@type":"EntryPoint","urlTemplate":"https:\/\/karitaszkozpont.hu\/?s={search_term_string}"},"query-input":"required name=search_term_string"}],"inLanguage":"hu"},{"@type":"Organization","@id":"https:\/\/karitaszkozpont.hu\/#organization","name":"Szent Erzs\u00e9bet Karit\u00e1sz K\u00f6zpont","url":"https:\/\/karitaszkozpont.hu\/","logo":{"@type":"ImageObject","inLanguage":"hu","@id":"https:\/\/karitaszkozpont.hu\/#\/schema\/logo\/image\/","url":"https:\/\/karitaszkp.hu\/wp-content\/uploads\/2019\/06\/cropped-logo-arnyekos-1.png","contentUrl":"https:\/\/karitaszkp.hu\/wp-content\/uploads\/2019\/06\/cropped-logo-arnyekos-1.png","width":240,"height":247,"caption":"Szent Erzs\u00e9bet Karit\u00e1sz K\u00f6zpont"},"image":{"@id":"https:\/\/karitaszkozpont.hu\/#\/schema\/logo\/image\/"}},{"@type":"Person","@id":"https:\/\/karitaszkozpont.hu\/#\/schema\/person\/0d9c28244c111914ea13bb1248775e57","name":"Karit\u00e1sz K\u00f6zpont","image":{"@type":"ImageObject","inLanguage":"hu","@id":"https:\/\/karitaszkozpont.hu\/#\/schema\/person\/image\/","url":"https:\/\/secure.gravatar.com\/avatar\/1274acd7c62f3cac92d2b38aad20c71b?s=96&d=mm&r=g","contentUrl":"https:\/\/secure.gravatar.com\/avatar\/1274acd7c62f3cac92d2b38aad20c71b?s=96&d=mm&r=g","caption":"Karit\u00e1sz K\u00f6zpont"},"url":"https:\/\/karitaszkozpont.hu\/?author=1"}]}},"_links":{"self":[{"href":"https:\/\/karitaszkozpont.hu\/index.php?rest_route=\/wp\/v2\/posts\/1329"}],"collection":[{"href":"https:\/\/karitaszkozpont.hu\/index.php?rest_route=\/wp\/v2\/posts"}],"about":[{"href":"https:\/\/karitaszkozpont.hu\/index.php?rest_route=\/wp\/v2\/types\/post"}],"author":[{"embeddable":true,"href":"https:\/\/karitaszkozpont.hu\/index.php?rest_route=\/wp\/v2\/users\/1"}],"replies":[{"embeddable":true,"href":"https:\/\/karitaszkozpont.hu\/index.php?rest_route=%2Fwp%2Fv2%2Fcomments&post=1329"}],"version-history":[{"count":1,"href":"https:\/\/karitaszkozpont.hu\/index.php?rest_route=\/wp\/v2\/posts\/1329\/revisions"}],"predecessor-version":[{"id":1331,"href":"https:\/\/karitaszkozpont.hu\/index.php?rest_route=\/wp\/v2\/posts\/1329\/revisions\/1331"}],"wp:featuredmedia":[{"embeddable":true,"href":"https:\/\/karitaszkozpont.hu\/index.php?rest_route=\/wp\/v2\/media\/1330"}],"wp:attachment":[{"href":"https:\/\/karitaszkozpont.hu\/index.php?rest_route=%2Fwp%2Fv2%2Fmedia&parent=1329"}],"wp:term":[{"taxonomy":"category","embeddable":true,"href":"https:\/\/karitaszkozpont.hu\/index.php?rest_route=%2Fwp%2Fv2%2Fcategories&post=1329"},{"taxonomy":"post_tag","embeddable":true,"href":"https:\/\/karitaszkozpont.hu\/index.php?rest_route=%2Fwp%2Fv2%2Ftags&post=1329"}],"curies":[{"name":"wp","href":"https:\/\/api.w.org\/{rel}","templated":true}]}}