{"id":1322,"date":"2021-08-23T13:35:23","date_gmt":"2021-08-23T11:35:23","guid":{"rendered":"http:\/\/karitaszkp.hu\/?p=1322"},"modified":"2021-08-23T13:35:24","modified_gmt":"2021-08-23T11:35:24","slug":"video-a-kukorica-utja-a-raktartol-az-emberig","status":"publish","type":"post","link":"https:\/\/karitaszkozpont.hu\/?p=1322","title":{"rendered":"VIDE\u00d3: A kukorica \u00fatja a rakt\u00e1rt\u00f3l az emberig"},"content":{"rendered":"\n<p class=\"has-white-color has-vivid-red-background-color has-text-color has-background has-large-font-size\"><strong>VIDE\u00d3: A kukorica \u00fatja a rakt\u00e1rt\u00f3l az emberig<\/strong><\/p>\n\n\n\n<p>Id\u00e9n a Bonduelle gy\u00e1r felaj\u00e1nl\u00e1s\u00e1b\u00f3l a Szent Erzs\u00e9bet Karit\u00e1sz K\u00f6zpont imm\u00e1r t\u00f6bb mint 10.000 konzervet juttatott el a r\u00e1szorul\u00f3khoz a Katolikus Karit\u00e1sz orsz\u00e1gos rakt\u00e1r\u00e1b\u00f3l. Szeretettel osztjuk meg az al\u00e1bbi kisfilmet, amely bemutatja az adom\u00e1nyok \u00fatj\u00e1t. <\/p>\n\n\n\n<p>K\u00e9sz\u00edtette: Szab\u00f3 Csaba<\/p>\n\n\n\n<figure class=\"wp-block-embed is-type-video is-provider-youtube wp-block-embed-youtube wp-embed-aspect-16-9 wp-has-aspect-ratio\"><div class=\"wp-block-embed__wrapper\">\n<iframe loading=\"lazy\" title=\"A KUKORICA \u00daTJA - A rakt\u00e1rt\u00f3l az emberig (Szent Erzs\u00e9bet Karit\u00e1sz K\u00f6zpont)\" width=\"640\" height=\"360\" src=\"https:\/\/www.youtube.com\/embed\/zFmlSqN-JSo?feature=oembed\" frameborder=\"0\" allow=\"accelerometer; autoplay; clipboard-write; encrypted-media; gyroscope; picture-in-picture\" allowfullscreen><\/iframe>\n<\/div><\/figure>\n","protected":false},"excerpt":{"rendered":"<p>VIDE\u00d3: A kukorica \u00fatja a rakt\u00e1rt\u00f3l az emberig Id\u00e9n a Bonduelle gy\u00e1r felaj\u00e1nl\u00e1s\u00e1b\u00f3l a Szent Erzs\u00e9bet Karit\u00e1sz K\u00f6zpont imm\u00e1r t\u00f6bb mint 10.000 konzervet juttatott el a r\u00e1szorul\u00f3khoz a Katolikus Karit\u00e1sz orsz\u00e1gos rakt\u00e1r\u00e1b\u00f3l. Szeretettel osztjuk meg az al\u00e1bbi kisfilmet, amely bemutatja az adom\u00e1nyok \u00fatj\u00e1t. K\u00e9sz\u00edtette: Szab\u00f3 Csaba<\/p>\n","protected":false},"author":1,"featured_media":1323,"comment_status":"open","ping_status":"open","sticky":false,"template":"","format":"standard","meta":[],"categories":[4],"tags":[],"yoast_head":"<!-- This site is optimized with the Yoast SEO plugin v20.1 - https:\/\/yoast.com\/wordpress\/plugins\/seo\/ -->\n<title>VIDE\u00d3: A kukorica \u00fatja a rakt\u00e1rt\u00f3l az emberig - Szent Erzs\u00e9bet Karit\u00e1sz K\u00f6zpont<\/title>\n<meta name=\"robots\" content=\"index, follow, max-snippet:-1, max-image-preview:large, max-video-preview:-1\" \/>\n<link rel=\"canonical\" href=\"https:\/\/karitaszkozpont.hu\/?p=1322\" \/>\n<meta property=\"og:locale\" content=\"hu_HU\" \/>\n<meta property=\"og:type\" content=\"article\" \/>\n<meta property=\"og:title\" content=\"VIDE\u00d3: A kukorica \u00fatja a rakt\u00e1rt\u00f3l az emberig - Szent Erzs\u00e9bet Karit\u00e1sz K\u00f6zpont\" \/>\n<meta property=\"og:description\" content=\"VIDE\u00d3: A kukorica \u00fatja a rakt\u00e1rt\u00f3l az emberig Id\u00e9n a Bonduelle gy\u00e1r felaj\u00e1nl\u00e1s\u00e1b\u00f3l a Szent Erzs\u00e9bet Karit\u00e1sz K\u00f6zpont imm\u00e1r t\u00f6bb mint 10.000 konzervet juttatott el a r\u00e1szorul\u00f3khoz a Katolikus Karit\u00e1sz orsz\u00e1gos rakt\u00e1r\u00e1b\u00f3l. Szeretettel osztjuk meg az al\u00e1bbi kisfilmet, amely bemutatja az adom\u00e1nyok \u00fatj\u00e1t. K\u00e9sz\u00edtette: Szab\u00f3 Csaba\" \/>\n<meta property=\"og:url\" content=\"https:\/\/karitaszkozpont.hu\/?p=1322\" \/>\n<meta property=\"og:site_name\" content=\"Szent Erzs\u00e9bet Karit\u00e1sz K\u00f6zpont\" \/>\n<meta property=\"article:published_time\" content=\"2021-08-23T11:35:23+00:00\" \/>\n<meta property=\"article:modified_time\" content=\"2021-08-23T11:35:24+00:00\" \/>\n<meta property=\"og:image\" content=\"https:\/\/karitaszkozpont.hu\/wp-content\/uploads\/2021\/08\/safe_image-1.jpg\" \/>\n\t<meta property=\"og:image:width\" content=\"480\" \/>\n\t<meta property=\"og:image:height\" content=\"250\" \/>\n\t<meta property=\"og:image:type\" content=\"image\/jpeg\" \/>\n<meta name=\"author\" content=\"Karit\u00e1sz K\u00f6zpont\" \/>\n<meta name=\"twitter:card\" content=\"summary_large_image\" \/>\n<meta name=\"twitter:label1\" content=\"Szerz\u0151:\" \/>\n\t<meta name=\"twitter:data1\" content=\"Karit\u00e1sz K\u00f6zpont\" \/>\n\t<meta name=\"twitter:label2\" content=\"Becs\u00fclt olvas\u00e1si id\u0151\" \/>\n\t<meta name=\"twitter:data2\" content=\"1 perc\" \/>\n<script type=\"application\/ld+json\" class=\"yoast-schema-graph\">{\"@context\":\"https:\/\/schema.org\",\"@graph\":[{\"@type\":\"Article\",\"@id\":\"https:\/\/karitaszkozpont.hu\/?p=1322#article\",\"isPartOf\":{\"@id\":\"https:\/\/karitaszkozpont.hu\/?p=1322\"},\"author\":{\"name\":\"Karit\u00e1sz K\u00f6zpont\",\"@id\":\"https:\/\/karitaszkozpont.hu\/#\/schema\/person\/0d9c28244c111914ea13bb1248775e57\"},\"headline\":\"VIDE\u00d3: A kukorica \u00fatja a rakt\u00e1rt\u00f3l az emberig\",\"datePublished\":\"2021-08-23T11:35:23+00:00\",\"dateModified\":\"2021-08-23T11:35:24+00:00\",\"mainEntityOfPage\":{\"@id\":\"https:\/\/karitaszkozpont.hu\/?p=1322\"},\"wordCount\":87,\"commentCount\":0,\"publisher\":{\"@id\":\"https:\/\/karitaszkozpont.hu\/#organization\"},\"articleSection\":[\"H\u00edrek\"],\"inLanguage\":\"hu\",\"potentialAction\":[{\"@type\":\"CommentAction\",\"name\":\"Comment\",\"target\":[\"https:\/\/karitaszkozpont.hu\/?p=1322#respond\"]}]},{\"@type\":\"WebPage\",\"@id\":\"https:\/\/karitaszkozpont.hu\/?p=1322\",\"url\":\"https:\/\/karitaszkozpont.hu\/?p=1322\",\"name\":\"VIDE\u00d3: A kukorica \u00fatja a rakt\u00e1rt\u00f3l az emberig - Szent Erzs\u00e9bet Karit\u00e1sz K\u00f6zpont\",\"isPartOf\":{\"@id\":\"https:\/\/karitaszkozpont.hu\/#website\"},\"datePublished\":\"2021-08-23T11:35:23+00:00\",\"dateModified\":\"2021-08-23T11:35:24+00:00\",\"breadcrumb\":{\"@id\":\"https:\/\/karitaszkozpont.hu\/?p=1322#breadcrumb\"},\"inLanguage\":\"hu\",\"potentialAction\":[{\"@type\":\"ReadAction\",\"target\":[\"https:\/\/karitaszkozpont.hu\/?p=1322\"]}]},{\"@type\":\"BreadcrumbList\",\"@id\":\"https:\/\/karitaszkozpont.hu\/?p=1322#breadcrumb\",\"itemListElement\":[{\"@type\":\"ListItem\",\"position\":1,\"name\":\"Kezd\u0151lap\",\"item\":\"https:\/\/karitaszkozpont.hu\/\"},{\"@type\":\"ListItem\",\"position\":2,\"name\":\"VIDE\u00d3: A kukorica \u00fatja a rakt\u00e1rt\u00f3l az emberig\"}]},{\"@type\":\"WebSite\",\"@id\":\"https:\/\/karitaszkozpont.hu\/#website\",\"url\":\"https:\/\/karitaszkozpont.hu\/\",\"name\":\"Szent Erzs\u00e9bet Karit\u00e1sz K\u00f6zpont\",\"description\":\"Esztergom-Budapesti F\u0151egyh\u00e1zmegye\",\"publisher\":{\"@id\":\"https:\/\/karitaszkozpont.hu\/#organization\"},\"potentialAction\":[{\"@type\":\"SearchAction\",\"target\":{\"@type\":\"EntryPoint\",\"urlTemplate\":\"https:\/\/karitaszkozpont.hu\/?s={search_term_string}\"},\"query-input\":\"required name=search_term_string\"}],\"inLanguage\":\"hu\"},{\"@type\":\"Organization\",\"@id\":\"https:\/\/karitaszkozpont.hu\/#organization\",\"name\":\"Szent Erzs\u00e9bet Karit\u00e1sz K\u00f6zpont\",\"url\":\"https:\/\/karitaszkozpont.hu\/\",\"logo\":{\"@type\":\"ImageObject\",\"inLanguage\":\"hu\",\"@id\":\"https:\/\/karitaszkozpont.hu\/#\/schema\/logo\/image\/\",\"url\":\"https:\/\/karitaszkp.hu\/wp-content\/uploads\/2019\/06\/cropped-logo-arnyekos-1.png\",\"contentUrl\":\"https:\/\/karitaszkp.hu\/wp-content\/uploads\/2019\/06\/cropped-logo-arnyekos-1.png\",\"width\":240,\"height\":247,\"caption\":\"Szent Erzs\u00e9bet Karit\u00e1sz K\u00f6zpont\"},\"image\":{\"@id\":\"https:\/\/karitaszkozpont.hu\/#\/schema\/logo\/image\/\"}},{\"@type\":\"Person\",\"@id\":\"https:\/\/karitaszkozpont.hu\/#\/schema\/person\/0d9c28244c111914ea13bb1248775e57\",\"name\":\"Karit\u00e1sz K\u00f6zpont\",\"image\":{\"@type\":\"ImageObject\",\"inLanguage\":\"hu\",\"@id\":\"https:\/\/karitaszkozpont.hu\/#\/schema\/person\/image\/\",\"url\":\"https:\/\/secure.gravatar.com\/avatar\/1274acd7c62f3cac92d2b38aad20c71b?s=96&d=mm&r=g\",\"contentUrl\":\"https:\/\/secure.gravatar.com\/avatar\/1274acd7c62f3cac92d2b38aad20c71b?s=96&d=mm&r=g\",\"caption\":\"Karit\u00e1sz K\u00f6zpont\"},\"url\":\"https:\/\/karitaszkozpont.hu\/?author=1\"}]}<\/script>\n<!-- \/ Yoast SEO plugin. -->","yoast_head_json":{"title":"VIDE\u00d3: A kukorica \u00fatja a rakt\u00e1rt\u00f3l az emberig - Szent Erzs\u00e9bet Karit\u00e1sz K\u00f6zpont","robots":{"index":"index","follow":"follow","max-snippet":"max-snippet:-1","max-image-preview":"max-image-preview:large","max-video-preview":"max-video-preview:-1"},"canonical":"https:\/\/karitaszkozpont.hu\/?p=1322","og_locale":"hu_HU","og_type":"article","og_title":"VIDE\u00d3: A kukorica \u00fatja a rakt\u00e1rt\u00f3l az emberig - Szent Erzs\u00e9bet Karit\u00e1sz K\u00f6zpont","og_description":"VIDE\u00d3: A kukorica \u00fatja a rakt\u00e1rt\u00f3l az emberig Id\u00e9n a Bonduelle gy\u00e1r felaj\u00e1nl\u00e1s\u00e1b\u00f3l a Szent Erzs\u00e9bet Karit\u00e1sz K\u00f6zpont imm\u00e1r t\u00f6bb mint 10.000 konzervet juttatott el a r\u00e1szorul\u00f3khoz a Katolikus Karit\u00e1sz orsz\u00e1gos rakt\u00e1r\u00e1b\u00f3l. Szeretettel osztjuk meg az al\u00e1bbi kisfilmet, amely bemutatja az adom\u00e1nyok \u00fatj\u00e1t. K\u00e9sz\u00edtette: Szab\u00f3 Csaba","og_url":"https:\/\/karitaszkozpont.hu\/?p=1322","og_site_name":"Szent Erzs\u00e9bet Karit\u00e1sz K\u00f6zpont","article_published_time":"2021-08-23T11:35:23+00:00","article_modified_time":"2021-08-23T11:35:24+00:00","og_image":[{"width":480,"height":250,"url":"https:\/\/karitaszkozpont.hu\/wp-content\/uploads\/2021\/08\/safe_image-1.jpg","type":"image\/jpeg"}],"author":"Karit\u00e1sz K\u00f6zpont","twitter_card":"summary_large_image","twitter_misc":{"Szerz\u0151:":"Karit\u00e1sz K\u00f6zpont","Becs\u00fclt olvas\u00e1si id\u0151":"1 perc"},"schema":{"@context":"https:\/\/schema.org","@graph":[{"@type":"Article","@id":"https:\/\/karitaszkozpont.hu\/?p=1322#article","isPartOf":{"@id":"https:\/\/karitaszkozpont.hu\/?p=1322"},"author":{"name":"Karit\u00e1sz K\u00f6zpont","@id":"https:\/\/karitaszkozpont.hu\/#\/schema\/person\/0d9c28244c111914ea13bb1248775e57"},"headline":"VIDE\u00d3: A kukorica \u00fatja a rakt\u00e1rt\u00f3l az emberig","datePublished":"2021-08-23T11:35:23+00:00","dateModified":"2021-08-23T11:35:24+00:00","mainEntityOfPage":{"@id":"https:\/\/karitaszkozpont.hu\/?p=1322"},"wordCount":87,"commentCount":0,"publisher":{"@id":"https:\/\/karitaszkozpont.hu\/#organization"},"articleSection":["H\u00edrek"],"inLanguage":"hu","potentialAction":[{"@type":"CommentAction","name":"Comment","target":["https:\/\/karitaszkozpont.hu\/?p=1322#respond"]}]},{"@type":"WebPage","@id":"https:\/\/karitaszkozpont.hu\/?p=1322","url":"https:\/\/karitaszkozpont.hu\/?p=1322","name":"VIDE\u00d3: A kukorica \u00fatja a rakt\u00e1rt\u00f3l az emberig - Szent Erzs\u00e9bet Karit\u00e1sz K\u00f6zpont","isPartOf":{"@id":"https:\/\/karitaszkozpont.hu\/#website"},"datePublished":"2021-08-23T11:35:23+00:00","dateModified":"2021-08-23T11:35:24+00:00","breadcrumb":{"@id":"https:\/\/karitaszkozpont.hu\/?p=1322#breadcrumb"},"inLanguage":"hu","potentialAction":[{"@type":"ReadAction","target":["https:\/\/karitaszkozpont.hu\/?p=1322"]}]},{"@type":"BreadcrumbList","@id":"https:\/\/karitaszkozpont.hu\/?p=1322#breadcrumb","itemListElement":[{"@type":"ListItem","position":1,"name":"Kezd\u0151lap","item":"https:\/\/karitaszkozpont.hu\/"},{"@type":"ListItem","position":2,"name":"VIDE\u00d3: A kukorica \u00fatja a rakt\u00e1rt\u00f3l az emberig"}]},{"@type":"WebSite","@id":"https:\/\/karitaszkozpont.hu\/#website","url":"https:\/\/karitaszkozpont.hu\/","name":"Szent Erzs\u00e9bet Karit\u00e1sz K\u00f6zpont","description":"Esztergom-Budapesti F\u0151egyh\u00e1zmegye","publisher":{"@id":"https:\/\/karitaszkozpont.hu\/#organization"},"potentialAction":[{"@type":"SearchAction","target":{"@type":"EntryPoint","urlTemplate":"https:\/\/karitaszkozpont.hu\/?s={search_term_string}"},"query-input":"required name=search_term_string"}],"inLanguage":"hu"},{"@type":"Organization","@id":"https:\/\/karitaszkozpont.hu\/#organization","name":"Szent Erzs\u00e9bet Karit\u00e1sz K\u00f6zpont","url":"https:\/\/karitaszkozpont.hu\/","logo":{"@type":"ImageObject","inLanguage":"hu","@id":"https:\/\/karitaszkozpont.hu\/#\/schema\/logo\/image\/","url":"https:\/\/karitaszkp.hu\/wp-content\/uploads\/2019\/06\/cropped-logo-arnyekos-1.png","contentUrl":"https:\/\/karitaszkp.hu\/wp-content\/uploads\/2019\/06\/cropped-logo-arnyekos-1.png","width":240,"height":247,"caption":"Szent Erzs\u00e9bet Karit\u00e1sz K\u00f6zpont"},"image":{"@id":"https:\/\/karitaszkozpont.hu\/#\/schema\/logo\/image\/"}},{"@type":"Person","@id":"https:\/\/karitaszkozpont.hu\/#\/schema\/person\/0d9c28244c111914ea13bb1248775e57","name":"Karit\u00e1sz K\u00f6zpont","image":{"@type":"ImageObject","inLanguage":"hu","@id":"https:\/\/karitaszkozpont.hu\/#\/schema\/person\/image\/","url":"https:\/\/secure.gravatar.com\/avatar\/1274acd7c62f3cac92d2b38aad20c71b?s=96&d=mm&r=g","contentUrl":"https:\/\/secure.gravatar.com\/avatar\/1274acd7c62f3cac92d2b38aad20c71b?s=96&d=mm&r=g","caption":"Karit\u00e1sz K\u00f6zpont"},"url":"https:\/\/karitaszkozpont.hu\/?author=1"}]}},"_links":{"self":[{"href":"https:\/\/karitaszkozpont.hu\/index.php?rest_route=\/wp\/v2\/posts\/1322"}],"collection":[{"href":"https:\/\/karitaszkozpont.hu\/index.php?rest_route=\/wp\/v2\/posts"}],"about":[{"href":"https:\/\/karitaszkozpont.hu\/index.php?rest_route=\/wp\/v2\/types\/post"}],"author":[{"embeddable":true,"href":"https:\/\/karitaszkozpont.hu\/index.php?rest_route=\/wp\/v2\/users\/1"}],"replies":[{"embeddable":true,"href":"https:\/\/karitaszkozpont.hu\/index.php?rest_route=%2Fwp%2Fv2%2Fcomments&post=1322"}],"version-history":[{"count":1,"href":"https:\/\/karitaszkozpont.hu\/index.php?rest_route=\/wp\/v2\/posts\/1322\/revisions"}],"predecessor-version":[{"id":1324,"href":"https:\/\/karitaszkozpont.hu\/index.php?rest_route=\/wp\/v2\/posts\/1322\/revisions\/1324"}],"wp:featuredmedia":[{"embeddable":true,"href":"https:\/\/karitaszkozpont.hu\/index.php?rest_route=\/wp\/v2\/media\/1323"}],"wp:attachment":[{"href":"https:\/\/karitaszkozpont.hu\/index.php?rest_route=%2Fwp%2Fv2%2Fmedia&parent=1322"}],"wp:term":[{"taxonomy":"category","embeddable":true,"href":"https:\/\/karitaszkozpont.hu\/index.php?rest_route=%2Fwp%2Fv2%2Fcategories&post=1322"},{"taxonomy":"post_tag","embeddable":true,"href":"https:\/\/karitaszkozpont.hu\/index.php?rest_route=%2Fwp%2Fv2%2Ftags&post=1322"}],"curies":[{"name":"wp","href":"https:\/\/api.w.org\/{rel}","templated":true}]}}