{"id":1319,"date":"2021-08-23T13:30:36","date_gmt":"2021-08-23T11:30:36","guid":{"rendered":"http:\/\/karitaszkp.hu\/?p=1319"},"modified":"2021-08-23T13:36:35","modified_gmt":"2021-08-23T11:36:35","slug":"karitasz-vetomag-program","status":"publish","type":"post","link":"https:\/\/karitaszkozpont.hu\/?p=1319","title":{"rendered":"Karit\u00e1sz vet\u0151mag-program"},"content":{"rendered":"\n<p class=\"has-white-color has-vivid-red-background-color has-text-color has-background has-large-font-size\"><strong>\u00d6ngondoskod\u00f3 h\u00e1ztart\u00e1sok: Karit\u00e1sz vet\u0151mag-program<\/strong><\/p>\n\n\n\n<p>A Katolikus Karit\u00e1sz 2021-ben \u00fajra meghirdette az \u00d6ngondoskod\u00f3 H\u00e1ztart\u00e1sok &#8211; Z\u00f6ldell\u0151 Kertek programot, amibe bekapcsol\u00f3dott az Esztergom-Budapesti F\u0151egyh\u00e1zmegye Szent Erzs\u00e9bet Karit\u00e1sz K\u00f6zpontja saj\u00e1t anyagi er\u0151it is mozg\u00f3s\u00edtva. \u00cdgy a Szentendre-Pom\u00e1zi \u00e9s az Esztergom-Baj\u00f3ti R\u00e9gi\u00f3 mellett m\u00e1r t\u00f6bb budapesti ker\u00fclet is, csaknem 200 csal\u00e1d r\u00e9szes\u00fclt a 23 f\u00e9le vet\u0151magb\u00f3l \u00e1ll\u00f3 adom\u00e1nyb\u00f3l, amelynek rendszeres gondoz\u00e1s\u00e1val testi-lelki t\u00e1pl\u00e1l\u00e9khoz, \u00e9lelmiszerhez \u00e9s \u00f6nbizalomhoz jutnak a r\u00e1szorul\u00f3k. Az al\u00e1bbi vide\u00f3 k\u00e9pei bemutatj\u00e1k a vet\u0151magok \u00fatj\u00e1t a sz\u00e1ll\u00edt\u00e1st\u00f3l az adom\u00e1nyoz\u00e1son \u00e1t eg\u00e9szen az asztalig. <\/p>\n\n\n\n<p>A k\u00e9peket k\u00e9sz\u00edtett\u00e9k a Szent Erzs\u00e9bet Karit\u00e1sz K\u00f6zpont munkat\u00e1rsai \u00e9s \u00f6nk\u00e9ntesei.<\/p>\n\n\n\n<figure class=\"wp-block-embed is-type-video is-provider-youtube wp-block-embed-youtube wp-embed-aspect-16-9 wp-has-aspect-ratio\"><div class=\"wp-block-embed__wrapper\">\n<iframe loading=\"lazy\" title=\"\u00d6ngondoskod\u00f3 h\u00e1ztart\u00e1sok: Karit\u00e1sz vet\u0151mag-program\" width=\"640\" height=\"360\" src=\"https:\/\/www.youtube.com\/embed\/aZOW2edJBJ4?feature=oembed\" frameborder=\"0\" allow=\"accelerometer; autoplay; clipboard-write; encrypted-media; gyroscope; picture-in-picture\" allowfullscreen><\/iframe>\n<\/div><\/figure>\n","protected":false},"excerpt":{"rendered":"<p>\u00d6ngondoskod\u00f3 h\u00e1ztart\u00e1sok: Karit\u00e1sz vet\u0151mag-program A Katolikus Karit\u00e1sz 2021-ben \u00fajra meghirdette az \u00d6ngondoskod\u00f3 H\u00e1ztart\u00e1sok &#8211; Z\u00f6ldell\u0151 Kertek programot, amibe bekapcsol\u00f3dott az Esztergom-Budapesti F\u0151egyh\u00e1zmegye Szent Erzs\u00e9bet Karit\u00e1sz K\u00f6zpontja saj\u00e1t anyagi er\u0151it is mozg\u00f3s\u00edtva. \u00cdgy a Szentendre-Pom\u00e1zi \u00e9s az Esztergom-Baj\u00f3ti R\u00e9gi\u00f3 mellett m\u00e1r t\u00f6bb budapesti ker\u00fclet is, csaknem 200 csal\u00e1d r\u00e9szes\u00fclt a 23 f\u00e9le vet\u0151magb\u00f3l \u00e1ll\u00f3 adom\u00e1nyb\u00f3l, amelynek &hellip; <\/p>\n<p class=\"link-more\"><a href=\"https:\/\/karitaszkozpont.hu\/?p=1319\" class=\"more-link\">Continue reading<span class=\"screen-reader-text\"> &#8222;Karit\u00e1sz vet\u0151mag-program&#8221;<\/span><\/a><\/p>\n","protected":false},"author":1,"featured_media":1320,"comment_status":"open","ping_status":"open","sticky":false,"template":"","format":"standard","meta":[],"categories":[4],"tags":[],"yoast_head":"<!-- This site is optimized with the Yoast SEO plugin v20.1 - https:\/\/yoast.com\/wordpress\/plugins\/seo\/ -->\n<title>Karit\u00e1sz vet\u0151mag-program - Szent Erzs\u00e9bet Karit\u00e1sz K\u00f6zpont<\/title>\n<meta name=\"robots\" content=\"index, follow, max-snippet:-1, max-image-preview:large, max-video-preview:-1\" \/>\n<link rel=\"canonical\" href=\"https:\/\/karitaszkozpont.hu\/?p=1319\" \/>\n<meta property=\"og:locale\" content=\"hu_HU\" \/>\n<meta property=\"og:type\" content=\"article\" \/>\n<meta property=\"og:title\" content=\"Karit\u00e1sz vet\u0151mag-program - Szent Erzs\u00e9bet Karit\u00e1sz K\u00f6zpont\" \/>\n<meta property=\"og:description\" content=\"\u00d6ngondoskod\u00f3 h\u00e1ztart\u00e1sok: Karit\u00e1sz vet\u0151mag-program A Katolikus Karit\u00e1sz 2021-ben \u00fajra meghirdette az \u00d6ngondoskod\u00f3 H\u00e1ztart\u00e1sok &#8211; Z\u00f6ldell\u0151 Kertek programot, amibe bekapcsol\u00f3dott az Esztergom-Budapesti F\u0151egyh\u00e1zmegye Szent Erzs\u00e9bet Karit\u00e1sz K\u00f6zpontja saj\u00e1t anyagi er\u0151it is mozg\u00f3s\u00edtva. \u00cdgy a Szentendre-Pom\u00e1zi \u00e9s az Esztergom-Baj\u00f3ti R\u00e9gi\u00f3 mellett m\u00e1r t\u00f6bb budapesti ker\u00fclet is, csaknem 200 csal\u00e1d r\u00e9szes\u00fclt a 23 f\u00e9le vet\u0151magb\u00f3l \u00e1ll\u00f3 adom\u00e1nyb\u00f3l, amelynek &hellip; Continue reading &quot;Karit\u00e1sz vet\u0151mag-program&quot;\" \/>\n<meta property=\"og:url\" content=\"https:\/\/karitaszkozpont.hu\/?p=1319\" \/>\n<meta property=\"og:site_name\" content=\"Szent Erzs\u00e9bet Karit\u00e1sz K\u00f6zpont\" \/>\n<meta property=\"article:published_time\" content=\"2021-08-23T11:30:36+00:00\" \/>\n<meta property=\"article:modified_time\" content=\"2021-08-23T11:36:35+00:00\" \/>\n<meta property=\"og:image\" content=\"https:\/\/karitaszkozpont.hu\/wp-content\/uploads\/2021\/08\/safe_image.jpg\" \/>\n\t<meta property=\"og:image:width\" content=\"500\" \/>\n\t<meta property=\"og:image:height\" content=\"261\" \/>\n\t<meta property=\"og:image:type\" content=\"image\/jpeg\" \/>\n<meta name=\"author\" content=\"Karit\u00e1sz K\u00f6zpont\" \/>\n<meta name=\"twitter:card\" content=\"summary_large_image\" \/>\n<meta name=\"twitter:label1\" content=\"Szerz\u0151:\" \/>\n\t<meta name=\"twitter:data1\" content=\"Karit\u00e1sz K\u00f6zpont\" \/>\n\t<meta name=\"twitter:label2\" content=\"Becs\u00fclt olvas\u00e1si id\u0151\" \/>\n\t<meta name=\"twitter:data2\" content=\"1 perc\" \/>\n<script type=\"application\/ld+json\" class=\"yoast-schema-graph\">{\"@context\":\"https:\/\/schema.org\",\"@graph\":[{\"@type\":\"Article\",\"@id\":\"https:\/\/karitaszkozpont.hu\/?p=1319#article\",\"isPartOf\":{\"@id\":\"https:\/\/karitaszkozpont.hu\/?p=1319\"},\"author\":{\"name\":\"Karit\u00e1sz K\u00f6zpont\",\"@id\":\"https:\/\/karitaszkozpont.hu\/#\/schema\/person\/0d9c28244c111914ea13bb1248775e57\"},\"headline\":\"Karit\u00e1sz vet\u0151mag-program\",\"datePublished\":\"2021-08-23T11:30:36+00:00\",\"dateModified\":\"2021-08-23T11:36:35+00:00\",\"mainEntityOfPage\":{\"@id\":\"https:\/\/karitaszkozpont.hu\/?p=1319\"},\"wordCount\":162,\"commentCount\":0,\"publisher\":{\"@id\":\"https:\/\/karitaszkozpont.hu\/#organization\"},\"articleSection\":[\"H\u00edrek\"],\"inLanguage\":\"hu\",\"potentialAction\":[{\"@type\":\"CommentAction\",\"name\":\"Comment\",\"target\":[\"https:\/\/karitaszkozpont.hu\/?p=1319#respond\"]}]},{\"@type\":\"WebPage\",\"@id\":\"https:\/\/karitaszkozpont.hu\/?p=1319\",\"url\":\"https:\/\/karitaszkozpont.hu\/?p=1319\",\"name\":\"Karit\u00e1sz vet\u0151mag-program - Szent Erzs\u00e9bet Karit\u00e1sz K\u00f6zpont\",\"isPartOf\":{\"@id\":\"https:\/\/karitaszkozpont.hu\/#website\"},\"datePublished\":\"2021-08-23T11:30:36+00:00\",\"dateModified\":\"2021-08-23T11:36:35+00:00\",\"breadcrumb\":{\"@id\":\"https:\/\/karitaszkozpont.hu\/?p=1319#breadcrumb\"},\"inLanguage\":\"hu\",\"potentialAction\":[{\"@type\":\"ReadAction\",\"target\":[\"https:\/\/karitaszkozpont.hu\/?p=1319\"]}]},{\"@type\":\"BreadcrumbList\",\"@id\":\"https:\/\/karitaszkozpont.hu\/?p=1319#breadcrumb\",\"itemListElement\":[{\"@type\":\"ListItem\",\"position\":1,\"name\":\"Kezd\u0151lap\",\"item\":\"https:\/\/karitaszkozpont.hu\/\"},{\"@type\":\"ListItem\",\"position\":2,\"name\":\"Karit\u00e1sz vet\u0151mag-program\"}]},{\"@type\":\"WebSite\",\"@id\":\"https:\/\/karitaszkozpont.hu\/#website\",\"url\":\"https:\/\/karitaszkozpont.hu\/\",\"name\":\"Szent Erzs\u00e9bet Karit\u00e1sz K\u00f6zpont\",\"description\":\"Esztergom-Budapesti F\u0151egyh\u00e1zmegye\",\"publisher\":{\"@id\":\"https:\/\/karitaszkozpont.hu\/#organization\"},\"potentialAction\":[{\"@type\":\"SearchAction\",\"target\":{\"@type\":\"EntryPoint\",\"urlTemplate\":\"https:\/\/karitaszkozpont.hu\/?s={search_term_string}\"},\"query-input\":\"required name=search_term_string\"}],\"inLanguage\":\"hu\"},{\"@type\":\"Organization\",\"@id\":\"https:\/\/karitaszkozpont.hu\/#organization\",\"name\":\"Szent Erzs\u00e9bet Karit\u00e1sz K\u00f6zpont\",\"url\":\"https:\/\/karitaszkozpont.hu\/\",\"logo\":{\"@type\":\"ImageObject\",\"inLanguage\":\"hu\",\"@id\":\"https:\/\/karitaszkozpont.hu\/#\/schema\/logo\/image\/\",\"url\":\"https:\/\/karitaszkp.hu\/wp-content\/uploads\/2019\/06\/cropped-logo-arnyekos-1.png\",\"contentUrl\":\"https:\/\/karitaszkp.hu\/wp-content\/uploads\/2019\/06\/cropped-logo-arnyekos-1.png\",\"width\":240,\"height\":247,\"caption\":\"Szent Erzs\u00e9bet Karit\u00e1sz K\u00f6zpont\"},\"image\":{\"@id\":\"https:\/\/karitaszkozpont.hu\/#\/schema\/logo\/image\/\"}},{\"@type\":\"Person\",\"@id\":\"https:\/\/karitaszkozpont.hu\/#\/schema\/person\/0d9c28244c111914ea13bb1248775e57\",\"name\":\"Karit\u00e1sz K\u00f6zpont\",\"image\":{\"@type\":\"ImageObject\",\"inLanguage\":\"hu\",\"@id\":\"https:\/\/karitaszkozpont.hu\/#\/schema\/person\/image\/\",\"url\":\"https:\/\/secure.gravatar.com\/avatar\/1274acd7c62f3cac92d2b38aad20c71b?s=96&d=mm&r=g\",\"contentUrl\":\"https:\/\/secure.gravatar.com\/avatar\/1274acd7c62f3cac92d2b38aad20c71b?s=96&d=mm&r=g\",\"caption\":\"Karit\u00e1sz K\u00f6zpont\"},\"url\":\"https:\/\/karitaszkozpont.hu\/?author=1\"}]}<\/script>\n<!-- \/ Yoast SEO plugin. -->","yoast_head_json":{"title":"Karit\u00e1sz vet\u0151mag-program - Szent Erzs\u00e9bet Karit\u00e1sz K\u00f6zpont","robots":{"index":"index","follow":"follow","max-snippet":"max-snippet:-1","max-image-preview":"max-image-preview:large","max-video-preview":"max-video-preview:-1"},"canonical":"https:\/\/karitaszkozpont.hu\/?p=1319","og_locale":"hu_HU","og_type":"article","og_title":"Karit\u00e1sz vet\u0151mag-program - Szent Erzs\u00e9bet Karit\u00e1sz K\u00f6zpont","og_description":"\u00d6ngondoskod\u00f3 h\u00e1ztart\u00e1sok: Karit\u00e1sz vet\u0151mag-program A Katolikus Karit\u00e1sz 2021-ben \u00fajra meghirdette az \u00d6ngondoskod\u00f3 H\u00e1ztart\u00e1sok &#8211; Z\u00f6ldell\u0151 Kertek programot, amibe bekapcsol\u00f3dott az Esztergom-Budapesti F\u0151egyh\u00e1zmegye Szent Erzs\u00e9bet Karit\u00e1sz K\u00f6zpontja saj\u00e1t anyagi er\u0151it is mozg\u00f3s\u00edtva. \u00cdgy a Szentendre-Pom\u00e1zi \u00e9s az Esztergom-Baj\u00f3ti R\u00e9gi\u00f3 mellett m\u00e1r t\u00f6bb budapesti ker\u00fclet is, csaknem 200 csal\u00e1d r\u00e9szes\u00fclt a 23 f\u00e9le vet\u0151magb\u00f3l \u00e1ll\u00f3 adom\u00e1nyb\u00f3l, amelynek &hellip; Continue reading \"Karit\u00e1sz vet\u0151mag-program\"","og_url":"https:\/\/karitaszkozpont.hu\/?p=1319","og_site_name":"Szent Erzs\u00e9bet Karit\u00e1sz K\u00f6zpont","article_published_time":"2021-08-23T11:30:36+00:00","article_modified_time":"2021-08-23T11:36:35+00:00","og_image":[{"width":500,"height":261,"url":"https:\/\/karitaszkozpont.hu\/wp-content\/uploads\/2021\/08\/safe_image.jpg","type":"image\/jpeg"}],"author":"Karit\u00e1sz K\u00f6zpont","twitter_card":"summary_large_image","twitter_misc":{"Szerz\u0151:":"Karit\u00e1sz K\u00f6zpont","Becs\u00fclt olvas\u00e1si id\u0151":"1 perc"},"schema":{"@context":"https:\/\/schema.org","@graph":[{"@type":"Article","@id":"https:\/\/karitaszkozpont.hu\/?p=1319#article","isPartOf":{"@id":"https:\/\/karitaszkozpont.hu\/?p=1319"},"author":{"name":"Karit\u00e1sz K\u00f6zpont","@id":"https:\/\/karitaszkozpont.hu\/#\/schema\/person\/0d9c28244c111914ea13bb1248775e57"},"headline":"Karit\u00e1sz vet\u0151mag-program","datePublished":"2021-08-23T11:30:36+00:00","dateModified":"2021-08-23T11:36:35+00:00","mainEntityOfPage":{"@id":"https:\/\/karitaszkozpont.hu\/?p=1319"},"wordCount":162,"commentCount":0,"publisher":{"@id":"https:\/\/karitaszkozpont.hu\/#organization"},"articleSection":["H\u00edrek"],"inLanguage":"hu","potentialAction":[{"@type":"CommentAction","name":"Comment","target":["https:\/\/karitaszkozpont.hu\/?p=1319#respond"]}]},{"@type":"WebPage","@id":"https:\/\/karitaszkozpont.hu\/?p=1319","url":"https:\/\/karitaszkozpont.hu\/?p=1319","name":"Karit\u00e1sz vet\u0151mag-program - Szent Erzs\u00e9bet Karit\u00e1sz K\u00f6zpont","isPartOf":{"@id":"https:\/\/karitaszkozpont.hu\/#website"},"datePublished":"2021-08-23T11:30:36+00:00","dateModified":"2021-08-23T11:36:35+00:00","breadcrumb":{"@id":"https:\/\/karitaszkozpont.hu\/?p=1319#breadcrumb"},"inLanguage":"hu","potentialAction":[{"@type":"ReadAction","target":["https:\/\/karitaszkozpont.hu\/?p=1319"]}]},{"@type":"BreadcrumbList","@id":"https:\/\/karitaszkozpont.hu\/?p=1319#breadcrumb","itemListElement":[{"@type":"ListItem","position":1,"name":"Kezd\u0151lap","item":"https:\/\/karitaszkozpont.hu\/"},{"@type":"ListItem","position":2,"name":"Karit\u00e1sz vet\u0151mag-program"}]},{"@type":"WebSite","@id":"https:\/\/karitaszkozpont.hu\/#website","url":"https:\/\/karitaszkozpont.hu\/","name":"Szent Erzs\u00e9bet Karit\u00e1sz K\u00f6zpont","description":"Esztergom-Budapesti F\u0151egyh\u00e1zmegye","publisher":{"@id":"https:\/\/karitaszkozpont.hu\/#organization"},"potentialAction":[{"@type":"SearchAction","target":{"@type":"EntryPoint","urlTemplate":"https:\/\/karitaszkozpont.hu\/?s={search_term_string}"},"query-input":"required name=search_term_string"}],"inLanguage":"hu"},{"@type":"Organization","@id":"https:\/\/karitaszkozpont.hu\/#organization","name":"Szent Erzs\u00e9bet Karit\u00e1sz K\u00f6zpont","url":"https:\/\/karitaszkozpont.hu\/","logo":{"@type":"ImageObject","inLanguage":"hu","@id":"https:\/\/karitaszkozpont.hu\/#\/schema\/logo\/image\/","url":"https:\/\/karitaszkp.hu\/wp-content\/uploads\/2019\/06\/cropped-logo-arnyekos-1.png","contentUrl":"https:\/\/karitaszkp.hu\/wp-content\/uploads\/2019\/06\/cropped-logo-arnyekos-1.png","width":240,"height":247,"caption":"Szent Erzs\u00e9bet Karit\u00e1sz K\u00f6zpont"},"image":{"@id":"https:\/\/karitaszkozpont.hu\/#\/schema\/logo\/image\/"}},{"@type":"Person","@id":"https:\/\/karitaszkozpont.hu\/#\/schema\/person\/0d9c28244c111914ea13bb1248775e57","name":"Karit\u00e1sz K\u00f6zpont","image":{"@type":"ImageObject","inLanguage":"hu","@id":"https:\/\/karitaszkozpont.hu\/#\/schema\/person\/image\/","url":"https:\/\/secure.gravatar.com\/avatar\/1274acd7c62f3cac92d2b38aad20c71b?s=96&d=mm&r=g","contentUrl":"https:\/\/secure.gravatar.com\/avatar\/1274acd7c62f3cac92d2b38aad20c71b?s=96&d=mm&r=g","caption":"Karit\u00e1sz K\u00f6zpont"},"url":"https:\/\/karitaszkozpont.hu\/?author=1"}]}},"_links":{"self":[{"href":"https:\/\/karitaszkozpont.hu\/index.php?rest_route=\/wp\/v2\/posts\/1319"}],"collection":[{"href":"https:\/\/karitaszkozpont.hu\/index.php?rest_route=\/wp\/v2\/posts"}],"about":[{"href":"https:\/\/karitaszkozpont.hu\/index.php?rest_route=\/wp\/v2\/types\/post"}],"author":[{"embeddable":true,"href":"https:\/\/karitaszkozpont.hu\/index.php?rest_route=\/wp\/v2\/users\/1"}],"replies":[{"embeddable":true,"href":"https:\/\/karitaszkozpont.hu\/index.php?rest_route=%2Fwp%2Fv2%2Fcomments&post=1319"}],"version-history":[{"count":3,"href":"https:\/\/karitaszkozpont.hu\/index.php?rest_route=\/wp\/v2\/posts\/1319\/revisions"}],"predecessor-version":[{"id":1326,"href":"https:\/\/karitaszkozpont.hu\/index.php?rest_route=\/wp\/v2\/posts\/1319\/revisions\/1326"}],"wp:featuredmedia":[{"embeddable":true,"href":"https:\/\/karitaszkozpont.hu\/index.php?rest_route=\/wp\/v2\/media\/1320"}],"wp:attachment":[{"href":"https:\/\/karitaszkozpont.hu\/index.php?rest_route=%2Fwp%2Fv2%2Fmedia&parent=1319"}],"wp:term":[{"taxonomy":"category","embeddable":true,"href":"https:\/\/karitaszkozpont.hu\/index.php?rest_route=%2Fwp%2Fv2%2Fcategories&post=1319"},{"taxonomy":"post_tag","embeddable":true,"href":"https:\/\/karitaszkozpont.hu\/index.php?rest_route=%2Fwp%2Fv2%2Ftags&post=1319"}],"curies":[{"name":"wp","href":"https:\/\/api.w.org\/{rel}","templated":true}]}}