{"id":1316,"date":"2021-08-21T13:58:20","date_gmt":"2021-08-21T11:58:20","guid":{"rendered":"http:\/\/karitaszkp.hu\/?p=1316"},"modified":"2021-08-21T13:58:20","modified_gmt":"2021-08-21T11:58:20","slug":"129-karitasz-egyperces","status":"publish","type":"post","link":"https:\/\/karitaszkozpont.hu\/?p=1316","title":{"rendered":"129. Karit\u00e1sz Egyperces"},"content":{"rendered":"\n<p class=\"has-white-color has-vivid-red-background-color has-text-color has-background has-large-font-size\"><strong>129. Szent Istv\u00e1n ideje \u00e9s a mi korszakunk<\/strong><\/p>\n\n\n\n<p class=\"has-background\" style=\"background-color:#cacaca\"><em>\u201eIsten\u00fcnk, te Szent Istv\u00e1n kir\u00e1lyt itt a f\u00f6ld\u00f6n orsz\u00e1gunk koron\u00e1j\u00e1val \u00e9kes\u00edtetted, \u00e9s szentjeid k\u00f6z\u00e9 emelted. Add, k\u00e9r\u00fcnk, hogy aki a kereszt\u00e9ny hit terjeszt\u0151je volt haz\u00e1nkban, legyen Egyh\u00e1zad v\u00e9delmez\u0151je a mennyben.\u201d&nbsp;(az \u00fcnnepi szentmise kollekta k\u00f6ny\u00f6rg\u00e9se)<\/em><\/p>\n\n\n\n<p>Kedves Karit\u00e1sz \u00d6nk\u00e9ntesek, Munkat\u00e1rsak, Testv\u00e9rek az \u00darban!<\/p>\n\n\n\n<p>&nbsp;&nbsp;&nbsp;&nbsp;&nbsp;&nbsp;&nbsp;&nbsp;&nbsp;&nbsp;&nbsp; Neh\u00e9z a t\u00f6rt\u00e9nelmi korszakokat \u00f6sszehasonl\u00edtani, hogy melyik volt nehezebb, vesz\u00e9lyesebb haz\u00e1nk l\u00e9t\u00e9re n\u00e9zve, de az\u00e9rt azt \u00e1ll\u00edthatjuk, hogy effekt\u00edv h\u00e1bor\u00fat nem szenvedt\u00fcnk k\u00e9t ember\u00f6lt\u0151 \u00f3ta, nem \u00fagy mint ahogy Szent Istv\u00e1n kor\u00e1ban t\u00f6rt\u00e9nt.<\/p>\n\n\n\n<p>A harc azonban a f\u00f6ld\u00f6n mindv\u00e9gig megmarad, az Igazs\u00e1g \u00e9s a Szeretet gy\u0151zelm\u00e9\u00e9rt minden korban meg kell k\u00fczdeni. Annak ellen\u00e9re, hogy biztosak lehet\u00fcnk Krisztusnak, az Igazs\u00e1gnak \u00e9s a Szeretetnek a v\u00e9gs\u0151 gy\u0151zelm\u00e9ben \u00e9s abban, hogy mindazok gy\u0151znek Vele, akik Vele vannak, Vele harcolnak, tan\u00fas\u00e1got tesznek R\u00f3la. Kitartani m\u00e9gis neh\u00e9z. Nem csak, hogy neh\u00e9z, hanem emberileg lehetetlen k\u00fcldet\u00e9s.<\/p>\n\n\n\n<p>Lehetetlen emberi eszk\u00f6z\u00f6kkel gy\u0151zn\u00fcnk, mert a harc emberfeletti, val\u00f3j\u00e1ban kozmikus. Err\u0151l \u00edr a t\u00f6bbek k\u00f6z\u00f6tt a Jelen\u00e9sek k\u00f6nyve is:&nbsp;<em>\u201eHarc t\u00e1madt az \u00e9gben: Mih\u00e1ly \u00e9s angyalai harcoltak a s\u00e1rk\u00e1nnyal. A s\u00e1rk\u00e1ny \u00e9s angyalai harcoltak, de nem diadalmaskodtak, sem hely\u00fck nem volt t\u00f6bb\u00e9 az \u00e9gben. Ekkor letasz\u00edtott\u00e1k a nagy s\u00e1rk\u00e1nyt, az \u0151sk\u00edgy\u00f3t, akit \u00f6rd\u00f6gnek \u00e9s s\u00e1t\u00e1nnak h\u00edvnak, aki elcs\u00e1b\u00edtja az eg\u00e9sz vil\u00e1got. Letasz\u00edtott\u00e1k a f\u00f6ldre, \u00e9s vele egy\u00fctt angyalait is letasz\u00edtott\u00e1k.\u201d (Jel&nbsp;12, 7-9)<\/em><\/p>\n\n\n\n<p>Szent Istv\u00e1n kir\u00e1ly p\u00e9ld\u00e1ja nem csak a hal\u00e1lig tart\u00f3 h\u0171s\u00e9gnek, hanem a hal\u00e1lon t\u00falra mutat\u00f3 gondoskod\u00e1snak is. Miut\u00e1n emberileg minden biztos\u00edt\u00e9k\u00e1t elvesz\u00edtett Szent Imre herceg hal\u00e1l\u00e1val, nem adta fel a k\u00fczdelmet, hanem a Sz\u0171zany\u00e1ra b\u00edzta haz\u00e1nk sors\u00e1t. Nagyboldogasszony lett haz\u00e1nk oltalmaz\u00f3ja, p\u00e1tr\u00f3n\u00e1ja, nagyasszonya. A legjobb megold\u00e1st v\u00e1lasztotta, mely bizos\u00edt\u00e9ka lett annak, hogy Magyarorsz\u00e1g, M\u00e1ria orsz\u00e1ga minden t\u00f6rt\u00e9nelmi korszakot \u00e1tv\u00e9szeljen, megmaradjon \u00e9s r\u00e9szese legyen a teljes gy\u0151zelemben. Tegnap is megt\u00f6rt\u00e9nt ez a felaj\u00e1nl\u00e1s B\u00edboros aty\u00e1val \u00e9s a magyar p\u00fcsp\u00f6k\u00f6kkel, a paps\u00e1ggal \u00e9s a vel\u00fcnk, h\u00edvekkel egy\u00fctt.<\/p>\n\n\n\n<p>Mi pedig, minden korok magyarjai, kereszt\u00e9nyei annak az \u00f6r\u00f6k dics\u0151s\u00e9gnek vagyunk m\u00e1r most a v\u00e1rom\u00e1nyosai, s\u0151t r\u00e9szben birtokosai (ha le nem t\u00e9r\u00fcnk az \u00datr\u00f3l), amiben a Sz\u0171zany\u00e1nak, Szent Istv\u00e1n kir\u00e1lynak, minden magyar \u00e9s egyetemes szentnek r\u00e9sze van. A mott\u00f3ban az Egyh\u00e1z k\u00f6ny\u00f6rg\u00e9se \u00e9ppen err\u0151l tesz tan\u00fas\u00e1got, kieg\u00e9sz\u00edtve azzal, hogy a szentek k\u00f6z\u00f6ss\u00e9ge lehet\u0151s\u00e9get ad sz\u00e1munkra, hogy a f\u00f6ldi harcban a term\u00e9szetfeletti eszk\u00f6z\u00f6kkel is \u00e9lj\u00fcnk. Szent Istv\u00e1n ugyanis sz\u00fcntelen\u00fcl v\u00e9delmezi haz\u00e1nkat \u00e9s Egyh\u00e1zunkat a Sz\u0171zany\u00e1val, a magyar szentekkel \u00e9s \u0150rangyalunkkal egy\u00fctt.<\/p>\n\n\n\n<p><strong>Ez m\u00e1r el\u00e9g nagy \u00e9gi seg\u00edts\u00e9g. Adjon er\u0151t sz\u00e1munkra ez az \u00fcnnep \u00e9s a hit abban, hogy c\u00e9lba \u00e9r\u00fcnk \u00e9s r\u00e9sz\u00fcnk lesz az \u00f6r\u00f6k dics\u0151s\u00e9gben! Ha hissz\u00fck, meglesz, ha nem hissz\u00fck, nem lesz meg. Mi a karit\u00e1szban tegy\u00fcnk meg mindent, amire az \u00dar \u00e9s az Egyh\u00e1z ebben a szolg\u00e1latban h\u00edvott! Tegy\u00fcnk tov\u00e1bbra tan\u00fas\u00e1got nagy lend\u00fclettel, h\u0171s\u00e9gben Isten szeretet\u00e9r\u0151l a r\u00e1szorul\u00f3k, szeg\u00e9nyek szolg\u00e1lat\u00e1ban Szent Istv\u00e1n hit\u00e9vel \u00e9s lelki erjev\u00e9vel!<\/strong><\/p>\n\n\n\n<p>Hirdet\u00e9sek:<\/p>\n\n\n\n<p>\u00b7&nbsp;&nbsp;&nbsp;&nbsp;&nbsp;&nbsp;&nbsp;&nbsp;&nbsp;Szeretettel h\u00edvunk \u00e9s v\u00e1runk minden kedves karit\u00e1sz csoportokhoz kapcsol\u00f3d\u00f3 munkat\u00e1rsat, \u00e1lland\u00f3 \u00e9s alkalmi seg\u00edt\u0151t \u00e9s csal\u00e1dj\u00e1t a&nbsp;<strong>II. F\u0151egyh\u00e1zmegyei Karit\u00e1sz Csal\u00e1di \u00dcnnepre<\/strong>.<\/p>\n\n\n\n<p><strong>Id\u0151szakasz: 2021. augusztus 28. szombat 9.00 \u2013 16.00 \u00f3ra k\u00f6z\u00f6tt.<\/strong><\/p>\n\n\n\n<p>A program ingyenes, de regisztr\u00e1ci\u00f3hoz k\u00f6t\u00f6tt. A r\u00e9szletes programot a karit\u00e1sz csoportok a vezet\u0151k\u00f6n kereszt\u00fcl megkapt\u00e1k, de aki k\u00e9ri, annak k\u00fcl\u00f6n megk\u00fcldj\u00fck.<\/p>\n\n\n\n<p><strong>Regisztr\u00e1lni aug. 24. keddig lehet<\/strong>&nbsp;e-mailen&nbsp;<a href=\"mailto:szenterzsebet@karitaszkozpont.huv\" target=\"_blank\" rel=\"noreferrer noopener\">szenterzsebet@karitaszkozpont.hu<\/a>&nbsp;vagy telefonon M\u00e1rton Andrea szakmai irodavezet\u0151n\u00e9l (06-30-776-9841).<\/p>\n\n\n\n<p>Budapestr\u0151l is v\u00e1rjuk a csal\u00e1di napra jelentkez\u0151ket, maximum 60 f\u0151-ig, a regisztr\u00e1ci\u00f3 sorrendj\u00e9ben. Budapestr\u0151l jelentkez\u0151knek k\u00f6z\u00f6s indul\u00e1s 8 \u00f3rakor pl. a Budapest, VII. ker\u00fcleti R\u00f3zs\u00e1k terei parkol\u00f3b\u00f3l. Az utaz\u00e1st egy\u00e9nileg is, aut\u00f3kkal is meg lehet szervezni. Visszaindul\u00e1s a k\u00f6z\u00f6s busszal 16.00 \u00f3rakor Baj\u00f3tr\u00f3l.<\/p>\n\n\n\n<p>\u00b7&nbsp;&nbsp;&nbsp;&nbsp;&nbsp;&nbsp;&nbsp;&nbsp;&nbsp;Aki a NEK-en (Nemzetk\u00f6zi Eucharisztikus Kongresszus) a karit\u00e1sz a 3 nagy programon (nyit\u00f3- \u00e9s z\u00e1r\u00f3 szentmise a H\u0151s\u00f6k ter\u00e9n \u00e9s a Kossuth t\u00e9ri szombati szentmise \u00e9s gyert\u00e1s k\u00f6rmenet) egys\u00e9gesen tud megjelenni. Aki szeretne a karit\u00e1szunkkal egy\u00fctt lenni ezeken az esem\u00e9nyken, figyelje az erre vonatkoz\u00f3 r\u00e9szletes t\u00e1j\u00e9koztat\u00f3t, amit megk\u00fcldt\u00fcnk a karit\u00e1sz csoportoknak a vezet\u0151k\u00f6n, r\u00e9gi\u00f3vezet\u0151k\u00f6n kereszt\u00fcl.<\/p>\n\n\n\n<p>\u00b7&nbsp;&nbsp;&nbsp;&nbsp;&nbsp;&nbsp;&nbsp;&nbsp;&nbsp;Ez\u00faton is k\u00f6sz\u00f6n\u00f6m mindenkinek, aki tegnap r\u00e9szt vett vel\u00fcnk szem\u00e9lyesen a Szent Istv\u00e1n \u00fcnnepen a Bazilik\u00e1n\u00e1l! Nagyon j\u00f3 volt egy\u00fctt \u00fcnnepelni, im\u00e1dkozni, k\u00e9pviselni az Egyh\u00e1z szeretetszolg\u00e1lat\u00e1t! Nagy sz\u00e1mban, egys\u00e9ges ruh\u00e1ban, voltunk, mark\u00e1nsan, m\u00e9lt\u00f3n jelent\u00fcnk.meg.<\/p>\n\n\n\n<p>\u00b7&nbsp;&nbsp;&nbsp;&nbsp;&nbsp;&nbsp;&nbsp;&nbsp;&nbsp;A k\u00f6vetkez\u0151 karit\u00e1sz m\u0171sorunk a M\u00e1ria R\u00e1di\u00f3ban szeptember 1-\u00e9n szerd\u00e1n 10.50 \u00f3rakor kezd\u0151dik.<\/p>\n\n\n\n<p>\u00b7&nbsp;&nbsp;&nbsp;&nbsp;&nbsp;&nbsp;&nbsp;&nbsp;&nbsp;Kor\u00e1bbi m\u0171soraink itt hallgathat\u00f3k meg:&nbsp;<a href=\"https:\/\/www.mariaradio.hu\/musor\/4814\/Tevekeny_Szeretet\" target=\"_blank\" rel=\"noreferrer noopener\">https:\/\/www.mariaradio.hu\/musor\/4814\/Tevekeny_Szeretet<\/a><\/p>\n\n\n\n<p>\u00b7&nbsp;&nbsp;&nbsp;&nbsp;&nbsp;&nbsp;&nbsp;&nbsp;&nbsp;Felh\u00edvom mindenki figyelm\u00e9t, hogy a facebook- \u00e9s weboldalunkon folyamatosan friss\u00fclnek a h\u00edreink.&nbsp;<a href=\"http:\/\/www.karitaszkp.hu\/\" target=\"_blank\" rel=\"noreferrer noopener\">www.karitaszkp.hu<\/a>&nbsp;,&nbsp;<a href=\"https:\/\/www.facebook.com\/szenterzsebetkaritaszkozpont\" target=\"_blank\" rel=\"noreferrer noopener\">Esztergom-Budapesti F\u0151egyh\u00e1zmegye Szent Erzs\u00e9bet Karit\u00e1sz K\u00f6zpont | Facebook<\/a><\/p>\n\n\n\n<p>\u00b7&nbsp;&nbsp;&nbsp;&nbsp;&nbsp;&nbsp;&nbsp;&nbsp;&nbsp;A Szent Erzs\u00e9bet Karit\u00e1sz K\u00f6zpont k\u00e9r\u00e9s\u00e9re f\u0151tisztelend\u0151 Feldhoffer Antal pl\u00e9b\u00e1nos atya minden els\u0151 h\u00e9tf\u0151n 15.30-kor karit\u00e1sz szentmis\u00e9t mutat be a 1035 Budapest, III. ker. K\u00f3rh\u00e1z u. 37. sz\u00e1m alatti Szent J\u00f3zsef templomban. Misesz\u00e1nd\u00e9k: \u00e9l\u0151 \u00e9s elhunyt karit\u00e1szosok\u00e9rt. A k\u00f6vetkez\u0151 alkalom szeptember 13-\u00e1n lesz, a NEK ut\u00e1n (ez\u00e9rt kiv\u00e9telesen a 2. h\u00e9tf\u0151n).<\/p>\n\n\n\n<p>Csorba G\u00e1bor<\/p>\n\n\n\n<p>\u00e1lland\u00f3 diak\u00f3nus, karit\u00e1sz igazgat\u00f3<\/p>\n\n\n\n<p>Esztergom-Budapesti F\u0151egyh\u00e1zmegye<\/p>\n\n\n\n<p>Szent Erzs\u00e9bet Karit\u00e1sz K\u00f6zpont<\/p>\n\n\n\n<p class=\"has-background\" style=\"background-color:#cacaca\">Iroda:&nbsp;<a href=\"https:\/\/www.google.com\/maps\/search\/1035+Budapest,+K%C3%B3rh%C3%A1z+utca+37?entry=gmail&amp;source=g\">1035 Budapest, K\u00f3rh\u00e1z utca 37<\/a>.<\/p>\n\n\n\n<p class=\"has-background\" style=\"background-color:#cacaca\">Telefon: +36-1-351-1977<\/p>\n\n\n\n<p class=\"has-background\" style=\"background-color:#cacaca\">Mobil: +36-30-592-1483<\/p>\n\n\n\n<p class=\"has-background\" style=\"background-color:#cacaca\">E-mail:&nbsp;<a href=\"mailto:szenterzsebet@karitaszkozpont.hu\" target=\"_blank\" rel=\"noreferrer noopener\">szenterzsebet@karitaszkozpont.hu<\/a><\/p>\n\n\n\n<p class=\"has-background\" style=\"background-color:#cacaca\">Honlap:&nbsp;<a href=\"http:\/\/www.karitaszkp.hu\/\" target=\"_blank\" rel=\"noreferrer noopener\">www.karitaszkp.hu<\/a><\/p>\n\n\n\n<p class=\"has-background\" style=\"background-color:#cacaca\">A kor\u00e1bbi egypercesek itt \u00e9rhet\u0151k el:&nbsp;<a href=\"https:\/\/karitaszegypercesek.blogspot.com\/\" target=\"_blank\" rel=\"noreferrer noopener\">https:\/\/karitaszegypercesek.blogspot.com\/<\/a><\/p>\n","protected":false},"excerpt":{"rendered":"<p>129. Szent Istv\u00e1n ideje \u00e9s a mi korszakunk \u201eIsten\u00fcnk, te Szent Istv\u00e1n kir\u00e1lyt itt a f\u00f6ld\u00f6n orsz\u00e1gunk koron\u00e1j\u00e1val \u00e9kes\u00edtetted, \u00e9s szentjeid k\u00f6z\u00e9 emelted. Add, k\u00e9r\u00fcnk, hogy aki a kereszt\u00e9ny hit terjeszt\u0151je volt haz\u00e1nkban, legyen Egyh\u00e1zad v\u00e9delmez\u0151je a mennyben.\u201d&nbsp;(az \u00fcnnepi szentmise kollekta k\u00f6ny\u00f6rg\u00e9se) Kedves Karit\u00e1sz \u00d6nk\u00e9ntesek, Munkat\u00e1rsak, Testv\u00e9rek az \u00darban! &nbsp;&nbsp;&nbsp;&nbsp;&nbsp;&nbsp;&nbsp;&nbsp;&nbsp;&nbsp;&nbsp; Neh\u00e9z a t\u00f6rt\u00e9nelmi korszakokat \u00f6sszehasonl\u00edtani, &hellip; <\/p>\n<p class=\"link-more\"><a href=\"https:\/\/karitaszkozpont.hu\/?p=1316\" class=\"more-link\">Continue reading<span class=\"screen-reader-text\"> &#8222;129. Karit\u00e1sz Egyperces&#8221;<\/span><\/a><\/p>\n","protected":false},"author":1,"featured_media":563,"comment_status":"open","ping_status":"open","sticky":false,"template":"","format":"standard","meta":[],"categories":[8],"tags":[],"yoast_head":"<!-- This site is optimized with the Yoast SEO plugin v20.1 - https:\/\/yoast.com\/wordpress\/plugins\/seo\/ -->\n<title>129. Karit\u00e1sz Egyperces - Szent Erzs\u00e9bet Karit\u00e1sz K\u00f6zpont<\/title>\n<meta name=\"robots\" content=\"index, follow, max-snippet:-1, max-image-preview:large, max-video-preview:-1\" \/>\n<link rel=\"canonical\" href=\"https:\/\/karitaszkozpont.hu\/?p=1316\" \/>\n<meta property=\"og:locale\" content=\"hu_HU\" \/>\n<meta property=\"og:type\" content=\"article\" \/>\n<meta property=\"og:title\" content=\"129. Karit\u00e1sz Egyperces - Szent Erzs\u00e9bet Karit\u00e1sz K\u00f6zpont\" \/>\n<meta property=\"og:description\" content=\"129. Szent Istv\u00e1n ideje \u00e9s a mi korszakunk \u201eIsten\u00fcnk, te Szent Istv\u00e1n kir\u00e1lyt itt a f\u00f6ld\u00f6n orsz\u00e1gunk koron\u00e1j\u00e1val \u00e9kes\u00edtetted, \u00e9s szentjeid k\u00f6z\u00e9 emelted. Add, k\u00e9r\u00fcnk, hogy aki a kereszt\u00e9ny hit terjeszt\u0151je volt haz\u00e1nkban, legyen Egyh\u00e1zad v\u00e9delmez\u0151je a mennyben.\u201d&nbsp;(az \u00fcnnepi szentmise kollekta k\u00f6ny\u00f6rg\u00e9se) Kedves Karit\u00e1sz \u00d6nk\u00e9ntesek, Munkat\u00e1rsak, Testv\u00e9rek az \u00darban! &nbsp;&nbsp;&nbsp;&nbsp;&nbsp;&nbsp;&nbsp;&nbsp;&nbsp;&nbsp;&nbsp; Neh\u00e9z a t\u00f6rt\u00e9nelmi korszakokat \u00f6sszehasonl\u00edtani, &hellip; Continue reading &quot;129. Karit\u00e1sz Egyperces&quot;\" \/>\n<meta property=\"og:url\" content=\"https:\/\/karitaszkozpont.hu\/?p=1316\" \/>\n<meta property=\"og:site_name\" content=\"Szent Erzs\u00e9bet Karit\u00e1sz K\u00f6zpont\" \/>\n<meta property=\"article:published_time\" content=\"2021-08-21T11:58:20+00:00\" \/>\n<meta property=\"og:image\" content=\"https:\/\/karitaszkozpont.hu\/wp-content\/uploads\/2019\/07\/egyperceslogo.jpg\" \/>\n\t<meta property=\"og:image:width\" content=\"2300\" \/>\n\t<meta property=\"og:image:height\" content=\"1528\" \/>\n\t<meta property=\"og:image:type\" content=\"image\/jpeg\" \/>\n<meta name=\"author\" content=\"Karit\u00e1sz K\u00f6zpont\" \/>\n<meta name=\"twitter:card\" content=\"summary_large_image\" \/>\n<meta name=\"twitter:label1\" content=\"Szerz\u0151:\" \/>\n\t<meta name=\"twitter:data1\" content=\"Karit\u00e1sz K\u00f6zpont\" \/>\n\t<meta name=\"twitter:label2\" content=\"Becs\u00fclt olvas\u00e1si id\u0151\" \/>\n\t<meta name=\"twitter:data2\" content=\"4 perc\" \/>\n<script type=\"application\/ld+json\" class=\"yoast-schema-graph\">{\"@context\":\"https:\/\/schema.org\",\"@graph\":[{\"@type\":\"Article\",\"@id\":\"https:\/\/karitaszkozpont.hu\/?p=1316#article\",\"isPartOf\":{\"@id\":\"https:\/\/karitaszkozpont.hu\/?p=1316\"},\"author\":{\"name\":\"Karit\u00e1sz K\u00f6zpont\",\"@id\":\"https:\/\/karitaszkozpont.hu\/#\/schema\/person\/0d9c28244c111914ea13bb1248775e57\"},\"headline\":\"129. Karit\u00e1sz Egyperces\",\"datePublished\":\"2021-08-21T11:58:20+00:00\",\"dateModified\":\"2021-08-21T11:58:20+00:00\",\"mainEntityOfPage\":{\"@id\":\"https:\/\/karitaszkozpont.hu\/?p=1316\"},\"wordCount\":1287,\"commentCount\":0,\"publisher\":{\"@id\":\"https:\/\/karitaszkozpont.hu\/#organization\"},\"articleSection\":[\"Egypercesek\"],\"inLanguage\":\"hu\",\"potentialAction\":[{\"@type\":\"CommentAction\",\"name\":\"Comment\",\"target\":[\"https:\/\/karitaszkozpont.hu\/?p=1316#respond\"]}]},{\"@type\":\"WebPage\",\"@id\":\"https:\/\/karitaszkozpont.hu\/?p=1316\",\"url\":\"https:\/\/karitaszkozpont.hu\/?p=1316\",\"name\":\"129. Karit\u00e1sz Egyperces - Szent Erzs\u00e9bet Karit\u00e1sz K\u00f6zpont\",\"isPartOf\":{\"@id\":\"https:\/\/karitaszkozpont.hu\/#website\"},\"datePublished\":\"2021-08-21T11:58:20+00:00\",\"dateModified\":\"2021-08-21T11:58:20+00:00\",\"breadcrumb\":{\"@id\":\"https:\/\/karitaszkozpont.hu\/?p=1316#breadcrumb\"},\"inLanguage\":\"hu\",\"potentialAction\":[{\"@type\":\"ReadAction\",\"target\":[\"https:\/\/karitaszkozpont.hu\/?p=1316\"]}]},{\"@type\":\"BreadcrumbList\",\"@id\":\"https:\/\/karitaszkozpont.hu\/?p=1316#breadcrumb\",\"itemListElement\":[{\"@type\":\"ListItem\",\"position\":1,\"name\":\"Kezd\u0151lap\",\"item\":\"https:\/\/karitaszkozpont.hu\/\"},{\"@type\":\"ListItem\",\"position\":2,\"name\":\"129. Karit\u00e1sz Egyperces\"}]},{\"@type\":\"WebSite\",\"@id\":\"https:\/\/karitaszkozpont.hu\/#website\",\"url\":\"https:\/\/karitaszkozpont.hu\/\",\"name\":\"Szent Erzs\u00e9bet Karit\u00e1sz K\u00f6zpont\",\"description\":\"Esztergom-Budapesti F\u0151egyh\u00e1zmegye\",\"publisher\":{\"@id\":\"https:\/\/karitaszkozpont.hu\/#organization\"},\"potentialAction\":[{\"@type\":\"SearchAction\",\"target\":{\"@type\":\"EntryPoint\",\"urlTemplate\":\"https:\/\/karitaszkozpont.hu\/?s={search_term_string}\"},\"query-input\":\"required name=search_term_string\"}],\"inLanguage\":\"hu\"},{\"@type\":\"Organization\",\"@id\":\"https:\/\/karitaszkozpont.hu\/#organization\",\"name\":\"Szent Erzs\u00e9bet Karit\u00e1sz K\u00f6zpont\",\"url\":\"https:\/\/karitaszkozpont.hu\/\",\"logo\":{\"@type\":\"ImageObject\",\"inLanguage\":\"hu\",\"@id\":\"https:\/\/karitaszkozpont.hu\/#\/schema\/logo\/image\/\",\"url\":\"https:\/\/karitaszkp.hu\/wp-content\/uploads\/2019\/06\/cropped-logo-arnyekos-1.png\",\"contentUrl\":\"https:\/\/karitaszkp.hu\/wp-content\/uploads\/2019\/06\/cropped-logo-arnyekos-1.png\",\"width\":240,\"height\":247,\"caption\":\"Szent Erzs\u00e9bet Karit\u00e1sz K\u00f6zpont\"},\"image\":{\"@id\":\"https:\/\/karitaszkozpont.hu\/#\/schema\/logo\/image\/\"}},{\"@type\":\"Person\",\"@id\":\"https:\/\/karitaszkozpont.hu\/#\/schema\/person\/0d9c28244c111914ea13bb1248775e57\",\"name\":\"Karit\u00e1sz K\u00f6zpont\",\"image\":{\"@type\":\"ImageObject\",\"inLanguage\":\"hu\",\"@id\":\"https:\/\/karitaszkozpont.hu\/#\/schema\/person\/image\/\",\"url\":\"https:\/\/secure.gravatar.com\/avatar\/1274acd7c62f3cac92d2b38aad20c71b?s=96&d=mm&r=g\",\"contentUrl\":\"https:\/\/secure.gravatar.com\/avatar\/1274acd7c62f3cac92d2b38aad20c71b?s=96&d=mm&r=g\",\"caption\":\"Karit\u00e1sz K\u00f6zpont\"},\"url\":\"https:\/\/karitaszkozpont.hu\/?author=1\"}]}<\/script>\n<!-- \/ Yoast SEO plugin. -->","yoast_head_json":{"title":"129. Karit\u00e1sz Egyperces - Szent Erzs\u00e9bet Karit\u00e1sz K\u00f6zpont","robots":{"index":"index","follow":"follow","max-snippet":"max-snippet:-1","max-image-preview":"max-image-preview:large","max-video-preview":"max-video-preview:-1"},"canonical":"https:\/\/karitaszkozpont.hu\/?p=1316","og_locale":"hu_HU","og_type":"article","og_title":"129. Karit\u00e1sz Egyperces - Szent Erzs\u00e9bet Karit\u00e1sz K\u00f6zpont","og_description":"129. Szent Istv\u00e1n ideje \u00e9s a mi korszakunk \u201eIsten\u00fcnk, te Szent Istv\u00e1n kir\u00e1lyt itt a f\u00f6ld\u00f6n orsz\u00e1gunk koron\u00e1j\u00e1val \u00e9kes\u00edtetted, \u00e9s szentjeid k\u00f6z\u00e9 emelted. Add, k\u00e9r\u00fcnk, hogy aki a kereszt\u00e9ny hit terjeszt\u0151je volt haz\u00e1nkban, legyen Egyh\u00e1zad v\u00e9delmez\u0151je a mennyben.\u201d&nbsp;(az \u00fcnnepi szentmise kollekta k\u00f6ny\u00f6rg\u00e9se) Kedves Karit\u00e1sz \u00d6nk\u00e9ntesek, Munkat\u00e1rsak, Testv\u00e9rek az \u00darban! &nbsp;&nbsp;&nbsp;&nbsp;&nbsp;&nbsp;&nbsp;&nbsp;&nbsp;&nbsp;&nbsp; Neh\u00e9z a t\u00f6rt\u00e9nelmi korszakokat \u00f6sszehasonl\u00edtani, &hellip; Continue reading \"129. Karit\u00e1sz Egyperces\"","og_url":"https:\/\/karitaszkozpont.hu\/?p=1316","og_site_name":"Szent Erzs\u00e9bet Karit\u00e1sz K\u00f6zpont","article_published_time":"2021-08-21T11:58:20+00:00","og_image":[{"width":2300,"height":1528,"url":"https:\/\/karitaszkozpont.hu\/wp-content\/uploads\/2019\/07\/egyperceslogo.jpg","type":"image\/jpeg"}],"author":"Karit\u00e1sz K\u00f6zpont","twitter_card":"summary_large_image","twitter_misc":{"Szerz\u0151:":"Karit\u00e1sz K\u00f6zpont","Becs\u00fclt olvas\u00e1si id\u0151":"4 perc"},"schema":{"@context":"https:\/\/schema.org","@graph":[{"@type":"Article","@id":"https:\/\/karitaszkozpont.hu\/?p=1316#article","isPartOf":{"@id":"https:\/\/karitaszkozpont.hu\/?p=1316"},"author":{"name":"Karit\u00e1sz K\u00f6zpont","@id":"https:\/\/karitaszkozpont.hu\/#\/schema\/person\/0d9c28244c111914ea13bb1248775e57"},"headline":"129. Karit\u00e1sz Egyperces","datePublished":"2021-08-21T11:58:20+00:00","dateModified":"2021-08-21T11:58:20+00:00","mainEntityOfPage":{"@id":"https:\/\/karitaszkozpont.hu\/?p=1316"},"wordCount":1287,"commentCount":0,"publisher":{"@id":"https:\/\/karitaszkozpont.hu\/#organization"},"articleSection":["Egypercesek"],"inLanguage":"hu","potentialAction":[{"@type":"CommentAction","name":"Comment","target":["https:\/\/karitaszkozpont.hu\/?p=1316#respond"]}]},{"@type":"WebPage","@id":"https:\/\/karitaszkozpont.hu\/?p=1316","url":"https:\/\/karitaszkozpont.hu\/?p=1316","name":"129. Karit\u00e1sz Egyperces - Szent Erzs\u00e9bet Karit\u00e1sz K\u00f6zpont","isPartOf":{"@id":"https:\/\/karitaszkozpont.hu\/#website"},"datePublished":"2021-08-21T11:58:20+00:00","dateModified":"2021-08-21T11:58:20+00:00","breadcrumb":{"@id":"https:\/\/karitaszkozpont.hu\/?p=1316#breadcrumb"},"inLanguage":"hu","potentialAction":[{"@type":"ReadAction","target":["https:\/\/karitaszkozpont.hu\/?p=1316"]}]},{"@type":"BreadcrumbList","@id":"https:\/\/karitaszkozpont.hu\/?p=1316#breadcrumb","itemListElement":[{"@type":"ListItem","position":1,"name":"Kezd\u0151lap","item":"https:\/\/karitaszkozpont.hu\/"},{"@type":"ListItem","position":2,"name":"129. Karit\u00e1sz Egyperces"}]},{"@type":"WebSite","@id":"https:\/\/karitaszkozpont.hu\/#website","url":"https:\/\/karitaszkozpont.hu\/","name":"Szent Erzs\u00e9bet Karit\u00e1sz K\u00f6zpont","description":"Esztergom-Budapesti F\u0151egyh\u00e1zmegye","publisher":{"@id":"https:\/\/karitaszkozpont.hu\/#organization"},"potentialAction":[{"@type":"SearchAction","target":{"@type":"EntryPoint","urlTemplate":"https:\/\/karitaszkozpont.hu\/?s={search_term_string}"},"query-input":"required name=search_term_string"}],"inLanguage":"hu"},{"@type":"Organization","@id":"https:\/\/karitaszkozpont.hu\/#organization","name":"Szent Erzs\u00e9bet Karit\u00e1sz K\u00f6zpont","url":"https:\/\/karitaszkozpont.hu\/","logo":{"@type":"ImageObject","inLanguage":"hu","@id":"https:\/\/karitaszkozpont.hu\/#\/schema\/logo\/image\/","url":"https:\/\/karitaszkp.hu\/wp-content\/uploads\/2019\/06\/cropped-logo-arnyekos-1.png","contentUrl":"https:\/\/karitaszkp.hu\/wp-content\/uploads\/2019\/06\/cropped-logo-arnyekos-1.png","width":240,"height":247,"caption":"Szent Erzs\u00e9bet Karit\u00e1sz K\u00f6zpont"},"image":{"@id":"https:\/\/karitaszkozpont.hu\/#\/schema\/logo\/image\/"}},{"@type":"Person","@id":"https:\/\/karitaszkozpont.hu\/#\/schema\/person\/0d9c28244c111914ea13bb1248775e57","name":"Karit\u00e1sz K\u00f6zpont","image":{"@type":"ImageObject","inLanguage":"hu","@id":"https:\/\/karitaszkozpont.hu\/#\/schema\/person\/image\/","url":"https:\/\/secure.gravatar.com\/avatar\/1274acd7c62f3cac92d2b38aad20c71b?s=96&d=mm&r=g","contentUrl":"https:\/\/secure.gravatar.com\/avatar\/1274acd7c62f3cac92d2b38aad20c71b?s=96&d=mm&r=g","caption":"Karit\u00e1sz K\u00f6zpont"},"url":"https:\/\/karitaszkozpont.hu\/?author=1"}]}},"_links":{"self":[{"href":"https:\/\/karitaszkozpont.hu\/index.php?rest_route=\/wp\/v2\/posts\/1316"}],"collection":[{"href":"https:\/\/karitaszkozpont.hu\/index.php?rest_route=\/wp\/v2\/posts"}],"about":[{"href":"https:\/\/karitaszkozpont.hu\/index.php?rest_route=\/wp\/v2\/types\/post"}],"author":[{"embeddable":true,"href":"https:\/\/karitaszkozpont.hu\/index.php?rest_route=\/wp\/v2\/users\/1"}],"replies":[{"embeddable":true,"href":"https:\/\/karitaszkozpont.hu\/index.php?rest_route=%2Fwp%2Fv2%2Fcomments&post=1316"}],"version-history":[{"count":1,"href":"https:\/\/karitaszkozpont.hu\/index.php?rest_route=\/wp\/v2\/posts\/1316\/revisions"}],"predecessor-version":[{"id":1317,"href":"https:\/\/karitaszkozpont.hu\/index.php?rest_route=\/wp\/v2\/posts\/1316\/revisions\/1317"}],"wp:featuredmedia":[{"embeddable":true,"href":"https:\/\/karitaszkozpont.hu\/index.php?rest_route=\/wp\/v2\/media\/563"}],"wp:attachment":[{"href":"https:\/\/karitaszkozpont.hu\/index.php?rest_route=%2Fwp%2Fv2%2Fmedia&parent=1316"}],"wp:term":[{"taxonomy":"category","embeddable":true,"href":"https:\/\/karitaszkozpont.hu\/index.php?rest_route=%2Fwp%2Fv2%2Fcategories&post=1316"},{"taxonomy":"post_tag","embeddable":true,"href":"https:\/\/karitaszkozpont.hu\/index.php?rest_route=%2Fwp%2Fv2%2Ftags&post=1316"}],"curies":[{"name":"wp","href":"https:\/\/api.w.org\/{rel}","templated":true}]}}