{"id":1314,"date":"2021-08-21T13:56:17","date_gmt":"2021-08-21T11:56:17","guid":{"rendered":"http:\/\/karitaszkp.hu\/?p=1314"},"modified":"2021-08-21T13:56:17","modified_gmt":"2021-08-21T11:56:17","slug":"128-karitasz-egyperces","status":"publish","type":"post","link":"https:\/\/karitaszkozpont.hu\/?p=1314","title":{"rendered":"128. Karit\u00e1sz Egyperces"},"content":{"rendered":"\n<p class=\"has-white-color has-vivid-red-background-color has-text-color has-background has-large-font-size\"><strong>128. Nagyboldogasszony<\/strong><\/p>\n\n\n\n<p class=\"has-background\" style=\"background-color:#cacaca\"><em>\u201eB<\/em><em>oldog vagy, mert hitted, hogy beteljesedik mindaz, amit az \u00dar mondott neked<\/em><em>.\u201d<\/em><em>&nbsp;(Lk 1,45<\/em><em>)<\/em><\/p>\n\n\n\n<p>Kedves Karit\u00e1sz \u00d6nk\u00e9ntesek, Munkat\u00e1rsak, Testv\u00e9rek az \u00darban!<\/p>\n\n\n\n<p>&nbsp;&nbsp;&nbsp;&nbsp;&nbsp;&nbsp;&nbsp;&nbsp;&nbsp;&nbsp;&nbsp; A Sz\u0171zanya&nbsp;<em>\u201eigen\u201d<\/em>-je hozta meg nek\u00fcnk az \u00dcdv\u00f6z\u00edt\u0151t \u00e9s tette lehet\u0151v\u00e9 a mi megv\u00e1lt\u00e1sunkat is a Mennyei Atya tervei szerint. M\u00e1ria&nbsp;<em>igen<\/em>-je nemcsak az angyali \u00fcdv\u00f6zletkor, hanem eg\u00e9sz \u00e9let\u00e9ben megnyilv\u00e1nult. Az evang\u00e9liumok tan\u00fas\u00e1ga csak n\u00e9h\u00e1ny esetet emelnek ki. Pl. amikor Simeon j\u00f6vend\u00f6l\u00e9sekor&nbsp;<em>igen<\/em>-t mondott a lelki t\u0151rsz\u00far\u00e1sok f\u00e1jdalm\u00e1ra, a 12 \u00e9ves J\u00e9zus megker\u00fcl\u00e9se ut\u00e1n M\u00e1ria elgondolkodott Fia szavain, amikor K\u00e1n\u00e1ban azt mondta, hogy&nbsp;<em>\u201etegy\u00e9tek azt, amit \u0150 mond\u201d<\/em>, de az is nagy&nbsp;<em>igen<\/em>&nbsp;volt, amikor a keresztfa alatt elfogadta az \u00dar megh\u00edv\u00e1s\u00e1t, hogy az Egyh\u00e1z anyja, ezzel mindegyik\u00fcnk \u00e9gi \u00e9desanyja legyen:&nbsp;<em>\u201e\u00cdme a te fiad, \u00edme a te any\u00e1d\u201d&nbsp;<\/em>\u2013 mondta az \u00dar J\u00e1nos apostolnak.<\/p>\n\n\n\n<p>M\u00e1ria folyamatos&nbsp;<em>igen<\/em>-je teljes r\u00e1hagyatkoz\u00e1s Isten gondvisel\u00e9s\u00e9re. Bizalma nem csak az egyik oszlopa Egyh\u00e1zunknak az Olt\u00e1riszents\u00e9g mellett, hanem p\u00e9ld\u00e1ja megmutatja, hogy Istenn\u00e9l \u00e9s Istenben semmi sem lehetetlen, \u00e9s ha \u0150benne&nbsp;<em>\u00e9l\u00fcnk, mozgunk \u00e9s vagyunk (v\u00f6. szentmise k\u00e1non)<\/em>, akkor ugyanaz a megdics\u0151\u00fcl\u00e9s v\u00e1r re\u00e1nk is, mint amiben a Sz\u0171zany\u00e1nak r\u00e9sze volt. Ahogy a mott\u00f3ban olvassuk, M\u00e1ria \u00e9ppen az\u00e9rt boldog, mert hitt \u2013 mindv\u00e9gig, minden helyzetben. M\u00e1ria p\u00e9ld\u00e1ja b\u00e1tor\u00edt, er\u0151t ad, vigasztal \u00e9s M\u00e1ria maga is k\u00f6zbenj\u00e1r \u00e9rt\u00fcnk, hogy j\u00f3l d\u00f6nts\u00fcnk. \u00c9gi p\u00e1rtfog\u00f3nk \u0151, nem csak nek\u00fcnk, egyenk\u00e9nt, hanem az eg\u00e9sz Egy\u00e1znak \u00e9s Magyarorsz\u00e1gnak.<\/p>\n\n\n\n<p>M\u00e1ria felv\u00e9tele a mennybe, azaz a testi roml\u00e1s n\u00e9lk\u00fcli megdics\u0151\u00fcl\u00e9se, a Mennyei Atya aj\u00e1nd\u00e9ka a mi sz\u00e1munkra is, mert M\u00e1ria \u00fatja, J\u00e9zus \u00fatja, az igazs\u00e1g \u00e9s az \u00e9let \u00fatja. Az\u00e9rt a legnagyobb M\u00e1ria \u00fcnnep a mai, mert Isten legnagyobb aj\u00e1nd\u00e9k\u00e1t l\u00e1thatjuk a Sz\u0171zanya megdics\u0151\u00fcl\u00e9s\u00e9ben.&nbsp;<strong>Ez a mi c\u00e9lunk is: J\u00e9zussal \u00e9s M\u00e1ri\u00e1val lenni a Mennyben.<\/strong>&nbsp;Ennek az \u00e9letc\u00e9lnak van csak egyed\u00fcl \u00e9rtelme \u2013 az igazs\u00e1g az, hogy m\u00e1sban nincs rem\u00e9ny \u00e9s \u00fcdv\u00f6ss\u00e9g, csak Krisztusban.<\/p>\n\n\n\n<p>Van m\u00f3dunk \u00e9s lehet\u0151s\u00e9g\u00fcnk arra, hogy f\u00f6ldi \u00e9let\u00fcnk \u00fatj\u00e1t M\u00e1ri\u00e1val \u00e9s J\u00e9zussal egy\u00fctt j\u00e1rjuk. Ahol J\u00e9zus van, ott van M\u00e1ria is \u2013 k\u00e9rj\u00fck a Sz\u0171zany\u00e1t, hogy seg\u00edtsen Fi\u00e1hoz egyre k\u00f6zelebb ker\u00fclni \u00e9s ne engedjen T\u0151le elszakadni!<\/p>\n\n\n\n<p>Legyen hit\u00fcnk, bizalmunk, b\u00e1tors\u00e1gunk \u00e9s er\u0151nk ahhoz, hogy mi is nap, mint nap, minden percben, \u00f3r\u00e1ban ki tudjuk mondani a magunk&nbsp;<em>igen<\/em>-j\u00e9t \u00e9s ne csak mondjuk, hanem tegy\u00fck is meg az Igazs\u00e1got! Karit\u00e1sz szolg\u00e1latunk az egyik legmegfelel\u0151bb hely erre, legy\u00fcnk h\u00e1l\u00e1sak, hogy ilyen konkr\u00e9t feladatban mutathatjuk meg mindennapi&nbsp;<em>igen<\/em>-\u00fcnket, m\u00e9ghozz\u00e1 egys\u00e9gben egym\u00e1ssal, egys\u00e9gben az Egyh\u00e1zzal, azaz az \u00darral!&nbsp;<strong>M\u00e1sok jav\u00e1nak, boldogs\u00e1g\u00e1nak, \u00fcdv\u00f6ss\u00e9g\u00e9nek szolg\u00e1lata hozza meg sz\u00e1munkra is azt a dics\u0151s\u00e9get, amiben minden szentnek, \u00e9l\u00fck\u00f6n a Sz\u0171zany\u00e1nak, a Mennyorsz\u00e1g kir\u00e1lyn\u00e9j\u00e1nak is r\u00e9sze van.<\/strong><\/p>\n\n\n\n<p>Hirdet\u00e9sek:<\/p>\n\n\n\n<p><strong>AUGUSZTUS 20-\u00c1N 14 \u00d3RAKOR TAL\u00c1LKOZUNK A HERCEGPR\u00cdM\u00c1S UTC\u00c1BAN, A BAZILIKA \u00c9SZAKI OLD\u00c1L\u00c1NAK SARK\u00c1N, hogy egy\u00fctt vonulhassunk be a szektorunkba (4-es szektor) \u00e9s vehess\u00fcnk r\u00e9szt az \u00fcnnepi szentmis\u00e9n \u00e9s k\u00f6rmeneten. \u00dcl\u0151helyek lesznek, melyeket az \u00e9rkez\u00e9s sorrendj\u00e9ben tudunk elfoglalni. Tov\u00e1bbi r\u00e9szletek a karit\u00e1sz csoportvezet\u0151kt\u0151l \u00e9s a r\u00e9gi\u00f3vezet\u0151kt\u0151l tudhat\u00f3k meg.<\/strong><\/p>\n\n\n\n<p><strong>SZERETETTEL V\u00c1RUNK MINDENKIT, R\u00c9SZV\u00c9TEL\u00dcKET JELEZZ\u00c9K A CSOPORTVEZET\u0150NEK!<\/strong><\/p>\n\n\n\n<p>\u00b7&nbsp;&nbsp;&nbsp;&nbsp;&nbsp;&nbsp;&nbsp;&nbsp;&nbsp;A k\u00f6vetkez\u0151 karit\u00e1sz m\u0171sorunk a M\u00e1ria R\u00e1di\u00f3ban augusztus 18-\u00e1n szerd\u00e1n 10.50 \u00f3rakor kezd\u0151dik.<\/p>\n\n\n\n<p>\u00b7&nbsp;&nbsp;&nbsp;&nbsp;&nbsp;&nbsp;&nbsp;&nbsp;&nbsp;Kor\u00e1bbi m\u0171soraink itt hallgathat\u00f3k meg:&nbsp;<a href=\"https:\/\/www.mariaradio.hu\/musor\/4814\/Tevekeny_Szeretet\" target=\"_blank\" rel=\"noreferrer noopener\">https:\/\/www.mariaradio.hu\/musor\/4814\/Tevekeny_Szeretet<\/a><\/p>\n\n\n\n<p>\u00b7&nbsp;&nbsp;&nbsp;&nbsp;&nbsp;&nbsp;&nbsp;&nbsp;&nbsp;Felh\u00edvom mindenki figyelm\u00e9t, hogy a facebook- \u00e9s weboldalunkon folyamatosan friss\u00fclnek a h\u00edreink.&nbsp;<a href=\"http:\/\/www.karitaszkp.hu\/\" target=\"_blank\" rel=\"noreferrer noopener\">www.karitaszkp.hu<\/a>&nbsp;,&nbsp;<a href=\"https:\/\/www.facebook.com\/szenterzsebetkaritaszkozpont\" target=\"_blank\" rel=\"noreferrer noopener\">Esztergom-Budapesti F\u0151egyh\u00e1zmegye Szent Erzs\u00e9bet Karit\u00e1sz K\u00f6zpont | Facebook<\/a><\/p>\n\n\n\n<p>\u00b7&nbsp;&nbsp;&nbsp;&nbsp;&nbsp;&nbsp;&nbsp;&nbsp;&nbsp;A Szent Erzs\u00e9bet Karit\u00e1sz K\u00f6zpont k\u00e9r\u00e9s\u00e9re f\u0151tisztelend\u0151 Feldhoffer Antal pl\u00e9b\u00e1nos atya minden els\u0151 h\u00e9tf\u0151n 15.30-kor karit\u00e1sz szentmis\u00e9t mutat be a 1035 Budapest, III. ker. K\u00f3rh\u00e1z u. 37. sz\u00e1m alatti Szent J\u00f3zsef templomban. Misesz\u00e1nd\u00e9k: \u00e9l\u0151 \u00e9s elhunyt karit\u00e1szosok\u00e9rt. A k\u00f6vetkez\u0151 alkalom szeptember 13-\u00e1n lesz, a NEK ut\u00e1n (ez\u00e9rt kiv\u00e9telesen a 2. h\u00e9tf\u0151n).<\/p>\n\n\n\n<p>Csorba G\u00e1bor<\/p>\n\n\n\n<p>\u00e1lland\u00f3 diak\u00f3nus, karit\u00e1sz igazgat\u00f3<\/p>\n\n\n\n<p>Esztergom-Budapesti F\u0151egyh\u00e1zmegye<\/p>\n\n\n\n<p>Szent Erzs\u00e9bet Karit\u00e1sz K\u00f6zpont<\/p>\n\n\n\n<p class=\"has-background\" style=\"background-color:#cacaca\">Iroda:&nbsp;<a href=\"https:\/\/www.google.com\/maps\/search\/1035+Budapest,+K%C3%B3rh%C3%A1z+utca+37?entry=gmail&amp;source=g\">1035 Budapest, K\u00f3rh\u00e1z utca 37<\/a>.<\/p>\n\n\n\n<p class=\"has-background\" style=\"background-color:#cacaca\">Telefon: +36-1-351-1977<\/p>\n\n\n\n<p class=\"has-background\" style=\"background-color:#cacaca\">Mobil: +36-30-592-1483<\/p>\n\n\n\n<p class=\"has-background\" style=\"background-color:#cacaca\">E-mail:&nbsp;<a href=\"mailto:szenterzsebet@karitaszkozpont.hu\" target=\"_blank\" rel=\"noreferrer noopener\">szenterzsebet@karitaszkozpont.hu<\/a><\/p>\n\n\n\n<p class=\"has-background\" style=\"background-color:#cacaca\">Honlap:&nbsp;<a href=\"http:\/\/www.karitaszkp.hu\/\" target=\"_blank\" rel=\"noreferrer noopener\">www.karitaszkp.hu<\/a><\/p>\n\n\n\n<p class=\"has-background\" style=\"background-color:#cacaca\">A kor\u00e1bbi egypercesek itt \u00e9rhet\u0151k el:&nbsp;<a href=\"https:\/\/karitaszegypercesek.blogspot.com\/\" target=\"_blank\" rel=\"noreferrer noopener\">https:\/\/karitaszegypercesek.blogspot.com\/<\/a><\/p>\n","protected":false},"excerpt":{"rendered":"<p>128. Nagyboldogasszony \u201eBoldog vagy, mert hitted, hogy beteljesedik mindaz, amit az \u00dar mondott neked.\u201d&nbsp;(Lk 1,45) Kedves Karit\u00e1sz \u00d6nk\u00e9ntesek, Munkat\u00e1rsak, Testv\u00e9rek az \u00darban! &nbsp;&nbsp;&nbsp;&nbsp;&nbsp;&nbsp;&nbsp;&nbsp;&nbsp;&nbsp;&nbsp; A Sz\u0171zanya&nbsp;\u201eigen\u201d-je hozta meg nek\u00fcnk az \u00dcdv\u00f6z\u00edt\u0151t \u00e9s tette lehet\u0151v\u00e9 a mi megv\u00e1lt\u00e1sunkat is a Mennyei Atya tervei szerint. M\u00e1ria&nbsp;igen-je nemcsak az angyali \u00fcdv\u00f6zletkor, hanem eg\u00e9sz \u00e9let\u00e9ben megnyilv\u00e1nult. Az evang\u00e9liumok tan\u00fas\u00e1ga csak &hellip; <\/p>\n<p class=\"link-more\"><a href=\"https:\/\/karitaszkozpont.hu\/?p=1314\" class=\"more-link\">Continue reading<span class=\"screen-reader-text\"> &#8222;128. Karit\u00e1sz Egyperces&#8221;<\/span><\/a><\/p>\n","protected":false},"author":1,"featured_media":563,"comment_status":"open","ping_status":"open","sticky":false,"template":"","format":"standard","meta":[],"categories":[8],"tags":[],"yoast_head":"<!-- This site is optimized with the Yoast SEO plugin v20.1 - https:\/\/yoast.com\/wordpress\/plugins\/seo\/ -->\n<title>128. Karit\u00e1sz Egyperces - Szent Erzs\u00e9bet Karit\u00e1sz K\u00f6zpont<\/title>\n<meta name=\"robots\" content=\"index, follow, max-snippet:-1, max-image-preview:large, max-video-preview:-1\" \/>\n<link rel=\"canonical\" href=\"https:\/\/karitaszkozpont.hu\/?p=1314\" \/>\n<meta property=\"og:locale\" content=\"hu_HU\" \/>\n<meta property=\"og:type\" content=\"article\" \/>\n<meta property=\"og:title\" content=\"128. Karit\u00e1sz Egyperces - Szent Erzs\u00e9bet Karit\u00e1sz K\u00f6zpont\" \/>\n<meta property=\"og:description\" content=\"128. Nagyboldogasszony \u201eBoldog vagy, mert hitted, hogy beteljesedik mindaz, amit az \u00dar mondott neked.\u201d&nbsp;(Lk 1,45) Kedves Karit\u00e1sz \u00d6nk\u00e9ntesek, Munkat\u00e1rsak, Testv\u00e9rek az \u00darban! &nbsp;&nbsp;&nbsp;&nbsp;&nbsp;&nbsp;&nbsp;&nbsp;&nbsp;&nbsp;&nbsp; A Sz\u0171zanya&nbsp;\u201eigen\u201d-je hozta meg nek\u00fcnk az \u00dcdv\u00f6z\u00edt\u0151t \u00e9s tette lehet\u0151v\u00e9 a mi megv\u00e1lt\u00e1sunkat is a Mennyei Atya tervei szerint. M\u00e1ria&nbsp;igen-je nemcsak az angyali \u00fcdv\u00f6zletkor, hanem eg\u00e9sz \u00e9let\u00e9ben megnyilv\u00e1nult. Az evang\u00e9liumok tan\u00fas\u00e1ga csak &hellip; Continue reading &quot;128. Karit\u00e1sz Egyperces&quot;\" \/>\n<meta property=\"og:url\" content=\"https:\/\/karitaszkozpont.hu\/?p=1314\" \/>\n<meta property=\"og:site_name\" content=\"Szent Erzs\u00e9bet Karit\u00e1sz K\u00f6zpont\" \/>\n<meta property=\"article:published_time\" content=\"2021-08-21T11:56:17+00:00\" \/>\n<meta property=\"og:image\" content=\"https:\/\/karitaszkozpont.hu\/wp-content\/uploads\/2019\/07\/egyperceslogo.jpg\" \/>\n\t<meta property=\"og:image:width\" content=\"2300\" \/>\n\t<meta property=\"og:image:height\" content=\"1528\" \/>\n\t<meta property=\"og:image:type\" content=\"image\/jpeg\" \/>\n<meta name=\"author\" content=\"Karit\u00e1sz K\u00f6zpont\" \/>\n<meta name=\"twitter:card\" content=\"summary_large_image\" \/>\n<meta name=\"twitter:label1\" content=\"Szerz\u0151:\" \/>\n\t<meta name=\"twitter:data1\" content=\"Karit\u00e1sz K\u00f6zpont\" \/>\n\t<meta name=\"twitter:label2\" content=\"Becs\u00fclt olvas\u00e1si id\u0151\" \/>\n\t<meta name=\"twitter:data2\" content=\"3 perc\" \/>\n<script type=\"application\/ld+json\" class=\"yoast-schema-graph\">{\"@context\":\"https:\/\/schema.org\",\"@graph\":[{\"@type\":\"Article\",\"@id\":\"https:\/\/karitaszkozpont.hu\/?p=1314#article\",\"isPartOf\":{\"@id\":\"https:\/\/karitaszkozpont.hu\/?p=1314\"},\"author\":{\"name\":\"Karit\u00e1sz K\u00f6zpont\",\"@id\":\"https:\/\/karitaszkozpont.hu\/#\/schema\/person\/0d9c28244c111914ea13bb1248775e57\"},\"headline\":\"128. Karit\u00e1sz Egyperces\",\"datePublished\":\"2021-08-21T11:56:17+00:00\",\"dateModified\":\"2021-08-21T11:56:17+00:00\",\"mainEntityOfPage\":{\"@id\":\"https:\/\/karitaszkozpont.hu\/?p=1314\"},\"wordCount\":950,\"commentCount\":0,\"publisher\":{\"@id\":\"https:\/\/karitaszkozpont.hu\/#organization\"},\"articleSection\":[\"Egypercesek\"],\"inLanguage\":\"hu\",\"potentialAction\":[{\"@type\":\"CommentAction\",\"name\":\"Comment\",\"target\":[\"https:\/\/karitaszkozpont.hu\/?p=1314#respond\"]}]},{\"@type\":\"WebPage\",\"@id\":\"https:\/\/karitaszkozpont.hu\/?p=1314\",\"url\":\"https:\/\/karitaszkozpont.hu\/?p=1314\",\"name\":\"128. Karit\u00e1sz Egyperces - Szent Erzs\u00e9bet Karit\u00e1sz K\u00f6zpont\",\"isPartOf\":{\"@id\":\"https:\/\/karitaszkozpont.hu\/#website\"},\"datePublished\":\"2021-08-21T11:56:17+00:00\",\"dateModified\":\"2021-08-21T11:56:17+00:00\",\"breadcrumb\":{\"@id\":\"https:\/\/karitaszkozpont.hu\/?p=1314#breadcrumb\"},\"inLanguage\":\"hu\",\"potentialAction\":[{\"@type\":\"ReadAction\",\"target\":[\"https:\/\/karitaszkozpont.hu\/?p=1314\"]}]},{\"@type\":\"BreadcrumbList\",\"@id\":\"https:\/\/karitaszkozpont.hu\/?p=1314#breadcrumb\",\"itemListElement\":[{\"@type\":\"ListItem\",\"position\":1,\"name\":\"Kezd\u0151lap\",\"item\":\"https:\/\/karitaszkozpont.hu\/\"},{\"@type\":\"ListItem\",\"position\":2,\"name\":\"128. Karit\u00e1sz Egyperces\"}]},{\"@type\":\"WebSite\",\"@id\":\"https:\/\/karitaszkozpont.hu\/#website\",\"url\":\"https:\/\/karitaszkozpont.hu\/\",\"name\":\"Szent Erzs\u00e9bet Karit\u00e1sz K\u00f6zpont\",\"description\":\"Esztergom-Budapesti F\u0151egyh\u00e1zmegye\",\"publisher\":{\"@id\":\"https:\/\/karitaszkozpont.hu\/#organization\"},\"potentialAction\":[{\"@type\":\"SearchAction\",\"target\":{\"@type\":\"EntryPoint\",\"urlTemplate\":\"https:\/\/karitaszkozpont.hu\/?s={search_term_string}\"},\"query-input\":\"required name=search_term_string\"}],\"inLanguage\":\"hu\"},{\"@type\":\"Organization\",\"@id\":\"https:\/\/karitaszkozpont.hu\/#organization\",\"name\":\"Szent Erzs\u00e9bet Karit\u00e1sz K\u00f6zpont\",\"url\":\"https:\/\/karitaszkozpont.hu\/\",\"logo\":{\"@type\":\"ImageObject\",\"inLanguage\":\"hu\",\"@id\":\"https:\/\/karitaszkozpont.hu\/#\/schema\/logo\/image\/\",\"url\":\"https:\/\/karitaszkp.hu\/wp-content\/uploads\/2019\/06\/cropped-logo-arnyekos-1.png\",\"contentUrl\":\"https:\/\/karitaszkp.hu\/wp-content\/uploads\/2019\/06\/cropped-logo-arnyekos-1.png\",\"width\":240,\"height\":247,\"caption\":\"Szent Erzs\u00e9bet Karit\u00e1sz K\u00f6zpont\"},\"image\":{\"@id\":\"https:\/\/karitaszkozpont.hu\/#\/schema\/logo\/image\/\"}},{\"@type\":\"Person\",\"@id\":\"https:\/\/karitaszkozpont.hu\/#\/schema\/person\/0d9c28244c111914ea13bb1248775e57\",\"name\":\"Karit\u00e1sz K\u00f6zpont\",\"image\":{\"@type\":\"ImageObject\",\"inLanguage\":\"hu\",\"@id\":\"https:\/\/karitaszkozpont.hu\/#\/schema\/person\/image\/\",\"url\":\"https:\/\/secure.gravatar.com\/avatar\/1274acd7c62f3cac92d2b38aad20c71b?s=96&d=mm&r=g\",\"contentUrl\":\"https:\/\/secure.gravatar.com\/avatar\/1274acd7c62f3cac92d2b38aad20c71b?s=96&d=mm&r=g\",\"caption\":\"Karit\u00e1sz K\u00f6zpont\"},\"url\":\"https:\/\/karitaszkozpont.hu\/?author=1\"}]}<\/script>\n<!-- \/ Yoast SEO plugin. -->","yoast_head_json":{"title":"128. Karit\u00e1sz Egyperces - Szent Erzs\u00e9bet Karit\u00e1sz K\u00f6zpont","robots":{"index":"index","follow":"follow","max-snippet":"max-snippet:-1","max-image-preview":"max-image-preview:large","max-video-preview":"max-video-preview:-1"},"canonical":"https:\/\/karitaszkozpont.hu\/?p=1314","og_locale":"hu_HU","og_type":"article","og_title":"128. Karit\u00e1sz Egyperces - Szent Erzs\u00e9bet Karit\u00e1sz K\u00f6zpont","og_description":"128. Nagyboldogasszony \u201eBoldog vagy, mert hitted, hogy beteljesedik mindaz, amit az \u00dar mondott neked.\u201d&nbsp;(Lk 1,45) Kedves Karit\u00e1sz \u00d6nk\u00e9ntesek, Munkat\u00e1rsak, Testv\u00e9rek az \u00darban! &nbsp;&nbsp;&nbsp;&nbsp;&nbsp;&nbsp;&nbsp;&nbsp;&nbsp;&nbsp;&nbsp; A Sz\u0171zanya&nbsp;\u201eigen\u201d-je hozta meg nek\u00fcnk az \u00dcdv\u00f6z\u00edt\u0151t \u00e9s tette lehet\u0151v\u00e9 a mi megv\u00e1lt\u00e1sunkat is a Mennyei Atya tervei szerint. M\u00e1ria&nbsp;igen-je nemcsak az angyali \u00fcdv\u00f6zletkor, hanem eg\u00e9sz \u00e9let\u00e9ben megnyilv\u00e1nult. Az evang\u00e9liumok tan\u00fas\u00e1ga csak &hellip; Continue reading \"128. Karit\u00e1sz Egyperces\"","og_url":"https:\/\/karitaszkozpont.hu\/?p=1314","og_site_name":"Szent Erzs\u00e9bet Karit\u00e1sz K\u00f6zpont","article_published_time":"2021-08-21T11:56:17+00:00","og_image":[{"width":2300,"height":1528,"url":"https:\/\/karitaszkozpont.hu\/wp-content\/uploads\/2019\/07\/egyperceslogo.jpg","type":"image\/jpeg"}],"author":"Karit\u00e1sz K\u00f6zpont","twitter_card":"summary_large_image","twitter_misc":{"Szerz\u0151:":"Karit\u00e1sz K\u00f6zpont","Becs\u00fclt olvas\u00e1si id\u0151":"3 perc"},"schema":{"@context":"https:\/\/schema.org","@graph":[{"@type":"Article","@id":"https:\/\/karitaszkozpont.hu\/?p=1314#article","isPartOf":{"@id":"https:\/\/karitaszkozpont.hu\/?p=1314"},"author":{"name":"Karit\u00e1sz K\u00f6zpont","@id":"https:\/\/karitaszkozpont.hu\/#\/schema\/person\/0d9c28244c111914ea13bb1248775e57"},"headline":"128. Karit\u00e1sz Egyperces","datePublished":"2021-08-21T11:56:17+00:00","dateModified":"2021-08-21T11:56:17+00:00","mainEntityOfPage":{"@id":"https:\/\/karitaszkozpont.hu\/?p=1314"},"wordCount":950,"commentCount":0,"publisher":{"@id":"https:\/\/karitaszkozpont.hu\/#organization"},"articleSection":["Egypercesek"],"inLanguage":"hu","potentialAction":[{"@type":"CommentAction","name":"Comment","target":["https:\/\/karitaszkozpont.hu\/?p=1314#respond"]}]},{"@type":"WebPage","@id":"https:\/\/karitaszkozpont.hu\/?p=1314","url":"https:\/\/karitaszkozpont.hu\/?p=1314","name":"128. Karit\u00e1sz Egyperces - Szent Erzs\u00e9bet Karit\u00e1sz K\u00f6zpont","isPartOf":{"@id":"https:\/\/karitaszkozpont.hu\/#website"},"datePublished":"2021-08-21T11:56:17+00:00","dateModified":"2021-08-21T11:56:17+00:00","breadcrumb":{"@id":"https:\/\/karitaszkozpont.hu\/?p=1314#breadcrumb"},"inLanguage":"hu","potentialAction":[{"@type":"ReadAction","target":["https:\/\/karitaszkozpont.hu\/?p=1314"]}]},{"@type":"BreadcrumbList","@id":"https:\/\/karitaszkozpont.hu\/?p=1314#breadcrumb","itemListElement":[{"@type":"ListItem","position":1,"name":"Kezd\u0151lap","item":"https:\/\/karitaszkozpont.hu\/"},{"@type":"ListItem","position":2,"name":"128. Karit\u00e1sz Egyperces"}]},{"@type":"WebSite","@id":"https:\/\/karitaszkozpont.hu\/#website","url":"https:\/\/karitaszkozpont.hu\/","name":"Szent Erzs\u00e9bet Karit\u00e1sz K\u00f6zpont","description":"Esztergom-Budapesti F\u0151egyh\u00e1zmegye","publisher":{"@id":"https:\/\/karitaszkozpont.hu\/#organization"},"potentialAction":[{"@type":"SearchAction","target":{"@type":"EntryPoint","urlTemplate":"https:\/\/karitaszkozpont.hu\/?s={search_term_string}"},"query-input":"required name=search_term_string"}],"inLanguage":"hu"},{"@type":"Organization","@id":"https:\/\/karitaszkozpont.hu\/#organization","name":"Szent Erzs\u00e9bet Karit\u00e1sz K\u00f6zpont","url":"https:\/\/karitaszkozpont.hu\/","logo":{"@type":"ImageObject","inLanguage":"hu","@id":"https:\/\/karitaszkozpont.hu\/#\/schema\/logo\/image\/","url":"https:\/\/karitaszkp.hu\/wp-content\/uploads\/2019\/06\/cropped-logo-arnyekos-1.png","contentUrl":"https:\/\/karitaszkp.hu\/wp-content\/uploads\/2019\/06\/cropped-logo-arnyekos-1.png","width":240,"height":247,"caption":"Szent Erzs\u00e9bet Karit\u00e1sz K\u00f6zpont"},"image":{"@id":"https:\/\/karitaszkozpont.hu\/#\/schema\/logo\/image\/"}},{"@type":"Person","@id":"https:\/\/karitaszkozpont.hu\/#\/schema\/person\/0d9c28244c111914ea13bb1248775e57","name":"Karit\u00e1sz K\u00f6zpont","image":{"@type":"ImageObject","inLanguage":"hu","@id":"https:\/\/karitaszkozpont.hu\/#\/schema\/person\/image\/","url":"https:\/\/secure.gravatar.com\/avatar\/1274acd7c62f3cac92d2b38aad20c71b?s=96&d=mm&r=g","contentUrl":"https:\/\/secure.gravatar.com\/avatar\/1274acd7c62f3cac92d2b38aad20c71b?s=96&d=mm&r=g","caption":"Karit\u00e1sz K\u00f6zpont"},"url":"https:\/\/karitaszkozpont.hu\/?author=1"}]}},"_links":{"self":[{"href":"https:\/\/karitaszkozpont.hu\/index.php?rest_route=\/wp\/v2\/posts\/1314"}],"collection":[{"href":"https:\/\/karitaszkozpont.hu\/index.php?rest_route=\/wp\/v2\/posts"}],"about":[{"href":"https:\/\/karitaszkozpont.hu\/index.php?rest_route=\/wp\/v2\/types\/post"}],"author":[{"embeddable":true,"href":"https:\/\/karitaszkozpont.hu\/index.php?rest_route=\/wp\/v2\/users\/1"}],"replies":[{"embeddable":true,"href":"https:\/\/karitaszkozpont.hu\/index.php?rest_route=%2Fwp%2Fv2%2Fcomments&post=1314"}],"version-history":[{"count":1,"href":"https:\/\/karitaszkozpont.hu\/index.php?rest_route=\/wp\/v2\/posts\/1314\/revisions"}],"predecessor-version":[{"id":1315,"href":"https:\/\/karitaszkozpont.hu\/index.php?rest_route=\/wp\/v2\/posts\/1314\/revisions\/1315"}],"wp:featuredmedia":[{"embeddable":true,"href":"https:\/\/karitaszkozpont.hu\/index.php?rest_route=\/wp\/v2\/media\/563"}],"wp:attachment":[{"href":"https:\/\/karitaszkozpont.hu\/index.php?rest_route=%2Fwp%2Fv2%2Fmedia&parent=1314"}],"wp:term":[{"taxonomy":"category","embeddable":true,"href":"https:\/\/karitaszkozpont.hu\/index.php?rest_route=%2Fwp%2Fv2%2Fcategories&post=1314"},{"taxonomy":"post_tag","embeddable":true,"href":"https:\/\/karitaszkozpont.hu\/index.php?rest_route=%2Fwp%2Fv2%2Ftags&post=1314"}],"curies":[{"name":"wp","href":"https:\/\/api.w.org\/{rel}","templated":true}]}}