{"id":1300,"date":"2021-07-21T13:56:18","date_gmt":"2021-07-21T11:56:18","guid":{"rendered":"http:\/\/karitaszkp.hu\/?p=1300"},"modified":"2021-07-21T13:56:19","modified_gmt":"2021-07-21T11:56:19","slug":"lelkigyakorlat","status":"publish","type":"post","link":"https:\/\/karitaszkozpont.hu\/?p=1300","title":{"rendered":"Lelkigyakorlat"},"content":{"rendered":"\n<p class=\"has-white-color has-vivid-red-background-color has-text-color has-background has-large-font-size\"><strong>Lelkigyakorlat<\/strong><\/p>\n\n\n\n<p>2021. M\u00e1jus 27 \u00e9s 30. k\u00f6z\u00f6tt tartotta meg az Alkoholistament\u0151 Szolg\u00e1lat, a Szent Erzs\u00e9bet Karit\u00e1sz Szenved\u00e9lybeteg-seg\u00edt\u0151 K\u00f6zpontj\u00e1nak t\u00e1mogat\u00e1s\u00e1val, Le\u00e1nyfalun a 154. szabad\u00edt\u00f3 lelkigyakorlat\u00e1t.<\/p>\n\n\n\n<p>A 45 f\u0151 \u00e9rintett \u00e9s hozz\u00e1tartoz\u00f3 (k\u00f6z\u00fcl\u00fck 33-an az Esztergom-Budapesti F\u0151egyh\u00e1zmegy\u00e9b\u0151l \u00e9rkeztek) meghallgatta Fazekas Gy\u00f6rgy rk. pap \u00e9s Moln\u00e1r Ferenc diak\u00f3nus el\u0151ad\u00e1sait, kiscsoportos foglalkoz\u00e1sokon, szentmis\u00e9ken \u00e9s tan\u00fas\u00e1gt\u00e9teleken vett r\u00e9szt. Az el\u0151ad\u00e1sok Belon Gell\u00e9rt: J\u00e9zus lelk\u00fclete c. k\u00f6nyve alapj\u00e1n Krisztus szeretet\u00e9nek arcair\u00f3l sz\u00f3ltak.<\/p>\n\n\n\n<p>A tal\u00e1lkoz\u00f3n csak \u00e9rv\u00e9nyes v\u00e9detts\u00e9gi igazolv\u00e1nnyal, az \u00e9rintkez\u00e9si szab\u00e1lyok betart\u00e1s\u00e1val lehetett r\u00e9szt venni.<\/p>\n\n\n\n<p>M\u00e1r az els\u0151 esti bemutatkoz\u00e1sn\u00e1l kit\u0171nt, hogy a j\u00e1rv\u00e1ny, a k\u00f6z\u00f6ss\u00e9gek hi\u00e1nya sok \u00e9rintettet vetett vissza a gy\u00f3gyul\u00e1sban: az \u00e9rintettek fele sz\u00e1molt be megbotl\u00e1sr\u00f3l, p\u00e1r napos vagy hosszabb visszaes\u00e9sr\u0151l. A lelkigyakorlat r\u00e9sztvev\u0151i a lelki meg\u00fajul\u00e1sr\u00f3l, a j\u00f3zans\u00e1g meger\u0151s\u00edt\u00e9s\u00e9nek fontoss\u00e1g\u00e1r\u00f3l gy\u0151z\u0151dtek meg.<\/p>\n\n\n\n<p>B\u00edzva az eg\u00e9szs\u00e9g\u00fcgyi helyzet tov\u00e1bbi javul\u00e1s\u00e1ban j\u00falius 22-25. k\u00f6z\u00f6tt tartjuk a k\u00f6vetkez\u0151 lelkigyakorlatunkat.<\/p>\n\n\n\n<figure class=\"wp-block-image size-large\"><img decoding=\"async\" loading=\"lazy\" width=\"708\" height=\"500\" src=\"http:\/\/karitaszkp.hu\/wp-content\/uploads\/2021\/07\/eloadok.jpg\" alt=\"\" class=\"wp-image-1301\" srcset=\"https:\/\/karitaszkozpont.hu\/wp-content\/uploads\/2021\/07\/eloadok.jpg 708w, https:\/\/karitaszkozpont.hu\/wp-content\/uploads\/2021\/07\/eloadok-300x212.jpg 300w\" sizes=\"(max-width: 708px) 100vw, 708px\" \/><\/figure>\n","protected":false},"excerpt":{"rendered":"<p>Lelkigyakorlat 2021. M\u00e1jus 27 \u00e9s 30. k\u00f6z\u00f6tt tartotta meg az Alkoholistament\u0151 Szolg\u00e1lat, a Szent Erzs\u00e9bet Karit\u00e1sz Szenved\u00e9lybeteg-seg\u00edt\u0151 K\u00f6zpontj\u00e1nak t\u00e1mogat\u00e1s\u00e1val, Le\u00e1nyfalun a 154. szabad\u00edt\u00f3 lelkigyakorlat\u00e1t. A 45 f\u0151 \u00e9rintett \u00e9s hozz\u00e1tartoz\u00f3 (k\u00f6z\u00fcl\u00fck 33-an az Esztergom-Budapesti F\u0151egyh\u00e1zmegy\u00e9b\u0151l \u00e9rkeztek) meghallgatta Fazekas Gy\u00f6rgy rk. pap \u00e9s Moln\u00e1r Ferenc diak\u00f3nus el\u0151ad\u00e1sait, kiscsoportos foglalkoz\u00e1sokon, szentmis\u00e9ken \u00e9s tan\u00fas\u00e1gt\u00e9teleken vett r\u00e9szt. Az el\u0151ad\u00e1sok &hellip; <\/p>\n<p class=\"link-more\"><a href=\"https:\/\/karitaszkozpont.hu\/?p=1300\" class=\"more-link\">Continue reading<span class=\"screen-reader-text\"> &#8222;Lelkigyakorlat&#8221;<\/span><\/a><\/p>\n","protected":false},"author":1,"featured_media":1302,"comment_status":"open","ping_status":"open","sticky":false,"template":"","format":"standard","meta":[],"categories":[4],"tags":[],"yoast_head":"<!-- This site is optimized with the Yoast SEO plugin v20.1 - https:\/\/yoast.com\/wordpress\/plugins\/seo\/ -->\n<title>Lelkigyakorlat - Szent Erzs\u00e9bet Karit\u00e1sz K\u00f6zpont<\/title>\n<meta name=\"robots\" content=\"index, follow, max-snippet:-1, max-image-preview:large, max-video-preview:-1\" \/>\n<link rel=\"canonical\" href=\"https:\/\/karitaszkozpont.hu\/?p=1300\" \/>\n<meta property=\"og:locale\" content=\"hu_HU\" \/>\n<meta property=\"og:type\" content=\"article\" \/>\n<meta property=\"og:title\" content=\"Lelkigyakorlat - Szent Erzs\u00e9bet Karit\u00e1sz K\u00f6zpont\" \/>\n<meta property=\"og:description\" content=\"Lelkigyakorlat 2021. M\u00e1jus 27 \u00e9s 30. k\u00f6z\u00f6tt tartotta meg az Alkoholistament\u0151 Szolg\u00e1lat, a Szent Erzs\u00e9bet Karit\u00e1sz Szenved\u00e9lybeteg-seg\u00edt\u0151 K\u00f6zpontj\u00e1nak t\u00e1mogat\u00e1s\u00e1val, Le\u00e1nyfalun a 154. szabad\u00edt\u00f3 lelkigyakorlat\u00e1t. A 45 f\u0151 \u00e9rintett \u00e9s hozz\u00e1tartoz\u00f3 (k\u00f6z\u00fcl\u00fck 33-an az Esztergom-Budapesti F\u0151egyh\u00e1zmegy\u00e9b\u0151l \u00e9rkeztek) meghallgatta Fazekas Gy\u00f6rgy rk. pap \u00e9s Moln\u00e1r Ferenc diak\u00f3nus el\u0151ad\u00e1sait, kiscsoportos foglalkoz\u00e1sokon, szentmis\u00e9ken \u00e9s tan\u00fas\u00e1gt\u00e9teleken vett r\u00e9szt. Az el\u0151ad\u00e1sok &hellip; Continue reading &quot;Lelkigyakorlat&quot;\" \/>\n<meta property=\"og:url\" content=\"https:\/\/karitaszkozpont.hu\/?p=1300\" \/>\n<meta property=\"og:site_name\" content=\"Szent Erzs\u00e9bet Karit\u00e1sz K\u00f6zpont\" \/>\n<meta property=\"article:published_time\" content=\"2021-07-21T11:56:18+00:00\" \/>\n<meta property=\"article:modified_time\" content=\"2021-07-21T11:56:19+00:00\" \/>\n<meta property=\"og:image\" content=\"https:\/\/karitaszkozpont.hu\/wp-content\/uploads\/2021\/07\/arccal-a-szenvedo-krisztus-fele.jpg\" \/>\n\t<meta property=\"og:image:width\" content=\"687\" \/>\n\t<meta property=\"og:image:height\" content=\"494\" \/>\n\t<meta property=\"og:image:type\" content=\"image\/jpeg\" \/>\n<meta name=\"author\" content=\"Karit\u00e1sz K\u00f6zpont\" \/>\n<meta name=\"twitter:card\" content=\"summary_large_image\" \/>\n<meta name=\"twitter:label1\" content=\"Szerz\u0151:\" \/>\n\t<meta name=\"twitter:data1\" content=\"Karit\u00e1sz K\u00f6zpont\" \/>\n\t<meta name=\"twitter:label2\" content=\"Becs\u00fclt olvas\u00e1si id\u0151\" \/>\n\t<meta name=\"twitter:data2\" content=\"1 perc\" \/>\n<script type=\"application\/ld+json\" class=\"yoast-schema-graph\">{\"@context\":\"https:\/\/schema.org\",\"@graph\":[{\"@type\":\"Article\",\"@id\":\"https:\/\/karitaszkozpont.hu\/?p=1300#article\",\"isPartOf\":{\"@id\":\"https:\/\/karitaszkozpont.hu\/?p=1300\"},\"author\":{\"name\":\"Karit\u00e1sz K\u00f6zpont\",\"@id\":\"https:\/\/karitaszkozpont.hu\/#\/schema\/person\/0d9c28244c111914ea13bb1248775e57\"},\"headline\":\"Lelkigyakorlat\",\"datePublished\":\"2021-07-21T11:56:18+00:00\",\"dateModified\":\"2021-07-21T11:56:19+00:00\",\"mainEntityOfPage\":{\"@id\":\"https:\/\/karitaszkozpont.hu\/?p=1300\"},\"wordCount\":230,\"commentCount\":0,\"publisher\":{\"@id\":\"https:\/\/karitaszkozpont.hu\/#organization\"},\"articleSection\":[\"H\u00edrek\"],\"inLanguage\":\"hu\",\"potentialAction\":[{\"@type\":\"CommentAction\",\"name\":\"Comment\",\"target\":[\"https:\/\/karitaszkozpont.hu\/?p=1300#respond\"]}]},{\"@type\":\"WebPage\",\"@id\":\"https:\/\/karitaszkozpont.hu\/?p=1300\",\"url\":\"https:\/\/karitaszkozpont.hu\/?p=1300\",\"name\":\"Lelkigyakorlat - Szent Erzs\u00e9bet Karit\u00e1sz K\u00f6zpont\",\"isPartOf\":{\"@id\":\"https:\/\/karitaszkozpont.hu\/#website\"},\"datePublished\":\"2021-07-21T11:56:18+00:00\",\"dateModified\":\"2021-07-21T11:56:19+00:00\",\"breadcrumb\":{\"@id\":\"https:\/\/karitaszkozpont.hu\/?p=1300#breadcrumb\"},\"inLanguage\":\"hu\",\"potentialAction\":[{\"@type\":\"ReadAction\",\"target\":[\"https:\/\/karitaszkozpont.hu\/?p=1300\"]}]},{\"@type\":\"BreadcrumbList\",\"@id\":\"https:\/\/karitaszkozpont.hu\/?p=1300#breadcrumb\",\"itemListElement\":[{\"@type\":\"ListItem\",\"position\":1,\"name\":\"Kezd\u0151lap\",\"item\":\"https:\/\/karitaszkozpont.hu\/\"},{\"@type\":\"ListItem\",\"position\":2,\"name\":\"Lelkigyakorlat\"}]},{\"@type\":\"WebSite\",\"@id\":\"https:\/\/karitaszkozpont.hu\/#website\",\"url\":\"https:\/\/karitaszkozpont.hu\/\",\"name\":\"Szent Erzs\u00e9bet Karit\u00e1sz K\u00f6zpont\",\"description\":\"Esztergom-Budapesti F\u0151egyh\u00e1zmegye\",\"publisher\":{\"@id\":\"https:\/\/karitaszkozpont.hu\/#organization\"},\"potentialAction\":[{\"@type\":\"SearchAction\",\"target\":{\"@type\":\"EntryPoint\",\"urlTemplate\":\"https:\/\/karitaszkozpont.hu\/?s={search_term_string}\"},\"query-input\":\"required name=search_term_string\"}],\"inLanguage\":\"hu\"},{\"@type\":\"Organization\",\"@id\":\"https:\/\/karitaszkozpont.hu\/#organization\",\"name\":\"Szent Erzs\u00e9bet Karit\u00e1sz K\u00f6zpont\",\"url\":\"https:\/\/karitaszkozpont.hu\/\",\"logo\":{\"@type\":\"ImageObject\",\"inLanguage\":\"hu\",\"@id\":\"https:\/\/karitaszkozpont.hu\/#\/schema\/logo\/image\/\",\"url\":\"https:\/\/karitaszkp.hu\/wp-content\/uploads\/2019\/06\/cropped-logo-arnyekos-1.png\",\"contentUrl\":\"https:\/\/karitaszkp.hu\/wp-content\/uploads\/2019\/06\/cropped-logo-arnyekos-1.png\",\"width\":240,\"height\":247,\"caption\":\"Szent Erzs\u00e9bet Karit\u00e1sz K\u00f6zpont\"},\"image\":{\"@id\":\"https:\/\/karitaszkozpont.hu\/#\/schema\/logo\/image\/\"}},{\"@type\":\"Person\",\"@id\":\"https:\/\/karitaszkozpont.hu\/#\/schema\/person\/0d9c28244c111914ea13bb1248775e57\",\"name\":\"Karit\u00e1sz K\u00f6zpont\",\"image\":{\"@type\":\"ImageObject\",\"inLanguage\":\"hu\",\"@id\":\"https:\/\/karitaszkozpont.hu\/#\/schema\/person\/image\/\",\"url\":\"https:\/\/secure.gravatar.com\/avatar\/1274acd7c62f3cac92d2b38aad20c71b?s=96&d=mm&r=g\",\"contentUrl\":\"https:\/\/secure.gravatar.com\/avatar\/1274acd7c62f3cac92d2b38aad20c71b?s=96&d=mm&r=g\",\"caption\":\"Karit\u00e1sz K\u00f6zpont\"},\"url\":\"https:\/\/karitaszkozpont.hu\/?author=1\"}]}<\/script>\n<!-- \/ Yoast SEO plugin. -->","yoast_head_json":{"title":"Lelkigyakorlat - Szent Erzs\u00e9bet Karit\u00e1sz K\u00f6zpont","robots":{"index":"index","follow":"follow","max-snippet":"max-snippet:-1","max-image-preview":"max-image-preview:large","max-video-preview":"max-video-preview:-1"},"canonical":"https:\/\/karitaszkozpont.hu\/?p=1300","og_locale":"hu_HU","og_type":"article","og_title":"Lelkigyakorlat - Szent Erzs\u00e9bet Karit\u00e1sz K\u00f6zpont","og_description":"Lelkigyakorlat 2021. M\u00e1jus 27 \u00e9s 30. k\u00f6z\u00f6tt tartotta meg az Alkoholistament\u0151 Szolg\u00e1lat, a Szent Erzs\u00e9bet Karit\u00e1sz Szenved\u00e9lybeteg-seg\u00edt\u0151 K\u00f6zpontj\u00e1nak t\u00e1mogat\u00e1s\u00e1val, Le\u00e1nyfalun a 154. szabad\u00edt\u00f3 lelkigyakorlat\u00e1t. A 45 f\u0151 \u00e9rintett \u00e9s hozz\u00e1tartoz\u00f3 (k\u00f6z\u00fcl\u00fck 33-an az Esztergom-Budapesti F\u0151egyh\u00e1zmegy\u00e9b\u0151l \u00e9rkeztek) meghallgatta Fazekas Gy\u00f6rgy rk. pap \u00e9s Moln\u00e1r Ferenc diak\u00f3nus el\u0151ad\u00e1sait, kiscsoportos foglalkoz\u00e1sokon, szentmis\u00e9ken \u00e9s tan\u00fas\u00e1gt\u00e9teleken vett r\u00e9szt. Az el\u0151ad\u00e1sok &hellip; Continue reading \"Lelkigyakorlat\"","og_url":"https:\/\/karitaszkozpont.hu\/?p=1300","og_site_name":"Szent Erzs\u00e9bet Karit\u00e1sz K\u00f6zpont","article_published_time":"2021-07-21T11:56:18+00:00","article_modified_time":"2021-07-21T11:56:19+00:00","og_image":[{"width":687,"height":494,"url":"https:\/\/karitaszkozpont.hu\/wp-content\/uploads\/2021\/07\/arccal-a-szenvedo-krisztus-fele.jpg","type":"image\/jpeg"}],"author":"Karit\u00e1sz K\u00f6zpont","twitter_card":"summary_large_image","twitter_misc":{"Szerz\u0151:":"Karit\u00e1sz K\u00f6zpont","Becs\u00fclt olvas\u00e1si id\u0151":"1 perc"},"schema":{"@context":"https:\/\/schema.org","@graph":[{"@type":"Article","@id":"https:\/\/karitaszkozpont.hu\/?p=1300#article","isPartOf":{"@id":"https:\/\/karitaszkozpont.hu\/?p=1300"},"author":{"name":"Karit\u00e1sz K\u00f6zpont","@id":"https:\/\/karitaszkozpont.hu\/#\/schema\/person\/0d9c28244c111914ea13bb1248775e57"},"headline":"Lelkigyakorlat","datePublished":"2021-07-21T11:56:18+00:00","dateModified":"2021-07-21T11:56:19+00:00","mainEntityOfPage":{"@id":"https:\/\/karitaszkozpont.hu\/?p=1300"},"wordCount":230,"commentCount":0,"publisher":{"@id":"https:\/\/karitaszkozpont.hu\/#organization"},"articleSection":["H\u00edrek"],"inLanguage":"hu","potentialAction":[{"@type":"CommentAction","name":"Comment","target":["https:\/\/karitaszkozpont.hu\/?p=1300#respond"]}]},{"@type":"WebPage","@id":"https:\/\/karitaszkozpont.hu\/?p=1300","url":"https:\/\/karitaszkozpont.hu\/?p=1300","name":"Lelkigyakorlat - Szent Erzs\u00e9bet Karit\u00e1sz K\u00f6zpont","isPartOf":{"@id":"https:\/\/karitaszkozpont.hu\/#website"},"datePublished":"2021-07-21T11:56:18+00:00","dateModified":"2021-07-21T11:56:19+00:00","breadcrumb":{"@id":"https:\/\/karitaszkozpont.hu\/?p=1300#breadcrumb"},"inLanguage":"hu","potentialAction":[{"@type":"ReadAction","target":["https:\/\/karitaszkozpont.hu\/?p=1300"]}]},{"@type":"BreadcrumbList","@id":"https:\/\/karitaszkozpont.hu\/?p=1300#breadcrumb","itemListElement":[{"@type":"ListItem","position":1,"name":"Kezd\u0151lap","item":"https:\/\/karitaszkozpont.hu\/"},{"@type":"ListItem","position":2,"name":"Lelkigyakorlat"}]},{"@type":"WebSite","@id":"https:\/\/karitaszkozpont.hu\/#website","url":"https:\/\/karitaszkozpont.hu\/","name":"Szent Erzs\u00e9bet Karit\u00e1sz K\u00f6zpont","description":"Esztergom-Budapesti F\u0151egyh\u00e1zmegye","publisher":{"@id":"https:\/\/karitaszkozpont.hu\/#organization"},"potentialAction":[{"@type":"SearchAction","target":{"@type":"EntryPoint","urlTemplate":"https:\/\/karitaszkozpont.hu\/?s={search_term_string}"},"query-input":"required name=search_term_string"}],"inLanguage":"hu"},{"@type":"Organization","@id":"https:\/\/karitaszkozpont.hu\/#organization","name":"Szent Erzs\u00e9bet Karit\u00e1sz K\u00f6zpont","url":"https:\/\/karitaszkozpont.hu\/","logo":{"@type":"ImageObject","inLanguage":"hu","@id":"https:\/\/karitaszkozpont.hu\/#\/schema\/logo\/image\/","url":"https:\/\/karitaszkp.hu\/wp-content\/uploads\/2019\/06\/cropped-logo-arnyekos-1.png","contentUrl":"https:\/\/karitaszkp.hu\/wp-content\/uploads\/2019\/06\/cropped-logo-arnyekos-1.png","width":240,"height":247,"caption":"Szent Erzs\u00e9bet Karit\u00e1sz K\u00f6zpont"},"image":{"@id":"https:\/\/karitaszkozpont.hu\/#\/schema\/logo\/image\/"}},{"@type":"Person","@id":"https:\/\/karitaszkozpont.hu\/#\/schema\/person\/0d9c28244c111914ea13bb1248775e57","name":"Karit\u00e1sz K\u00f6zpont","image":{"@type":"ImageObject","inLanguage":"hu","@id":"https:\/\/karitaszkozpont.hu\/#\/schema\/person\/image\/","url":"https:\/\/secure.gravatar.com\/avatar\/1274acd7c62f3cac92d2b38aad20c71b?s=96&d=mm&r=g","contentUrl":"https:\/\/secure.gravatar.com\/avatar\/1274acd7c62f3cac92d2b38aad20c71b?s=96&d=mm&r=g","caption":"Karit\u00e1sz K\u00f6zpont"},"url":"https:\/\/karitaszkozpont.hu\/?author=1"}]}},"_links":{"self":[{"href":"https:\/\/karitaszkozpont.hu\/index.php?rest_route=\/wp\/v2\/posts\/1300"}],"collection":[{"href":"https:\/\/karitaszkozpont.hu\/index.php?rest_route=\/wp\/v2\/posts"}],"about":[{"href":"https:\/\/karitaszkozpont.hu\/index.php?rest_route=\/wp\/v2\/types\/post"}],"author":[{"embeddable":true,"href":"https:\/\/karitaszkozpont.hu\/index.php?rest_route=\/wp\/v2\/users\/1"}],"replies":[{"embeddable":true,"href":"https:\/\/karitaszkozpont.hu\/index.php?rest_route=%2Fwp%2Fv2%2Fcomments&post=1300"}],"version-history":[{"count":1,"href":"https:\/\/karitaszkozpont.hu\/index.php?rest_route=\/wp\/v2\/posts\/1300\/revisions"}],"predecessor-version":[{"id":1303,"href":"https:\/\/karitaszkozpont.hu\/index.php?rest_route=\/wp\/v2\/posts\/1300\/revisions\/1303"}],"wp:featuredmedia":[{"embeddable":true,"href":"https:\/\/karitaszkozpont.hu\/index.php?rest_route=\/wp\/v2\/media\/1302"}],"wp:attachment":[{"href":"https:\/\/karitaszkozpont.hu\/index.php?rest_route=%2Fwp%2Fv2%2Fmedia&parent=1300"}],"wp:term":[{"taxonomy":"category","embeddable":true,"href":"https:\/\/karitaszkozpont.hu\/index.php?rest_route=%2Fwp%2Fv2%2Fcategories&post=1300"},{"taxonomy":"post_tag","embeddable":true,"href":"https:\/\/karitaszkozpont.hu\/index.php?rest_route=%2Fwp%2Fv2%2Ftags&post=1300"}],"curies":[{"name":"wp","href":"https:\/\/api.w.org\/{rel}","templated":true}]}}