{"id":1295,"date":"2021-07-21T13:50:54","date_gmt":"2021-07-21T11:50:54","guid":{"rendered":"http:\/\/karitaszkp.hu\/?p=1295"},"modified":"2021-07-21T13:50:55","modified_gmt":"2021-07-21T11:50:55","slug":"lelki-tabor-cserepfalun-2","status":"publish","type":"post","link":"https:\/\/karitaszkozpont.hu\/?p=1295","title":{"rendered":"Lelki T\u00e1bor Cser\u00e9pfalun"},"content":{"rendered":"\n<p class=\"has-white-color has-vivid-red-background-color has-text-color has-background has-large-font-size\"><strong>Lelki T\u00e1bor Cser\u00e9pfalun<\/strong><\/p>\n\n\n\n<p>Az id\u00e9n ny\u00e1ron, j\u00falius 5-10. k\u00f6z\u00f6tt a Szent Erzs\u00e9bet Karit\u00e1sz \u2013 Szenved\u00e9lybeteg-seg\u00edt\u0151 Lelki K\u00f6zpont szervez\u00e9s\u00e9ben 17 gy\u00f3gyul\u00f3f\u00e9lben l\u00e9v\u0151 szenved\u00e9lybeteg vehetett r\u00e9szt a Katolikus Alkoholistament\u0151 Szolg\u00e1lat (KASZ) egy hetes lelki t\u00e1bor\u00e1ban. Tizenketten az Esztergom-Budapesti F\u0151egyh\u00e1zmegy\u00e9b\u0151l, a t\u00f6bbiek a sz\u00e9kesfeh\u00e9rv\u00e1ri \u00e9s a v\u00e1ci \u00e9rseks\u00e9g ter\u00fclet\u00e9r\u0151l \u00e9rkeztek.&nbsp;<\/p>\n\n\n\n<figure class=\"wp-block-image size-large\"><img decoding=\"async\" loading=\"lazy\" width=\"1024\" height=\"766\" src=\"http:\/\/karitaszkp.hu\/wp-content\/uploads\/2021\/07\/eloadas-1024x766.jpg\" alt=\"\" class=\"wp-image-1297\" srcset=\"https:\/\/karitaszkozpont.hu\/wp-content\/uploads\/2021\/07\/eloadas-1024x766.jpg 1024w, https:\/\/karitaszkozpont.hu\/wp-content\/uploads\/2021\/07\/eloadas-300x224.jpg 300w, https:\/\/karitaszkozpont.hu\/wp-content\/uploads\/2021\/07\/eloadas-768x574.jpg 768w, https:\/\/karitaszkozpont.hu\/wp-content\/uploads\/2021\/07\/eloadas-1536x1149.jpg 1536w, https:\/\/karitaszkozpont.hu\/wp-content\/uploads\/2021\/07\/eloadas-2048x1532.jpg 2048w\" sizes=\"(max-width: 1024px) 100vw, 1024px\" \/><\/figure>\n\n\n\n<p>A t\u00e1bor 13 \u00e9ves m\u00faltra n\u00e9z vissza: t\u00edz \u00e9vig, egy h\u00e1zasp\u00e1r vend\u00e9gszeretet\u00e9nek k\u00f6sz\u00f6nhet\u0151en Somogyb\u00fckk\u00f6sdre utaztak a testi \u00e9s leki t\u00e1pl\u00e1l\u00e9kot egyar\u00e1nt keres\u0151k, majd 2019-ben Cser\u00e9pfalv\u00e1ra, a B\u00fckk l\u00e1b\u00e1n\u00e1l fekv\u0151 kis faluba tett\u00e9k \u00e1t a helysz\u00ednt.&nbsp;<\/p>\n\n\n\n<p>Az elhelyez\u00e9s egy b\u00e9relt telken, az azon \u00e9p\u00fclt \u00e9s erre a c\u00e9lra alkalmasan berendezett h\u00e1zakban t\u00f6rt\u00e9nt. A reggelir\u0151l \u00e9s a vacsor\u00e1t\u00f3l a t\u00e1borlak\u00f3k maguk gondoskodtak, eb\u00e9delni \u00e1ts\u00e9t\u00e1ltak a helyi kisvend\u00e9gl\u0151be.<\/p>\n\n\n\n<figure class=\"wp-block-image size-large\"><img decoding=\"async\" loading=\"lazy\" width=\"1024\" height=\"766\" src=\"http:\/\/karitaszkp.hu\/wp-content\/uploads\/2021\/07\/szabadido-1024x766.jpg\" alt=\"\" class=\"wp-image-1296\" srcset=\"https:\/\/karitaszkozpont.hu\/wp-content\/uploads\/2021\/07\/szabadido-1024x766.jpg 1024w, https:\/\/karitaszkozpont.hu\/wp-content\/uploads\/2021\/07\/szabadido-300x224.jpg 300w, https:\/\/karitaszkozpont.hu\/wp-content\/uploads\/2021\/07\/szabadido-768x574.jpg 768w, https:\/\/karitaszkozpont.hu\/wp-content\/uploads\/2021\/07\/szabadido-1536x1149.jpg 1536w, https:\/\/karitaszkozpont.hu\/wp-content\/uploads\/2021\/07\/szabadido-2048x1532.jpg 2048w\" sizes=\"(max-width: 1024px) 100vw, 1024px\" \/><\/figure>\n\n\n\n<p>D\u00e9lel\u0151tt\u00f6nk\u00e9nt elm\u00e9lked\u00e9seket hallgattak Fazekas Gy\u00f6rgy aty\u00e1t\u00f3l, a KASZ lelk\u00e9sz\u00e9t\u0151l, (az id\u00e9n Szent M\u00e1rk evang\u00e9liuma alapj\u00e1n J\u00e9zus p\u00e9ldabesz\u00e9deit elemezte a magvet\u0151r\u0151l, a must\u00e1rmagr\u00f3l, az elvetettmagokr\u00f3l). A hallottakat kiscsoportos besz\u00e9lget\u00e9seken besz\u00e9lt\u00e9k meg majd szentmis\u00e9vel z\u00e1rult az eb\u00e9d el\u0151tti program.<\/p>\n\n\n\n<p>A d\u00e9lut\u00e1n kir\u00e1ndul\u00e1sokkal, strandl\u00e1togat\u00e1ssal (Bog\u00e1cs p\u00e1r kilom\u00e9terre van), vet\u00e9lekd\u0151kkel telt; est\u00e9nk\u00e9nt \u00e9nekl\u00e9ssel, t\u00e1bort\u00fazzel, az utols\u00f3 est\u00e9n m\u0171soros esttel z\u00e1rult a nap.<\/p>\n\n\n\n<figure class=\"wp-block-image size-large\"><img decoding=\"async\" loading=\"lazy\" width=\"1024\" height=\"766\" src=\"http:\/\/karitaszkp.hu\/wp-content\/uploads\/2021\/07\/vetelkedo-1024x766.jpg\" alt=\"\" class=\"wp-image-1298\" srcset=\"https:\/\/karitaszkozpont.hu\/wp-content\/uploads\/2021\/07\/vetelkedo-1024x766.jpg 1024w, https:\/\/karitaszkozpont.hu\/wp-content\/uploads\/2021\/07\/vetelkedo-300x224.jpg 300w, https:\/\/karitaszkozpont.hu\/wp-content\/uploads\/2021\/07\/vetelkedo-768x574.jpg 768w, https:\/\/karitaszkozpont.hu\/wp-content\/uploads\/2021\/07\/vetelkedo-1536x1149.jpg 1536w, https:\/\/karitaszkozpont.hu\/wp-content\/uploads\/2021\/07\/vetelkedo-2048x1532.jpg 2048w\" sizes=\"(max-width: 1024px) 100vw, 1024px\" \/><\/figure>\n\n\n\n<p>A r\u00e9sztvev\u0151k lelkileg felt\u00f6ltekezve, \u00e9lm\u00e9nyekkel gazdagodva t\u00e9rtek vissza, abban a rem\u00e9nyben, hogy j\u00f6v\u0151re tal\u00e1n ism\u00e9t tal\u00e1lkozhatnak.<\/p>\n","protected":false},"excerpt":{"rendered":"<p>Lelki T\u00e1bor Cser\u00e9pfalun Az id\u00e9n ny\u00e1ron, j\u00falius 5-10. k\u00f6z\u00f6tt a Szent Erzs\u00e9bet Karit\u00e1sz \u2013 Szenved\u00e9lybeteg-seg\u00edt\u0151 Lelki K\u00f6zpont szervez\u00e9s\u00e9ben 17 gy\u00f3gyul\u00f3f\u00e9lben l\u00e9v\u0151 szenved\u00e9lybeteg vehetett r\u00e9szt a Katolikus Alkoholistament\u0151 Szolg\u00e1lat (KASZ) egy hetes lelki t\u00e1bor\u00e1ban. Tizenketten az Esztergom-Budapesti F\u0151egyh\u00e1zmegy\u00e9b\u0151l, a t\u00f6bbiek a sz\u00e9kesfeh\u00e9rv\u00e1ri \u00e9s a v\u00e1ci \u00e9rseks\u00e9g ter\u00fclet\u00e9r\u0151l \u00e9rkeztek.&nbsp; A t\u00e1bor 13 \u00e9ves m\u00faltra n\u00e9z vissza: t\u00edz &hellip; <\/p>\n<p class=\"link-more\"><a href=\"https:\/\/karitaszkozpont.hu\/?p=1295\" class=\"more-link\">Continue reading<span class=\"screen-reader-text\"> &#8222;Lelki T\u00e1bor Cser\u00e9pfalun&#8221;<\/span><\/a><\/p>\n","protected":false},"author":1,"featured_media":1297,"comment_status":"open","ping_status":"open","sticky":false,"template":"","format":"standard","meta":[],"categories":[4],"tags":[],"yoast_head":"<!-- This site is optimized with the Yoast SEO plugin v20.1 - https:\/\/yoast.com\/wordpress\/plugins\/seo\/ -->\n<title>Lelki T\u00e1bor Cser\u00e9pfalun - Szent Erzs\u00e9bet Karit\u00e1sz K\u00f6zpont<\/title>\n<meta name=\"robots\" content=\"index, follow, max-snippet:-1, max-image-preview:large, max-video-preview:-1\" \/>\n<link rel=\"canonical\" href=\"https:\/\/karitaszkozpont.hu\/?p=1295\" \/>\n<meta property=\"og:locale\" content=\"hu_HU\" \/>\n<meta property=\"og:type\" content=\"article\" \/>\n<meta property=\"og:title\" content=\"Lelki T\u00e1bor Cser\u00e9pfalun - Szent Erzs\u00e9bet Karit\u00e1sz K\u00f6zpont\" \/>\n<meta property=\"og:description\" content=\"Lelki T\u00e1bor Cser\u00e9pfalun Az id\u00e9n ny\u00e1ron, j\u00falius 5-10. k\u00f6z\u00f6tt a Szent Erzs\u00e9bet Karit\u00e1sz \u2013 Szenved\u00e9lybeteg-seg\u00edt\u0151 Lelki K\u00f6zpont szervez\u00e9s\u00e9ben 17 gy\u00f3gyul\u00f3f\u00e9lben l\u00e9v\u0151 szenved\u00e9lybeteg vehetett r\u00e9szt a Katolikus Alkoholistament\u0151 Szolg\u00e1lat (KASZ) egy hetes lelki t\u00e1bor\u00e1ban. Tizenketten az Esztergom-Budapesti F\u0151egyh\u00e1zmegy\u00e9b\u0151l, a t\u00f6bbiek a sz\u00e9kesfeh\u00e9rv\u00e1ri \u00e9s a v\u00e1ci \u00e9rseks\u00e9g ter\u00fclet\u00e9r\u0151l \u00e9rkeztek.&nbsp; A t\u00e1bor 13 \u00e9ves m\u00faltra n\u00e9z vissza: t\u00edz &hellip; Continue reading &quot;Lelki T\u00e1bor Cser\u00e9pfalun&quot;\" \/>\n<meta property=\"og:url\" content=\"https:\/\/karitaszkozpont.hu\/?p=1295\" \/>\n<meta property=\"og:site_name\" content=\"Szent Erzs\u00e9bet Karit\u00e1sz K\u00f6zpont\" \/>\n<meta property=\"article:published_time\" content=\"2021-07-21T11:50:54+00:00\" \/>\n<meta property=\"article:modified_time\" content=\"2021-07-21T11:50:55+00:00\" \/>\n<meta property=\"og:image\" content=\"https:\/\/karitaszkozpont.hu\/wp-content\/uploads\/2021\/07\/eloadas-scaled.jpg\" \/>\n\t<meta property=\"og:image:width\" content=\"2560\" \/>\n\t<meta property=\"og:image:height\" content=\"1915\" \/>\n\t<meta property=\"og:image:type\" content=\"image\/jpeg\" \/>\n<meta name=\"author\" content=\"Karit\u00e1sz K\u00f6zpont\" \/>\n<meta name=\"twitter:card\" content=\"summary_large_image\" \/>\n<meta name=\"twitter:label1\" content=\"Szerz\u0151:\" \/>\n\t<meta name=\"twitter:data1\" content=\"Karit\u00e1sz K\u00f6zpont\" \/>\n\t<meta name=\"twitter:label2\" content=\"Becs\u00fclt olvas\u00e1si id\u0151\" \/>\n\t<meta name=\"twitter:data2\" content=\"2 perc\" \/>\n<script type=\"application\/ld+json\" class=\"yoast-schema-graph\">{\"@context\":\"https:\/\/schema.org\",\"@graph\":[{\"@type\":\"Article\",\"@id\":\"https:\/\/karitaszkozpont.hu\/?p=1295#article\",\"isPartOf\":{\"@id\":\"https:\/\/karitaszkozpont.hu\/?p=1295\"},\"author\":{\"name\":\"Karit\u00e1sz K\u00f6zpont\",\"@id\":\"https:\/\/karitaszkozpont.hu\/#\/schema\/person\/0d9c28244c111914ea13bb1248775e57\"},\"headline\":\"Lelki T\u00e1bor Cser\u00e9pfalun\",\"datePublished\":\"2021-07-21T11:50:54+00:00\",\"dateModified\":\"2021-07-21T11:50:55+00:00\",\"mainEntityOfPage\":{\"@id\":\"https:\/\/karitaszkozpont.hu\/?p=1295\"},\"wordCount\":331,\"commentCount\":0,\"publisher\":{\"@id\":\"https:\/\/karitaszkozpont.hu\/#organization\"},\"articleSection\":[\"H\u00edrek\"],\"inLanguage\":\"hu\",\"potentialAction\":[{\"@type\":\"CommentAction\",\"name\":\"Comment\",\"target\":[\"https:\/\/karitaszkozpont.hu\/?p=1295#respond\"]}]},{\"@type\":\"WebPage\",\"@id\":\"https:\/\/karitaszkozpont.hu\/?p=1295\",\"url\":\"https:\/\/karitaszkozpont.hu\/?p=1295\",\"name\":\"Lelki T\u00e1bor Cser\u00e9pfalun - Szent Erzs\u00e9bet Karit\u00e1sz K\u00f6zpont\",\"isPartOf\":{\"@id\":\"https:\/\/karitaszkozpont.hu\/#website\"},\"datePublished\":\"2021-07-21T11:50:54+00:00\",\"dateModified\":\"2021-07-21T11:50:55+00:00\",\"breadcrumb\":{\"@id\":\"https:\/\/karitaszkozpont.hu\/?p=1295#breadcrumb\"},\"inLanguage\":\"hu\",\"potentialAction\":[{\"@type\":\"ReadAction\",\"target\":[\"https:\/\/karitaszkozpont.hu\/?p=1295\"]}]},{\"@type\":\"BreadcrumbList\",\"@id\":\"https:\/\/karitaszkozpont.hu\/?p=1295#breadcrumb\",\"itemListElement\":[{\"@type\":\"ListItem\",\"position\":1,\"name\":\"Kezd\u0151lap\",\"item\":\"https:\/\/karitaszkozpont.hu\/\"},{\"@type\":\"ListItem\",\"position\":2,\"name\":\"Lelki T\u00e1bor Cser\u00e9pfalun\"}]},{\"@type\":\"WebSite\",\"@id\":\"https:\/\/karitaszkozpont.hu\/#website\",\"url\":\"https:\/\/karitaszkozpont.hu\/\",\"name\":\"Szent Erzs\u00e9bet Karit\u00e1sz K\u00f6zpont\",\"description\":\"Esztergom-Budapesti F\u0151egyh\u00e1zmegye\",\"publisher\":{\"@id\":\"https:\/\/karitaszkozpont.hu\/#organization\"},\"potentialAction\":[{\"@type\":\"SearchAction\",\"target\":{\"@type\":\"EntryPoint\",\"urlTemplate\":\"https:\/\/karitaszkozpont.hu\/?s={search_term_string}\"},\"query-input\":\"required name=search_term_string\"}],\"inLanguage\":\"hu\"},{\"@type\":\"Organization\",\"@id\":\"https:\/\/karitaszkozpont.hu\/#organization\",\"name\":\"Szent Erzs\u00e9bet Karit\u00e1sz K\u00f6zpont\",\"url\":\"https:\/\/karitaszkozpont.hu\/\",\"logo\":{\"@type\":\"ImageObject\",\"inLanguage\":\"hu\",\"@id\":\"https:\/\/karitaszkozpont.hu\/#\/schema\/logo\/image\/\",\"url\":\"https:\/\/karitaszkp.hu\/wp-content\/uploads\/2019\/06\/cropped-logo-arnyekos-1.png\",\"contentUrl\":\"https:\/\/karitaszkp.hu\/wp-content\/uploads\/2019\/06\/cropped-logo-arnyekos-1.png\",\"width\":240,\"height\":247,\"caption\":\"Szent Erzs\u00e9bet Karit\u00e1sz K\u00f6zpont\"},\"image\":{\"@id\":\"https:\/\/karitaszkozpont.hu\/#\/schema\/logo\/image\/\"}},{\"@type\":\"Person\",\"@id\":\"https:\/\/karitaszkozpont.hu\/#\/schema\/person\/0d9c28244c111914ea13bb1248775e57\",\"name\":\"Karit\u00e1sz K\u00f6zpont\",\"image\":{\"@type\":\"ImageObject\",\"inLanguage\":\"hu\",\"@id\":\"https:\/\/karitaszkozpont.hu\/#\/schema\/person\/image\/\",\"url\":\"https:\/\/secure.gravatar.com\/avatar\/1274acd7c62f3cac92d2b38aad20c71b?s=96&d=mm&r=g\",\"contentUrl\":\"https:\/\/secure.gravatar.com\/avatar\/1274acd7c62f3cac92d2b38aad20c71b?s=96&d=mm&r=g\",\"caption\":\"Karit\u00e1sz K\u00f6zpont\"},\"url\":\"https:\/\/karitaszkozpont.hu\/?author=1\"}]}<\/script>\n<!-- \/ Yoast SEO plugin. -->","yoast_head_json":{"title":"Lelki T\u00e1bor Cser\u00e9pfalun - Szent Erzs\u00e9bet Karit\u00e1sz K\u00f6zpont","robots":{"index":"index","follow":"follow","max-snippet":"max-snippet:-1","max-image-preview":"max-image-preview:large","max-video-preview":"max-video-preview:-1"},"canonical":"https:\/\/karitaszkozpont.hu\/?p=1295","og_locale":"hu_HU","og_type":"article","og_title":"Lelki T\u00e1bor Cser\u00e9pfalun - Szent Erzs\u00e9bet Karit\u00e1sz K\u00f6zpont","og_description":"Lelki T\u00e1bor Cser\u00e9pfalun Az id\u00e9n ny\u00e1ron, j\u00falius 5-10. k\u00f6z\u00f6tt a Szent Erzs\u00e9bet Karit\u00e1sz \u2013 Szenved\u00e9lybeteg-seg\u00edt\u0151 Lelki K\u00f6zpont szervez\u00e9s\u00e9ben 17 gy\u00f3gyul\u00f3f\u00e9lben l\u00e9v\u0151 szenved\u00e9lybeteg vehetett r\u00e9szt a Katolikus Alkoholistament\u0151 Szolg\u00e1lat (KASZ) egy hetes lelki t\u00e1bor\u00e1ban. Tizenketten az Esztergom-Budapesti F\u0151egyh\u00e1zmegy\u00e9b\u0151l, a t\u00f6bbiek a sz\u00e9kesfeh\u00e9rv\u00e1ri \u00e9s a v\u00e1ci \u00e9rseks\u00e9g ter\u00fclet\u00e9r\u0151l \u00e9rkeztek.&nbsp; A t\u00e1bor 13 \u00e9ves m\u00faltra n\u00e9z vissza: t\u00edz &hellip; Continue reading \"Lelki T\u00e1bor Cser\u00e9pfalun\"","og_url":"https:\/\/karitaszkozpont.hu\/?p=1295","og_site_name":"Szent Erzs\u00e9bet Karit\u00e1sz K\u00f6zpont","article_published_time":"2021-07-21T11:50:54+00:00","article_modified_time":"2021-07-21T11:50:55+00:00","og_image":[{"width":2560,"height":1915,"url":"https:\/\/karitaszkozpont.hu\/wp-content\/uploads\/2021\/07\/eloadas-scaled.jpg","type":"image\/jpeg"}],"author":"Karit\u00e1sz K\u00f6zpont","twitter_card":"summary_large_image","twitter_misc":{"Szerz\u0151:":"Karit\u00e1sz K\u00f6zpont","Becs\u00fclt olvas\u00e1si id\u0151":"2 perc"},"schema":{"@context":"https:\/\/schema.org","@graph":[{"@type":"Article","@id":"https:\/\/karitaszkozpont.hu\/?p=1295#article","isPartOf":{"@id":"https:\/\/karitaszkozpont.hu\/?p=1295"},"author":{"name":"Karit\u00e1sz K\u00f6zpont","@id":"https:\/\/karitaszkozpont.hu\/#\/schema\/person\/0d9c28244c111914ea13bb1248775e57"},"headline":"Lelki T\u00e1bor Cser\u00e9pfalun","datePublished":"2021-07-21T11:50:54+00:00","dateModified":"2021-07-21T11:50:55+00:00","mainEntityOfPage":{"@id":"https:\/\/karitaszkozpont.hu\/?p=1295"},"wordCount":331,"commentCount":0,"publisher":{"@id":"https:\/\/karitaszkozpont.hu\/#organization"},"articleSection":["H\u00edrek"],"inLanguage":"hu","potentialAction":[{"@type":"CommentAction","name":"Comment","target":["https:\/\/karitaszkozpont.hu\/?p=1295#respond"]}]},{"@type":"WebPage","@id":"https:\/\/karitaszkozpont.hu\/?p=1295","url":"https:\/\/karitaszkozpont.hu\/?p=1295","name":"Lelki T\u00e1bor Cser\u00e9pfalun - Szent Erzs\u00e9bet Karit\u00e1sz K\u00f6zpont","isPartOf":{"@id":"https:\/\/karitaszkozpont.hu\/#website"},"datePublished":"2021-07-21T11:50:54+00:00","dateModified":"2021-07-21T11:50:55+00:00","breadcrumb":{"@id":"https:\/\/karitaszkozpont.hu\/?p=1295#breadcrumb"},"inLanguage":"hu","potentialAction":[{"@type":"ReadAction","target":["https:\/\/karitaszkozpont.hu\/?p=1295"]}]},{"@type":"BreadcrumbList","@id":"https:\/\/karitaszkozpont.hu\/?p=1295#breadcrumb","itemListElement":[{"@type":"ListItem","position":1,"name":"Kezd\u0151lap","item":"https:\/\/karitaszkozpont.hu\/"},{"@type":"ListItem","position":2,"name":"Lelki T\u00e1bor Cser\u00e9pfalun"}]},{"@type":"WebSite","@id":"https:\/\/karitaszkozpont.hu\/#website","url":"https:\/\/karitaszkozpont.hu\/","name":"Szent Erzs\u00e9bet Karit\u00e1sz K\u00f6zpont","description":"Esztergom-Budapesti F\u0151egyh\u00e1zmegye","publisher":{"@id":"https:\/\/karitaszkozpont.hu\/#organization"},"potentialAction":[{"@type":"SearchAction","target":{"@type":"EntryPoint","urlTemplate":"https:\/\/karitaszkozpont.hu\/?s={search_term_string}"},"query-input":"required name=search_term_string"}],"inLanguage":"hu"},{"@type":"Organization","@id":"https:\/\/karitaszkozpont.hu\/#organization","name":"Szent Erzs\u00e9bet Karit\u00e1sz K\u00f6zpont","url":"https:\/\/karitaszkozpont.hu\/","logo":{"@type":"ImageObject","inLanguage":"hu","@id":"https:\/\/karitaszkozpont.hu\/#\/schema\/logo\/image\/","url":"https:\/\/karitaszkp.hu\/wp-content\/uploads\/2019\/06\/cropped-logo-arnyekos-1.png","contentUrl":"https:\/\/karitaszkp.hu\/wp-content\/uploads\/2019\/06\/cropped-logo-arnyekos-1.png","width":240,"height":247,"caption":"Szent Erzs\u00e9bet Karit\u00e1sz K\u00f6zpont"},"image":{"@id":"https:\/\/karitaszkozpont.hu\/#\/schema\/logo\/image\/"}},{"@type":"Person","@id":"https:\/\/karitaszkozpont.hu\/#\/schema\/person\/0d9c28244c111914ea13bb1248775e57","name":"Karit\u00e1sz K\u00f6zpont","image":{"@type":"ImageObject","inLanguage":"hu","@id":"https:\/\/karitaszkozpont.hu\/#\/schema\/person\/image\/","url":"https:\/\/secure.gravatar.com\/avatar\/1274acd7c62f3cac92d2b38aad20c71b?s=96&d=mm&r=g","contentUrl":"https:\/\/secure.gravatar.com\/avatar\/1274acd7c62f3cac92d2b38aad20c71b?s=96&d=mm&r=g","caption":"Karit\u00e1sz K\u00f6zpont"},"url":"https:\/\/karitaszkozpont.hu\/?author=1"}]}},"_links":{"self":[{"href":"https:\/\/karitaszkozpont.hu\/index.php?rest_route=\/wp\/v2\/posts\/1295"}],"collection":[{"href":"https:\/\/karitaszkozpont.hu\/index.php?rest_route=\/wp\/v2\/posts"}],"about":[{"href":"https:\/\/karitaszkozpont.hu\/index.php?rest_route=\/wp\/v2\/types\/post"}],"author":[{"embeddable":true,"href":"https:\/\/karitaszkozpont.hu\/index.php?rest_route=\/wp\/v2\/users\/1"}],"replies":[{"embeddable":true,"href":"https:\/\/karitaszkozpont.hu\/index.php?rest_route=%2Fwp%2Fv2%2Fcomments&post=1295"}],"version-history":[{"count":1,"href":"https:\/\/karitaszkozpont.hu\/index.php?rest_route=\/wp\/v2\/posts\/1295\/revisions"}],"predecessor-version":[{"id":1299,"href":"https:\/\/karitaszkozpont.hu\/index.php?rest_route=\/wp\/v2\/posts\/1295\/revisions\/1299"}],"wp:featuredmedia":[{"embeddable":true,"href":"https:\/\/karitaszkozpont.hu\/index.php?rest_route=\/wp\/v2\/media\/1297"}],"wp:attachment":[{"href":"https:\/\/karitaszkozpont.hu\/index.php?rest_route=%2Fwp%2Fv2%2Fmedia&parent=1295"}],"wp:term":[{"taxonomy":"category","embeddable":true,"href":"https:\/\/karitaszkozpont.hu\/index.php?rest_route=%2Fwp%2Fv2%2Fcategories&post=1295"},{"taxonomy":"post_tag","embeddable":true,"href":"https:\/\/karitaszkozpont.hu\/index.php?rest_route=%2Fwp%2Fv2%2Ftags&post=1295"}],"curies":[{"name":"wp","href":"https:\/\/api.w.org\/{rel}","templated":true}]}}