{"id":1284,"date":"2021-07-02T22:02:44","date_gmt":"2021-07-02T20:02:44","guid":{"rendered":"http:\/\/karitaszkp.hu\/?p=1284"},"modified":"2021-07-02T22:02:45","modified_gmt":"2021-07-02T20:02:45","slug":"palanta-program","status":"publish","type":"post","link":"https:\/\/karitaszkozpont.hu\/?p=1284","title":{"rendered":"Pal\u00e1nta-program"},"content":{"rendered":"\n<p class=\"has-white-color has-vivid-red-background-color has-text-color has-background has-large-font-size\"><strong>Pal\u00e1nta-program A Magyar Agr\u00e1r- \u00e9s \u00c9lettudom\u00e1nyi Egyetem \u00e9s a Katolikus Karit\u00e1sz egy\u00fcttm\u0171k\u00f6d\u00e9s\u00e9b\u0151l<\/strong><\/p>\n\n\n\n<p>\u00d6tezer paprika-, paradicsom- \u00e9s uborkapal\u00e1nt\u00e1t adom\u00e1nyozott a Katolikus Karit\u00e1sznak a Magyar Agr\u00e1r- \u00e9s \u00c9lettudom\u00e1nyi Egyetem, melyeket az egyetem kutat\u00f3csoportj\u00e1nak budapesti telephely\u00e9n \u00fcnnep\u00e9lyes keretek k\u00f6z\u00f6tt adtak \u00e1t. A pal\u00e1nt\u00e1kat orsz\u00e1gosan tizenh\u00e1rom egyh\u00e1zmegyei karit\u00e1sz k\u00f6zpont juttatja el a r\u00e1szorul\u00f3 csal\u00e1dok r\u00e9sz\u00e9re. A Szent Erzs\u00e9bet Karit\u00e1sz K\u00f6zpont r\u00e9sz\u00e9r\u0151l 400 &#8211; min\u0151s\u00edtett vet\u0151magokb\u00f3l nevelt &#8211; pal\u00e1nt\u00e1t Csorba G\u00e1bor \u00e1lland\u00f3 diak\u00f3nus, karit\u00e1szigazgat\u00f3, \u00e9s M\u00e1rton Andrea szakmai irodavezet\u0151 vett \u00e1t, \u00e9s m\u00e9g az \u00fcnneps\u00e9g ut\u00e1n tardosi, nyergesi, esztergomi, illetve a D\u00e9l-pesti Karit\u00e1szr\u00e9gi\u00f3ban \u00e9l\u0151 csal\u00e1dok k\u00f6z\u00f6tt ker\u00fcltek kioszt\u00e1sra. Az adom\u00e1ny j\u00f3l illeszkedik a Karit\u00e1sz \u201e\u00d6ngondoskod\u00f3 h\u00e1ztart\u00e1sok-Z\u00f6ldell\u0151 kertek\u201d, tov\u00e1bb\u00e1 \u201eAkarom\u201d elnevez\u00e9s\u0171 kiemelt programjaiba. <\/p>\n\n\n\n<div class=\"wp-block-envira-envira-gallery\"><div id=\"envira-gallery-wrap-1289\" class=\"envira-gallery-wrap envira-gallery-theme-base envira-lightbox-theme-base\" itemscope itemtype=\"https:\/\/schema.org\/ImageGallery\"><div data-row-height=\"150\" data-gallery-theme=\"normal\" id=\"envira-gallery-1289\" class=\"envira-gallery-public envira-gallery-justified-public envira-gallery-0-columns envira-clear enviratope envira-gallery-css-animations\" data-envira-columns=\"0\"><div id=\"envira-gallery-item-1285\" class=\"envira-gallery-item enviratope-item envira-gallery-item-1 envira-lazy-load\" style=\"padding-left: 1px; padding-bottom: 1px; padding-right: 1px;\"  itemscope itemtype=\"https:\/\/schema.org\/ImageObject\"><div class=\"envira-gallery-item-inner\"><div class=\"envira-gallery-position-overlay  envira-gallery-top-left\"><\/div><div class=\"envira-gallery-position-overlay  envira-gallery-top-right\"><\/div><div class=\"envira-gallery-position-overlay  envira-gallery-bottom-left\"><\/div><div class=\"envira-gallery-position-overlay  envira-gallery-bottom-right\"><\/div><a href=\"http:\/\/karitaszkp.hu\/wp-content\/uploads\/2021\/07\/DSC_0196.jpg\" class=\"envira-gallery-1289 envira-gallery-link\" rel=\"enviragallery1289\" title=\"DSC_0196\" data-envira-caption=\"DSC_0196\" data-envira-retina=\"\" data-thumbnail=\"\"  itemprop=\"contentUrl\"><img id=\"envira-gallery-image-1285\" class=\"envira-gallery-image envira-gallery-image-1 envira-normal envira-lazy\" data-envira-index=\"1\" src=\"https:\/\/karitaszkozpont.hu\/wp-content\/uploads\/2021\/07\/DSC_0196-1024x768-640x480.jpg\" data-envira-src=\"https:\/\/karitaszkozpont.hu\/wp-content\/uploads\/2021\/07\/DSC_0196-1024x768-640x480.jpg\" data-envira-gallery-id=\"1289\" data-envira-item-id=\"1285\" data-envira-caption=\"DSC_0196\" alt=\"\" title=\"DSC_0196\"  itemprop=\"thumbnailUrl\" data-envira-srcset=\"https:\/\/karitaszkozpont.hu\/wp-content\/uploads\/2021\/07\/DSC_0196-1024x768-640x480.jpg 400w,https:\/\/karitaszkozpont.hu\/wp-content\/uploads\/2021\/07\/DSC_0196-1024x768-640x480.jpg 2x\" data-envira-width=\"300\" data-envira-height=\"225\" srcset=\"data:image\/gif;base64,R0lGODlhAQABAIAAAP\/\/\/\/\/\/\/yH5BAEKAAEALAAAAAABAAEAAAICTAEAOw==\" data-safe-src=\"data:image\/gif;base64,R0lGODlhAQABAIAAAP\/\/\/\/\/\/\/yH5BAEKAAEALAAAAAABAAEAAAICTAEAOw==\" \/><\/a><\/div><\/div><div id=\"envira-gallery-item-1286\" class=\"envira-gallery-item enviratope-item envira-gallery-item-2 envira-lazy-load\" style=\"padding-left: 1px; padding-bottom: 1px; padding-right: 1px;\"  itemscope itemtype=\"https:\/\/schema.org\/ImageObject\"><div class=\"envira-gallery-item-inner\"><div class=\"envira-gallery-position-overlay  envira-gallery-top-left\"><\/div><div class=\"envira-gallery-position-overlay  envira-gallery-top-right\"><\/div><div class=\"envira-gallery-position-overlay  envira-gallery-bottom-left\"><\/div><div class=\"envira-gallery-position-overlay  envira-gallery-bottom-right\"><\/div><a href=\"http:\/\/karitaszkp.hu\/wp-content\/uploads\/2021\/07\/DSC_0184.jpg\" class=\"envira-gallery-1289 envira-gallery-link\" rel=\"enviragallery1289\" title=\"DSC_0184\" data-envira-caption=\"DSC_0184\" data-envira-retina=\"\" data-thumbnail=\"\"  itemprop=\"contentUrl\"><img id=\"envira-gallery-image-1286\" class=\"envira-gallery-image envira-gallery-image-2 envira-normal envira-lazy\" data-envira-index=\"2\" src=\"https:\/\/karitaszkozpont.hu\/wp-content\/uploads\/2021\/07\/DSC_0184-640x480.jpg\" data-envira-src=\"https:\/\/karitaszkozpont.hu\/wp-content\/uploads\/2021\/07\/DSC_0184-640x480.jpg\" data-envira-gallery-id=\"1289\" data-envira-item-id=\"1286\" data-envira-caption=\"DSC_0184\" alt=\"\" title=\"DSC_0184\"  itemprop=\"thumbnailUrl\" data-envira-srcset=\"https:\/\/karitaszkozpont.hu\/wp-content\/uploads\/2021\/07\/DSC_0184-640x480.jpg 400w,https:\/\/karitaszkozpont.hu\/wp-content\/uploads\/2021\/07\/DSC_0184-640x480.jpg 2x\" data-envira-width=\"269\" data-envira-height=\"300\" srcset=\"data:image\/gif;base64,R0lGODlhAQABAIAAAP\/\/\/\/\/\/\/yH5BAEKAAEALAAAAAABAAEAAAICTAEAOw==\" data-safe-src=\"data:image\/gif;base64,R0lGODlhAQABAIAAAP\/\/\/\/\/\/\/yH5BAEKAAEALAAAAAABAAEAAAICTAEAOw==\" \/><\/a><\/div><\/div><div id=\"envira-gallery-item-1287\" class=\"envira-gallery-item enviratope-item envira-gallery-item-3 envira-lazy-load\" style=\"padding-left: 1px; padding-bottom: 1px; padding-right: 1px;\"  itemscope itemtype=\"https:\/\/schema.org\/ImageObject\"><div class=\"envira-gallery-item-inner\"><div class=\"envira-gallery-position-overlay  envira-gallery-top-left\"><\/div><div class=\"envira-gallery-position-overlay  envira-gallery-top-right\"><\/div><div class=\"envira-gallery-position-overlay  envira-gallery-bottom-left\"><\/div><div class=\"envira-gallery-position-overlay  envira-gallery-bottom-right\"><\/div><a href=\"http:\/\/karitaszkp.hu\/wp-content\/uploads\/2021\/07\/DSC_0178.jpg\" class=\"envira-gallery-1289 envira-gallery-link\" rel=\"enviragallery1289\" title=\"DSC_0178\" data-envira-caption=\"DSC_0178\" data-envira-retina=\"\" data-thumbnail=\"\"  itemprop=\"contentUrl\"><img id=\"envira-gallery-image-1287\" class=\"envira-gallery-image envira-gallery-image-3 envira-normal envira-lazy\" data-envira-index=\"3\" src=\"https:\/\/karitaszkozpont.hu\/wp-content\/uploads\/2021\/07\/DSC_0178-1024x697-640x480.jpg\" data-envira-src=\"https:\/\/karitaszkozpont.hu\/wp-content\/uploads\/2021\/07\/DSC_0178-1024x697-640x480.jpg\" data-envira-gallery-id=\"1289\" data-envira-item-id=\"1287\" data-envira-caption=\"DSC_0178\" alt=\"\" title=\"DSC_0178\"  itemprop=\"thumbnailUrl\" data-envira-srcset=\"https:\/\/karitaszkozpont.hu\/wp-content\/uploads\/2021\/07\/DSC_0178-1024x697-640x480.jpg 400w,https:\/\/karitaszkozpont.hu\/wp-content\/uploads\/2021\/07\/DSC_0178-1024x697-640x480.jpg 2x\" data-envira-width=\"300\" data-envira-height=\"204\" srcset=\"data:image\/gif;base64,R0lGODlhAQABAIAAAP\/\/\/\/\/\/\/yH5BAEKAAEALAAAAAABAAEAAAICTAEAOw==\" data-safe-src=\"data:image\/gif;base64,R0lGODlhAQABAIAAAP\/\/\/\/\/\/\/yH5BAEKAAEALAAAAAABAAEAAAICTAEAOw==\" \/><\/a><\/div><\/div><div id=\"envira-gallery-item-1288\" class=\"envira-gallery-item enviratope-item envira-gallery-item-4 envira-lazy-load\" style=\"padding-left: 1px; padding-bottom: 1px; padding-right: 1px;\"  itemscope itemtype=\"https:\/\/schema.org\/ImageObject\"><div class=\"envira-gallery-item-inner\"><div class=\"envira-gallery-position-overlay  envira-gallery-top-left\"><\/div><div class=\"envira-gallery-position-overlay  envira-gallery-top-right\"><\/div><div class=\"envira-gallery-position-overlay  envira-gallery-bottom-left\"><\/div><div class=\"envira-gallery-position-overlay  envira-gallery-bottom-right\"><\/div><a href=\"http:\/\/karitaszkp.hu\/wp-content\/uploads\/2021\/07\/DSC_0179-scaled.jpg\" class=\"envira-gallery-1289 envira-gallery-link\" rel=\"enviragallery1289\" title=\"DSC_0179\" data-envira-caption=\"DSC_0179\" data-envira-retina=\"\" data-thumbnail=\"\"  itemprop=\"contentUrl\"><img id=\"envira-gallery-image-1288\" class=\"envira-gallery-image envira-gallery-image-4 envira-normal envira-lazy\" data-envira-index=\"4\" src=\"https:\/\/karitaszkozpont.hu\/wp-content\/uploads\/2021\/07\/DSC_0179-1024x663-640x480.jpg\" data-envira-src=\"https:\/\/karitaszkozpont.hu\/wp-content\/uploads\/2021\/07\/DSC_0179-1024x663-640x480.jpg\" data-envira-gallery-id=\"1289\" data-envira-item-id=\"1288\" data-envira-caption=\"DSC_0179\" alt=\"\" title=\"DSC_0179\"  itemprop=\"thumbnailUrl\" data-envira-srcset=\"https:\/\/karitaszkozpont.hu\/wp-content\/uploads\/2021\/07\/DSC_0179-1024x663-640x480.jpg 400w,https:\/\/karitaszkozpont.hu\/wp-content\/uploads\/2021\/07\/DSC_0179-1024x663-640x480.jpg 2x\" data-envira-width=\"300\" data-envira-height=\"194\" srcset=\"data:image\/gif;base64,R0lGODlhAQABAIAAAP\/\/\/\/\/\/\/yH5BAEKAAEALAAAAAABAAEAAAICTAEAOw==\" data-safe-src=\"data:image\/gif;base64,R0lGODlhAQABAIAAAP\/\/\/\/\/\/\/yH5BAEKAAEALAAAAAABAAEAAAICTAEAOw==\" \/><\/a><\/div><\/div><\/div><\/div><noscript><img src=\"https:\/\/karitaszkozpont.hu\/wp-content\/uploads\/2021\/07\/DSC_0196.jpg\" alt=\"\" \/><img src=\"https:\/\/karitaszkozpont.hu\/wp-content\/uploads\/2021\/07\/DSC_0184.jpg\" alt=\"\" \/><img src=\"https:\/\/karitaszkozpont.hu\/wp-content\/uploads\/2021\/07\/DSC_0178.jpg\" alt=\"\" \/><img src=\"https:\/\/karitaszkozpont.hu\/wp-content\/uploads\/2021\/07\/DSC_0179-scaled.jpg\" alt=\"\" \/><\/noscript><\/div>\n\n\n\n<p>A pal\u00e1nt\u00e1k adom\u00e1nyoz\u00e1sa lehet\u0151s\u00e9get biztos\u00edt a z\u00f6lds\u00e9gek csal\u00e1di-, tov\u00e1bb\u00e1 k\u00f6z\u00f6ss\u00e9gi kertekben, magas\u00e1gy\u00e1sokban, balkonl\u00e1d\u00e1kban t\u00f6rt\u00e9n\u0151 termeszt\u00e9s\u00e9re is, biztos\u00edtva az eg\u00e9szs\u00e9ges, friss term\u00e9nyeket, er\u0151s\u00edtve ez\u00e1ltal a csal\u00e1dok \u00f6ngondoskod\u00e1s\u00e1t, cs\u00f6kkentve anyagi kiad\u00e1saikat. Fot\u00f3k: Szab\u00f3 Csaba<\/p>\n","protected":false},"excerpt":{"rendered":"<p>Pal\u00e1nta-program A Magyar Agr\u00e1r- \u00e9s \u00c9lettudom\u00e1nyi Egyetem \u00e9s a Katolikus Karit\u00e1sz egy\u00fcttm\u0171k\u00f6d\u00e9s\u00e9b\u0151l \u00d6tezer paprika-, paradicsom- \u00e9s uborkapal\u00e1nt\u00e1t adom\u00e1nyozott a Katolikus Karit\u00e1sznak a Magyar Agr\u00e1r- \u00e9s \u00c9lettudom\u00e1nyi Egyetem, melyeket az egyetem kutat\u00f3csoportj\u00e1nak budapesti telephely\u00e9n \u00fcnnep\u00e9lyes keretek k\u00f6z\u00f6tt adtak \u00e1t. A pal\u00e1nt\u00e1kat orsz\u00e1gosan tizenh\u00e1rom egyh\u00e1zmegyei karit\u00e1sz k\u00f6zpont juttatja el a r\u00e1szorul\u00f3 csal\u00e1dok r\u00e9sz\u00e9re. A Szent Erzs\u00e9bet Karit\u00e1sz &hellip; <\/p>\n<p class=\"link-more\"><a href=\"https:\/\/karitaszkozpont.hu\/?p=1284\" class=\"more-link\">Continue reading<span class=\"screen-reader-text\"> &#8222;Pal\u00e1nta-program&#8221;<\/span><\/a><\/p>\n","protected":false},"author":1,"featured_media":1288,"comment_status":"open","ping_status":"open","sticky":false,"template":"","format":"standard","meta":[],"categories":[4],"tags":[],"yoast_head":"<!-- This site is optimized with the Yoast SEO plugin v20.1 - https:\/\/yoast.com\/wordpress\/plugins\/seo\/ -->\n<title>Pal\u00e1nta-program - Szent Erzs\u00e9bet Karit\u00e1sz K\u00f6zpont<\/title>\n<meta name=\"robots\" content=\"index, follow, max-snippet:-1, max-image-preview:large, max-video-preview:-1\" \/>\n<link rel=\"canonical\" href=\"https:\/\/karitaszkozpont.hu\/?p=1284\" \/>\n<meta property=\"og:locale\" content=\"hu_HU\" \/>\n<meta property=\"og:type\" content=\"article\" \/>\n<meta property=\"og:title\" content=\"Pal\u00e1nta-program - Szent Erzs\u00e9bet Karit\u00e1sz K\u00f6zpont\" \/>\n<meta property=\"og:description\" content=\"Pal\u00e1nta-program A Magyar Agr\u00e1r- \u00e9s \u00c9lettudom\u00e1nyi Egyetem \u00e9s a Katolikus Karit\u00e1sz egy\u00fcttm\u0171k\u00f6d\u00e9s\u00e9b\u0151l \u00d6tezer paprika-, paradicsom- \u00e9s uborkapal\u00e1nt\u00e1t adom\u00e1nyozott a Katolikus Karit\u00e1sznak a Magyar Agr\u00e1r- \u00e9s \u00c9lettudom\u00e1nyi Egyetem, melyeket az egyetem kutat\u00f3csoportj\u00e1nak budapesti telephely\u00e9n \u00fcnnep\u00e9lyes keretek k\u00f6z\u00f6tt adtak \u00e1t. A pal\u00e1nt\u00e1kat orsz\u00e1gosan tizenh\u00e1rom egyh\u00e1zmegyei karit\u00e1sz k\u00f6zpont juttatja el a r\u00e1szorul\u00f3 csal\u00e1dok r\u00e9sz\u00e9re. A Szent Erzs\u00e9bet Karit\u00e1sz &hellip; Continue reading &quot;Pal\u00e1nta-program&quot;\" \/>\n<meta property=\"og:url\" content=\"https:\/\/karitaszkozpont.hu\/?p=1284\" \/>\n<meta property=\"og:site_name\" content=\"Szent Erzs\u00e9bet Karit\u00e1sz K\u00f6zpont\" \/>\n<meta property=\"article:published_time\" content=\"2021-07-02T20:02:44+00:00\" \/>\n<meta property=\"article:modified_time\" content=\"2021-07-02T20:02:45+00:00\" \/>\n<meta property=\"og:image\" content=\"https:\/\/karitaszkozpont.hu\/wp-content\/uploads\/2021\/07\/DSC_0179-scaled.jpg\" \/>\n\t<meta property=\"og:image:width\" content=\"2560\" \/>\n\t<meta property=\"og:image:height\" content=\"1657\" \/>\n\t<meta property=\"og:image:type\" content=\"image\/jpeg\" \/>\n<meta name=\"author\" content=\"Karit\u00e1sz K\u00f6zpont\" \/>\n<meta name=\"twitter:card\" content=\"summary_large_image\" \/>\n<meta name=\"twitter:label1\" content=\"Szerz\u0151:\" \/>\n\t<meta name=\"twitter:data1\" content=\"Karit\u00e1sz K\u00f6zpont\" \/>\n\t<meta name=\"twitter:label2\" content=\"Becs\u00fclt olvas\u00e1si id\u0151\" \/>\n\t<meta name=\"twitter:data2\" content=\"1 perc\" \/>\n<script type=\"application\/ld+json\" class=\"yoast-schema-graph\">{\"@context\":\"https:\/\/schema.org\",\"@graph\":[{\"@type\":\"Article\",\"@id\":\"https:\/\/karitaszkozpont.hu\/?p=1284#article\",\"isPartOf\":{\"@id\":\"https:\/\/karitaszkozpont.hu\/?p=1284\"},\"author\":{\"name\":\"Karit\u00e1sz K\u00f6zpont\",\"@id\":\"https:\/\/karitaszkozpont.hu\/#\/schema\/person\/0d9c28244c111914ea13bb1248775e57\"},\"headline\":\"Pal\u00e1nta-program\",\"datePublished\":\"2021-07-02T20:02:44+00:00\",\"dateModified\":\"2021-07-02T20:02:45+00:00\",\"mainEntityOfPage\":{\"@id\":\"https:\/\/karitaszkozpont.hu\/?p=1284\"},\"wordCount\":248,\"commentCount\":0,\"publisher\":{\"@id\":\"https:\/\/karitaszkozpont.hu\/#organization\"},\"articleSection\":[\"H\u00edrek\"],\"inLanguage\":\"hu\",\"potentialAction\":[{\"@type\":\"CommentAction\",\"name\":\"Comment\",\"target\":[\"https:\/\/karitaszkozpont.hu\/?p=1284#respond\"]}]},{\"@type\":\"WebPage\",\"@id\":\"https:\/\/karitaszkozpont.hu\/?p=1284\",\"url\":\"https:\/\/karitaszkozpont.hu\/?p=1284\",\"name\":\"Pal\u00e1nta-program - Szent Erzs\u00e9bet Karit\u00e1sz K\u00f6zpont\",\"isPartOf\":{\"@id\":\"https:\/\/karitaszkozpont.hu\/#website\"},\"datePublished\":\"2021-07-02T20:02:44+00:00\",\"dateModified\":\"2021-07-02T20:02:45+00:00\",\"breadcrumb\":{\"@id\":\"https:\/\/karitaszkozpont.hu\/?p=1284#breadcrumb\"},\"inLanguage\":\"hu\",\"potentialAction\":[{\"@type\":\"ReadAction\",\"target\":[\"https:\/\/karitaszkozpont.hu\/?p=1284\"]}]},{\"@type\":\"BreadcrumbList\",\"@id\":\"https:\/\/karitaszkozpont.hu\/?p=1284#breadcrumb\",\"itemListElement\":[{\"@type\":\"ListItem\",\"position\":1,\"name\":\"Kezd\u0151lap\",\"item\":\"https:\/\/karitaszkozpont.hu\/\"},{\"@type\":\"ListItem\",\"position\":2,\"name\":\"Pal\u00e1nta-program\"}]},{\"@type\":\"WebSite\",\"@id\":\"https:\/\/karitaszkozpont.hu\/#website\",\"url\":\"https:\/\/karitaszkozpont.hu\/\",\"name\":\"Szent Erzs\u00e9bet Karit\u00e1sz K\u00f6zpont\",\"description\":\"Esztergom-Budapesti F\u0151egyh\u00e1zmegye\",\"publisher\":{\"@id\":\"https:\/\/karitaszkozpont.hu\/#organization\"},\"potentialAction\":[{\"@type\":\"SearchAction\",\"target\":{\"@type\":\"EntryPoint\",\"urlTemplate\":\"https:\/\/karitaszkozpont.hu\/?s={search_term_string}\"},\"query-input\":\"required name=search_term_string\"}],\"inLanguage\":\"hu\"},{\"@type\":\"Organization\",\"@id\":\"https:\/\/karitaszkozpont.hu\/#organization\",\"name\":\"Szent Erzs\u00e9bet Karit\u00e1sz K\u00f6zpont\",\"url\":\"https:\/\/karitaszkozpont.hu\/\",\"logo\":{\"@type\":\"ImageObject\",\"inLanguage\":\"hu\",\"@id\":\"https:\/\/karitaszkozpont.hu\/#\/schema\/logo\/image\/\",\"url\":\"https:\/\/karitaszkp.hu\/wp-content\/uploads\/2019\/06\/cropped-logo-arnyekos-1.png\",\"contentUrl\":\"https:\/\/karitaszkp.hu\/wp-content\/uploads\/2019\/06\/cropped-logo-arnyekos-1.png\",\"width\":240,\"height\":247,\"caption\":\"Szent Erzs\u00e9bet Karit\u00e1sz K\u00f6zpont\"},\"image\":{\"@id\":\"https:\/\/karitaszkozpont.hu\/#\/schema\/logo\/image\/\"}},{\"@type\":\"Person\",\"@id\":\"https:\/\/karitaszkozpont.hu\/#\/schema\/person\/0d9c28244c111914ea13bb1248775e57\",\"name\":\"Karit\u00e1sz K\u00f6zpont\",\"image\":{\"@type\":\"ImageObject\",\"inLanguage\":\"hu\",\"@id\":\"https:\/\/karitaszkozpont.hu\/#\/schema\/person\/image\/\",\"url\":\"https:\/\/secure.gravatar.com\/avatar\/1274acd7c62f3cac92d2b38aad20c71b?s=96&d=mm&r=g\",\"contentUrl\":\"https:\/\/secure.gravatar.com\/avatar\/1274acd7c62f3cac92d2b38aad20c71b?s=96&d=mm&r=g\",\"caption\":\"Karit\u00e1sz K\u00f6zpont\"},\"url\":\"https:\/\/karitaszkozpont.hu\/?author=1\"}]}<\/script>\n<!-- \/ Yoast SEO plugin. -->","yoast_head_json":{"title":"Pal\u00e1nta-program - Szent Erzs\u00e9bet Karit\u00e1sz K\u00f6zpont","robots":{"index":"index","follow":"follow","max-snippet":"max-snippet:-1","max-image-preview":"max-image-preview:large","max-video-preview":"max-video-preview:-1"},"canonical":"https:\/\/karitaszkozpont.hu\/?p=1284","og_locale":"hu_HU","og_type":"article","og_title":"Pal\u00e1nta-program - Szent Erzs\u00e9bet Karit\u00e1sz K\u00f6zpont","og_description":"Pal\u00e1nta-program A Magyar Agr\u00e1r- \u00e9s \u00c9lettudom\u00e1nyi Egyetem \u00e9s a Katolikus Karit\u00e1sz egy\u00fcttm\u0171k\u00f6d\u00e9s\u00e9b\u0151l \u00d6tezer paprika-, paradicsom- \u00e9s uborkapal\u00e1nt\u00e1t adom\u00e1nyozott a Katolikus Karit\u00e1sznak a Magyar Agr\u00e1r- \u00e9s \u00c9lettudom\u00e1nyi Egyetem, melyeket az egyetem kutat\u00f3csoportj\u00e1nak budapesti telephely\u00e9n \u00fcnnep\u00e9lyes keretek k\u00f6z\u00f6tt adtak \u00e1t. A pal\u00e1nt\u00e1kat orsz\u00e1gosan tizenh\u00e1rom egyh\u00e1zmegyei karit\u00e1sz k\u00f6zpont juttatja el a r\u00e1szorul\u00f3 csal\u00e1dok r\u00e9sz\u00e9re. A Szent Erzs\u00e9bet Karit\u00e1sz &hellip; Continue reading \"Pal\u00e1nta-program\"","og_url":"https:\/\/karitaszkozpont.hu\/?p=1284","og_site_name":"Szent Erzs\u00e9bet Karit\u00e1sz K\u00f6zpont","article_published_time":"2021-07-02T20:02:44+00:00","article_modified_time":"2021-07-02T20:02:45+00:00","og_image":[{"width":2560,"height":1657,"url":"https:\/\/karitaszkozpont.hu\/wp-content\/uploads\/2021\/07\/DSC_0179-scaled.jpg","type":"image\/jpeg"}],"author":"Karit\u00e1sz K\u00f6zpont","twitter_card":"summary_large_image","twitter_misc":{"Szerz\u0151:":"Karit\u00e1sz K\u00f6zpont","Becs\u00fclt olvas\u00e1si id\u0151":"1 perc"},"schema":{"@context":"https:\/\/schema.org","@graph":[{"@type":"Article","@id":"https:\/\/karitaszkozpont.hu\/?p=1284#article","isPartOf":{"@id":"https:\/\/karitaszkozpont.hu\/?p=1284"},"author":{"name":"Karit\u00e1sz K\u00f6zpont","@id":"https:\/\/karitaszkozpont.hu\/#\/schema\/person\/0d9c28244c111914ea13bb1248775e57"},"headline":"Pal\u00e1nta-program","datePublished":"2021-07-02T20:02:44+00:00","dateModified":"2021-07-02T20:02:45+00:00","mainEntityOfPage":{"@id":"https:\/\/karitaszkozpont.hu\/?p=1284"},"wordCount":248,"commentCount":0,"publisher":{"@id":"https:\/\/karitaszkozpont.hu\/#organization"},"articleSection":["H\u00edrek"],"inLanguage":"hu","potentialAction":[{"@type":"CommentAction","name":"Comment","target":["https:\/\/karitaszkozpont.hu\/?p=1284#respond"]}]},{"@type":"WebPage","@id":"https:\/\/karitaszkozpont.hu\/?p=1284","url":"https:\/\/karitaszkozpont.hu\/?p=1284","name":"Pal\u00e1nta-program - Szent Erzs\u00e9bet Karit\u00e1sz K\u00f6zpont","isPartOf":{"@id":"https:\/\/karitaszkozpont.hu\/#website"},"datePublished":"2021-07-02T20:02:44+00:00","dateModified":"2021-07-02T20:02:45+00:00","breadcrumb":{"@id":"https:\/\/karitaszkozpont.hu\/?p=1284#breadcrumb"},"inLanguage":"hu","potentialAction":[{"@type":"ReadAction","target":["https:\/\/karitaszkozpont.hu\/?p=1284"]}]},{"@type":"BreadcrumbList","@id":"https:\/\/karitaszkozpont.hu\/?p=1284#breadcrumb","itemListElement":[{"@type":"ListItem","position":1,"name":"Kezd\u0151lap","item":"https:\/\/karitaszkozpont.hu\/"},{"@type":"ListItem","position":2,"name":"Pal\u00e1nta-program"}]},{"@type":"WebSite","@id":"https:\/\/karitaszkozpont.hu\/#website","url":"https:\/\/karitaszkozpont.hu\/","name":"Szent Erzs\u00e9bet Karit\u00e1sz K\u00f6zpont","description":"Esztergom-Budapesti F\u0151egyh\u00e1zmegye","publisher":{"@id":"https:\/\/karitaszkozpont.hu\/#organization"},"potentialAction":[{"@type":"SearchAction","target":{"@type":"EntryPoint","urlTemplate":"https:\/\/karitaszkozpont.hu\/?s={search_term_string}"},"query-input":"required name=search_term_string"}],"inLanguage":"hu"},{"@type":"Organization","@id":"https:\/\/karitaszkozpont.hu\/#organization","name":"Szent Erzs\u00e9bet Karit\u00e1sz K\u00f6zpont","url":"https:\/\/karitaszkozpont.hu\/","logo":{"@type":"ImageObject","inLanguage":"hu","@id":"https:\/\/karitaszkozpont.hu\/#\/schema\/logo\/image\/","url":"https:\/\/karitaszkp.hu\/wp-content\/uploads\/2019\/06\/cropped-logo-arnyekos-1.png","contentUrl":"https:\/\/karitaszkp.hu\/wp-content\/uploads\/2019\/06\/cropped-logo-arnyekos-1.png","width":240,"height":247,"caption":"Szent Erzs\u00e9bet Karit\u00e1sz K\u00f6zpont"},"image":{"@id":"https:\/\/karitaszkozpont.hu\/#\/schema\/logo\/image\/"}},{"@type":"Person","@id":"https:\/\/karitaszkozpont.hu\/#\/schema\/person\/0d9c28244c111914ea13bb1248775e57","name":"Karit\u00e1sz K\u00f6zpont","image":{"@type":"ImageObject","inLanguage":"hu","@id":"https:\/\/karitaszkozpont.hu\/#\/schema\/person\/image\/","url":"https:\/\/secure.gravatar.com\/avatar\/1274acd7c62f3cac92d2b38aad20c71b?s=96&d=mm&r=g","contentUrl":"https:\/\/secure.gravatar.com\/avatar\/1274acd7c62f3cac92d2b38aad20c71b?s=96&d=mm&r=g","caption":"Karit\u00e1sz K\u00f6zpont"},"url":"https:\/\/karitaszkozpont.hu\/?author=1"}]}},"_links":{"self":[{"href":"https:\/\/karitaszkozpont.hu\/index.php?rest_route=\/wp\/v2\/posts\/1284"}],"collection":[{"href":"https:\/\/karitaszkozpont.hu\/index.php?rest_route=\/wp\/v2\/posts"}],"about":[{"href":"https:\/\/karitaszkozpont.hu\/index.php?rest_route=\/wp\/v2\/types\/post"}],"author":[{"embeddable":true,"href":"https:\/\/karitaszkozpont.hu\/index.php?rest_route=\/wp\/v2\/users\/1"}],"replies":[{"embeddable":true,"href":"https:\/\/karitaszkozpont.hu\/index.php?rest_route=%2Fwp%2Fv2%2Fcomments&post=1284"}],"version-history":[{"count":1,"href":"https:\/\/karitaszkozpont.hu\/index.php?rest_route=\/wp\/v2\/posts\/1284\/revisions"}],"predecessor-version":[{"id":1290,"href":"https:\/\/karitaszkozpont.hu\/index.php?rest_route=\/wp\/v2\/posts\/1284\/revisions\/1290"}],"wp:featuredmedia":[{"embeddable":true,"href":"https:\/\/karitaszkozpont.hu\/index.php?rest_route=\/wp\/v2\/media\/1288"}],"wp:attachment":[{"href":"https:\/\/karitaszkozpont.hu\/index.php?rest_route=%2Fwp%2Fv2%2Fmedia&parent=1284"}],"wp:term":[{"taxonomy":"category","embeddable":true,"href":"https:\/\/karitaszkozpont.hu\/index.php?rest_route=%2Fwp%2Fv2%2Fcategories&post=1284"},{"taxonomy":"post_tag","embeddable":true,"href":"https:\/\/karitaszkozpont.hu\/index.php?rest_route=%2Fwp%2Fv2%2Ftags&post=1284"}],"curies":[{"name":"wp","href":"https:\/\/api.w.org\/{rel}","templated":true}]}}