{"id":1276,"date":"2021-07-02T21:58:06","date_gmt":"2021-07-02T19:58:06","guid":{"rendered":"http:\/\/karitaszkp.hu\/?p=1276"},"modified":"2021-07-02T21:58:06","modified_gmt":"2021-07-02T19:58:06","slug":"ii-karitasz-informacios-nap-a-szent-erzsebet-karitasz-kozpontban","status":"publish","type":"post","link":"https:\/\/karitaszkozpont.hu\/?p=1276","title":{"rendered":"II. Karit\u00e1sz Inform\u00e1ci\u00f3s Nap a Szent Erzs\u00e9bet Karit\u00e1sz K\u00f6zpontban"},"content":{"rendered":"\n<p class=\"has-white-color has-vivid-red-background-color has-text-color has-background has-large-font-size\"><strong>II. Karit\u00e1sz Inform\u00e1ci\u00f3s Nap a Szent Erzs\u00e9bet Karit\u00e1sz K\u00f6zpontban<\/strong><\/p>\n\n\n\n<p>K\u00f6zpontunk szervez\u00e9s\u00e9ben, <strong>M\u00e1rton Andrea szakmai irodavezet\u0151<\/strong> koordin\u00e1l\u00e1s\u00e1val, az idei \u00e9vben is megrendez\u00e9sre ker\u00fclt az inform\u00e1ci\u00f3s nap karit\u00e1szirod\u00e1nk \u00e9p\u00fclet\u00e9ben a Szent J\u00f3zsef H\u00e1zban. A j\u00e1rv\u00e1ny\u00fcgyi szab\u00e1lyok enyh\u00edt\u00e9s\u00e9vel p\u00e1rhuzamosan meghirdetett alkalom nagysz\u00e1m\u00fa \u00e9rdekl\u0151d\u00e9s mellett zajlott a Szent Istv\u00e1n Teremben.<\/p>\n\n\n\n<p><strong>Csorba G\u00e1bor \u00e1lland\u00f3 diak\u00f3nus, igazgat\u00f3<\/strong> k\u00f6sz\u00f6nt\u0151je ut\u00e1n M\u00e1rton Andrea ismertette a karit\u00e1sz \u00f6nk\u00e9nteseknek a gy\u00f3gyszert\u00e1mogat\u00e1s bev\u00e1lt rendszer\u00e9t, \u00e9s a ny\u00e1ri t\u00e1boroztat\u00e1s p\u00e1ly\u00e1zati lehet\u0151s\u00e9geit, majd a K\u00f6zpont munkat\u00e1rsai mutatt\u00e1k be tov\u00e1bbi, saj\u00e1t feladatk\u00f6r\u00fckben ell\u00e1tott seg\u00e9lyprojektek tapasztalatait, p\u00e1ly\u00e1zati felt\u00e9teleit.<\/p>\n\n\n\n<figure class=\"wp-block-image size-large\"><img decoding=\"async\" loading=\"lazy\" width=\"1024\" height=\"687\" src=\"http:\/\/karitaszkp.hu\/wp-content\/uploads\/2021\/07\/MG_7299-1024x687.jpg\" alt=\"\" class=\"wp-image-1277\" srcset=\"https:\/\/karitaszkozpont.hu\/wp-content\/uploads\/2021\/07\/MG_7299-1024x687.jpg 1024w, https:\/\/karitaszkozpont.hu\/wp-content\/uploads\/2021\/07\/MG_7299-300x201.jpg 300w, https:\/\/karitaszkozpont.hu\/wp-content\/uploads\/2021\/07\/MG_7299-768x516.jpg 768w, https:\/\/karitaszkozpont.hu\/wp-content\/uploads\/2021\/07\/MG_7299.jpg 1500w\" sizes=\"(max-width: 1024px) 100vw, 1024px\" \/><\/figure>\n\n\n\n<p>Az orsz\u00e1gos Karit\u00e1sz lakhat\u00e1st meg\u0151rz\u0151 programj\u00e1nak k\u00e9rv\u00e9nyez\u00e9si folyamat\u00e1r\u00f3l <strong>Csillag<\/strong> <strong>Lajos<\/strong> t\u00e1j\u00e9koztatott r\u00e9szletesen. Ehhez kapcsol\u00f3dva <strong>K\u00e1poszt\u00e1s Gy\u00f6ngyi<\/strong> a Karit\u00e1sz K\u00f6zpont saj\u00e1t k\u00f6lts\u00e9gvet\u00e9s\u00e9b\u0151l megval\u00f3sul\u00f3, \u00e9s sokr\u00e9t\u0171 kr\u00edzist\u00e1mogat\u00e1sokr\u00f3l besz\u00e9lt. A Dm-Karit\u00e1sz 10 \u00e9ves egy\u00fcttm\u0171k\u00f6d\u00e9s\u00e9b\u0151l a b\u00e9bipelenka ig\u00e9nyl\u00e9s folyamat\u00e1t \u00e9s a Katolikus Karit\u00e1sz \u00e9lelmiszer kioszt\u00e1si koordin\u00e1ci\u00f3j\u00e1t <strong>Szab\u00f3 Csaba<\/strong> mutatta be. Csaba ismertette a Szent Erzs\u00e9bet Karit\u00e1sz K\u00f6zpont \u00e1ltal elk\u00e9sz\u00edtett fot\u00f3z\u00e1si protokollt is. A t\u00e9m\u00e1k k\u00f6z\u00f6tt k\u00fcl\u00f6n\u00f6sen nagy hangs\u00falyt kapott a k\u00e9relmi nyomtatv\u00e1nyok pontos kit\u00f6lt\u00e9s\u00e9nek menete, \u00e9s ezzel \u00f6sszhangban az adatv\u00e9delmi nyilatkozatok t\u00f6rv\u00e9ny \u00e1ltal el\u0151\u00edrt sz\u00fcks\u00e9gess\u00e9ge.<\/p>\n\n\n\n<p><strong>Moln\u00e1r No\u00e9mi karit\u00e1sz csoportvezet\u0151 \u00e9s Kov\u00e1cs Gergely<\/strong> a Magyar \u00c9lelmiszerbank Egyes\u00fclettel megval\u00f3sul\u00f3 j\u00f3 gyakorlatot mutatt\u00e1k be: az ALDI-Hofher \u00e1ruh\u00e1z \u00e9s a Szent Erzs\u00e9bet Karit\u00e1sz mindennapos \u00e9lelmiszerment\u00e9s\u00e9nek p\u00e9lda\u00e9rt\u00e9k\u0171 tapasztalatait. A visszajelz\u00e9sek mutatj\u00e1k, hogy ez a kezdem\u00e9nyez\u00e9s m\u00e1s karit\u00e1szcsoportok \u00e9rdekl\u0151d\u00e9s\u00e9t is felkeltette, de lehet\u0151s\u00e9g volt egy\u00e9b kapcsol\u00f3d\u00f3 k\u00e9rd\u00e9sek megbesz\u00e9l\u00e9s\u00e9re is.<\/p>\n\n\n\n<p>Az inform\u00e1ci\u00f3s nap ut\u00e1n a m\u00e1r hagyom\u00e1nyos, \u00e9s minden h\u00f3nap els\u0151 h\u00e9tf\u0151j\u00e9n bemutatott karit\u00e1sz szentmis\u00e9t <strong>Feldhoffer Antal atya<\/strong> a Szent Erzs\u00e9bet Karit\u00e1sz K\u00f6zpont Szenved\u00e9lybeteg-seg\u00edt\u0151 Lelki K\u00f6zpontj\u00e1nak lelki vezet\u0151je tartotta <strong>\u00c9csy G\u00e1bor orsz\u00e1gos karit\u00e1szigazgat\u00f3<\/strong> <strong>atya<\/strong> koncelebr\u00e1l\u00e1s\u00e1val, <strong>Csorba G\u00e1bor \u00e1lland\u00f3<\/strong> <strong>diak\u00f3nus, igazgat\u00f3<\/strong> liturgikus r\u00e9szv\u00e9tel\u00e9vel. A jubil\u00e1l\u00f3 K\u00e1poszt\u00e1s Gy\u00f6ngyi munkat\u00e1rs\u00e9rt is felaj\u00e1nlott szentmise az \u00f3budai Szent J\u00f3zsef k\u00e1poln\u00e1ban zajlott.<\/p>\n\n\n\n<div class=\"wp-block-envira-envira-gallery\"><div id=\"envira-gallery-wrap-1282\" class=\"envira-gallery-wrap envira-gallery-theme-base envira-lightbox-theme-base\" itemscope itemtype=\"https:\/\/schema.org\/ImageGallery\"><div data-row-height=\"150\" data-gallery-theme=\"normal\" id=\"envira-gallery-1282\" class=\"envira-gallery-public envira-gallery-justified-public envira-gallery-0-columns envira-clear enviratope envira-gallery-css-animations\" data-envira-columns=\"0\"><div id=\"envira-gallery-item-1278\" class=\"envira-gallery-item enviratope-item envira-gallery-item-1 envira-lazy-load\" style=\"padding-left: 1px; padding-bottom: 1px; padding-right: 1px;\"  itemscope itemtype=\"https:\/\/schema.org\/ImageObject\"><div class=\"envira-gallery-item-inner\"><div class=\"envira-gallery-position-overlay  envira-gallery-top-left\"><\/div><div class=\"envira-gallery-position-overlay  envira-gallery-top-right\"><\/div><div class=\"envira-gallery-position-overlay  envira-gallery-bottom-left\"><\/div><div class=\"envira-gallery-position-overlay  envira-gallery-bottom-right\"><\/div><a href=\"http:\/\/karitaszkp.hu\/wp-content\/uploads\/2021\/07\/MG_7413.jpg\" class=\"envira-gallery-1282 envira-gallery-link\" rel=\"enviragallery1282\" title=\"MG_7413\" data-envira-caption=\"MG_7413\" data-envira-retina=\"\" data-thumbnail=\"\"  itemprop=\"contentUrl\"><img id=\"envira-gallery-image-1278\" class=\"envira-gallery-image envira-gallery-image-1 envira-normal envira-lazy\" data-envira-index=\"1\" src=\"https:\/\/karitaszkozpont.hu\/wp-content\/uploads\/2021\/07\/MG_7413-1024x683-640x480.jpg\" data-envira-src=\"https:\/\/karitaszkozpont.hu\/wp-content\/uploads\/2021\/07\/MG_7413-1024x683-640x480.jpg\" data-envira-gallery-id=\"1282\" data-envira-item-id=\"1278\" data-envira-caption=\"MG_7413\" alt=\"\" title=\"MG_7413\"  itemprop=\"thumbnailUrl\" data-envira-srcset=\"https:\/\/karitaszkozpont.hu\/wp-content\/uploads\/2021\/07\/MG_7413-1024x683-640x480.jpg 400w,https:\/\/karitaszkozpont.hu\/wp-content\/uploads\/2021\/07\/MG_7413-1024x683-640x480.jpg 2x\" data-envira-width=\"300\" data-envira-height=\"200\" srcset=\"data:image\/gif;base64,R0lGODlhAQABAIAAAP\/\/\/\/\/\/\/yH5BAEKAAEALAAAAAABAAEAAAICTAEAOw==\" data-safe-src=\"data:image\/gif;base64,R0lGODlhAQABAIAAAP\/\/\/\/\/\/\/yH5BAEKAAEALAAAAAABAAEAAAICTAEAOw==\" \/><\/a><\/div><\/div><div id=\"envira-gallery-item-1279\" class=\"envira-gallery-item enviratope-item envira-gallery-item-2 envira-lazy-load\" style=\"padding-left: 1px; padding-bottom: 1px; padding-right: 1px;\"  itemscope itemtype=\"https:\/\/schema.org\/ImageObject\"><div class=\"envira-gallery-item-inner\"><div class=\"envira-gallery-position-overlay  envira-gallery-top-left\"><\/div><div class=\"envira-gallery-position-overlay  envira-gallery-top-right\"><\/div><div class=\"envira-gallery-position-overlay  envira-gallery-bottom-left\"><\/div><div class=\"envira-gallery-position-overlay  envira-gallery-bottom-right\"><\/div><a href=\"http:\/\/karitaszkp.hu\/wp-content\/uploads\/2021\/07\/MG_7245.jpg\" class=\"envira-gallery-1282 envira-gallery-link\" rel=\"enviragallery1282\" title=\"MG_7245\" data-envira-caption=\"MG_7245\" data-envira-retina=\"\" data-thumbnail=\"\"  itemprop=\"contentUrl\"><img id=\"envira-gallery-image-1279\" class=\"envira-gallery-image envira-gallery-image-2 envira-normal envira-lazy\" data-envira-index=\"2\" src=\"https:\/\/karitaszkozpont.hu\/wp-content\/uploads\/2021\/07\/MG_7245-1024x573-640x480.jpg\" data-envira-src=\"https:\/\/karitaszkozpont.hu\/wp-content\/uploads\/2021\/07\/MG_7245-1024x573-640x480.jpg\" data-envira-gallery-id=\"1282\" data-envira-item-id=\"1279\" data-envira-caption=\"MG_7245\" alt=\"\" title=\"MG_7245\"  itemprop=\"thumbnailUrl\" data-envira-srcset=\"https:\/\/karitaszkozpont.hu\/wp-content\/uploads\/2021\/07\/MG_7245-1024x573-640x480.jpg 400w,https:\/\/karitaszkozpont.hu\/wp-content\/uploads\/2021\/07\/MG_7245-1024x573-640x480.jpg 2x\" data-envira-width=\"300\" data-envira-height=\"168\" srcset=\"data:image\/gif;base64,R0lGODlhAQABAIAAAP\/\/\/\/\/\/\/yH5BAEKAAEALAAAAAABAAEAAAICTAEAOw==\" data-safe-src=\"data:image\/gif;base64,R0lGODlhAQABAIAAAP\/\/\/\/\/\/\/yH5BAEKAAEALAAAAAABAAEAAAICTAEAOw==\" \/><\/a><\/div><\/div><div id=\"envira-gallery-item-1280\" class=\"envira-gallery-item enviratope-item envira-gallery-item-3 envira-lazy-load\" style=\"padding-left: 1px; padding-bottom: 1px; padding-right: 1px;\"  itemscope itemtype=\"https:\/\/schema.org\/ImageObject\"><div class=\"envira-gallery-item-inner\"><div class=\"envira-gallery-position-overlay  envira-gallery-top-left\"><\/div><div class=\"envira-gallery-position-overlay  envira-gallery-top-right\"><\/div><div class=\"envira-gallery-position-overlay  envira-gallery-bottom-left\"><\/div><div class=\"envira-gallery-position-overlay  envira-gallery-bottom-right\"><\/div><a href=\"http:\/\/karitaszkp.hu\/wp-content\/uploads\/2021\/07\/MG_7237.jpg\" class=\"envira-gallery-1282 envira-gallery-link\" rel=\"enviragallery1282\" title=\"MG_7237\" data-envira-caption=\"MG_7237\" data-envira-retina=\"\" data-thumbnail=\"\"  itemprop=\"contentUrl\"><img id=\"envira-gallery-image-1280\" class=\"envira-gallery-image envira-gallery-image-3 envira-normal envira-lazy\" data-envira-index=\"3\" src=\"https:\/\/karitaszkozpont.hu\/wp-content\/uploads\/2021\/07\/MG_7237-1024x699-640x480.jpg\" data-envira-src=\"https:\/\/karitaszkozpont.hu\/wp-content\/uploads\/2021\/07\/MG_7237-1024x699-640x480.jpg\" data-envira-gallery-id=\"1282\" data-envira-item-id=\"1280\" data-envira-caption=\"MG_7237\" alt=\"\" title=\"MG_7237\"  itemprop=\"thumbnailUrl\" data-envira-srcset=\"https:\/\/karitaszkozpont.hu\/wp-content\/uploads\/2021\/07\/MG_7237-1024x699-640x480.jpg 400w,https:\/\/karitaszkozpont.hu\/wp-content\/uploads\/2021\/07\/MG_7237-1024x699-640x480.jpg 2x\" data-envira-width=\"300\" data-envira-height=\"205\" srcset=\"data:image\/gif;base64,R0lGODlhAQABAIAAAP\/\/\/\/\/\/\/yH5BAEKAAEALAAAAAABAAEAAAICTAEAOw==\" data-safe-src=\"data:image\/gif;base64,R0lGODlhAQABAIAAAP\/\/\/\/\/\/\/yH5BAEKAAEALAAAAAABAAEAAAICTAEAOw==\" \/><\/a><\/div><\/div><div id=\"envira-gallery-item-1281\" class=\"envira-gallery-item enviratope-item envira-gallery-item-4 envira-lazy-load\" style=\"padding-left: 1px; padding-bottom: 1px; padding-right: 1px;\"  itemscope itemtype=\"https:\/\/schema.org\/ImageObject\"><div class=\"envira-gallery-item-inner\"><div class=\"envira-gallery-position-overlay  envira-gallery-top-left\"><\/div><div class=\"envira-gallery-position-overlay  envira-gallery-top-right\"><\/div><div class=\"envira-gallery-position-overlay  envira-gallery-bottom-left\"><\/div><div class=\"envira-gallery-position-overlay  envira-gallery-bottom-right\"><\/div><a href=\"http:\/\/karitaszkp.hu\/wp-content\/uploads\/2021\/07\/MG_7193.jpg\" class=\"envira-gallery-1282 envira-gallery-link\" rel=\"enviragallery1282\" title=\"MG_7193\" data-envira-caption=\"MG_7193\" data-envira-retina=\"\" data-thumbnail=\"\"  itemprop=\"contentUrl\"><img id=\"envira-gallery-image-1281\" class=\"envira-gallery-image envira-gallery-image-4 envira-normal envira-lazy\" data-envira-index=\"4\" src=\"https:\/\/karitaszkozpont.hu\/wp-content\/uploads\/2021\/07\/MG_7193-811x1024-640x480.jpg\" data-envira-src=\"https:\/\/karitaszkozpont.hu\/wp-content\/uploads\/2021\/07\/MG_7193-811x1024-640x480.jpg\" data-envira-gallery-id=\"1282\" data-envira-item-id=\"1281\" data-envira-caption=\"MG_7193\" alt=\"\" title=\"MG_7193\"  itemprop=\"thumbnailUrl\" data-envira-srcset=\"https:\/\/karitaszkozpont.hu\/wp-content\/uploads\/2021\/07\/MG_7193-811x1024-640x480.jpg 400w,https:\/\/karitaszkozpont.hu\/wp-content\/uploads\/2021\/07\/MG_7193-811x1024-640x480.jpg 2x\" data-envira-width=\"238\" data-envira-height=\"300\" srcset=\"data:image\/gif;base64,R0lGODlhAQABAIAAAP\/\/\/\/\/\/\/yH5BAEKAAEALAAAAAABAAEAAAICTAEAOw==\" data-safe-src=\"data:image\/gif;base64,R0lGODlhAQABAIAAAP\/\/\/\/\/\/\/yH5BAEKAAEALAAAAAABAAEAAAICTAEAOw==\" \/><\/a><\/div><\/div><\/div><\/div><noscript><img src=\"https:\/\/karitaszkozpont.hu\/wp-content\/uploads\/2021\/07\/MG_7413.jpg\" alt=\"\" \/><img src=\"https:\/\/karitaszkozpont.hu\/wp-content\/uploads\/2021\/07\/MG_7245.jpg\" alt=\"\" \/><img src=\"https:\/\/karitaszkozpont.hu\/wp-content\/uploads\/2021\/07\/MG_7237.jpg\" alt=\"\" \/><img src=\"https:\/\/karitaszkozpont.hu\/wp-content\/uploads\/2021\/07\/MG_7193.jpg\" alt=\"\" \/><\/noscript><\/div>\n\n\n\n<p>Karit\u00e1sz szentmis\u00e9nk v\u00e9g\u00e9n Csorba G\u00e1bor igazgat\u00f3 \u00e9s M\u00e1rton Andrea szakmai irodavezet\u0151 25 \u00e9ves \u00e1ldozatos munk\u00e1j\u00e1\u00e9rt kedves szavakkal m\u00e9ltatt\u00e1k K\u00e1poszt\u00e1s Gy\u00f6ngyit. A Karit\u00e1sz vezet\u0151s\u00e9ge mellett munkat\u00e1rsak, \u00f6nk\u00e9ntes r\u00e9gi\u00f3-, \u00e9s csoportvezet\u0151k, \u00e9s csal\u00e1dja is k\u00f6sz\u00f6nt\u00f6tt\u00e9k.&nbsp;<\/p>\n\n\n\n<p>A nap z\u00e1r\u00e1sak\u00e9nt Csorba G\u00e1bor karit\u00e1szigazgat\u00f3 tartott el\u0151ad\u00e1st <strong>Mihalovics Zsigmond atya<\/strong> kih\u00edv\u00e1sokkal teli \u00e9let\u00e9r\u0151l, aki 90 \u00e9vvel ezel\u0151tt alap\u00edtotta a Szent Erzs\u00e9bet Karit\u00e1sz K\u00f6zpontot. <strong>Homokb\u00f6g\u00f6d\u00e9t\u0151l (1889. okt\u00f3ber 20.) Chicago-ig (1959. augusztus 28.)<\/strong> rendk\u00edv\u00fcl sok megpr\u00f3b\u00e1ltat\u00e1s \u00e9s kih\u00edv\u00e1s k\u00eds\u00e9rte Zsigmond atya \u00e9let\u00e9t. A Tan\u00e1csk\u00f6zt\u00e1rsas\u00e1g alatt ker\u00fclt els\u0151 szolg\u00e1lati hely\u00e9re Herminamez\u0151re, ahol a munk\u00e1sok, illetve az ifj\u00fas\u00e1g k\u00f6r\u00e9ben p\u00e9ldaad\u00f3 munk\u00e1t v\u00e9gzett, de a r\u00e1szorul\u00f3k\u00e9rt munk\u00e1lkodott a Budapesti Karit\u00e1sz \u00e9rseki biztosak\u00e9nt \u00e9s az Actio Chatolica orsz\u00e1gos igazgat\u00f3jak\u00e9nt is. R\u00e9szt vett az 1938-as Eucharisztikus Kongresszus el\u0151k\u00e9sz\u00edt\u00e9s\u00e9ben \u00e9s megrendez\u00e9s\u00e9ben. A II. vil\u00e1gh\u00e1bor\u00fa ut\u00e1n h\u0151siesen k\u00fczd\u00f6tt a katolikus szervezetek \u00e9s iskol\u00e1k megmarad\u00e1s\u00e1\u00e9rt, majd Ft. Mindszenty J\u00f3zsef b\u00edboros utas\u00edt\u00e1s\u00e1ra hagyta el az orsz\u00e1got, \u00edgy elker\u00fclve a b\u00f6rt\u00f6nt. Sokat tett az emigr\u00e1ns magyarok megmarad\u00e1s\u00e1\u00e9rt R\u00f3m\u00e1ban, majd Chicagoban, ahol 1959-ben elhunyt.&nbsp;<\/p>\n\n\n\n<p>Napunk az 1938-as Eucharisztikus Kongresszus Himnusz\u00e1nak k\u00f6z\u00f6s el\u00e9nekl\u00e9s\u00e9vel z\u00e1rult. A j\u00fanius 7-i programon k\u00f6zel 30 karit\u00e1sz munkat\u00e1rs vett r\u00e9szt az Esztergom\u2013Budapesti F\u0151egyh\u00e1zmegye ter\u00fclet\u00e9n tev\u00e9kenyked\u0151 karit\u00e1szcsoportokb\u00f3l.&nbsp;&nbsp;<\/p>\n\n\n\n<p><em>Fot\u00f3k: V\u00edg Rita M\u00e1ria<\/em><\/p>\n","protected":false},"excerpt":{"rendered":"<p>II. Karit\u00e1sz Inform\u00e1ci\u00f3s Nap a Szent Erzs\u00e9bet Karit\u00e1sz K\u00f6zpontban K\u00f6zpontunk szervez\u00e9s\u00e9ben, M\u00e1rton Andrea szakmai irodavezet\u0151 koordin\u00e1l\u00e1s\u00e1val, az idei \u00e9vben is megrendez\u00e9sre ker\u00fclt az inform\u00e1ci\u00f3s nap karit\u00e1szirod\u00e1nk \u00e9p\u00fclet\u00e9ben a Szent J\u00f3zsef H\u00e1zban. A j\u00e1rv\u00e1ny\u00fcgyi szab\u00e1lyok enyh\u00edt\u00e9s\u00e9vel p\u00e1rhuzamosan meghirdetett alkalom nagysz\u00e1m\u00fa \u00e9rdekl\u0151d\u00e9s mellett zajlott a Szent Istv\u00e1n Teremben. Csorba G\u00e1bor \u00e1lland\u00f3 diak\u00f3nus, igazgat\u00f3 k\u00f6sz\u00f6nt\u0151je ut\u00e1n M\u00e1rton Andrea &hellip; <\/p>\n<p class=\"link-more\"><a href=\"https:\/\/karitaszkozpont.hu\/?p=1276\" class=\"more-link\">Continue reading<span class=\"screen-reader-text\"> &#8222;II. Karit\u00e1sz Inform\u00e1ci\u00f3s Nap a Szent Erzs\u00e9bet Karit\u00e1sz K\u00f6zpontban&#8221;<\/span><\/a><\/p>\n","protected":false},"author":1,"featured_media":1278,"comment_status":"open","ping_status":"open","sticky":false,"template":"","format":"standard","meta":[],"categories":[4],"tags":[],"yoast_head":"<!-- This site is optimized with the Yoast SEO plugin v20.1 - https:\/\/yoast.com\/wordpress\/plugins\/seo\/ -->\n<title>II. Karit\u00e1sz Inform\u00e1ci\u00f3s Nap a Szent Erzs\u00e9bet Karit\u00e1sz K\u00f6zpontban - Szent Erzs\u00e9bet Karit\u00e1sz K\u00f6zpont<\/title>\n<meta name=\"robots\" content=\"index, follow, max-snippet:-1, max-image-preview:large, max-video-preview:-1\" \/>\n<link rel=\"canonical\" href=\"https:\/\/karitaszkozpont.hu\/?p=1276\" \/>\n<meta property=\"og:locale\" content=\"hu_HU\" \/>\n<meta property=\"og:type\" content=\"article\" \/>\n<meta property=\"og:title\" content=\"II. Karit\u00e1sz Inform\u00e1ci\u00f3s Nap a Szent Erzs\u00e9bet Karit\u00e1sz K\u00f6zpontban - Szent Erzs\u00e9bet Karit\u00e1sz K\u00f6zpont\" \/>\n<meta property=\"og:description\" content=\"II. Karit\u00e1sz Inform\u00e1ci\u00f3s Nap a Szent Erzs\u00e9bet Karit\u00e1sz K\u00f6zpontban K\u00f6zpontunk szervez\u00e9s\u00e9ben, M\u00e1rton Andrea szakmai irodavezet\u0151 koordin\u00e1l\u00e1s\u00e1val, az idei \u00e9vben is megrendez\u00e9sre ker\u00fclt az inform\u00e1ci\u00f3s nap karit\u00e1szirod\u00e1nk \u00e9p\u00fclet\u00e9ben a Szent J\u00f3zsef H\u00e1zban. A j\u00e1rv\u00e1ny\u00fcgyi szab\u00e1lyok enyh\u00edt\u00e9s\u00e9vel p\u00e1rhuzamosan meghirdetett alkalom nagysz\u00e1m\u00fa \u00e9rdekl\u0151d\u00e9s mellett zajlott a Szent Istv\u00e1n Teremben. Csorba G\u00e1bor \u00e1lland\u00f3 diak\u00f3nus, igazgat\u00f3 k\u00f6sz\u00f6nt\u0151je ut\u00e1n M\u00e1rton Andrea &hellip; Continue reading &quot;II. Karit\u00e1sz Inform\u00e1ci\u00f3s Nap a Szent Erzs\u00e9bet Karit\u00e1sz K\u00f6zpontban&quot;\" \/>\n<meta property=\"og:url\" content=\"https:\/\/karitaszkozpont.hu\/?p=1276\" \/>\n<meta property=\"og:site_name\" content=\"Szent Erzs\u00e9bet Karit\u00e1sz K\u00f6zpont\" \/>\n<meta property=\"article:published_time\" content=\"2021-07-02T19:58:06+00:00\" \/>\n<meta property=\"og:image\" content=\"https:\/\/karitaszkozpont.hu\/wp-content\/uploads\/2021\/07\/MG_7413.jpg\" \/>\n\t<meta property=\"og:image:width\" content=\"1500\" \/>\n\t<meta property=\"og:image:height\" content=\"1000\" \/>\n\t<meta property=\"og:image:type\" content=\"image\/jpeg\" \/>\n<meta name=\"author\" content=\"Karit\u00e1sz K\u00f6zpont\" \/>\n<meta name=\"twitter:card\" content=\"summary_large_image\" \/>\n<meta name=\"twitter:label1\" content=\"Szerz\u0151:\" \/>\n\t<meta name=\"twitter:data1\" content=\"Karit\u00e1sz K\u00f6zpont\" \/>\n\t<meta name=\"twitter:label2\" content=\"Becs\u00fclt olvas\u00e1si id\u0151\" \/>\n\t<meta name=\"twitter:data2\" content=\"3 perc\" \/>\n<script type=\"application\/ld+json\" class=\"yoast-schema-graph\">{\"@context\":\"https:\/\/schema.org\",\"@graph\":[{\"@type\":\"Article\",\"@id\":\"https:\/\/karitaszkozpont.hu\/?p=1276#article\",\"isPartOf\":{\"@id\":\"https:\/\/karitaszkozpont.hu\/?p=1276\"},\"author\":{\"name\":\"Karit\u00e1sz K\u00f6zpont\",\"@id\":\"https:\/\/karitaszkozpont.hu\/#\/schema\/person\/0d9c28244c111914ea13bb1248775e57\"},\"headline\":\"II. Karit\u00e1sz Inform\u00e1ci\u00f3s Nap a Szent Erzs\u00e9bet Karit\u00e1sz K\u00f6zpontban\",\"datePublished\":\"2021-07-02T19:58:06+00:00\",\"dateModified\":\"2021-07-02T19:58:06+00:00\",\"mainEntityOfPage\":{\"@id\":\"https:\/\/karitaszkozpont.hu\/?p=1276\"},\"wordCount\":819,\"commentCount\":0,\"publisher\":{\"@id\":\"https:\/\/karitaszkozpont.hu\/#organization\"},\"articleSection\":[\"H\u00edrek\"],\"inLanguage\":\"hu\",\"potentialAction\":[{\"@type\":\"CommentAction\",\"name\":\"Comment\",\"target\":[\"https:\/\/karitaszkozpont.hu\/?p=1276#respond\"]}]},{\"@type\":\"WebPage\",\"@id\":\"https:\/\/karitaszkozpont.hu\/?p=1276\",\"url\":\"https:\/\/karitaszkozpont.hu\/?p=1276\",\"name\":\"II. Karit\u00e1sz Inform\u00e1ci\u00f3s Nap a Szent Erzs\u00e9bet Karit\u00e1sz K\u00f6zpontban - Szent Erzs\u00e9bet Karit\u00e1sz K\u00f6zpont\",\"isPartOf\":{\"@id\":\"https:\/\/karitaszkozpont.hu\/#website\"},\"datePublished\":\"2021-07-02T19:58:06+00:00\",\"dateModified\":\"2021-07-02T19:58:06+00:00\",\"breadcrumb\":{\"@id\":\"https:\/\/karitaszkozpont.hu\/?p=1276#breadcrumb\"},\"inLanguage\":\"hu\",\"potentialAction\":[{\"@type\":\"ReadAction\",\"target\":[\"https:\/\/karitaszkozpont.hu\/?p=1276\"]}]},{\"@type\":\"BreadcrumbList\",\"@id\":\"https:\/\/karitaszkozpont.hu\/?p=1276#breadcrumb\",\"itemListElement\":[{\"@type\":\"ListItem\",\"position\":1,\"name\":\"Kezd\u0151lap\",\"item\":\"https:\/\/karitaszkozpont.hu\/\"},{\"@type\":\"ListItem\",\"position\":2,\"name\":\"II. Karit\u00e1sz Inform\u00e1ci\u00f3s Nap a Szent Erzs\u00e9bet Karit\u00e1sz K\u00f6zpontban\"}]},{\"@type\":\"WebSite\",\"@id\":\"https:\/\/karitaszkozpont.hu\/#website\",\"url\":\"https:\/\/karitaszkozpont.hu\/\",\"name\":\"Szent Erzs\u00e9bet Karit\u00e1sz K\u00f6zpont\",\"description\":\"Esztergom-Budapesti F\u0151egyh\u00e1zmegye\",\"publisher\":{\"@id\":\"https:\/\/karitaszkozpont.hu\/#organization\"},\"potentialAction\":[{\"@type\":\"SearchAction\",\"target\":{\"@type\":\"EntryPoint\",\"urlTemplate\":\"https:\/\/karitaszkozpont.hu\/?s={search_term_string}\"},\"query-input\":\"required name=search_term_string\"}],\"inLanguage\":\"hu\"},{\"@type\":\"Organization\",\"@id\":\"https:\/\/karitaszkozpont.hu\/#organization\",\"name\":\"Szent Erzs\u00e9bet Karit\u00e1sz K\u00f6zpont\",\"url\":\"https:\/\/karitaszkozpont.hu\/\",\"logo\":{\"@type\":\"ImageObject\",\"inLanguage\":\"hu\",\"@id\":\"https:\/\/karitaszkozpont.hu\/#\/schema\/logo\/image\/\",\"url\":\"https:\/\/karitaszkp.hu\/wp-content\/uploads\/2019\/06\/cropped-logo-arnyekos-1.png\",\"contentUrl\":\"https:\/\/karitaszkp.hu\/wp-content\/uploads\/2019\/06\/cropped-logo-arnyekos-1.png\",\"width\":240,\"height\":247,\"caption\":\"Szent Erzs\u00e9bet Karit\u00e1sz K\u00f6zpont\"},\"image\":{\"@id\":\"https:\/\/karitaszkozpont.hu\/#\/schema\/logo\/image\/\"}},{\"@type\":\"Person\",\"@id\":\"https:\/\/karitaszkozpont.hu\/#\/schema\/person\/0d9c28244c111914ea13bb1248775e57\",\"name\":\"Karit\u00e1sz K\u00f6zpont\",\"image\":{\"@type\":\"ImageObject\",\"inLanguage\":\"hu\",\"@id\":\"https:\/\/karitaszkozpont.hu\/#\/schema\/person\/image\/\",\"url\":\"https:\/\/secure.gravatar.com\/avatar\/1274acd7c62f3cac92d2b38aad20c71b?s=96&d=mm&r=g\",\"contentUrl\":\"https:\/\/secure.gravatar.com\/avatar\/1274acd7c62f3cac92d2b38aad20c71b?s=96&d=mm&r=g\",\"caption\":\"Karit\u00e1sz K\u00f6zpont\"},\"url\":\"https:\/\/karitaszkozpont.hu\/?author=1\"}]}<\/script>\n<!-- \/ Yoast SEO plugin. -->","yoast_head_json":{"title":"II. Karit\u00e1sz Inform\u00e1ci\u00f3s Nap a Szent Erzs\u00e9bet Karit\u00e1sz K\u00f6zpontban - Szent Erzs\u00e9bet Karit\u00e1sz K\u00f6zpont","robots":{"index":"index","follow":"follow","max-snippet":"max-snippet:-1","max-image-preview":"max-image-preview:large","max-video-preview":"max-video-preview:-1"},"canonical":"https:\/\/karitaszkozpont.hu\/?p=1276","og_locale":"hu_HU","og_type":"article","og_title":"II. Karit\u00e1sz Inform\u00e1ci\u00f3s Nap a Szent Erzs\u00e9bet Karit\u00e1sz K\u00f6zpontban - Szent Erzs\u00e9bet Karit\u00e1sz K\u00f6zpont","og_description":"II. Karit\u00e1sz Inform\u00e1ci\u00f3s Nap a Szent Erzs\u00e9bet Karit\u00e1sz K\u00f6zpontban K\u00f6zpontunk szervez\u00e9s\u00e9ben, M\u00e1rton Andrea szakmai irodavezet\u0151 koordin\u00e1l\u00e1s\u00e1val, az idei \u00e9vben is megrendez\u00e9sre ker\u00fclt az inform\u00e1ci\u00f3s nap karit\u00e1szirod\u00e1nk \u00e9p\u00fclet\u00e9ben a Szent J\u00f3zsef H\u00e1zban. A j\u00e1rv\u00e1ny\u00fcgyi szab\u00e1lyok enyh\u00edt\u00e9s\u00e9vel p\u00e1rhuzamosan meghirdetett alkalom nagysz\u00e1m\u00fa \u00e9rdekl\u0151d\u00e9s mellett zajlott a Szent Istv\u00e1n Teremben. Csorba G\u00e1bor \u00e1lland\u00f3 diak\u00f3nus, igazgat\u00f3 k\u00f6sz\u00f6nt\u0151je ut\u00e1n M\u00e1rton Andrea &hellip; Continue reading \"II. Karit\u00e1sz Inform\u00e1ci\u00f3s Nap a Szent Erzs\u00e9bet Karit\u00e1sz K\u00f6zpontban\"","og_url":"https:\/\/karitaszkozpont.hu\/?p=1276","og_site_name":"Szent Erzs\u00e9bet Karit\u00e1sz K\u00f6zpont","article_published_time":"2021-07-02T19:58:06+00:00","og_image":[{"width":1500,"height":1000,"url":"https:\/\/karitaszkozpont.hu\/wp-content\/uploads\/2021\/07\/MG_7413.jpg","type":"image\/jpeg"}],"author":"Karit\u00e1sz K\u00f6zpont","twitter_card":"summary_large_image","twitter_misc":{"Szerz\u0151:":"Karit\u00e1sz K\u00f6zpont","Becs\u00fclt olvas\u00e1si id\u0151":"3 perc"},"schema":{"@context":"https:\/\/schema.org","@graph":[{"@type":"Article","@id":"https:\/\/karitaszkozpont.hu\/?p=1276#article","isPartOf":{"@id":"https:\/\/karitaszkozpont.hu\/?p=1276"},"author":{"name":"Karit\u00e1sz K\u00f6zpont","@id":"https:\/\/karitaszkozpont.hu\/#\/schema\/person\/0d9c28244c111914ea13bb1248775e57"},"headline":"II. Karit\u00e1sz Inform\u00e1ci\u00f3s Nap a Szent Erzs\u00e9bet Karit\u00e1sz K\u00f6zpontban","datePublished":"2021-07-02T19:58:06+00:00","dateModified":"2021-07-02T19:58:06+00:00","mainEntityOfPage":{"@id":"https:\/\/karitaszkozpont.hu\/?p=1276"},"wordCount":819,"commentCount":0,"publisher":{"@id":"https:\/\/karitaszkozpont.hu\/#organization"},"articleSection":["H\u00edrek"],"inLanguage":"hu","potentialAction":[{"@type":"CommentAction","name":"Comment","target":["https:\/\/karitaszkozpont.hu\/?p=1276#respond"]}]},{"@type":"WebPage","@id":"https:\/\/karitaszkozpont.hu\/?p=1276","url":"https:\/\/karitaszkozpont.hu\/?p=1276","name":"II. Karit\u00e1sz Inform\u00e1ci\u00f3s Nap a Szent Erzs\u00e9bet Karit\u00e1sz K\u00f6zpontban - Szent Erzs\u00e9bet Karit\u00e1sz K\u00f6zpont","isPartOf":{"@id":"https:\/\/karitaszkozpont.hu\/#website"},"datePublished":"2021-07-02T19:58:06+00:00","dateModified":"2021-07-02T19:58:06+00:00","breadcrumb":{"@id":"https:\/\/karitaszkozpont.hu\/?p=1276#breadcrumb"},"inLanguage":"hu","potentialAction":[{"@type":"ReadAction","target":["https:\/\/karitaszkozpont.hu\/?p=1276"]}]},{"@type":"BreadcrumbList","@id":"https:\/\/karitaszkozpont.hu\/?p=1276#breadcrumb","itemListElement":[{"@type":"ListItem","position":1,"name":"Kezd\u0151lap","item":"https:\/\/karitaszkozpont.hu\/"},{"@type":"ListItem","position":2,"name":"II. Karit\u00e1sz Inform\u00e1ci\u00f3s Nap a Szent Erzs\u00e9bet Karit\u00e1sz K\u00f6zpontban"}]},{"@type":"WebSite","@id":"https:\/\/karitaszkozpont.hu\/#website","url":"https:\/\/karitaszkozpont.hu\/","name":"Szent Erzs\u00e9bet Karit\u00e1sz K\u00f6zpont","description":"Esztergom-Budapesti F\u0151egyh\u00e1zmegye","publisher":{"@id":"https:\/\/karitaszkozpont.hu\/#organization"},"potentialAction":[{"@type":"SearchAction","target":{"@type":"EntryPoint","urlTemplate":"https:\/\/karitaszkozpont.hu\/?s={search_term_string}"},"query-input":"required name=search_term_string"}],"inLanguage":"hu"},{"@type":"Organization","@id":"https:\/\/karitaszkozpont.hu\/#organization","name":"Szent Erzs\u00e9bet Karit\u00e1sz K\u00f6zpont","url":"https:\/\/karitaszkozpont.hu\/","logo":{"@type":"ImageObject","inLanguage":"hu","@id":"https:\/\/karitaszkozpont.hu\/#\/schema\/logo\/image\/","url":"https:\/\/karitaszkp.hu\/wp-content\/uploads\/2019\/06\/cropped-logo-arnyekos-1.png","contentUrl":"https:\/\/karitaszkp.hu\/wp-content\/uploads\/2019\/06\/cropped-logo-arnyekos-1.png","width":240,"height":247,"caption":"Szent Erzs\u00e9bet Karit\u00e1sz K\u00f6zpont"},"image":{"@id":"https:\/\/karitaszkozpont.hu\/#\/schema\/logo\/image\/"}},{"@type":"Person","@id":"https:\/\/karitaszkozpont.hu\/#\/schema\/person\/0d9c28244c111914ea13bb1248775e57","name":"Karit\u00e1sz K\u00f6zpont","image":{"@type":"ImageObject","inLanguage":"hu","@id":"https:\/\/karitaszkozpont.hu\/#\/schema\/person\/image\/","url":"https:\/\/secure.gravatar.com\/avatar\/1274acd7c62f3cac92d2b38aad20c71b?s=96&d=mm&r=g","contentUrl":"https:\/\/secure.gravatar.com\/avatar\/1274acd7c62f3cac92d2b38aad20c71b?s=96&d=mm&r=g","caption":"Karit\u00e1sz K\u00f6zpont"},"url":"https:\/\/karitaszkozpont.hu\/?author=1"}]}},"_links":{"self":[{"href":"https:\/\/karitaszkozpont.hu\/index.php?rest_route=\/wp\/v2\/posts\/1276"}],"collection":[{"href":"https:\/\/karitaszkozpont.hu\/index.php?rest_route=\/wp\/v2\/posts"}],"about":[{"href":"https:\/\/karitaszkozpont.hu\/index.php?rest_route=\/wp\/v2\/types\/post"}],"author":[{"embeddable":true,"href":"https:\/\/karitaszkozpont.hu\/index.php?rest_route=\/wp\/v2\/users\/1"}],"replies":[{"embeddable":true,"href":"https:\/\/karitaszkozpont.hu\/index.php?rest_route=%2Fwp%2Fv2%2Fcomments&post=1276"}],"version-history":[{"count":1,"href":"https:\/\/karitaszkozpont.hu\/index.php?rest_route=\/wp\/v2\/posts\/1276\/revisions"}],"predecessor-version":[{"id":1283,"href":"https:\/\/karitaszkozpont.hu\/index.php?rest_route=\/wp\/v2\/posts\/1276\/revisions\/1283"}],"wp:featuredmedia":[{"embeddable":true,"href":"https:\/\/karitaszkozpont.hu\/index.php?rest_route=\/wp\/v2\/media\/1278"}],"wp:attachment":[{"href":"https:\/\/karitaszkozpont.hu\/index.php?rest_route=%2Fwp%2Fv2%2Fmedia&parent=1276"}],"wp:term":[{"taxonomy":"category","embeddable":true,"href":"https:\/\/karitaszkozpont.hu\/index.php?rest_route=%2Fwp%2Fv2%2Fcategories&post=1276"},{"taxonomy":"post_tag","embeddable":true,"href":"https:\/\/karitaszkozpont.hu\/index.php?rest_route=%2Fwp%2Fv2%2Ftags&post=1276"}],"curies":[{"name":"wp","href":"https:\/\/api.w.org\/{rel}","templated":true}]}}