{"id":1268,"date":"2021-06-27T16:42:48","date_gmt":"2021-06-27T14:42:48","guid":{"rendered":"http:\/\/karitaszkp.hu\/?p=1268"},"modified":"2021-06-27T16:42:48","modified_gmt":"2021-06-27T14:42:48","slug":"127-karitasz-egyperces","status":"publish","type":"post","link":"https:\/\/karitaszkozpont.hu\/?p=1268","title":{"rendered":"127. Karit\u00e1sz Egyperces"},"content":{"rendered":"\n<p class=\"has-white-color has-vivid-red-background-color has-text-color has-background has-large-font-size\"><strong>127. Lelki \u00e9s anyagi javak<\/strong><\/p>\n\n\n\n<p><em>\u201eA hal\u00e1lt nem Isten alkotta, \u0151 nem leli \u00f6r\u00f6m\u00e9t az \u00e9l\u0151k pusztul\u00e1s\u00e1ban. Hisz mindent az\u00e9rt teremtett, hogy legyen, \u00e9s a vil\u00e1gon minden teremtm\u00e9ny az \u00e9letet szolg\u00e1lja. Nincs benn\u00fck puszt\u00edt\u00f3 m\u00e9reg, \u00e9s a f\u00f6ld\u00f6n nem az alvil\u00e1g uralkodik. Az igazs\u00e1g ugyanis halhatatlan. Isten halhatatlans\u00e1gra teremtette az embert, a saj\u00e1t \u00f6r\u00f6kk\u00e9val\u00f3s\u00e1g\u00e1nak k\u00e9pm\u00e1s\u00e1v\u00e1 tette.&nbsp;.\u201d<\/em><em>&nbsp;(B\u00f6lcs 1,13-15<\/em><em>)<\/em><\/p>\n\n\n\n<p>Kedves Karit\u00e1sz \u00d6nk\u00e9ntesek, Munkat\u00e1rsak, Testv\u00e9rek az \u00darban!<\/p>\n\n\n\n<p>J\u00e9zus egyik legfontosabb figyelmeztet\u00e9se:&nbsp;<em>\u201eA L\u00e9lek az, ami \u00e9ltet, a test nem haszn\u00e1l semmit. Az ig\u00e9k, amelyeket \u00e9n mondtam nektek, L\u00e9lek \u00e9s \u00e9let.\u201d (Jn 6,63)<\/em>&nbsp;<strong>Ennek meg\u00e9rt\u00e9se, magunk\u00e9nak vall\u00e1sa \u00e9s a gyakrolati alkalmaz\u00e1sa d\u00f6nt\u0151 sz\u00e1munkra \u00e9s minden ember boldogs\u00e1ga \u00e9s v\u00e9g\u0151 boldogs\u00e1ga, az \u00fcdv\u00f6ss\u00e9ge szempontj\u00e1b\u00f3l.<\/strong><\/p>\n\n\n\n<p>Azt teszi egy\u00e9rtelm\u0171v\u00e9 az \u00dar, hogy az anyagi vil\u00e1g elm\u00falik, megsemmis\u00fcl \u00e9s csak a szeretet \u00e9s a m\u0171vei maradnak meg az \u00f6r\u00f6kk\u00e9val\u00f3s\u00e1gban. A mi test\u00fcnk is eleny\u00e9szik, de lelk\u00fcnk halhatatlan. Mindenki felt\u00e1mad, van aki az \u00f6r\u00f6k \u00e9letre, van aki az \u00f6r\u00f6k k\u00e1rhozatra (v\u00f6. Mt 25,46). Ez a mi j\u00f6v\u0151nk k\u00e9t lehets\u00e9ges alternat\u00edv\u00e1ja, m\u00e1s \u00fat nincs. Csak rajtunk m\u00falik, hogy hogyan d\u00f6nt\u00fcnk.<\/p>\n\n\n\n<p>D\u00f6nt\u00e9s\u00fcnk el\u0151k\u00e9sz\u00edtese pedig az eg\u00e9sz \u00e9let\u00fcnk, lelki \u00e9s testi fejl\u0151d\u00e9s\u00fcnk eredm\u00e9nye. Minden pillanatunk, minden&nbsp;<em>most<\/em>&nbsp;egy d\u00f6nt\u00e9s \u00e9s ezen d\u00f6nt\u00e9seink v\u00e9gs\u0151 ered\u0151je, summ\u00e1ja az utols\u00f3 \u00f3r\u00e1nk, pillanatunk d\u00f6nt\u00e9se. \u00c9ppen ez\u00e9rt k\u00e9rj\u00fck a Sz\u0171zany\u00e1t az \u00dcdv\u00f6zl\u00e9gy im\u00e1ds\u00e1gunkban, hogy&nbsp;<em>\u201emost \u00e9s hal\u00e1lunk \u00f3r\u00e1j\u00e1n\u201d<\/em>. A sok kis&nbsp;<em>igen<\/em>-\u00fcnkb\u0151l lesz a nagy&nbsp;<em>IGEN<\/em>&nbsp;Isten h\u00edv\u00e1s\u00e1ra. \u00cdgy a testi hal\u00e1lunk nem az elm\u00fal\u00e1s, nem az utols\u00f3 sz\u00f3 az \u00e9let\u00fcnkben, hanem a beteljesed\u00e9s, Isten \u00edg\u00e9ret\u00e9nek beteljesed\u00e9se mibenn\u00fcnk.<\/p>\n\n\n\n<p>Mivel az anyagi vil\u00e1g, bele\u00e9rtve a mi test\u00fcnket, elm\u00falik, eleny\u00e9szik, ez\u00e9rt annyi haszna van a sz\u00e1munkra, amennyiben \u00e9s amilyen m\u00e9rt\u00e9kben szolg\u00e1lja az el nem m\u00fal\u00f3 \u00e9rt\u00e9keket, a szeretetet, lelk\u00fcnk \u00e9p\u00fcl\u00e9s\u00e9t, t\u00f6k\u00e9lesed\u00e9s\u00e9t.&nbsp;<strong>Teh\u00e1t akkor j\u00e1runk el helyesen a magunk \u00e9s m\u00e1sok \u00fcdv\u00f6ss\u00e9g\u00e9nek szolg\u00e1lat\u00e1ban, ha a test\u00fcnk k\u00e9pess\u00e9geit, adotts\u00e1gait \u00e9s az anyagi vil\u00e1g kincseit az \u00f6r\u00f6k \u00e9rt\u00e9kek, vagyis a szeretet szolg\u00e1lat\u00e1ba \u00e1ll\u00edtjuk.<\/strong><\/p>\n\n\n\n<p>El is \u00e9rkezt\u00fcnk ezen gondolatsorral \u00fajra a karit\u00e1sz k\u00fcldet\u00e9s\u00fcnkh\u00f6z. Hiszen mi \u00e9ppen arra v\u00e1llalkoztunk, hogy testi er\u0151nket \u00e9s anyagi lehet\u0151s\u00e9geinket a szeg\u00e9nyek, r\u00e1szorul\u00f3k lelki \u00e9s testi javainak n\u00f6vel\u00e9s\u00e9re ford\u00edtsuk, m\u00e9ghozz\u00e1 szervezett form\u00e1ban \u00e9s az Egyh\u00e1z nev\u00e9ben. \u00cdgy a mi munk\u00e1nk r\u00e9v\u00e9n, amikor enyh\u00fclnek a testi, anyagi, egzisztenci\u00e1lis bajok, \u00fagy n\u00f6vekszik a szeretet, k\u00f6zelebb ker\u00fcl az igazs\u00e1g gy\u0151zelme, kiegyenl\u00edt\u0151dnek a k\u00fcl\u00f6nbs\u00e9gek ember \u00e9s ember k\u00f6z\u00f6tt.<\/p>\n\n\n\n<p>Szent P\u00e1l \u00edgy tan\u00edt minket:&nbsp;<em>\u201eHiszen ismeritek Urunk, J\u00e9zus Krisztus j\u00f3t\u00e9konys\u00e1g\u00e1t. Noha gazdag volt, \u00e9rtetek szeg\u00e9nny\u00e9 lett, hogy szeg\u00e9nys\u00e9ge \u00e1ltal meggazdagodjatok. Nem az\u00e9rt kell gy\u0171jteni, hogy m\u00e1sok megszabaduljanak a sz\u00fcks\u00e9gt\u0151l, ti meg bajba jussatok, hanem az egyenl\u0151s\u00e9g\u00e9rt. Most az \u0151 sz\u00fcks\u00e9g\u00fcket a ti b\u0151s\u00e9getek enyh\u00edti, hogy majd az \u0151 b\u0151s\u00e9g\u00fck nektek szolg\u00e1ljon sz\u00fcks\u00e9getekben seg\u00edts\u00e9g\u00fcl, s \u00edgy a javak kiegyenl\u00edt\u0151djenek.\u201d (2 Kor 8,8-15)<\/em>&nbsp;<\/p>\n\n\n\n<p>A karit\u00e1sz szolg\u00e1lat\u00e1val \u00fagy enyh\u00fclnek a k\u00fcl\u00f6nbs\u00e9gek, hogy lelki javak nem cs\u00f6kkennek benn\u00fcnk, s\u0151t, ink\u00e1bb n\u00f6vekednek. A lelki javak aktiv\u00e1lj\u00e1k az anyagi javakat a j\u00f3ra. A l\u00e1that\u00f3 vil\u00e1g v\u00e9ges \u00e9s elm\u00fal\u00f3, de a nem l\u00e1that\u00f3 v\u00e9gtelen \u00e9s \u00f6r\u00f6k. Ez\u00e9rt ne fukarkodjunk se mi, se m\u00e1sok soha a lelki javainkkal, lelk\u00fcnk ind\u00edt\u00e1saival a j\u00f3ra, az er\u0151nkkel, tehets\u00e9g\u00fcnkkel, melyeket \u00e9ppen az\u00e9rt kaptunk Istent\u0151l, hogy szolg\u00e1ljunk vele m\u00e1sok\u00e9rt.&nbsp;<strong>Az igazi karizma: Istent\u0151l kapott k\u00e9pess\u00e9g, er\u0151 a j\u00f3ra, a m\u00e1sok\u00e9rt, m\u00e1soknak val\u00f3 szolg\u00e1latra, hogy a mi tetteinkkel, szavainkkal, im\u00e1inkkal mindenki k\u00f6zelebb ker\u00fclj\u00f6n Istenhez, a Szeretethez, az \u00dcdv\u00f6ss\u00e9ghez.<\/strong><\/p>\n\n\n\n<p>Hirdet\u00e9sek:<\/p>\n\n\n\n<p>\u00b7&nbsp;&nbsp;&nbsp;&nbsp;&nbsp;&nbsp;&nbsp;&nbsp;&nbsp;A k\u00f6vetkez\u0151 karit\u00e1sz m\u0171sorunk a M\u00e1ria R\u00e1di\u00f3ban j\u00falius 7-\u00e9n szerd\u00e1n 10.50 \u00f3rakor kezd\u0151dik.<\/p>\n\n\n\n<p>\u00b7&nbsp;&nbsp;&nbsp;&nbsp;&nbsp;&nbsp;&nbsp;&nbsp;&nbsp;Kor\u00e1bbi m\u0171soraink itt hallgathat\u00f3k meg:&nbsp;<a href=\"https:\/\/www.mariaradio.hu\/musor\/4814\/Tevekeny_Szeretet\" target=\"_blank\" rel=\"noreferrer noopener\">https:\/\/www.mariaradio.hu\/musor\/4814\/Tevekeny_Szeretet<\/a><\/p>\n\n\n\n<p>\u00b7&nbsp;&nbsp;&nbsp;&nbsp;&nbsp;&nbsp;&nbsp;&nbsp;&nbsp;Felh\u00edvom mindenki figyelm\u00e9t, hogy a facebook- \u00e9s weboldalunkon folyamatosan friss\u00fclnek a h\u00edreink.&nbsp;<a href=\"http:\/\/www.karitaszkp.hu\/\" target=\"_blank\" rel=\"noreferrer noopener\">www.karitaszkp.hu<\/a>&nbsp;,&nbsp;<a href=\"https:\/\/www.facebook.com\/szenterzsebetkaritaszkozpont\" target=\"_blank\" rel=\"noreferrer noopener\">Esztergom-Budapesti F\u0151egyh\u00e1zmegye Szent Erzs\u00e9bet Karit\u00e1sz K\u00f6zpont | Facebook<\/a><\/p>\n\n\n\n<p>\u00b7&nbsp;&nbsp;&nbsp;&nbsp;&nbsp;&nbsp;&nbsp;&nbsp;&nbsp;A Szent Erzs\u00e9bet Karit\u00e1sz K\u00f6zpont k\u00e9r\u00e9s\u00e9re f\u0151tisztelend\u0151 Feldhoffer Antal pl\u00e9b\u00e1nos atya minden els\u0151 h\u00e9tf\u0151n 15.30-kor karit\u00e1sz szentmis\u00e9t mutat be a 1035 Budapest, III. ker. K\u00f3rh\u00e1z u. 37. sz\u00e1m alatti Szent J\u00f3zsef templomban. Misesz\u00e1nd\u00e9k: \u00e9l\u0151 \u00e9s elhunyt karit\u00e1szosok\u00e9rt. A k\u00f6vetkez\u0151 alkalom j\u00falius 5-\u00e9n lesz.<\/p>\n\n\n\n<p>\u00b7&nbsp;&nbsp;&nbsp;&nbsp;&nbsp;&nbsp;&nbsp;&nbsp;&nbsp;Az Esztergom-Budapesti F\u0151egyh\u00e1zmegye \u00c9rseki Hivatala felh\u00edv\u00e1sa alapj\u00e1n k\u00e9sz\u00fclj\u00fcnk, hogy egy\u00fctt \u00fcnnepelj\u00fcnk a Szent Istv\u00e1n bazilik\u00e1n\u00e1l augusztus 20-\u00e1n Szent Istv\u00e1n kir\u00e1ly \u00fcnnepi szentmis\u00e9n \u00e9s a Szent Jobb k\u00f6rmeneten! Tegy\u00fck szabadd\u00e1 magunkat erre a napra, ha lehet! A Szent Erzs\u00e9bet Karit\u00e1sz K\u00f6zpontb\u00f3l hamarosan kik\u00fcldj\u00fck az erre vonatkoz\u00f3 felh\u00edv\u00e1st \u00e9s megh\u00edv\u00f3t karit\u00e1szosainknak a r\u00e9gi\u00f3vezet\u0151k\u00f6n kereszt\u00fcl.<\/p>\n\n\n\n<p>\u00b7&nbsp;&nbsp;&nbsp;&nbsp;&nbsp;&nbsp;&nbsp;&nbsp;&nbsp;Az Egypercesek kik\u00fcld\u00e9s\u00e9ben ny\u00e1ri sz\u00fcnetet tartok, a legk\u00f6zelebb Nagyboldogasszony \u00fcnnepe k\u00f6r\u00fcl jelentkezek ism\u00e9t. Addig is \u00e1ldott, sz\u00e9p, im\u00e1ds\u00e1gos szolg\u00e1latot, nyarat \u00e9s pihen\u00e9st k\u00edv\u00e1nok Mindny\u00e1juknak!<\/p>\n\n\n\n<p>Csorba G\u00e1bor<\/p>\n\n\n\n<p>\u00e1lland\u00f3 diak\u00f3nus, karit\u00e1sz igazgat\u00f3<\/p>\n\n\n\n<p>Esztergom-Budapesti F\u0151egyh\u00e1zmegye<\/p>\n\n\n\n<p>Szent Erzs\u00e9bet Karit\u00e1sz K\u00f6zpont<\/p>\n\n\n\n<p class=\"has-background\" style=\"background-color:#cacaca\">Iroda:&nbsp;<a href=\"https:\/\/www.google.com\/maps\/search\/1035+Budapest,+K%C3%B3rh%C3%A1z+utca+37?entry=gmail&amp;source=g\">1035 Budapest, K\u00f3rh\u00e1z utca 37<\/a>.<\/p>\n\n\n\n<p class=\"has-background\" style=\"background-color:#cacaca\">Telefon: +36-1-351-1977<\/p>\n\n\n\n<p class=\"has-background\" style=\"background-color:#cacaca\">Mobil: +36-30-592-1483<\/p>\n\n\n\n<p class=\"has-background\" style=\"background-color:#cacaca\">E-mail:&nbsp;<a href=\"mailto:szenterzsebet@karitaszkozpont.hu\" target=\"_blank\" rel=\"noreferrer noopener\">szenterzsebet@karitaszkozpont.hu<\/a><\/p>\n\n\n\n<p class=\"has-background\" style=\"background-color:#cacaca\">Honlap:&nbsp;<a href=\"http:\/\/www.karitaszkp.hu\/\" target=\"_blank\" rel=\"noreferrer noopener\">www.karitaszkp.hu<\/a><\/p>\n\n\n\n<p class=\"has-background\" style=\"background-color:#cacaca\">A kor\u00e1bbi egypercesek itt \u00e9rhet\u0151k el:&nbsp;<a href=\"https:\/\/karitaszegypercesek.blogspot.com\/\" target=\"_blank\" rel=\"noreferrer noopener\">https:\/\/karitaszegypercesek.blogspot.com\/<\/a><\/p>\n","protected":false},"excerpt":{"rendered":"<p>127. Lelki \u00e9s anyagi javak \u201eA hal\u00e1lt nem Isten alkotta, \u0151 nem leli \u00f6r\u00f6m\u00e9t az \u00e9l\u0151k pusztul\u00e1s\u00e1ban. Hisz mindent az\u00e9rt teremtett, hogy legyen, \u00e9s a vil\u00e1gon minden teremtm\u00e9ny az \u00e9letet szolg\u00e1lja. Nincs benn\u00fck puszt\u00edt\u00f3 m\u00e9reg, \u00e9s a f\u00f6ld\u00f6n nem az alvil\u00e1g uralkodik. Az igazs\u00e1g ugyanis halhatatlan. Isten halhatatlans\u00e1gra teremtette az embert, a saj\u00e1t \u00f6r\u00f6kk\u00e9val\u00f3s\u00e1g\u00e1nak k\u00e9pm\u00e1s\u00e1v\u00e1 &hellip; <\/p>\n<p class=\"link-more\"><a href=\"https:\/\/karitaszkozpont.hu\/?p=1268\" class=\"more-link\">Continue reading<span class=\"screen-reader-text\"> &#8222;127. Karit\u00e1sz Egyperces&#8221;<\/span><\/a><\/p>\n","protected":false},"author":1,"featured_media":563,"comment_status":"open","ping_status":"open","sticky":false,"template":"","format":"standard","meta":[],"categories":[8],"tags":[],"yoast_head":"<!-- This site is optimized with the Yoast SEO plugin v20.1 - https:\/\/yoast.com\/wordpress\/plugins\/seo\/ -->\n<title>127. Karit\u00e1sz Egyperces - Szent Erzs\u00e9bet Karit\u00e1sz K\u00f6zpont<\/title>\n<meta name=\"robots\" content=\"index, follow, max-snippet:-1, max-image-preview:large, max-video-preview:-1\" \/>\n<link rel=\"canonical\" href=\"https:\/\/karitaszkozpont.hu\/?p=1268\" \/>\n<meta property=\"og:locale\" content=\"hu_HU\" \/>\n<meta property=\"og:type\" content=\"article\" \/>\n<meta property=\"og:title\" content=\"127. Karit\u00e1sz Egyperces - Szent Erzs\u00e9bet Karit\u00e1sz K\u00f6zpont\" \/>\n<meta property=\"og:description\" content=\"127. Lelki \u00e9s anyagi javak \u201eA hal\u00e1lt nem Isten alkotta, \u0151 nem leli \u00f6r\u00f6m\u00e9t az \u00e9l\u0151k pusztul\u00e1s\u00e1ban. Hisz mindent az\u00e9rt teremtett, hogy legyen, \u00e9s a vil\u00e1gon minden teremtm\u00e9ny az \u00e9letet szolg\u00e1lja. Nincs benn\u00fck puszt\u00edt\u00f3 m\u00e9reg, \u00e9s a f\u00f6ld\u00f6n nem az alvil\u00e1g uralkodik. Az igazs\u00e1g ugyanis halhatatlan. Isten halhatatlans\u00e1gra teremtette az embert, a saj\u00e1t \u00f6r\u00f6kk\u00e9val\u00f3s\u00e1g\u00e1nak k\u00e9pm\u00e1s\u00e1v\u00e1 &hellip; Continue reading &quot;127. Karit\u00e1sz Egyperces&quot;\" \/>\n<meta property=\"og:url\" content=\"https:\/\/karitaszkozpont.hu\/?p=1268\" \/>\n<meta property=\"og:site_name\" content=\"Szent Erzs\u00e9bet Karit\u00e1sz K\u00f6zpont\" \/>\n<meta property=\"article:published_time\" content=\"2021-06-27T14:42:48+00:00\" \/>\n<meta property=\"og:image\" content=\"https:\/\/karitaszkozpont.hu\/wp-content\/uploads\/2019\/07\/egyperceslogo.jpg\" \/>\n\t<meta property=\"og:image:width\" content=\"2300\" \/>\n\t<meta property=\"og:image:height\" content=\"1528\" \/>\n\t<meta property=\"og:image:type\" content=\"image\/jpeg\" \/>\n<meta name=\"author\" content=\"Karit\u00e1sz K\u00f6zpont\" \/>\n<meta name=\"twitter:card\" content=\"summary_large_image\" \/>\n<meta name=\"twitter:label1\" content=\"Szerz\u0151:\" \/>\n\t<meta name=\"twitter:data1\" content=\"Karit\u00e1sz K\u00f6zpont\" \/>\n\t<meta name=\"twitter:label2\" content=\"Becs\u00fclt olvas\u00e1si id\u0151\" \/>\n\t<meta name=\"twitter:data2\" content=\"4 perc\" \/>\n<script type=\"application\/ld+json\" class=\"yoast-schema-graph\">{\"@context\":\"https:\/\/schema.org\",\"@graph\":[{\"@type\":\"Article\",\"@id\":\"https:\/\/karitaszkozpont.hu\/?p=1268#article\",\"isPartOf\":{\"@id\":\"https:\/\/karitaszkozpont.hu\/?p=1268\"},\"author\":{\"name\":\"Karit\u00e1sz K\u00f6zpont\",\"@id\":\"https:\/\/karitaszkozpont.hu\/#\/schema\/person\/0d9c28244c111914ea13bb1248775e57\"},\"headline\":\"127. Karit\u00e1sz Egyperces\",\"datePublished\":\"2021-06-27T14:42:48+00:00\",\"dateModified\":\"2021-06-27T14:42:48+00:00\",\"mainEntityOfPage\":{\"@id\":\"https:\/\/karitaszkozpont.hu\/?p=1268\"},\"wordCount\":1199,\"commentCount\":0,\"publisher\":{\"@id\":\"https:\/\/karitaszkozpont.hu\/#organization\"},\"articleSection\":[\"Egypercesek\"],\"inLanguage\":\"hu\",\"potentialAction\":[{\"@type\":\"CommentAction\",\"name\":\"Comment\",\"target\":[\"https:\/\/karitaszkozpont.hu\/?p=1268#respond\"]}]},{\"@type\":\"WebPage\",\"@id\":\"https:\/\/karitaszkozpont.hu\/?p=1268\",\"url\":\"https:\/\/karitaszkozpont.hu\/?p=1268\",\"name\":\"127. Karit\u00e1sz Egyperces - Szent Erzs\u00e9bet Karit\u00e1sz K\u00f6zpont\",\"isPartOf\":{\"@id\":\"https:\/\/karitaszkozpont.hu\/#website\"},\"datePublished\":\"2021-06-27T14:42:48+00:00\",\"dateModified\":\"2021-06-27T14:42:48+00:00\",\"breadcrumb\":{\"@id\":\"https:\/\/karitaszkozpont.hu\/?p=1268#breadcrumb\"},\"inLanguage\":\"hu\",\"potentialAction\":[{\"@type\":\"ReadAction\",\"target\":[\"https:\/\/karitaszkozpont.hu\/?p=1268\"]}]},{\"@type\":\"BreadcrumbList\",\"@id\":\"https:\/\/karitaszkozpont.hu\/?p=1268#breadcrumb\",\"itemListElement\":[{\"@type\":\"ListItem\",\"position\":1,\"name\":\"Kezd\u0151lap\",\"item\":\"https:\/\/karitaszkozpont.hu\/\"},{\"@type\":\"ListItem\",\"position\":2,\"name\":\"127. Karit\u00e1sz Egyperces\"}]},{\"@type\":\"WebSite\",\"@id\":\"https:\/\/karitaszkozpont.hu\/#website\",\"url\":\"https:\/\/karitaszkozpont.hu\/\",\"name\":\"Szent Erzs\u00e9bet Karit\u00e1sz K\u00f6zpont\",\"description\":\"Esztergom-Budapesti F\u0151egyh\u00e1zmegye\",\"publisher\":{\"@id\":\"https:\/\/karitaszkozpont.hu\/#organization\"},\"potentialAction\":[{\"@type\":\"SearchAction\",\"target\":{\"@type\":\"EntryPoint\",\"urlTemplate\":\"https:\/\/karitaszkozpont.hu\/?s={search_term_string}\"},\"query-input\":\"required name=search_term_string\"}],\"inLanguage\":\"hu\"},{\"@type\":\"Organization\",\"@id\":\"https:\/\/karitaszkozpont.hu\/#organization\",\"name\":\"Szent Erzs\u00e9bet Karit\u00e1sz K\u00f6zpont\",\"url\":\"https:\/\/karitaszkozpont.hu\/\",\"logo\":{\"@type\":\"ImageObject\",\"inLanguage\":\"hu\",\"@id\":\"https:\/\/karitaszkozpont.hu\/#\/schema\/logo\/image\/\",\"url\":\"https:\/\/karitaszkp.hu\/wp-content\/uploads\/2019\/06\/cropped-logo-arnyekos-1.png\",\"contentUrl\":\"https:\/\/karitaszkp.hu\/wp-content\/uploads\/2019\/06\/cropped-logo-arnyekos-1.png\",\"width\":240,\"height\":247,\"caption\":\"Szent Erzs\u00e9bet Karit\u00e1sz K\u00f6zpont\"},\"image\":{\"@id\":\"https:\/\/karitaszkozpont.hu\/#\/schema\/logo\/image\/\"}},{\"@type\":\"Person\",\"@id\":\"https:\/\/karitaszkozpont.hu\/#\/schema\/person\/0d9c28244c111914ea13bb1248775e57\",\"name\":\"Karit\u00e1sz K\u00f6zpont\",\"image\":{\"@type\":\"ImageObject\",\"inLanguage\":\"hu\",\"@id\":\"https:\/\/karitaszkozpont.hu\/#\/schema\/person\/image\/\",\"url\":\"https:\/\/secure.gravatar.com\/avatar\/1274acd7c62f3cac92d2b38aad20c71b?s=96&d=mm&r=g\",\"contentUrl\":\"https:\/\/secure.gravatar.com\/avatar\/1274acd7c62f3cac92d2b38aad20c71b?s=96&d=mm&r=g\",\"caption\":\"Karit\u00e1sz K\u00f6zpont\"},\"url\":\"https:\/\/karitaszkozpont.hu\/?author=1\"}]}<\/script>\n<!-- \/ Yoast SEO plugin. -->","yoast_head_json":{"title":"127. Karit\u00e1sz Egyperces - Szent Erzs\u00e9bet Karit\u00e1sz K\u00f6zpont","robots":{"index":"index","follow":"follow","max-snippet":"max-snippet:-1","max-image-preview":"max-image-preview:large","max-video-preview":"max-video-preview:-1"},"canonical":"https:\/\/karitaszkozpont.hu\/?p=1268","og_locale":"hu_HU","og_type":"article","og_title":"127. Karit\u00e1sz Egyperces - Szent Erzs\u00e9bet Karit\u00e1sz K\u00f6zpont","og_description":"127. Lelki \u00e9s anyagi javak \u201eA hal\u00e1lt nem Isten alkotta, \u0151 nem leli \u00f6r\u00f6m\u00e9t az \u00e9l\u0151k pusztul\u00e1s\u00e1ban. Hisz mindent az\u00e9rt teremtett, hogy legyen, \u00e9s a vil\u00e1gon minden teremtm\u00e9ny az \u00e9letet szolg\u00e1lja. Nincs benn\u00fck puszt\u00edt\u00f3 m\u00e9reg, \u00e9s a f\u00f6ld\u00f6n nem az alvil\u00e1g uralkodik. Az igazs\u00e1g ugyanis halhatatlan. Isten halhatatlans\u00e1gra teremtette az embert, a saj\u00e1t \u00f6r\u00f6kk\u00e9val\u00f3s\u00e1g\u00e1nak k\u00e9pm\u00e1s\u00e1v\u00e1 &hellip; Continue reading \"127. Karit\u00e1sz Egyperces\"","og_url":"https:\/\/karitaszkozpont.hu\/?p=1268","og_site_name":"Szent Erzs\u00e9bet Karit\u00e1sz K\u00f6zpont","article_published_time":"2021-06-27T14:42:48+00:00","og_image":[{"width":2300,"height":1528,"url":"https:\/\/karitaszkozpont.hu\/wp-content\/uploads\/2019\/07\/egyperceslogo.jpg","type":"image\/jpeg"}],"author":"Karit\u00e1sz K\u00f6zpont","twitter_card":"summary_large_image","twitter_misc":{"Szerz\u0151:":"Karit\u00e1sz K\u00f6zpont","Becs\u00fclt olvas\u00e1si id\u0151":"4 perc"},"schema":{"@context":"https:\/\/schema.org","@graph":[{"@type":"Article","@id":"https:\/\/karitaszkozpont.hu\/?p=1268#article","isPartOf":{"@id":"https:\/\/karitaszkozpont.hu\/?p=1268"},"author":{"name":"Karit\u00e1sz K\u00f6zpont","@id":"https:\/\/karitaszkozpont.hu\/#\/schema\/person\/0d9c28244c111914ea13bb1248775e57"},"headline":"127. Karit\u00e1sz Egyperces","datePublished":"2021-06-27T14:42:48+00:00","dateModified":"2021-06-27T14:42:48+00:00","mainEntityOfPage":{"@id":"https:\/\/karitaszkozpont.hu\/?p=1268"},"wordCount":1199,"commentCount":0,"publisher":{"@id":"https:\/\/karitaszkozpont.hu\/#organization"},"articleSection":["Egypercesek"],"inLanguage":"hu","potentialAction":[{"@type":"CommentAction","name":"Comment","target":["https:\/\/karitaszkozpont.hu\/?p=1268#respond"]}]},{"@type":"WebPage","@id":"https:\/\/karitaszkozpont.hu\/?p=1268","url":"https:\/\/karitaszkozpont.hu\/?p=1268","name":"127. Karit\u00e1sz Egyperces - Szent Erzs\u00e9bet Karit\u00e1sz K\u00f6zpont","isPartOf":{"@id":"https:\/\/karitaszkozpont.hu\/#website"},"datePublished":"2021-06-27T14:42:48+00:00","dateModified":"2021-06-27T14:42:48+00:00","breadcrumb":{"@id":"https:\/\/karitaszkozpont.hu\/?p=1268#breadcrumb"},"inLanguage":"hu","potentialAction":[{"@type":"ReadAction","target":["https:\/\/karitaszkozpont.hu\/?p=1268"]}]},{"@type":"BreadcrumbList","@id":"https:\/\/karitaszkozpont.hu\/?p=1268#breadcrumb","itemListElement":[{"@type":"ListItem","position":1,"name":"Kezd\u0151lap","item":"https:\/\/karitaszkozpont.hu\/"},{"@type":"ListItem","position":2,"name":"127. Karit\u00e1sz Egyperces"}]},{"@type":"WebSite","@id":"https:\/\/karitaszkozpont.hu\/#website","url":"https:\/\/karitaszkozpont.hu\/","name":"Szent Erzs\u00e9bet Karit\u00e1sz K\u00f6zpont","description":"Esztergom-Budapesti F\u0151egyh\u00e1zmegye","publisher":{"@id":"https:\/\/karitaszkozpont.hu\/#organization"},"potentialAction":[{"@type":"SearchAction","target":{"@type":"EntryPoint","urlTemplate":"https:\/\/karitaszkozpont.hu\/?s={search_term_string}"},"query-input":"required name=search_term_string"}],"inLanguage":"hu"},{"@type":"Organization","@id":"https:\/\/karitaszkozpont.hu\/#organization","name":"Szent Erzs\u00e9bet Karit\u00e1sz K\u00f6zpont","url":"https:\/\/karitaszkozpont.hu\/","logo":{"@type":"ImageObject","inLanguage":"hu","@id":"https:\/\/karitaszkozpont.hu\/#\/schema\/logo\/image\/","url":"https:\/\/karitaszkp.hu\/wp-content\/uploads\/2019\/06\/cropped-logo-arnyekos-1.png","contentUrl":"https:\/\/karitaszkp.hu\/wp-content\/uploads\/2019\/06\/cropped-logo-arnyekos-1.png","width":240,"height":247,"caption":"Szent Erzs\u00e9bet Karit\u00e1sz K\u00f6zpont"},"image":{"@id":"https:\/\/karitaszkozpont.hu\/#\/schema\/logo\/image\/"}},{"@type":"Person","@id":"https:\/\/karitaszkozpont.hu\/#\/schema\/person\/0d9c28244c111914ea13bb1248775e57","name":"Karit\u00e1sz K\u00f6zpont","image":{"@type":"ImageObject","inLanguage":"hu","@id":"https:\/\/karitaszkozpont.hu\/#\/schema\/person\/image\/","url":"https:\/\/secure.gravatar.com\/avatar\/1274acd7c62f3cac92d2b38aad20c71b?s=96&d=mm&r=g","contentUrl":"https:\/\/secure.gravatar.com\/avatar\/1274acd7c62f3cac92d2b38aad20c71b?s=96&d=mm&r=g","caption":"Karit\u00e1sz K\u00f6zpont"},"url":"https:\/\/karitaszkozpont.hu\/?author=1"}]}},"_links":{"self":[{"href":"https:\/\/karitaszkozpont.hu\/index.php?rest_route=\/wp\/v2\/posts\/1268"}],"collection":[{"href":"https:\/\/karitaszkozpont.hu\/index.php?rest_route=\/wp\/v2\/posts"}],"about":[{"href":"https:\/\/karitaszkozpont.hu\/index.php?rest_route=\/wp\/v2\/types\/post"}],"author":[{"embeddable":true,"href":"https:\/\/karitaszkozpont.hu\/index.php?rest_route=\/wp\/v2\/users\/1"}],"replies":[{"embeddable":true,"href":"https:\/\/karitaszkozpont.hu\/index.php?rest_route=%2Fwp%2Fv2%2Fcomments&post=1268"}],"version-history":[{"count":1,"href":"https:\/\/karitaszkozpont.hu\/index.php?rest_route=\/wp\/v2\/posts\/1268\/revisions"}],"predecessor-version":[{"id":1269,"href":"https:\/\/karitaszkozpont.hu\/index.php?rest_route=\/wp\/v2\/posts\/1268\/revisions\/1269"}],"wp:featuredmedia":[{"embeddable":true,"href":"https:\/\/karitaszkozpont.hu\/index.php?rest_route=\/wp\/v2\/media\/563"}],"wp:attachment":[{"href":"https:\/\/karitaszkozpont.hu\/index.php?rest_route=%2Fwp%2Fv2%2Fmedia&parent=1268"}],"wp:term":[{"taxonomy":"category","embeddable":true,"href":"https:\/\/karitaszkozpont.hu\/index.php?rest_route=%2Fwp%2Fv2%2Fcategories&post=1268"},{"taxonomy":"post_tag","embeddable":true,"href":"https:\/\/karitaszkozpont.hu\/index.php?rest_route=%2Fwp%2Fv2%2Ftags&post=1268"}],"curies":[{"name":"wp","href":"https:\/\/api.w.org\/{rel}","templated":true}]}}