{"id":1264,"date":"2021-06-21T07:43:07","date_gmt":"2021-06-21T05:43:07","guid":{"rendered":"http:\/\/karitaszkp.hu\/?p=1264"},"modified":"2021-06-21T07:43:08","modified_gmt":"2021-06-21T05:43:08","slug":"126-karitasz-egyperces","status":"publish","type":"post","link":"https:\/\/karitaszkozpont.hu\/?p=1264","title":{"rendered":"126. Karit\u00e1sz Egyperces"},"content":{"rendered":"\n<p class=\"has-white-color has-vivid-red-background-color has-text-color has-background has-large-font-size\"><strong>126. Krisztus szeretete s\u00fcrget<\/strong><\/p>\n\n\n\n<p><em>\u201e<\/em><em>Krisztus szeretete s\u00fcrget minket\u2026\u0151 az\u00e9rt halt meg mindenki\u00e9rt, hogy akik \u00e9lnek, ne maguknak \u00e9ljenek, hanem annak, aki \u00e9rt\u00fck meghalt \u00e9s felt\u00e1madt<\/em><em>.\u201d (2 Kor 5,14-17<\/em><em>)<\/em><\/p>\n\n\n\n<p>Kedves Karit\u00e1sz \u00d6nk\u00e9ntesek, Munkat\u00e1rsak, Testv\u00e9rek az \u00darban!<\/p>\n\n\n\n<p>Aki megismerte az Urat, az minden bizonnyal meg is szerette. Megismerni \u00e9s megszeretni egy folyamat r\u00e9szei. Eleje a megismer\u00e9s \u00e9s a v\u00e9ge a v\u00e9gtelen, a Szeretet. Gondoljunk csak vissza \u00e9let\u00fcnk kor\u00e1bbi szakaszaira, hogyan fejl\u0151d\u00f6tt ki a hit\u00fcnk! Hogyan kezdt\u00fck keresni, megismerni az Igazs\u00e1got, hogyan v\u00e1gytunk arra, hogy \u00e9let\u00fcnk c\u00e9lj\u00e1t, \u00e9rtelm\u00e9t megtal\u00e1ljuk? Az igazgy\u00f6ngy\u00f6t, a kincset, ami mindenn\u00e9l \u00e9rt\u00e9kesebb.<\/p>\n\n\n\n<p>Mindannyiunknak meg van a maga \u00e9let\u00fatja, ami v\u00e9g\u00fclis az egyetlen \u00dat, ami az Igazs\u00e1ghoz \u00e9s az \u00c9lethez vezet. Olykor ez az \u00fat girbe-gurba, eles\u00fcnk, visszaes\u00fcnk, de \u00fajra felkel\u00fcnk \u00e9s tov\u00e1bb megy\u00fcnk, elt\u00e9ved\u00fcnk, visszafordulunk, ellenkadunk, de \u00fajra er\u0151re kapunk\u2026 Tekints\u00fcnk vissza n\u00e9ha-n\u00e9ha, hogy honnan indultunk, hol vagyunk \u00e9s ellen\u0151rizz\u00fck, hogy biztos-e, hogy j\u00f3fel\u00e9 megy\u00fcnk!&nbsp;<strong>Adjunk h\u00e1l\u00e1t Istennek, hogy \u00d6nmag\u00e1hoz vezet!<\/strong><\/p>\n\n\n\n<p>Menn\u00e9l k\u00f6zelebb a c\u00e9l, ann\u00e1l nagyobb lesz a lelkesed\u00e9s\u00fcnk, ann\u00e1l ink\u00e1bb s\u00fcrget minket a v\u00e1gy, hogy beteljesedj\u00e9k benn\u00fcnk mindaz, amit az Isten megkezdett benn\u00fcnk. Mert bizony \u0150 ind\u00edtotta fel benn\u00fcnk a j\u00f3ra, a sz\u00e9pre, a szeretetre val\u00f3 v\u00e1gyat \u00e9s \u0150 a sz\u00edv\u00fcnk motorja. \u0150 az, aki Lelket \u00f6nt bel\u00e9nk, ha feladn\u00e1nk a k\u00fczdelmet a szeretet gy\u0151zelm\u00e9\u00e9rt.<\/p>\n\n\n\n<p>Krisztus szeretete azonban \u00fagy s\u00fcrget minket, hogy k\u00f6zben okoss\u00e1gra, b\u00f6lcsess\u00e9gre, t\u00fcrelemre, m\u00e9rt\u00e9kletess\u00e9gre is int.&nbsp;<strong>A s\u00fcrget\u00e9s nem azt jelenti, hogy mindent most azonnal akarok, hogy meglegyen, hanem azt, hogy mik\u00f6zben lelkesen keresem az igazs\u00e1got \u00e9s dolgozok \u00e9rte, engedelmes legyek \u00e9s maradjak. Nem az \u00e9n igazs\u00e1gom a l\u00e9nyeg<\/strong>&nbsp;(mert az torz \u00e9s nem is igaz), nem az a l\u00e9nyeg, hogy nekem van, vagy nekem legyen igazam,&nbsp;<strong>hanem az, hogy az egyetlen Igazs\u00e1g \u00e9rv\u00e9nyre jusson!<\/strong>&nbsp;M\u00e9ghozz\u00e1 \u00e1ltalam is \u00fagy, hogy&nbsp;<strong>meg tudjam k\u00fcl\u00f6nb\u00f6ztetni az \u00e9n saj\u00e1t akaratomat az Isten akarat\u00e1t\u00f3l<\/strong>, \u00e9s hagyjam, hogy ne az \u00e9n akaratom legyen meg, hanem az \u00d6v\u00e9.<\/p>\n\n\n\n<p>Neh\u00e9z \u00e9s emberileg lehetetlen feladat ez, kell a Szentl\u00e9lek seg\u00edts\u00e9ge hozz\u00e1, hogy tiszt\u00e1n l\u00e1ssunk \u00e9s j\u00f3l d\u00f6nts\u00fcnk. Maga az \u00dar a p\u00e9lda sz\u00e1munkra, aki&nbsp;<em>\u201eaz\u00e9rt halt meg mindenki\u00e9rt, hogy akik \u00e9lnek, ne maguknak \u00e9ljenek, hanem annak, aki \u00e9rt\u00fck meghalt \u00e9s felt\u00e1madt.\u201d&nbsp;<\/em>Az\u00e9rt halt meg, hogy mi \u00e9lj\u00fcnk, \u00f6r\u00f6kk\u00e9 boldogs\u00e1gban \u00e9s arra tan\u00edtott szav\u00e1m \u00e9s p\u00e9ld\u00e1j\u00e1n kereszt\u00fcl, hogy&nbsp;<strong>csak akkor lesz \u00e9let, \u00f6r\u00f6m, boldogs\u00e1g benn\u00fcnk, ha le tudunk mondani \u00f6nmagunkr\u00f3l m\u00e1sok\u00e9rt<\/strong>. Ha nem mi lesz\u00fcnk a legfontosabbak saj\u00e1t magunknak, hanem azok, akikkel kapcsolatba ker\u00fcl\u00fcnk. \u00cdgy m\u0171k\u00f6dik a h\u00e1zass\u00e1g, az egyh\u00e1z, a karit\u00e1sz \u00e9s minden olyan emberi k\u00f6z\u00f6ss\u00e9g, ami megmarad, ami nem esik sz\u00e9t, ha a szolg\u00e1l\u00f3 szeretet, az al\u00e1zat \u00e9s az engedelmess\u00e9g jellemzi.<\/p>\n\n\n\n<p>Megismerni a hozz\u00e1nk fordul\u00f3kat, a r\u00e1szorul\u00f3kat, a szeg\u00e9nyeket, azt jelenti, hogy meg akarjuk szeretni \u0151ket. Minden \u00e9let\u00fat m\u00e1s, minden szem\u00e9ly m\u00e1s tulajdons\u00e1gokkal rendelkezik, de&nbsp;<strong>mindenkinek egy a c\u00e9lja: boldognak lenni mind\u00f6r\u00f6kk\u00e9!<\/strong>&nbsp;Ez akkor is \u00edgy van, ha ezt valaki nem ismeri fel. A karit\u00e1sz szolg\u00e1latunk legf\u0151bb c\u00e9lja az, hogy r\u00e1vezess\u00fck testv\u00e9reineket, felebar\u00e1tainkat, Isten gyermekeit, hogy ismerj\u00e9k meg az Igazs\u00e1got, J\u00e9zust \u00e9s akarjanak vele k\u00f6z\u00f6ss\u00e9gben lenni, vele egy\u00fctt j\u00e1rni az igazs\u00e1g \u00fatj\u00e1n \u00e9s vele egy\u00fctt c\u00e9lba \u00e9rni!&nbsp;<strong>A gy\u0151zelem, a munk\u00e1nk sikere pedig abban \u00e1ll, ha b\u00e1rmilyen kis m\u00e9rt\u00e9kben is, de k\u00f6zrem\u0171k\u00f6d\u00fcnk Isten megismer\u00e9s\u00e9nek \u00e9s megszeret\u00e9s\u00e9nek folyamat\u00e1ban.<\/strong>&nbsp;Csod\u00e1latos \u00e9s nemes c\u00e9l ez \u00e9s Krisztus szeretete s\u00fcrget minket ennek a feladatnak az j\u00f3v\u00e9gre vitel\u00e9l\u00e9hez.<\/p>\n\n\n\n<p>Hirdet\u00e9sek:<\/p>\n\n\n\n<p>\u00b7&nbsp;&nbsp;&nbsp;&nbsp;&nbsp;&nbsp;&nbsp;&nbsp;&nbsp;A k\u00f6vetkez\u0151 karit\u00e1sz m\u0171sorunk a M\u00e1ria R\u00e1di\u00f3ban j\u00fanius 23-\u00e1n 10.50 \u00f3rakor kezd\u0151dik.<\/p>\n\n\n\n<p>\u00b7&nbsp;&nbsp;&nbsp;&nbsp;&nbsp;&nbsp;&nbsp;&nbsp;&nbsp;Kor\u00e1bbi m\u0171soraink itt hallgathat\u00f3k meg:&nbsp;<a href=\"https:\/\/www.mariaradio.hu\/musor\/4814\/Tevekeny_Szeretet\" target=\"_blank\" rel=\"noreferrer noopener\">https:\/\/www.mariaradio.hu\/musor\/4814\/Tevekeny_Szeretet<\/a><\/p>\n\n\n\n<p>\u00b7&nbsp;&nbsp;&nbsp;&nbsp;&nbsp;&nbsp;&nbsp;&nbsp;&nbsp;Felh\u00edvom mindenki figyelm\u00e9t, hogy a facebook- \u00e9s weboldalunkon folyamatosan friss\u00fclnek a h\u00edreink.&nbsp;<a href=\"http:\/\/www.karitaszkp.hu\/\" target=\"_blank\" rel=\"noreferrer noopener\">www.karitaszkp.hu<\/a>&nbsp;,&nbsp;<a href=\"https:\/\/www.facebook.com\/szenterzsebetkaritaszkozpont\" target=\"_blank\" rel=\"noreferrer noopener\">Esztergom-Budapesti F\u0151egyh\u00e1zmegye Szent Erzs\u00e9bet Karit\u00e1sz K\u00f6zpont | Facebook<\/a><\/p>\n\n\n\n<p>\u00b7&nbsp;&nbsp;&nbsp;&nbsp;&nbsp;&nbsp;&nbsp;&nbsp;&nbsp;A Szent Erzs\u00e9bet Karit\u00e1sz K\u00f6zpont k\u00e9r\u00e9s\u00e9re f\u0151tisztelend\u0151 Feldhoffer Antal pl\u00e9b\u00e1nos atya minden els\u0151 h\u00e9tf\u0151n 15.30-kor karit\u00e1sz szentmis\u00e9t mutat be a 1035 Budapest, III. ker. K\u00f3rh\u00e1z u. 37. sz\u00e1m alatti Szent J\u00f3zsef templomban. Misesz\u00e1nd\u00e9k: \u00e9l\u0151 \u00e9s elhunyt karit\u00e1szosok\u00e9rt. A k\u00f6vetkez\u0151 alkalom j\u00falius 5-\u00e9n lesz.<\/p>\n\n\n\n<p>Csorba G\u00e1bor<\/p>\n\n\n\n<p>\u00e1lland\u00f3 diak\u00f3nus, karit\u00e1sz igazgat\u00f3<\/p>\n\n\n\n<p>Esztergom-Budapesti F\u0151egyh\u00e1zmegye<\/p>\n\n\n\n<p>Szent Erzs\u00e9bet Karit\u00e1sz K\u00f6zpont<\/p>\n\n\n\n<p class=\"has-background\" style=\"background-color:#cacaca\">Iroda:&nbsp;<a href=\"https:\/\/www.google.com\/maps\/search\/1035+Budapest,+K%C3%B3rh%C3%A1z+utca+37?entry=gmail&amp;source=g\">1035 Budapest, K\u00f3rh\u00e1z utca 37<\/a>.<\/p>\n\n\n\n<p class=\"has-background\" style=\"background-color:#cacaca\">Telefon: +36-1-351-1977<\/p>\n\n\n\n<p class=\"has-background\" style=\"background-color:#cacaca\">Mobil: +36-30-592-1483<\/p>\n\n\n\n<p class=\"has-background\" style=\"background-color:#cacaca\">E-mail:&nbsp;<a href=\"mailto:szenterzsebet@karitaszkozpont.hu\" target=\"_blank\" rel=\"noreferrer noopener\">szenterzsebet@karitaszkozpont.hu<\/a><\/p>\n\n\n\n<p class=\"has-background\" style=\"background-color:#cacaca\">Honlap:&nbsp;<a href=\"http:\/\/www.karitaszkp.hu\/\" target=\"_blank\" rel=\"noreferrer noopener\">www.karitaszkp.hu<\/a><\/p>\n\n\n\n<p class=\"has-background\" style=\"background-color:#cacaca\">A kor\u00e1bbi egypercesek itt \u00e9rhet\u0151k el:&nbsp;<a href=\"https:\/\/karitaszegypercesek.blogspot.com\/\" target=\"_blank\" rel=\"noreferrer noopener\">https:\/\/karitaszegypercesek.blogspot.com\/<\/a><\/p>\n","protected":false},"excerpt":{"rendered":"<p>126. Krisztus szeretete s\u00fcrget \u201eKrisztus szeretete s\u00fcrget minket\u2026\u0151 az\u00e9rt halt meg mindenki\u00e9rt, hogy akik \u00e9lnek, ne maguknak \u00e9ljenek, hanem annak, aki \u00e9rt\u00fck meghalt \u00e9s felt\u00e1madt.\u201d (2 Kor 5,14-17) Kedves Karit\u00e1sz \u00d6nk\u00e9ntesek, Munkat\u00e1rsak, Testv\u00e9rek az \u00darban! Aki megismerte az Urat, az minden bizonnyal meg is szerette. Megismerni \u00e9s megszeretni egy folyamat r\u00e9szei. Eleje a megismer\u00e9s \u00e9s &hellip; <\/p>\n<p class=\"link-more\"><a href=\"https:\/\/karitaszkozpont.hu\/?p=1264\" class=\"more-link\">Continue reading<span class=\"screen-reader-text\"> &#8222;126. Karit\u00e1sz Egyperces&#8221;<\/span><\/a><\/p>\n","protected":false},"author":1,"featured_media":563,"comment_status":"open","ping_status":"open","sticky":false,"template":"","format":"standard","meta":[],"categories":[8],"tags":[],"yoast_head":"<!-- This site is optimized with the Yoast SEO plugin v20.1 - https:\/\/yoast.com\/wordpress\/plugins\/seo\/ -->\n<title>126. Karit\u00e1sz Egyperces - Szent Erzs\u00e9bet Karit\u00e1sz K\u00f6zpont<\/title>\n<meta name=\"robots\" content=\"index, follow, max-snippet:-1, max-image-preview:large, max-video-preview:-1\" \/>\n<link rel=\"canonical\" href=\"https:\/\/karitaszkozpont.hu\/?p=1264\" \/>\n<meta property=\"og:locale\" content=\"hu_HU\" \/>\n<meta property=\"og:type\" content=\"article\" \/>\n<meta property=\"og:title\" content=\"126. Karit\u00e1sz Egyperces - Szent Erzs\u00e9bet Karit\u00e1sz K\u00f6zpont\" \/>\n<meta property=\"og:description\" content=\"126. Krisztus szeretete s\u00fcrget \u201eKrisztus szeretete s\u00fcrget minket\u2026\u0151 az\u00e9rt halt meg mindenki\u00e9rt, hogy akik \u00e9lnek, ne maguknak \u00e9ljenek, hanem annak, aki \u00e9rt\u00fck meghalt \u00e9s felt\u00e1madt.\u201d (2 Kor 5,14-17) Kedves Karit\u00e1sz \u00d6nk\u00e9ntesek, Munkat\u00e1rsak, Testv\u00e9rek az \u00darban! Aki megismerte az Urat, az minden bizonnyal meg is szerette. Megismerni \u00e9s megszeretni egy folyamat r\u00e9szei. Eleje a megismer\u00e9s \u00e9s &hellip; Continue reading &quot;126. Karit\u00e1sz Egyperces&quot;\" \/>\n<meta property=\"og:url\" content=\"https:\/\/karitaszkozpont.hu\/?p=1264\" \/>\n<meta property=\"og:site_name\" content=\"Szent Erzs\u00e9bet Karit\u00e1sz K\u00f6zpont\" \/>\n<meta property=\"article:published_time\" content=\"2021-06-21T05:43:07+00:00\" \/>\n<meta property=\"article:modified_time\" content=\"2021-06-21T05:43:08+00:00\" \/>\n<meta property=\"og:image\" content=\"https:\/\/karitaszkozpont.hu\/wp-content\/uploads\/2019\/07\/egyperceslogo.jpg\" \/>\n\t<meta property=\"og:image:width\" content=\"2300\" \/>\n\t<meta property=\"og:image:height\" content=\"1528\" \/>\n\t<meta property=\"og:image:type\" content=\"image\/jpeg\" \/>\n<meta name=\"author\" content=\"Karit\u00e1sz K\u00f6zpont\" \/>\n<meta name=\"twitter:card\" content=\"summary_large_image\" \/>\n<meta name=\"twitter:label1\" content=\"Szerz\u0151:\" \/>\n\t<meta name=\"twitter:data1\" content=\"Karit\u00e1sz K\u00f6zpont\" \/>\n\t<meta name=\"twitter:label2\" content=\"Becs\u00fclt olvas\u00e1si id\u0151\" \/>\n\t<meta name=\"twitter:data2\" content=\"3 perc\" \/>\n<script type=\"application\/ld+json\" class=\"yoast-schema-graph\">{\"@context\":\"https:\/\/schema.org\",\"@graph\":[{\"@type\":\"Article\",\"@id\":\"https:\/\/karitaszkozpont.hu\/?p=1264#article\",\"isPartOf\":{\"@id\":\"https:\/\/karitaszkozpont.hu\/?p=1264\"},\"author\":{\"name\":\"Karit\u00e1sz K\u00f6zpont\",\"@id\":\"https:\/\/karitaszkozpont.hu\/#\/schema\/person\/0d9c28244c111914ea13bb1248775e57\"},\"headline\":\"126. Karit\u00e1sz Egyperces\",\"datePublished\":\"2021-06-21T05:43:07+00:00\",\"dateModified\":\"2021-06-21T05:43:08+00:00\",\"mainEntityOfPage\":{\"@id\":\"https:\/\/karitaszkozpont.hu\/?p=1264\"},\"wordCount\":979,\"commentCount\":0,\"publisher\":{\"@id\":\"https:\/\/karitaszkozpont.hu\/#organization\"},\"articleSection\":[\"Egypercesek\"],\"inLanguage\":\"hu\",\"potentialAction\":[{\"@type\":\"CommentAction\",\"name\":\"Comment\",\"target\":[\"https:\/\/karitaszkozpont.hu\/?p=1264#respond\"]}]},{\"@type\":\"WebPage\",\"@id\":\"https:\/\/karitaszkozpont.hu\/?p=1264\",\"url\":\"https:\/\/karitaszkozpont.hu\/?p=1264\",\"name\":\"126. Karit\u00e1sz Egyperces - Szent Erzs\u00e9bet Karit\u00e1sz K\u00f6zpont\",\"isPartOf\":{\"@id\":\"https:\/\/karitaszkozpont.hu\/#website\"},\"datePublished\":\"2021-06-21T05:43:07+00:00\",\"dateModified\":\"2021-06-21T05:43:08+00:00\",\"breadcrumb\":{\"@id\":\"https:\/\/karitaszkozpont.hu\/?p=1264#breadcrumb\"},\"inLanguage\":\"hu\",\"potentialAction\":[{\"@type\":\"ReadAction\",\"target\":[\"https:\/\/karitaszkozpont.hu\/?p=1264\"]}]},{\"@type\":\"BreadcrumbList\",\"@id\":\"https:\/\/karitaszkozpont.hu\/?p=1264#breadcrumb\",\"itemListElement\":[{\"@type\":\"ListItem\",\"position\":1,\"name\":\"Kezd\u0151lap\",\"item\":\"https:\/\/karitaszkozpont.hu\/\"},{\"@type\":\"ListItem\",\"position\":2,\"name\":\"126. Karit\u00e1sz Egyperces\"}]},{\"@type\":\"WebSite\",\"@id\":\"https:\/\/karitaszkozpont.hu\/#website\",\"url\":\"https:\/\/karitaszkozpont.hu\/\",\"name\":\"Szent Erzs\u00e9bet Karit\u00e1sz K\u00f6zpont\",\"description\":\"Esztergom-Budapesti F\u0151egyh\u00e1zmegye\",\"publisher\":{\"@id\":\"https:\/\/karitaszkozpont.hu\/#organization\"},\"potentialAction\":[{\"@type\":\"SearchAction\",\"target\":{\"@type\":\"EntryPoint\",\"urlTemplate\":\"https:\/\/karitaszkozpont.hu\/?s={search_term_string}\"},\"query-input\":\"required name=search_term_string\"}],\"inLanguage\":\"hu\"},{\"@type\":\"Organization\",\"@id\":\"https:\/\/karitaszkozpont.hu\/#organization\",\"name\":\"Szent Erzs\u00e9bet Karit\u00e1sz K\u00f6zpont\",\"url\":\"https:\/\/karitaszkozpont.hu\/\",\"logo\":{\"@type\":\"ImageObject\",\"inLanguage\":\"hu\",\"@id\":\"https:\/\/karitaszkozpont.hu\/#\/schema\/logo\/image\/\",\"url\":\"https:\/\/karitaszkp.hu\/wp-content\/uploads\/2019\/06\/cropped-logo-arnyekos-1.png\",\"contentUrl\":\"https:\/\/karitaszkp.hu\/wp-content\/uploads\/2019\/06\/cropped-logo-arnyekos-1.png\",\"width\":240,\"height\":247,\"caption\":\"Szent Erzs\u00e9bet Karit\u00e1sz K\u00f6zpont\"},\"image\":{\"@id\":\"https:\/\/karitaszkozpont.hu\/#\/schema\/logo\/image\/\"}},{\"@type\":\"Person\",\"@id\":\"https:\/\/karitaszkozpont.hu\/#\/schema\/person\/0d9c28244c111914ea13bb1248775e57\",\"name\":\"Karit\u00e1sz K\u00f6zpont\",\"image\":{\"@type\":\"ImageObject\",\"inLanguage\":\"hu\",\"@id\":\"https:\/\/karitaszkozpont.hu\/#\/schema\/person\/image\/\",\"url\":\"https:\/\/secure.gravatar.com\/avatar\/1274acd7c62f3cac92d2b38aad20c71b?s=96&d=mm&r=g\",\"contentUrl\":\"https:\/\/secure.gravatar.com\/avatar\/1274acd7c62f3cac92d2b38aad20c71b?s=96&d=mm&r=g\",\"caption\":\"Karit\u00e1sz K\u00f6zpont\"},\"url\":\"https:\/\/karitaszkozpont.hu\/?author=1\"}]}<\/script>\n<!-- \/ Yoast SEO plugin. -->","yoast_head_json":{"title":"126. Karit\u00e1sz Egyperces - Szent Erzs\u00e9bet Karit\u00e1sz K\u00f6zpont","robots":{"index":"index","follow":"follow","max-snippet":"max-snippet:-1","max-image-preview":"max-image-preview:large","max-video-preview":"max-video-preview:-1"},"canonical":"https:\/\/karitaszkozpont.hu\/?p=1264","og_locale":"hu_HU","og_type":"article","og_title":"126. Karit\u00e1sz Egyperces - Szent Erzs\u00e9bet Karit\u00e1sz K\u00f6zpont","og_description":"126. Krisztus szeretete s\u00fcrget \u201eKrisztus szeretete s\u00fcrget minket\u2026\u0151 az\u00e9rt halt meg mindenki\u00e9rt, hogy akik \u00e9lnek, ne maguknak \u00e9ljenek, hanem annak, aki \u00e9rt\u00fck meghalt \u00e9s felt\u00e1madt.\u201d (2 Kor 5,14-17) Kedves Karit\u00e1sz \u00d6nk\u00e9ntesek, Munkat\u00e1rsak, Testv\u00e9rek az \u00darban! Aki megismerte az Urat, az minden bizonnyal meg is szerette. Megismerni \u00e9s megszeretni egy folyamat r\u00e9szei. Eleje a megismer\u00e9s \u00e9s &hellip; Continue reading \"126. Karit\u00e1sz Egyperces\"","og_url":"https:\/\/karitaszkozpont.hu\/?p=1264","og_site_name":"Szent Erzs\u00e9bet Karit\u00e1sz K\u00f6zpont","article_published_time":"2021-06-21T05:43:07+00:00","article_modified_time":"2021-06-21T05:43:08+00:00","og_image":[{"width":2300,"height":1528,"url":"https:\/\/karitaszkozpont.hu\/wp-content\/uploads\/2019\/07\/egyperceslogo.jpg","type":"image\/jpeg"}],"author":"Karit\u00e1sz K\u00f6zpont","twitter_card":"summary_large_image","twitter_misc":{"Szerz\u0151:":"Karit\u00e1sz K\u00f6zpont","Becs\u00fclt olvas\u00e1si id\u0151":"3 perc"},"schema":{"@context":"https:\/\/schema.org","@graph":[{"@type":"Article","@id":"https:\/\/karitaszkozpont.hu\/?p=1264#article","isPartOf":{"@id":"https:\/\/karitaszkozpont.hu\/?p=1264"},"author":{"name":"Karit\u00e1sz K\u00f6zpont","@id":"https:\/\/karitaszkozpont.hu\/#\/schema\/person\/0d9c28244c111914ea13bb1248775e57"},"headline":"126. Karit\u00e1sz Egyperces","datePublished":"2021-06-21T05:43:07+00:00","dateModified":"2021-06-21T05:43:08+00:00","mainEntityOfPage":{"@id":"https:\/\/karitaszkozpont.hu\/?p=1264"},"wordCount":979,"commentCount":0,"publisher":{"@id":"https:\/\/karitaszkozpont.hu\/#organization"},"articleSection":["Egypercesek"],"inLanguage":"hu","potentialAction":[{"@type":"CommentAction","name":"Comment","target":["https:\/\/karitaszkozpont.hu\/?p=1264#respond"]}]},{"@type":"WebPage","@id":"https:\/\/karitaszkozpont.hu\/?p=1264","url":"https:\/\/karitaszkozpont.hu\/?p=1264","name":"126. Karit\u00e1sz Egyperces - Szent Erzs\u00e9bet Karit\u00e1sz K\u00f6zpont","isPartOf":{"@id":"https:\/\/karitaszkozpont.hu\/#website"},"datePublished":"2021-06-21T05:43:07+00:00","dateModified":"2021-06-21T05:43:08+00:00","breadcrumb":{"@id":"https:\/\/karitaszkozpont.hu\/?p=1264#breadcrumb"},"inLanguage":"hu","potentialAction":[{"@type":"ReadAction","target":["https:\/\/karitaszkozpont.hu\/?p=1264"]}]},{"@type":"BreadcrumbList","@id":"https:\/\/karitaszkozpont.hu\/?p=1264#breadcrumb","itemListElement":[{"@type":"ListItem","position":1,"name":"Kezd\u0151lap","item":"https:\/\/karitaszkozpont.hu\/"},{"@type":"ListItem","position":2,"name":"126. Karit\u00e1sz Egyperces"}]},{"@type":"WebSite","@id":"https:\/\/karitaszkozpont.hu\/#website","url":"https:\/\/karitaszkozpont.hu\/","name":"Szent Erzs\u00e9bet Karit\u00e1sz K\u00f6zpont","description":"Esztergom-Budapesti F\u0151egyh\u00e1zmegye","publisher":{"@id":"https:\/\/karitaszkozpont.hu\/#organization"},"potentialAction":[{"@type":"SearchAction","target":{"@type":"EntryPoint","urlTemplate":"https:\/\/karitaszkozpont.hu\/?s={search_term_string}"},"query-input":"required name=search_term_string"}],"inLanguage":"hu"},{"@type":"Organization","@id":"https:\/\/karitaszkozpont.hu\/#organization","name":"Szent Erzs\u00e9bet Karit\u00e1sz K\u00f6zpont","url":"https:\/\/karitaszkozpont.hu\/","logo":{"@type":"ImageObject","inLanguage":"hu","@id":"https:\/\/karitaszkozpont.hu\/#\/schema\/logo\/image\/","url":"https:\/\/karitaszkp.hu\/wp-content\/uploads\/2019\/06\/cropped-logo-arnyekos-1.png","contentUrl":"https:\/\/karitaszkp.hu\/wp-content\/uploads\/2019\/06\/cropped-logo-arnyekos-1.png","width":240,"height":247,"caption":"Szent Erzs\u00e9bet Karit\u00e1sz K\u00f6zpont"},"image":{"@id":"https:\/\/karitaszkozpont.hu\/#\/schema\/logo\/image\/"}},{"@type":"Person","@id":"https:\/\/karitaszkozpont.hu\/#\/schema\/person\/0d9c28244c111914ea13bb1248775e57","name":"Karit\u00e1sz K\u00f6zpont","image":{"@type":"ImageObject","inLanguage":"hu","@id":"https:\/\/karitaszkozpont.hu\/#\/schema\/person\/image\/","url":"https:\/\/secure.gravatar.com\/avatar\/1274acd7c62f3cac92d2b38aad20c71b?s=96&d=mm&r=g","contentUrl":"https:\/\/secure.gravatar.com\/avatar\/1274acd7c62f3cac92d2b38aad20c71b?s=96&d=mm&r=g","caption":"Karit\u00e1sz K\u00f6zpont"},"url":"https:\/\/karitaszkozpont.hu\/?author=1"}]}},"_links":{"self":[{"href":"https:\/\/karitaszkozpont.hu\/index.php?rest_route=\/wp\/v2\/posts\/1264"}],"collection":[{"href":"https:\/\/karitaszkozpont.hu\/index.php?rest_route=\/wp\/v2\/posts"}],"about":[{"href":"https:\/\/karitaszkozpont.hu\/index.php?rest_route=\/wp\/v2\/types\/post"}],"author":[{"embeddable":true,"href":"https:\/\/karitaszkozpont.hu\/index.php?rest_route=\/wp\/v2\/users\/1"}],"replies":[{"embeddable":true,"href":"https:\/\/karitaszkozpont.hu\/index.php?rest_route=%2Fwp%2Fv2%2Fcomments&post=1264"}],"version-history":[{"count":1,"href":"https:\/\/karitaszkozpont.hu\/index.php?rest_route=\/wp\/v2\/posts\/1264\/revisions"}],"predecessor-version":[{"id":1265,"href":"https:\/\/karitaszkozpont.hu\/index.php?rest_route=\/wp\/v2\/posts\/1264\/revisions\/1265"}],"wp:featuredmedia":[{"embeddable":true,"href":"https:\/\/karitaszkozpont.hu\/index.php?rest_route=\/wp\/v2\/media\/563"}],"wp:attachment":[{"href":"https:\/\/karitaszkozpont.hu\/index.php?rest_route=%2Fwp%2Fv2%2Fmedia&parent=1264"}],"wp:term":[{"taxonomy":"category","embeddable":true,"href":"https:\/\/karitaszkozpont.hu\/index.php?rest_route=%2Fwp%2Fv2%2Fcategories&post=1264"},{"taxonomy":"post_tag","embeddable":true,"href":"https:\/\/karitaszkozpont.hu\/index.php?rest_route=%2Fwp%2Fv2%2Ftags&post=1264"}],"curies":[{"name":"wp","href":"https:\/\/api.w.org\/{rel}","templated":true}]}}